{"id":10035,"date":"2019-08-01T11:35:49","date_gmt":"2019-08-01T09:35:49","guid":{"rendered":"https:\/\/oui-oui.es\/blog\/?p=10035"},"modified":"2019-08-02T07:55:51","modified_gmt":"2019-08-02T05:55:51","slug":"decorar-y-organizar-la-zona-de-lavado-y-secado","status":"publish","type":"post","link":"https:\/\/oui-oui.es\/blog\/decorar-y-organizar-la-zona-de-lavado-y-secado\/","title":{"rendered":"Decorar y organizar la zona de lavado y secado"},"content":{"rendered":"\n<figure class=\"wp-block-image\"><img loading=\"lazy\" decoding=\"async\" width=\"1024\" height=\"768\" src=\"https:\/\/oui-oui.es\/blog\/wp-content\/uploads\/2019\/08\/Oui-Ouilacvadora-electrolux-la-mejor-secadora-secadora-electrolux-lapiz-quita-manchas-zona-lavado-deco-3-1024x768.jpg\" alt=\"\" class=\"wp-image-10042\" srcset=\"https:\/\/oui-oui.es\/blog\/wp-content\/uploads\/2019\/08\/Oui-Ouilacvadora-electrolux-la-mejor-secadora-secadora-electrolux-lapiz-quita-manchas-zona-lavado-deco-3-1024x768.jpg 1024w, https:\/\/oui-oui.es\/blog\/wp-content\/uploads\/2019\/08\/Oui-Ouilacvadora-electrolux-la-mejor-secadora-secadora-electrolux-lapiz-quita-manchas-zona-lavado-deco-3-300x225.jpg 300w, https:\/\/oui-oui.es\/blog\/wp-content\/uploads\/2019\/08\/Oui-Ouilacvadora-electrolux-la-mejor-secadora-secadora-electrolux-lapiz-quita-manchas-zona-lavado-deco-3-768x576.jpg 768w, https:\/\/oui-oui.es\/blog\/wp-content\/uploads\/2019\/08\/Oui-Ouilacvadora-electrolux-la-mejor-secadora-secadora-electrolux-lapiz-quita-manchas-zona-lavado-deco-3-600x450.jpg 600w, https:\/\/oui-oui.es\/blog\/wp-content\/uploads\/2019\/08\/Oui-Ouilacvadora-electrolux-la-mejor-secadora-secadora-electrolux-lapiz-quita-manchas-zona-lavado-deco-3-640x480.jpg 640w\" sizes=\"auto, (max-width: 1024px) 100vw, 1024px\" \/><\/figure>\n\n\n\n<p>\u00a1Por fin la casa empieza a estar terminada! (aunque quedan detalles que me gusta que se vayan conformando con el tiempo, con el uso y nuestras necesidades), pero -casi- todo est\u00e1 terminado o encargado para terminarse as\u00ed que puedo ir compartiendo algunas estancias. Empezar\u00e9 por <strong>la zona de lavado y secado<\/strong>, la t\u00edpica terraza de tender al lado de la cocina que, a partir de una idea con el papel de pared, decidimos que le dar\u00edamos un <strong>toque diferente a un tendedero, con el papel pintado en el techo, tiradores dorados, etc&#8230;<\/strong><\/p>\n\n\n\n<p>La idea del <strong>papel pintado en el techo<\/strong> se me ocurri\u00f3 cuando, mirando papeles, <strong>me gustaban tantos que me faltaban estancias para ponerlos<\/strong>, tuve un <strong>flechazo <\/strong>con un <strong>papel pintado de nubes<\/strong> <strong>de Sanderson<\/strong> y me lo imagin\u00e9 en el techo del tendedero, pero resulta que estaba pintado para ser colocado en vertical, no en horizontal y no me cuadraba.<\/p>\n\n\n\n<figure class=\"wp-block-image\"><img loading=\"lazy\" decoding=\"async\" width=\"1024\" height=\"768\" src=\"https:\/\/oui-oui.es\/blog\/wp-content\/uploads\/2019\/08\/Oui-Oui-papel-de-pared-nubes-dise\u00f1o-sanderson-papel-pintado-nubes-dise\u00f1o-cloud-wallpaper-1024x768.jpg\" alt=\"\" class=\"wp-image-10046\" srcset=\"https:\/\/oui-oui.es\/blog\/wp-content\/uploads\/2019\/08\/Oui-Oui-papel-de-pared-nubes-dise\u00f1o-sanderson-papel-pintado-nubes-dise\u00f1o-cloud-wallpaper-1024x768.jpg 1024w, https:\/\/oui-oui.es\/blog\/wp-content\/uploads\/2019\/08\/Oui-Oui-papel-de-pared-nubes-dise\u00f1o-sanderson-papel-pintado-nubes-dise\u00f1o-cloud-wallpaper-300x225.jpg 300w, https:\/\/oui-oui.es\/blog\/wp-content\/uploads\/2019\/08\/Oui-Oui-papel-de-pared-nubes-dise\u00f1o-sanderson-papel-pintado-nubes-dise\u00f1o-cloud-wallpaper-768x576.jpg 768w, https:\/\/oui-oui.es\/blog\/wp-content\/uploads\/2019\/08\/Oui-Oui-papel-de-pared-nubes-dise\u00f1o-sanderson-papel-pintado-nubes-dise\u00f1o-cloud-wallpaper-600x450.jpg 600w, https:\/\/oui-oui.es\/blog\/wp-content\/uploads\/2019\/08\/Oui-Oui-papel-de-pared-nubes-dise\u00f1o-sanderson-papel-pintado-nubes-dise\u00f1o-cloud-wallpaper-640x480.jpg 640w, https:\/\/oui-oui.es\/blog\/wp-content\/uploads\/2019\/08\/Oui-Oui-papel-de-pared-nubes-dise\u00f1o-sanderson-papel-pintado-nubes-dise\u00f1o-cloud-wallpaper.jpg 1800w\" sizes=\"auto, (max-width: 1024px) 100vw, 1024px\" \/><\/figure>\n\n\n\n<p>Con la idea ya en la cabeza de poner <strong>papel pintado en el techo<\/strong> pas\u00e9 a la lista de papeles que me gustaban pero que no ten\u00eda espacio para colocar, y en ella estaba \u00e9ste de <strong>oct\u00f3gonos en dorado y negro de Cole &amp; Son<\/strong>, a partir de ah\u00ed me imagin\u00e9 una <strong>zona de lavado en blanco, negro y dorado<\/strong>. Es una zona de lavado peque\u00f1a y estrechita, pero quer\u00edamos darle el toque.<\/p>\n\n\n\n<figure class=\"wp-block-image\"><img loading=\"lazy\" decoding=\"async\" width=\"1024\" height=\"683\" src=\"https:\/\/oui-oui.es\/blog\/wp-content\/uploads\/2019\/08\/Oui-Oui-reforma-mercedes-arsuaga-elena-bau-fotograf\u00eda-65-1024x683.jpg\" alt=\"\" class=\"wp-image-10036\" srcset=\"https:\/\/oui-oui.es\/blog\/wp-content\/uploads\/2019\/08\/Oui-Oui-reforma-mercedes-arsuaga-elena-bau-fotograf\u00eda-65-1024x683.jpg 1024w, https:\/\/oui-oui.es\/blog\/wp-content\/uploads\/2019\/08\/Oui-Oui-reforma-mercedes-arsuaga-elena-bau-fotograf\u00eda-65-300x200.jpg 300w, https:\/\/oui-oui.es\/blog\/wp-content\/uploads\/2019\/08\/Oui-Oui-reforma-mercedes-arsuaga-elena-bau-fotograf\u00eda-65-768x512.jpg 768w, https:\/\/oui-oui.es\/blog\/wp-content\/uploads\/2019\/08\/Oui-Oui-reforma-mercedes-arsuaga-elena-bau-fotograf\u00eda-65-600x400.jpg 600w, https:\/\/oui-oui.es\/blog\/wp-content\/uploads\/2019\/08\/Oui-Oui-reforma-mercedes-arsuaga-elena-bau-fotograf\u00eda-65-640x427.jpg 640w\" sizes=\"auto, (max-width: 1024px) 100vw, 1024px\" \/><figcaption>Foto de Elena Bau Fotograf\u00eda<\/figcaption><\/figure>\n\n\n\n<p>Contaba con la <strong><a rel=\"noreferrer noopener\" aria-label=\" (opens in a new tab)\" href=\"https:\/\/www.electrolux.es\/laundry\/laundry\/washing-machines\/\" target=\"_blank\">lavadora y la secadora de Electrolux<\/a><\/strong> y, a partir de ellas, <strong>dise\u00f1amos un armario a medida<\/strong> para la tabla de la plancha, la aspiradora, escoba y dem\u00e1s cosas de limpieza. Si vas a dise\u00f1ar un armario (de cualquier tipo) te recomiendo que <strong>pienses lo que vas a meter y si puedes concretar en las cajas que utilizar\u00e1s<\/strong> (por ejemplo yo iba a poner nuestras <strong><a rel=\"noreferrer noopener\" aria-label=\" (opens in a new tab)\" href=\"https:\/\/www.oui-oui.es\/organizacion\/1477-caja-plegable-multiusos.html\" target=\"_blank\">cajas de almacenaje plegables<\/a><\/strong>), las medidas y en funci\u00f3n de eso decidas la altura de los estantes.<\/p>\n\n\n\n<p>En este caso, dej\u00e9 un hueco encima de la <strong><a href=\"https:\/\/www.electrolux.es\/laundry\/laundry\/dryers\/\" target=\"_blank\" rel=\"noreferrer noopener\" aria-label=\" (opens in a new tab)\">secadora<\/a> <\/strong>porque hay un complemento de <strong>Electrolux <\/strong>para la lavadora que me encanta, un <strong><a rel=\"noreferrer noopener\" aria-label=\" (opens in a new tab)\" href=\"https:\/\/shop.electrolux.es\/lavado\/secadoras-de-tambor\/accesorios\/kit-de-superposicion-con-estante-deslizante\/p\/9029797959\" target=\"_blank\">caj\u00f3n del que sale una balda para apoyar la ropa que est\u00e1s sacando.<\/a><\/strong><\/p>\n\n\n\n<figure class=\"wp-block-image\"><img loading=\"lazy\" decoding=\"async\" width=\"1024\" height=\"571\" src=\"https:\/\/oui-oui.es\/blog\/wp-content\/uploads\/2019\/08\/Oui-Oui-kit-bandeja-lavadora-secadora-Electrolux-bandeja-para-ropa-encima-de-la-lavadora-1024x571.jpeg\" alt=\"\" class=\"wp-image-10047\" srcset=\"https:\/\/oui-oui.es\/blog\/wp-content\/uploads\/2019\/08\/Oui-Oui-kit-bandeja-lavadora-secadora-Electrolux-bandeja-para-ropa-encima-de-la-lavadora-1024x571.jpeg 1024w, https:\/\/oui-oui.es\/blog\/wp-content\/uploads\/2019\/08\/Oui-Oui-kit-bandeja-lavadora-secadora-Electrolux-bandeja-para-ropa-encima-de-la-lavadora-300x167.jpeg 300w, https:\/\/oui-oui.es\/blog\/wp-content\/uploads\/2019\/08\/Oui-Oui-kit-bandeja-lavadora-secadora-Electrolux-bandeja-para-ropa-encima-de-la-lavadora-768x428.jpeg 768w, https:\/\/oui-oui.es\/blog\/wp-content\/uploads\/2019\/08\/Oui-Oui-kit-bandeja-lavadora-secadora-Electrolux-bandeja-para-ropa-encima-de-la-lavadora-600x334.jpeg 600w, https:\/\/oui-oui.es\/blog\/wp-content\/uploads\/2019\/08\/Oui-Oui-kit-bandeja-lavadora-secadora-Electrolux-bandeja-para-ropa-encima-de-la-lavadora-500x280.jpeg 500w, https:\/\/oui-oui.es\/blog\/wp-content\/uploads\/2019\/08\/Oui-Oui-kit-bandeja-lavadora-secadora-Electrolux-bandeja-para-ropa-encima-de-la-lavadora-640x357.jpeg 640w, https:\/\/oui-oui.es\/blog\/wp-content\/uploads\/2019\/08\/Oui-Oui-kit-bandeja-lavadora-secadora-Electrolux-bandeja-para-ropa-encima-de-la-lavadora.jpeg 1170w\" sizes=\"auto, (max-width: 1024px) 100vw, 1024px\" \/><\/figure>\n\n\n\n<p>Que, por cierto, escribiendo este post acabo de descubrir este otro complemento, un <strong><a rel=\"noreferrer noopener\" aria-label=\" (opens in a new tab)\" href=\"https:\/\/shop.electrolux.es\/lavado\/lavadoras\/accesorios\/pedestal-con-cajon-para-lavadoras-y-secadoras\/p\/9029798015\" target=\"_blank\">pedestal con<\/a><\/strong><a rel=\"noreferrer noopener\" aria-label=\" (opens in a new tab)\" href=\"https:\/\/shop.electrolux.es\/lavado\/lavadoras\/accesorios\/pedestal-con-cajon-para-lavadoras-y-secadoras\/p\/9029798015\" target=\"_blank\"> <\/a><strong><a rel=\"noreferrer noopener\" aria-label=\" (opens in a new tab)\" href=\"https:\/\/shop.electrolux.es\/lavado\/lavadoras\/accesorios\/pedestal-con-cajon-para-lavadoras-y-secadoras\/p\/9029798015\" target=\"_blank\">caj\u00f3n  para los detergentes para poner debajo de la lavadora<\/a><\/strong> que me parece fant\u00e1stico. Soy muy fan de estos gadgets! y es importante tenerlos en cuanta ANTES de pensar la obra\/mueble que vayas a hacer.<\/p>\n\n\n\n<figure class=\"wp-block-image\"><img loading=\"lazy\" decoding=\"async\" width=\"700\" height=\"700\" src=\"https:\/\/oui-oui.es\/blog\/wp-content\/uploads\/2019\/08\/Oui-Oui-pedestal-caj\u00f3n-lavadora-y-secadora-electrolux-orden-zona-lavado-trucos-para-organizar-lavadora.jpg\" alt=\"\" class=\"wp-image-10038\" srcset=\"https:\/\/oui-oui.es\/blog\/wp-content\/uploads\/2019\/08\/Oui-Oui-pedestal-caj\u00f3n-lavadora-y-secadora-electrolux-orden-zona-lavado-trucos-para-organizar-lavadora.jpg 700w, https:\/\/oui-oui.es\/blog\/wp-content\/uploads\/2019\/08\/Oui-Oui-pedestal-caj\u00f3n-lavadora-y-secadora-electrolux-orden-zona-lavado-trucos-para-organizar-lavadora-150x150.jpg 150w, https:\/\/oui-oui.es\/blog\/wp-content\/uploads\/2019\/08\/Oui-Oui-pedestal-caj\u00f3n-lavadora-y-secadora-electrolux-orden-zona-lavado-trucos-para-organizar-lavadora-300x300.jpg 300w, https:\/\/oui-oui.es\/blog\/wp-content\/uploads\/2019\/08\/Oui-Oui-pedestal-caj\u00f3n-lavadora-y-secadora-electrolux-orden-zona-lavado-trucos-para-organizar-lavadora-600x600.jpg 600w, https:\/\/oui-oui.es\/blog\/wp-content\/uploads\/2019\/08\/Oui-Oui-pedestal-caj\u00f3n-lavadora-y-secadora-electrolux-orden-zona-lavado-trucos-para-organizar-lavadora-640x640.jpg 640w\" sizes=\"auto, (max-width: 700px) 100vw, 700px\" \/><\/figure>\n\n\n\n<p>Encima dej\u00e9 un hueco con las medidas de las <strong><a href=\"https:\/\/www.oui-oui.es\/organizacion\/1477-caja-plegable-multiusos.html\" target=\"_blank\" rel=\"noreferrer noopener\" aria-label=\" (opens in a new tab)\">cajas de almacenaje plegables<\/a><\/strong> que tenemos en la tienda para meter esas cosas varias que siempre tienes pero que de aspecto de ordenado desde fuera.<\/p>\n\n\n\n<figure class=\"wp-block-image\"><img loading=\"lazy\" decoding=\"async\" width=\"1024\" height=\"768\" src=\"https:\/\/oui-oui.es\/blog\/wp-content\/uploads\/2019\/08\/Oui-Oui-cajas-almacenaje-armario-lavado-cajas-plegables-almacenaje-como-dise\u00f1ar-un-armario-lavander\u00eda-1024x768.jpg\" alt=\"\" class=\"wp-image-10048\" srcset=\"https:\/\/oui-oui.es\/blog\/wp-content\/uploads\/2019\/08\/Oui-Oui-cajas-almacenaje-armario-lavado-cajas-plegables-almacenaje-como-dise\u00f1ar-un-armario-lavander\u00eda-1024x768.jpg 1024w, https:\/\/oui-oui.es\/blog\/wp-content\/uploads\/2019\/08\/Oui-Oui-cajas-almacenaje-armario-lavado-cajas-plegables-almacenaje-como-dise\u00f1ar-un-armario-lavander\u00eda-300x225.jpg 300w, https:\/\/oui-oui.es\/blog\/wp-content\/uploads\/2019\/08\/Oui-Oui-cajas-almacenaje-armario-lavado-cajas-plegables-almacenaje-como-dise\u00f1ar-un-armario-lavander\u00eda-768x576.jpg 768w, https:\/\/oui-oui.es\/blog\/wp-content\/uploads\/2019\/08\/Oui-Oui-cajas-almacenaje-armario-lavado-cajas-plegables-almacenaje-como-dise\u00f1ar-un-armario-lavander\u00eda-600x450.jpg 600w, https:\/\/oui-oui.es\/blog\/wp-content\/uploads\/2019\/08\/Oui-Oui-cajas-almacenaje-armario-lavado-cajas-plegables-almacenaje-como-dise\u00f1ar-un-armario-lavander\u00eda-640x480.jpg 640w\" sizes=\"auto, (max-width: 1024px) 100vw, 1024px\" \/><\/figure>\n\n\n\n<p>En la parte superior dejamos un hueco con puerta para la aspiradora y tambi\u00e9n con la altura suficiente para dos <strong><a rel=\"noreferrer noopener\" aria-label=\" (opens in a new tab)\" href=\"https:\/\/www.oui-oui.es\/organizacion\/1477-caja-plegable-multiusos.html\" target=\"_blank\">cajas de almacenaje plegables<\/a><\/strong> que, adem\u00e1s, son apilables. Ah\u00ed guardo tambi\u00e9n el <strong><a rel=\"noreferrer noopener\" aria-label=\" (opens in a new tab)\" href=\"https:\/\/shop.electrolux.es\/lavado\/lavadoras\/accesorios\/lapiz-quitamanchas-ultrasonico\/p\/9029798098\" target=\"_blank\">l\u00e1piz quitamanchas<\/a><\/strong> que utilizo para quitar manchas importantes antes de meter la ropa en la lavadora&#8230;Que, por cierto, \u00a1Estoy sorteando uno en <a rel=\"noreferrer noopener\" aria-label=\"Instagram (opens in a new tab)\" href=\"https:\/\/www.instagram.com\/ouiouiconceptstore\/\" target=\"_blank\">Instagram<\/a> hasta ma\u00f1ana! y <strong><a href=\"https:\/\/www.youtube.com\/watch?v=YUqN8OblZB4\" target=\"_blank\" rel=\"noreferrer noopener\" aria-label=\" (opens in a new tab)\">AQU\u00cd <\/a><\/strong>pod\u00e9is ver mejor c\u00f3mo usarlo.<\/p>\n\n\n\n<figure class=\"wp-block-image\"><img loading=\"lazy\" decoding=\"async\" width=\"500\" height=\"500\" src=\"https:\/\/oui-oui.es\/blog\/wp-content\/uploads\/2019\/08\/Oui-Oui-lapiz-quitamanchas-ultras\u00f3nico-lapiz-quitamanchas-electrolux.jpg\" alt=\"\" class=\"wp-image-10045\" srcset=\"https:\/\/oui-oui.es\/blog\/wp-content\/uploads\/2019\/08\/Oui-Oui-lapiz-quitamanchas-ultras\u00f3nico-lapiz-quitamanchas-electrolux.jpg 500w, https:\/\/oui-oui.es\/blog\/wp-content\/uploads\/2019\/08\/Oui-Oui-lapiz-quitamanchas-ultras\u00f3nico-lapiz-quitamanchas-electrolux-150x150.jpg 150w, https:\/\/oui-oui.es\/blog\/wp-content\/uploads\/2019\/08\/Oui-Oui-lapiz-quitamanchas-ultras\u00f3nico-lapiz-quitamanchas-electrolux-300x300.jpg 300w\" sizes=\"auto, (max-width: 500px) 100vw, 500px\" \/><\/figure>\n\n\n\n<p>Como v\u00e9is es un espacio peque\u00f1o bien aprovechado.<\/p>\n\n\n\n<p>En el lateral ten\u00edamos <strong>dos tomas de agua que quer\u00eda ocultar<\/strong>, as\u00ed que dise\u00f1\u00e9 otro mueblecito (que me hizo mi padre!) que tapara las tomas y luego tuviera un <strong>estante para los botes grandes de detergentes<\/strong>, lej\u00eda, y la botella de aceite de 5l (por eso es importante pensar tus necesidades, a mi esa botella e molestaba en todas partes).<\/p>\n\n\n\n<figure class=\"wp-block-image\"><img loading=\"lazy\" decoding=\"async\" width=\"1024\" height=\"768\" src=\"https:\/\/oui-oui.es\/blog\/wp-content\/uploads\/2019\/08\/Oui-Oui-zona-lavado-mueble-a-medida-azulejos-Nais-azulejos-online-azulejos-zona-lavado-deco-zona-lavado-1024x768.jpg\" alt=\"\" class=\"wp-image-10049\" srcset=\"https:\/\/oui-oui.es\/blog\/wp-content\/uploads\/2019\/08\/Oui-Oui-zona-lavado-mueble-a-medida-azulejos-Nais-azulejos-online-azulejos-zona-lavado-deco-zona-lavado-1024x768.jpg 1024w, https:\/\/oui-oui.es\/blog\/wp-content\/uploads\/2019\/08\/Oui-Oui-zona-lavado-mueble-a-medida-azulejos-Nais-azulejos-online-azulejos-zona-lavado-deco-zona-lavado-300x225.jpg 300w, https:\/\/oui-oui.es\/blog\/wp-content\/uploads\/2019\/08\/Oui-Oui-zona-lavado-mueble-a-medida-azulejos-Nais-azulejos-online-azulejos-zona-lavado-deco-zona-lavado-768x576.jpg 768w, https:\/\/oui-oui.es\/blog\/wp-content\/uploads\/2019\/08\/Oui-Oui-zona-lavado-mueble-a-medida-azulejos-Nais-azulejos-online-azulejos-zona-lavado-deco-zona-lavado-600x450.jpg 600w, https:\/\/oui-oui.es\/blog\/wp-content\/uploads\/2019\/08\/Oui-Oui-zona-lavado-mueble-a-medida-azulejos-Nais-azulejos-online-azulejos-zona-lavado-deco-zona-lavado-640x480.jpg 640w\" sizes=\"auto, (max-width: 1024px) 100vw, 1024px\" \/><\/figure>\n\n\n\n<p>Una vez todo colocado ah\u00ed, dediqu\u00e9 la pared a decoraci\u00f3n, a colgar <strong>utensilios de limpieza bonitos<\/strong> de la tienda <strong>Gonz\u00e1lez y Gonz\u00e1lez<\/strong> que me chifla, esta zona no es pr\u00e1ctica, pero creo que necesitamos que la est\u00e9tica invada todos los espacios de forma que nos den m\u00e1s paz.<\/p>\n\n\n\n<figure class=\"wp-block-image\"><img loading=\"lazy\" decoding=\"async\" width=\"1024\" height=\"768\" src=\"https:\/\/oui-oui.es\/blog\/wp-content\/uploads\/2019\/08\/Oui-Oui-zona-de-lavado-y-secado-electolux-secadora-electrolux-lavadora-electrolux-decoracion-zona-lavado-1024x768.jpg\" alt=\"\" class=\"wp-image-10050\" srcset=\"https:\/\/oui-oui.es\/blog\/wp-content\/uploads\/2019\/08\/Oui-Oui-zona-de-lavado-y-secado-electolux-secadora-electrolux-lavadora-electrolux-decoracion-zona-lavado-1024x768.jpg 1024w, https:\/\/oui-oui.es\/blog\/wp-content\/uploads\/2019\/08\/Oui-Oui-zona-de-lavado-y-secado-electolux-secadora-electrolux-lavadora-electrolux-decoracion-zona-lavado-300x225.jpg 300w, https:\/\/oui-oui.es\/blog\/wp-content\/uploads\/2019\/08\/Oui-Oui-zona-de-lavado-y-secado-electolux-secadora-electrolux-lavadora-electrolux-decoracion-zona-lavado-768x576.jpg 768w, https:\/\/oui-oui.es\/blog\/wp-content\/uploads\/2019\/08\/Oui-Oui-zona-de-lavado-y-secado-electolux-secadora-electrolux-lavadora-electrolux-decoracion-zona-lavado-600x450.jpg 600w, https:\/\/oui-oui.es\/blog\/wp-content\/uploads\/2019\/08\/Oui-Oui-zona-de-lavado-y-secado-electolux-secadora-electrolux-lavadora-electrolux-decoracion-zona-lavado-640x480.jpg 640w\" sizes=\"auto, (max-width: 1024px) 100vw, 1024px\" \/><\/figure>\n\n\n\n<p>Otro de los elementos importantes al pensar la estancia, fue <strong>el suelo<\/strong>, no quer\u00eda el t\u00edpico blanco, el <strong>suelo damero me apetec\u00eda<\/strong> mucho pero al ser una estancia peque\u00f1a optamos por este <strong>modelo damero en peque\u00f1o<\/strong>, en un <strong>gris claro<\/strong> (menos sucio qu el blanco) <strong>con cuadraditos negros<\/strong>, en combinaci\u00f3n con el papel pintado del techo, que encontr\u00e9 en la <strong><a href=\"https:\/\/www.instagram.com\/ouiouiconceptstore\/\">tienda online de azulejos Na\u00efs<\/a><\/strong>, donde <strong>te env\u00edan muestras de los azulejos que necesitas para que te hagas una idea de tama\u00f1o, color, textura<\/strong>&#8230;Os la recomiendo mucho por el a<strong>horro de tiempo que supone<\/strong> y por lo <strong>poco que tardan en enviarte todo<\/strong>, la experiencia de compra fue fant\u00e1stica la verdad.<\/p>\n\n\n\n<figure class=\"wp-block-image\"><img loading=\"lazy\" decoding=\"async\" width=\"1024\" height=\"683\" src=\"https:\/\/oui-oui.es\/blog\/wp-content\/uploads\/2019\/08\/Oui-Oui-reforma-mercedes-arsuaga-elena-bau-fotograf\u00eda-66-1024x683.jpg\" alt=\"\" class=\"wp-image-10051\" srcset=\"https:\/\/oui-oui.es\/blog\/wp-content\/uploads\/2019\/08\/Oui-Oui-reforma-mercedes-arsuaga-elena-bau-fotograf\u00eda-66-1024x683.jpg 1024w, https:\/\/oui-oui.es\/blog\/wp-content\/uploads\/2019\/08\/Oui-Oui-reforma-mercedes-arsuaga-elena-bau-fotograf\u00eda-66-300x200.jpg 300w, https:\/\/oui-oui.es\/blog\/wp-content\/uploads\/2019\/08\/Oui-Oui-reforma-mercedes-arsuaga-elena-bau-fotograf\u00eda-66-768x512.jpg 768w, https:\/\/oui-oui.es\/blog\/wp-content\/uploads\/2019\/08\/Oui-Oui-reforma-mercedes-arsuaga-elena-bau-fotograf\u00eda-66-600x400.jpg 600w, https:\/\/oui-oui.es\/blog\/wp-content\/uploads\/2019\/08\/Oui-Oui-reforma-mercedes-arsuaga-elena-bau-fotograf\u00eda-66-640x427.jpg 640w\" sizes=\"auto, (max-width: 1024px) 100vw, 1024px\" \/><figcaption>Fotograf\u00eda Elena Bau<\/figcaption><\/figure>\n\n\n\n<p>Otra cosa por la que me hab\u00e9is preguntado mucho en Instagram es el <strong>tendedero de techo<\/strong>, lo recomiendo much\u00edsimo porque te lo hacen a medida, vienen a medir a casa y te libera mucho espacio (el nuestro es de <strong><a href=\"https:\/\/tendederoselsol.com\/inicio\" target=\"_blank\" rel=\"noreferrer noopener\" aria-label=\" (opens in a new tab)\">Tendederos el Sol<\/a><\/strong>) , nosotros ahora con la secadora en invierno apenas lo usamos, pero siempre te viene bien para lo t\u00edpico que lavas a mano, un trapo que quieres secar, etc&#8230;Y ahora en verano nos alivia perfectamente. A\u00fan recuerdo cuando tir\u00e9 el tendedero de metal este t\u00edpico que vas moviendo por casa y que acaba medio oxidado&#8230;El d\u00eda que entr\u00f3 por la puerta la <strong><a rel=\"noreferrer noopener\" aria-label=\" (opens in a new tab)\" href=\"https:\/\/www.electrolux.es\/laundry\/laundry\/dryers\/\" target=\"_blank\">secadora<\/a> <\/strong>el tendedero se fue fuera!<\/p>\n\n\n\n<figure class=\"wp-block-image\"><img loading=\"lazy\" decoding=\"async\" width=\"1024\" height=\"768\" src=\"https:\/\/oui-oui.es\/blog\/wp-content\/uploads\/2019\/08\/Oui-Oui-tendedero-de-techo-tendederos-el-sol-papel-pintado-techo-1024x768.jpg\" alt=\"\" class=\"wp-image-10052\" srcset=\"https:\/\/oui-oui.es\/blog\/wp-content\/uploads\/2019\/08\/Oui-Oui-tendedero-de-techo-tendederos-el-sol-papel-pintado-techo-1024x768.jpg 1024w, https:\/\/oui-oui.es\/blog\/wp-content\/uploads\/2019\/08\/Oui-Oui-tendedero-de-techo-tendederos-el-sol-papel-pintado-techo-300x225.jpg 300w, https:\/\/oui-oui.es\/blog\/wp-content\/uploads\/2019\/08\/Oui-Oui-tendedero-de-techo-tendederos-el-sol-papel-pintado-techo-768x576.jpg 768w, https:\/\/oui-oui.es\/blog\/wp-content\/uploads\/2019\/08\/Oui-Oui-tendedero-de-techo-tendederos-el-sol-papel-pintado-techo-600x450.jpg 600w, https:\/\/oui-oui.es\/blog\/wp-content\/uploads\/2019\/08\/Oui-Oui-tendedero-de-techo-tendederos-el-sol-papel-pintado-techo-640x480.jpg 640w\" sizes=\"auto, (max-width: 1024px) 100vw, 1024px\" \/><\/figure>\n\n\n\n<p>El \u00faltimo toque de la zona de lavado y secado es <strong>el tirador de la puerta<\/strong>. Un tirador que me encant\u00f3 al verlo y que cuando lo compr\u00e9 no sab\u00eda para d\u00f3nde ser\u00eda, pero s\u00f3lo quedaba un par en la tienda y sab\u00eda que acabar\u00eda coloc\u00e1ndolo en alg\u00fan sitio, me encanta porque desde la cocina, una puerta blanca de madera con el tirador p\u00e1jaro, no da la sensaci\u00f3n de que ah\u00ed est\u00e9 <em>la terraza<\/em>. Ahora lo puedes encontrar en la tienda <strong><a href=\"https:\/\/auntyb.es\/\" target=\"_blank\" rel=\"noreferrer noopener\" aria-label=\" (opens in a new tab)\">Aunty B<\/a><\/strong> y hay muchos m\u00e1s modelos.<\/p>\n\n\n\n<figure class=\"wp-block-image\"><img loading=\"lazy\" decoding=\"async\" width=\"1024\" height=\"683\" src=\"https:\/\/oui-oui.es\/blog\/wp-content\/uploads\/2019\/08\/Oui-Oui-reforma-mercedes-arsuaga-elena-bau-fotograf\u00eda-59-1024x683.jpg\" alt=\"\" class=\"wp-image-10037\" srcset=\"https:\/\/oui-oui.es\/blog\/wp-content\/uploads\/2019\/08\/Oui-Oui-reforma-mercedes-arsuaga-elena-bau-fotograf\u00eda-59-1024x683.jpg 1024w, https:\/\/oui-oui.es\/blog\/wp-content\/uploads\/2019\/08\/Oui-Oui-reforma-mercedes-arsuaga-elena-bau-fotograf\u00eda-59-300x200.jpg 300w, https:\/\/oui-oui.es\/blog\/wp-content\/uploads\/2019\/08\/Oui-Oui-reforma-mercedes-arsuaga-elena-bau-fotograf\u00eda-59-768x512.jpg 768w, https:\/\/oui-oui.es\/blog\/wp-content\/uploads\/2019\/08\/Oui-Oui-reforma-mercedes-arsuaga-elena-bau-fotograf\u00eda-59-600x400.jpg 600w, https:\/\/oui-oui.es\/blog\/wp-content\/uploads\/2019\/08\/Oui-Oui-reforma-mercedes-arsuaga-elena-bau-fotograf\u00eda-59-640x427.jpg 640w\" sizes=\"auto, (max-width: 1024px) 100vw, 1024px\" \/><figcaption>Foto de Elena Bau Fotograf\u00eda<\/figcaption><\/figure>\n\n\n\n<p>Pues creo que esto es todo! Esta \u00faltima semana le hemos dado mucho uso a esta zona al re-hacer el cambio de armario con F\u00e1tima de <strong><a href=\"https:\/\/instagram.com\/ordenotuarmario?igshid=z9sfu6upetuy\">Ordeno tu Armario<\/a><\/strong>, ya os contar\u00e9 en otro post porque es muy importante guardar las prendas limpias y sin manchas, para ello le he dado un buen uso al<strong><a rel=\"noreferrer noopener\" aria-label=\" (opens in a new tab)\" href=\"https:\/\/shop.electrolux.es\/lavado\/lavadoras\/accesorios\/lapiz-quitamanchas-ultrasonico\/p\/9029798098\" target=\"_blank\"> l\u00e1piz quitamachas<\/a><\/strong> que os cometaba y que pod\u00e9is ganar uno hasta ma\u00f1ana en mi perfil de <a rel=\"noreferrer noopener\" aria-label=\"Instagram (opens in a new tab)\" href=\"https:\/\/www.instagram.com\/ouiouiconceptstore\/\" target=\"_blank\">Instagram<\/a><\/p>\n\n\n\n<p>\u00a1Espero que os guste! y me encantar\u00eda verlo en comentarios \ud83d\ude09<\/p>\n","protected":false},"excerpt":{"rendered":"<p>\u00a1Por fin la casa empieza a estar terminada! (aunque quedan detalles que me gusta que se vayan conformando con el tiempo, con el uso y nuestras necesidades), pero -casi- todo est\u00e1 terminado o encargado para terminarse as\u00ed que puedo ir compartiendo algunas estancias. Empezar\u00e9 por la zona de lavado y secado, la t\u00edpica terraza de [&hellip;]<\/p>\n","protected":false},"author":1,"featured_media":10037,"comment_status":"open","ping_status":"open","sticky":false,"template":"","format":"standard","meta":{"jetpack_post_was_ever_published":false,"_jetpack_newsletter_access":"","_jetpack_dont_email_post_to_subs":false,"_jetpack_newsletter_tier_id":0,"_jetpack_memberships_contains_paywalled_content":false,"_jetpack_memberships_contains_paid_content":false,"footnotes":"","jetpack_publicize_message":"","jetpack_publicize_feature_enabled":true,"jetpack_social_post_already_shared":true,"jetpack_social_options":{"image_generator_settings":{"template":"highway","default_image_id":0,"font":"","enabled":false},"version":2}},"categories":[173],"tags":[744,874,866,861,875],"class_list":["post-10035","post","type-post","status-publish","format-standard","has-post-thumbnail","hentry","category-decoracion-de-casa","tag-decoracion","tag-electrolux","tag-papeles-pintados","tag-reforma-oui-oui","tag-zona-lavado-y-secado"],"aioseo_notices":[],"jetpack_publicize_connections":[],"jetpack_featured_media_url":"https:\/\/oui-oui.es\/blog\/wp-content\/uploads\/2019\/08\/Oui-Oui-reforma-mercedes-arsuaga-elena-bau-fotograf\u00eda-59.jpg","jetpack_sharing_enabled":true,"jetpack-related-posts":[{"id":9865,"url":"https:\/\/oui-oui.es\/blog\/el-papel-de-pared-en-blanco-y-negro-que-esta-arrasando\/","url_meta":{"origin":10035,"position":0},"title":"El papel de pared en blanco y negro que est\u00e1 arrasando","author":"Mar\u00eda \u2665Oui Oui\u2665","date":"31 mayo, 2019","format":false,"excerpt":"Au Fil des Couleurs Tengo pendiente un post sobre papeles pintados, me chiflan y durante la obra busqu\u00e9 mucho y descubr\u00ed muchas marcas que no conoc\u00eda, aunque reconozco que postergo el post porque me temo que ser\u00e1 amplio y no veo el momento de reflejar tantas referencias, aunque llegar\u00e1. Mientras,\u2026","rel":"","context":"En \u00abESTILO DE VIDA\u00bb","block_context":{"text":"ESTILO DE VIDA","link":"https:\/\/oui-oui.es\/blog\/category\/lifestyle-2\/"},"img":{"alt_text":"","src":"https:\/\/i0.wp.com\/oui-oui.es\/blog\/wp-content\/uploads\/2019\/05\/Oui-Oui-tendencia-selva-palmeras-blanco-y-negro-panneau-oasis-au-fil-des-couleurs-papel-pintado-cabecero.jpg?resize=350%2C200&ssl=1","width":350,"height":200,"srcset":"https:\/\/i0.wp.com\/oui-oui.es\/blog\/wp-content\/uploads\/2019\/05\/Oui-Oui-tendencia-selva-palmeras-blanco-y-negro-panneau-oasis-au-fil-des-couleurs-papel-pintado-cabecero.jpg?resize=350%2C200&ssl=1 1x, https:\/\/i0.wp.com\/oui-oui.es\/blog\/wp-content\/uploads\/2019\/05\/Oui-Oui-tendencia-selva-palmeras-blanco-y-negro-panneau-oasis-au-fil-des-couleurs-papel-pintado-cabecero.jpg?resize=525%2C300&ssl=1 1.5x, https:\/\/i0.wp.com\/oui-oui.es\/blog\/wp-content\/uploads\/2019\/05\/Oui-Oui-tendencia-selva-palmeras-blanco-y-negro-panneau-oasis-au-fil-des-couleurs-papel-pintado-cabecero.jpg?resize=700%2C400&ssl=1 2x"},"classes":[]},{"id":1455,"url":"https:\/\/oui-oui.es\/blog\/le-sac-de-papier-en-oui-oui\/","url_meta":{"origin":10035,"position":1},"title":"Le sac de papier en Oui Oui","author":"Mar\u00eda \u2665Oui Oui\u2665","date":"24 marzo, 2014","format":false,"excerpt":"Recuerdo verla en muchas revistas de decoraci\u00f3n, a mi me parec\u00eda una papelera, por lo que le encargu\u00e9 a una amiga que viajaba a Par\u00eds la \"papelera\", la pobre estuvo un buen rato buscando una papelera, pregunt\u00f3 a las dependientas, pero nada...Volvi\u00f3 sin papelera. Despu\u00e9s fui yo a Par\u00eds, y\u2026","rel":"","context":"En \u00abDECORACI\u00d3N\u00bb","block_context":{"text":"DECORACI\u00d3N","link":"https:\/\/oui-oui.es\/blog\/category\/decoracion-de-casa\/"},"img":{"alt_text":"","src":"https:\/\/i0.wp.com\/oui-oui.es\/blog\/wp-content\/uploads\/2014\/03\/oui-oui-le-sac-de-papier-le-paper-bag-guardar-juguetes.jpg?resize=350%2C200&ssl=1","width":350,"height":200,"srcset":"https:\/\/i0.wp.com\/oui-oui.es\/blog\/wp-content\/uploads\/2014\/03\/oui-oui-le-sac-de-papier-le-paper-bag-guardar-juguetes.jpg?resize=350%2C200&ssl=1 1x, https:\/\/i0.wp.com\/oui-oui.es\/blog\/wp-content\/uploads\/2014\/03\/oui-oui-le-sac-de-papier-le-paper-bag-guardar-juguetes.jpg?resize=525%2C300&ssl=1 1.5x, https:\/\/i0.wp.com\/oui-oui.es\/blog\/wp-content\/uploads\/2014\/03\/oui-oui-le-sac-de-papier-le-paper-bag-guardar-juguetes.jpg?resize=700%2C400&ssl=1 2x"},"classes":[]},{"id":1103,"url":"https:\/\/oui-oui.es\/blog\/decorar-con-guirnaldas\/","url_meta":{"origin":10035,"position":2},"title":"Decorar con guirnaldas","author":"Mar\u00eda \u2665Oui Oui\u2665","date":"21 enero, 2014","format":false,"excerpt":"Las hab\u00eda echado el ojo hace tiempo y por fin est\u00e1n en Oui Oui, las guirnaldas de borlas, de tiras de papel o tassel garlands. Una alternativa a los banderines, me gustaban para decorar cualquier rinc\u00f3n de una fiesta; para la mesa de dulces, la zona de baile o una\u2026","rel":"","context":"En \u00abBoda\u00bb","block_context":{"text":"Boda","link":"https:\/\/oui-oui.es\/blog\/category\/fiestas-celebraciones\/boda\/"},"img":{"alt_text":"","src":"https:\/\/i0.wp.com\/oui-oui.es\/blog\/wp-content\/uploads\/2014\/01\/oui-oui-decorar-con-guirnaldas-guirnadas-de-flecos-guirnaldas-de-borlas-tassel-garlands-decoracion-original-boda-boda-rustic-chic-1.jpg?resize=350%2C200&ssl=1","width":350,"height":200,"srcset":"https:\/\/i0.wp.com\/oui-oui.es\/blog\/wp-content\/uploads\/2014\/01\/oui-oui-decorar-con-guirnaldas-guirnadas-de-flecos-guirnaldas-de-borlas-tassel-garlands-decoracion-original-boda-boda-rustic-chic-1.jpg?resize=350%2C200&ssl=1 1x, https:\/\/i0.wp.com\/oui-oui.es\/blog\/wp-content\/uploads\/2014\/01\/oui-oui-decorar-con-guirnaldas-guirnadas-de-flecos-guirnaldas-de-borlas-tassel-garlands-decoracion-original-boda-boda-rustic-chic-1.jpg?resize=525%2C300&ssl=1 1.5x"},"classes":[]},{"id":702,"url":"https:\/\/oui-oui.es\/blog\/%e2%99%a5-%e2%99%a5-novedades-en-la-tienda-%e2%99%a5-%e2%99%a5\/","url_meta":{"origin":10035,"position":3},"title":"\u2665 \u2665 \u00a1\u00a1Novedades en la tienda!! \u2665 \u2665","author":"Mar\u00eda \u2665Oui Oui\u2665","date":"6 mayo, 2013","format":false,"excerpt":"Hasta que encuentre un hueco para escribir la newsletter (a la que os pod\u00e9is suscribir aqu\u00ed , por cierto ;) ) os contar\u00e9 las novedades en la tienda por aqu\u00ed, vale? Estas dos \u00faltimas semanas ha habido much\u00edsimas novedades; washi tape , taxidermias de peluche, cubiertos con mensaje ...Pero no\u2026","rel":"","context":"En \u00abBoda\u00bb","block_context":{"text":"Boda","link":"https:\/\/oui-oui.es\/blog\/category\/fiestas-celebraciones\/boda\/"},"img":{"alt_text":"","src":"https:\/\/i0.wp.com\/oui-oui.es\/blog\/wp-content\/uploads\/oui-oui-decoracion-bodas-fiestas-detalles-novedades.jpg?resize=350%2C200&ssl=1","width":350,"height":200,"srcset":"https:\/\/i0.wp.com\/oui-oui.es\/blog\/wp-content\/uploads\/oui-oui-decoracion-bodas-fiestas-detalles-novedades.jpg?resize=350%2C200&ssl=1 1x, https:\/\/i0.wp.com\/oui-oui.es\/blog\/wp-content\/uploads\/oui-oui-decoracion-bodas-fiestas-detalles-novedades.jpg?resize=525%2C300&ssl=1 1.5x"},"classes":[]},{"id":10843,"url":"https:\/\/oui-oui.es\/blog\/5-ideas-de-decoracion-y-regalo-para-amantes-del-esqui\/","url_meta":{"origin":10035,"position":4},"title":"5 ideas de decoraci\u00f3n y regalo para amantes del esqu\u00ed","author":"Mar\u00eda \u2665Oui Oui\u2665","date":"12 marzo, 2024","format":false,"excerpt":"Tanto si vives en una zona de monta\u00f1a con estaci\u00f3n de esqu\u00ed, como si te apasiona el deporte blanco y lo a\u00f1oras desde la ciudad o la playa...La decoraci\u00f3n con motivos de esqu\u00ed te reconfortar\u00e1 y alegrar\u00e1 cuando la mires. Soy una amante del esqu\u00ed desde peque\u00f1a y me encanta\u2026","rel":"","context":"En \u00abCASA\u00bb","block_context":{"text":"CASA","link":"https:\/\/oui-oui.es\/blog\/category\/hogar-dulce-hogar\/"},"img":{"alt_text":"","src":"https:\/\/i0.wp.com\/oui-oui.es\/blog\/wp-content\/uploads\/2024\/03\/Oui-Oui-Regalos-de-esqui-decoracion-esqui-placa-metalica-esqui-ouiouilovesski-once-upon-a-time-there-was-a-girl-who-really-loved-skiing.It-was-me.-The-End-ski-like-a-girl-1-scaled.jpg?resize=350%2C200&ssl=1","width":350,"height":200,"srcset":"https:\/\/i0.wp.com\/oui-oui.es\/blog\/wp-content\/uploads\/2024\/03\/Oui-Oui-Regalos-de-esqui-decoracion-esqui-placa-metalica-esqui-ouiouilovesski-once-upon-a-time-there-was-a-girl-who-really-loved-skiing.It-was-me.-The-End-ski-like-a-girl-1-scaled.jpg?resize=350%2C200&ssl=1 1x, https:\/\/i0.wp.com\/oui-oui.es\/blog\/wp-content\/uploads\/2024\/03\/Oui-Oui-Regalos-de-esqui-decoracion-esqui-placa-metalica-esqui-ouiouilovesski-once-upon-a-time-there-was-a-girl-who-really-loved-skiing.It-was-me.-The-End-ski-like-a-girl-1-scaled.jpg?resize=525%2C300&ssl=1 1.5x, https:\/\/i0.wp.com\/oui-oui.es\/blog\/wp-content\/uploads\/2024\/03\/Oui-Oui-Regalos-de-esqui-decoracion-esqui-placa-metalica-esqui-ouiouilovesski-once-upon-a-time-there-was-a-girl-who-really-loved-skiing.It-was-me.-The-End-ski-like-a-girl-1-scaled.jpg?resize=700%2C400&ssl=1 2x, https:\/\/i0.wp.com\/oui-oui.es\/blog\/wp-content\/uploads\/2024\/03\/Oui-Oui-Regalos-de-esqui-decoracion-esqui-placa-metalica-esqui-ouiouilovesski-once-upon-a-time-there-was-a-girl-who-really-loved-skiing.It-was-me.-The-End-ski-like-a-girl-1-scaled.jpg?resize=1050%2C600&ssl=1 3x, https:\/\/i0.wp.com\/oui-oui.es\/blog\/wp-content\/uploads\/2024\/03\/Oui-Oui-Regalos-de-esqui-decoracion-esqui-placa-metalica-esqui-ouiouilovesski-once-upon-a-time-there-was-a-girl-who-really-loved-skiing.It-was-me.-The-End-ski-like-a-girl-1-scaled.jpg?resize=1400%2C800&ssl=1 4x"},"classes":[]},{"id":4524,"url":"https:\/\/oui-oui.es\/blog\/el-universo-gray-malin\/","url_meta":{"origin":10035,"position":5},"title":"El universo Gray Malin","author":"Mar\u00eda \u2665Oui Oui\u2665","date":"24 junio, 2016","format":false,"excerpt":"Descubr\u00ed al fot\u00f3grafo y artista Gray Malin a ra\u00edz de la intervenci\u00f3n Follow Me que hizo para el la cadena de hoteles Le Meridien que os contaba en este post y desde entonces\u00a0 sigo su trabajo con admiraci\u00f3n y deleite, quiz\u00e1s porque ha tocado dos temas que me encantan; la\u2026","rel":"","context":"En \u00abDECORACI\u00d3N\u00bb","block_context":{"text":"DECORACI\u00d3N","link":"https:\/\/oui-oui.es\/blog\/category\/decoracion-de-casa\/"},"img":{"alt_text":"","src":"https:\/\/i0.wp.com\/oui-oui.es\/blog\/wp-content\/uploads\/2016\/06\/Oui-Oui-i-am-busy-gray-malin.jpg?resize=350%2C200&ssl=1","width":350,"height":200,"srcset":"https:\/\/i0.wp.com\/oui-oui.es\/blog\/wp-content\/uploads\/2016\/06\/Oui-Oui-i-am-busy-gray-malin.jpg?resize=350%2C200&ssl=1 1x, https:\/\/i0.wp.com\/oui-oui.es\/blog\/wp-content\/uploads\/2016\/06\/Oui-Oui-i-am-busy-gray-malin.jpg?resize=525%2C300&ssl=1 1.5x"},"classes":[]}],"_links":{"self":[{"href":"https:\/\/oui-oui.es\/blog\/wp-json\/wp\/v2\/posts\/10035","targetHints":{"allow":["GET"]}}],"collection":[{"href":"https:\/\/oui-oui.es\/blog\/wp-json\/wp\/v2\/posts"}],"about":[{"href":"https:\/\/oui-oui.es\/blog\/wp-json\/wp\/v2\/types\/post"}],"author":[{"embeddable":true,"href":"https:\/\/oui-oui.es\/blog\/wp-json\/wp\/v2\/users\/1"}],"replies":[{"embeddable":true,"href":"https:\/\/oui-oui.es\/blog\/wp-json\/wp\/v2\/comments?post=10035"}],"version-history":[{"count":2,"href":"https:\/\/oui-oui.es\/blog\/wp-json\/wp\/v2\/posts\/10035\/revisions"}],"predecessor-version":[{"id":10058,"href":"https:\/\/oui-oui.es\/blog\/wp-json\/wp\/v2\/posts\/10035\/revisions\/10058"}],"wp:featuredmedia":[{"embeddable":true,"href":"https:\/\/oui-oui.es\/blog\/wp-json\/wp\/v2\/media\/10037"}],"wp:attachment":[{"href":"https:\/\/oui-oui.es\/blog\/wp-json\/wp\/v2\/media?parent=10035"}],"wp:term":[{"taxonomy":"category","embeddable":true,"href":"https:\/\/oui-oui.es\/blog\/wp-json\/wp\/v2\/categories?post=10035"},{"taxonomy":"post_tag","embeddable":true,"href":"https:\/\/oui-oui.es\/blog\/wp-json\/wp\/v2\/tags?post=10035"}],"curies":[{"name":"wp","href":"https:\/\/api.w.org\/{rel}","templated":true}]}}