{"id":10086,"date":"2019-08-29T14:04:28","date_gmt":"2019-08-29T12:04:28","guid":{"rendered":"https:\/\/oui-oui.es\/blog\/?p=10086"},"modified":"2019-08-29T14:04:32","modified_gmt":"2019-08-29T12:04:32","slug":"mi-descubrimiento-del-ano-el-yoga-facial-de-maiko","status":"publish","type":"post","link":"https:\/\/oui-oui.es\/blog\/mi-descubrimiento-del-ano-el-yoga-facial-de-maiko\/","title":{"rendered":"Mi descubrimiento del a\u00f1o: el Yoga Facial de Maiko"},"content":{"rendered":"\n<p>Tengo molestias en la mand\u00edbula desde que estudiaba en la Universidad, un problema en ella hizo que llevara aparato, que haya ido a la oste\u00f3pata durante a\u00f1os, que duerma con f\u00e9rula, que me est\u00e9 dando automasajes cada dos por tres y que pruebe todo lo que cae en mis manos que pueda ayudar.<\/p>\n\n\n\n<figure class=\"wp-block-image\"><img loading=\"lazy\" decoding=\"async\" width=\"960\" height=\"960\" src=\"https:\/\/oui-oui.es\/blog\/wp-content\/uploads\/2019\/08\/Oui-Oui-masaje-ojeras-maiko-yoga-facial.jpg\" alt=\"\" class=\"wp-image-10090\" srcset=\"https:\/\/oui-oui.es\/blog\/wp-content\/uploads\/2019\/08\/Oui-Oui-masaje-ojeras-maiko-yoga-facial.jpg 960w, https:\/\/oui-oui.es\/blog\/wp-content\/uploads\/2019\/08\/Oui-Oui-masaje-ojeras-maiko-yoga-facial-150x150.jpg 150w, https:\/\/oui-oui.es\/blog\/wp-content\/uploads\/2019\/08\/Oui-Oui-masaje-ojeras-maiko-yoga-facial-300x300.jpg 300w, https:\/\/oui-oui.es\/blog\/wp-content\/uploads\/2019\/08\/Oui-Oui-masaje-ojeras-maiko-yoga-facial-768x768.jpg 768w, https:\/\/oui-oui.es\/blog\/wp-content\/uploads\/2019\/08\/Oui-Oui-masaje-ojeras-maiko-yoga-facial-600x600.jpg 600w, https:\/\/oui-oui.es\/blog\/wp-content\/uploads\/2019\/08\/Oui-Oui-masaje-ojeras-maiko-yoga-facial-640x640.jpg 640w\" sizes=\"auto, (max-width: 960px) 100vw, 960px\" \/><\/figure>\n\n\n\n<p>Compartiendo esta molestia por Instagram una chica me recomend\u00f3 a <strong>Maiko<\/strong>, una mujer japonesa experta en <strong><a rel=\"noreferrer noopener\" aria-label=\" (opens in a new tab)\" href=\"http:\/\/www.yogafacial.es\" target=\"_blank\">Yoga Facial<\/a><\/strong> que ofrece unos masajes impresionantes en la cara, tanto para <strong>molestias en la mand\u00edbula por bruxismo, tensi\u00f3n<\/strong>,etc&#8230;Como para <strong>mantener la firmeza de los m\u00fasculos de la cara.<\/strong><\/p>\n\n\n\n<p>En <strong><a rel=\"noreferrer noopener\" aria-label=\" (opens in a new tab)\" href=\"http:\/\/www.yogafacial.es\" target=\"_blank\">Yoga Facial<\/a><\/strong> puedes ir a hacer un taller para aprender a masajearse uno mismo o tambi\u00e9n a que ella te de los masajes, combinar ambas cosas es lo mejor, ella en cuatro sesiones te \u00abquita\u00bb lo gordo y luego tu debes mantener con las pautas y lo que te ense\u00f1a en los talleres.<\/p>\n\n\n\n<figure class=\"wp-block-image\"><img loading=\"lazy\" decoding=\"async\" width=\"1014\" height=\"1024\" src=\"https:\/\/oui-oui.es\/blog\/wp-content\/uploads\/2019\/08\/Oui-Oui-maiko-yoga-facial-zonas-de-la-cara-1014x1024.jpg\" alt=\"\" class=\"wp-image-10088\" srcset=\"https:\/\/oui-oui.es\/blog\/wp-content\/uploads\/2019\/08\/Oui-Oui-maiko-yoga-facial-zonas-de-la-cara-1014x1024.jpg 1014w, https:\/\/oui-oui.es\/blog\/wp-content\/uploads\/2019\/08\/Oui-Oui-maiko-yoga-facial-zonas-de-la-cara-150x150.jpg 150w, https:\/\/oui-oui.es\/blog\/wp-content\/uploads\/2019\/08\/Oui-Oui-maiko-yoga-facial-zonas-de-la-cara-297x300.jpg 297w, https:\/\/oui-oui.es\/blog\/wp-content\/uploads\/2019\/08\/Oui-Oui-maiko-yoga-facial-zonas-de-la-cara-768x776.jpg 768w, https:\/\/oui-oui.es\/blog\/wp-content\/uploads\/2019\/08\/Oui-Oui-maiko-yoga-facial-zonas-de-la-cara-600x606.jpg 600w, https:\/\/oui-oui.es\/blog\/wp-content\/uploads\/2019\/08\/Oui-Oui-maiko-yoga-facial-zonas-de-la-cara-640x646.jpg 640w, https:\/\/oui-oui.es\/blog\/wp-content\/uploads\/2019\/08\/Oui-Oui-maiko-yoga-facial-zonas-de-la-cara.jpg 1108w\" sizes=\"auto, (max-width: 1014px) 100vw, 1014px\" \/><\/figure>\n\n\n\n<p>Yo estuve yendo en mayo y junio, por motivos de agenda no pude ser lo recurrente que se debe (te recomienda que las cuatro sesiones iniciales sean en semanas seguidas, es decir, un mes, una vez a la semana) pero, a\u00fan as\u00ed, note los cambios desde la primera sesi\u00f3n. Ella analiz de d\u00f3nde viene f\u00edsicamente esa presi\u00f3n, normalmente de algo que tienes desajustado en otra zona del cuerpo, y act\u00faa en ambas partes.<\/p>\n\n\n\n<figure class=\"wp-block-image\"><img loading=\"lazy\" decoding=\"async\" width=\"760\" height=\"507\" src=\"https:\/\/oui-oui.es\/blog\/wp-content\/uploads\/2019\/08\/Oui-Oui-Maiko-yogafacial.jpg\" alt=\"\" class=\"wp-image-10087\" srcset=\"https:\/\/oui-oui.es\/blog\/wp-content\/uploads\/2019\/08\/Oui-Oui-Maiko-yogafacial.jpg 760w, https:\/\/oui-oui.es\/blog\/wp-content\/uploads\/2019\/08\/Oui-Oui-Maiko-yogafacial-300x200.jpg 300w, https:\/\/oui-oui.es\/blog\/wp-content\/uploads\/2019\/08\/Oui-Oui-Maiko-yogafacial-600x400.jpg 600w, https:\/\/oui-oui.es\/blog\/wp-content\/uploads\/2019\/08\/Oui-Oui-Maiko-yogafacial-640x427.jpg 640w\" sizes=\"auto, (max-width: 760px) 100vw, 760px\" \/><\/figure>\n\n\n\n<p>Lo cierto es que en vacaciones no he seguido ninguna rutina, m\u00e1s all\u00e1 de estirar cuando notaba que mi cuerpo se estaba anquilosando demasiado&#8230;Pero quiero ponerme de nuevo con las rutinas porque lo not\u00e9 much\u00edsimo.<\/p>\n\n\n\n<p>Me he centrado mucho en la mand\u00edbula porque es mi dolencia principal, pero si est\u00e1s preocupada por la <strong>flacidez de la cara<\/strong>, papada, ca\u00edda de p\u00e1rpados, etc&#8230;Es una forma natural de recuperar su tono y, sobretodo, de prevenir que caiga m\u00e1s \ud83d\ude09<\/p>\n\n\n\n<figure class=\"wp-block-image\"><img loading=\"lazy\" decoding=\"async\" width=\"960\" height=\"960\" src=\"https:\/\/oui-oui.es\/blog\/wp-content\/uploads\/2019\/08\/Oui-Oui-taller-yoga-facila-maiko.jpg\" alt=\"\" class=\"wp-image-10089\" srcset=\"https:\/\/oui-oui.es\/blog\/wp-content\/uploads\/2019\/08\/Oui-Oui-taller-yoga-facila-maiko.jpg 960w, https:\/\/oui-oui.es\/blog\/wp-content\/uploads\/2019\/08\/Oui-Oui-taller-yoga-facila-maiko-150x150.jpg 150w, https:\/\/oui-oui.es\/blog\/wp-content\/uploads\/2019\/08\/Oui-Oui-taller-yoga-facila-maiko-300x300.jpg 300w, https:\/\/oui-oui.es\/blog\/wp-content\/uploads\/2019\/08\/Oui-Oui-taller-yoga-facila-maiko-768x768.jpg 768w, https:\/\/oui-oui.es\/blog\/wp-content\/uploads\/2019\/08\/Oui-Oui-taller-yoga-facila-maiko-600x600.jpg 600w, https:\/\/oui-oui.es\/blog\/wp-content\/uploads\/2019\/08\/Oui-Oui-taller-yoga-facila-maiko-640x640.jpg 640w\" sizes=\"auto, (max-width: 960px) 100vw, 960px\" \/><\/figure>\n\n\n\n<p>Maiko dar\u00e1 un nuevo <strong>taller para combatir el bruxism<\/strong>o el pr\u00f3ximo <strong>15 de septiembre de 10.30 a 13.30h<\/strong> y si sufr\u00eds un poco de etsa dolecia os lo recomiendo much\u00edsimo, despu\u00e9s, cuando prob\u00e9is uno de sus masajes ya no querr\u00e9is dejarlo!<\/p>\n\n\n\n<p>Ella tiene su cosulta en <strong>C\/Orellana, 5<\/strong> y pod\u00e9is informaros de todo mejor en su web de <strong><a rel=\"noreferrer noopener\" aria-label=\" (opens in a new tab)\" href=\"http:\/\/www.yogafacial.es\" target=\"_blank\">Yoga Facial<\/a><\/strong> y en su <strong><a rel=\"noreferrer noopener\" aria-label=\" (opens in a new tab)\" href=\"https:\/\/www.instagram.com\/yoga_facial\/\" target=\"_blank\">Instagram<\/a><\/strong><\/p>\n\n\n\n<p>\u00a1Espero que os ayude tanto como a m\u00ed, si pudiera iba todos los meses!<\/p>\n","protected":false},"excerpt":{"rendered":"<p>Tengo molestias en la mand\u00edbula desde que estudiaba en la Universidad, un problema en ella hizo que llevara aparato, que haya ido a la oste\u00f3pata durante a\u00f1os, que duerma con f\u00e9rula, que me est\u00e9 dando automasajes cada dos por tres y que pruebe todo lo que cae en mis manos que pueda ayudar. Compartiendo esta [&hellip;]<\/p>\n","protected":false},"author":1,"featured_media":10087,"comment_status":"open","ping_status":"open","sticky":false,"template":"","format":"standard","meta":{"jetpack_post_was_ever_published":false,"_jetpack_newsletter_access":"","_jetpack_dont_email_post_to_subs":false,"_jetpack_newsletter_tier_id":0,"_jetpack_memberships_contains_paywalled_content":false,"_jetpack_memberships_contains_paid_content":false,"footnotes":"","jetpack_publicize_message":"","jetpack_publicize_feature_enabled":true,"jetpack_social_post_already_shared":true,"jetpack_social_options":{"image_generator_settings":{"template":"highway","default_image_id":0,"font":"","enabled":false},"version":2}},"categories":[177,876],"tags":[878,877],"class_list":["post-10086","post","type-post","status-publish","format-standard","has-post-thumbnail","hentry","category-lifestyle-2","category-saludable","tag-masajes","tag-yoga-facial"],"aioseo_notices":[],"jetpack_publicize_connections":[],"jetpack_featured_media_url":"https:\/\/oui-oui.es\/blog\/wp-content\/uploads\/2019\/08\/Oui-Oui-Maiko-yogafacial.jpg","jetpack_sharing_enabled":true,"jetpack-related-posts":[{"id":10766,"url":"https:\/\/oui-oui.es\/blog\/campamento-de-yoga-y-arte-en-zentro-urban-yoga\/","url_meta":{"origin":10086,"position":0},"title":"Campamento de yoga y arte en Zentro Urban Yoga","author":"Mar\u00eda \u2665Oui Oui\u2665","date":"20 mayo, 2022","format":false,"excerpt":"Hace unas semanas, cuando vi el taller de yoga en familia que impart\u00edan en Zentro Urban Yoga (en adelante ZUY), por el d\u00eda de la madre, corr\u00ed a apuntarme porque a Frida (6) le encanta hacer yoga en casa a su manera (jugar a relajarse, hacer ejercicios con el cuento\u2026","rel":"","context":"En \u00abEDUCACI\u00d3N\u00bb","block_context":{"text":"EDUCACI\u00d3N","link":"https:\/\/oui-oui.es\/blog\/category\/educacion\/"},"img":{"alt_text":"","src":"https:\/\/i0.wp.com\/oui-oui.es\/blog\/wp-content\/uploads\/2022\/05\/Oui-Oui-Campamento-Yoga-y-Arte-ZUY-Zentro-Urban-yoga-yoga-ninos-yoga-nias-yoga-infantil-arteterapia.png?resize=350%2C200&ssl=1","width":350,"height":200,"srcset":"https:\/\/i0.wp.com\/oui-oui.es\/blog\/wp-content\/uploads\/2022\/05\/Oui-Oui-Campamento-Yoga-y-Arte-ZUY-Zentro-Urban-yoga-yoga-ninos-yoga-nias-yoga-infantil-arteterapia.png?resize=350%2C200&ssl=1 1x, https:\/\/i0.wp.com\/oui-oui.es\/blog\/wp-content\/uploads\/2022\/05\/Oui-Oui-Campamento-Yoga-y-Arte-ZUY-Zentro-Urban-yoga-yoga-ninos-yoga-nias-yoga-infantil-arteterapia.png?resize=525%2C300&ssl=1 1.5x, https:\/\/i0.wp.com\/oui-oui.es\/blog\/wp-content\/uploads\/2022\/05\/Oui-Oui-Campamento-Yoga-y-Arte-ZUY-Zentro-Urban-yoga-yoga-ninos-yoga-nias-yoga-infantil-arteterapia.png?resize=700%2C400&ssl=1 2x, https:\/\/i0.wp.com\/oui-oui.es\/blog\/wp-content\/uploads\/2022\/05\/Oui-Oui-Campamento-Yoga-y-Arte-ZUY-Zentro-Urban-yoga-yoga-ninos-yoga-nias-yoga-infantil-arteterapia.png?resize=1050%2C600&ssl=1 3x"},"classes":[]},{"id":10814,"url":"https:\/\/oui-oui.es\/blog\/el-masaje-de-lifting-facial-que-tienes-que-probar\/","url_meta":{"origin":10086,"position":1},"title":"El masaje de lifting facial que tienes que probar","author":"Mar\u00eda \u2665Oui Oui\u2665","date":"16 octubre, 2023","format":false,"excerpt":"En The Healing Room descubrir\u00e1s un masaje de lifting facial que va mucho m\u00e1s all\u00e1; consiguiendo cambios emocionales a trav\u00e9s del rostro","rel":"","context":"En \u00abA un chico\u00bb","block_context":{"text":"A un chico","link":"https:\/\/oui-oui.es\/blog\/category\/no-se-que-regalar\/a-un-chico\/"},"img":{"alt_text":"","src":"https:\/\/i0.wp.com\/oui-oui.es\/blog\/wp-content\/uploads\/2023\/10\/Oui-Oui-Facial-Lifting-The-Healing-Room-Sculptural-Face-Lifting-Cabina-scaled.jpg?resize=350%2C200&ssl=1","width":350,"height":200,"srcset":"https:\/\/i0.wp.com\/oui-oui.es\/blog\/wp-content\/uploads\/2023\/10\/Oui-Oui-Facial-Lifting-The-Healing-Room-Sculptural-Face-Lifting-Cabina-scaled.jpg?resize=350%2C200&ssl=1 1x, https:\/\/i0.wp.com\/oui-oui.es\/blog\/wp-content\/uploads\/2023\/10\/Oui-Oui-Facial-Lifting-The-Healing-Room-Sculptural-Face-Lifting-Cabina-scaled.jpg?resize=525%2C300&ssl=1 1.5x, https:\/\/i0.wp.com\/oui-oui.es\/blog\/wp-content\/uploads\/2023\/10\/Oui-Oui-Facial-Lifting-The-Healing-Room-Sculptural-Face-Lifting-Cabina-scaled.jpg?resize=700%2C400&ssl=1 2x, https:\/\/i0.wp.com\/oui-oui.es\/blog\/wp-content\/uploads\/2023\/10\/Oui-Oui-Facial-Lifting-The-Healing-Room-Sculptural-Face-Lifting-Cabina-scaled.jpg?resize=1050%2C600&ssl=1 3x, https:\/\/i0.wp.com\/oui-oui.es\/blog\/wp-content\/uploads\/2023\/10\/Oui-Oui-Facial-Lifting-The-Healing-Room-Sculptural-Face-Lifting-Cabina-scaled.jpg?resize=1400%2C800&ssl=1 4x"},"classes":[]},{"id":189,"url":"https:\/\/oui-oui.es\/blog\/un-regalo-original-para-mamas-recientes-o-no\/","url_meta":{"origin":10086,"position":2},"title":"Un regalo original para mam\u00e1s recientes&#8230;","author":"Mar\u00eda \u2665Oui Oui\u2665","date":"23 noviembre, 2012","format":false,"excerpt":"Ten\u00eda muchas ganas de escribir este post porque cuando lo conoc\u00ed me pareci\u00f3 una idea estupenda; se trata de Baby Be, un centro de fisioterapia para la mujer y el beb\u00e9, realizan masajes sincronizados a la madre y al beb\u00e9 en camillas contiguas, creando un ambiente y momento muy especial.\u2026","rel":"","context":"En \u00abNI\u00d1OS Y NI\u00d1AS\u00bb","block_context":{"text":"NI\u00d1OS Y NI\u00d1AS","link":"https:\/\/oui-oui.es\/blog\/category\/ninos\/"},"img":{"alt_text":"","src":"https:\/\/i0.wp.com\/oui-oui.es\/blog\/wp-content\/uploads\/regalo-original-embarazadas-mama-reciente-regalo-madre-y-bebe-masaje-bebes-baby-be-oui-oui-blog.jpg?resize=350%2C200&ssl=1","width":350,"height":200},"classes":[]},{"id":638,"url":"https:\/\/oui-oui.es\/blog\/y-la-noticia-que-faltaba-era\/","url_meta":{"origin":10086,"position":3},"title":"Y la noticia que faltaba era&#8230;","author":"Mar\u00eda \u2665Oui Oui\u2665","date":"1 abril, 2013","format":false,"excerpt":"Como contaba hace unas semanas, marzo era un mes especial, fu\u00e9 mi cumple, lanc\u00e9 la tienda online (un mill\u00f3n de gracias por la buena acogida que est\u00e1 teniendo!!) y quedaba una sorpresa m\u00e1s por desvelar...Al final os la cuento en abril, pero en un d\u00eda tambi\u00e9n muy especial...Hoy en nuestro\u2026","rel":"","context":"En \u00abNI\u00d1OS Y NI\u00d1AS\u00bb","block_context":{"text":"NI\u00d1OS Y NI\u00d1AS","link":"https:\/\/oui-oui.es\/blog\/category\/ninos\/"},"img":{"alt_text":"","src":"https:\/\/i0.wp.com\/oui-oui.es\/blog\/wp-content\/uploads\/h1_track.jpg?resize=350%2C200&ssl=1","width":350,"height":200,"srcset":"https:\/\/i0.wp.com\/oui-oui.es\/blog\/wp-content\/uploads\/h1_track.jpg?resize=350%2C200&ssl=1 1x, https:\/\/i0.wp.com\/oui-oui.es\/blog\/wp-content\/uploads\/h1_track.jpg?resize=525%2C300&ssl=1 1.5x"},"classes":[]},{"id":6024,"url":"https:\/\/oui-oui.es\/blog\/secretos-del-agua-o-como-tener-buena-cara-siempre\/","url_meta":{"origin":10086,"position":4},"title":"Secretos del agua o c\u00f3mo tener buena cara siempre","author":"Mar\u00eda \u2665Oui Oui\u2665","date":"10 julio, 2017","format":false,"excerpt":"Este no es un blog de belleza, pero si encuentro algo que me est\u00e9 resultando, \u00a1tengo que compartirlo! y eso me pas\u00f3 con Secretos del Agua; me invitaron a la presentaci\u00f3n de sus productos (como otras tantas invitaciones; no lo digo por presumir, sino para que sep\u00e1is que s\u00f3lo lo\u2026","rel":"","context":"En \u00abESTILO DE VIDA\u00bb","block_context":{"text":"ESTILO DE VIDA","link":"https:\/\/oui-oui.es\/blog\/category\/lifestyle-2\/"},"img":{"alt_text":"","src":"https:\/\/i0.wp.com\/oui-oui.es\/blog\/wp-content\/uploads\/2017\/07\/Oui-Oui-secretos-del-agua-pureza.jpg?resize=350%2C200&ssl=1","width":350,"height":200,"srcset":"https:\/\/i0.wp.com\/oui-oui.es\/blog\/wp-content\/uploads\/2017\/07\/Oui-Oui-secretos-del-agua-pureza.jpg?resize=350%2C200&ssl=1 1x, https:\/\/i0.wp.com\/oui-oui.es\/blog\/wp-content\/uploads\/2017\/07\/Oui-Oui-secretos-del-agua-pureza.jpg?resize=525%2C300&ssl=1 1.5x, https:\/\/i0.wp.com\/oui-oui.es\/blog\/wp-content\/uploads\/2017\/07\/Oui-Oui-secretos-del-agua-pureza.jpg?resize=700%2C400&ssl=1 2x, https:\/\/i0.wp.com\/oui-oui.es\/blog\/wp-content\/uploads\/2017\/07\/Oui-Oui-secretos-del-agua-pureza.jpg?resize=1050%2C600&ssl=1 3x, https:\/\/i0.wp.com\/oui-oui.es\/blog\/wp-content\/uploads\/2017\/07\/Oui-Oui-secretos-del-agua-pureza.jpg?resize=1400%2C800&ssl=1 4x"},"classes":[]},{"id":4625,"url":"https:\/\/oui-oui.es\/blog\/la-caja-de-la-calma-mindfulness-para-ninos\/","url_meta":{"origin":10086,"position":5},"title":"La caja de la calma; mindfulness para ni\u00f1os","author":"Mar\u00eda \u2665Oui Oui\u2665","date":"11 julio, 2016","format":false,"excerpt":"Parece que \u00faltimamente s\u00f3lo escribo para proponer cosas que comprar, pero han llegado a m\u00ed tantas cosas chulas que \u00a1me es imposible no recomendarlas! y hoy os voy a hablar de la Caja m\u00e1gica de la calma, una gran idea de Hippy Kids Yoga para acercar el midfulness (ser consciente\u2026","rel":"","context":"En \u00abNI\u00d1OS Y NI\u00d1AS\u00bb","block_context":{"text":"NI\u00d1OS Y NI\u00d1AS","link":"https:\/\/oui-oui.es\/blog\/category\/ninos\/"},"img":{"alt_text":"","src":"https:\/\/i0.wp.com\/oui-oui.es\/blog\/wp-content\/uploads\/2016\/07\/Oui-Oui-caja-magica-de-la-calma-mindfulness-para-ni%C3%B1os-yoga-ni%C3%B1os-juego-relajante-ni%C3%B1os-4.jpg?resize=350%2C200&ssl=1","width":350,"height":200,"srcset":"https:\/\/i0.wp.com\/oui-oui.es\/blog\/wp-content\/uploads\/2016\/07\/Oui-Oui-caja-magica-de-la-calma-mindfulness-para-ni%C3%B1os-yoga-ni%C3%B1os-juego-relajante-ni%C3%B1os-4.jpg?resize=350%2C200&ssl=1 1x, https:\/\/i0.wp.com\/oui-oui.es\/blog\/wp-content\/uploads\/2016\/07\/Oui-Oui-caja-magica-de-la-calma-mindfulness-para-ni%C3%B1os-yoga-ni%C3%B1os-juego-relajante-ni%C3%B1os-4.jpg?resize=525%2C300&ssl=1 1.5x, https:\/\/i0.wp.com\/oui-oui.es\/blog\/wp-content\/uploads\/2016\/07\/Oui-Oui-caja-magica-de-la-calma-mindfulness-para-ni%C3%B1os-yoga-ni%C3%B1os-juego-relajante-ni%C3%B1os-4.jpg?resize=700%2C400&ssl=1 2x, https:\/\/i0.wp.com\/oui-oui.es\/blog\/wp-content\/uploads\/2016\/07\/Oui-Oui-caja-magica-de-la-calma-mindfulness-para-ni%C3%B1os-yoga-ni%C3%B1os-juego-relajante-ni%C3%B1os-4.jpg?resize=1050%2C600&ssl=1 3x"},"classes":[]}],"_links":{"self":[{"href":"https:\/\/oui-oui.es\/blog\/wp-json\/wp\/v2\/posts\/10086","targetHints":{"allow":["GET"]}}],"collection":[{"href":"https:\/\/oui-oui.es\/blog\/wp-json\/wp\/v2\/posts"}],"about":[{"href":"https:\/\/oui-oui.es\/blog\/wp-json\/wp\/v2\/types\/post"}],"author":[{"embeddable":true,"href":"https:\/\/oui-oui.es\/blog\/wp-json\/wp\/v2\/users\/1"}],"replies":[{"embeddable":true,"href":"https:\/\/oui-oui.es\/blog\/wp-json\/wp\/v2\/comments?post=10086"}],"version-history":[{"count":1,"href":"https:\/\/oui-oui.es\/blog\/wp-json\/wp\/v2\/posts\/10086\/revisions"}],"predecessor-version":[{"id":10091,"href":"https:\/\/oui-oui.es\/blog\/wp-json\/wp\/v2\/posts\/10086\/revisions\/10091"}],"wp:featuredmedia":[{"embeddable":true,"href":"https:\/\/oui-oui.es\/blog\/wp-json\/wp\/v2\/media\/10087"}],"wp:attachment":[{"href":"https:\/\/oui-oui.es\/blog\/wp-json\/wp\/v2\/media?parent=10086"}],"wp:term":[{"taxonomy":"category","embeddable":true,"href":"https:\/\/oui-oui.es\/blog\/wp-json\/wp\/v2\/categories?post=10086"},{"taxonomy":"post_tag","embeddable":true,"href":"https:\/\/oui-oui.es\/blog\/wp-json\/wp\/v2\/tags?post=10086"}],"curies":[{"name":"wp","href":"https:\/\/api.w.org\/{rel}","templated":true}]}}