{"id":10115,"date":"2019-09-13T09:15:18","date_gmt":"2019-09-13T07:15:18","guid":{"rendered":"https:\/\/oui-oui.es\/blog\/?p=10115"},"modified":"2019-09-13T09:15:21","modified_gmt":"2019-09-13T07:15:21","slug":"re-boda-si-o-no","status":"publish","type":"post","link":"https:\/\/oui-oui.es\/blog\/re-boda-si-o-no\/","title":{"rendered":"Re boda, \u00bfs\u00ed o no?"},"content":{"rendered":"\n<p>Septiembre es un mes muy especial, aunque cada vez m\u00e1s se est\u00e1 convirtiendo\nen un mes m\u00e1s estresante, sigo teni\u00e9ndole mucho cari\u00f1o.<\/p>\n\n\n\n<p>En septiembre es la vuelta al cole que tanto me ha gustado siempre, tambi\u00e9n\nes mi comienzo de a\u00f1o, pues mi mente piensa en cursos escolares y no naturales.\nEn septiembre es mi Santo y, ese mismo d\u00eda, adem\u00e1s, naci\u00f3 mi hijo Mart\u00edn. Es\nmuy curioso como ahora me felicitan m\u00e1s por su cumplea\u00f1os que por mi Santo.<\/p>\n\n\n\n<figure class=\"wp-block-image\"><img loading=\"lazy\" decoding=\"async\" width=\"849\" height=\"1024\" src=\"https:\/\/oui-oui.es\/blog\/wp-content\/uploads\/2019\/09\/Ramo-boda-oui-oui-bici-just-married-asturias-849x1024.jpg\" alt=\"\" class=\"wp-image-10119\" srcset=\"https:\/\/oui-oui.es\/blog\/wp-content\/uploads\/2019\/09\/Ramo-boda-oui-oui-bici-just-married-asturias-849x1024.jpg 849w, https:\/\/oui-oui.es\/blog\/wp-content\/uploads\/2019\/09\/Ramo-boda-oui-oui-bici-just-married-asturias-249x300.jpg 249w, https:\/\/oui-oui.es\/blog\/wp-content\/uploads\/2019\/09\/Ramo-boda-oui-oui-bici-just-married-asturias-768x927.jpg 768w, https:\/\/oui-oui.es\/blog\/wp-content\/uploads\/2019\/09\/Ramo-boda-oui-oui-bici-just-married-asturias-600x724.jpg 600w, https:\/\/oui-oui.es\/blog\/wp-content\/uploads\/2019\/09\/Ramo-boda-oui-oui-bici-just-married-asturias-640x772.jpg 640w, https:\/\/oui-oui.es\/blog\/wp-content\/uploads\/2019\/09\/Ramo-boda-oui-oui-bici-just-married-asturias.jpg 1326w\" sizes=\"auto, (max-width: 849px) 100vw, 849px\" \/><\/figure>\n\n\n\n<p>Pero septiembre tambi\u00e9n es el mes en el que nos casamos, porque es un mes buen\u00edsimo en Asturias, el martes <strong>hicimos ocho a\u00f1os de casados<\/strong> que, por un lado, me parecen un mont\u00f3n y, por otro lado, es como que todo ha ido muy r\u00e1pido y lo veo ya lejos.<\/p>\n\n\n\n<figure class=\"wp-block-image\"><img loading=\"lazy\" decoding=\"async\" width=\"765\" height=\"1024\" src=\"https:\/\/oui-oui.es\/blog\/wp-content\/uploads\/2019\/09\/oui-oui-set-bienvenida-regalo-invitados-original-vogue-asturias-765x1024.jpg\" alt=\"\" class=\"wp-image-10117\" srcset=\"https:\/\/oui-oui.es\/blog\/wp-content\/uploads\/2019\/09\/oui-oui-set-bienvenida-regalo-invitados-original-vogue-asturias-765x1024.jpg 765w, https:\/\/oui-oui.es\/blog\/wp-content\/uploads\/2019\/09\/oui-oui-set-bienvenida-regalo-invitados-original-vogue-asturias-224x300.jpg 224w, https:\/\/oui-oui.es\/blog\/wp-content\/uploads\/2019\/09\/oui-oui-set-bienvenida-regalo-invitados-original-vogue-asturias-768x1028.jpg 768w, https:\/\/oui-oui.es\/blog\/wp-content\/uploads\/2019\/09\/oui-oui-set-bienvenida-regalo-invitados-original-vogue-asturias-600x803.jpg 600w, https:\/\/oui-oui.es\/blog\/wp-content\/uploads\/2019\/09\/oui-oui-set-bienvenida-regalo-invitados-original-vogue-asturias-640x857.jpg 640w, https:\/\/oui-oui.es\/blog\/wp-content\/uploads\/2019\/09\/oui-oui-set-bienvenida-regalo-invitados-original-vogue-asturias.jpg 1936w\" sizes=\"auto, (max-width: 765px) 100vw, 765px\" \/><\/figure>\n\n\n\n<p>El martes salimos a celebrar el aniversario de boda (tambi\u00e9n tenemos aniversario del primer beso, \u00bfvosotros?), ten\u00edamos un plan genial que al final se nos fastidi\u00f3 un poco as\u00ed que no lo cuento hasta que lo podamos hacer, pero tiene pinta de ser muy divertido, igualmente. El caso es que, aunque ya el cumplea\u00f1os de mi hijo y la vuelta al cole eclipsa casi todo esta semana quise pararme un momento a <strong>recordar esos meses previos a la boda<\/strong>, el momento de buscar para <strong><a href=\"https:\/\/www.pronovias.com\/es\/vestidos-novia\/\">comprar vestidos de novia<\/a><\/strong> , todas las <strong>revistas y recortes<\/strong> que ten\u00eda, las citas previas buscando vestido, viendo telas hasta que das con lo que te gusta, <strong>nuestros viajes a Asturias para organizar todo<\/strong>\u2026La verdad es que fue un a\u00f1o muy intenso pero muy bonito.<\/p>\n\n\n\n<figure class=\"wp-block-image\"><img loading=\"lazy\" decoding=\"async\" width=\"960\" height=\"720\" src=\"https:\/\/oui-oui.es\/blog\/wp-content\/uploads\/2019\/09\/oui-oui-boda-rustica-chic-palacio-rubianes.jpg\" alt=\"\" class=\"wp-image-10118\" srcset=\"https:\/\/oui-oui.es\/blog\/wp-content\/uploads\/2019\/09\/oui-oui-boda-rustica-chic-palacio-rubianes.jpg 960w, https:\/\/oui-oui.es\/blog\/wp-content\/uploads\/2019\/09\/oui-oui-boda-rustica-chic-palacio-rubianes-300x225.jpg 300w, https:\/\/oui-oui.es\/blog\/wp-content\/uploads\/2019\/09\/oui-oui-boda-rustica-chic-palacio-rubianes-768x576.jpg 768w, https:\/\/oui-oui.es\/blog\/wp-content\/uploads\/2019\/09\/oui-oui-boda-rustica-chic-palacio-rubianes-600x450.jpg 600w, https:\/\/oui-oui.es\/blog\/wp-content\/uploads\/2019\/09\/oui-oui-boda-rustica-chic-palacio-rubianes-640x480.jpg 640w\" sizes=\"auto, (max-width: 960px) 100vw, 960px\" \/><\/figure>\n\n\n\n<p>Mucha gente dice que si se volviera a casar cambiar\u00eda muchas cosas de su\nboda, yo pienso lo contrario, har\u00eda muchas cosas de la misma forma (\u00a1salvo el\nfot\u00f3grafo, jeje, que lo cambiar\u00eda sin dudar!) con todos los fot\u00f3grafos\nincre\u00edbles que conozco ahora por la zona de Asturias me costar\u00eda elegir!<\/p>\n\n\n\n<p>De hecho dijimos que har\u00edamos una <em><strong>reboda<\/strong><\/em><strong> a los diez a\u00f1os<\/strong> (y hasta pensamos el sitio) y s\u00f3lo quedan dos\u2026Creo que fuimos muy ingenuos al no pensar la que tendr\u00edamos encima de hijos y gastos a los diez a\u00f1os..je,je, pero, en cualquier caso, haremos algo!, ahora me veo m\u00e1s llev\u00e1ndonos a los ni\u00f1os a un viaje guay, aunque, qui\u00e9n sabe!<\/p>\n\n\n\n<div class=\"wp-block-image\"><figure class=\"aligncenter\"><img loading=\"lazy\" decoding=\"async\" width=\"428\" height=\"642\" src=\"https:\/\/oui-oui.es\/blog\/wp-content\/uploads\/2019\/09\/country-rustic-wedding-oui-oui-grupo-musica-re-boda.jpg\" alt=\"\" class=\"wp-image-10120\" srcset=\"https:\/\/oui-oui.es\/blog\/wp-content\/uploads\/2019\/09\/country-rustic-wedding-oui-oui-grupo-musica-re-boda.jpg 428w, https:\/\/oui-oui.es\/blog\/wp-content\/uploads\/2019\/09\/country-rustic-wedding-oui-oui-grupo-musica-re-boda-200x300.jpg 200w\" sizes=\"auto, (max-width: 428px) 100vw, 428px\" \/><\/figure><\/div>\n\n\n\n<p>Una fiesta har\u00edamos seguro, y ah\u00ed entra la duda del tipo de vestido, ya tengo varias amigas que han optado por <strong><a href=\"https:\/\/www.pronovias.com\/es\/vestidos-novia\/vestidos-novia-cortos\/\">vestidos de novia cortos pronovias<\/a><\/strong> y no lo descarto, ir de corto en lugar de largo, pero con el mismo aire nupcial, \u00bfqu\u00e9 os parece?<\/p>\n\n\n\n<p>Lo que sin duda habr\u00eda en mi <em>reboda<\/em> ser\u00eda un grupo de m\u00fasica, a\u00fan\ntenemos tiempo para determinar el estilo &#x1f609;.<\/p>\n\n\n\n<p>Sirva este post para que los que le\u00e1is el blog y estuvierais en la boda <strong>par\u00e9is un segundo a recordar lo que m\u00e1s os gust\u00f3 de ese fin de semana<\/strong>, eso s\u00ed que lo repetir\u00eda ya \u00a1un fin de semana as\u00ed con tantos amigos y familia!<\/p>\n","protected":false},"excerpt":{"rendered":"<p>Septiembre es un mes muy especial, aunque cada vez m\u00e1s se est\u00e1 convirtiendo en un mes m\u00e1s estresante, sigo teni\u00e9ndole mucho cari\u00f1o. En septiembre es la vuelta al cole que tanto me ha gustado siempre, tambi\u00e9n es mi comienzo de a\u00f1o, pues mi mente piensa en cursos escolares y no naturales. En septiembre es mi [&hellip;]<\/p>\n","protected":false},"author":1,"featured_media":10119,"comment_status":"open","ping_status":"open","sticky":false,"template":"","format":"standard","meta":{"jetpack_post_was_ever_published":false,"_jetpack_newsletter_access":"","_jetpack_dont_email_post_to_subs":false,"_jetpack_newsletter_tier_id":0,"_jetpack_memberships_contains_paywalled_content":false,"_jetpack_memberships_contains_paid_content":false,"footnotes":"","jetpack_publicize_message":"","jetpack_publicize_feature_enabled":true,"jetpack_social_post_already_shared":true,"jetpack_social_options":{"image_generator_settings":{"template":"highway","default_image_id":0,"font":"","enabled":false},"version":2}},"categories":[704],"tags":[],"class_list":["post-10115","post","type-post","status-publish","format-standard","has-post-thumbnail","hentry","category-boda"],"aioseo_notices":[],"jetpack_publicize_connections":[],"jetpack_featured_media_url":"https:\/\/oui-oui.es\/blog\/wp-content\/uploads\/2019\/09\/Ramo-boda-oui-oui-bici-just-married-asturias.jpg","jetpack_sharing_enabled":true,"jetpack-related-posts":[{"id":4710,"url":"https:\/\/oui-oui.es\/blog\/y-de-repente-ha-pasado-septiembre\/","url_meta":{"origin":10115,"position":0},"title":"Y, de repente, ha pasado septiembre","author":"Mar\u00eda \u2665Oui Oui\u2665","date":"3 octubre, 2016","format":false,"excerpt":"Me ha costado pero ya he vuelto a mi medio rutina, despu\u00e9s de casi dos meses de teletrabajo, vacaciones, viajes, adaptaci\u00f3n al cole...Empezamos octubre con varios to do\u00b4s tachados; la adaptaci\u00f3n al cole de Mart\u00edn, el tercer cumplea\u00f1os de Mart\u00edn, una boda y el cambio (y la reorganizaci\u00f3n que ha\u2026","rel":"","context":"En \u00abFIESTAS y CELEBRACIONES\u00bb","block_context":{"text":"FIESTAS y CELEBRACIONES","link":"https:\/\/oui-oui.es\/blog\/category\/fiestas-celebraciones\/"},"img":{"alt_text":"","src":"https:\/\/i0.wp.com\/oui-oui.es\/blog\/wp-content\/uploads\/2016\/09\/Oui-Oui-medems-catering-invitarte-la-tayada.jpg?resize=350%2C200&ssl=1","width":350,"height":200,"srcset":"https:\/\/i0.wp.com\/oui-oui.es\/blog\/wp-content\/uploads\/2016\/09\/Oui-Oui-medems-catering-invitarte-la-tayada.jpg?resize=350%2C200&ssl=1 1x, https:\/\/i0.wp.com\/oui-oui.es\/blog\/wp-content\/uploads\/2016\/09\/Oui-Oui-medems-catering-invitarte-la-tayada.jpg?resize=525%2C300&ssl=1 1.5x, https:\/\/i0.wp.com\/oui-oui.es\/blog\/wp-content\/uploads\/2016\/09\/Oui-Oui-medems-catering-invitarte-la-tayada.jpg?resize=700%2C400&ssl=1 2x, https:\/\/i0.wp.com\/oui-oui.es\/blog\/wp-content\/uploads\/2016\/09\/Oui-Oui-medems-catering-invitarte-la-tayada.jpg?resize=1050%2C600&ssl=1 3x, https:\/\/i0.wp.com\/oui-oui.es\/blog\/wp-content\/uploads\/2016\/09\/Oui-Oui-medems-catering-invitarte-la-tayada.jpg?resize=1400%2C800&ssl=1 4x"},"classes":[]},{"id":3027,"url":"https:\/\/oui-oui.es\/blog\/wishlist-de-septiembre\/","url_meta":{"origin":10115,"position":1},"title":"Wishlist de septiembre","author":"Mar\u00eda \u2665Oui Oui\u2665","date":"1 septiembre, 2015","format":false,"excerpt":"Ya de vuelta al blog aprovecho que septiembre es un mes lleno de celebraciones para empezar de nuevo con las listas de deseos que tanto me gustan; celebramos cuatro a\u00f1os de casados y a los dos d\u00edas es mi Santo (un tanto olvidado desde hace dos a\u00f1os porque coincide con\u2026","rel":"","context":"En \u00abESTILO DE VIDA\u00bb","block_context":{"text":"ESTILO DE VIDA","link":"https:\/\/oui-oui.es\/blog\/category\/lifestyle-2\/"},"img":{"alt_text":"","src":"https:\/\/i0.wp.com\/oui-oui.es\/blog\/wp-content\/uploads\/2015\/09\/Oui-Oui-algo-sucede-ultimo-disco-2015-julieta-venegas.jpg?resize=350%2C200&ssl=1","width":350,"height":200,"srcset":"https:\/\/i0.wp.com\/oui-oui.es\/blog\/wp-content\/uploads\/2015\/09\/Oui-Oui-algo-sucede-ultimo-disco-2015-julieta-venegas.jpg?resize=350%2C200&ssl=1 1x, https:\/\/i0.wp.com\/oui-oui.es\/blog\/wp-content\/uploads\/2015\/09\/Oui-Oui-algo-sucede-ultimo-disco-2015-julieta-venegas.jpg?resize=525%2C300&ssl=1 1.5x"},"classes":[]},{"id":1692,"url":"https:\/\/oui-oui.es\/blog\/mi-agenda-de-octubre\/","url_meta":{"origin":10115,"position":2},"title":"Mi agenda de octubre","author":"Mar\u00eda \u2665Oui Oui\u2665","date":"12 noviembre, 2014","format":false,"excerpt":"Outlook me va a dos por hora, as\u00ed que mientras sincroniza carpetas y actualiza correos he decidido escribir otro post (s\u00ed, o no escribo en un mes o escribo dos d\u00edas seguidos, a\u00fan no he conseguido ser constante con el blog, qu\u00e9 se le va a hacer!). Y como tengo\u2026","rel":"","context":"En \u00abESTILO DE VIDA\u00bb","block_context":{"text":"ESTILO DE VIDA","link":"https:\/\/oui-oui.es\/blog\/category\/lifestyle-2\/"},"img":{"alt_text":"","src":"https:\/\/i0.wp.com\/oui-oui.es\/blog\/wp-content\/uploads\/2014\/11\/oui-oui-las-autc3a9nticas-puertas-del-ratoncito-pc3a9rez-58.jpg?resize=350%2C200&ssl=1","width":350,"height":200,"srcset":"https:\/\/i0.wp.com\/oui-oui.es\/blog\/wp-content\/uploads\/2014\/11\/oui-oui-las-autc3a9nticas-puertas-del-ratoncito-pc3a9rez-58.jpg?resize=350%2C200&ssl=1 1x, https:\/\/i0.wp.com\/oui-oui.es\/blog\/wp-content\/uploads\/2014\/11\/oui-oui-las-autc3a9nticas-puertas-del-ratoncito-pc3a9rez-58.jpg?resize=525%2C300&ssl=1 1.5x, https:\/\/i0.wp.com\/oui-oui.es\/blog\/wp-content\/uploads\/2014\/11\/oui-oui-las-autc3a9nticas-puertas-del-ratoncito-pc3a9rez-58.jpg?resize=700%2C400&ssl=1 2x, https:\/\/i0.wp.com\/oui-oui.es\/blog\/wp-content\/uploads\/2014\/11\/oui-oui-las-autc3a9nticas-puertas-del-ratoncito-pc3a9rez-58.jpg?resize=1050%2C600&ssl=1 3x, https:\/\/i0.wp.com\/oui-oui.es\/blog\/wp-content\/uploads\/2014\/11\/oui-oui-las-autc3a9nticas-puertas-del-ratoncito-pc3a9rez-58.jpg?resize=1400%2C800&ssl=1 4x"},"classes":[]},{"id":96,"url":"https:\/\/oui-oui.es\/blog\/una-boda-sencilla-llena-de-detalles-y-con-un-estilo-muy-campestre\/","url_meta":{"origin":10115,"position":3},"title":"Una boda sencilla, llena de detalles y con un estilo muy campestre","author":"Mar\u00eda \u2665Oui Oui\u2665","date":"20 noviembre, 2012","format":false,"excerpt":"\u00c1lvaro y yo nos casamos en septiembre del a\u00f1o pasado y hasta ahora no he escrito un post completo sobre la boda (en Superfluo Imprescindible lo hice sobre los zapatos y sobre el ramo) por lo abrumador que se me hac\u00eda pensar c\u00f3mo contarlo todo. Pero tras ped\u00edrmelo muchas personas\u2026","rel":"","context":"En \u00abBoda\u00bb","block_context":{"text":"Boda","link":"https:\/\/oui-oui.es\/blog\/category\/fiestas-celebraciones\/boda\/"},"img":{"alt_text":"","src":"https:\/\/i0.wp.com\/oui-oui.es\/blog\/wp-content\/uploads\/oui-oui-boda-ma-carteles-madera-boda-palacio-de-rubianes.jpg?resize=350%2C200&ssl=1","width":350,"height":200,"srcset":"https:\/\/i0.wp.com\/oui-oui.es\/blog\/wp-content\/uploads\/oui-oui-boda-ma-carteles-madera-boda-palacio-de-rubianes.jpg?resize=350%2C200&ssl=1 1x, https:\/\/i0.wp.com\/oui-oui.es\/blog\/wp-content\/uploads\/oui-oui-boda-ma-carteles-madera-boda-palacio-de-rubianes.jpg?resize=525%2C300&ssl=1 1.5x, https:\/\/i0.wp.com\/oui-oui.es\/blog\/wp-content\/uploads\/oui-oui-boda-ma-carteles-madera-boda-palacio-de-rubianes.jpg?resize=700%2C400&ssl=1 2x, https:\/\/i0.wp.com\/oui-oui.es\/blog\/wp-content\/uploads\/oui-oui-boda-ma-carteles-madera-boda-palacio-de-rubianes.jpg?resize=1050%2C600&ssl=1 3x"},"classes":[]},{"id":2495,"url":"https:\/\/oui-oui.es\/blog\/las-puertas-del-ratoncito-perez-de-mayo\/","url_meta":{"origin":10115,"position":4},"title":"Las puertas del ratoncito P\u00e9rez de mayo","author":"Mar\u00eda \u2665Oui Oui\u2665","date":"1 junio, 2015","format":false,"excerpt":"\u00a0 Creo que me he saltado un par de meses porque hemos tenido mucho l\u00edo, pero no quer\u00eda dejar de ense\u00f1aros por aqu\u00ed alguna de las puertas para el ratoncito P\u00e9rez que hemos hecho este mes, como sab\u00e9is, las hacemos personalizadas\u00a0con el n\u00famero o nombre que quer\u00e1is, as\u00ed como con\u2026","rel":"","context":"En \u00abNI\u00d1OS Y NI\u00d1AS\u00bb","block_context":{"text":"NI\u00d1OS Y NI\u00d1AS","link":"https:\/\/oui-oui.es\/blog\/category\/ninos\/"},"img":{"alt_text":"","src":"https:\/\/i0.wp.com\/oui-oui.es\/blog\/wp-content\/uploads\/2015\/06\/oui-oui-edicion-especial-puerta-ratocnito-pc3a9rez-san-isidro-puerta-chulapa.jpg?resize=350%2C200&ssl=1","width":350,"height":200},"classes":[]},{"id":132,"url":"https:\/\/oui-oui.es\/blog\/una-boda-sencilla-llena-de-detalles-y-con-un-estilo-muy-campestre-parte-ii\/","url_meta":{"origin":10115,"position":5},"title":"Una boda sencilla, llena de detalles y con un estilo muy campestre (Parte II)","author":"Mar\u00eda \u2665Oui Oui\u2665","date":"21 noviembre, 2012","format":false,"excerpt":"No quiero ser pesada, as\u00ed que espero terminar con este post de contar lo bonita y divertida que fu\u00e9 nuestra boda. Otra cosa no s\u00e9, pero de lo que si podemos estar orgullosos fu\u00e9 del amor y el cari\u00f1o que se respiraba en el ambiente, por nuestra parte, pero tambi\u00e9n\u2026","rel":"","context":"En \u00abBoda\u00bb","block_context":{"text":"Boda","link":"https:\/\/oui-oui.es\/blog\/category\/fiestas-celebraciones\/boda\/"},"img":{"alt_text":"","src":"https:\/\/i0.wp.com\/oui-oui.es\/blog\/wp-content\/uploads\/oui-oui-boda-ma-hc3b3rreo-palacio-rubianes.jpg?resize=350%2C200&ssl=1","width":350,"height":200,"srcset":"https:\/\/i0.wp.com\/oui-oui.es\/blog\/wp-content\/uploads\/oui-oui-boda-ma-hc3b3rreo-palacio-rubianes.jpg?resize=350%2C200&ssl=1 1x, https:\/\/i0.wp.com\/oui-oui.es\/blog\/wp-content\/uploads\/oui-oui-boda-ma-hc3b3rreo-palacio-rubianes.jpg?resize=525%2C300&ssl=1 1.5x, https:\/\/i0.wp.com\/oui-oui.es\/blog\/wp-content\/uploads\/oui-oui-boda-ma-hc3b3rreo-palacio-rubianes.jpg?resize=700%2C400&ssl=1 2x, https:\/\/i0.wp.com\/oui-oui.es\/blog\/wp-content\/uploads\/oui-oui-boda-ma-hc3b3rreo-palacio-rubianes.jpg?resize=1050%2C600&ssl=1 3x, https:\/\/i0.wp.com\/oui-oui.es\/blog\/wp-content\/uploads\/oui-oui-boda-ma-hc3b3rreo-palacio-rubianes.jpg?resize=1400%2C800&ssl=1 4x"},"classes":[]}],"_links":{"self":[{"href":"https:\/\/oui-oui.es\/blog\/wp-json\/wp\/v2\/posts\/10115","targetHints":{"allow":["GET"]}}],"collection":[{"href":"https:\/\/oui-oui.es\/blog\/wp-json\/wp\/v2\/posts"}],"about":[{"href":"https:\/\/oui-oui.es\/blog\/wp-json\/wp\/v2\/types\/post"}],"author":[{"embeddable":true,"href":"https:\/\/oui-oui.es\/blog\/wp-json\/wp\/v2\/users\/1"}],"replies":[{"embeddable":true,"href":"https:\/\/oui-oui.es\/blog\/wp-json\/wp\/v2\/comments?post=10115"}],"version-history":[{"count":1,"href":"https:\/\/oui-oui.es\/blog\/wp-json\/wp\/v2\/posts\/10115\/revisions"}],"predecessor-version":[{"id":10121,"href":"https:\/\/oui-oui.es\/blog\/wp-json\/wp\/v2\/posts\/10115\/revisions\/10121"}],"wp:featuredmedia":[{"embeddable":true,"href":"https:\/\/oui-oui.es\/blog\/wp-json\/wp\/v2\/media\/10119"}],"wp:attachment":[{"href":"https:\/\/oui-oui.es\/blog\/wp-json\/wp\/v2\/media?parent=10115"}],"wp:term":[{"taxonomy":"category","embeddable":true,"href":"https:\/\/oui-oui.es\/blog\/wp-json\/wp\/v2\/categories?post=10115"},{"taxonomy":"post_tag","embeddable":true,"href":"https:\/\/oui-oui.es\/blog\/wp-json\/wp\/v2\/tags?post=10115"}],"curies":[{"name":"wp","href":"https:\/\/api.w.org\/{rel}","templated":true}]}}