{"id":1014,"date":"2013-11-12T11:53:00","date_gmt":"2013-11-12T10:53:00","guid":{"rendered":"http:\/\/ouiouiblog.wordpress.com\/?p=1014"},"modified":"2013-11-12T11:53:00","modified_gmt":"2013-11-12T10:53:00","slug":"nos-vemos-este-finde-en-love-vintage","status":"publish","type":"post","link":"https:\/\/oui-oui.es\/blog\/nos-vemos-este-finde-en-love-vintage\/","title":{"rendered":"Nos vemos este finde en Love &#038; Vintage"},"content":{"rendered":"<p style=\"text-align:center;\"><a href=\"http:\/\/ouiouiblog.files.wordpress.com\/2013\/11\/oui-oui-feria-bodas-vintage-madrid-love-and-vintage.jpg\"><img loading=\"lazy\" decoding=\"async\" class=\"aligncenter size-full wp-image-1017\" alt=\"Oui Oui-feria bodas vintage madrid-love and vintage\" src=\"http:\/\/ouiouiblog.files.wordpress.com\/2013\/11\/oui-oui-feria-bodas-vintage-madrid-love-and-vintage.jpg\" width=\"510\" height=\"720\" srcset=\"https:\/\/oui-oui.es\/blog\/wp-content\/uploads\/oui-oui-feria-bodas-vintage-madrid-love-and-vintage.jpg 510w, https:\/\/oui-oui.es\/blog\/wp-content\/uploads\/oui-oui-feria-bodas-vintage-madrid-love-and-vintage-213x300.jpg 213w\" sizes=\"auto, (max-width: 510px) 100vw, 510px\" \/><\/a><\/p>\n<p style=\"text-align:center;\">Se me echa el tiempo encima y no me daba tiempo a contaros el plan para este fin de semana!!&#8230;Estaremos en la <strong>I Feria de Bodas Vintage<\/strong>&#8230;<strong><a href=\"https:\/\/www.facebook.com\/loveandvintageferiadebodas?fref=ts\" target=\"_blank\">Love &amp; Vintage<\/a><\/strong>.<\/p>\n<p style=\"text-align:center;\"><a href=\"http:\/\/ouiouiblog.files.wordpress.com\/2013\/11\/oui-oui-detalles-decoracic3b3n-boda-feria-bodas-vintage-love-and-vintage-33.jpg\"><img loading=\"lazy\" decoding=\"async\" class=\"aligncenter size-full wp-image-1026\" alt=\"Oui Oui-detalles decoraci\u00f3n boda-feria bodas vintage-love and vintage (33)\" src=\"http:\/\/ouiouiblog.files.wordpress.com\/2013\/11\/oui-oui-detalles-decoracic3b3n-boda-feria-bodas-vintage-love-and-vintage-33.jpg\" width=\"529\" height=\"352\" srcset=\"https:\/\/oui-oui.es\/blog\/wp-content\/uploads\/oui-oui-detalles-decoracic3b3n-boda-feria-bodas-vintage-love-and-vintage-33.jpg 1417w, https:\/\/oui-oui.es\/blog\/wp-content\/uploads\/oui-oui-detalles-decoracic3b3n-boda-feria-bodas-vintage-love-and-vintage-33-300x200.jpg 300w, https:\/\/oui-oui.es\/blog\/wp-content\/uploads\/oui-oui-detalles-decoracic3b3n-boda-feria-bodas-vintage-love-and-vintage-33-1024x681.jpg 1024w\" sizes=\"auto, (max-width: 529px) 100vw, 529px\" \/><\/a><\/p>\n<p style=\"text-align:center;\">No es por nada, pero s\u00e9 que promete, tenemos la suerte de estar acompa\u00f1ados de los mejores, <strong>tanto si te casas como si te gustan las bodas y las fiestas con un toque vintage no puedes perd\u00e9rtela<\/strong>&#8230;<\/p>\n<p style=\"text-align:center;\">Nos acompa\u00f1ar\u00e1n las chicas de <strong>Maison Pom Poms <\/strong><\/p>\n<p style=\"text-align:center;\"><a href=\"http:\/\/ouiouiblog.files.wordpress.com\/2013\/11\/oui-oui-pompones-columpio-c3a1rbol-maison-pom-poms-feria-bodas-vintage-love-and-vintage.jpg\"><img loading=\"lazy\" decoding=\"async\" class=\"aligncenter size-full wp-image-1023\" alt=\"Oui Oui-pompones columpio \u00e1rbol, maison pom poms, feria bodas vintage-love and vintage\" src=\"http:\/\/ouiouiblog.files.wordpress.com\/2013\/11\/oui-oui-pompones-columpio-c3a1rbol-maison-pom-poms-feria-bodas-vintage-love-and-vintage.jpg\" width=\"522\" height=\"414\" srcset=\"https:\/\/oui-oui.es\/blog\/wp-content\/uploads\/oui-oui-pompones-columpio-c3a1rbol-maison-pom-poms-feria-bodas-vintage-love-and-vintage.jpg 522w, https:\/\/oui-oui.es\/blog\/wp-content\/uploads\/oui-oui-pompones-columpio-c3a1rbol-maison-pom-poms-feria-bodas-vintage-love-and-vintage-300x238.jpg 300w\" sizes=\"auto, (max-width: 522px) 100vw, 522px\" \/><\/a><\/p>\n<p style=\"text-align:center;\">El catering <strong>Pocheville <\/strong><\/p>\n<p style=\"text-align:center;\"><a href=\"http:\/\/ouiouiblog.files.wordpress.com\/2013\/11\/oui-oui-catering-pocheville-foie-feria-bodas-vintage-love-and-vintage.jpg\"><img loading=\"lazy\" decoding=\"async\" class=\"aligncenter size-full wp-image-1016\" alt=\"Oui Oui-catering pocheville-foie-feria bodas vintage-love and vintage\" src=\"http:\/\/ouiouiblog.files.wordpress.com\/2013\/11\/oui-oui-catering-pocheville-foie-feria-bodas-vintage-love-and-vintage.jpg\" width=\"529\" height=\"352\" srcset=\"https:\/\/oui-oui.es\/blog\/wp-content\/uploads\/oui-oui-catering-pocheville-foie-feria-bodas-vintage-love-and-vintage.jpg 960w, https:\/\/oui-oui.es\/blog\/wp-content\/uploads\/oui-oui-catering-pocheville-foie-feria-bodas-vintage-love-and-vintage-300x200.jpg 300w\" sizes=\"auto, (max-width: 529px) 100vw, 529px\" \/><\/a><\/p>\n<p style=\"text-align:center;\">Los vestidos de <strong>Marcela Mansergas<\/strong><\/p>\n<p style=\"text-align:center;\"><a href=\"http:\/\/ouiouiblog.files.wordpress.com\/2013\/11\/oui-oui-marcela-mansergas-feria-bodas-vintage-love-and-vintage.jpg\"><img loading=\"lazy\" decoding=\"async\" class=\"aligncenter size-full wp-image-1020\" alt=\"Oui Oui-marcela mansergas-feria bodas vintage-love and vintage\" src=\"http:\/\/ouiouiblog.files.wordpress.com\/2013\/11\/oui-oui-marcela-mansergas-feria-bodas-vintage-love-and-vintage.jpg\" width=\"529\" height=\"529\" srcset=\"https:\/\/oui-oui.es\/blog\/wp-content\/uploads\/oui-oui-marcela-mansergas-feria-bodas-vintage-love-and-vintage.jpg 640w, https:\/\/oui-oui.es\/blog\/wp-content\/uploads\/oui-oui-marcela-mansergas-feria-bodas-vintage-love-and-vintage-150x150.jpg 150w, https:\/\/oui-oui.es\/blog\/wp-content\/uploads\/oui-oui-marcela-mansergas-feria-bodas-vintage-love-and-vintage-300x300.jpg 300w\" sizes=\"auto, (max-width: 529px) 100vw, 529px\" \/><\/a><\/p>\n<p style=\"text-align:center;\">La lista de bodas de <strong>Calista One<\/strong><\/p>\n<p style=\"text-align:center;\"><a href=\"http:\/\/ouiouiblog.files.wordpress.com\/2013\/11\/oui-oui-calista-one-lista-bodas-online-feria-bodas-vintage-love-and-vintage.jpg\"><img loading=\"lazy\" decoding=\"async\" class=\"aligncenter size-full wp-image-1024\" alt=\"Oui Oui-calista one-lista bodas online-feria bodas vintage-love and vintage\" src=\"http:\/\/ouiouiblog.files.wordpress.com\/2013\/11\/oui-oui-calista-one-lista-bodas-online-feria-bodas-vintage-love-and-vintage.jpg\" width=\"529\" height=\"504\" srcset=\"https:\/\/oui-oui.es\/blog\/wp-content\/uploads\/oui-oui-calista-one-lista-bodas-online-feria-bodas-vintage-love-and-vintage.jpg 886w, https:\/\/oui-oui.es\/blog\/wp-content\/uploads\/oui-oui-calista-one-lista-bodas-online-feria-bodas-vintage-love-and-vintage-300x286.jpg 300w\" sizes=\"auto, (max-width: 529px) 100vw, 529px\" \/><\/a><\/p>\n<p style=\"text-align:center;\">Las flores en el <strong>Columpio<\/strong><\/p>\n<p style=\"text-align:center;\"><a href=\"http:\/\/ouiouiblog.files.wordpress.com\/2013\/11\/oui-oui-flores-en-el-columpio-feria-bodas-vintage-love-and-vintage.jpg\"><img loading=\"lazy\" decoding=\"async\" class=\"aligncenter size-full wp-image-1019\" alt=\"Oui OUi-flores en el columpio-feria bodas vintage-love and vintage\" src=\"http:\/\/ouiouiblog.files.wordpress.com\/2013\/11\/oui-oui-flores-en-el-columpio-feria-bodas-vintage-love-and-vintage.jpg\" width=\"529\" height=\"396\" srcset=\"https:\/\/oui-oui.es\/blog\/wp-content\/uploads\/oui-oui-flores-en-el-columpio-feria-bodas-vintage-love-and-vintage.jpg 720w, https:\/\/oui-oui.es\/blog\/wp-content\/uploads\/oui-oui-flores-en-el-columpio-feria-bodas-vintage-love-and-vintage-300x225.jpg 300w\" sizes=\"auto, (max-width: 529px) 100vw, 529px\" \/><\/a><\/p>\n<p style=\"text-align:center;\">Las mesas de dulces de <strong>Nice Party<\/strong>&#8230;Que adem\u00e1s estaremos stand con stand, no s\u00e9 si voy a poder resisitirme!<\/p>\n<p style=\"text-align:center;\"><a href=\"http:\/\/ouiouiblog.files.wordpress.com\/2013\/11\/oui-oui-mesa-dulces-nice-party-feria-bodas-vintage-love-and-vintage.jpg\"><img loading=\"lazy\" decoding=\"async\" class=\"aligncenter size-full wp-image-1021\" alt=\"Oui Oui-mesa dulces nice party, feria bodas vintage, love and vintage\" src=\"http:\/\/ouiouiblog.files.wordpress.com\/2013\/11\/oui-oui-mesa-dulces-nice-party-feria-bodas-vintage-love-and-vintage.jpg\" width=\"529\" height=\"352\" srcset=\"https:\/\/oui-oui.es\/blog\/wp-content\/uploads\/oui-oui-mesa-dulces-nice-party-feria-bodas-vintage-love-and-vintage.jpg 650w, https:\/\/oui-oui.es\/blog\/wp-content\/uploads\/oui-oui-mesa-dulces-nice-party-feria-bodas-vintage-love-and-vintage-300x200.jpg 300w\" sizes=\"auto, (max-width: 529px) 100vw, 529px\" \/><\/a><\/p>\n<p style=\"text-align:center;\">Adem\u00e1s, tendremos un trocito del <strong>sal\u00f3n de t\u00e9 Marg\u00f3<\/strong> para poder hacer un descanso y tomarnos una <em>relaxing cup<\/em> de lo que queramos \ud83d\ude09<\/p>\n<p style=\"text-align:center;\"><a href=\"http:\/\/ouiouiblog.files.wordpress.com\/2013\/11\/oui-oui-salc3b3n-de-tc3a9-margc3b3-tomar-el-tc3a9-cerca-del-ie-feria-bodas-vintage-love-and-vintage.jpg\"><img loading=\"lazy\" decoding=\"async\" class=\"aligncenter size-full wp-image-1025\" alt=\"Oui Oui-sal\u00f3n de t\u00e9 marg\u00f3-tomar el t\u00e9 cerca del IE-feria bodas vintage-love and vintage\" src=\"http:\/\/ouiouiblog.files.wordpress.com\/2013\/11\/oui-oui-salc3b3n-de-tc3a9-margc3b3-tomar-el-tc3a9-cerca-del-ie-feria-bodas-vintage-love-and-vintage.jpg\" width=\"529\" height=\"322\" srcset=\"https:\/\/oui-oui.es\/blog\/wp-content\/uploads\/oui-oui-salc3b3n-de-tc3a9-margc3b3-tomar-el-tc3a9-cerca-del-ie-feria-bodas-vintage-love-and-vintage.jpg 630w, https:\/\/oui-oui.es\/blog\/wp-content\/uploads\/oui-oui-salc3b3n-de-tc3a9-margc3b3-tomar-el-tc3a9-cerca-del-ie-feria-bodas-vintage-love-and-vintage-300x183.jpg 300w\" sizes=\"auto, (max-width: 529px) 100vw, 529px\" \/><\/a><\/p>\n<p style=\"text-align:center;\">Todo organizado por <strong>Something Old<\/strong> y <strong>Cristina &amp; Co<\/strong> wedding planner<\/p>\n<p style=\"text-align:center;\"><a href=\"http:\/\/ouiouiblog.files.wordpress.com\/2013\/11\/oui-oui-caravana-airstream-cristina-and-co-wedding-planner-feria-bodas-vintage-love-and-vintage.jpg\"><img loading=\"lazy\" decoding=\"async\" class=\"aligncenter size-full wp-image-1015\" alt=\"Oui Oui-caravana airstream, cristina and co wedding planner, feria bodas vintage, love and vintage\" src=\"http:\/\/ouiouiblog.files.wordpress.com\/2013\/11\/oui-oui-caravana-airstream-cristina-and-co-wedding-planner-feria-bodas-vintage-love-and-vintage.jpg\" width=\"529\" height=\"365\" srcset=\"https:\/\/oui-oui.es\/blog\/wp-content\/uploads\/oui-oui-caravana-airstream-cristina-and-co-wedding-planner-feria-bodas-vintage-love-and-vintage.jpg 720w, https:\/\/oui-oui.es\/blog\/wp-content\/uploads\/oui-oui-caravana-airstream-cristina-and-co-wedding-planner-feria-bodas-vintage-love-and-vintage-300x208.jpg 300w\" sizes=\"auto, (max-width: 529px) 100vw, 529px\" \/><\/a><\/p>\n<p style=\"text-align:center;\">En un lugar especial&#8230;El <strong>Palacio de Santa B\u00e1rbara<\/strong>, donde estuvo <a href=\"http:\/\/superfluo-imprescindible.blogspot.com.es\/2013\/06\/un-fin-de-semana-tope.html\" target=\"_blank\">The Patio<\/a><\/p>\n<p style=\"text-align:center;\"><a href=\"http:\/\/ouiouiblog.files.wordpress.com\/2013\/11\/oui-oui-palacio-santa-barbara-palacio-the-patio-palacio-feria-bodas-vintage-love-and-vintage.jpg\"><img loading=\"lazy\" decoding=\"async\" class=\"aligncenter size-full wp-image-1022\" alt=\"Oui Oui-palacio santa barbara, palacio the patio, palacio feria bodas vintage, love and vintage\" src=\"http:\/\/ouiouiblog.files.wordpress.com\/2013\/11\/oui-oui-palacio-santa-barbara-palacio-the-patio-palacio-feria-bodas-vintage-love-and-vintage.jpg\" width=\"529\" height=\"330\" srcset=\"https:\/\/oui-oui.es\/blog\/wp-content\/uploads\/oui-oui-palacio-santa-barbara-palacio-the-patio-palacio-feria-bodas-vintage-love-and-vintage.jpg 828w, https:\/\/oui-oui.es\/blog\/wp-content\/uploads\/oui-oui-palacio-santa-barbara-palacio-the-patio-palacio-feria-bodas-vintage-love-and-vintage-300x188.jpg 300w\" sizes=\"auto, (max-width: 529px) 100vw, 529px\" \/><\/a><\/p>\n<p style=\"text-align:center;\">\u00bfCu\u00e1ndo exactamente?<\/p>\n<p style=\"text-align:center;\"><strong>Viernes 15 de 17 a 21h<\/strong><\/p>\n<p style=\"text-align:center;\"><strong>S\u00e1bado 16 y Domingo 17 de 11 a 21h<\/strong><\/p>\n<p style=\"text-align:center;\">C\/Hortaleza,87 Metro Alonso Mart\u00ednez<\/p>\n<p style=\"text-align:center;\"><strong>OS ESPERO ALL\u00cd!!!<\/strong><\/p>\n<p style=\"text-align:center;\">-Todas las im\u00e1genes han sido tomadas del perfil de FB de Love &amp; Vintage, excepto la del vestido de Marcela que es de Casilda se Casa, y la de Marg\u00f3 y Calista One (Google)-<\/p>\n","protected":false},"excerpt":{"rendered":"<p>Se me echa el tiempo encima y no me daba tiempo a contaros el plan para este fin de semana!!&#8230;Estaremos en la I Feria de Bodas Vintage&#8230;Love &amp; Vintage. No es por nada, pero s\u00e9 que promete, tenemos la suerte de estar acompa\u00f1ados de los mejores, tanto si te casas como si te gustan las [&hellip;]<\/p>\n","protected":false},"author":1,"featured_media":1017,"comment_status":"open","ping_status":"open","sticky":false,"template":"","format":"standard","meta":{"jetpack_post_was_ever_published":false,"_jetpack_newsletter_access":"","_jetpack_dont_email_post_to_subs":false,"_jetpack_newsletter_tier_id":0,"_jetpack_memberships_contains_paywalled_content":false,"_jetpack_memberships_contains_paid_content":false,"footnotes":"","jetpack_publicize_message":"","jetpack_publicize_feature_enabled":true,"jetpack_social_post_already_shared":false,"jetpack_social_options":{"image_generator_settings":{"template":"highway","default_image_id":0,"font":"","enabled":false},"version":2}},"categories":[704],"tags":[44,718,53,733],"class_list":["post-1014","post","type-post","status-publish","format-standard","has-post-thumbnail","hentry","category-boda","tag-boda-campestre","tag-bodas","tag-candy-bar","tag-oui-oui-concept-store"],"aioseo_notices":[],"jetpack_publicize_connections":[],"jetpack_featured_media_url":"https:\/\/oui-oui.es\/blog\/wp-content\/uploads\/oui-oui-feria-bodas-vintage-madrid-love-and-vintage.jpg","jetpack_sharing_enabled":true,"jetpack-related-posts":[{"id":2661,"url":"https:\/\/oui-oui.es\/blog\/memorias-del-ayer-los-muebles-mas-bonitos-para-tu-boda\/","url_meta":{"origin":1014,"position":0},"title":"Memorias del Ayer: los muebles m\u00e1s bonitos para tu boda","author":"Mar\u00eda \u2665Oui Oui\u2665","date":"24 junio, 2015","format":false,"excerpt":"Descubr\u00ed a las chicas de Memorias del Ayer cuando buscando mesa para el evento de Telva, Eva nos las sugiri\u00f3 y ellas nos prestaron la mesa del candy bar encantadas. Desde entonces he podido conocer su trabajo un poquito m\u00e1s y quer\u00eda compartirlo porque quiz\u00e1s te sirva de ayuda si\u2026","rel":"","context":"En \u00abBoda\u00bb","block_context":{"text":"Boda","link":"https:\/\/oui-oui.es\/blog\/category\/fiestas-celebraciones\/boda\/"},"img":{"alt_text":"","src":"https:\/\/i0.wp.com\/oui-oui.es\/blog\/wp-content\/uploads\/Oui-Oui-alquiler-muebles-vintage-bodas-memorias-del-ayer-2.jpg?resize=350%2C200&ssl=1","width":350,"height":200,"srcset":"https:\/\/i0.wp.com\/oui-oui.es\/blog\/wp-content\/uploads\/Oui-Oui-alquiler-muebles-vintage-bodas-memorias-del-ayer-2.jpg?resize=350%2C200&ssl=1 1x, https:\/\/i0.wp.com\/oui-oui.es\/blog\/wp-content\/uploads\/Oui-Oui-alquiler-muebles-vintage-bodas-memorias-del-ayer-2.jpg?resize=525%2C300&ssl=1 1.5x, https:\/\/i0.wp.com\/oui-oui.es\/blog\/wp-content\/uploads\/Oui-Oui-alquiler-muebles-vintage-bodas-memorias-del-ayer-2.jpg?resize=700%2C400&ssl=1 2x, https:\/\/i0.wp.com\/oui-oui.es\/blog\/wp-content\/uploads\/Oui-Oui-alquiler-muebles-vintage-bodas-memorias-del-ayer-2.jpg?resize=1050%2C600&ssl=1 3x"},"classes":[]},{"id":1029,"url":"https:\/\/oui-oui.es\/blog\/el-buen-rollo-del-finde-pasado\/","url_meta":{"origin":1014,"position":1},"title":"El buen rollo del finde pasado&#8230;","author":"Mar\u00eda \u2665Oui Oui\u2665","date":"21 noviembre, 2013","format":false,"excerpt":"El domingo llegu\u00e9 a casa con un subid\u00f3n, ten\u00eda que estar cansad\u00edsima despu\u00e9s de tres d\u00edas (de 11 a 21h y con mis salidas para dar el pecho...) en la Feria Love & Vintage, pero (a\u00fan), el cansancio no hab\u00eda llegado, estaba como esp\u00eddica contando todo lo que hab\u00eda pasado\u2026","rel":"","context":"En \u00abBoda\u00bb","block_context":{"text":"Boda","link":"https:\/\/oui-oui.es\/blog\/category\/fiestas-celebraciones\/boda\/"},"img":{"alt_text":"","src":"https:\/\/i0.wp.com\/oui-oui.es\/blog\/wp-content\/uploads\/oui-oui-stand-en-la-feria-bodas-love-and-vintage.jpg?resize=350%2C200&ssl=1","width":350,"height":200,"srcset":"https:\/\/i0.wp.com\/oui-oui.es\/blog\/wp-content\/uploads\/oui-oui-stand-en-la-feria-bodas-love-and-vintage.jpg?resize=350%2C200&ssl=1 1x, https:\/\/i0.wp.com\/oui-oui.es\/blog\/wp-content\/uploads\/oui-oui-stand-en-la-feria-bodas-love-and-vintage.jpg?resize=525%2C300&ssl=1 1.5x"},"classes":[]},{"id":2120,"url":"https:\/\/oui-oui.es\/blog\/quieres-una-boda-diy-no-te-pierdas-mi-evento-handmade\/","url_meta":{"origin":1014,"position":2},"title":"\u00bfQuieres una boda DIY? no te pierdas \u00abMi evento handmade\u00bb","author":"Mar\u00eda \u2665Oui Oui\u2665","date":"24 abril, 2015","format":false,"excerpt":"\u00a0 Hace un par de semanas pasamos una tarde muy divertida aprendiendo a hacer diferentes cosas que pudieran ayudarnos si organiz\u00e1bamos nuestra propia boda, fiesta o evento, aprendimos a carvar sellos; una disciplina muy relajante que os recomiendo si no la conoc\u00e9is! , hicimos nuestra propia cajita (que pod\u00edamos haber\u2026","rel":"","context":"En \u00abBoda\u00bb","block_context":{"text":"Boda","link":"https:\/\/oui-oui.es\/blog\/category\/fiestas-celebraciones\/boda\/"},"img":{"alt_text":"","src":"https:\/\/i0.wp.com\/oui-oui.es\/blog\/wp-content\/uploads\/2015\/04\/oui-oui-mi-evento-handmade-lettering-bodas-packaging-bodas-centros-flores-diy-tijeras-torre-eiffel.jpg?resize=350%2C200&ssl=1","width":350,"height":200},"classes":[]},{"id":434,"url":"https:\/\/oui-oui.es\/blog\/una-invitacion-de-boda-diferente-arroz-nupcial\/","url_meta":{"origin":1014,"position":3},"title":"Una invitaci\u00f3n de boda diferente, arroz nupcial","author":"Mar\u00eda \u2665Oui Oui\u2665","date":"14 enero, 2013","format":false,"excerpt":"Hoy os traigo una invitaci\u00f3n de boda diferente, me ha gustado porque juega con un elemento cl\u00e1sico en las bodas como es el arroz pero lo descontexualiza, una invitaci\u00f3n de boda que en realidad es un saquito de arroz. Personalmente no soy de tirar arroz en las bodas ni lo\u2026","rel":"","context":"En \u00abBoda\u00bb","block_context":{"text":"Boda","link":"https:\/\/oui-oui.es\/blog\/category\/fiestas-celebraciones\/boda\/"},"img":{"alt_text":"","src":"https:\/\/i0.wp.com\/oui-oui.es\/blog\/wp-content\/uploads\/2013\/01\/oui-oui-blog-invitaciones-boda-originales-arroz-nupcial-menudostudio-1.jpg?resize=350%2C200&ssl=1","width":350,"height":200,"srcset":"https:\/\/i0.wp.com\/oui-oui.es\/blog\/wp-content\/uploads\/2013\/01\/oui-oui-blog-invitaciones-boda-originales-arroz-nupcial-menudostudio-1.jpg?resize=350%2C200&ssl=1 1x, https:\/\/i0.wp.com\/oui-oui.es\/blog\/wp-content\/uploads\/2013\/01\/oui-oui-blog-invitaciones-boda-originales-arroz-nupcial-menudostudio-1.jpg?resize=525%2C300&ssl=1 1.5x"},"classes":[]},{"id":5134,"url":"https:\/\/oui-oui.es\/blog\/the-wedding-studio\/","url_meta":{"origin":1014,"position":4},"title":"The Wedding Studio","author":"Mar\u00eda \u2665Oui Oui\u2665","date":"15 febrero, 2017","format":false,"excerpt":"Desde hac\u00eda tiempo quer\u00edamos ofrecer a los novios y profesionales del mundo bodas algo diferente, desde nuestro punto de vista, con nuestro estilo y formas de hacer. La boda perfecta es fruto del buen trabajo en equipo de todos los que participan en ella, y, como si comparti\u00e9ramos Studio cada\u2026","rel":"","context":"En \u00abBoda\u00bb","block_context":{"text":"Boda","link":"https:\/\/oui-oui.es\/blog\/category\/fiestas-celebraciones\/boda\/"},"img":{"alt_text":"","src":"https:\/\/i0.wp.com\/oui-oui.es\/blog\/wp-content\/uploads\/2017\/02\/Oui-Oui-The-Wedding-Studio-Elena-Bau-Fotograf%C3%ADa-Bodas-Color%C3%ADn.jpg?resize=350%2C200&ssl=1","width":350,"height":200,"srcset":"https:\/\/i0.wp.com\/oui-oui.es\/blog\/wp-content\/uploads\/2017\/02\/Oui-Oui-The-Wedding-Studio-Elena-Bau-Fotograf%C3%ADa-Bodas-Color%C3%ADn.jpg?resize=350%2C200&ssl=1 1x, https:\/\/i0.wp.com\/oui-oui.es\/blog\/wp-content\/uploads\/2017\/02\/Oui-Oui-The-Wedding-Studio-Elena-Bau-Fotograf%C3%ADa-Bodas-Color%C3%ADn.jpg?resize=525%2C300&ssl=1 1.5x, https:\/\/i0.wp.com\/oui-oui.es\/blog\/wp-content\/uploads\/2017\/02\/Oui-Oui-The-Wedding-Studio-Elena-Bau-Fotograf%C3%ADa-Bodas-Color%C3%ADn.jpg?resize=700%2C400&ssl=1 2x, https:\/\/i0.wp.com\/oui-oui.es\/blog\/wp-content\/uploads\/2017\/02\/Oui-Oui-The-Wedding-Studio-Elena-Bau-Fotograf%C3%ADa-Bodas-Color%C3%ADn.jpg?resize=1050%2C600&ssl=1 3x, https:\/\/i0.wp.com\/oui-oui.es\/blog\/wp-content\/uploads\/2017\/02\/Oui-Oui-The-Wedding-Studio-Elena-Bau-Fotograf%C3%ADa-Bodas-Color%C3%ADn.jpg?resize=1400%2C800&ssl=1 4x"},"classes":[]},{"id":1986,"url":"https:\/\/oui-oui.es\/blog\/una-lista-de-bodas-real\/","url_meta":{"origin":1014,"position":5},"title":"Vade Studio: Una lista de bodas real","author":"Mar\u00eda \u2665Oui Oui\u2665","date":"12 marzo, 2015","format":false,"excerpt":"Parece que con el tiempo se va perdiendo la costumbre de hacer \"regalos de verdad\" en una boda, en la \u00e9poca de nuestros padres casi todos los regalos eran objetos (con el consiguiente rollo de tener tres soperas de plata, por ejemplo), despu\u00e9s vinieron las listas de boda tipo \"Bodaclick\",\u2026","rel":"","context":"En \u00abBoda\u00bb","block_context":{"text":"Boda","link":"https:\/\/oui-oui.es\/blog\/category\/fiestas-celebraciones\/boda\/"},"img":{"alt_text":"","src":"https:\/\/i0.wp.com\/oui-oui.es\/blog\/wp-content\/uploads\/2015\/03\/oui-oui-lista-de-bodas-y-decoracion-vade-studio.jpg?resize=350%2C200&ssl=1","width":350,"height":200,"srcset":"https:\/\/i0.wp.com\/oui-oui.es\/blog\/wp-content\/uploads\/2015\/03\/oui-oui-lista-de-bodas-y-decoracion-vade-studio.jpg?resize=350%2C200&ssl=1 1x, https:\/\/i0.wp.com\/oui-oui.es\/blog\/wp-content\/uploads\/2015\/03\/oui-oui-lista-de-bodas-y-decoracion-vade-studio.jpg?resize=525%2C300&ssl=1 1.5x"},"classes":[]}],"_links":{"self":[{"href":"https:\/\/oui-oui.es\/blog\/wp-json\/wp\/v2\/posts\/1014","targetHints":{"allow":["GET"]}}],"collection":[{"href":"https:\/\/oui-oui.es\/blog\/wp-json\/wp\/v2\/posts"}],"about":[{"href":"https:\/\/oui-oui.es\/blog\/wp-json\/wp\/v2\/types\/post"}],"author":[{"embeddable":true,"href":"https:\/\/oui-oui.es\/blog\/wp-json\/wp\/v2\/users\/1"}],"replies":[{"embeddable":true,"href":"https:\/\/oui-oui.es\/blog\/wp-json\/wp\/v2\/comments?post=1014"}],"version-history":[{"count":0,"href":"https:\/\/oui-oui.es\/blog\/wp-json\/wp\/v2\/posts\/1014\/revisions"}],"wp:featuredmedia":[{"embeddable":true,"href":"https:\/\/oui-oui.es\/blog\/wp-json\/wp\/v2\/media\/1017"}],"wp:attachment":[{"href":"https:\/\/oui-oui.es\/blog\/wp-json\/wp\/v2\/media?parent=1014"}],"wp:term":[{"taxonomy":"category","embeddable":true,"href":"https:\/\/oui-oui.es\/blog\/wp-json\/wp\/v2\/categories?post=1014"},{"taxonomy":"post_tag","embeddable":true,"href":"https:\/\/oui-oui.es\/blog\/wp-json\/wp\/v2\/tags?post=1014"}],"curies":[{"name":"wp","href":"https:\/\/api.w.org\/{rel}","templated":true}]}}