{"id":10158,"date":"2019-09-25T18:55:14","date_gmt":"2019-09-25T16:55:14","guid":{"rendered":"https:\/\/oui-oui.es\/blog\/?p=10158"},"modified":"2019-09-25T18:55:18","modified_gmt":"2019-09-25T16:55:18","slug":"carta-natal-como-regalo-de-nacimiento","status":"publish","type":"post","link":"https:\/\/oui-oui.es\/blog\/carta-natal-como-regalo-de-nacimiento\/","title":{"rendered":"Carta Natal como regalo de nacimiento"},"content":{"rendered":"\n<p>\u00bfSab\u00e9is lo que es una <strong><a rel=\"noreferrer noopener\" aria-label=\" (opens in a new tab)\" href=\"https:\/\/www.elcieloencendido.com\/copia-de-producto\" target=\"_blank\">carta natal<\/a><\/strong>? se trata de un Informe Astrol\u00f3gico en el que se hace\u00a0un estudio\u00a0de la persona, analizando sus fortalezas y debilidades, ofreciendo\u00a0consejos\u00a0para <strong>potenciar\u00a0sus talentos y localizando los conflictos, para poderlos trabajar<\/strong>. Siempre desde\u00a0una filosof\u00eda constructiva\u00a0que <strong>nos ayude\u00a0a desarrollarnos\u00a0plenamente<\/strong>, y simpre basado en tu momento de nacimiento (fecha y hora).<\/p>\n\n\n\n<figure class=\"wp-block-image\"><img loading=\"lazy\" decoding=\"async\" width=\"1024\" height=\"768\" src=\"https:\/\/oui-oui.es\/blog\/wp-content\/uploads\/2019\/09\/Carta-natal-ni\u00f1os-El-cielo-encendido-regalo-original-recien-nacidos-Oui-Oui-1024x768.jpg\" alt=\"\" class=\"wp-image-10159\" srcset=\"https:\/\/oui-oui.es\/blog\/wp-content\/uploads\/2019\/09\/Carta-natal-ni\u00f1os-El-cielo-encendido-regalo-original-recien-nacidos-Oui-Oui-1024x768.jpg 1024w, https:\/\/oui-oui.es\/blog\/wp-content\/uploads\/2019\/09\/Carta-natal-ni\u00f1os-El-cielo-encendido-regalo-original-recien-nacidos-Oui-Oui-300x225.jpg 300w, https:\/\/oui-oui.es\/blog\/wp-content\/uploads\/2019\/09\/Carta-natal-ni\u00f1os-El-cielo-encendido-regalo-original-recien-nacidos-Oui-Oui-768x576.jpg 768w, https:\/\/oui-oui.es\/blog\/wp-content\/uploads\/2019\/09\/Carta-natal-ni\u00f1os-El-cielo-encendido-regalo-original-recien-nacidos-Oui-Oui-600x450.jpg 600w, https:\/\/oui-oui.es\/blog\/wp-content\/uploads\/2019\/09\/Carta-natal-ni\u00f1os-El-cielo-encendido-regalo-original-recien-nacidos-Oui-Oui-640x480.jpg 640w\" sizes=\"auto, (max-width: 1024px) 100vw, 1024px\" \/><\/figure>\n\n\n\n<p>A mi me regalaron una de <strong><a rel=\"noreferrer noopener\" aria-label=\" (opens in a new tab)\" href=\"https:\/\/www.elcieloencendido.com\" target=\"_blank\">El Cielo Encendido<\/a><\/strong> con cada nacimiento de mis dos hijos y, aunque no soy de leer el hor\u00f3scopo, si creo, por lo que me ha demostrado en el tiempo, en los datos, y, sobretodo en una buena interpretaci\u00f3n de los mismos, <strong>que te proporciona esta carta para ayudarte en la crianza de los ni\u00f1os.<\/strong><\/p>\n\n\n\n<p>Obviamente sirve para todo tipo de edades, pero enfocado a los ni\u00f1os me gusta especialmente porque <strong>concreta mucho<\/strong> (ah\u00ed se nota el arte de Natacha, su creadora), en <strong>c\u00f3mo enfocar las debilidades y fortalezas en la personalidad de cada ni\u00f1o o ni\u00f1a.<\/strong><\/p>\n\n\n\n<figure class=\"wp-block-image\"><img loading=\"lazy\" decoding=\"async\" width=\"1024\" height=\"768\" src=\"https:\/\/oui-oui.es\/blog\/wp-content\/uploads\/2019\/09\/IMG_1283-1024x768.jpg\" alt=\"\" class=\"wp-image-10160\" srcset=\"https:\/\/oui-oui.es\/blog\/wp-content\/uploads\/2019\/09\/IMG_1283-1024x768.jpg 1024w, https:\/\/oui-oui.es\/blog\/wp-content\/uploads\/2019\/09\/IMG_1283-300x225.jpg 300w, https:\/\/oui-oui.es\/blog\/wp-content\/uploads\/2019\/09\/IMG_1283-768x576.jpg 768w, https:\/\/oui-oui.es\/blog\/wp-content\/uploads\/2019\/09\/IMG_1283-600x450.jpg 600w, https:\/\/oui-oui.es\/blog\/wp-content\/uploads\/2019\/09\/IMG_1283-640x480.jpg 640w\" sizes=\"auto, (max-width: 1024px) 100vw, 1024px\" \/><\/figure>\n\n\n\n<p>Como os contaba, me la regalaron cuando nacieron, la le\u00ed en ese momento, pero, obiavemente, en ese momento mis hijos ten\u00edan semanas y a\u00fan no pod\u00eda ver el car\u00e1cter, cuando me regalaron la de mi hija, rele\u00ed la de mi hijo (dos a\u00f1os y medo mayor) y ya vimos much\u00edsimos aspectos. Con la mudanza, recuper\u00e9 ambas cartas natales y las le\u00edmos mi marido y yo, as\u00ed como algunas personas de mi familia y <strong>es ALUCINANTE<\/strong> (de verdad, si \u00abno crees en estas cosas\u00bb tienes a\u00fan m\u00e1s motivos para comprobarlo) <strong>lo que clava la personalidad de ambos, cada uno muy distinto, con matices que no podr\u00edan ser para cualquier ni\u00f1o<\/strong> (no es lo t\u00edpico que dices \u00abpodr\u00eda ser mi hijo tambi\u00e9n), <strong>los m\u00edos tienen personalidades muy diferentes y ambas se plasman de forma impresionante en sus cartas.<\/strong><\/p>\n\n\n\n<figure class=\"wp-block-image\"><img loading=\"lazy\" decoding=\"async\" width=\"1024\" height=\"768\" src=\"https:\/\/oui-oui.es\/blog\/wp-content\/uploads\/2019\/09\/IMG_1284-1024x768.jpg\" alt=\"\" class=\"wp-image-10161\" srcset=\"https:\/\/oui-oui.es\/blog\/wp-content\/uploads\/2019\/09\/IMG_1284-1024x768.jpg 1024w, https:\/\/oui-oui.es\/blog\/wp-content\/uploads\/2019\/09\/IMG_1284-300x225.jpg 300w, https:\/\/oui-oui.es\/blog\/wp-content\/uploads\/2019\/09\/IMG_1284-768x576.jpg 768w, https:\/\/oui-oui.es\/blog\/wp-content\/uploads\/2019\/09\/IMG_1284-600x450.jpg 600w, https:\/\/oui-oui.es\/blog\/wp-content\/uploads\/2019\/09\/IMG_1284-640x480.jpg 640w\" sizes=\"auto, (max-width: 1024px) 100vw, 1024px\" \/><\/figure>\n\n\n\n<p>Seg\u00fan van creciendo habr\u00e1 cosas que pone en la carta que tu ya te hab\u00edas dado cuenta, pero lo que me gusta de c\u00f3mo las interpreta Natacha es que <strong>siempre est\u00e1n enfocadas a comprenderles y ayudarles en su camino de vida mejor<\/strong>, y hay matices que puedes intuir pero que igual no se notan tanto hasta que surje un problema; por ejemplo las personas muy sensibles pero duras, que no lo demuestran y lo sufren por dentro&#8230;<\/p>\n\n\n\n<p>En su p\u00e1gina web,<a rel=\"noreferrer noopener\" aria-label=\" (opens in a new tab)\" href=\"https:\/\/www.elcieloencendido.com\" target=\"_blank\"> <\/a><strong><a rel=\"noreferrer noopener\" aria-label=\" (opens in a new tab)\" href=\"https:\/\/www.elcieloencendido.com\" target=\"_blank\">El Cielo Encendido<\/a><\/strong>, tambi\u00e9n tiene otros servicios, como el <strong><a rel=\"noreferrer noopener\" aria-label=\" (opens in a new tab)\" href=\"https:\/\/www.elcieloencendido.com\/tu-cielo-en-una-caja-de-luz\" target=\"_blank\">cielograma iluminado<\/a><\/strong> (una foto de c\u00f3mo estaba el cielo el d\u00eda de tu nacimiento, en una caja iluminada) <strong>un regalo de nacimiento muy muy original<\/strong>, y , en el caso de la <strong><a href=\"https:\/\/www.elcieloencendido.com\/copia-de-producto\" target=\"_blank\" rel=\"noreferrer noopener\" aria-label=\" (opens in a new tab)\">carta natal<\/a><\/strong>, de verdad, muy pr\u00e1ctico, a mi me gusta releerla de vez en cuando porque siempre encuentras matices que un a\u00f1o antes (con lo que cambian y maduran los ni\u00f1os en estas edades) no hab\u00edas apreciado de la misma forma.<\/p>\n\n\n\n<p>Pero vamos, yo me he enfocado en los ni\u00f1os porque son las que tengo, pero <strong>me encantar\u00eda tener la m\u00eda<\/strong>, ah\u00ed lo dejo para quien quiera hacerme el regalo \ud83d\ude09<\/p>\n\n\n\n<p>Si ten\u00e9is la vuestra o la de vuestros hijos, \u00a1me encantar\u00eda conocer vuestra experiencia!<\/p>\n","protected":false},"excerpt":{"rendered":"<p>\u00bfSab\u00e9is lo que es una carta natal? se trata de un Informe Astrol\u00f3gico en el que se hace\u00a0un estudio\u00a0de la persona, analizando sus fortalezas y debilidades, ofreciendo\u00a0consejos\u00a0para potenciar\u00a0sus talentos y localizando los conflictos, para poderlos trabajar. Siempre desde\u00a0una filosof\u00eda constructiva\u00a0que nos ayude\u00a0a desarrollarnos\u00a0plenamente, y simpre basado en tu momento de nacimiento (fecha y hora). A [&hellip;]<\/p>\n","protected":false},"author":1,"featured_media":10159,"comment_status":"open","ping_status":"open","sticky":false,"template":"","format":"standard","meta":{"jetpack_post_was_ever_published":false,"_jetpack_newsletter_access":"","_jetpack_dont_email_post_to_subs":false,"_jetpack_newsletter_tier_id":0,"_jetpack_memberships_contains_paywalled_content":false,"_jetpack_memberships_contains_paid_content":false,"footnotes":"","jetpack_publicize_message":"","jetpack_publicize_feature_enabled":true,"jetpack_social_post_already_shared":true,"jetpack_social_options":{"image_generator_settings":{"template":"highway","default_image_id":0,"font":"","enabled":false},"version":2}},"categories":[25,174,18],"tags":[880,734,855],"class_list":["post-10158","post","type-post","status-publish","format-standard","has-post-thumbnail","hentry","category-a-una-futura-o-reciente-mama","category-ninos","category-regalos-originales-para-ninos","tag-carta-natal","tag-regalos","tag-regalos-ninos"],"aioseo_notices":[],"jetpack_publicize_connections":[],"jetpack_featured_media_url":"https:\/\/oui-oui.es\/blog\/wp-content\/uploads\/2019\/09\/Carta-natal-ni\u00f1os-El-cielo-encendido-regalo-original-recien-nacidos-Oui-Oui.jpg","jetpack_sharing_enabled":true,"jetpack-related-posts":[{"id":9396,"url":"https:\/\/oui-oui.es\/blog\/los-mini-trolley-para-ninos-mas-ideales-ya-estan-aqui\/","url_meta":{"origin":10158,"position":0},"title":"Los mini trolley para ni\u00f1os m\u00e1s ideales ya est\u00e1n aqu\u00ed","author":"Mar\u00eda \u2665Oui Oui\u2665","date":"22 octubre, 2018","format":false,"excerpt":"Recuerdo el a\u00f1o pasado buscar una maleta para ni\u00f1os mona que pudieran llevar ellos mismos como loca y quedarme sin ella porque no encontr\u00e9 nada, o bien eran de merchandising o de animales para sentarse encima, pero adem\u00e1s de que no cab\u00eda mucho, acababas arrastr\u00e1ndoles t\u00fa... Por eso cuando vi\u2026","rel":"","context":"En \u00abREGALOS\u00bb","block_context":{"text":"REGALOS","link":"https:\/\/oui-oui.es\/blog\/category\/no-se-que-regalar\/"},"img":{"alt_text":"","src":"https:\/\/i0.wp.com\/oui-oui.es\/blog\/wp-content\/uploads\/2018\/10\/Oui-Oui-maleta-ni%C3%B1os-mona-trolley-ni%C3%B1os-maletas-olli-ella-see-ya-suitcase-maleta-viaje-ni%C3%B1os-2.jpg?resize=350%2C200&ssl=1","width":350,"height":200,"srcset":"https:\/\/i0.wp.com\/oui-oui.es\/blog\/wp-content\/uploads\/2018\/10\/Oui-Oui-maleta-ni%C3%B1os-mona-trolley-ni%C3%B1os-maletas-olli-ella-see-ya-suitcase-maleta-viaje-ni%C3%B1os-2.jpg?resize=350%2C200&ssl=1 1x, https:\/\/i0.wp.com\/oui-oui.es\/blog\/wp-content\/uploads\/2018\/10\/Oui-Oui-maleta-ni%C3%B1os-mona-trolley-ni%C3%B1os-maletas-olli-ella-see-ya-suitcase-maleta-viaje-ni%C3%B1os-2.jpg?resize=525%2C300&ssl=1 1.5x, https:\/\/i0.wp.com\/oui-oui.es\/blog\/wp-content\/uploads\/2018\/10\/Oui-Oui-maleta-ni%C3%B1os-mona-trolley-ni%C3%B1os-maletas-olli-ella-see-ya-suitcase-maleta-viaje-ni%C3%B1os-2.jpg?resize=700%2C400&ssl=1 2x, https:\/\/i0.wp.com\/oui-oui.es\/blog\/wp-content\/uploads\/2018\/10\/Oui-Oui-maleta-ni%C3%B1os-mona-trolley-ni%C3%B1os-maletas-olli-ella-see-ya-suitcase-maleta-viaje-ni%C3%B1os-2.jpg?resize=1050%2C600&ssl=1 3x, https:\/\/i0.wp.com\/oui-oui.es\/blog\/wp-content\/uploads\/2018\/10\/Oui-Oui-maleta-ni%C3%B1os-mona-trolley-ni%C3%B1os-maletas-olli-ella-see-ya-suitcase-maleta-viaje-ni%C3%B1os-2.jpg?resize=1400%2C800&ssl=1 4x"},"classes":[]},{"id":9913,"url":"https:\/\/oui-oui.es\/blog\/regalos-a-profes-reflexion-e-ideas\/","url_meta":{"origin":10158,"position":1},"title":"Regalos a profes | Reflexi\u00f3n e Ideas","author":"Mar\u00eda \u2665Oui Oui\u2665","date":"5 junio, 2019","format":false,"excerpt":"Es un tema recurrente cada fin de curso (y en Navidad tambi\u00e9n) debate mediante, \u00bfregalos s\u00ed o no? yo soy partidaria de hacer regalo siempre y cuando est\u00e9s contenta con la profesora o el profesor. No tiene ning\u00fan sentido hacer un regalo de agradecimiento a alguien a qui\u00e9n no sientes\u2026","rel":"","context":"En \u00abREGALOS\u00bb","block_context":{"text":"REGALOS","link":"https:\/\/oui-oui.es\/blog\/category\/no-se-que-regalar\/"},"img":{"alt_text":"","src":"https:\/\/i0.wp.com\/oui-oui.es\/blog\/wp-content\/uploads\/2019\/06\/Oui-Oui-regalos-para-profes-taza-teacher-taza-gin-girl-power-1.jpg?resize=350%2C200&ssl=1","width":350,"height":200,"srcset":"https:\/\/i0.wp.com\/oui-oui.es\/blog\/wp-content\/uploads\/2019\/06\/Oui-Oui-regalos-para-profes-taza-teacher-taza-gin-girl-power-1.jpg?resize=350%2C200&ssl=1 1x, https:\/\/i0.wp.com\/oui-oui.es\/blog\/wp-content\/uploads\/2019\/06\/Oui-Oui-regalos-para-profes-taza-teacher-taza-gin-girl-power-1.jpg?resize=525%2C300&ssl=1 1.5x, https:\/\/i0.wp.com\/oui-oui.es\/blog\/wp-content\/uploads\/2019\/06\/Oui-Oui-regalos-para-profes-taza-teacher-taza-gin-girl-power-1.jpg?resize=700%2C400&ssl=1 2x, https:\/\/i0.wp.com\/oui-oui.es\/blog\/wp-content\/uploads\/2019\/06\/Oui-Oui-regalos-para-profes-taza-teacher-taza-gin-girl-power-1.jpg?resize=1050%2C600&ssl=1 3x, https:\/\/i0.wp.com\/oui-oui.es\/blog\/wp-content\/uploads\/2019\/06\/Oui-Oui-regalos-para-profes-taza-teacher-taza-gin-girl-power-1.jpg?resize=1400%2C800&ssl=1 4x"},"classes":[]},{"id":1704,"url":"https:\/\/oui-oui.es\/blog\/quien-es-sophie\/","url_meta":{"origin":10158,"position":2},"title":"\u00bfQui\u00e9n es Sophie?","author":"Mar\u00eda \u2665Oui Oui\u2665","date":"17 noviembre, 2014","format":false,"excerpt":"Uno de los primeros regalos de Reyes de Mart\u00edn fue la jirafa Sophie, desde que estaba embarazada ten\u00eda ganas de que la tuviera y, una vez que la probamos, quise taerla a Oui Oui. Si a\u00fan no sabes qui\u00e9n es...te lo cuento! Es uno de los regalos para beb\u00e9s m\u00e1s\u2026","rel":"","context":"En \u00abMATERNIDAD\u00bb","block_context":{"text":"MATERNIDAD","link":"https:\/\/oui-oui.es\/blog\/category\/maternidad\/"},"img":{"alt_text":"","src":"https:\/\/i0.wp.com\/oui-oui.es\/blog\/wp-content\/uploads\/2014\/11\/oui-oui-jirafa-sophie-mordedor-de-moda-regalos-bebe-cool.jpg?resize=350%2C200&ssl=1","width":350,"height":200,"srcset":"https:\/\/i0.wp.com\/oui-oui.es\/blog\/wp-content\/uploads\/2014\/11\/oui-oui-jirafa-sophie-mordedor-de-moda-regalos-bebe-cool.jpg?resize=350%2C200&ssl=1 1x, https:\/\/i0.wp.com\/oui-oui.es\/blog\/wp-content\/uploads\/2014\/11\/oui-oui-jirafa-sophie-mordedor-de-moda-regalos-bebe-cool.jpg?resize=525%2C300&ssl=1 1.5x, https:\/\/i0.wp.com\/oui-oui.es\/blog\/wp-content\/uploads\/2014\/11\/oui-oui-jirafa-sophie-mordedor-de-moda-regalos-bebe-cool.jpg?resize=700%2C400&ssl=1 2x"},"classes":[]},{"id":3877,"url":"https:\/\/oui-oui.es\/blog\/9-regalos-para-amantes-de-los-gatos\/","url_meta":{"origin":10158,"position":3},"title":"9 regalos para amantes de los gatos","author":"Mar\u00eda \u2665Oui Oui\u2665","date":"14 diciembre, 2015","format":false,"excerpt":"La verdad es que no soy muy de gatos,vamos, no soy nada, pero el otro d\u00eda al ver un espejo con orejitas que me ped\u00eda a maullidos que lo incluyera en mi carta a los Reyes me acord\u00e9 que conozco a varias amigas a las que les encantan, as\u00ed que\u2026","rel":"","context":"En \u00abREGALOS\u00bb","block_context":{"text":"REGALOS","link":"https:\/\/oui-oui.es\/blog\/category\/no-se-que-regalar\/"},"img":{"alt_text":"","src":"https:\/\/i0.wp.com\/oui-oui.es\/blog\/wp-content\/uploads\/2015\/12\/Oui-Oui-regalos-amantes-de-los-gatos-reloj-forma-gato1.jpg?resize=350%2C200&ssl=1","width":350,"height":200,"srcset":"https:\/\/i0.wp.com\/oui-oui.es\/blog\/wp-content\/uploads\/2015\/12\/Oui-Oui-regalos-amantes-de-los-gatos-reloj-forma-gato1.jpg?resize=350%2C200&ssl=1 1x, https:\/\/i0.wp.com\/oui-oui.es\/blog\/wp-content\/uploads\/2015\/12\/Oui-Oui-regalos-amantes-de-los-gatos-reloj-forma-gato1.jpg?resize=525%2C300&ssl=1 1.5x"},"classes":[]},{"id":1578,"url":"https:\/\/oui-oui.es\/blog\/baby-starbucks\/","url_meta":{"origin":10158,"position":4},"title":"Baby Starbucks","author":"Mar\u00eda \u2665Oui Oui\u2665","date":"9 julio, 2014","format":false,"excerpt":"Soy fan de Starbucks desde que aterriz\u00f3 en Espa\u00f1a y eso que no me gusta el caf\u00e9...De hecho al principio lo \u00fanico que me molest\u00f3 fue que no entend\u00eda c\u00f3mo no hab\u00eda Coca-Cola...Pero su filosof\u00eda, la gesti\u00f3n de la marca, el buen rollo de los empleados...Todo me gan\u00f3 y pas\u00e9\u2026","rel":"","context":"En \u00abREGALOS\u00bb","block_context":{"text":"REGALOS","link":"https:\/\/oui-oui.es\/blog\/category\/no-se-que-regalar\/"},"img":{"alt_text":"","src":"https:\/\/i0.wp.com\/oui-oui.es\/blog\/wp-content\/uploads\/2014\/07\/oui-oui-biberon-agua-starbucks-starbucks-sippy-cup-vaso-starbucks-bebe.jpg?resize=350%2C200&ssl=1","width":350,"height":200,"srcset":"https:\/\/i0.wp.com\/oui-oui.es\/blog\/wp-content\/uploads\/2014\/07\/oui-oui-biberon-agua-starbucks-starbucks-sippy-cup-vaso-starbucks-bebe.jpg?resize=350%2C200&ssl=1 1x, https:\/\/i0.wp.com\/oui-oui.es\/blog\/wp-content\/uploads\/2014\/07\/oui-oui-biberon-agua-starbucks-starbucks-sippy-cup-vaso-starbucks-bebe.jpg?resize=525%2C300&ssl=1 1.5x"},"classes":[]},{"id":4450,"url":"https:\/\/oui-oui.es\/blog\/no-es-un-souvenir-es-un-dealli\/","url_meta":{"origin":10158,"position":5},"title":"No es un souvenir, es un Deall\u00ed","author":"Mar\u00eda \u2665Oui Oui\u2665","date":"6 junio, 2016","format":false,"excerpt":"Soy muy fan de Abraham, primero lo era de su marca; Abe the Ape porque me encantaba todo lo que hac\u00eda, pero me hice fan de \u00e9l desde que le compr\u00e9 dos platos en el Mercado de Dise\u00f1o, quedamos que me los entregar\u00eda m\u00e1s tarde y acab\u00f3 tray\u00e9ndolos \u00e9l mismo\u2026","rel":"","context":"En \u00abDECORACI\u00d3N\u00bb","block_context":{"text":"DECORACI\u00d3N","link":"https:\/\/oui-oui.es\/blog\/category\/decoracion-de-casa\/"},"img":{"alt_text":"","src":"https:\/\/i0.wp.com\/oui-oui.es\/blog\/wp-content\/uploads\/2016\/06\/Oui-Oui-coleccion-souvenirs-abe-the-ape-guaimaro-dealli-memory-abe-the-ape-platos-abe-the-ape-8.jpg?resize=350%2C200&ssl=1","width":350,"height":200,"srcset":"https:\/\/i0.wp.com\/oui-oui.es\/blog\/wp-content\/uploads\/2016\/06\/Oui-Oui-coleccion-souvenirs-abe-the-ape-guaimaro-dealli-memory-abe-the-ape-platos-abe-the-ape-8.jpg?resize=350%2C200&ssl=1 1x, https:\/\/i0.wp.com\/oui-oui.es\/blog\/wp-content\/uploads\/2016\/06\/Oui-Oui-coleccion-souvenirs-abe-the-ape-guaimaro-dealli-memory-abe-the-ape-platos-abe-the-ape-8.jpg?resize=525%2C300&ssl=1 1.5x, https:\/\/i0.wp.com\/oui-oui.es\/blog\/wp-content\/uploads\/2016\/06\/Oui-Oui-coleccion-souvenirs-abe-the-ape-guaimaro-dealli-memory-abe-the-ape-platos-abe-the-ape-8.jpg?resize=700%2C400&ssl=1 2x, https:\/\/i0.wp.com\/oui-oui.es\/blog\/wp-content\/uploads\/2016\/06\/Oui-Oui-coleccion-souvenirs-abe-the-ape-guaimaro-dealli-memory-abe-the-ape-platos-abe-the-ape-8.jpg?resize=1050%2C600&ssl=1 3x, https:\/\/i0.wp.com\/oui-oui.es\/blog\/wp-content\/uploads\/2016\/06\/Oui-Oui-coleccion-souvenirs-abe-the-ape-guaimaro-dealli-memory-abe-the-ape-platos-abe-the-ape-8.jpg?resize=1400%2C800&ssl=1 4x"},"classes":[]}],"_links":{"self":[{"href":"https:\/\/oui-oui.es\/blog\/wp-json\/wp\/v2\/posts\/10158","targetHints":{"allow":["GET"]}}],"collection":[{"href":"https:\/\/oui-oui.es\/blog\/wp-json\/wp\/v2\/posts"}],"about":[{"href":"https:\/\/oui-oui.es\/blog\/wp-json\/wp\/v2\/types\/post"}],"author":[{"embeddable":true,"href":"https:\/\/oui-oui.es\/blog\/wp-json\/wp\/v2\/users\/1"}],"replies":[{"embeddable":true,"href":"https:\/\/oui-oui.es\/blog\/wp-json\/wp\/v2\/comments?post=10158"}],"version-history":[{"count":1,"href":"https:\/\/oui-oui.es\/blog\/wp-json\/wp\/v2\/posts\/10158\/revisions"}],"predecessor-version":[{"id":10162,"href":"https:\/\/oui-oui.es\/blog\/wp-json\/wp\/v2\/posts\/10158\/revisions\/10162"}],"wp:featuredmedia":[{"embeddable":true,"href":"https:\/\/oui-oui.es\/blog\/wp-json\/wp\/v2\/media\/10159"}],"wp:attachment":[{"href":"https:\/\/oui-oui.es\/blog\/wp-json\/wp\/v2\/media?parent=10158"}],"wp:term":[{"taxonomy":"category","embeddable":true,"href":"https:\/\/oui-oui.es\/blog\/wp-json\/wp\/v2\/categories?post=10158"},{"taxonomy":"post_tag","embeddable":true,"href":"https:\/\/oui-oui.es\/blog\/wp-json\/wp\/v2\/tags?post=10158"}],"curies":[{"name":"wp","href":"https:\/\/api.w.org\/{rel}","templated":true}]}}