{"id":10172,"date":"2019-10-02T14:31:33","date_gmt":"2019-10-02T12:31:33","guid":{"rendered":"https:\/\/oui-oui.es\/blog\/?p=10172"},"modified":"2019-10-02T14:31:35","modified_gmt":"2019-10-02T12:31:35","slug":"las-marcas-seleccionadas-para-kids-up","status":"publish","type":"post","link":"https:\/\/oui-oui.es\/blog\/las-marcas-seleccionadas-para-kids-up\/","title":{"rendered":"Las marcas seleccionadas para Kids Up!"},"content":{"rendered":"\n<p>Y, de repente \u00a1han pasado dos a\u00f1os! y <strong>m\u00e1s de cinco ediciones de Kids Up!<\/strong> la venta ef\u00edmera para ni\u00f1os que organizamos Elena Bau y yo.<\/p>\n\n\n\n<p>Este fin de semana volvemos con una <strong>nueva edici\u00f3n oto\u00f1al<\/strong>, en la que nuestra selecci\u00f3n de marcas infantiles (no hacemos convocatoria p\u00fablica, sino que escribimos a las marcas que m\u00e1s nos gustan) nos mostrar\u00e1n sus nuevas colecciones.<\/p>\n\n\n\n<p>Los <strong>pijamas de Marvin Kids<\/strong> son ya un cl\u00e1sico, y dentro de ellos, su <strong>estampado escoc\u00e9s<\/strong>, el de esta temporada me chifla!<\/p>\n\n\n\n<figure class=\"wp-block-image\"><img loading=\"lazy\" decoding=\"async\" width=\"1024\" height=\"735\" src=\"https:\/\/oui-oui.es\/blog\/wp-content\/uploads\/2019\/10\/Oui-Oui-kids-up-marvin-kids-blusa-flores-pijama-escoces-2-1024x735.jpg\" alt=\"\" class=\"wp-image-10176\" srcset=\"https:\/\/oui-oui.es\/blog\/wp-content\/uploads\/2019\/10\/Oui-Oui-kids-up-marvin-kids-blusa-flores-pijama-escoces-2-1024x735.jpg 1024w, https:\/\/oui-oui.es\/blog\/wp-content\/uploads\/2019\/10\/Oui-Oui-kids-up-marvin-kids-blusa-flores-pijama-escoces-2-300x215.jpg 300w, https:\/\/oui-oui.es\/blog\/wp-content\/uploads\/2019\/10\/Oui-Oui-kids-up-marvin-kids-blusa-flores-pijama-escoces-2-768x551.jpg 768w, https:\/\/oui-oui.es\/blog\/wp-content\/uploads\/2019\/10\/Oui-Oui-kids-up-marvin-kids-blusa-flores-pijama-escoces-2-600x430.jpg 600w, https:\/\/oui-oui.es\/blog\/wp-content\/uploads\/2019\/10\/Oui-Oui-kids-up-marvin-kids-blusa-flores-pijama-escoces-2-640x459.jpg 640w, https:\/\/oui-oui.es\/blog\/wp-content\/uploads\/2019\/10\/Oui-Oui-kids-up-marvin-kids-blusa-flores-pijama-escoces-2.jpg 1242w\" sizes=\"auto, (max-width: 1024px) 100vw, 1024px\" \/><\/figure>\n\n\n\n<p>Aunque <strong><a href=\"https:\/\/marvinkids.com\" target=\"_blank\" rel=\"noreferrer noopener\" aria-label=\" (opens in a new tab)\">Marvin Kids<\/a><\/strong> no s\u00f3lo es pijamas, tambi\u00e9n tiene una cuidada selecci\u00f3n de prendas de ropa, como esta blusa y una colecci\u00f3n c\u00e1psula para beb\u00e9s que podr\u00e9is ver en la venta especial.<\/p>\n\n\n\n<div class=\"wp-block-image\"><figure class=\"aligncenter\"><img loading=\"lazy\" decoding=\"async\" width=\"682\" height=\"1024\" src=\"https:\/\/oui-oui.es\/blog\/wp-content\/uploads\/2019\/10\/Oui-Oui-kids-up-marvin-kids-blusa-flores-pijama-escoces-1-682x1024.jpg\" alt=\"\" class=\"wp-image-10175\" srcset=\"https:\/\/oui-oui.es\/blog\/wp-content\/uploads\/2019\/10\/Oui-Oui-kids-up-marvin-kids-blusa-flores-pijama-escoces-1-682x1024.jpg 682w, https:\/\/oui-oui.es\/blog\/wp-content\/uploads\/2019\/10\/Oui-Oui-kids-up-marvin-kids-blusa-flores-pijama-escoces-1-200x300.jpg 200w, https:\/\/oui-oui.es\/blog\/wp-content\/uploads\/2019\/10\/Oui-Oui-kids-up-marvin-kids-blusa-flores-pijama-escoces-1-768x1153.jpg 768w, https:\/\/oui-oui.es\/blog\/wp-content\/uploads\/2019\/10\/Oui-Oui-kids-up-marvin-kids-blusa-flores-pijama-escoces-1-600x901.jpg 600w, https:\/\/oui-oui.es\/blog\/wp-content\/uploads\/2019\/10\/Oui-Oui-kids-up-marvin-kids-blusa-flores-pijama-escoces-1-640x961.jpg 640w, https:\/\/oui-oui.es\/blog\/wp-content\/uploads\/2019\/10\/Oui-Oui-kids-up-marvin-kids-blusa-flores-pijama-escoces-1.jpg 1066w\" sizes=\"auto, (max-width: 682px) 100vw, 682px\" \/><\/figure><\/div>\n\n\n\n<p>Y, hablando de beb\u00e9s, no os od\u00e9is perder la colecci\u00f3n de textiles de <strong><a rel=\"noreferrer noopener\" aria-label=\" (opens in a new tab)\" href=\"https:\/\/wombatkids.com\" target=\"_blank\">Wombat Kids<\/a><\/strong>; ropa de cama, arrullos, saquitos, toallas capa&#8230;<strong>Todo IDEAL para hacer un regalo de nacimiento<\/strong> o para hacerte un auto regalo deco para que tus ni\u00f1os est\u00e9n ideales siempre!, \u00bflo mejor?, adem\u00e1s de todo lo que tienen, te hacen a medida lo que necesites.<\/p>\n\n\n\n<figure class=\"wp-block-image\"><img loading=\"lazy\" decoding=\"async\" width=\"1024\" height=\"1022\" src=\"https:\/\/oui-oui.es\/blog\/wp-content\/uploads\/2019\/10\/Oui-Oui-kids-up-wombat-kids-ropa-cama-ni\u00f1os-con-estilo-1024x1022.jpg\" alt=\"\" class=\"wp-image-10180\" srcset=\"https:\/\/oui-oui.es\/blog\/wp-content\/uploads\/2019\/10\/Oui-Oui-kids-up-wombat-kids-ropa-cama-ni\u00f1os-con-estilo-1024x1022.jpg 1024w, https:\/\/oui-oui.es\/blog\/wp-content\/uploads\/2019\/10\/Oui-Oui-kids-up-wombat-kids-ropa-cama-ni\u00f1os-con-estilo-150x150.jpg 150w, https:\/\/oui-oui.es\/blog\/wp-content\/uploads\/2019\/10\/Oui-Oui-kids-up-wombat-kids-ropa-cama-ni\u00f1os-con-estilo-300x300.jpg 300w, https:\/\/oui-oui.es\/blog\/wp-content\/uploads\/2019\/10\/Oui-Oui-kids-up-wombat-kids-ropa-cama-ni\u00f1os-con-estilo-768x767.jpg 768w, https:\/\/oui-oui.es\/blog\/wp-content\/uploads\/2019\/10\/Oui-Oui-kids-up-wombat-kids-ropa-cama-ni\u00f1os-con-estilo-600x599.jpg 600w, https:\/\/oui-oui.es\/blog\/wp-content\/uploads\/2019\/10\/Oui-Oui-kids-up-wombat-kids-ropa-cama-ni\u00f1os-con-estilo-640x639.jpg 640w, https:\/\/oui-oui.es\/blog\/wp-content\/uploads\/2019\/10\/Oui-Oui-kids-up-wombat-kids-ropa-cama-ni\u00f1os-con-estilo.jpg 1242w\" sizes=\"auto, (max-width: 1024px) 100vw, 1024px\" \/><\/figure>\n\n\n\n<p>Otro s\u00faper regalo para ni\u00f1os es la cosm\u00e9tica natural de <strong><a rel=\"noreferrer noopener\" aria-label=\" (opens in a new tab)\" href=\"https:\/\/bontibu.com\" target=\"_blank\">Bontib\u00fa<\/a><\/strong>, con un eau de toilette que, de verdad, si lo hueles querr\u00e1s llevar en el bolso todo el d\u00eda para retocarles \ud83d\ude09  <\/p>\n\n\n\n<figure class=\"wp-block-image\"><img loading=\"lazy\" decoding=\"async\" width=\"535\" height=\"447\" src=\"https:\/\/oui-oui.es\/blog\/wp-content\/uploads\/2019\/10\/Oui-Oui-kids-up-bontibu-cosmetica-natural.jpg\" alt=\"\" class=\"wp-image-10179\" srcset=\"https:\/\/oui-oui.es\/blog\/wp-content\/uploads\/2019\/10\/Oui-Oui-kids-up-bontibu-cosmetica-natural.jpg 535w, https:\/\/oui-oui.es\/blog\/wp-content\/uploads\/2019\/10\/Oui-Oui-kids-up-bontibu-cosmetica-natural-300x251.jpg 300w\" sizes=\"auto, (max-width: 535px) 100vw, 535px\" \/><\/figure>\n\n\n\n<p>Una marca nueva de este a\u00f1o es <strong><a href=\"https:\/\/www.muamuamaisonkids.com\" target=\"_blank\" rel=\"noreferrer noopener\" aria-label=\" (opens in a new tab)\">Muamu\u00e0 Maison<\/a><\/strong>, que presentar\u00e1 tambi\u00e9n su nueva colecci\u00f3n este fin de semana, con esta imagen tan bonita imaginad lo que tienen para oto\u00f1o, \u00a1me muero por verlo!<\/p>\n\n\n\n<figure class=\"wp-block-image\"><img loading=\"lazy\" decoding=\"async\" width=\"1024\" height=\"681\" src=\"https:\/\/oui-oui.es\/blog\/wp-content\/uploads\/2019\/10\/Oui-Oui-kids-up-muamu\u00e0-maison-mua-mua-maison-1-1024x681.jpg\" alt=\"\" class=\"wp-image-10181\" srcset=\"https:\/\/oui-oui.es\/blog\/wp-content\/uploads\/2019\/10\/Oui-Oui-kids-up-muamu\u00e0-maison-mua-mua-maison-1-1024x681.jpg 1024w, https:\/\/oui-oui.es\/blog\/wp-content\/uploads\/2019\/10\/Oui-Oui-kids-up-muamu\u00e0-maison-mua-mua-maison-1-300x200.jpg 300w, https:\/\/oui-oui.es\/blog\/wp-content\/uploads\/2019\/10\/Oui-Oui-kids-up-muamu\u00e0-maison-mua-mua-maison-1-768x511.jpg 768w, https:\/\/oui-oui.es\/blog\/wp-content\/uploads\/2019\/10\/Oui-Oui-kids-up-muamu\u00e0-maison-mua-mua-maison-1-600x399.jpg 600w, https:\/\/oui-oui.es\/blog\/wp-content\/uploads\/2019\/10\/Oui-Oui-kids-up-muamu\u00e0-maison-mua-mua-maison-1-640x426.jpg 640w, https:\/\/oui-oui.es\/blog\/wp-content\/uploads\/2019\/10\/Oui-Oui-kids-up-muamu\u00e0-maison-mua-mua-maison-1.jpg 1242w\" sizes=\"auto, (max-width: 1024px) 100vw, 1024px\" \/><\/figure>\n\n\n\n<p>Para las fans de Liberty, como yo, hemos tra\u00eddo a <strong>Memuca<\/strong>, una marca peque\u00f1ita que hace casi todo con ese tejido y que es ideal, teneis que verla en persona!<\/p>\n\n\n\n<figure class=\"wp-block-image\"><img loading=\"lazy\" decoding=\"async\" width=\"1021\" height=\"1024\" src=\"https:\/\/oui-oui.es\/blog\/wp-content\/uploads\/2019\/10\/Oui-Oui-kids-up-memuca-vestidos-liberty-1-1021x1024.jpg\" alt=\"\" class=\"wp-image-10182\" srcset=\"https:\/\/oui-oui.es\/blog\/wp-content\/uploads\/2019\/10\/Oui-Oui-kids-up-memuca-vestidos-liberty-1-1021x1024.jpg 1021w, https:\/\/oui-oui.es\/blog\/wp-content\/uploads\/2019\/10\/Oui-Oui-kids-up-memuca-vestidos-liberty-1-150x150.jpg 150w, https:\/\/oui-oui.es\/blog\/wp-content\/uploads\/2019\/10\/Oui-Oui-kids-up-memuca-vestidos-liberty-1-300x300.jpg 300w, https:\/\/oui-oui.es\/blog\/wp-content\/uploads\/2019\/10\/Oui-Oui-kids-up-memuca-vestidos-liberty-1-768x770.jpg 768w, https:\/\/oui-oui.es\/blog\/wp-content\/uploads\/2019\/10\/Oui-Oui-kids-up-memuca-vestidos-liberty-1-600x602.jpg 600w, https:\/\/oui-oui.es\/blog\/wp-content\/uploads\/2019\/10\/Oui-Oui-kids-up-memuca-vestidos-liberty-1-640x642.jpg 640w, https:\/\/oui-oui.es\/blog\/wp-content\/uploads\/2019\/10\/Oui-Oui-kids-up-memuca-vestidos-liberty-1.jpg 1242w\" sizes=\"auto, (max-width: 1021px) 100vw, 1021px\" \/><\/figure>\n\n\n\n<p>Otra marca que repite ya que en primavera tuvo mucho \u00e9xito es <strong>Calatea Kids<\/strong>, cuenta con una gran colecci\u00f3n desde un mes hasta 10 a\u00f1os, para ni\u00f1os y ni\u00f1as, es decir, ideal para vestir hermanos. Tiene unos estamoados ideales!<\/p>\n\n\n\n<figure class=\"wp-block-image\"><img loading=\"lazy\" decoding=\"async\" width=\"667\" height=\"1000\" src=\"https:\/\/oui-oui.es\/blog\/wp-content\/uploads\/2019\/10\/Oui-Oui-kids-up-calatea-kids-vestido-flores-turquesa-1.jpg\" alt=\"\" class=\"wp-image-10183\" srcset=\"https:\/\/oui-oui.es\/blog\/wp-content\/uploads\/2019\/10\/Oui-Oui-kids-up-calatea-kids-vestido-flores-turquesa-1.jpg 667w, https:\/\/oui-oui.es\/blog\/wp-content\/uploads\/2019\/10\/Oui-Oui-kids-up-calatea-kids-vestido-flores-turquesa-1-200x300.jpg 200w, https:\/\/oui-oui.es\/blog\/wp-content\/uploads\/2019\/10\/Oui-Oui-kids-up-calatea-kids-vestido-flores-turquesa-1-600x900.jpg 600w, https:\/\/oui-oui.es\/blog\/wp-content\/uploads\/2019\/10\/Oui-Oui-kids-up-calatea-kids-vestido-flores-turquesa-1-640x960.jpg 640w\" sizes=\"auto, (max-width: 667px) 100vw, 667px\" \/><\/figure>\n\n\n\n<p>Por supuesto, tambi\u00e9n llevaremos todos los productos infantiles de Oui Oui y las puertas del ratoncito P\u00e9rez para que pod\u00e1is comprarla sne el momento (sin personalizar, con el n\u00famero y herrajes que tengan).<\/p>\n\n\n\n<p><\/p>\n\n\n\n<p>Espero veros all\u00ed!<\/p>\n\n\n\n<p><\/p>\n\n\n\n<p>Estaremos el viernes de 17 a 21h, el s\u00e1bado de 11 a 21h y el domingo de 11 a 18h<\/p>\n","protected":false},"excerpt":{"rendered":"<p>Y, de repente \u00a1han pasado dos a\u00f1os! y m\u00e1s de cinco ediciones de Kids Up! la venta ef\u00edmera para ni\u00f1os que organizamos Elena Bau y yo. Este fin de semana volvemos con una nueva edici\u00f3n oto\u00f1al, en la que nuestra selecci\u00f3n de marcas infantiles (no hacemos convocatoria p\u00fablica, sino que escribimos a las marcas que [&hellip;]<\/p>\n","protected":false},"author":1,"featured_media":10180,"comment_status":"open","ping_status":"open","sticky":false,"template":"","format":"standard","meta":{"jetpack_post_was_ever_published":false,"_jetpack_newsletter_access":"","_jetpack_dont_email_post_to_subs":false,"_jetpack_newsletter_tier_id":0,"_jetpack_memberships_contains_paywalled_content":false,"_jetpack_memberships_contains_paid_content":false,"footnotes":"","jetpack_publicize_message":"","jetpack_publicize_feature_enabled":true,"jetpack_social_post_already_shared":true,"jetpack_social_options":{"image_generator_settings":{"template":"highway","default_image_id":0,"font":"","enabled":false},"version":2}},"categories":[174,13],"tags":[835],"class_list":["post-10172","post","type-post","status-publish","format-standard","has-post-thumbnail","hentry","category-ninos","category-oui-oui","tag-kids-up"],"aioseo_notices":[],"jetpack_publicize_connections":[],"jetpack_featured_media_url":"https:\/\/oui-oui.es\/blog\/wp-content\/uploads\/2019\/10\/Oui-Oui-kids-up-wombat-kids-ropa-cama-ni\u00f1os-con-estilo.jpg","jetpack_sharing_enabled":true,"jetpack-related-posts":[{"id":8876,"url":"https:\/\/oui-oui.es\/blog\/iii-kids-up-edicion-primavera\/","url_meta":{"origin":10172,"position":0},"title":"III Kids UP! | Edici\u00f3n Primavera","author":"Mar\u00eda \u2665Oui Oui\u2665","date":"5 marzo, 2018","format":false,"excerpt":"Recuerdo cuando habl\u00e1bamos de organizar una venta especial de moda y productos infantiles porque no encontr\u00e1bamos nada que nos encajara...Y, de repente...Vamos a organizar la III Edici\u00f3n de Kids UP! Como ya os cont\u00e9 en la primera edici\u00f3n, se trata de juntar marcas del mundo infantil que me gustan, no\u2026","rel":"","context":"En \u00abNI\u00d1OS Y NI\u00d1AS\u00bb","block_context":{"text":"NI\u00d1OS Y NI\u00d1AS","link":"https:\/\/oui-oui.es\/blog\/category\/ninos\/"},"img":{"alt_text":"","src":"https:\/\/i0.wp.com\/oui-oui.es\/blog\/wp-content\/uploads\/2018\/03\/Flyer-Kids-UP-Primavera-2018-Cuadrada.jpg?resize=350%2C200&ssl=1","width":350,"height":200,"srcset":"https:\/\/i0.wp.com\/oui-oui.es\/blog\/wp-content\/uploads\/2018\/03\/Flyer-Kids-UP-Primavera-2018-Cuadrada.jpg?resize=350%2C200&ssl=1 1x, https:\/\/i0.wp.com\/oui-oui.es\/blog\/wp-content\/uploads\/2018\/03\/Flyer-Kids-UP-Primavera-2018-Cuadrada.jpg?resize=525%2C300&ssl=1 1.5x, https:\/\/i0.wp.com\/oui-oui.es\/blog\/wp-content\/uploads\/2018\/03\/Flyer-Kids-UP-Primavera-2018-Cuadrada.jpg?resize=700%2C400&ssl=1 2x, https:\/\/i0.wp.com\/oui-oui.es\/blog\/wp-content\/uploads\/2018\/03\/Flyer-Kids-UP-Primavera-2018-Cuadrada.jpg?resize=1050%2C600&ssl=1 3x, https:\/\/i0.wp.com\/oui-oui.es\/blog\/wp-content\/uploads\/2018\/03\/Flyer-Kids-UP-Primavera-2018-Cuadrada.jpg?resize=1400%2C800&ssl=1 4x"},"classes":[]},{"id":8647,"url":"https:\/\/oui-oui.es\/blog\/kids-up-venta-efimera-para-ninos-con-estilo\/","url_meta":{"origin":10172,"position":1},"title":"Kids UP | Venta ef\u00edmera para ni\u00f1os con estilo","author":"Mar\u00eda \u2665Oui Oui\u2665","date":"18 octubre, 2017","format":false,"excerpt":"Llevo 4 a\u00f1os participando en pop ups, ventas especiales, mercadillos varios, etc... Y, desde hace un tiempo ven\u00eda notando que faltaba algo, especialmente en lo que a ni\u00f1os se refiere, no s\u00f3lo en decoraci\u00f3n y regalos para ni\u00f1os (la secci\u00f3n de Oui Oui), sino en la selecci\u00f3n de marcas, en\u2026","rel":"","context":"En \u00abNI\u00d1OS Y NI\u00d1AS\u00bb","block_context":{"text":"NI\u00d1OS Y NI\u00d1AS","link":"https:\/\/oui-oui.es\/blog\/category\/ninos\/"},"img":{"alt_text":"","src":"https:\/\/i0.wp.com\/oui-oui.es\/blog\/wp-content\/uploads\/2017\/10\/kidsup-instagram-1.1-oui-oui-2.jpg?resize=350%2C200&ssl=1","width":350,"height":200,"srcset":"https:\/\/i0.wp.com\/oui-oui.es\/blog\/wp-content\/uploads\/2017\/10\/kidsup-instagram-1.1-oui-oui-2.jpg?resize=350%2C200&ssl=1 1x, https:\/\/i0.wp.com\/oui-oui.es\/blog\/wp-content\/uploads\/2017\/10\/kidsup-instagram-1.1-oui-oui-2.jpg?resize=525%2C300&ssl=1 1.5x, https:\/\/i0.wp.com\/oui-oui.es\/blog\/wp-content\/uploads\/2017\/10\/kidsup-instagram-1.1-oui-oui-2.jpg?resize=700%2C400&ssl=1 2x, https:\/\/i0.wp.com\/oui-oui.es\/blog\/wp-content\/uploads\/2017\/10\/kidsup-instagram-1.1-oui-oui-2.jpg?resize=1050%2C600&ssl=1 3x, https:\/\/i0.wp.com\/oui-oui.es\/blog\/wp-content\/uploads\/2017\/10\/kidsup-instagram-1.1-oui-oui-2.jpg?resize=1400%2C800&ssl=1 4x"},"classes":[]},{"id":4208,"url":"https:\/\/oui-oui.es\/blog\/10-marcas-de-ropa-espanolas-para-bebes\/","url_meta":{"origin":10172,"position":2},"title":"10 marcas de ropa espa\u00f1olas para beb\u00e9s","author":"Mar\u00eda \u2665Oui Oui\u2665","date":"21 abril, 2016","format":false,"excerpt":"Creo que cada d\u00eda descubro una marca nueva de ropa para beb\u00e9s y ni\u00f1os,espa\u00f1ola o extranjera, se est\u00e1 conviertiendo en una perdici\u00f3n y me encantar\u00eda que Instagram me dejara hacer listas para organizarlas mejor, mientras, he pensado ir haciendo post poco a poco con mis favoritas, empiezo seleccionando 10 marcas\u2026","rel":"","context":"En \u00abNI\u00d1OS Y NI\u00d1AS\u00bb","block_context":{"text":"NI\u00d1OS Y NI\u00d1AS","link":"https:\/\/oui-oui.es\/blog\/category\/ninos\/"},"img":{"alt_text":"","src":"https:\/\/i0.wp.com\/oui-oui.es\/blog\/wp-content\/uploads\/2016\/04\/Oui-Oui-marcas-espa%C3%B1olas-ropa-bebe-punto-poleomenta-tejiendo-patucos.jpg?resize=350%2C200&ssl=1","width":350,"height":200,"srcset":"https:\/\/i0.wp.com\/oui-oui.es\/blog\/wp-content\/uploads\/2016\/04\/Oui-Oui-marcas-espa%C3%B1olas-ropa-bebe-punto-poleomenta-tejiendo-patucos.jpg?resize=350%2C200&ssl=1 1x, https:\/\/i0.wp.com\/oui-oui.es\/blog\/wp-content\/uploads\/2016\/04\/Oui-Oui-marcas-espa%C3%B1olas-ropa-bebe-punto-poleomenta-tejiendo-patucos.jpg?resize=525%2C300&ssl=1 1.5x, https:\/\/i0.wp.com\/oui-oui.es\/blog\/wp-content\/uploads\/2016\/04\/Oui-Oui-marcas-espa%C3%B1olas-ropa-bebe-punto-poleomenta-tejiendo-patucos.jpg?resize=700%2C400&ssl=1 2x"},"classes":[]},{"id":5451,"url":"https:\/\/oui-oui.es\/blog\/baby-bloom-kids-ropa-de-ninos-con-aires-del-sur\/","url_meta":{"origin":10172,"position":3},"title":"Baby Bloom Kids | Ropa de ni\u00f1os con aires del sur","author":"Mar\u00eda \u2665Oui Oui\u2665","date":"26 mayo, 2017","format":false,"excerpt":"\u00a0 Hace unas semanas pude conocer la nueva marca de ropa para ni\u00f1os Baby Bloom Kids, creada por Beatriz Mira Hafner y su madre. La verdad es que me encanta conocer marcas nuevas para comprarle ropa a Mart\u00edn y a Frida\u00a0 un poco diferente a la que vemos todos los\u2026","rel":"","context":"En \u00abNI\u00d1OS Y NI\u00d1AS\u00bb","block_context":{"text":"NI\u00d1OS Y NI\u00d1AS","link":"https:\/\/oui-oui.es\/blog\/category\/ninos\/"},"img":{"alt_text":"","src":"https:\/\/i0.wp.com\/oui-oui.es\/blog\/wp-content\/uploads\/2017\/05\/Oui-Oui-baby-bloom-kids-ropa-ni%C3%B1os-beatriz-mira-hafner-logo.png?resize=350%2C200&ssl=1","width":350,"height":200},"classes":[]},{"id":8614,"url":"https:\/\/oui-oui.es\/blog\/6-prendas-de-6-de-mis-marcas-favoritas-de-ropa-infantil\/","url_meta":{"origin":10172,"position":4},"title":"6 prendas de 6 de mis marcas favoritas de ropa infantil","author":"Mar\u00eda \u2665Oui Oui\u2665","date":"10 octubre, 2017","format":false,"excerpt":"Aunque con este tiempazo que est\u00e1 haciendo parece que no va a llegar el verdadero oto\u00f1o, yo necesito hacer el cambio de ropa or una cuesti\u00f3n de organizaci\u00f3n mental. Hace dos semanas hice el cambio de ropa de los ni\u00f1os (es m\u00e1s f\u00e1cil porque la ropa de verano les quedar\u00e1\u2026","rel":"","context":"En \u00abNI\u00d1OS Y NI\u00d1AS\u00bb","block_context":{"text":"NI\u00d1OS Y NI\u00d1AS","link":"https:\/\/oui-oui.es\/blog\/category\/ninos\/"},"img":{"alt_text":"","src":"https:\/\/i0.wp.com\/oui-oui.es\/blog\/wp-content\/uploads\/2017\/10\/Oui-Oui-carrito-mimbre-amarillo-manee-kids-tanzania-2017.jpg?resize=350%2C200&ssl=1","width":350,"height":200,"srcset":"https:\/\/i0.wp.com\/oui-oui.es\/blog\/wp-content\/uploads\/2017\/10\/Oui-Oui-carrito-mimbre-amarillo-manee-kids-tanzania-2017.jpg?resize=350%2C200&ssl=1 1x, https:\/\/i0.wp.com\/oui-oui.es\/blog\/wp-content\/uploads\/2017\/10\/Oui-Oui-carrito-mimbre-amarillo-manee-kids-tanzania-2017.jpg?resize=525%2C300&ssl=1 1.5x, https:\/\/i0.wp.com\/oui-oui.es\/blog\/wp-content\/uploads\/2017\/10\/Oui-Oui-carrito-mimbre-amarillo-manee-kids-tanzania-2017.jpg?resize=700%2C400&ssl=1 2x"},"classes":[]},{"id":8769,"url":"https:\/\/oui-oui.es\/blog\/este-finde-kids-up-christmas-os-esperamos\/","url_meta":{"origin":10172,"position":5},"title":"Este finde \u00a1Kids UP Christmas! Os esperamos","author":"Mar\u00eda \u2665Oui Oui\u2665","date":"14 diciembre, 2017","format":false,"excerpt":"Queda poco m\u00e1s de una semana para Navidad y la mayor\u00eda de nosotros a\u00fan no tenemos ni la mitad de los regalos, queremos hacer algo especial pero nos falta tiempo...Pues te propongo un plan para este finde \u00a1vuelve nuestra pop up infantil! KIDS UP CHRISTMAS. Un espacio, 10 marcas y\u2026","rel":"","context":"En \u00abNI\u00d1OS Y NI\u00d1AS\u00bb","block_context":{"text":"NI\u00d1OS Y NI\u00d1AS","link":"https:\/\/oui-oui.es\/blog\/category\/ninos\/"},"img":{"alt_text":"","src":"https:\/\/i0.wp.com\/oui-oui.es\/blog\/wp-content\/uploads\/2017\/12\/Oui-Oui-puerta-ratoncito-navidad-puertas-ratoncito-perez-marta-machin.jpg?resize=350%2C200&ssl=1","width":350,"height":200,"srcset":"https:\/\/i0.wp.com\/oui-oui.es\/blog\/wp-content\/uploads\/2017\/12\/Oui-Oui-puerta-ratoncito-navidad-puertas-ratoncito-perez-marta-machin.jpg?resize=350%2C200&ssl=1 1x, https:\/\/i0.wp.com\/oui-oui.es\/blog\/wp-content\/uploads\/2017\/12\/Oui-Oui-puerta-ratoncito-navidad-puertas-ratoncito-perez-marta-machin.jpg?resize=525%2C300&ssl=1 1.5x, https:\/\/i0.wp.com\/oui-oui.es\/blog\/wp-content\/uploads\/2017\/12\/Oui-Oui-puerta-ratoncito-navidad-puertas-ratoncito-perez-marta-machin.jpg?resize=700%2C400&ssl=1 2x, https:\/\/i0.wp.com\/oui-oui.es\/blog\/wp-content\/uploads\/2017\/12\/Oui-Oui-puerta-ratoncito-navidad-puertas-ratoncito-perez-marta-machin.jpg?resize=1050%2C600&ssl=1 3x, https:\/\/i0.wp.com\/oui-oui.es\/blog\/wp-content\/uploads\/2017\/12\/Oui-Oui-puerta-ratoncito-navidad-puertas-ratoncito-perez-marta-machin.jpg?resize=1400%2C800&ssl=1 4x"},"classes":[]}],"_links":{"self":[{"href":"https:\/\/oui-oui.es\/blog\/wp-json\/wp\/v2\/posts\/10172","targetHints":{"allow":["GET"]}}],"collection":[{"href":"https:\/\/oui-oui.es\/blog\/wp-json\/wp\/v2\/posts"}],"about":[{"href":"https:\/\/oui-oui.es\/blog\/wp-json\/wp\/v2\/types\/post"}],"author":[{"embeddable":true,"href":"https:\/\/oui-oui.es\/blog\/wp-json\/wp\/v2\/users\/1"}],"replies":[{"embeddable":true,"href":"https:\/\/oui-oui.es\/blog\/wp-json\/wp\/v2\/comments?post=10172"}],"version-history":[{"count":2,"href":"https:\/\/oui-oui.es\/blog\/wp-json\/wp\/v2\/posts\/10172\/revisions"}],"predecessor-version":[{"id":10185,"href":"https:\/\/oui-oui.es\/blog\/wp-json\/wp\/v2\/posts\/10172\/revisions\/10185"}],"wp:featuredmedia":[{"embeddable":true,"href":"https:\/\/oui-oui.es\/blog\/wp-json\/wp\/v2\/media\/10180"}],"wp:attachment":[{"href":"https:\/\/oui-oui.es\/blog\/wp-json\/wp\/v2\/media?parent=10172"}],"wp:term":[{"taxonomy":"category","embeddable":true,"href":"https:\/\/oui-oui.es\/blog\/wp-json\/wp\/v2\/categories?post=10172"},{"taxonomy":"post_tag","embeddable":true,"href":"https:\/\/oui-oui.es\/blog\/wp-json\/wp\/v2\/tags?post=10172"}],"curies":[{"name":"wp","href":"https:\/\/api.w.org\/{rel}","templated":true}]}}