{"id":10229,"date":"2019-10-29T15:03:12","date_gmt":"2019-10-29T13:03:12","guid":{"rendered":"https:\/\/oui-oui.es\/blog\/?p=10229"},"modified":"2019-10-30T18:07:31","modified_gmt":"2019-10-30T16:07:31","slug":"en-que-te-pueden-ayudar-una-buena-lavadora-y-secadora-en-el-cambio-de-armario","status":"publish","type":"post","link":"https:\/\/oui-oui.es\/blog\/en-que-te-pueden-ayudar-una-buena-lavadora-y-secadora-en-el-cambio-de-armario\/","title":{"rendered":"En qu\u00e9 te pueden ayudar una buena lavadora y secadora en el cambio de armario"},"content":{"rendered":"\n<p>Ayer, por fin, hice el cambio de ropa, el temido cambio de ropa&#8230;Aunque para m\u00ed, ya es menos temido por dos puntos muy importantes; me ayuda F\u00e1tima de <strong><a rel=\"noreferrer noopener\" aria-label=\" (opens in a new tab)\" href=\"https:\/\/www.instagram.com\/ordenotuarmario\/\" target=\"_blank\">Ordeno tu Armario<\/a><\/strong> (ella se dedica a ayudarte con el orden de lo que necesites; cambio de armario, mudanza, reorganizaci\u00f3n de una zona, etc&#8230;) y a mi MARAVILLOSA <strong><a href=\"https:\/\/www.electrolux.es\/laundry\/laundry\/dryers\/\" target=\"_blank\" rel=\"noreferrer noopener\" aria-label=\" (opens in a new tab)\">secadora de Electrolux<\/a><\/strong>.<\/p>\n\n\n\n<p>En marzo har\u00e1 dos a\u00f1os que la tenemos y, aunque a veces me r\u00edo porque parezco comercial de la <strong><a rel=\"noreferrer noopener\" aria-label=\" (opens in a new tab)\" href=\"https:\/\/www.electrolux.es\/laundry\/laundry\/dryers\/\" target=\"_blank\">secadora de Electrolux<\/a><\/strong> es porque <strong>super\u00f3 TANTO mis expectativas que no puedo parar de recomendarla.<\/strong><\/p>\n\n\n\n<figure class=\"wp-block-image\"><img loading=\"lazy\" decoding=\"async\" width=\"1024\" height=\"576\" src=\"https:\/\/oui-oui.es\/blog\/wp-content\/uploads\/2019\/10\/Oui-Oui-lavadora-electrolux-ropa-t\u00e9cnica-helly-hansen-1024x576.jpg\" alt=\"\" class=\"wp-image-10233\" srcset=\"https:\/\/oui-oui.es\/blog\/wp-content\/uploads\/2019\/10\/Oui-Oui-lavadora-electrolux-ropa-t\u00e9cnica-helly-hansen-1024x576.jpg 1024w, https:\/\/oui-oui.es\/blog\/wp-content\/uploads\/2019\/10\/Oui-Oui-lavadora-electrolux-ropa-t\u00e9cnica-helly-hansen-300x169.jpg 300w, https:\/\/oui-oui.es\/blog\/wp-content\/uploads\/2019\/10\/Oui-Oui-lavadora-electrolux-ropa-t\u00e9cnica-helly-hansen-768x432.jpg 768w, https:\/\/oui-oui.es\/blog\/wp-content\/uploads\/2019\/10\/Oui-Oui-lavadora-electrolux-ropa-t\u00e9cnica-helly-hansen-600x338.jpg 600w, https:\/\/oui-oui.es\/blog\/wp-content\/uploads\/2019\/10\/Oui-Oui-lavadora-electrolux-ropa-t\u00e9cnica-helly-hansen-500x280.jpg 500w, https:\/\/oui-oui.es\/blog\/wp-content\/uploads\/2019\/10\/Oui-Oui-lavadora-electrolux-ropa-t\u00e9cnica-helly-hansen-640x360.jpg 640w, https:\/\/oui-oui.es\/blog\/wp-content\/uploads\/2019\/10\/Oui-Oui-lavadora-electrolux-ropa-t\u00e9cnica-helly-hansen.jpg 1920w\" sizes=\"auto, (max-width: 1024px) 100vw, 1024px\" \/><\/figure>\n\n\n\n<p>Lo primero en cuanto al <strong>gasto energ\u00e9tico<\/strong>, todo el mundo me hab\u00eda advertido de que me preparara para doblar la factura de la luz, y no s\u00f3lo no ocurri\u00f3 sino que ni lo notamos (en una casa de cuatro personas en la que ponemos, por ejemplo, cinco lavadoras a la semana). Importante en este punto decir que <strong>mi secadora es de BOMBA DE CALOR<\/strong><\/p>\n\n\n\n<p>Resulta que se ahorra mucho  m\u00e1s con una <strong>secadora de condensaci\u00f3n<\/strong> que con una <strong>secadora de evacuaci\u00f3n<\/strong> porque la <strong>secadora de condensaci\u00f3n<\/strong>  aprovecha el aire, una vez le ha quitado la humedad, y la vuelve a  meter en el tambor. Por decirlo de una forma m\u00e1s sencilla, la <strong>secadora de condensaci\u00f3n<\/strong> recicla el aire y no tiene que calentarlo siempre desde cero. <\/p>\n\n\n\n<p>Lo segundo, y no es balad\u00ed, porque <strong>nos hemos olvidado de lo que era tener<\/strong> bodys de beb\u00e9, calcetines, mudas y <strong>de todo por los radiadores<\/strong>&#8230;En verano en suficiente con el tendedero de techo y, en invierno, mientras se pone una lavadora, la otra ropa se est\u00e1 secando en la secadora.<\/p>\n\n\n\n<p>Lo tercero porque <strong>no nos ha estropeado nada la ropa, nada ha encogido ni se ha apelmazado<\/strong>, en ese aspecto, tanto la lavadora como la secadora de Electrolux cuentan con un sistema <strong>Perfect Care<\/strong> que permite lavar y secar prendas delicadas y que, aparentemente no meter\u00edas nunca (como la ropa t\u00e9cnica de esqu\u00ed, consiguiendo hasta que vuelva a a tener su impermeabilidad)<\/p>\n\n\n\n<figure class=\"wp-block-image\"><img loading=\"lazy\" decoding=\"async\" width=\"1024\" height=\"576\" src=\"https:\/\/oui-oui.es\/blog\/wp-content\/uploads\/2019\/10\/Oui-Oui-secadora-ropa-tecnica-electrolux-perfect-care-helly-hansen-1024x576.jpg\" alt=\"\" class=\"wp-image-10231\" srcset=\"https:\/\/oui-oui.es\/blog\/wp-content\/uploads\/2019\/10\/Oui-Oui-secadora-ropa-tecnica-electrolux-perfect-care-helly-hansen-1024x576.jpg 1024w, https:\/\/oui-oui.es\/blog\/wp-content\/uploads\/2019\/10\/Oui-Oui-secadora-ropa-tecnica-electrolux-perfect-care-helly-hansen-300x169.jpg 300w, https:\/\/oui-oui.es\/blog\/wp-content\/uploads\/2019\/10\/Oui-Oui-secadora-ropa-tecnica-electrolux-perfect-care-helly-hansen-768x432.jpg 768w, https:\/\/oui-oui.es\/blog\/wp-content\/uploads\/2019\/10\/Oui-Oui-secadora-ropa-tecnica-electrolux-perfect-care-helly-hansen-600x338.jpg 600w, https:\/\/oui-oui.es\/blog\/wp-content\/uploads\/2019\/10\/Oui-Oui-secadora-ropa-tecnica-electrolux-perfect-care-helly-hansen-500x280.jpg 500w, https:\/\/oui-oui.es\/blog\/wp-content\/uploads\/2019\/10\/Oui-Oui-secadora-ropa-tecnica-electrolux-perfect-care-helly-hansen-640x360.jpg 640w, https:\/\/oui-oui.es\/blog\/wp-content\/uploads\/2019\/10\/Oui-Oui-secadora-ropa-tecnica-electrolux-perfect-care-helly-hansen.jpg 1280w\" sizes=\"auto, (max-width: 1024px) 100vw, 1024px\" \/><\/figure>\n\n\n\n<p>Pero volvamos al cambio de armario&#8230;<strong>Cuando haces el cambio al completo siempre aparecen prendas que deben ser lavadas de nuevo para guardarlas bien<\/strong> (jers\u00e9ys, plaids, chales, chaquetas&#8230;) ayer mismo separ\u00e9 tres cosas que si o s\u00ed deben ir al tinte, pero el resto las pudimos lavar y secar en la misma ma\u00f1ana (para que no se te queden luego descolgadas porque ya guardaste todo cuando salen del cubo de la plancha).<\/p>\n\n\n\n<p>En concreto, estoy s\u00faper tranquila porque <strong>tanto mi lavadora como mi secadora admiten prendas delicadas<\/strong>, tan delicadas como la seda o como una chaqueta de esquiar (que lavamos y secamos antes de guardarlas a final de temporada).<\/p>\n\n\n\n<figure class=\"wp-block-image\"><img loading=\"lazy\" decoding=\"async\" width=\"1024\" height=\"768\" src=\"https:\/\/oui-oui.es\/blog\/wp-content\/uploads\/2019\/10\/Oui-Ouilacvadora-electrolux-la-mejor-secadora-secadora-electrolux-lapiz-quita-manchas-zona-lavado-deco-3-1024x768.jpg\" alt=\"\" class=\"wp-image-10230\" srcset=\"https:\/\/oui-oui.es\/blog\/wp-content\/uploads\/2019\/10\/Oui-Ouilacvadora-electrolux-la-mejor-secadora-secadora-electrolux-lapiz-quita-manchas-zona-lavado-deco-3-1024x768.jpg 1024w, https:\/\/oui-oui.es\/blog\/wp-content\/uploads\/2019\/10\/Oui-Ouilacvadora-electrolux-la-mejor-secadora-secadora-electrolux-lapiz-quita-manchas-zona-lavado-deco-3-300x225.jpg 300w, https:\/\/oui-oui.es\/blog\/wp-content\/uploads\/2019\/10\/Oui-Ouilacvadora-electrolux-la-mejor-secadora-secadora-electrolux-lapiz-quita-manchas-zona-lavado-deco-3-768x576.jpg 768w, https:\/\/oui-oui.es\/blog\/wp-content\/uploads\/2019\/10\/Oui-Ouilacvadora-electrolux-la-mejor-secadora-secadora-electrolux-lapiz-quita-manchas-zona-lavado-deco-3-600x450.jpg 600w, https:\/\/oui-oui.es\/blog\/wp-content\/uploads\/2019\/10\/Oui-Ouilacvadora-electrolux-la-mejor-secadora-secadora-electrolux-lapiz-quita-manchas-zona-lavado-deco-3-640x480.jpg 640w\" sizes=\"auto, (max-width: 1024px) 100vw, 1024px\" \/><\/figure>\n\n\n\n<p><strong>Si hay un momento ideal para comprar una secadora es ahora<\/strong>, para amortizarla a tope los pr\u00f3ximos meses, el ahorro de tiempo que te supone no tiene precio.<\/p>\n\n\n\n<p>Aqu\u00ed pod\u00e9is ver los modelos de <strong><a rel=\"noreferrer noopener\" aria-label=\" (opens in a new tab)\" href=\"https:\/\/www.electrolux.es\/laundry\/laundry\/washing-machines\/\" target=\"_blank\">lavadoras<\/a><\/strong> y <strong><a rel=\"noreferrer noopener\" aria-label=\" (opens in a new tab)\" href=\"https:\/\/www.electrolux.es\/laundry\/laundry\/dryers\/\" target=\"_blank\">secadoras de Electorlux<\/a><\/strong><\/p>\n\n\n\n<p>Yo las tengo por separado; ocupan el doble pero as\u00ed puedes utilizarlas a la vez (por ejemplo el d\u00eda que pones dos lavadoras, mientras pones la segunda la primera se est\u00e1 secando en la secadora), todo en la vida tiene su parte buena y su parte regular \ud83d\ude09<\/p>\n\n\n\n<p>\u00a1Espero que os ayude si est\u00e1bais en proceso de b\u00fasqueda de una buena lavadora o secadora calidad\/precio !<\/p>\n","protected":false},"excerpt":{"rendered":"<p>Ayer, por fin, hice el cambio de ropa, el temido cambio de ropa&#8230;Aunque para m\u00ed, ya es menos temido por dos puntos muy importantes; me ayuda F\u00e1tima de Ordeno tu Armario (ella se dedica a ayudarte con el orden de lo que necesites; cambio de armario, mudanza, reorganizaci\u00f3n de una zona, etc&#8230;) y a mi [&hellip;]<\/p>\n","protected":false},"author":1,"featured_media":10230,"comment_status":"open","ping_status":"open","sticky":false,"template":"","format":"standard","meta":{"jetpack_post_was_ever_published":false,"_jetpack_newsletter_access":"","_jetpack_dont_email_post_to_subs":false,"_jetpack_newsletter_tier_id":0,"_jetpack_memberships_contains_paywalled_content":false,"_jetpack_memberships_contains_paid_content":false,"footnotes":"","jetpack_publicize_message":"","jetpack_publicize_feature_enabled":true,"jetpack_social_post_already_shared":true,"jetpack_social_options":{"image_generator_settings":{"template":"highway","default_image_id":0,"font":"","enabled":false},"version":2}},"categories":[883,177],"tags":[882,874],"class_list":["post-10229","post","type-post","status-publish","format-standard","has-post-thumbnail","hentry","category-hogar-dulce-hogar","category-lifestyle-2","tag-cambio-de-armario","tag-electrolux"],"aioseo_notices":[],"jetpack_publicize_connections":[],"jetpack_featured_media_url":"https:\/\/oui-oui.es\/blog\/wp-content\/uploads\/2019\/10\/Oui-Ouilacvadora-electrolux-la-mejor-secadora-secadora-electrolux-lapiz-quita-manchas-zona-lavado-deco-3.jpg","jetpack_sharing_enabled":true,"jetpack-related-posts":[{"id":9010,"url":"https:\/\/oui-oui.es\/blog\/9010-2\/","url_meta":{"origin":10229,"position":0},"title":"Por qu\u00e9 S\u00cd tener una secadora","author":"Mar\u00eda \u2665Oui Oui\u2665","date":"27 abril, 2018","format":false,"excerpt":"No s\u00e9 por qu\u00e9 (porque no es que me guste especialmente limpiar...) pero me encantar\u00eda tener una estancia de limpieza, o cuarto de plancha bien puesto en casa (junto a la zona de empaquetado y cosas transitorias como contaba aqu\u00ed ,jeje). Una zona en la que est\u00e9 todo lo relacionado\u2026","rel":"","context":"En \u00abESTILO DE VIDA\u00bb","block_context":{"text":"ESTILO DE VIDA","link":"https:\/\/oui-oui.es\/blog\/category\/lifestyle-2\/"},"img":{"alt_text":"","src":"https:\/\/i0.wp.com\/oui-oui.es\/blog\/wp-content\/uploads\/2018\/04\/Oui-Oui-zona-de-limpieza-secadora-electrolux.jpg?resize=350%2C200&ssl=1","width":350,"height":200},"classes":[]},{"id":10035,"url":"https:\/\/oui-oui.es\/blog\/decorar-y-organizar-la-zona-de-lavado-y-secado\/","url_meta":{"origin":10229,"position":1},"title":"Decorar y organizar la zona de lavado y secado","author":"Mar\u00eda \u2665Oui Oui\u2665","date":"1 agosto, 2019","format":false,"excerpt":"\u00a1Por fin la casa empieza a estar terminada! (aunque quedan detalles que me gusta que se vayan conformando con el tiempo, con el uso y nuestras necesidades), pero -casi- todo est\u00e1 terminado o encargado para terminarse as\u00ed que puedo ir compartiendo algunas estancias. Empezar\u00e9 por la zona de lavado y\u2026","rel":"","context":"En \u00abDECORACI\u00d3N\u00bb","block_context":{"text":"DECORACI\u00d3N","link":"https:\/\/oui-oui.es\/blog\/category\/decoracion-de-casa\/"},"img":{"alt_text":"","src":"https:\/\/i0.wp.com\/oui-oui.es\/blog\/wp-content\/uploads\/2019\/08\/Oui-Oui-reforma-mercedes-arsuaga-elena-bau-fotograf%C3%ADa-59.jpg?resize=350%2C200&ssl=1","width":350,"height":200,"srcset":"https:\/\/i0.wp.com\/oui-oui.es\/blog\/wp-content\/uploads\/2019\/08\/Oui-Oui-reforma-mercedes-arsuaga-elena-bau-fotograf%C3%ADa-59.jpg?resize=350%2C200&ssl=1 1x, https:\/\/i0.wp.com\/oui-oui.es\/blog\/wp-content\/uploads\/2019\/08\/Oui-Oui-reforma-mercedes-arsuaga-elena-bau-fotograf%C3%ADa-59.jpg?resize=525%2C300&ssl=1 1.5x, https:\/\/i0.wp.com\/oui-oui.es\/blog\/wp-content\/uploads\/2019\/08\/Oui-Oui-reforma-mercedes-arsuaga-elena-bau-fotograf%C3%ADa-59.jpg?resize=700%2C400&ssl=1 2x, https:\/\/i0.wp.com\/oui-oui.es\/blog\/wp-content\/uploads\/2019\/08\/Oui-Oui-reforma-mercedes-arsuaga-elena-bau-fotograf%C3%ADa-59.jpg?resize=1050%2C600&ssl=1 3x, https:\/\/i0.wp.com\/oui-oui.es\/blog\/wp-content\/uploads\/2019\/08\/Oui-Oui-reforma-mercedes-arsuaga-elena-bau-fotograf%C3%ADa-59.jpg?resize=1400%2C800&ssl=1 4x"},"classes":[]},{"id":10391,"url":"https:\/\/oui-oui.es\/blog\/las-secadoras-no-gastan-mas\/","url_meta":{"origin":10229,"position":2},"title":"Las secadoras no gastan m\u00e1s","author":"SoportePH","date":"30 enero, 2020","format":false,"excerpt":"El otro d\u00eda una amiga me preguntaba que si tuviera que elegir mi \"electrodom\u00e9stico favorito\" (teniendo en cuenta que tengo la casa reci\u00e9n puesta con electrodom\u00e9sticos muy guays, no porque sea una friki de los electrodom\u00e9sticos...je,je) cual ser\u00eda y, sin ninguna duda dije LA SECADORA. \u00bfY eso?, pues yo creo\u2026","rel":"","context":"En \u00abCASA\u00bb","block_context":{"text":"CASA","link":"https:\/\/oui-oui.es\/blog\/category\/hogar-dulce-hogar\/"},"img":{"alt_text":"","src":"https:\/\/i0.wp.com\/oui-oui.es\/blog\/wp-content\/uploads\/2020\/01\/Oui-Ouilacvadora-electrolux-la-mejor-secadora-secadora-electrolux-lapiz-quita-manchas-zona-lavado-deco-3-scaled.jpg?resize=350%2C200&ssl=1","width":350,"height":200,"srcset":"https:\/\/i0.wp.com\/oui-oui.es\/blog\/wp-content\/uploads\/2020\/01\/Oui-Ouilacvadora-electrolux-la-mejor-secadora-secadora-electrolux-lapiz-quita-manchas-zona-lavado-deco-3-scaled.jpg?resize=350%2C200&ssl=1 1x, https:\/\/i0.wp.com\/oui-oui.es\/blog\/wp-content\/uploads\/2020\/01\/Oui-Ouilacvadora-electrolux-la-mejor-secadora-secadora-electrolux-lapiz-quita-manchas-zona-lavado-deco-3-scaled.jpg?resize=525%2C300&ssl=1 1.5x, https:\/\/i0.wp.com\/oui-oui.es\/blog\/wp-content\/uploads\/2020\/01\/Oui-Ouilacvadora-electrolux-la-mejor-secadora-secadora-electrolux-lapiz-quita-manchas-zona-lavado-deco-3-scaled.jpg?resize=700%2C400&ssl=1 2x, https:\/\/i0.wp.com\/oui-oui.es\/blog\/wp-content\/uploads\/2020\/01\/Oui-Ouilacvadora-electrolux-la-mejor-secadora-secadora-electrolux-lapiz-quita-manchas-zona-lavado-deco-3-scaled.jpg?resize=1050%2C600&ssl=1 3x, https:\/\/i0.wp.com\/oui-oui.es\/blog\/wp-content\/uploads\/2020\/01\/Oui-Ouilacvadora-electrolux-la-mejor-secadora-secadora-electrolux-lapiz-quita-manchas-zona-lavado-deco-3-scaled.jpg?resize=1400%2C800&ssl=1 4x"},"classes":[]},{"id":8904,"url":"https:\/\/oui-oui.es\/blog\/esquiar-con-ninos-en-cerler\/","url_meta":{"origin":10229,"position":3},"title":"Esquiar con ni\u00f1os en Cerler","author":"Mar\u00eda \u2665Oui Oui\u2665","date":"12 marzo, 2018","format":false,"excerpt":"Hace un mes tuvimos la oportunidad de pasar un fin de semana de esqu\u00ed con los ni\u00f1os en Cerler, de la mano de Electrolux. Fue un fin de semana especial porque coincid\u00eda con el cumplea\u00f1os de Frida y era nuestro primer viaje en familia a la nieve los cuatro juntos.\u2026","rel":"","context":"En \u00abESQU\u00cd\u00bb","block_context":{"text":"ESQU\u00cd","link":"https:\/\/oui-oui.es\/blog\/category\/esqui\/"},"img":{"alt_text":"","src":"https:\/\/i0.wp.com\/oui-oui.es\/blog\/wp-content\/uploads\/2018\/03\/Oui-Oui-esquiar-con-ni%C3%B1os-en-cerler.jpg?resize=350%2C200&ssl=1","width":350,"height":200,"srcset":"https:\/\/i0.wp.com\/oui-oui.es\/blog\/wp-content\/uploads\/2018\/03\/Oui-Oui-esquiar-con-ni%C3%B1os-en-cerler.jpg?resize=350%2C200&ssl=1 1x, https:\/\/i0.wp.com\/oui-oui.es\/blog\/wp-content\/uploads\/2018\/03\/Oui-Oui-esquiar-con-ni%C3%B1os-en-cerler.jpg?resize=525%2C300&ssl=1 1.5x, https:\/\/i0.wp.com\/oui-oui.es\/blog\/wp-content\/uploads\/2018\/03\/Oui-Oui-esquiar-con-ni%C3%B1os-en-cerler.jpg?resize=700%2C400&ssl=1 2x, https:\/\/i0.wp.com\/oui-oui.es\/blog\/wp-content\/uploads\/2018\/03\/Oui-Oui-esquiar-con-ni%C3%B1os-en-cerler.jpg?resize=1050%2C600&ssl=1 3x"},"classes":[]},{"id":10136,"url":"https:\/\/oui-oui.es\/blog\/decorar-la-cocina-en-negro\/","url_meta":{"origin":10229,"position":4},"title":"Decorar la cocina en negro","author":"Mar\u00eda \u2665Oui Oui\u2665","date":"20 septiembre, 2019","format":false,"excerpt":"Esta cocina sirvi\u00f3 de inspiraci\u00f3n para la m\u00eda Tengo pendiente compartir c\u00f3mo qued\u00f3 nuestra cocina tras la obra, pero, como a\u00fan faltan las l\u00e1mparas, prefiero que est\u00e9 todo para contarlo bien. Mientras, me apetec\u00eda hablaros de las cocinas en negro, aunque nosotros optamos por un azul oscuro, el negro fue\u2026","rel":"","context":"En \u00abDECORACI\u00d3N\u00bb","block_context":{"text":"DECORACI\u00d3N","link":"https:\/\/oui-oui.es\/blog\/category\/decoracion-de-casa\/"},"img":{"alt_text":"","src":"https:\/\/i0.wp.com\/oui-oui.es\/blog\/wp-content\/uploads\/2019\/09\/Oui-Oui-electrodomesticos-negro-mate-electrolux-horno-negro-mate-campana-negro-mate-3.jpg?resize=350%2C200&ssl=1","width":350,"height":200,"srcset":"https:\/\/i0.wp.com\/oui-oui.es\/blog\/wp-content\/uploads\/2019\/09\/Oui-Oui-electrodomesticos-negro-mate-electrolux-horno-negro-mate-campana-negro-mate-3.jpg?resize=350%2C200&ssl=1 1x, https:\/\/i0.wp.com\/oui-oui.es\/blog\/wp-content\/uploads\/2019\/09\/Oui-Oui-electrodomesticos-negro-mate-electrolux-horno-negro-mate-campana-negro-mate-3.jpg?resize=525%2C300&ssl=1 1.5x, https:\/\/i0.wp.com\/oui-oui.es\/blog\/wp-content\/uploads\/2019\/09\/Oui-Oui-electrodomesticos-negro-mate-electrolux-horno-negro-mate-campana-negro-mate-3.jpg?resize=700%2C400&ssl=1 2x, https:\/\/i0.wp.com\/oui-oui.es\/blog\/wp-content\/uploads\/2019\/09\/Oui-Oui-electrodomesticos-negro-mate-electrolux-horno-negro-mate-campana-negro-mate-3.jpg?resize=1050%2C600&ssl=1 3x, https:\/\/i0.wp.com\/oui-oui.es\/blog\/wp-content\/uploads\/2019\/09\/Oui-Oui-electrodomesticos-negro-mate-electrolux-horno-negro-mate-campana-negro-mate-3.jpg?resize=1400%2C800&ssl=1 4x"},"classes":[]},{"id":5451,"url":"https:\/\/oui-oui.es\/blog\/baby-bloom-kids-ropa-de-ninos-con-aires-del-sur\/","url_meta":{"origin":10229,"position":5},"title":"Baby Bloom Kids | Ropa de ni\u00f1os con aires del sur","author":"Mar\u00eda \u2665Oui Oui\u2665","date":"26 mayo, 2017","format":false,"excerpt":"\u00a0 Hace unas semanas pude conocer la nueva marca de ropa para ni\u00f1os Baby Bloom Kids, creada por Beatriz Mira Hafner y su madre. La verdad es que me encanta conocer marcas nuevas para comprarle ropa a Mart\u00edn y a Frida\u00a0 un poco diferente a la que vemos todos los\u2026","rel":"","context":"En \u00abNI\u00d1OS Y NI\u00d1AS\u00bb","block_context":{"text":"NI\u00d1OS Y NI\u00d1AS","link":"https:\/\/oui-oui.es\/blog\/category\/ninos\/"},"img":{"alt_text":"","src":"https:\/\/i0.wp.com\/oui-oui.es\/blog\/wp-content\/uploads\/2017\/05\/Oui-Oui-baby-bloom-kids-ropa-ni%C3%B1os-beatriz-mira-hafner-logo.png?resize=350%2C200&ssl=1","width":350,"height":200},"classes":[]}],"_links":{"self":[{"href":"https:\/\/oui-oui.es\/blog\/wp-json\/wp\/v2\/posts\/10229","targetHints":{"allow":["GET"]}}],"collection":[{"href":"https:\/\/oui-oui.es\/blog\/wp-json\/wp\/v2\/posts"}],"about":[{"href":"https:\/\/oui-oui.es\/blog\/wp-json\/wp\/v2\/types\/post"}],"author":[{"embeddable":true,"href":"https:\/\/oui-oui.es\/blog\/wp-json\/wp\/v2\/users\/1"}],"replies":[{"embeddable":true,"href":"https:\/\/oui-oui.es\/blog\/wp-json\/wp\/v2\/comments?post=10229"}],"version-history":[{"count":2,"href":"https:\/\/oui-oui.es\/blog\/wp-json\/wp\/v2\/posts\/10229\/revisions"}],"predecessor-version":[{"id":10238,"href":"https:\/\/oui-oui.es\/blog\/wp-json\/wp\/v2\/posts\/10229\/revisions\/10238"}],"wp:featuredmedia":[{"embeddable":true,"href":"https:\/\/oui-oui.es\/blog\/wp-json\/wp\/v2\/media\/10230"}],"wp:attachment":[{"href":"https:\/\/oui-oui.es\/blog\/wp-json\/wp\/v2\/media?parent=10229"}],"wp:term":[{"taxonomy":"category","embeddable":true,"href":"https:\/\/oui-oui.es\/blog\/wp-json\/wp\/v2\/categories?post=10229"},{"taxonomy":"post_tag","embeddable":true,"href":"https:\/\/oui-oui.es\/blog\/wp-json\/wp\/v2\/tags?post=10229"}],"curies":[{"name":"wp","href":"https:\/\/api.w.org\/{rel}","templated":true}]}}