{"id":1029,"date":"2013-11-21T00:58:30","date_gmt":"2013-11-20T23:58:30","guid":{"rendered":"http:\/\/ouiouiblog.wordpress.com\/?p=1029"},"modified":"2013-11-21T00:58:30","modified_gmt":"2013-11-20T23:58:30","slug":"el-buen-rollo-del-finde-pasado","status":"publish","type":"post","link":"https:\/\/oui-oui.es\/blog\/el-buen-rollo-del-finde-pasado\/","title":{"rendered":"El buen rollo del finde pasado&#8230;"},"content":{"rendered":"<p style=\"text-align:center;\"><a href=\"http:\/\/ouiouiblog.files.wordpress.com\/2013\/11\/oui-oui-stand-en-la-feria-bodas-love-and-vintage.jpg\"><img loading=\"lazy\" decoding=\"async\" class=\"aligncenter size-full wp-image-1034\" alt=\"Oui Oui-stand en la feria bodas love and vintage\" src=\"http:\/\/ouiouiblog.files.wordpress.com\/2013\/11\/oui-oui-stand-en-la-feria-bodas-love-and-vintage.jpg\" width=\"529\" height=\"529\" srcset=\"https:\/\/oui-oui.es\/blog\/wp-content\/uploads\/oui-oui-stand-en-la-feria-bodas-love-and-vintage.jpg 640w, https:\/\/oui-oui.es\/blog\/wp-content\/uploads\/oui-oui-stand-en-la-feria-bodas-love-and-vintage-150x150.jpg 150w, https:\/\/oui-oui.es\/blog\/wp-content\/uploads\/oui-oui-stand-en-la-feria-bodas-love-and-vintage-300x300.jpg 300w\" sizes=\"auto, (max-width: 529px) 100vw, 529px\" \/><\/a><\/p>\n<p style=\"text-align:center;\">El domingo llegu\u00e9 a casa con un <strong>subid\u00f3n<\/strong>, ten\u00eda que estar cansad\u00edsima despu\u00e9s de tres d\u00edas (de 11 a 21h y con mis salidas para dar el pecho&#8230;) en la <strong>Feria Love &amp; Vintage<\/strong>, pero (a\u00fan), el cansancio no hab\u00eda llegado, estaba como esp\u00eddica <strong>contando todo lo que hab\u00eda pasado en ella<\/strong>; a qui\u00e9n hab\u00eda conocido, las charlas con clientes, an\u00e9cdotas, las marcas que hab\u00eda descubierto&#8230;Me sorprend\u00ed a mi misma sinti\u00e9ndome como hac\u00eda mucho que no me sent\u00eda, <strong>como cuando haces un gran trabajo en equipo<\/strong>&#8230;Como ahora trabajo sola es una de las cosas que he perdido, esa <strong>s\u00faper sensaci\u00f3n de buen rollo que tienes cuando has conseguido lograr algo entre varios y adem\u00e1s lo has hecho con muy buen ambiente.<\/strong><\/p>\n<div id=\"attachment_1033\" style=\"width: 539px\" class=\"wp-caption aligncenter\"><a href=\"http:\/\/ouiouiblog.files.wordpress.com\/2013\/11\/oui-oui-feria-love-and-vintage-corazon-luz-niceparty.jpg\"><img loading=\"lazy\" decoding=\"async\" aria-describedby=\"caption-attachment-1033\" class=\"size-full wp-image-1033\" alt=\"Foto de Niceparty\" src=\"http:\/\/ouiouiblog.files.wordpress.com\/2013\/11\/oui-oui-feria-love-and-vintage-corazon-luz-niceparty.jpg\" width=\"529\" height=\"529\" srcset=\"https:\/\/oui-oui.es\/blog\/wp-content\/uploads\/oui-oui-feria-love-and-vintage-corazon-luz-niceparty.jpg 640w, https:\/\/oui-oui.es\/blog\/wp-content\/uploads\/oui-oui-feria-love-and-vintage-corazon-luz-niceparty-150x150.jpg 150w, https:\/\/oui-oui.es\/blog\/wp-content\/uploads\/oui-oui-feria-love-and-vintage-corazon-luz-niceparty-300x300.jpg 300w\" sizes=\"auto, (max-width: 529px) 100vw, 529px\" \/><\/a><p id=\"caption-attachment-1033\" class=\"wp-caption-text\">Foto de Niceparty<\/p><\/div>\n<p style=\"text-align:center;\"><strong>S\u00f3lo pasa a veces<\/strong>, lo sent\u00ed en muchas ocasiones cuando trabajaba de monitora de esqu\u00ed y coordin\u00e1bamos viajes, tambi\u00e9n cuando empec\u00e9 a trabajar de becaria porque tuve la suerte de que coincidi\u00e9ramos un grupo muy chulo de becarios&#8230;Y despu\u00e9s, en el <em>\u00abtrabajo de verdad\u00bb<\/em> lo experiment\u00e9 muy poco, pues no tuve la suerte de tener un buen equipo&#8230;Pero el domingo, <strong>el domingo volvi\u00f3 a aparecer<\/strong>&#8230;Fu\u00e9 un c\u00famulo de cosas; de la <strong>buena organizaci\u00f3n<\/strong> de las chicas de <strong>Something Old<\/strong> y de Cristina de <strong>Cristina &amp; Co<\/strong>, de que <strong>consiguieran reunir a un mont\u00f3n de grandes profesionales sin que la feria perdiera calidad o se desvirtuara<\/strong>&#8230;Y, sobretodo, <strong>del grupito que hicimos en nuestra \u00absala\u00bb<\/strong>; de charleta con las chicas de <strong><a href=\"http:\/\/blog.niceparty.es\/\" target=\"_blank\">Nice Party<\/a><\/strong> (gracias a las que, adem\u00e1s, contamos con un extra de luz chul\u00edsimo), a mi izquierda con Cartu de <strong><a href=\"www.laurelcatering.com\" target=\"_blank\">El Laurel Catering<\/a><\/strong>, a quien no conoc\u00eda y <strong>es un encanto<\/strong>, los cruces de miradas en diagonal con <a href=\"https:\/\/www.facebook.com\/pages\/Maria-Ingelmo\/470587896332223\" target=\"_blank\">Mar\u00eda Ingelmo<\/a> y, sobretodo con el equipo de la <strong><a href=\"http:\/\/aldeallana.com\/\" target=\"_blank\">Finca Aldeallana<\/a><\/strong>, tan divertidos y con un mont\u00f3n de amigos pasando continuamente, <strong>amenizaron la sala al completo!<\/strong><\/p>\n<p style=\"text-align:center;\"><a href=\"http:\/\/ouiouiblog.files.wordpress.com\/2013\/11\/oui-oui-feria-love-and-vintage-finca-aldeallana.jpg\"><img loading=\"lazy\" decoding=\"async\" class=\"aligncenter size-full wp-image-1030\" alt=\"Oui OUi-feria love and vintage-finca aldeallana\" src=\"http:\/\/ouiouiblog.files.wordpress.com\/2013\/11\/oui-oui-feria-love-and-vintage-finca-aldeallana.jpg\" width=\"529\" height=\"529\" srcset=\"https:\/\/oui-oui.es\/blog\/wp-content\/uploads\/oui-oui-feria-love-and-vintage-finca-aldeallana.jpg 640w, https:\/\/oui-oui.es\/blog\/wp-content\/uploads\/oui-oui-feria-love-and-vintage-finca-aldeallana-150x150.jpg 150w, https:\/\/oui-oui.es\/blog\/wp-content\/uploads\/oui-oui-feria-love-and-vintage-finca-aldeallana-300x300.jpg 300w\" sizes=\"auto, (max-width: 529px) 100vw, 529px\" \/><\/a><\/p>\n<p style=\"text-align:center;\">Menci\u00f3n especial merece <strong>Borja<\/strong>, del <strong><a href=\"www.pochevillecatering.com\" target=\"_blank\">catering Pocheville<\/a><\/strong>, nuestro vecino de al lado tan divertido!!!<\/p>\n<div id=\"attachment_1031\" style=\"width: 539px\" class=\"wp-caption aligncenter\"><a href=\"http:\/\/ouiouiblog.files.wordpress.com\/2013\/11\/oui-oui-movember-feria-love-and-vintage-borja-pocheville.jpg\"><img loading=\"lazy\" decoding=\"async\" aria-describedby=\"caption-attachment-1031\" class=\"size-full wp-image-1031\" alt=\"Oui Oui-movember-feria love and vintage-borja pocheville\" src=\"http:\/\/ouiouiblog.files.wordpress.com\/2013\/11\/oui-oui-movember-feria-love-and-vintage-borja-pocheville.jpg\" width=\"529\" height=\"529\" srcset=\"https:\/\/oui-oui.es\/blog\/wp-content\/uploads\/oui-oui-movember-feria-love-and-vintage-borja-pocheville.jpg 640w, https:\/\/oui-oui.es\/blog\/wp-content\/uploads\/oui-oui-movember-feria-love-and-vintage-borja-pocheville-150x150.jpg 150w, https:\/\/oui-oui.es\/blog\/wp-content\/uploads\/oui-oui-movember-feria-love-and-vintage-borja-pocheville-300x300.jpg 300w\" sizes=\"auto, (max-width: 529px) 100vw, 529px\" \/><\/a><p id=\"caption-attachment-1031\" class=\"wp-caption-text\">Foto de Pocheville<\/p><\/div>\n<p style=\"text-align:center;\">\n<p style=\"text-align:center;\">Por supuesto todo lo anterior acompa\u00f1ado de vosotros, los que os pas\u00e1steis a saludar, <strong>Eva de Bodas Color\u00edn Colorado, Ana de la Casita del Lago, Mar\u00eda de Delipapel, Mar\u00eda de Holamama, Cata de Save the Projects, Luc\u00eda de Maison Pom Poms, Elena de De Boda con Mar\u00f3n, Patricia de Ranas y Princesas, Raquel de Dorothy\u00b4s Shoes, Sandra de Calista One, Keyla de Tendencias de bodas<\/strong>, etc&#8230;Seguro que me dejo a alguien!!<\/p>\n<div id=\"attachment_1032\" style=\"width: 539px\" class=\"wp-caption aligncenter\"><a href=\"http:\/\/ouiouiblog.files.wordpress.com\/2013\/11\/oui-oui-feria-love-and-vintage-kata-save-the-date-projects.jpg\"><img loading=\"lazy\" decoding=\"async\" aria-describedby=\"caption-attachment-1032\" class=\"size-full wp-image-1032\" alt=\"Foto de De Boda con Mar\u00f3n para Kata\" src=\"http:\/\/ouiouiblog.files.wordpress.com\/2013\/11\/oui-oui-feria-love-and-vintage-kata-save-the-date-projects.jpg\" width=\"529\" height=\"529\" srcset=\"https:\/\/oui-oui.es\/blog\/wp-content\/uploads\/oui-oui-feria-love-and-vintage-kata-save-the-date-projects.jpg 640w, https:\/\/oui-oui.es\/blog\/wp-content\/uploads\/oui-oui-feria-love-and-vintage-kata-save-the-date-projects-150x150.jpg 150w, https:\/\/oui-oui.es\/blog\/wp-content\/uploads\/oui-oui-feria-love-and-vintage-kata-save-the-date-projects-300x300.jpg 300w\" sizes=\"auto, (max-width: 529px) 100vw, 529px\" \/><\/a><p id=\"caption-attachment-1032\" class=\"wp-caption-text\">Foto de De Boda con Mar\u00f3n para Kata<\/p><\/div>\n<p style=\"text-align:center;\">Y encima acabo de recibir un mail m\u00e1s que bonito de las organizadoras&#8230;<strong>Qu\u00e9 ganas de ese reencuentro!!<\/strong><\/p>\n<p style=\"text-align:center;\">Eso s\u00ed&#8230;El cansancio llega y lo estoy pagando esta semana, pero sin duda&#8230;<strong>mereci\u00f3 la pena!!<\/strong><\/p>\n<p style=\"text-align:center;\">Hasta la pr\u00f3xima \ud83d\ude09<\/p>\n","protected":false},"excerpt":{"rendered":"<p>El domingo llegu\u00e9 a casa con un subid\u00f3n, ten\u00eda que estar cansad\u00edsima despu\u00e9s de tres d\u00edas (de 11 a 21h y con mis salidas para dar el pecho&#8230;) en la Feria Love &amp; Vintage, pero (a\u00fan), el cansancio no hab\u00eda llegado, estaba como esp\u00eddica contando todo lo que hab\u00eda pasado en ella; a qui\u00e9n hab\u00eda [&hellip;]<\/p>\n","protected":false},"author":1,"featured_media":1034,"comment_status":"open","ping_status":"open","sticky":false,"template":"","format":"standard","meta":{"jetpack_post_was_ever_published":false,"_jetpack_newsletter_access":"","_jetpack_dont_email_post_to_subs":false,"_jetpack_newsletter_tier_id":0,"_jetpack_memberships_contains_paywalled_content":false,"_jetpack_memberships_contains_paid_content":false,"footnotes":"","jetpack_publicize_message":"","jetpack_publicize_feature_enabled":true,"jetpack_social_post_already_shared":false,"jetpack_social_options":{"image_generator_settings":{"template":"highway","default_image_id":0,"font":"","enabled":false},"version":2}},"categories":[704],"tags":[],"class_list":["post-1029","post","type-post","status-publish","format-standard","has-post-thumbnail","hentry","category-boda"],"aioseo_notices":[],"jetpack_publicize_connections":[],"jetpack_featured_media_url":"https:\/\/oui-oui.es\/blog\/wp-content\/uploads\/oui-oui-stand-en-la-feria-bodas-love-and-vintage.jpg","jetpack_sharing_enabled":true,"jetpack-related-posts":[{"id":5736,"url":"https:\/\/oui-oui.es\/blog\/living-mexico-vestidos-mexicanos-para-madres-e-hijas\/","url_meta":{"origin":1029,"position":0},"title":"Living M\u00e9xico | Vestidos mexicanos para madres e hijas","author":"Mar\u00eda \u2665Oui Oui\u2665","date":"14 junio, 2017","format":false,"excerpt":"Los que me conocen saben de mi pasi\u00f3n por M\u00e9xico; su gastronom\u00eda, sus colores, la iconograf\u00eda, sus tradiciones, por supuesto Frida Kahlo, cuyas pinturas, est\u00e9tica y vida me llam\u00f3 a atenci\u00f3n desde muy joven. A la vuelta de un viaje a M\u00e9xico con amigas celebr\u00e9 mi cumplea\u00f1os con una fiesta\u2026","rel":"","context":"En \u00abESTILO DE VIDA\u00bb","block_context":{"text":"ESTILO DE VIDA","link":"https:\/\/oui-oui.es\/blog\/category\/lifestyle-2\/"},"img":{"alt_text":"","src":"https:\/\/i0.wp.com\/oui-oui.es\/blog\/wp-content\/uploads\/2017\/06\/Oui-Oui-Venta-Especial-Mexico-Living-Mexico-Tiretta-Living-La-Parra-Olga-Vallejo-131.jpg?resize=350%2C200&ssl=1","width":350,"height":200,"srcset":"https:\/\/i0.wp.com\/oui-oui.es\/blog\/wp-content\/uploads\/2017\/06\/Oui-Oui-Venta-Especial-Mexico-Living-Mexico-Tiretta-Living-La-Parra-Olga-Vallejo-131.jpg?resize=350%2C200&ssl=1 1x, https:\/\/i0.wp.com\/oui-oui.es\/blog\/wp-content\/uploads\/2017\/06\/Oui-Oui-Venta-Especial-Mexico-Living-Mexico-Tiretta-Living-La-Parra-Olga-Vallejo-131.jpg?resize=525%2C300&ssl=1 1.5x, https:\/\/i0.wp.com\/oui-oui.es\/blog\/wp-content\/uploads\/2017\/06\/Oui-Oui-Venta-Especial-Mexico-Living-Mexico-Tiretta-Living-La-Parra-Olga-Vallejo-131.jpg?resize=700%2C400&ssl=1 2x, https:\/\/i0.wp.com\/oui-oui.es\/blog\/wp-content\/uploads\/2017\/06\/Oui-Oui-Venta-Especial-Mexico-Living-Mexico-Tiretta-Living-La-Parra-Olga-Vallejo-131.jpg?resize=1050%2C600&ssl=1 3x, https:\/\/i0.wp.com\/oui-oui.es\/blog\/wp-content\/uploads\/2017\/06\/Oui-Oui-Venta-Especial-Mexico-Living-Mexico-Tiretta-Living-La-Parra-Olga-Vallejo-131.jpg?resize=1400%2C800&ssl=1 4x"},"classes":[]},{"id":1578,"url":"https:\/\/oui-oui.es\/blog\/baby-starbucks\/","url_meta":{"origin":1029,"position":1},"title":"Baby Starbucks","author":"Mar\u00eda \u2665Oui Oui\u2665","date":"9 julio, 2014","format":false,"excerpt":"Soy fan de Starbucks desde que aterriz\u00f3 en Espa\u00f1a y eso que no me gusta el caf\u00e9...De hecho al principio lo \u00fanico que me molest\u00f3 fue que no entend\u00eda c\u00f3mo no hab\u00eda Coca-Cola...Pero su filosof\u00eda, la gesti\u00f3n de la marca, el buen rollo de los empleados...Todo me gan\u00f3 y pas\u00e9\u2026","rel":"","context":"En \u00abREGALOS\u00bb","block_context":{"text":"REGALOS","link":"https:\/\/oui-oui.es\/blog\/category\/no-se-que-regalar\/"},"img":{"alt_text":"","src":"https:\/\/i0.wp.com\/oui-oui.es\/blog\/wp-content\/uploads\/2014\/07\/oui-oui-biberon-agua-starbucks-starbucks-sippy-cup-vaso-starbucks-bebe.jpg?resize=350%2C200&ssl=1","width":350,"height":200,"srcset":"https:\/\/i0.wp.com\/oui-oui.es\/blog\/wp-content\/uploads\/2014\/07\/oui-oui-biberon-agua-starbucks-starbucks-sippy-cup-vaso-starbucks-bebe.jpg?resize=350%2C200&ssl=1 1x, https:\/\/i0.wp.com\/oui-oui.es\/blog\/wp-content\/uploads\/2014\/07\/oui-oui-biberon-agua-starbucks-starbucks-sippy-cup-vaso-starbucks-bebe.jpg?resize=525%2C300&ssl=1 1.5x"},"classes":[]},{"id":2757,"url":"https:\/\/oui-oui.es\/blog\/cascabel-la-antojeria-de-punto-mx\/","url_meta":{"origin":1029,"position":2},"title":"Cascabel |La antojer\u00eda de Punto Mx","author":"Mar\u00eda \u2665Oui Oui\u2665","date":"20 julio, 2015","format":false,"excerpt":"Parece que \u00faltimamente s\u00f3lo escribo de restaurantes y tiendas de comida, pero estoy apurando mis d\u00edas de verano en Madrid y, aprovechando que todo va a un ritmo un poco m\u00e1s lento, quedando a comer\/cenar todo lo que puedo! Ten\u00eda muchas ganas de conocer Cascabel, hace un par de a\u00f1os\u2026","rel":"","context":"En \u00abESTILO DE VIDA\u00bb","block_context":{"text":"ESTILO DE VIDA","link":"https:\/\/oui-oui.es\/blog\/category\/lifestyle-2\/"},"img":{"alt_text":"","src":"https:\/\/i0.wp.com\/oui-oui.es\/blog\/wp-content\/uploads\/Oui-Oui-restaurante-cascabel-salon-cascabel-taco-arabe-e1438294249632.jpg?resize=350%2C200&ssl=1","width":350,"height":200,"srcset":"https:\/\/i0.wp.com\/oui-oui.es\/blog\/wp-content\/uploads\/Oui-Oui-restaurante-cascabel-salon-cascabel-taco-arabe-e1438294249632.jpg?resize=350%2C200&ssl=1 1x, https:\/\/i0.wp.com\/oui-oui.es\/blog\/wp-content\/uploads\/Oui-Oui-restaurante-cascabel-salon-cascabel-taco-arabe-e1438294249632.jpg?resize=525%2C300&ssl=1 1.5x, https:\/\/i0.wp.com\/oui-oui.es\/blog\/wp-content\/uploads\/Oui-Oui-restaurante-cascabel-salon-cascabel-taco-arabe-e1438294249632.jpg?resize=700%2C400&ssl=1 2x"},"classes":[]},{"id":9415,"url":"https:\/\/oui-oui.es\/blog\/el-cumpleanos-espacial\/","url_meta":{"origin":1029,"position":3},"title":"El cumplea\u00f1os espacial","author":"Mar\u00eda \u2665Oui Oui\u2665","date":"5 noviembre, 2018","format":false,"excerpt":"Como cada a\u00f1o, para el cumple de M. pensamos una tem\u00e1tica, cuando cumpli\u00f3 tres fue la m\u00fasica porque era lo que m\u00e1s le llamaba la atenci\u00f3n por entonces, por los cuatros a\u00f1os hicimos el cumplea\u00f1os de los deportes y este a\u00f1o que cumpli\u00f3 cinco quer\u00eda un cumplea\u00f1os espacial, lo vieron\u2026","rel":"","context":"En \u00abFIESTAS y CELEBRACIONES\u00bb","block_context":{"text":"FIESTAS y CELEBRACIONES","link":"https:\/\/oui-oui.es\/blog\/category\/fiestas-celebraciones\/"},"img":{"alt_text":"","src":"https:\/\/i0.wp.com\/oui-oui.es\/blog\/wp-content\/uploads\/2018\/11\/Oui-Oui-cumplea%C3%B1os-espacial-fiesta-cumplea%C3%B1os-astronautas-festa-ni%C3%B1os-espacio-galletas-espacio-disfraces-astronautas-rollo-colorear-espacio-11.jpg?resize=350%2C200&ssl=1","width":350,"height":200,"srcset":"https:\/\/i0.wp.com\/oui-oui.es\/blog\/wp-content\/uploads\/2018\/11\/Oui-Oui-cumplea%C3%B1os-espacial-fiesta-cumplea%C3%B1os-astronautas-festa-ni%C3%B1os-espacio-galletas-espacio-disfraces-astronautas-rollo-colorear-espacio-11.jpg?resize=350%2C200&ssl=1 1x, https:\/\/i0.wp.com\/oui-oui.es\/blog\/wp-content\/uploads\/2018\/11\/Oui-Oui-cumplea%C3%B1os-espacial-fiesta-cumplea%C3%B1os-astronautas-festa-ni%C3%B1os-espacio-galletas-espacio-disfraces-astronautas-rollo-colorear-espacio-11.jpg?resize=525%2C300&ssl=1 1.5x, https:\/\/i0.wp.com\/oui-oui.es\/blog\/wp-content\/uploads\/2018\/11\/Oui-Oui-cumplea%C3%B1os-espacial-fiesta-cumplea%C3%B1os-astronautas-festa-ni%C3%B1os-espacio-galletas-espacio-disfraces-astronautas-rollo-colorear-espacio-11.jpg?resize=700%2C400&ssl=1 2x, https:\/\/i0.wp.com\/oui-oui.es\/blog\/wp-content\/uploads\/2018\/11\/Oui-Oui-cumplea%C3%B1os-espacial-fiesta-cumplea%C3%B1os-astronautas-festa-ni%C3%B1os-espacio-galletas-espacio-disfraces-astronautas-rollo-colorear-espacio-11.jpg?resize=1050%2C600&ssl=1 3x, https:\/\/i0.wp.com\/oui-oui.es\/blog\/wp-content\/uploads\/2018\/11\/Oui-Oui-cumplea%C3%B1os-espacial-fiesta-cumplea%C3%B1os-astronautas-festa-ni%C3%B1os-espacio-galletas-espacio-disfraces-astronautas-rollo-colorear-espacio-11.jpg?resize=1400%2C800&ssl=1 4x"},"classes":[]},{"id":2263,"url":"https:\/\/oui-oui.es\/blog\/de-lo-bonito-de-montar-en-bici-con-tu-hijo-weeride-spain\/","url_meta":{"origin":1029,"position":4},"title":"De lo bonito de montar en bici con tu hijo: Weeride Spain","author":"Mar\u00eda \u2665Oui Oui\u2665","date":"5 mayo, 2015","format":false,"excerpt":"El verano pasado me regalaron una silla de bici para beb\u00e9, por entonces Mart\u00edn cumpl\u00eda 9 meses y coincid\u00eda que hab\u00eda una carrera cicloturista en la que participamos todos los a\u00f1os, as\u00ed que no lo pens\u00e9 y aprovech\u00e9 para estrenarla ese fin de semana...Desde entonces ten\u00eda ganas de compartir la\u2026","rel":"","context":"En \u00abMATERNIDAD\u00bb","block_context":{"text":"MATERNIDAD","link":"https:\/\/oui-oui.es\/blog\/category\/maternidad\/"},"img":{"alt_text":"","src":"https:\/\/i0.wp.com\/oui-oui.es\/blog\/wp-content\/uploads\/2015\/05\/oui-oui-weeride-silla-llevar-bebe-en-bici-silla-delantera-bebe-bici-cesta.jpg?resize=350%2C200&ssl=1","width":350,"height":200},"classes":[]},{"id":3735,"url":"https:\/\/oui-oui.es\/blog\/love-lab-days-casarse-en-asturias\/","url_meta":{"origin":1029,"position":5},"title":"Love Lab Days | Casarse en Asturias","author":"Mar\u00eda \u2665Oui Oui\u2665","date":"17 noviembre, 2015","format":false,"excerpt":"Hace unas semanas hice un viaje rel\u00e1mpago a Gij\u00f3n (os lo adelantaba aqu\u00ed) para asistir a la fiesta de inauguraci\u00f3n de Love Lab Days , una no feria de bodas que reun\u00eda a lo mejorcito del sector nupcial asturiano (y alg\u00fan que otro invitado de fuera, tambi\u00e9n genial!), despu\u00e9s de\u2026","rel":"","context":"En \u00abBoda\u00bb","block_context":{"text":"Boda","link":"https:\/\/oui-oui.es\/blog\/category\/fiestas-celebraciones\/boda\/"},"img":{"alt_text":"","src":"https:\/\/i0.wp.com\/oui-oui.es\/blog\/wp-content\/uploads\/2015\/11\/Oui-Oui-lovelabdays-gijon-2015-fotos-jfk-imagen-social1-99.jpg?resize=350%2C200&ssl=1","width":350,"height":200,"srcset":"https:\/\/i0.wp.com\/oui-oui.es\/blog\/wp-content\/uploads\/2015\/11\/Oui-Oui-lovelabdays-gijon-2015-fotos-jfk-imagen-social1-99.jpg?resize=350%2C200&ssl=1 1x, https:\/\/i0.wp.com\/oui-oui.es\/blog\/wp-content\/uploads\/2015\/11\/Oui-Oui-lovelabdays-gijon-2015-fotos-jfk-imagen-social1-99.jpg?resize=525%2C300&ssl=1 1.5x, https:\/\/i0.wp.com\/oui-oui.es\/blog\/wp-content\/uploads\/2015\/11\/Oui-Oui-lovelabdays-gijon-2015-fotos-jfk-imagen-social1-99.jpg?resize=700%2C400&ssl=1 2x, https:\/\/i0.wp.com\/oui-oui.es\/blog\/wp-content\/uploads\/2015\/11\/Oui-Oui-lovelabdays-gijon-2015-fotos-jfk-imagen-social1-99.jpg?resize=1050%2C600&ssl=1 3x"},"classes":[]}],"_links":{"self":[{"href":"https:\/\/oui-oui.es\/blog\/wp-json\/wp\/v2\/posts\/1029","targetHints":{"allow":["GET"]}}],"collection":[{"href":"https:\/\/oui-oui.es\/blog\/wp-json\/wp\/v2\/posts"}],"about":[{"href":"https:\/\/oui-oui.es\/blog\/wp-json\/wp\/v2\/types\/post"}],"author":[{"embeddable":true,"href":"https:\/\/oui-oui.es\/blog\/wp-json\/wp\/v2\/users\/1"}],"replies":[{"embeddable":true,"href":"https:\/\/oui-oui.es\/blog\/wp-json\/wp\/v2\/comments?post=1029"}],"version-history":[{"count":0,"href":"https:\/\/oui-oui.es\/blog\/wp-json\/wp\/v2\/posts\/1029\/revisions"}],"wp:featuredmedia":[{"embeddable":true,"href":"https:\/\/oui-oui.es\/blog\/wp-json\/wp\/v2\/media\/1034"}],"wp:attachment":[{"href":"https:\/\/oui-oui.es\/blog\/wp-json\/wp\/v2\/media?parent=1029"}],"wp:term":[{"taxonomy":"category","embeddable":true,"href":"https:\/\/oui-oui.es\/blog\/wp-json\/wp\/v2\/categories?post=1029"},{"taxonomy":"post_tag","embeddable":true,"href":"https:\/\/oui-oui.es\/blog\/wp-json\/wp\/v2\/tags?post=1029"}],"curies":[{"name":"wp","href":"https:\/\/api.w.org\/{rel}","templated":true}]}}