{"id":10297,"date":"2019-11-14T16:04:40","date_gmt":"2019-11-14T14:04:40","guid":{"rendered":"https:\/\/oui-oui.es\/blog\/?p=10297"},"modified":"2019-11-14T16:04:42","modified_gmt":"2019-11-14T14:04:42","slug":"no-te-pierdas-living-up","status":"publish","type":"post","link":"https:\/\/oui-oui.es\/blog\/no-te-pierdas-living-up\/","title":{"rendered":"No te pierdas Living Up!"},"content":{"rendered":"\n<figure class=\"wp-block-image\"><img loading=\"lazy\" decoding=\"async\" width=\"1024\" height=\"1024\" src=\"https:\/\/oui-oui.es\/blog\/wp-content\/uploads\/2019\/11\/LivingUpInstaCuadradoVACIO-1024x1024.jpg\" alt=\"\" class=\"wp-image-10307\" srcset=\"https:\/\/oui-oui.es\/blog\/wp-content\/uploads\/2019\/11\/LivingUpInstaCuadradoVACIO-1024x1024.jpg 1024w, https:\/\/oui-oui.es\/blog\/wp-content\/uploads\/2019\/11\/LivingUpInstaCuadradoVACIO-150x150.jpg 150w, https:\/\/oui-oui.es\/blog\/wp-content\/uploads\/2019\/11\/LivingUpInstaCuadradoVACIO-300x300.jpg 300w, https:\/\/oui-oui.es\/blog\/wp-content\/uploads\/2019\/11\/LivingUpInstaCuadradoVACIO-768x768.jpg 768w, https:\/\/oui-oui.es\/blog\/wp-content\/uploads\/2019\/11\/LivingUpInstaCuadradoVACIO-600x600.jpg 600w, https:\/\/oui-oui.es\/blog\/wp-content\/uploads\/2019\/11\/LivingUpInstaCuadradoVACIO-640x640.jpg 640w, https:\/\/oui-oui.es\/blog\/wp-content\/uploads\/2019\/11\/LivingUpInstaCuadradoVACIO.jpg 1080w\" sizes=\"auto, (max-width: 1024px) 100vw, 1024px\" \/><\/figure>\n\n\n\n<p>Despu\u00e9s de muchos a\u00f1os acudiendo a pop ups y ya varios organiz\u00e1ndolas (el otro d\u00eda las cont\u00e9 y van dos de bodas y ocho \u00a1si 8! de ni\u00f1os; es decir <strong>Kids Up!<\/strong>. Elena Bau (mi <em>partner in crime<\/em> en este proyecto) y yo nos hemos lanzado a organizar una pop up deco, de hogar&#8230;Porque las dos hemos reformado (en mi caso) y construido (en el suyo) una casa en el \u00faltimo a\u00f1o y despu\u00e9s la hemos decorado (y seguimos en ello) por lo que <strong>llevamos un a\u00f1o trasteando en tiendas, descubriendo marcas y ya los \u00faltimos meses disfrutando mucho de estar en casa<\/strong>, de <strong>poner una mesa bonita<\/strong> (en esto Elena es la s\u00faper experta, no os perd\u00e1is las fotos de sus mesas en Instagram con el <strong>#conbajoplato<\/strong> ), del <strong>placer de comprar flores frescas<\/strong>, lo maravilloso que es tener unos buenos textiles en las camas&#8230;Y de encontrar esa obra de arte, ese cuadro que va perfecto en el rinc\u00f3n al que le faltaba \u00abalgo\u00bb.<\/p>\n\n\n\n<p>Por eso <strong>nos lanzamos a organizar Living Up!<\/strong> porque nos apetec\u00eda reunir a varias de nuestras marcas deco preferidas.<\/p>\n\n\n\n<p>Si necesitas <strong>un buen mantel, de esos de lino fant\u00e1sticos,  y textiles en general <\/strong>(para la cama, cojines, servilletas..) no te pierdas el c\u00f3rner de <strong><a rel=\"noreferrer noopener\" aria-label=\" (opens in a new tab)\" href=\"https:\/\/www.voiladecoshop.com\" target=\"_blank\">Voil\u00e0 Deco Shop<\/a><\/strong><\/p>\n\n\n\n<figure class=\"wp-block-image\"><img loading=\"lazy\" decoding=\"async\" width=\"650\" height=\"430\" src=\"https:\/\/oui-oui.es\/blog\/wp-content\/uploads\/2019\/11\/Oui-Oui-living-up-textiles-lino-voila-deco-shop-manteles-lino-colchas-lino.jpg\" alt=\"\" class=\"wp-image-10305\" srcset=\"https:\/\/oui-oui.es\/blog\/wp-content\/uploads\/2019\/11\/Oui-Oui-living-up-textiles-lino-voila-deco-shop-manteles-lino-colchas-lino.jpg 650w, https:\/\/oui-oui.es\/blog\/wp-content\/uploads\/2019\/11\/Oui-Oui-living-up-textiles-lino-voila-deco-shop-manteles-lino-colchas-lino-300x198.jpg 300w, https:\/\/oui-oui.es\/blog\/wp-content\/uploads\/2019\/11\/Oui-Oui-living-up-textiles-lino-voila-deco-shop-manteles-lino-colchas-lino-600x397.jpg 600w, https:\/\/oui-oui.es\/blog\/wp-content\/uploads\/2019\/11\/Oui-Oui-living-up-textiles-lino-voila-deco-shop-manteles-lino-colchas-lino-640x423.jpg 640w\" sizes=\"auto, (max-width: 650px) 100vw, 650px\" \/><\/figure>\n\n\n\n<p>\u00daltimamente me pierden las <strong>vajillas, los cuencos, los bowls<\/strong>&#8230;Por eso s\u00e9 que picar\u00e9 en el stand de <strong><a rel=\"noreferrer noopener\" aria-label=\" (opens in a new tab)\" href=\"https:\/\/www.instagram.com\/the_coolcorner\/?hl=es\" target=\"_blank\">The Cool Corner<\/a><\/strong> que trae much\u00edsimas piezas de loza portuguesa, cer\u00e1mica, etc&#8230;A precios incre\u00edbles<\/p>\n\n\n\n<figure class=\"wp-block-image\"><img loading=\"lazy\" decoding=\"async\" width=\"960\" height=\"600\" src=\"https:\/\/oui-oui.es\/blog\/wp-content\/uploads\/2019\/11\/Oui-Oui-loza-portugues-buen-precio-the-cool-corner-living-up.jpg\" alt=\"\" class=\"wp-image-10304\" srcset=\"https:\/\/oui-oui.es\/blog\/wp-content\/uploads\/2019\/11\/Oui-Oui-loza-portugues-buen-precio-the-cool-corner-living-up.jpg 960w, https:\/\/oui-oui.es\/blog\/wp-content\/uploads\/2019\/11\/Oui-Oui-loza-portugues-buen-precio-the-cool-corner-living-up-300x188.jpg 300w, https:\/\/oui-oui.es\/blog\/wp-content\/uploads\/2019\/11\/Oui-Oui-loza-portugues-buen-precio-the-cool-corner-living-up-768x480.jpg 768w, https:\/\/oui-oui.es\/blog\/wp-content\/uploads\/2019\/11\/Oui-Oui-loza-portugues-buen-precio-the-cool-corner-living-up-600x375.jpg 600w, https:\/\/oui-oui.es\/blog\/wp-content\/uploads\/2019\/11\/Oui-Oui-loza-portugues-buen-precio-the-cool-corner-living-up-640x400.jpg 640w\" sizes=\"auto, (max-width: 960px) 100vw, 960px\" \/><\/figure>\n\n\n\n<p>Ya sab\u00e9is lo fan que soy de los <strong><a href=\"https:\/\/marvinkids.com\/es\/41-home-living\" target=\"_blank\" rel=\"noreferrer noopener\" aria-label=\" (opens in a new tab)\">manteles individuales de Marvin Kids<\/a><\/strong>, yo tengo los de flores rosas pero me ha chivado un pajarito que tendr\u00e1 unos escoceses para Navida \u00a1ven a por ellos antes de que vuelen!<\/p>\n\n\n\n<figure class=\"wp-block-image\"><img loading=\"lazy\" decoding=\"async\" width=\"958\" height=\"1024\" src=\"https:\/\/oui-oui.es\/blog\/wp-content\/uploads\/2019\/11\/Oui-Oui-manteles-marvin-kids-individual-summer-deco-flowers-chess-linnen-lino-958x1024.jpg\" alt=\"\" class=\"wp-image-10303\" srcset=\"https:\/\/oui-oui.es\/blog\/wp-content\/uploads\/2019\/11\/Oui-Oui-manteles-marvin-kids-individual-summer-deco-flowers-chess-linnen-lino-958x1024.jpg 958w, https:\/\/oui-oui.es\/blog\/wp-content\/uploads\/2019\/11\/Oui-Oui-manteles-marvin-kids-individual-summer-deco-flowers-chess-linnen-lino-281x300.jpg 281w, https:\/\/oui-oui.es\/blog\/wp-content\/uploads\/2019\/11\/Oui-Oui-manteles-marvin-kids-individual-summer-deco-flowers-chess-linnen-lino-768x821.jpg 768w, https:\/\/oui-oui.es\/blog\/wp-content\/uploads\/2019\/11\/Oui-Oui-manteles-marvin-kids-individual-summer-deco-flowers-chess-linnen-lino-600x641.jpg 600w, https:\/\/oui-oui.es\/blog\/wp-content\/uploads\/2019\/11\/Oui-Oui-manteles-marvin-kids-individual-summer-deco-flowers-chess-linnen-lino-640x684.jpg 640w, https:\/\/oui-oui.es\/blog\/wp-content\/uploads\/2019\/11\/Oui-Oui-manteles-marvin-kids-individual-summer-deco-flowers-chess-linnen-lino.jpg 1600w\" sizes=\"auto, (max-width: 958px) 100vw, 958px\" \/><\/figure>\n\n\n\n<p>Una de las cosas que m\u00e1s me ha gustado de estrenar casa es empezar de cero con el tema limpieza; tir\u00e9 todo y compr\u00e9 de nuevo s\u00f3lo lo necesario y, en la medida de lo posible de materiales naturales; plumeros de madera y pluma no de pl\u00e1stico, estropajos, y cepillos&#8230;Por eso cuando conoc\u00ed a <strong><a rel=\"noreferrer noopener\" aria-label=\" (opens in a new tab)\" href=\"https:\/\/www.cepillosoriginales.com \" target=\"_blank\">Cepillos Originales<\/a><\/strong> supe que necesitaba varios de sus cepillos y que me encantar\u00eda que estuvieran en Living Up!, <strong>tienen cepillos para todo; para limpiar los enchufes, para el ante, para las setas&#8230;<\/strong><\/p>\n\n\n\n<figure class=\"wp-block-image\"><img loading=\"lazy\" decoding=\"async\" width=\"800\" height=\"497\" src=\"https:\/\/oui-oui.es\/blog\/wp-content\/uploads\/2019\/11\/Oui-Oui-cepillos-originales-1709-cepillos-naturales.-cepillos-para-la-casa.jpg\" alt=\"\" class=\"wp-image-10306\" srcset=\"https:\/\/oui-oui.es\/blog\/wp-content\/uploads\/2019\/11\/Oui-Oui-cepillos-originales-1709-cepillos-naturales.-cepillos-para-la-casa.jpg 800w, https:\/\/oui-oui.es\/blog\/wp-content\/uploads\/2019\/11\/Oui-Oui-cepillos-originales-1709-cepillos-naturales.-cepillos-para-la-casa-300x186.jpg 300w, https:\/\/oui-oui.es\/blog\/wp-content\/uploads\/2019\/11\/Oui-Oui-cepillos-originales-1709-cepillos-naturales.-cepillos-para-la-casa-768x477.jpg 768w, https:\/\/oui-oui.es\/blog\/wp-content\/uploads\/2019\/11\/Oui-Oui-cepillos-originales-1709-cepillos-naturales.-cepillos-para-la-casa-600x373.jpg 600w, https:\/\/oui-oui.es\/blog\/wp-content\/uploads\/2019\/11\/Oui-Oui-cepillos-originales-1709-cepillos-naturales.-cepillos-para-la-casa-640x398.jpg 640w\" sizes=\"auto, (max-width: 800px) 100vw, 800px\" \/><\/figure>\n\n\n\n<p>Cuando decoras una casa un aspecto muy importante son <strong>los cuadros<\/strong>, quieres darle un toque especial pero tampoco arruinarte, y en ese momento entran en tu vida los artistas emergentes, en este caso hemos seleccionado a dos mujeres, de estilos muy diferentes y con formatos distintos para que tengan cavida en todo tipo de hogares y de estancias.<\/p>\n\n\n\n<p>Por un lado las creaciones geom\u00e9ticas de <strong><a rel=\"noreferrer noopener\" aria-label=\" (opens in a new tab)\" href=\"http:\/\/www.linealateral.com\/\" target=\"_blank\">L\u00ednea Lateral<\/a><\/strong>, que hace a medida con los colores y el tama\u00f1o que quieras pero que tambi\u00e9n llevar\u00e1 piezas para comprar en el momento.<\/p>\n\n\n\n<figure class=\"wp-block-image\"><img loading=\"lazy\" decoding=\"async\" width=\"866\" height=\"1024\" src=\"https:\/\/oui-oui.es\/blog\/wp-content\/uploads\/2019\/11\/Oui-Oui-linea-lateral-living-up-cuadros-geometricos-866x1024.jpg\" alt=\"\" class=\"wp-image-10301\" srcset=\"https:\/\/oui-oui.es\/blog\/wp-content\/uploads\/2019\/11\/Oui-Oui-linea-lateral-living-up-cuadros-geometricos-866x1024.jpg 866w, https:\/\/oui-oui.es\/blog\/wp-content\/uploads\/2019\/11\/Oui-Oui-linea-lateral-living-up-cuadros-geometricos-254x300.jpg 254w, https:\/\/oui-oui.es\/blog\/wp-content\/uploads\/2019\/11\/Oui-Oui-linea-lateral-living-up-cuadros-geometricos-768x908.jpg 768w, https:\/\/oui-oui.es\/blog\/wp-content\/uploads\/2019\/11\/Oui-Oui-linea-lateral-living-up-cuadros-geometricos-600x709.jpg 600w, https:\/\/oui-oui.es\/blog\/wp-content\/uploads\/2019\/11\/Oui-Oui-linea-lateral-living-up-cuadros-geometricos-640x756.jpg 640w, https:\/\/oui-oui.es\/blog\/wp-content\/uploads\/2019\/11\/Oui-Oui-linea-lateral-living-up-cuadros-geometricos.jpg 1100w\" sizes=\"auto, (max-width: 866px) 100vw, 866px\" \/><\/figure>\n\n\n\n<p><\/p>\n\n\n\n<p>Y, por otro, <strong><a href=\"https:\/\/ajanda.es\" target=\"_blank\" rel=\"noreferrer noopener\" aria-label=\" (opens in a new tab)\">Alejandra Herguido<\/a><\/strong>, una artista multidisciplinar que adem\u00e1s de pintar tambi\u00e9n da clases, realiza caligraf\u00eda, trabajos de pintura, ilustraci\u00f3n y pintura mural. Experimenta con diversos elementos y tambi\u00e9n mostrar\u00e1 en Living Up! sus prints en l\u00e1minas para llevar.<\/p>\n\n\n\n<div class=\"wp-block-image\"><figure class=\"aligncenter\"><img loading=\"lazy\" decoding=\"async\" width=\"404\" height=\"316\" src=\"https:\/\/oui-oui.es\/blog\/wp-content\/uploads\/2019\/11\/Oui-Oui-living-up-alejandra-herguido-pintra-murales-cuadros-a-medida.jpg\" alt=\"\" class=\"wp-image-10299\" srcset=\"https:\/\/oui-oui.es\/blog\/wp-content\/uploads\/2019\/11\/Oui-Oui-living-up-alejandra-herguido-pintra-murales-cuadros-a-medida.jpg 404w, https:\/\/oui-oui.es\/blog\/wp-content\/uploads\/2019\/11\/Oui-Oui-living-up-alejandra-herguido-pintra-murales-cuadros-a-medida-300x235.jpg 300w\" sizes=\"auto, (max-width: 404px) 100vw, 404px\" \/><\/figure><\/div>\n\n\n\n<div class=\"wp-block-image\"><figure class=\"aligncenter\"><img loading=\"lazy\" decoding=\"async\" width=\"400\" height=\"400\" src=\"https:\/\/oui-oui.es\/blog\/wp-content\/uploads\/2019\/11\/Oui-Oui-living-up-alejandra-herguido-pintra-murales-cuadros-a-medida-mar.jpg\" alt=\"\" class=\"wp-image-10300\" srcset=\"https:\/\/oui-oui.es\/blog\/wp-content\/uploads\/2019\/11\/Oui-Oui-living-up-alejandra-herguido-pintra-murales-cuadros-a-medida-mar.jpg 400w, https:\/\/oui-oui.es\/blog\/wp-content\/uploads\/2019\/11\/Oui-Oui-living-up-alejandra-herguido-pintra-murales-cuadros-a-medida-mar-150x150.jpg 150w, https:\/\/oui-oui.es\/blog\/wp-content\/uploads\/2019\/11\/Oui-Oui-living-up-alejandra-herguido-pintra-murales-cuadros-a-medida-mar-300x300.jpg 300w\" sizes=\"auto, (max-width: 400px) 100vw, 400px\" \/><\/figure><\/div>\n\n\n\n<p>Adem\u00e1s, como una casa no respira igual sin flores, tendremos nuestro propio puesto de flores de la mano de <strong><a href=\"https:\/\/www.bimflowers.com\" target=\"_blank\" rel=\"noreferrer noopener\" aria-label=\" (opens in a new tab)\">Bimflowers<\/a><\/strong> para que puedas llevarte a casa todo lo necesario para darle una vuelta de aire en un fin de semana.<\/p>\n\n\n\n<figure class=\"wp-block-image\"><img loading=\"lazy\" decoding=\"async\" width=\"480\" height=\"319\" src=\"https:\/\/oui-oui.es\/blog\/wp-content\/uploads\/2019\/11\/Oui-Oui-living-up-puesto-flores-bimflowers-flores-online-2.jpg\" alt=\"\" class=\"wp-image-10298\" srcset=\"https:\/\/oui-oui.es\/blog\/wp-content\/uploads\/2019\/11\/Oui-Oui-living-up-puesto-flores-bimflowers-flores-online-2.jpg 480w, https:\/\/oui-oui.es\/blog\/wp-content\/uploads\/2019\/11\/Oui-Oui-living-up-puesto-flores-bimflowers-flores-online-2-300x199.jpg 300w\" sizes=\"auto, (max-width: 480px) 100vw, 480px\" \/><\/figure>\n\n\n\n<p>Tambi\u00e9n tendremos sorpresa, <strong>Elena Bau<\/strong> impartir\u00e1 una <strong>masterclass sobre c\u00f3mo poner una mesa con mucho estilo<\/strong> \u00a1su fuerte son las mezclas!<\/p>\n\n\n\n<p>Y por supuesto Oui Oui tendr\u00e1 un stand con nuestros productos deco, con unas velas nuevas \u00a1que son la pera!<\/p>\n\n\n\n<p>Os espero este fin de semana:<\/p>\n\n\n\n<p><strong>Viernes 17-21h<\/strong><\/p>\n\n\n\n<p><strong>S\u00e1bado 11-21h<\/strong><\/p>\n\n\n\n<p><strong>Domingo 11-18h<\/strong><\/p>\n\n\n\n<p>Como siempre, en Calle Apodaca, 16<\/p>\n\n\n\n<p>\u00a1Nos vemos!<\/p>\n\n\n\n<p><\/p>\n","protected":false},"excerpt":{"rendered":"<p>Despu\u00e9s de muchos a\u00f1os acudiendo a pop ups y ya varios organiz\u00e1ndolas (el otro d\u00eda las cont\u00e9 y van dos de bodas y ocho \u00a1si 8! de ni\u00f1os; es decir Kids Up!. Elena Bau (mi partner in crime en este proyecto) y yo nos hemos lanzado a organizar una pop up deco, de hogar&#8230;Porque las [&hellip;]<\/p>\n","protected":false},"author":1,"featured_media":10305,"comment_status":"open","ping_status":"open","sticky":false,"template":"","format":"standard","meta":{"jetpack_post_was_ever_published":false,"_jetpack_newsletter_access":"","_jetpack_dont_email_post_to_subs":false,"_jetpack_newsletter_tier_id":0,"_jetpack_memberships_contains_paywalled_content":false,"_jetpack_memberships_contains_paid_content":false,"footnotes":"","jetpack_publicize_message":"No te pierdas Living Up! Este fin de semana en el Estudio de Elena Bau","jetpack_publicize_feature_enabled":true,"jetpack_social_post_already_shared":true,"jetpack_social_options":{"image_generator_settings":{"template":"highway","default_image_id":0,"font":"","enabled":false},"version":2}},"categories":[883,173],"tags":[775,744,545],"class_list":["post-10297","post","type-post","status-publish","format-standard","has-post-thumbnail","hentry","category-hogar-dulce-hogar","category-decoracion-de-casa","tag-casa","tag-decoracion","tag-pop-ups-oui-oui"],"aioseo_notices":[],"jetpack_publicize_connections":[],"jetpack_featured_media_url":"https:\/\/oui-oui.es\/blog\/wp-content\/uploads\/2019\/11\/Oui-Oui-living-up-textiles-lino-voila-deco-shop-manteles-lino-colchas-lino.jpg","jetpack_sharing_enabled":true,"jetpack-related-posts":[{"id":5482,"url":"https:\/\/oui-oui.es\/blog\/por-5a-vez-nos-vemos-este-ano-en-decoraccion\/","url_meta":{"origin":10297,"position":0},"title":"Por 5\u00aa vez&#8230;\u00a1Nos vemos este a\u00f1o en DecorAcci\u00f3n!","author":"Mar\u00eda \u2665Oui Oui\u2665","date":"5 junio, 2017","format":false,"excerpt":"Cada a\u00f1o os cuento lo especial que es DecorAcci\u00f3n para m\u00ed, para Oui Oui, para mi familia...Y este a\u00f1o tengo que volver a cont\u00e1roslo porque volvemos a participar, por cuarta o quinta vez, seg\u00fan como se mire (a\u00fan recuerdo cuando Jorge, el amigo de mi padre que est\u00e1 detr\u00e1s de\u2026","rel":"","context":"En \u00abDECORACI\u00d3N\u00bb","block_context":{"text":"DECORACI\u00d3N","link":"https:\/\/oui-oui.es\/blog\/category\/decoracion-de-casa\/"},"img":{"alt_text":"","src":"https:\/\/i0.wp.com\/oui-oui.es\/blog\/wp-content\/uploads\/2017\/06\/Oui-Oui-en-DecorAcci%C3%B3n-2017.jpg?resize=350%2C200&ssl=1","width":350,"height":200,"srcset":"https:\/\/i0.wp.com\/oui-oui.es\/blog\/wp-content\/uploads\/2017\/06\/Oui-Oui-en-DecorAcci%C3%B3n-2017.jpg?resize=350%2C200&ssl=1 1x, https:\/\/i0.wp.com\/oui-oui.es\/blog\/wp-content\/uploads\/2017\/06\/Oui-Oui-en-DecorAcci%C3%B3n-2017.jpg?resize=525%2C300&ssl=1 1.5x, https:\/\/i0.wp.com\/oui-oui.es\/blog\/wp-content\/uploads\/2017\/06\/Oui-Oui-en-DecorAcci%C3%B3n-2017.jpg?resize=700%2C400&ssl=1 2x, https:\/\/i0.wp.com\/oui-oui.es\/blog\/wp-content\/uploads\/2017\/06\/Oui-Oui-en-DecorAcci%C3%B3n-2017.jpg?resize=1050%2C600&ssl=1 3x"},"classes":[]},{"id":3777,"url":"https:\/\/oui-oui.es\/blog\/empezamos-a-decorar-la-navidad\/","url_meta":{"origin":10297,"position":1},"title":"\u00bfEmpezamos a decorar la Navidad?","author":"Mar\u00eda \u2665Oui Oui\u2665","date":"19 noviembre, 2015","format":false,"excerpt":"Tradicionalmente he empezado a decorar la casa en el puente de diciembre (cuando no estaba esquiando los \u00faltimos a\u00f1os), pero ya me pas\u00f3 el a\u00f1o pasado que, como pasamos varios d\u00edas de Navidad fuera de Madrid, me aprece que \"no he vivido\" la Navidad en casa lo suficiente...As\u00ed que ayer\u2026","rel":"","context":"En \u00abNavidad\u00bb","block_context":{"text":"Navidad","link":"https:\/\/oui-oui.es\/blog\/category\/fiestas-celebraciones\/navidad\/"},"img":{"alt_text":"","src":"https:\/\/i0.wp.com\/oui-oui.es\/blog\/wp-content\/uploads\/2015\/11\/Oui-Oui-arbol-navidad-ramas-arbol-navidad-troncos-colgador-christmas.jpg?resize=350%2C200&ssl=1","width":350,"height":200,"srcset":"https:\/\/i0.wp.com\/oui-oui.es\/blog\/wp-content\/uploads\/2015\/11\/Oui-Oui-arbol-navidad-ramas-arbol-navidad-troncos-colgador-christmas.jpg?resize=350%2C200&ssl=1 1x, https:\/\/i0.wp.com\/oui-oui.es\/blog\/wp-content\/uploads\/2015\/11\/Oui-Oui-arbol-navidad-ramas-arbol-navidad-troncos-colgador-christmas.jpg?resize=525%2C300&ssl=1 1.5x"},"classes":[]},{"id":4409,"url":"https:\/\/oui-oui.es\/blog\/os-esperamos-en-decoraccion\/","url_meta":{"origin":10297,"position":2},"title":"\u00a1Os esperamos en DecorAcci\u00f3n!","author":"Mar\u00eda \u2665Oui Oui\u2665","date":"7 junio, 2016","format":false,"excerpt":"Un a\u00f1o m\u00e1s \u00a1y ya van cuatro! participaremos en el evento de decoraci\u00f3n m\u00e1s importante de Espa\u00f1a; DecorAcci\u00f3n. El Barrio de las Letras de Madrid se viste de gala para recibir a todo el mundo entre instalaciones, exposiciones, mercadillo de antig\u00fcedades y pop up de tiendas de decoraci\u00f3n online. Como\u2026","rel":"","context":"En \u00abDECORACI\u00d3N\u00bb","block_context":{"text":"DECORACI\u00d3N","link":"https:\/\/oui-oui.es\/blog\/category\/decoracion-de-casa\/"},"img":{"alt_text":"","src":"https:\/\/i0.wp.com\/oui-oui.es\/blog\/wp-content\/uploads\/2016\/06\/Oui-Oui-lampara-catus-verde-cactus-lamp-goodnightlight-jarronejo.jpg?resize=350%2C200&ssl=1","width":350,"height":200,"srcset":"https:\/\/i0.wp.com\/oui-oui.es\/blog\/wp-content\/uploads\/2016\/06\/Oui-Oui-lampara-catus-verde-cactus-lamp-goodnightlight-jarronejo.jpg?resize=350%2C200&ssl=1 1x, https:\/\/i0.wp.com\/oui-oui.es\/blog\/wp-content\/uploads\/2016\/06\/Oui-Oui-lampara-catus-verde-cactus-lamp-goodnightlight-jarronejo.jpg?resize=525%2C300&ssl=1 1.5x, https:\/\/i0.wp.com\/oui-oui.es\/blog\/wp-content\/uploads\/2016\/06\/Oui-Oui-lampara-catus-verde-cactus-lamp-goodnightlight-jarronejo.jpg?resize=700%2C400&ssl=1 2x, https:\/\/i0.wp.com\/oui-oui.es\/blog\/wp-content\/uploads\/2016\/06\/Oui-Oui-lampara-catus-verde-cactus-lamp-goodnightlight-jarronejo.jpg?resize=1050%2C600&ssl=1 3x, https:\/\/i0.wp.com\/oui-oui.es\/blog\/wp-content\/uploads\/2016\/06\/Oui-Oui-lampara-catus-verde-cactus-lamp-goodnightlight-jarronejo.jpg?resize=1400%2C800&ssl=1 4x"},"classes":[]},{"id":8647,"url":"https:\/\/oui-oui.es\/blog\/kids-up-venta-efimera-para-ninos-con-estilo\/","url_meta":{"origin":10297,"position":3},"title":"Kids UP | Venta ef\u00edmera para ni\u00f1os con estilo","author":"Mar\u00eda \u2665Oui Oui\u2665","date":"18 octubre, 2017","format":false,"excerpt":"Llevo 4 a\u00f1os participando en pop ups, ventas especiales, mercadillos varios, etc... Y, desde hace un tiempo ven\u00eda notando que faltaba algo, especialmente en lo que a ni\u00f1os se refiere, no s\u00f3lo en decoraci\u00f3n y regalos para ni\u00f1os (la secci\u00f3n de Oui Oui), sino en la selecci\u00f3n de marcas, en\u2026","rel":"","context":"En \u00abNI\u00d1OS Y NI\u00d1AS\u00bb","block_context":{"text":"NI\u00d1OS Y NI\u00d1AS","link":"https:\/\/oui-oui.es\/blog\/category\/ninos\/"},"img":{"alt_text":"","src":"https:\/\/i0.wp.com\/oui-oui.es\/blog\/wp-content\/uploads\/2017\/10\/kidsup-instagram-1.1-oui-oui-2.jpg?resize=350%2C200&ssl=1","width":350,"height":200,"srcset":"https:\/\/i0.wp.com\/oui-oui.es\/blog\/wp-content\/uploads\/2017\/10\/kidsup-instagram-1.1-oui-oui-2.jpg?resize=350%2C200&ssl=1 1x, https:\/\/i0.wp.com\/oui-oui.es\/blog\/wp-content\/uploads\/2017\/10\/kidsup-instagram-1.1-oui-oui-2.jpg?resize=525%2C300&ssl=1 1.5x, https:\/\/i0.wp.com\/oui-oui.es\/blog\/wp-content\/uploads\/2017\/10\/kidsup-instagram-1.1-oui-oui-2.jpg?resize=700%2C400&ssl=1 2x, https:\/\/i0.wp.com\/oui-oui.es\/blog\/wp-content\/uploads\/2017\/10\/kidsup-instagram-1.1-oui-oui-2.jpg?resize=1050%2C600&ssl=1 3x, https:\/\/i0.wp.com\/oui-oui.es\/blog\/wp-content\/uploads\/2017\/10\/kidsup-instagram-1.1-oui-oui-2.jpg?resize=1400%2C800&ssl=1 4x"},"classes":[]},{"id":10418,"url":"https:\/\/oui-oui.es\/blog\/descubrimiento-deco-la-redoute\/","url_meta":{"origin":10297,"position":4},"title":"Descubrimiento deco: La Redoute","author":"Mar\u00eda \u2665Oui Oui\u2665","date":"3 marzo, 2020","format":false,"excerpt":"En mi mente, hace a\u00f1os, La Redoute era un cat\u00e1logo de venta por correo cuando era peque\u00f1a, principalmente de moda. Pero desde un tiempo a esta parte se reconvirti\u00f3 en tienda online, no s\u00f3lo de moda, sino tambi\u00e9n de hogar, complementos y decoraci\u00f3n. Y en lo que se refiere a\u2026","rel":"","context":"En \u00abDECORACI\u00d3N\u00bb","block_context":{"text":"DECORACI\u00d3N","link":"https:\/\/oui-oui.es\/blog\/category\/decoracion-de-casa\/"},"img":{"alt_text":"","src":"https:\/\/i0.wp.com\/oui-oui.es\/blog\/wp-content\/uploads\/2020\/03\/Oui-Oui-mantel-lino-mostaza-la-redoute-manteles-lino-baratos-manteles-lino-estilo.jpg?resize=350%2C200&ssl=1","width":350,"height":200,"srcset":"https:\/\/i0.wp.com\/oui-oui.es\/blog\/wp-content\/uploads\/2020\/03\/Oui-Oui-mantel-lino-mostaza-la-redoute-manteles-lino-baratos-manteles-lino-estilo.jpg?resize=350%2C200&ssl=1 1x, https:\/\/i0.wp.com\/oui-oui.es\/blog\/wp-content\/uploads\/2020\/03\/Oui-Oui-mantel-lino-mostaza-la-redoute-manteles-lino-baratos-manteles-lino-estilo.jpg?resize=525%2C300&ssl=1 1.5x"},"classes":[]},{"id":9346,"url":"https:\/\/oui-oui.es\/blog\/los-muebles-de-tabolo-design-se-inundan-de-color\/","url_meta":{"origin":10297,"position":5},"title":"Los muebles de T\u00e1bolo Design se inundan de color","author":"Mar\u00eda \u2665Oui Oui\u2665","date":"8 octubre, 2018","format":false,"excerpt":"Uno de los aspectos m\u00e1s importantes de emprender es invertir, invertir dinero y tiempo, e invertir lo ganado. No todos los emprendedores lo entienden, pero si queires ver resultados deber\u00e1s reinvertir constantemente lo ganado, al menos los primeros a\u00f1os. Recuerdo cuando conoc\u00ed a Natalia, co-fundadora de T\u00e1bolo Design, en una\u2026","rel":"","context":"En \u00abDECORACI\u00d3N\u00bb","block_context":{"text":"DECORACI\u00d3N","link":"https:\/\/oui-oui.es\/blog\/category\/decoracion-de-casa\/"},"img":{"alt_text":"","src":"https:\/\/i0.wp.com\/oui-oui.es\/blog\/wp-content\/uploads\/2018\/10\/Oui-Oui-tabolo-design-editorial-Elena-Bau-telas-y-muebles-tabolo-design-8.jpg?resize=350%2C200&ssl=1","width":350,"height":200,"srcset":"https:\/\/i0.wp.com\/oui-oui.es\/blog\/wp-content\/uploads\/2018\/10\/Oui-Oui-tabolo-design-editorial-Elena-Bau-telas-y-muebles-tabolo-design-8.jpg?resize=350%2C200&ssl=1 1x, https:\/\/i0.wp.com\/oui-oui.es\/blog\/wp-content\/uploads\/2018\/10\/Oui-Oui-tabolo-design-editorial-Elena-Bau-telas-y-muebles-tabolo-design-8.jpg?resize=525%2C300&ssl=1 1.5x, https:\/\/i0.wp.com\/oui-oui.es\/blog\/wp-content\/uploads\/2018\/10\/Oui-Oui-tabolo-design-editorial-Elena-Bau-telas-y-muebles-tabolo-design-8.jpg?resize=700%2C400&ssl=1 2x, https:\/\/i0.wp.com\/oui-oui.es\/blog\/wp-content\/uploads\/2018\/10\/Oui-Oui-tabolo-design-editorial-Elena-Bau-telas-y-muebles-tabolo-design-8.jpg?resize=1050%2C600&ssl=1 3x, https:\/\/i0.wp.com\/oui-oui.es\/blog\/wp-content\/uploads\/2018\/10\/Oui-Oui-tabolo-design-editorial-Elena-Bau-telas-y-muebles-tabolo-design-8.jpg?resize=1400%2C800&ssl=1 4x"},"classes":[]}],"_links":{"self":[{"href":"https:\/\/oui-oui.es\/blog\/wp-json\/wp\/v2\/posts\/10297","targetHints":{"allow":["GET"]}}],"collection":[{"href":"https:\/\/oui-oui.es\/blog\/wp-json\/wp\/v2\/posts"}],"about":[{"href":"https:\/\/oui-oui.es\/blog\/wp-json\/wp\/v2\/types\/post"}],"author":[{"embeddable":true,"href":"https:\/\/oui-oui.es\/blog\/wp-json\/wp\/v2\/users\/1"}],"replies":[{"embeddable":true,"href":"https:\/\/oui-oui.es\/blog\/wp-json\/wp\/v2\/comments?post=10297"}],"version-history":[{"count":1,"href":"https:\/\/oui-oui.es\/blog\/wp-json\/wp\/v2\/posts\/10297\/revisions"}],"predecessor-version":[{"id":10308,"href":"https:\/\/oui-oui.es\/blog\/wp-json\/wp\/v2\/posts\/10297\/revisions\/10308"}],"wp:featuredmedia":[{"embeddable":true,"href":"https:\/\/oui-oui.es\/blog\/wp-json\/wp\/v2\/media\/10305"}],"wp:attachment":[{"href":"https:\/\/oui-oui.es\/blog\/wp-json\/wp\/v2\/media?parent=10297"}],"wp:term":[{"taxonomy":"category","embeddable":true,"href":"https:\/\/oui-oui.es\/blog\/wp-json\/wp\/v2\/categories?post=10297"},{"taxonomy":"post_tag","embeddable":true,"href":"https:\/\/oui-oui.es\/blog\/wp-json\/wp\/v2\/tags?post=10297"}],"curies":[{"name":"wp","href":"https:\/\/api.w.org\/{rel}","templated":true}]}}