{"id":10347,"date":"2019-12-30T15:48:09","date_gmt":"2019-12-30T13:48:09","guid":{"rendered":"https:\/\/oui-oui.es\/blog\/?p=10347"},"modified":"2019-12-30T15:48:12","modified_gmt":"2019-12-30T13:48:12","slug":"mi-balance-de-2019","status":"publish","type":"post","link":"https:\/\/oui-oui.es\/blog\/mi-balance-de-2019\/","title":{"rendered":"Mi balance de 2019"},"content":{"rendered":"\n<figure class=\"wp-block-image size-large\"><img loading=\"lazy\" decoding=\"async\" width=\"564\" height=\"850\" src=\"https:\/\/oui-oui.es\/blog\/wp-content\/uploads\/2019\/12\/Oui-Oui-2019-esqui.jpg\" alt=\"\" class=\"wp-image-10355\" srcset=\"https:\/\/oui-oui.es\/blog\/wp-content\/uploads\/2019\/12\/Oui-Oui-2019-esqui.jpg 564w, https:\/\/oui-oui.es\/blog\/wp-content\/uploads\/2019\/12\/Oui-Oui-2019-esqui-199x300.jpg 199w\" sizes=\"auto, (max-width: 564px) 100vw, 564px\" \/><\/figure>\n\n\n\n<p>Escribo en el blog menos de lo que me gustar\u00eda, creo que lo pongo cada vez que me siento a escribir, y debe ser en parte porque en la cabeza tengo muchas cosas que me gustar\u00eda compartir pero luego el tiempo disponible me hace tener que relegarlo m\u00e1s de lo que deber\u00eda.<\/p>\n\n\n\n<p>Hoy es 30 de diciembre y hace diez d\u00edas me propuse que en vacaciones escribir\u00eda un post a la semana, con tres temas que quer\u00eda compartir antes de final de a\u00f1o, pero, para variar, no me ha dado tiempo. Hoy iba a escribir sobre uno de ellos pero lo cierto es que me apetec\u00eda hacer balance, aunque soy m\u00e1s de curso acad\u00e9mico que de a\u00f1o natural, este a\u00f1o quiero que el inicio de a\u00f1o signifique algo m\u00e1s.<\/p>\n\n\n\n<p>He (mos) tenido <strong>un a\u00f1o con muchos cambios<\/strong>, en octubre de 2018 comenz\u00e1bamos <strong>la reforma de nuestra nueva casa<\/strong>, reforma que tem\u00eda cada vez que mi marido me ense\u00f1aba casas en Idealista pero que finalmente hicimos y que disfrut\u00e9 mucho, pero tambi\u00e9n me pas\u00f3 por encima.<\/p>\n\n\n\n<p><strong>Vivimos 6 meses fuera de nuestra casa<\/strong>, en otra zona, con lo que ello implica de cambios de horarios, de rutinas, etc&#8230;Hice la mudanza (porque deshice yo cada una de las 50 cajas de la mudanza) el viernes 8 de marzo&#8230;D\u00eda de la Mujer&#8230;Y ah\u00ed comenzamos a recuperar poco a poco rutinas, pero quedaba mucho por hacer;  decorar una casa casi de cero, porque nos deshicimos de parte de los muebles y porque la casa es m\u00e1s grande que la anterior y hab\u00eda m\u00e1s que decorar, as\u00ed como seguir lidiando con los oficios (empapelador, electricista, cristalero, carpintero&#8230;) para remates y nuevos cambios, as\u00ed que, aunque faltan algunas cosas de decoraci\u00f3n, digamos que podr\u00eda dar \u00abpor conclu\u00eddo\u00bb el tema casa, otros 9 meses despu\u00e9s de la mudanza.<\/p>\n\n\n\n<p>Cuando ya est\u00e1bamos bien asentados en casa, tomamos la muy dif\u00edcil decisi\u00f3n de <strong>cambiar de colegio<\/strong> a nuestrxs hijxs, aunque sin duda creo que ha sido, hasta hoy, la mejor decisi\u00f3n de mi vida, de la que me siento m\u00e1s orgullosa. Cuando algo no te convence pero tampoco <em>hay nada horrible que te obligue al cambio<\/em>, es m\u00e1s dif\u00edcil tomar la decisi\u00f3n, porque no sabes si ese cambio ser\u00e1 peor que tener algo estable. Pero la sensaci\u00f3n que se tiene cuando encuentras el colegio (que llegu\u00e9 a pensar que s\u00f3lo exist\u00eda en mis recuerdos) que se alinea perfectamente con lo que buscas y en lo que crees, es la bomba. Pero al fin y al cabo fue otro cambio, para lxs ni\u00f1xs y para nosotros, as\u00ed que, de nuevo, adaptaci\u00f3n de rutinas.<\/p>\n\n\n\n<blockquote class=\"wp-block-quote is-layout-flow wp-block-quote-is-layout-flow\"><p>En lo familiar, mucho cambio y mucha adaptaci\u00f3n.<\/p><\/blockquote>\n\n\n\n<p>En lo profesional, <strong>formalizamos Net \u00e0 Emprender<\/strong>, de lo que estoy muy orgullosa, hemos creado un equipo muy guay entre Alejandra y Paloma de <a rel=\"noreferrer noopener\" aria-label=\"La Galerie (opens in a new tab)\" href=\"http:\/\/www.espaciolagalerie.com\/\" target=\"_blank\">La Galerie<\/a>, Cristina de <a rel=\"noreferrer noopener\" aria-label=\"Ten Cook (opens in a new tab)\" href=\"http:\/\/tencook.es\" target=\"_blank\">Ten Cook<\/a> y yo. Este \u00faltimo trimestre le hemos dado m\u00e1s forma (gracias <a rel=\"noreferrer noopener\" aria-label=\"Superkitina (opens in a new tab)\" href=\"https:\/\/superkitina.com\" target=\"_blank\">Superkitina<\/a>!) y <strong>nos espera un 2020 muy guay!<\/strong><\/p>\n\n\n\n<figure class=\"wp-block-image size-large\"><img loading=\"lazy\" decoding=\"async\" width=\"1024\" height=\"1024\" src=\"https:\/\/oui-oui.es\/blog\/wp-content\/uploads\/2019\/12\/MG_8833-1024x1024.jpg\" alt=\"\" class=\"wp-image-10349\" srcset=\"https:\/\/oui-oui.es\/blog\/wp-content\/uploads\/2019\/12\/MG_8833-1024x1024.jpg 1024w, https:\/\/oui-oui.es\/blog\/wp-content\/uploads\/2019\/12\/MG_8833-300x300.jpg 300w, https:\/\/oui-oui.es\/blog\/wp-content\/uploads\/2019\/12\/MG_8833-150x150.jpg 150w, https:\/\/oui-oui.es\/blog\/wp-content\/uploads\/2019\/12\/MG_8833-768x768.jpg 768w, https:\/\/oui-oui.es\/blog\/wp-content\/uploads\/2019\/12\/MG_8833-600x600.jpg 600w, https:\/\/oui-oui.es\/blog\/wp-content\/uploads\/2019\/12\/MG_8833-640x640.jpg 640w, https:\/\/oui-oui.es\/blog\/wp-content\/uploads\/2019\/12\/MG_8833.jpg 1200w\" sizes=\"auto, (max-width: 1024px) 100vw, 1024px\" \/><figcaption>Foto de Superkitina<\/figcaption><\/figure>\n\n\n\n<p><strong>Las sesiones de Mentoring han crecido mucho<\/strong>, me encanta porque no s\u00f3lo es lo que se consigue en la sesi\u00f3n en s\u00ed, sino lo que viene despu\u00e9s, <strong>el grupo de <em>Mentoradas <\/em>que hemos creado<\/strong>, en el que nos ayudamos, preguntamos, compartimos y nos apoyamos&#8230;Con negocios de todo tipo; desde tiendas online hasta fotograf\u00eda, bisuter\u00eda, haloterapia, est\u00e9tica, artesan\u00eda, decoraci\u00f3n, alimentaci\u00f3n, cosm\u00e9tica, medicina, ilustraci\u00f3n,educaci\u00f3n&#8230;Emprendedoras con muchas ganas, con grandes ideas y con mucho talento que compartir. Y digo emprendedoras no porque est\u00e9 vetado a hombres sino porque ellos no piden este tipo de ayuda, s\u00f3lo ayud\u00e9 un hombre, un m\u00e9dico, as\u00ed que yo feliz de que en 2020 me escrib\u00e1is m\u00e1s hombres emprendedores \ud83d\ude09<\/p>\n\n\n\n<figure class=\"wp-block-image size-large\"><img loading=\"lazy\" decoding=\"async\" width=\"1000\" height=\"667\" src=\"https:\/\/oui-oui.es\/blog\/wp-content\/uploads\/2019\/12\/Oui-Oui-mentoring-banner-gigante-Blanco-Ruso.png\" alt=\"\" class=\"wp-image-10350\" srcset=\"https:\/\/oui-oui.es\/blog\/wp-content\/uploads\/2019\/12\/Oui-Oui-mentoring-banner-gigante-Blanco-Ruso.png 1000w, https:\/\/oui-oui.es\/blog\/wp-content\/uploads\/2019\/12\/Oui-Oui-mentoring-banner-gigante-Blanco-Ruso-300x200.png 300w, https:\/\/oui-oui.es\/blog\/wp-content\/uploads\/2019\/12\/Oui-Oui-mentoring-banner-gigante-Blanco-Ruso-768x512.png 768w, https:\/\/oui-oui.es\/blog\/wp-content\/uploads\/2019\/12\/Oui-Oui-mentoring-banner-gigante-Blanco-Ruso-600x400.png 600w, https:\/\/oui-oui.es\/blog\/wp-content\/uploads\/2019\/12\/Oui-Oui-mentoring-banner-gigante-Blanco-Ruso-640x427.png 640w\" sizes=\"auto, (max-width: 1000px) 100vw, 1000px\" \/><\/figure>\n\n\n\n<p>Este a\u00f1o tambi\u00e9n <strong>colabor\u00e9 con m\u00e1s marcas, marcas que me gustan y en las que creo<\/strong>, no marcas que me escriben, subo una foto, cobro y en realidad no las uso, sino <strong>marcas que utilizo, que me gustan y que recomendar\u00eda igualmente<\/strong>. Marcas con las que es un gusto colaborar; gracias especialmente a <a rel=\"noreferrer noopener\" aria-label=\"Electrolux (opens in a new tab)\" href=\"https:\/\/www.electrolux.es\" target=\"_blank\">Electrolux<\/a>, <a rel=\"noreferrer noopener\" aria-label=\"Natucer (opens in a new tab)\" href=\"https:\/\/www.natucer.es\" target=\"_blank\">Natucer<\/a>, <a rel=\"noreferrer noopener\" aria-label=\"Nais (opens in a new tab)\" href=\"https:\/\/nais.es\" target=\"_blank\">Nais<\/a>, <a rel=\"noreferrer noopener\" aria-label=\"Hisbalit (opens in a new tab)\" href=\"https:\/\/hisbalit.es\" target=\"_blank\">Hisbalit<\/a>, <a rel=\"noreferrer noopener\" aria-label=\"Benjamin Moore (opens in a new tab)\" href=\"http:\/\/benjaminmoore.com.es\/\" target=\"_blank\">Benjamin Moore<\/a>, <a rel=\"noreferrer noopener\" aria-label=\"Ikea (opens in a new tab)\" href=\"https:\/\/www.ikea.com\" target=\"_blank\">Ikea<\/a>, <a rel=\"noreferrer noopener\" aria-label=\"Maisons du Monde (opens in a new tab)\" href=\"https:\/\/www.maisonsdumonde.com\" target=\"_blank\">Maisons du Monde<\/a>,  <a rel=\"noreferrer noopener\" aria-label=\"Designers Guild (opens in a new tab)\" href=\"https:\/\/www.designersguild.com\/es\/papeles-pintados\/l1115\" target=\"_blank\">Designers Guild<\/a>, <a rel=\"noreferrer noopener\" aria-label=\"Mural Walls (opens in a new tab)\" href=\"https:\/\/www.muralswallpaper.com\" target=\"_blank\">Mural Walls<\/a>, <a rel=\"noreferrer noopener\" aria-label=\"La Redoute (opens in a new tab)\" href=\"https:\/\/www.laredoute.es\" target=\"_blank\">La Redoute<\/a>, <a rel=\"noreferrer noopener\" aria-label=\"CharHadas (opens in a new tab)\" href=\"https:\/\/charhadas.com\" target=\"_blank\">CharHadas<\/a>, <a rel=\"noreferrer noopener\" aria-label=\"Ofelia Home Decor (opens in a new tab)\" href=\"https:\/\/www.ofeliahomedecor.com\" target=\"_blank\">Ofelia Home Decor<\/a>, <a rel=\"noreferrer noopener\" aria-label=\"Mister Wills (opens in a new tab)\" href=\"https:\/\/misterwils.com\" target=\"_blank\">Mister Wills<\/a>, <a rel=\"noreferrer noopener\" aria-label=\"Fridda Dorch (opens in a new tab)\" href=\"https:\/\/friddadorsch.com\" target=\"_blank\">Fridda Dorch<\/a> , <a rel=\"noreferrer noopener\" aria-label=\"Narciso Rodr\u00edguez (opens in a new tab)\" href=\"https:\/\/www.lachampanera.es\/tag\/narciso-rodriguez\/\" target=\"_blank\">Narciso Rodr\u00edguez<\/a>, <a rel=\"noreferrer noopener\" href=\"http:\/\/rochas.com\/es\/perfumes-es\/mujer\/eau-de-rochas-es\/\" target=\"_blank\">Rochas<\/a>, <a rel=\"noreferrer noopener\" href=\"https:\/\/lonbali.com\" target=\"_blank\">Lonbali<\/a>,  <a rel=\"noreferrer noopener\" aria-label=\"Penguin Random House (opens in a new tab)\" href=\"https:\/\/www.megustaleer.com\" target=\"_blank\">Penguin Random House<\/a>, <a rel=\"noreferrer noopener\" aria-label=\"Punto Edelvives (opens in a new tab)\" href=\"https:\/\/www.edelvives.com\/es\/Catalogo\/literatura\" target=\"_blank\">Punto Edelvives<\/a>, <a rel=\"noreferrer noopener\" aria-label=\"Planeta de Libros (opens in a new tab)\" href=\"https:\/\/www.planetadelibros.com\/libros\/libros-infantiles\/00026\" target=\"_blank\">Planeta de Libros<\/a>&#8230; Y tambi\u00e9n marcas m\u00e1s peque\u00f1as como <a href=\"https:\/\/www.mercedesarsuaga.com\" target=\"_blank\" rel=\"noreferrer noopener\" aria-label=\"Mercedes Arsuaga (opens in a new tab)\">Mercedes Arsuaga<\/a>,  <a rel=\"noreferrer noopener\" href=\"https:\/\/peekandpack.com\" target=\"_blank\">Peek &amp; Pack<\/a>, <a rel=\"noreferrer noopener\" href=\"https:\/\/www.tabolo.es\" target=\"_blank\">T\u00e1bolo<\/a>, <a rel=\"noreferrer noopener\" href=\"https:\/\/www.decoandliving.com\" target=\"_blank\">Deco &amp; Living<\/a> , <a rel=\"noreferrer noopener\" aria-label=\"Marvin Kids (opens in a new tab)\" href=\"https:\/\/marvinkids.com\" target=\"_blank\">Marvin Kids<\/a>, <a rel=\"noreferrer noopener\" aria-label=\"Pipi Baby Kids (opens in a new tab)\" href=\"https:\/\/pipikids.com\" target=\"_blank\">Pipi Baby Kids<\/a>, <a rel=\"noreferrer noopener\" aria-label=\"Memuca (opens in a new tab)\" href=\"https:\/\/www.instagram.com\/memuca__\/\" target=\"_blank\">Memuca<\/a>, <a rel=\"noreferrer noopener\" aria-label=\"My Little Mom\u00f3 (opens in a new tab)\" href=\"https:\/\/www.mylittlemomo.com\" target=\"_blank\">My Little Mom\u00f3<\/a>, <a rel=\"noreferrer noopener\" aria-label=\"Beldon Beauty (opens in a new tab)\" href=\"https:\/\/www.beldonbeauty.com\" target=\"_blank\">Beldon Beauty<\/a>, <a rel=\"noreferrer noopener\" aria-label=\"M\u00edtico Club de Ski (opens in a new tab)\" href=\"https:\/\/www.miticoclub.org\" target=\"_blank\">M\u00edtico Club de Ski<\/a>,  <a rel=\"noreferrer noopener\" aria-label=\"Disciplina Positiva Centro (opens in a new tab)\" href=\"https:\/\/centrodisciplinapositiva.com\" target=\"_blank\">Disciplina Positiva Centro<\/a>, <a rel=\"noreferrer noopener\" aria-label=\"Superkitina (opens in a new tab)\" href=\"https:\/\/superkitina.com\" target=\"_blank\">Superkitina<\/a> y m\u00e1s que se me quedan en el tintero seguro, no se trata de enumerar porque s\u00ed, sino de dar las <strong>GRACIAS, de verdad, por confiar en m\u00ed para ayudaros a comunicar vuestros productos, desde la cercan\u00eda y la sinceridad.<\/strong><\/p>\n\n\n\n<figure class=\"wp-block-image size-large\"><img loading=\"lazy\" decoding=\"async\" width=\"1024\" height=\"683\" src=\"https:\/\/oui-oui.es\/blog\/wp-content\/uploads\/2019\/12\/2018-03-Fiesta-15-aniversario-D\u00e1ndote-Ritmo99-1024x683.jpg\" alt=\"\" class=\"wp-image-10354\" srcset=\"https:\/\/oui-oui.es\/blog\/wp-content\/uploads\/2019\/12\/2018-03-Fiesta-15-aniversario-D\u00e1ndote-Ritmo99-1024x683.jpg 1024w, https:\/\/oui-oui.es\/blog\/wp-content\/uploads\/2019\/12\/2018-03-Fiesta-15-aniversario-D\u00e1ndote-Ritmo99-300x200.jpg 300w, https:\/\/oui-oui.es\/blog\/wp-content\/uploads\/2019\/12\/2018-03-Fiesta-15-aniversario-D\u00e1ndote-Ritmo99-768x512.jpg 768w, https:\/\/oui-oui.es\/blog\/wp-content\/uploads\/2019\/12\/2018-03-Fiesta-15-aniversario-D\u00e1ndote-Ritmo99-600x400.jpg 600w, https:\/\/oui-oui.es\/blog\/wp-content\/uploads\/2019\/12\/2018-03-Fiesta-15-aniversario-D\u00e1ndote-Ritmo99-1536x1024.jpg 1536w, https:\/\/oui-oui.es\/blog\/wp-content\/uploads\/2019\/12\/2018-03-Fiesta-15-aniversario-D\u00e1ndote-Ritmo99-2048x1365.jpg 2048w, https:\/\/oui-oui.es\/blog\/wp-content\/uploads\/2019\/12\/2018-03-Fiesta-15-aniversario-D\u00e1ndote-Ritmo99-640x427.jpg 640w\" sizes=\"auto, (max-width: 1024px) 100vw, 1024px\" \/><figcaption>Selfie de mi querida Elena Bau con Alejandra y Paloma de La Galerie en la fiesta de D\u00e1ndote Ritmo<\/figcaption><\/figure>\n\n\n\n<p>La tienda de <strong><a href=\"https:\/\/www.oui-oui.es\/\" target=\"_blank\" rel=\"noreferrer noopener\" aria-label=\" (opens in a new tab)\">Oui Oui<\/a><\/strong> ha seguido su curso, adapt\u00e1ndose al mercado y a m\u00ed, la verdad, me identificaba mucho con <strong>\u00c1lvaro Bilbao<\/strong> el otro d\u00eda cuando le le\u00eda sobre lo que podr\u00eda hacer profesionalmente y lo que ha decidido hacer para estar con su familia lo que quiere estar (este aspecto me parece muy personal, cada uno debe elegir la ecuaci\u00f3n que mejor le funcione personal\/familia\/profesional y econ\u00f3micamente hablando). <\/p>\n\n\n\n<figure class=\"wp-block-image size-large\"><img loading=\"lazy\" decoding=\"async\" width=\"1022\" height=\"1024\" src=\"https:\/\/oui-oui.es\/blog\/wp-content\/uploads\/2019\/12\/Oui-Oui-texto-conciliacion-\u00c1lvaro-Bilbao-1022x1024.jpg\" alt=\"\" class=\"wp-image-10348\" srcset=\"https:\/\/oui-oui.es\/blog\/wp-content\/uploads\/2019\/12\/Oui-Oui-texto-conciliacion-\u00c1lvaro-Bilbao-1022x1024.jpg 1022w, https:\/\/oui-oui.es\/blog\/wp-content\/uploads\/2019\/12\/Oui-Oui-texto-conciliacion-\u00c1lvaro-Bilbao-300x300.jpg 300w, https:\/\/oui-oui.es\/blog\/wp-content\/uploads\/2019\/12\/Oui-Oui-texto-conciliacion-\u00c1lvaro-Bilbao-150x150.jpg 150w, https:\/\/oui-oui.es\/blog\/wp-content\/uploads\/2019\/12\/Oui-Oui-texto-conciliacion-\u00c1lvaro-Bilbao-768x769.jpg 768w, https:\/\/oui-oui.es\/blog\/wp-content\/uploads\/2019\/12\/Oui-Oui-texto-conciliacion-\u00c1lvaro-Bilbao-600x601.jpg 600w, https:\/\/oui-oui.es\/blog\/wp-content\/uploads\/2019\/12\/Oui-Oui-texto-conciliacion-\u00c1lvaro-Bilbao-640x641.jpg 640w, https:\/\/oui-oui.es\/blog\/wp-content\/uploads\/2019\/12\/Oui-Oui-texto-conciliacion-\u00c1lvaro-Bilbao.jpg 1242w\" sizes=\"auto, (max-width: 1022px) 100vw, 1022px\" \/><\/figure>\n\n\n\n<p>Yo he optado por hacer <strong><a href=\"https:\/\/www.oui-oui.es\/\" target=\"_blank\" rel=\"noreferrer noopener\" aria-label=\" (opens in a new tab)\">Oui Oui<\/a><\/strong> a mi medida y en eso estoy, en 2020 cumplir\u00e1 7 a\u00f1os y tenemos ya varias novedades en mente para el a\u00f1o que comienza!<\/p>\n\n\n\n<blockquote class=\"wp-block-quote is-layout-flow wp-block-quote-is-layout-flow\"><p>En lo profesional; creciendo y asentando proyectos, encontrando el equilibrio.<\/p><\/blockquote>\n\n\n\n<p><strong>Mi parte personal se ha resentido bastante este a\u00f1o<\/strong>; dos grandes cosas que hab\u00eda conseguido; la rutina de deporte y la alimentaci\u00f3n saludable <strong>se alteraron much\u00edsimo con la falta de orden y rutina<\/strong>, se juntaron todas las cosas anteriores que le han venido fenomenal a mi casa, a mi familia y a mi trabajo pero que han tenido un alto precio para m\u00ed, por eso estos dos ejes ser\u00e1n mi prioridad este 2020 (al igual que lo fueron en el inicio de curso escolar de 2017 y que me ayudaron mucho). <\/p>\n\n\n\n<figure class=\"wp-block-image size-large\"><img loading=\"lazy\" decoding=\"async\" width=\"564\" height=\"375\" src=\"https:\/\/oui-oui.es\/blog\/wp-content\/uploads\/2019\/12\/Oui-Oui-balance-2019-equilibrio-personal.jpg\" alt=\"\" class=\"wp-image-10351\" srcset=\"https:\/\/oui-oui.es\/blog\/wp-content\/uploads\/2019\/12\/Oui-Oui-balance-2019-equilibrio-personal.jpg 564w, https:\/\/oui-oui.es\/blog\/wp-content\/uploads\/2019\/12\/Oui-Oui-balance-2019-equilibrio-personal-300x199.jpg 300w\" sizes=\"auto, (max-width: 564px) 100vw, 564px\" \/><\/figure>\n\n\n\n<p>Aunque dentro de mi faceta personal hay <strong>un proyecto del que estoy muy orgullosa y que me motiva much\u00edsimo cada d\u00eda<\/strong>; la cuenta de Instagram <strong><a rel=\"noreferrer noopener\" aria-label=\" (opens in a new tab)\" href=\"https:\/\/www.instagram.com\/educarsinestereotipos_\/\" target=\"_blank\">@educarsinestereotipos_ <\/a><\/strong>en la que comparto ideas y recursos para educar en igualdad, as\u00ed como <em>denuncias <\/em>de productos o anuncios que hacen todo lo contrario, con el prop\u00f3sito de conseguir que nuestros hijos e hijas crezcan en igualdad, sin sesgos o estereptipos que les hagan renunciar a qui\u00e9nes son o lo que sienten porque \u00abes e chicas\u00bb o \u00abes de chicos\u00bb. Este tema tienen mucha m\u00e1s profundidad, es uno de los temas que tengo pendiente compartir en el blog, pero ten\u00eda que estar en mi resumen del a\u00f1o porque desde que la cre\u00e9 en verano se ha convertido en uno de mis mayores intereses.<\/p>\n\n\n\n<figure class=\"wp-block-image size-large\"><img loading=\"lazy\" decoding=\"async\" width=\"600\" height=\"400\" src=\"https:\/\/oui-oui.es\/blog\/wp-content\/uploads\/2019\/12\/Oui-Oui-educar-sin-estereotipos.jpg\" alt=\"\" class=\"wp-image-10352\" srcset=\"https:\/\/oui-oui.es\/blog\/wp-content\/uploads\/2019\/12\/Oui-Oui-educar-sin-estereotipos.jpg 600w, https:\/\/oui-oui.es\/blog\/wp-content\/uploads\/2019\/12\/Oui-Oui-educar-sin-estereotipos-300x200.jpg 300w\" sizes=\"auto, (max-width: 600px) 100vw, 600px\" \/><\/figure>\n\n\n\n<blockquote class=\"wp-block-quote is-layout-flow wp-block-quote-is-layout-flow\"><p>En lo personal; el nuevo proyecto de <strong>Educar sin Estereotipos<\/strong> y volver a cuidarme yo misma.<\/p><\/blockquote>\n\n\n\n<p>Os animo a que, si pod\u00e9is (tampoco se trata de agobiaros como, a mi parecer, pasa muchas veces en <a href=\"https:\/\/www.instagram.com\/mariaouioui\/\" target=\"_blank\" rel=\"noreferrer noopener\" aria-label=\"Instagram (opens in a new tab)\">Instagram<\/a>, que todos tenemos que hace todo a la vez), pareis un momento a hacer balance de 2019 de forma que ese tiempo en silencio, pensando, analizando, te ayude a enfocar mejor el 2020 en lo que realmente quieres.<\/p>\n\n\n\n<p class=\"has-text-align-center\"><strong>\u00a1Feliz 2020 a todxs!<\/strong><\/p>\n","protected":false},"excerpt":{"rendered":"<p>Escribo en el blog menos de lo que me gustar\u00eda, creo que lo pongo cada vez que me siento a escribir, y debe ser en parte porque en la cabeza tengo muchas cosas que me gustar\u00eda compartir pero luego el tiempo disponible me hace tener que relegarlo m\u00e1s de lo que deber\u00eda. Hoy es 30 [&hellip;]<\/p>\n","protected":false},"author":1,"featured_media":10351,"comment_status":"open","ping_status":"open","sticky":false,"template":"","format":"standard","meta":{"jetpack_post_was_ever_published":false,"_jetpack_newsletter_access":"","_jetpack_dont_email_post_to_subs":false,"_jetpack_newsletter_tier_id":0,"_jetpack_memberships_contains_paywalled_content":false,"_jetpack_memberships_contains_paid_content":false,"footnotes":"","jetpack_publicize_message":"","jetpack_publicize_feature_enabled":true,"jetpack_social_post_already_shared":true,"jetpack_social_options":{"image_generator_settings":{"template":"highway","default_image_id":0,"font":"","enabled":false},"version":2}},"categories":[709,13],"tags":[886,791,862],"class_list":["post-10347","post","type-post","status-publish","format-standard","has-post-thumbnail","hentry","category-opinion","category-oui-oui","tag-educar-sin-estereotipos","tag-mentoring","tag-net-a-emprender"],"aioseo_notices":[],"jetpack_publicize_connections":[],"jetpack_featured_media_url":"https:\/\/oui-oui.es\/blog\/wp-content\/uploads\/2019\/12\/Oui-Oui-balance-2019-equilibrio-personal.jpg","jetpack_sharing_enabled":true,"jetpack-related-posts":[{"id":4028,"url":"https:\/\/oui-oui.es\/blog\/3-de-mis-libros-favoritos-de-maternidad\/","url_meta":{"origin":10347,"position":0},"title":"3 de mis libros favoritos de maternidad","author":"Mar\u00eda \u2665Oui Oui\u2665","date":"3 marzo, 2016","format":false,"excerpt":"Hay multitud de libros sobre crianza respetuosa, educar a los ni\u00f1os, m\u00e9todos de educaci\u00f3n, etc...No he hecho ning\u00fan estudio en profundidad pero si puedo compartir los que, por ahora, m\u00e1s me han gustado. Sin ninguna duda, el que m\u00e1s me gust\u00f3 (lo le\u00ed en el embarazo de Mart\u00edn pero no\u2026","rel":"","context":"En \u00abMATERNIDAD\u00bb","block_context":{"text":"MATERNIDAD","link":"https:\/\/oui-oui.es\/blog\/category\/maternidad\/"},"img":{"alt_text":"","src":"https:\/\/i0.wp.com\/oui-oui.es\/blog\/wp-content\/uploads\/2016\/01\/Oui-Oui-libros-maternidad-un-a%C3%B1o-para-toda-la-vida.jpg?resize=350%2C200&ssl=1","width":350,"height":200,"srcset":"https:\/\/i0.wp.com\/oui-oui.es\/blog\/wp-content\/uploads\/2016\/01\/Oui-Oui-libros-maternidad-un-a%C3%B1o-para-toda-la-vida.jpg?resize=350%2C200&ssl=1 1x, https:\/\/i0.wp.com\/oui-oui.es\/blog\/wp-content\/uploads\/2016\/01\/Oui-Oui-libros-maternidad-un-a%C3%B1o-para-toda-la-vida.jpg?resize=525%2C300&ssl=1 1.5x, https:\/\/i0.wp.com\/oui-oui.es\/blog\/wp-content\/uploads\/2016\/01\/Oui-Oui-libros-maternidad-un-a%C3%B1o-para-toda-la-vida.jpg?resize=700%2C400&ssl=1 2x, https:\/\/i0.wp.com\/oui-oui.es\/blog\/wp-content\/uploads\/2016\/01\/Oui-Oui-libros-maternidad-un-a%C3%B1o-para-toda-la-vida.jpg?resize=1050%2C600&ssl=1 3x"},"classes":[]},{"id":5027,"url":"https:\/\/oui-oui.es\/blog\/de-planes-prisas-y-bienvenido-2017\/","url_meta":{"origin":10347,"position":1},"title":"De planes, prisas y bienvenido 2017","author":"Mar\u00eda \u2665Oui Oui\u2665","date":"18 enero, 2017","format":false,"excerpt":"He tardado en volver al blog despu\u00e9s de las vacaciones navide\u00f1as...Por un lado, por primera vez desde hace muchos a\u00f1os, he sentido que ten\u00eda vacaciones DE VERDAD, en realidad s\u00f3lo fue una semana, pero al habernos quedado en Madrid y poder hacer planes de forma m\u00e1s tranquila, unido a que\u2026","rel":"","context":"En \u00abNI\u00d1OS Y NI\u00d1AS\u00bb","block_context":{"text":"NI\u00d1OS Y NI\u00d1AS","link":"https:\/\/oui-oui.es\/blog\/category\/ninos\/"},"img":{"alt_text":"","src":"https:\/\/i0.wp.com\/oui-oui.es\/blog\/wp-content\/uploads\/2017\/01\/Oui-Oui-despacio-ni%C3%B1os-jugando-cartel-juego-ni%C3%B1os-campillo-de-ranas-sierra-negra-guadalajara-e1484746572232.jpg?resize=350%2C200&ssl=1","width":350,"height":200,"srcset":"https:\/\/i0.wp.com\/oui-oui.es\/blog\/wp-content\/uploads\/2017\/01\/Oui-Oui-despacio-ni%C3%B1os-jugando-cartel-juego-ni%C3%B1os-campillo-de-ranas-sierra-negra-guadalajara-e1484746572232.jpg?resize=350%2C200&ssl=1 1x, https:\/\/i0.wp.com\/oui-oui.es\/blog\/wp-content\/uploads\/2017\/01\/Oui-Oui-despacio-ni%C3%B1os-jugando-cartel-juego-ni%C3%B1os-campillo-de-ranas-sierra-negra-guadalajara-e1484746572232.jpg?resize=525%2C300&ssl=1 1.5x, https:\/\/i0.wp.com\/oui-oui.es\/blog\/wp-content\/uploads\/2017\/01\/Oui-Oui-despacio-ni%C3%B1os-jugando-cartel-juego-ni%C3%B1os-campillo-de-ranas-sierra-negra-guadalajara-e1484746572232.jpg?resize=700%2C400&ssl=1 2x, https:\/\/i0.wp.com\/oui-oui.es\/blog\/wp-content\/uploads\/2017\/01\/Oui-Oui-despacio-ni%C3%B1os-jugando-cartel-juego-ni%C3%B1os-campillo-de-ranas-sierra-negra-guadalajara-e1484746572232.jpg?resize=1050%2C600&ssl=1 3x, https:\/\/i0.wp.com\/oui-oui.es\/blog\/wp-content\/uploads\/2017\/01\/Oui-Oui-despacio-ni%C3%B1os-jugando-cartel-juego-ni%C3%B1os-campillo-de-ranas-sierra-negra-guadalajara-e1484746572232.jpg?resize=1400%2C800&ssl=1 4x"},"classes":[]},{"id":4232,"url":"https:\/\/oui-oui.es\/blog\/las-puertas-del-ratoncito-de-este-ano\/","url_meta":{"origin":10347,"position":2},"title":"Las puertas del ratoncito de este a\u00f1o","author":"Mar\u00eda \u2665Oui Oui\u2665","date":"26 abril, 2016","format":false,"excerpt":"Mi intenci\u00f3n era ense\u00f1aros una selecci\u00f3n de las puertas para el ratoncito P\u00e9rez que hacemos cada mes, pero lo cierto es que vamos a mil con los pedidos y seg\u00fan las trae mi padre a la oficina salen corriendo hacia vuetsras casas y muchas veces no me da tiempo a\u2026","rel":"","context":"En \u00abNI\u00d1OS Y NI\u00d1AS\u00bb","block_context":{"text":"NI\u00d1OS Y NI\u00d1AS","link":"https:\/\/oui-oui.es\/blog\/category\/ninos\/"},"img":{"alt_text":"","src":"https:\/\/i0.wp.com\/oui-oui.es\/blog\/wp-content\/uploads\/2016\/04\/Oui-Oui-puerta-ratoncito-perez-puerta-raton-perez-dream-big.jpg?resize=350%2C200&ssl=1","width":350,"height":200,"srcset":"https:\/\/i0.wp.com\/oui-oui.es\/blog\/wp-content\/uploads\/2016\/04\/Oui-Oui-puerta-ratoncito-perez-puerta-raton-perez-dream-big.jpg?resize=350%2C200&ssl=1 1x, https:\/\/i0.wp.com\/oui-oui.es\/blog\/wp-content\/uploads\/2016\/04\/Oui-Oui-puerta-ratoncito-perez-puerta-raton-perez-dream-big.jpg?resize=525%2C300&ssl=1 1.5x, https:\/\/i0.wp.com\/oui-oui.es\/blog\/wp-content\/uploads\/2016\/04\/Oui-Oui-puerta-ratoncito-perez-puerta-raton-perez-dream-big.jpg?resize=700%2C400&ssl=1 2x, https:\/\/i0.wp.com\/oui-oui.es\/blog\/wp-content\/uploads\/2016\/04\/Oui-Oui-puerta-ratoncito-perez-puerta-raton-perez-dream-big.jpg?resize=1050%2C600&ssl=1 3x, https:\/\/i0.wp.com\/oui-oui.es\/blog\/wp-content\/uploads\/2016\/04\/Oui-Oui-puerta-ratoncito-perez-puerta-raton-perez-dream-big.jpg?resize=1400%2C800&ssl=1 4x"},"classes":[]},{"id":2767,"url":"https:\/\/oui-oui.es\/blog\/bloggers-y-marcas-lo-que-no-me-dio-tiempo-a-decir-en-malasmadres\/","url_meta":{"origin":10347,"position":3},"title":"Bloggers y Marcas | Lo que no me di\u00f3 tiempo a decir en Malasmadres","author":"Mar\u00eda \u2665Oui Oui\u2665","date":"21 julio, 2015","format":false,"excerpt":"Cuando Kata me nomin\u00f3 para participar en la mesa redonda que Malasmadres organizaba, junto a Yo Dona en el III Encuentro de Madres Blogueras sobre marcas y bloggers no pod\u00eda imaginar que tendr\u00eda tanto apoyo de vosotras (casi todas mujeres) en Instagram, as\u00ed que cuando me llam\u00f3 Laura para decirme\u2026","rel":"","context":"En \u00abESTILO DE VIDA\u00bb","block_context":{"text":"ESTILO DE VIDA","link":"https:\/\/oui-oui.es\/blog\/category\/lifestyle-2\/"},"img":{"alt_text":"","src":"https:\/\/i0.wp.com\/oui-oui.es\/blog\/wp-content\/uploads\/Oui-Oui-III-encuentro-de-madres-blogueras-mesa-redonda-marcas-y-bloguers-yo-dona-malasmadres.jpg?resize=350%2C200&ssl=1","width":350,"height":200},"classes":[]},{"id":9942,"url":"https:\/\/oui-oui.es\/blog\/por-7a-vez-nos-vemos-en-decoraccion-2019\/","url_meta":{"origin":10347,"position":4},"title":"Por 7\u00aa vez&#8230;Nos vemos en DecorAcci\u00f3n 2019","author":"Mar\u00eda \u2665Oui Oui\u2665","date":"11 junio, 2019","format":false,"excerpt":"Despu\u00e9s de siete a\u00f1os participando en DecorAcci\u00f3n, me cuesta escribir algo distinto, los que le\u00e9is este blog ya sab\u00e9is lo especial que es para nosotros esta fiesta de la DecorAcci\u00f3n, lo bien que nos lo pasamos y lo que nos gusta que pas\u00e9is a vernos :) Este a\u00f1o parece que\u2026","rel":"","context":"En \u00abDECORACI\u00d3N\u00bb","block_context":{"text":"DECORACI\u00d3N","link":"https:\/\/oui-oui.es\/blog\/category\/decoracion-de-casa\/"},"img":{"alt_text":"","src":"https:\/\/i0.wp.com\/oui-oui.es\/blog\/wp-content\/uploads\/2019\/06\/Oui-Oui-decoraccion-2019-barrio-de-las-letras-mercadillo.jpg?resize=350%2C200&ssl=1","width":350,"height":200,"srcset":"https:\/\/i0.wp.com\/oui-oui.es\/blog\/wp-content\/uploads\/2019\/06\/Oui-Oui-decoraccion-2019-barrio-de-las-letras-mercadillo.jpg?resize=350%2C200&ssl=1 1x, https:\/\/i0.wp.com\/oui-oui.es\/blog\/wp-content\/uploads\/2019\/06\/Oui-Oui-decoraccion-2019-barrio-de-las-letras-mercadillo.jpg?resize=525%2C300&ssl=1 1.5x"},"classes":[]},{"id":5066,"url":"https:\/\/oui-oui.es\/blog\/bebe-fiera-mama-pantera\/","url_meta":{"origin":10347,"position":5},"title":"Beb\u00e9 fiera | Mam\u00e1 pantera","author":"Mar\u00eda \u2665Oui Oui\u2665","date":"3 febrero, 2017","format":false,"excerpt":"M\u00e1s adelante har\u00e9 un post con regalos para el d\u00eda de la madre, pero hoy ten\u00eda que compartir las camisetas de Hello Vandals porque me parecen la pera\u00a0 y, aunque las sigo hace tiempo en Instagram, hoy se me ha iluminado la idea de para cuando las quer\u00eda...Este verano Frida\u2026","rel":"","context":"En \u00abD\u00eda de la Madre\u00bb","block_context":{"text":"D\u00eda de la Madre","link":"https:\/\/oui-oui.es\/blog\/category\/no-se-que-regalar\/dia-de-la-madre\/"},"img":{"alt_text":"","src":"https:\/\/i0.wp.com\/oui-oui.es\/blog\/wp-content\/uploads\/2017\/01\/Oui-Oui-camisetas-mam%C3%A1-e-hijo-bebe-fiera-mama-pantera-hello-vandals.png?resize=350%2C200&ssl=1","width":350,"height":200,"srcset":"https:\/\/i0.wp.com\/oui-oui.es\/blog\/wp-content\/uploads\/2017\/01\/Oui-Oui-camisetas-mam%C3%A1-e-hijo-bebe-fiera-mama-pantera-hello-vandals.png?resize=350%2C200&ssl=1 1x, https:\/\/i0.wp.com\/oui-oui.es\/blog\/wp-content\/uploads\/2017\/01\/Oui-Oui-camisetas-mam%C3%A1-e-hijo-bebe-fiera-mama-pantera-hello-vandals.png?resize=525%2C300&ssl=1 1.5x, https:\/\/i0.wp.com\/oui-oui.es\/blog\/wp-content\/uploads\/2017\/01\/Oui-Oui-camisetas-mam%C3%A1-e-hijo-bebe-fiera-mama-pantera-hello-vandals.png?resize=700%2C400&ssl=1 2x"},"classes":[]}],"_links":{"self":[{"href":"https:\/\/oui-oui.es\/blog\/wp-json\/wp\/v2\/posts\/10347","targetHints":{"allow":["GET"]}}],"collection":[{"href":"https:\/\/oui-oui.es\/blog\/wp-json\/wp\/v2\/posts"}],"about":[{"href":"https:\/\/oui-oui.es\/blog\/wp-json\/wp\/v2\/types\/post"}],"author":[{"embeddable":true,"href":"https:\/\/oui-oui.es\/blog\/wp-json\/wp\/v2\/users\/1"}],"replies":[{"embeddable":true,"href":"https:\/\/oui-oui.es\/blog\/wp-json\/wp\/v2\/comments?post=10347"}],"version-history":[{"count":1,"href":"https:\/\/oui-oui.es\/blog\/wp-json\/wp\/v2\/posts\/10347\/revisions"}],"predecessor-version":[{"id":10356,"href":"https:\/\/oui-oui.es\/blog\/wp-json\/wp\/v2\/posts\/10347\/revisions\/10356"}],"wp:featuredmedia":[{"embeddable":true,"href":"https:\/\/oui-oui.es\/blog\/wp-json\/wp\/v2\/media\/10351"}],"wp:attachment":[{"href":"https:\/\/oui-oui.es\/blog\/wp-json\/wp\/v2\/media?parent=10347"}],"wp:term":[{"taxonomy":"category","embeddable":true,"href":"https:\/\/oui-oui.es\/blog\/wp-json\/wp\/v2\/categories?post=10347"},{"taxonomy":"post_tag","embeddable":true,"href":"https:\/\/oui-oui.es\/blog\/wp-json\/wp\/v2\/tags?post=10347"}],"curies":[{"name":"wp","href":"https:\/\/api.w.org\/{rel}","templated":true}]}}