{"id":10381,"date":"2020-01-14T16:17:29","date_gmt":"2020-01-14T14:17:29","guid":{"rendered":"https:\/\/oui-oui.es\/blog\/?p=10381"},"modified":"2020-05-19T21:51:45","modified_gmt":"2020-05-19T19:51:45","slug":"educar-con-disciplina-positiva","status":"publish","type":"post","link":"https:\/\/oui-oui.es\/blog\/educar-con-disciplina-positiva\/","title":{"rendered":"Educar con disciplina positiva"},"content":{"rendered":"\n<p>Durante seis jueves de octubre y noviembre realic\u00e9 el curso de <strong><a rel=\"noreferrer noopener\" aria-label=\" (opens in a new tab)\" href=\"https:\/\/centrodisciplinapositiva.com\/calendario\/\" target=\"_blank\">Disciplina Positiva<\/a><\/strong> del que tanto hab\u00eda o\u00eddo hablar y que ten\u00eda tantas ganas y quer\u00eda compatirlo en el blog y dejar constancia de mi experiencia porque me result\u00f3 muy efectivo, y me sigue resultando. Es importante saber que <strong>no es ninguna soluci\u00f3n m\u00e1gica a nada, es un cambio de visi\u00f3n, una forma diferente de afrontar la relaci\u00f3n con lxs ni\u00f1xs<\/strong>, siempre buscando educarles y ayudarles a formarse como personas realizadas, seguras de s\u00ed mismas.<\/p>\n\n\n\n<p>Ya he contado muchas veces que yo tuve una educaci\u00f3n abierta (como se llama ahora) y respetuosa, por lo que hay muchos aspectos tanto de la disciplina positiva como del resto de formas de educar \u00absin gritos\u00bb, etc&#8230;Que me son muy familiares y que ya ten\u00eda incorporadas en mi d\u00eda a d\u00eda con mis hijxs puesto que de una forma u otra est\u00e1n dentro de m\u00ed, pero, sin embargo, hab\u00eda momentos en los que gritaba a los ni\u00f1os de una forma en la que nunca me hab\u00edan gritado a m\u00ed (muchas personas dicen que repiten comportamientos porque \u00ables educaron as\u00ed\u00bb, pero yo no ten\u00eda esa <em>excusa<\/em>). <strong>Me sab\u00eda la teor\u00eda pero me faltaba algo, y por eso decid\u00ed hacer el curso de disciplina positiva.<\/strong><\/p>\n\n\n\n<figure class=\"wp-block-image size-large\"><img loading=\"lazy\" decoding=\"async\" width=\"1024\" height=\"427\" src=\"https:\/\/oui-oui.es\/blog\/wp-content\/uploads\/2020\/01\/Oui-Oui-centro-disciplina-positiva-disciplina-positiva-nueva-espa\u00f1a-chamartin-bibiana-infante-1024x427.jpg\" alt=\"\" class=\"wp-image-10383\" srcset=\"https:\/\/oui-oui.es\/blog\/wp-content\/uploads\/2020\/01\/Oui-Oui-centro-disciplina-positiva-disciplina-positiva-nueva-espa\u00f1a-chamartin-bibiana-infante-1024x427.jpg 1024w, https:\/\/oui-oui.es\/blog\/wp-content\/uploads\/2020\/01\/Oui-Oui-centro-disciplina-positiva-disciplina-positiva-nueva-espa\u00f1a-chamartin-bibiana-infante-300x125.jpg 300w, https:\/\/oui-oui.es\/blog\/wp-content\/uploads\/2020\/01\/Oui-Oui-centro-disciplina-positiva-disciplina-positiva-nueva-espa\u00f1a-chamartin-bibiana-infante-768x320.jpg 768w, https:\/\/oui-oui.es\/blog\/wp-content\/uploads\/2020\/01\/Oui-Oui-centro-disciplina-positiva-disciplina-positiva-nueva-espa\u00f1a-chamartin-bibiana-infante-600x250.jpg 600w, https:\/\/oui-oui.es\/blog\/wp-content\/uploads\/2020\/01\/Oui-Oui-centro-disciplina-positiva-disciplina-positiva-nueva-espa\u00f1a-chamartin-bibiana-infante-1536x640.jpg 1536w, https:\/\/oui-oui.es\/blog\/wp-content\/uploads\/2020\/01\/Oui-Oui-centro-disciplina-positiva-disciplina-positiva-nueva-espa\u00f1a-chamartin-bibiana-infante-640x267.jpg 640w, https:\/\/oui-oui.es\/blog\/wp-content\/uploads\/2020\/01\/Oui-Oui-centro-disciplina-positiva-disciplina-positiva-nueva-espa\u00f1a-chamartin-bibiana-infante.jpg 1920w\" sizes=\"auto, (max-width: 1024px) 100vw, 1024px\" \/><\/figure>\n\n\n\n<p>Escog\u00ed el <a rel=\"noreferrer noopener\" aria-label=\"Centro de Disciplina Positiva (opens in a new tab)\" href=\"https:\/\/centrodisciplinapositiva.com\/calendario\/\" target=\"_blank\"><strong>Centro de Disciplina Positiva<\/strong><\/a> creado por <strong>Bibiana Infante<\/strong> porque es una de las referencias nacionales en cuanto a disciplina positiva; psic\u00f3loga cl\u00ednica de profesi\u00f3n, es una de las cinco entrenadoras certificada para formar a entrenadores en DP, as\u00ed como miembro fundador de la Asociaci\u00f3n Espa\u00f1ola de Disciplina Positiva. Es decir, lleva m\u00e1s de siete a\u00f1os dedicada en exclusiva a la disciplina positiva en diversos formatos.<\/p>\n\n\n\n<p>Dentro de los formatos que ofrecen de <strong><a rel=\"noreferrer noopener\" aria-label=\" (opens in a new tab)\" href=\"https:\/\/centrodisciplinapositiva.com\/que-ofrecemos\/para-familias\/\" target=\"_blank\">cursos de disciplina positiva<\/a><\/strong>, opt\u00e9 por el <strong>curso de seis semanas<\/strong> (un d\u00eda a la semana) por un tema de gesti\u00f3n de mi agenda y que los fines de semana los tengo bloqueados para estar en familia (excepto cuando tengo Pop up, claro&#8230;), pero seg\u00fan avanazaban las semanas me d\u00ed cuenta de que, <strong>para m\u00ed, ES LA MEJOR OPCI\u00d3N<\/strong>, porque te da tiempo a <strong>llevarte un aprendizaje de cada clase, implementarlo y comentarlo en la siguiente semana<\/strong>, tanto con Bibiana como con las otras madres. En un curso de fin de semana te llevar\u00edas tantas ideas juntas que ser\u00eda dif\u00edcil ir una por una, sin embargo, semana a semana, no s\u00f3lo pruebas lo aprendido, sino que asimilas mejor el mensaje y luego lo interiorizas de forma m\u00e1s fuerte y, por lo tanto, m\u00e1s duradera, como cualquier aprendizaje, si incluye experiencia y emoci\u00f3n, se graba mejor en el cerebro \ud83d\ude09<\/p>\n\n\n\n<p>Adem\u00e1s, <strong>muchas madres<\/strong> (no hab\u00eda padres en los talleres, pregunt\u00e9 si era lo habitual y por lo visto suelen ir cuando van en pareja, pero nunca solos; una asignatura pendiente que tenemos todos es que los padres se involucren m\u00e1s en la educaci\u00f3n de los hijos, y no s\u00f3lo a nivel curricular para elegir la universidad), <strong>encontraron en la tarde semanal de DP su momento de desconexi\u00f3n<\/strong>, de tarde para ellas, hasta bromeaban con deciren casa que el curso duraba tres meses ;), a mi no me pasaba porque mi tipo de trabajo me permite ser flexible y encontrar m\u00e1s huecos para m\u00ed, pero fue una de las primeras lecciones que comparti\u00f3 Bibiana (y con la que estoy totalmente de acuerdo); para estar bien con los dem\u00e1s, con tus hijos, no gritar, etc&#8230;Tienes primero que estar bien t\u00fa, estar descansada, tener tu tiempo, etc&#8230;<\/p>\n\n\n\n<p>Bibiana le da <strong>mucha importancia a los <em>role play<\/em><\/strong>, algo que, reconozco, me di\u00f3 un poco de pereza al principio, pero que luego pude observar que, de nuevo, ayudan un mont\u00f3n a interiorizar los conceptos, porque los vives en tu propia piel, tanto haciendo de madre como de hijo, seas tu la protagonista o viendo a otras madres, Bibiana<strong> te hace preguntas sobre la situaci\u00f3n que se ha representado y a ra\u00edz de ellas caes en muchas cosas al construir la respuesta.<\/strong><\/p>\n\n\n\n<figure class=\"wp-block-image size-large\"><img loading=\"lazy\" decoding=\"async\" width=\"768\" height=\"1024\" src=\"https:\/\/oui-oui.es\/blog\/wp-content\/uploads\/2020\/01\/Oui-Oui-centro-disciplina-positiva-disciplina-positiva-nueva-espa\u00f1a-chamartin-role-play-768x1024.jpg\" alt=\"\" class=\"wp-image-10384\" srcset=\"https:\/\/oui-oui.es\/blog\/wp-content\/uploads\/2020\/01\/Oui-Oui-centro-disciplina-positiva-disciplina-positiva-nueva-espa\u00f1a-chamartin-role-play-768x1024.jpg 768w, https:\/\/oui-oui.es\/blog\/wp-content\/uploads\/2020\/01\/Oui-Oui-centro-disciplina-positiva-disciplina-positiva-nueva-espa\u00f1a-chamartin-role-play-225x300.jpg 225w, https:\/\/oui-oui.es\/blog\/wp-content\/uploads\/2020\/01\/Oui-Oui-centro-disciplina-positiva-disciplina-positiva-nueva-espa\u00f1a-chamartin-role-play-600x800.jpg 600w, https:\/\/oui-oui.es\/blog\/wp-content\/uploads\/2020\/01\/Oui-Oui-centro-disciplina-positiva-disciplina-positiva-nueva-espa\u00f1a-chamartin-role-play-1152x1536.jpg 1152w, https:\/\/oui-oui.es\/blog\/wp-content\/uploads\/2020\/01\/Oui-Oui-centro-disciplina-positiva-disciplina-positiva-nueva-espa\u00f1a-chamartin-role-play-1536x2048.jpg 1536w, https:\/\/oui-oui.es\/blog\/wp-content\/uploads\/2020\/01\/Oui-Oui-centro-disciplina-positiva-disciplina-positiva-nueva-espa\u00f1a-chamartin-role-play-640x853.jpg 640w, https:\/\/oui-oui.es\/blog\/wp-content\/uploads\/2020\/01\/Oui-Oui-centro-disciplina-positiva-disciplina-positiva-nueva-espa\u00f1a-chamartin-role-play-scaled.jpg 1920w\" sizes=\"auto, (max-width: 768px) 100vw, 768px\" \/><\/figure>\n\n\n\n<p>Del<strong> <a href=\"https:\/\/centrodisciplinapositiva.com\/que-ofrecemos\/para-familias\/\" target=\"_blank\" rel=\"noreferrer noopener\" aria-label=\"curso de disciplina positiva (opens in a new tab)\">curso de disciplina positiva<\/a><\/strong> me llev\u00e9 muchas cosas, entre otras los apuntes para repasar, pero como releer y repasar es algo que quiz\u00e1s dilates m\u00e1s en el tiempo, destacar\u00e9 <strong>aquellos puntos que, por alg\u00fan motivo, m\u00e1s se grabaron en m\u00ed y que estoy usando y me funcionan muy bien<\/strong> (siempre teniendo en cuenta que no es nada milagroso, que es un trabajo a largo plazo y que todos somos humanos y yo sigo gritando de vez en cuando, pero mucho menos y de forma m\u00e1s consciente).<\/p>\n\n\n\n<ul class=\"wp-block-list\"><li><strong>Preguntas vs \u00f3rdenes<\/strong>. Ej: en lugar de \u00abcoge el abrigo\u00bb si tu hijo se olvida todas las ma\u00f1anas, sustituirlo por \u00ab\u00bfQu\u00e9 te falta?\u00bb, esto me funciona fenomenal.<\/li><li><strong>Firmeza con amabilidad<\/strong>; la amabilidad crea la conexi\u00f3n que hace que la firmeza sea respetuosa y aceptable.<\/li><li><strong>Hablar con voz tranquila y pausada<\/strong><\/li><li><strong>La importancia del auto cuidado<\/strong> (equilibrio personal, social, familiar y laboral -dentro o fuera de casa-).<\/li><li><strong>Hacer que el ni\u00f1o o ni\u00f1a se sienta inclu\u00eddx<\/strong> (reconocimiento, poder, justicia, capacidad). S\u00faper interesante todo lo que te explican sobre las metas err\u00f3neas.<\/li><li><strong>Diferencias entre castigos y consecuencias<\/strong>&#8230;Esto a veces cuesta identificarlo \ud83d\ude09<\/li><li><strong>Tiempo fuera positivo<\/strong>; esperar a sentirnos mejor para buscar soluciones; de nada sirve buscar soluciones cuando tu est\u00e1s s\u00faper enfadada o cuando tu hijx no se ha calmado de la rabieta o enfado.<\/li><li><strong>\u00abTe quiero mucho pero la respuesta es no\u00bb<\/strong>. Reconosco que cuando Bibiana nos cont\u00f3 este recurso no cre\u00ed que funcionara de forma tan f\u00e1cil y r\u00e1pida, cuando tienes que decir no reiteradas veces y acabas gritando \u00abhe dicho que Noooooooooooo\u00bb ella nos recomienda, primero, conectar, mirar a los ojos, tocar el hombro al ni\u00f1o y decirle serenamente \u00abte quiero mucho, pero la respuesta es no\u00bb, pues bien, yo lo he usado en cuatro momentos de rabieta y en los cuatro s\u00f3lo he tenido que decirlo dos veces y ha cesado, como magia, de verdad.<\/li><li><strong>Alentar vs Motivar<\/strong>; el aliento es lo que nutre, las alabanzas son las chuches. La DP es un modelo que se basa fundamentalmente en el aliento.<\/li><li><strong>Evitar frases rescatadoras e incapacitantes frente a frases empoderadoras<\/strong>; este punto muy importante para ni\u00f1os con deberes (empoderarles en lugar de rescatarles preguntando en el grupo de whatsapp).<\/li><li><strong>Las reuniones familiares:<\/strong> un concepto que me ha encantado y, sobretodo, a mis hijxs tambi\u00e9n. La idea es hacerla una vez a la semana, a nosotros entre viajes y Navidades se nos han escapado algunas pero ya las hemos recuperado y se han convertido en un momento especial de la semana. <\/li><\/ul>\n\n\n\n<figure class=\"wp-block-image size-large\"><img loading=\"lazy\" decoding=\"async\" width=\"1024\" height=\"768\" src=\"https:\/\/oui-oui.es\/blog\/wp-content\/uploads\/2020\/01\/Oui-Oui-centro-disciplina-positiva-disciplina-positiva-nueva-espa\u00f1a-bibiana-infante-1024x768.jpg\" alt=\"\" class=\"wp-image-10385\" srcset=\"https:\/\/oui-oui.es\/blog\/wp-content\/uploads\/2020\/01\/Oui-Oui-centro-disciplina-positiva-disciplina-positiva-nueva-espa\u00f1a-bibiana-infante-1024x768.jpg 1024w, https:\/\/oui-oui.es\/blog\/wp-content\/uploads\/2020\/01\/Oui-Oui-centro-disciplina-positiva-disciplina-positiva-nueva-espa\u00f1a-bibiana-infante-300x225.jpg 300w, https:\/\/oui-oui.es\/blog\/wp-content\/uploads\/2020\/01\/Oui-Oui-centro-disciplina-positiva-disciplina-positiva-nueva-espa\u00f1a-bibiana-infante-768x576.jpg 768w, https:\/\/oui-oui.es\/blog\/wp-content\/uploads\/2020\/01\/Oui-Oui-centro-disciplina-positiva-disciplina-positiva-nueva-espa\u00f1a-bibiana-infante-600x450.jpg 600w, https:\/\/oui-oui.es\/blog\/wp-content\/uploads\/2020\/01\/Oui-Oui-centro-disciplina-positiva-disciplina-positiva-nueva-espa\u00f1a-bibiana-infante-1536x1152.jpg 1536w, https:\/\/oui-oui.es\/blog\/wp-content\/uploads\/2020\/01\/Oui-Oui-centro-disciplina-positiva-disciplina-positiva-nueva-espa\u00f1a-bibiana-infante-2048x1536.jpg 2048w, https:\/\/oui-oui.es\/blog\/wp-content\/uploads\/2020\/01\/Oui-Oui-centro-disciplina-positiva-disciplina-positiva-nueva-espa\u00f1a-bibiana-infante-640x480.jpg 640w\" sizes=\"auto, (max-width: 1024px) 100vw, 1024px\" \/><\/figure>\n\n\n\n<p>Para las <strong>reuniones familiares de disciplina positiva<\/strong> me extender\u00e9 un poco m\u00e1s porque me pregunt\u00e1bais mucho por Instagram y as\u00ed lo dejo aqu\u00ed para todo el mundo:<\/p>\n\n\n\n<ul class=\"wp-block-list\"><li>Su prop\u00f3sito es ense\u00f1ar habilidades para la vida, pero tienen mucho m\u00e1s beneficios.<\/li><li>Deben ser en un momento tranquilo, no a la vez que la comida o cena. Nosotros la solemos hacer el domingo por la tarde, la primera vez la hicimos en el suelo del sal\u00f3n y ahora siempre quieren all\u00ed.<\/li><li>Comenzamos agradeciendo algo cada uno al resto de la familia, es decir, todos agradecemos algo a todos, de forma particular uno a uno, no conjunta. Al principio a los m\u00e1s peque\u00f1os les cuesta, o dicen tonter\u00edas o te pides que les ayudes, pero luego van diciendo cosas preciosas (me contaba una amiga que tambi\u00e9n les ha ayudado a detectar roles entre su marido y ella porque los ni\u00f1os siempre les agradec\u00edan lo mismo a cada uno -cocinar vs ir al f\u00fatbol, por ejemplo-).<\/li><li>Despu\u00e9s pasamos al tema a tratar, deber\u00eda haber un papel en la nevera en el que cada uno apuntase cosas que quiere trater en la siguiente reuni\u00f3n, y de ah\u00ed se elige uno .Nosotros no hab\u00edamos hecho lo de la agenda en la nevera y lo propusimos en el momento.<\/li><li>Lluvia de ideas para solucionar ese tema a tratar; el tema puede ser variopinto, a veces m\u00e1s importante (c\u00f3mo hacemos para salir de casa por las ma\u00f1anas sin gritar) o menos (qu\u00e9 le compramos a la abuela por su cumple); por experiencia a los ni\u00f1os les encanta controbuir con sus ideas, el que sepa escribir las va anotando en un papel por locas que sean.<\/li><li>Por consenso elegiremos una de las ideas soluci\u00f3n, al haber sido ideada y consensuada por ellos, luego la implementan mucho m\u00e1s f\u00e1cilmente.<\/li><li>Para finalizar, elegimos algo divertido; un juego, guerra de cosquillas, etc&#8230;<\/li><\/ul>\n\n\n\n<p>Como dec\u00eda, la <strong>disciplina positiva<\/strong> no es la soluci\u00f3n a todos tus problemas, es una t\u00e9cnica diferente para afrontar la educaci\u00f3n de los ni\u00f1os (aunque tambi\u00e9n existe <strong><a rel=\"noreferrer noopener\" aria-label=\" (opens in a new tab)\" href=\"https:\/\/centrodisciplinapositiva.com\/producto\/madrid-taller-disciplina-positiva-en-la-pareja-enero-2020\/\" target=\"_blank\">disciplina positiva para parejas<\/a><\/strong>, <strong><a rel=\"noreferrer noopener\" aria-label=\" (opens in a new tab)\" href=\"https:\/\/centrodisciplinapositiva.com\/que-ofrecemos\/para-empresas\/\" target=\"_blank\">equipos en empresas<\/a><\/strong>&#8230;), a mi me ha venido my bien para identificar conductas, analizarlas, parar a m\u00e1s a pensar, uni\u00e9ndolo a todo lo aprendido leyendo otros libros de educaci\u00f3n, d\u00e1ndoles mucha autonom\u00eda a los ni\u00f1os que para m\u00ed es primordial, pero a la vez que est\u00e9n conectados con la familia, como ayudar a que la casa quede recogida antes de irnos todo el d\u00eda fuera un s\u00e1bado.<\/p>\n\n\n\n<p>Tambi\u00e9n dan cursos a escuelas, <strong><a rel=\"noreferrer noopener\" aria-label=\" (opens in a new tab)\" href=\"https:\/\/centrodisciplinapositiva.com\/que-ofrecemos\/para-escuelas\/\" target=\"_blank\">disciplina positiva para profesores<\/a><\/strong>, que me parece la pera, todos los colegios deber\u00edan tener profesores certificados en disciplina positiva e implementar la<strong> disciplina positiva en el aula<\/strong> :).<\/p>\n\n\n\n<p>Un recurso que me ha ayudado mucho es la <strong><a href=\"https:\/\/www.oui-oui.es\/detalles-decoracion-ninos-habitacion-pinterest\/1487-libreta-buenos-habitos.html?search_query=buenos+habitos&amp;results=3\" target=\"_blank\" rel=\"noreferrer noopener\" aria-label=\" (opens in a new tab)\">libreta de buenos h\u00e1bitos<\/a><\/strong>, una forma de que lxs ni\u00f1xs se auto chequeen, es una libreta con hojas a modo de check list con <strong>las cosas que deben hacer antes de salir de casa hacia el cole<\/strong> (levantarse, desayunar,lavarse los dientes, vestirse, recoger el pijama, etc&#8230;) <strong>y al llegar por la tarde<\/strong> (ba\u00f1arse, recoger su ropa, cenar, recoger juguetes, leer, dormir&#8230;) y encaja muy bien con el punto de DP que te habla de sustituir \u00f3rdenes por preguntas.<\/p>\n\n\n\n<figure class=\"wp-block-image size-large\"><img loading=\"lazy\" decoding=\"async\" width=\"1000\" height=\"1000\" src=\"https:\/\/oui-oui.es\/blog\/wp-content\/uploads\/2020\/01\/Oui-Oui-libreta-buenos-habitos-con-trompa-y-carton-imprimible-rutinas-ni\u00f1os.jpg\" alt=\"\" class=\"wp-image-10362\" srcset=\"https:\/\/oui-oui.es\/blog\/wp-content\/uploads\/2020\/01\/Oui-Oui-libreta-buenos-habitos-con-trompa-y-carton-imprimible-rutinas-ni\u00f1os.jpg 1000w, https:\/\/oui-oui.es\/blog\/wp-content\/uploads\/2020\/01\/Oui-Oui-libreta-buenos-habitos-con-trompa-y-carton-imprimible-rutinas-ni\u00f1os-300x300.jpg 300w, https:\/\/oui-oui.es\/blog\/wp-content\/uploads\/2020\/01\/Oui-Oui-libreta-buenos-habitos-con-trompa-y-carton-imprimible-rutinas-ni\u00f1os-150x150.jpg 150w, https:\/\/oui-oui.es\/blog\/wp-content\/uploads\/2020\/01\/Oui-Oui-libreta-buenos-habitos-con-trompa-y-carton-imprimible-rutinas-ni\u00f1os-768x768.jpg 768w, https:\/\/oui-oui.es\/blog\/wp-content\/uploads\/2020\/01\/Oui-Oui-libreta-buenos-habitos-con-trompa-y-carton-imprimible-rutinas-ni\u00f1os-600x600.jpg 600w, https:\/\/oui-oui.es\/blog\/wp-content\/uploads\/2020\/01\/Oui-Oui-libreta-buenos-habitos-con-trompa-y-carton-imprimible-rutinas-ni\u00f1os-640x640.jpg 640w\" sizes=\"auto, (max-width: 1000px) 100vw, 1000px\" \/><\/figure>\n\n\n\n<p>En la misma l\u00ednea, el <strong><a href=\"https:\/\/www.oui-oui.es\/detalles-decoracion-ninos-habitacion-pinterest\/1486-memory-buenos-habitos.html?search_query=buenos+habitos&amp;results=3\" target=\"_blank\" rel=\"noreferrer noopener\" aria-label=\" (opens in a new tab)\">memory de buenos h\u00e1bitos<\/a><\/strong> ayuda a interiorizar esas rutinas mientras que nos divertimos jugando y desarrollan la memoria.<\/p>\n\n\n\n<figure class=\"wp-block-image size-large\"><img loading=\"lazy\" decoding=\"async\" width=\"1024\" height=\"1024\" src=\"https:\/\/oui-oui.es\/blog\/wp-content\/uploads\/2020\/01\/Oui-Oui-juego-memoria-buenos-habitos-memory-buenos-habitos-con-trompa-y-carton-juego-disciplina-positiva-1024x1024.jpg\" alt=\"\" class=\"wp-image-10386\" srcset=\"https:\/\/oui-oui.es\/blog\/wp-content\/uploads\/2020\/01\/Oui-Oui-juego-memoria-buenos-habitos-memory-buenos-habitos-con-trompa-y-carton-juego-disciplina-positiva-1024x1024.jpg 1024w, https:\/\/oui-oui.es\/blog\/wp-content\/uploads\/2020\/01\/Oui-Oui-juego-memoria-buenos-habitos-memory-buenos-habitos-con-trompa-y-carton-juego-disciplina-positiva-300x300.jpg 300w, https:\/\/oui-oui.es\/blog\/wp-content\/uploads\/2020\/01\/Oui-Oui-juego-memoria-buenos-habitos-memory-buenos-habitos-con-trompa-y-carton-juego-disciplina-positiva-150x150.jpg 150w, https:\/\/oui-oui.es\/blog\/wp-content\/uploads\/2020\/01\/Oui-Oui-juego-memoria-buenos-habitos-memory-buenos-habitos-con-trompa-y-carton-juego-disciplina-positiva-768x768.jpg 768w, https:\/\/oui-oui.es\/blog\/wp-content\/uploads\/2020\/01\/Oui-Oui-juego-memoria-buenos-habitos-memory-buenos-habitos-con-trompa-y-carton-juego-disciplina-positiva-600x600.jpg 600w, https:\/\/oui-oui.es\/blog\/wp-content\/uploads\/2020\/01\/Oui-Oui-juego-memoria-buenos-habitos-memory-buenos-habitos-con-trompa-y-carton-juego-disciplina-positiva-1536x1536.jpg 1536w, https:\/\/oui-oui.es\/blog\/wp-content\/uploads\/2020\/01\/Oui-Oui-juego-memoria-buenos-habitos-memory-buenos-habitos-con-trompa-y-carton-juego-disciplina-positiva-2048x2048.jpg 2048w, https:\/\/oui-oui.es\/blog\/wp-content\/uploads\/2020\/01\/Oui-Oui-juego-memoria-buenos-habitos-memory-buenos-habitos-con-trompa-y-carton-juego-disciplina-positiva-640x640.jpg 640w\" sizes=\"auto, (max-width: 1024px) 100vw, 1024px\" \/><\/figure>\n\n\n\n<p>Ah! otra cosa que quer\u00eda destacar de los <strong>cursos de disciplina positiva<\/strong> es que puedes hacerlos tengan la edad que tengan tus hijos, en el m\u00edo hab\u00eda madres con hijos de a\u00f1o y medio y otras con ni\u00f1os de doce, pasando por todas las edades en medio y la esencia es la misma, aunque tambi\u00e9n tienen <strong><a href=\"https:\/\/centrodisciplinapositiva.com\/producto\/madrid-taller-intensivo-2-dias-disciplina-positiva-en-preadolescencia-y-mas-alla-enero-2020\/\" target=\"_blank\" rel=\"noreferrer noopener\" aria-label=\" (opens in a new tab)\">talleres especiales de discilplia positiva para adolescente<\/a>s<\/strong> que me parecen muy interesantes.<\/p>\n\n\n\n<p>Creo que he resumido bastante mi expeiencia en el taller de 6 semanas que es lo que m\u00e1s os recomiendo, aunque <strong><a rel=\"noreferrer noopener\" aria-label=\" (opens in a new tab)\" href=\"https:\/\/centrodisciplinapositiva.com\/calendario\/\" target=\"_blank\">AQU\u00cd<\/a><\/strong> pod\u00e9is ver todos los que dan, que, adem\u00e1s, se mueven bastante por Espa\u00f1a. Adem\u00e1s, no s\u00e9 si quedan plazas pero el pr\u00f3ximo 21 de febrero estar\u00e1n Bibiana y su hermana Luc\u00eda, fundadoras del <strong><a rel=\"noreferrer noopener\" aria-label=\" (opens in a new tab)\" href=\"https:\/\/centrodisciplinapositiva.com\" target=\"_blank\">Centro de Disciplina Positiva<\/a><\/strong> en una Cena Adivina, por lo que si v\u00e1is podr\u00e9is conocerlas y hablar sobre DP toda la noche ;).<\/p>\n\n\n\n<p><\/p>\n\n\n\n<p>Si hab\u00e9is hecho alg\u00fan taller de este estilo me encantar\u00eda conocer vuestra opini\u00f3n!<\/p>\n","protected":false},"excerpt":{"rendered":"<p>Durante seis jueves de octubre y noviembre realic\u00e9 el curso de Disciplina Positiva del que tanto hab\u00eda o\u00eddo hablar y que ten\u00eda tantas ganas y quer\u00eda compatirlo en el blog y dejar constancia de mi experiencia porque me result\u00f3 muy efectivo, y me sigue resultando. Es importante saber que no es ninguna soluci\u00f3n m\u00e1gica a [&hellip;]<\/p>\n","protected":false},"author":1,"featured_media":10386,"comment_status":"open","ping_status":"open","sticky":false,"template":"","format":"standard","meta":{"jetpack_post_was_ever_published":false,"_jetpack_newsletter_access":"","_jetpack_dont_email_post_to_subs":false,"_jetpack_newsletter_tier_id":0,"_jetpack_memberships_contains_paywalled_content":false,"_jetpack_memberships_contains_paid_content":false,"footnotes":"","jetpack_publicize_message":"","jetpack_publicize_feature_enabled":true,"jetpack_social_post_already_shared":true,"jetpack_social_options":{"image_generator_settings":{"template":"highway","default_image_id":0,"font":"","enabled":false},"version":2}},"categories":[868],"tags":[808,772,804],"class_list":["post-10381","post","type-post","status-publish","format-standard","has-post-thumbnail","hentry","category-educacion","tag-educacion","tag-educar","tag-ninos"],"aioseo_notices":[],"jetpack_publicize_connections":[],"jetpack_featured_media_url":"https:\/\/oui-oui.es\/blog\/wp-content\/uploads\/2020\/01\/Oui-Oui-juego-memoria-buenos-habitos-memory-buenos-habitos-con-trompa-y-carton-juego-disciplina-positiva-scaled.jpg","jetpack_sharing_enabled":true,"jetpack-related-posts":[{"id":10583,"url":"https:\/\/oui-oui.es\/blog\/10-cuentas-de-instagram-que-te-ayudaran-en-la-educacion-de-tus-hijos-e-hijas\/","url_meta":{"origin":10381,"position":0},"title":"10 cuentas de Instagram que te ayudar\u00e1n en la educaci\u00f3n de tus hijos e hijas","author":"Mar\u00eda \u2665Oui Oui\u2665","date":"14 septiembre, 2020","format":false,"excerpt":"Con la vuelta al cole ya encauzada me apetec\u00eda compartir algunas cuentas de Instagram sobre educaci\u00f3n que sigo y que seguro que os pueden ayudar tanto con ideas para el d\u00eda a d\u00eda como por si tuvi\u00e9seis que montar el cole en casa unos d\u00edas. Se trata de colegios cuyos\u2026","rel":"","context":"En \u00abEDUCACI\u00d3N\u00bb","block_context":{"text":"EDUCACI\u00d3N","link":"https:\/\/oui-oui.es\/blog\/category\/educacion\/"},"img":{"alt_text":"","src":"https:\/\/i0.wp.com\/oui-oui.es\/blog\/wp-content\/uploads\/2020\/09\/Oui-Oui-Las-10-cuentas-de-Instagram-sobre-educacion-que-no-te-puedes-perder-School.jpg?resize=350%2C200&ssl=1","width":350,"height":200,"srcset":"https:\/\/i0.wp.com\/oui-oui.es\/blog\/wp-content\/uploads\/2020\/09\/Oui-Oui-Las-10-cuentas-de-Instagram-sobre-educacion-que-no-te-puedes-perder-School.jpg?resize=350%2C200&ssl=1 1x, https:\/\/i0.wp.com\/oui-oui.es\/blog\/wp-content\/uploads\/2020\/09\/Oui-Oui-Las-10-cuentas-de-Instagram-sobre-educacion-que-no-te-puedes-perder-School.jpg?resize=525%2C300&ssl=1 1.5x, https:\/\/i0.wp.com\/oui-oui.es\/blog\/wp-content\/uploads\/2020\/09\/Oui-Oui-Las-10-cuentas-de-Instagram-sobre-educacion-que-no-te-puedes-perder-School.jpg?resize=700%2C400&ssl=1 2x, https:\/\/i0.wp.com\/oui-oui.es\/blog\/wp-content\/uploads\/2020\/09\/Oui-Oui-Las-10-cuentas-de-Instagram-sobre-educacion-que-no-te-puedes-perder-School.jpg?resize=1050%2C600&ssl=1 3x"},"classes":[]},{"id":8860,"url":"https:\/\/oui-oui.es\/blog\/y-tu-como-educas-a-tus-hijos\/","url_meta":{"origin":10381,"position":1},"title":"Y t\u00fa \u00bfc\u00f3mo educas a tus hijos?","author":"Mar\u00eda \u2665Oui Oui\u2665","date":"26 febrero, 2018","format":false,"excerpt":"Las noticias sobre sucesos con ni\u00f1os, los chats de whatsapp del colegio, las charlas sobre educaci\u00f3n y futuro con amigas dan mucho de s\u00ed, y llevaba un tiempo reflexionando sobre la delgada l\u00ednea entre el derecho que tenemos los padres a educar de la forma que mejor nos parezca y\u2026","rel":"","context":"En \u00abMATERNIDAD\u00bb","block_context":{"text":"MATERNIDAD","link":"https:\/\/oui-oui.es\/blog\/category\/maternidad\/"},"img":{"alt_text":"","src":"https:\/\/i0.wp.com\/oui-oui.es\/blog\/wp-content\/uploads\/2018\/02\/Oui-Oui-set-paris-kiko-juego-madera-paris-paris-matchi-kiko.jpg?resize=350%2C200&ssl=1","width":350,"height":200,"srcset":"https:\/\/i0.wp.com\/oui-oui.es\/blog\/wp-content\/uploads\/2018\/02\/Oui-Oui-set-paris-kiko-juego-madera-paris-paris-matchi-kiko.jpg?resize=350%2C200&ssl=1 1x, https:\/\/i0.wp.com\/oui-oui.es\/blog\/wp-content\/uploads\/2018\/02\/Oui-Oui-set-paris-kiko-juego-madera-paris-paris-matchi-kiko.jpg?resize=525%2C300&ssl=1 1.5x, https:\/\/i0.wp.com\/oui-oui.es\/blog\/wp-content\/uploads\/2018\/02\/Oui-Oui-set-paris-kiko-juego-madera-paris-paris-matchi-kiko.jpg?resize=700%2C400&ssl=1 2x"},"classes":[]},{"id":9874,"url":"https:\/\/oui-oui.es\/blog\/i-charlar-educar-sin-gritos-con-laura-monge\/","url_meta":{"origin":10381,"position":2},"title":"I Charlar | Educar sin gritos con Laura Monge","author":"Mar\u00eda \u2665Oui Oui\u2665","date":"27 mayo, 2019","format":false,"excerpt":"No s\u00e9 si os pasa pero yo, cada vez que paro a pensar c\u00f3mo quiero enfocar algo con mis hijos siempre vuelvo la vista atr\u00e1s a mi infancia y, de repente, llegan recuerdos de las situaciones o momentos que est\u00e1s intentando afrontar que hasta este momento no dabas importancia o\u2026","rel":"","context":"En \u00abEDUCACI\u00d3N\u00bb","block_context":{"text":"EDUCACI\u00d3N","link":"https:\/\/oui-oui.es\/blog\/category\/educacion\/"},"img":{"alt_text":"","src":"https:\/\/i0.wp.com\/oui-oui.es\/blog\/wp-content\/uploads\/2019\/05\/Oui-Oui-CHARLAR-encuentros-sobre-temas-que-nos-interesan-a-todos-la-galerie-ten-cook.png?resize=350%2C200&ssl=1","width":350,"height":200,"srcset":"https:\/\/i0.wp.com\/oui-oui.es\/blog\/wp-content\/uploads\/2019\/05\/Oui-Oui-CHARLAR-encuentros-sobre-temas-que-nos-interesan-a-todos-la-galerie-ten-cook.png?resize=350%2C200&ssl=1 1x, https:\/\/i0.wp.com\/oui-oui.es\/blog\/wp-content\/uploads\/2019\/05\/Oui-Oui-CHARLAR-encuentros-sobre-temas-que-nos-interesan-a-todos-la-galerie-ten-cook.png?resize=525%2C300&ssl=1 1.5x, https:\/\/i0.wp.com\/oui-oui.es\/blog\/wp-content\/uploads\/2019\/05\/Oui-Oui-CHARLAR-encuentros-sobre-temas-que-nos-interesan-a-todos-la-galerie-ten-cook.png?resize=700%2C400&ssl=1 2x, https:\/\/i0.wp.com\/oui-oui.es\/blog\/wp-content\/uploads\/2019\/05\/Oui-Oui-CHARLAR-encuentros-sobre-temas-que-nos-interesan-a-todos-la-galerie-ten-cook.png?resize=1050%2C600&ssl=1 3x, https:\/\/i0.wp.com\/oui-oui.es\/blog\/wp-content\/uploads\/2019\/05\/Oui-Oui-CHARLAR-encuentros-sobre-temas-que-nos-interesan-a-todos-la-galerie-ten-cook.png?resize=1400%2C800&ssl=1 4x"},"classes":[]},{"id":10481,"url":"https:\/\/oui-oui.es\/blog\/educar-sin-estereotipos\/","url_meta":{"origin":10381,"position":3},"title":"Educar sin Estereotipos","author":"Mar\u00eda \u2665Oui Oui\u2665","date":"29 abril, 2020","format":false,"excerpt":"Hace un a\u00f1o o dos mi hijo coment\u00f3 en casa que sus compa\u00f1eros dec\u00edan que llevar el pelo largo era de chicas, le argument\u00e9 por qu\u00e9 la longitud del cabello no tiene nada que ver con ser chico o chica y le mostr\u00e9 algunos ejemplos de hombres con pelo largo\u2026","rel":"","context":"En \u00abEDUCACI\u00d3N\u00bb","block_context":{"text":"EDUCACI\u00d3N","link":"https:\/\/oui-oui.es\/blog\/category\/educacion\/"},"img":{"alt_text":"","src":"https:\/\/i0.wp.com\/oui-oui.es\/blog\/wp-content\/uploads\/2020\/04\/Oui-Oui-educar-sin-estereotipos.jpg?resize=350%2C200&ssl=1","width":350,"height":200,"srcset":"https:\/\/i0.wp.com\/oui-oui.es\/blog\/wp-content\/uploads\/2020\/04\/Oui-Oui-educar-sin-estereotipos.jpg?resize=350%2C200&ssl=1 1x, https:\/\/i0.wp.com\/oui-oui.es\/blog\/wp-content\/uploads\/2020\/04\/Oui-Oui-educar-sin-estereotipos.jpg?resize=525%2C300&ssl=1 1.5x"},"classes":[]},{"id":10754,"url":"https:\/\/oui-oui.es\/blog\/mi-primer-libro-cuentos-para-educar-sin-estereotipos\/","url_meta":{"origin":10381,"position":4},"title":"\u00a1Mi primer libro! Cuentos para Educar sin Estereotipos","author":"Mar\u00eda \u2665Oui Oui\u2665","date":"31 marzo, 2022","format":false,"excerpt":"Cuentos para educar sin estereotipos es el primer libro infantil escrito por Mar\u00eda Oui Oui con el firme pro\u00f3sito de conseguir una infancia libre que construya una sociedad igualitaria","rel":"","context":"En \u00abEDUCACI\u00d3N\u00bb","block_context":{"text":"EDUCACI\u00d3N","link":"https:\/\/oui-oui.es\/blog\/category\/educacion\/"},"img":{"alt_text":"","src":"https:\/\/i0.wp.com\/oui-oui.es\/blog\/wp-content\/uploads\/2022\/03\/Oui-Oui-Cuentos-Educar-sin-Estereotipos-Maria-Gijon-Penguis-Random-House-8-scaled.jpg?resize=350%2C200&ssl=1","width":350,"height":200,"srcset":"https:\/\/i0.wp.com\/oui-oui.es\/blog\/wp-content\/uploads\/2022\/03\/Oui-Oui-Cuentos-Educar-sin-Estereotipos-Maria-Gijon-Penguis-Random-House-8-scaled.jpg?resize=350%2C200&ssl=1 1x, https:\/\/i0.wp.com\/oui-oui.es\/blog\/wp-content\/uploads\/2022\/03\/Oui-Oui-Cuentos-Educar-sin-Estereotipos-Maria-Gijon-Penguis-Random-House-8-scaled.jpg?resize=525%2C300&ssl=1 1.5x, https:\/\/i0.wp.com\/oui-oui.es\/blog\/wp-content\/uploads\/2022\/03\/Oui-Oui-Cuentos-Educar-sin-Estereotipos-Maria-Gijon-Penguis-Random-House-8-scaled.jpg?resize=700%2C400&ssl=1 2x, https:\/\/i0.wp.com\/oui-oui.es\/blog\/wp-content\/uploads\/2022\/03\/Oui-Oui-Cuentos-Educar-sin-Estereotipos-Maria-Gijon-Penguis-Random-House-8-scaled.jpg?resize=1050%2C600&ssl=1 3x, https:\/\/i0.wp.com\/oui-oui.es\/blog\/wp-content\/uploads\/2022\/03\/Oui-Oui-Cuentos-Educar-sin-Estereotipos-Maria-Gijon-Penguis-Random-House-8-scaled.jpg?resize=1400%2C800&ssl=1 4x"},"classes":[]},{"id":8900,"url":"https:\/\/oui-oui.es\/blog\/libros-sobre-feminismo-yo-tambien-soy-machista-y-otras-cosas\/","url_meta":{"origin":10381,"position":5},"title":"Libros sobre feminismo, yo tambi\u00e9n soy machista y otras cosas&#8230;","author":"Mar\u00eda \u2665Oui Oui\u2665","date":"8 marzo, 2018","format":false,"excerpt":"Si hubiera tenido tiempo esta semana hoy recibir\u00edas un post laaaargo sobre feminismo y, sobre lo que creo m\u00e1s importante, educar en el feminismo, que no es otra cosa que educar en la igualdad. Como no me da tiempo y soy feminista todos los d\u00edas, lo escribir\u00e9, posiblemente, en Semana\u2026","rel":"","context":"En \u00abMATERNIDAD\u00bb","block_context":{"text":"MATERNIDAD","link":"https:\/\/oui-oui.es\/blog\/category\/maternidad\/"},"img":{"alt_text":"","src":"https:\/\/i0.wp.com\/oui-oui.es\/blog\/wp-content\/uploads\/2018\/03\/Oui-Oui-libros-feminismo-como-educar-en-el-feminismo.jpg?resize=350%2C200&ssl=1","width":350,"height":200,"srcset":"https:\/\/i0.wp.com\/oui-oui.es\/blog\/wp-content\/uploads\/2018\/03\/Oui-Oui-libros-feminismo-como-educar-en-el-feminismo.jpg?resize=350%2C200&ssl=1 1x, https:\/\/i0.wp.com\/oui-oui.es\/blog\/wp-content\/uploads\/2018\/03\/Oui-Oui-libros-feminismo-como-educar-en-el-feminismo.jpg?resize=525%2C300&ssl=1 1.5x, https:\/\/i0.wp.com\/oui-oui.es\/blog\/wp-content\/uploads\/2018\/03\/Oui-Oui-libros-feminismo-como-educar-en-el-feminismo.jpg?resize=700%2C400&ssl=1 2x, https:\/\/i0.wp.com\/oui-oui.es\/blog\/wp-content\/uploads\/2018\/03\/Oui-Oui-libros-feminismo-como-educar-en-el-feminismo.jpg?resize=1050%2C600&ssl=1 3x, https:\/\/i0.wp.com\/oui-oui.es\/blog\/wp-content\/uploads\/2018\/03\/Oui-Oui-libros-feminismo-como-educar-en-el-feminismo.jpg?resize=1400%2C800&ssl=1 4x"},"classes":[]}],"_links":{"self":[{"href":"https:\/\/oui-oui.es\/blog\/wp-json\/wp\/v2\/posts\/10381","targetHints":{"allow":["GET"]}}],"collection":[{"href":"https:\/\/oui-oui.es\/blog\/wp-json\/wp\/v2\/posts"}],"about":[{"href":"https:\/\/oui-oui.es\/blog\/wp-json\/wp\/v2\/types\/post"}],"author":[{"embeddable":true,"href":"https:\/\/oui-oui.es\/blog\/wp-json\/wp\/v2\/users\/1"}],"replies":[{"embeddable":true,"href":"https:\/\/oui-oui.es\/blog\/wp-json\/wp\/v2\/comments?post=10381"}],"version-history":[{"count":2,"href":"https:\/\/oui-oui.es\/blog\/wp-json\/wp\/v2\/posts\/10381\/revisions"}],"predecessor-version":[{"id":10388,"href":"https:\/\/oui-oui.es\/blog\/wp-json\/wp\/v2\/posts\/10381\/revisions\/10388"}],"wp:featuredmedia":[{"embeddable":true,"href":"https:\/\/oui-oui.es\/blog\/wp-json\/wp\/v2\/media\/10386"}],"wp:attachment":[{"href":"https:\/\/oui-oui.es\/blog\/wp-json\/wp\/v2\/media?parent=10381"}],"wp:term":[{"taxonomy":"category","embeddable":true,"href":"https:\/\/oui-oui.es\/blog\/wp-json\/wp\/v2\/categories?post=10381"},{"taxonomy":"post_tag","embeddable":true,"href":"https:\/\/oui-oui.es\/blog\/wp-json\/wp\/v2\/tags?post=10381"}],"curies":[{"name":"wp","href":"https:\/\/api.w.org\/{rel}","templated":true}]}}