{"id":10391,"date":"2020-01-30T14:57:22","date_gmt":"2020-01-30T12:57:22","guid":{"rendered":"https:\/\/oui-oui.es\/blog\/?p=10391"},"modified":"2020-01-30T15:02:44","modified_gmt":"2020-01-30T13:02:44","slug":"las-secadoras-no-gastan-mas","status":"publish","type":"post","link":"https:\/\/oui-oui.es\/blog\/las-secadoras-no-gastan-mas\/","title":{"rendered":"Las secadoras no gastan m\u00e1s"},"content":{"rendered":"\n<figure class=\"wp-block-image size-large\"><img loading=\"lazy\" decoding=\"async\" width=\"1024\" height=\"768\" src=\"https:\/\/oui-oui.es\/blog\/wp-content\/uploads\/2020\/01\/Oui-Ouilacvadora-electrolux-la-mejor-secadora-secadora-electrolux-lapiz-quita-manchas-zona-lavado-deco-3-1024x768.jpg\" alt=\"\" class=\"wp-image-10396\" srcset=\"https:\/\/oui-oui.es\/blog\/wp-content\/uploads\/2020\/01\/Oui-Ouilacvadora-electrolux-la-mejor-secadora-secadora-electrolux-lapiz-quita-manchas-zona-lavado-deco-3-1024x768.jpg 1024w, https:\/\/oui-oui.es\/blog\/wp-content\/uploads\/2020\/01\/Oui-Ouilacvadora-electrolux-la-mejor-secadora-secadora-electrolux-lapiz-quita-manchas-zona-lavado-deco-3-300x225.jpg 300w, https:\/\/oui-oui.es\/blog\/wp-content\/uploads\/2020\/01\/Oui-Ouilacvadora-electrolux-la-mejor-secadora-secadora-electrolux-lapiz-quita-manchas-zona-lavado-deco-3-768x576.jpg 768w, https:\/\/oui-oui.es\/blog\/wp-content\/uploads\/2020\/01\/Oui-Ouilacvadora-electrolux-la-mejor-secadora-secadora-electrolux-lapiz-quita-manchas-zona-lavado-deco-3-600x450.jpg 600w, https:\/\/oui-oui.es\/blog\/wp-content\/uploads\/2020\/01\/Oui-Ouilacvadora-electrolux-la-mejor-secadora-secadora-electrolux-lapiz-quita-manchas-zona-lavado-deco-3-1536x1153.jpg 1536w, https:\/\/oui-oui.es\/blog\/wp-content\/uploads\/2020\/01\/Oui-Ouilacvadora-electrolux-la-mejor-secadora-secadora-electrolux-lapiz-quita-manchas-zona-lavado-deco-3-2048x1537.jpg 2048w, https:\/\/oui-oui.es\/blog\/wp-content\/uploads\/2020\/01\/Oui-Ouilacvadora-electrolux-la-mejor-secadora-secadora-electrolux-lapiz-quita-manchas-zona-lavado-deco-3-640x480.jpg 640w\" sizes=\"auto, (max-width: 1024px) 100vw, 1024px\" \/><\/figure>\n\n\n<p>El otro d\u00eda una amiga me preguntaba que si tuviera que elegir <strong>mi \u00abelectrodom\u00e9stico favorito\u00bb<\/strong> (teniendo en cuenta que tengo la casa reci\u00e9n puesta con electrodom\u00e9sticos muy guays, no porque sea una friki de los electrodom\u00e9sticos&#8230;je,je) cual ser\u00eda y, sin ninguna duda dije <strong>LA SECADORA<\/strong>.<\/p>\n<p><strong>\u00bfY eso?<\/strong>, pues yo creo que por dos motivos:<\/p>\n<p><strong>1)<\/strong> Que <strong>ten\u00edan tan mala fama<\/strong>, tanto de gastar mucho como de estropear la ropa, que tenerla me hizo cambiar el concepto radicalmente, ahora os cuento por qu\u00e9.<br \/><strong>2)<\/strong> Porque ha supuesto un <strong>ahorro de tiempo, espacio y de carga mental BRUTAL<\/strong>. Adem\u00e1s, te permite tener menos ropa de cama y pijamas de ni\u00f1os, cuando M era beb\u00e9 y no ten\u00edamos secadora, ten\u00eda, no exagero, m\u00e1s de 20 bodys, para tener suficientes mientras se cerraba el ciclo \u00ablavadora, tender, secar, planchar, armario\u00bb, lo mismo con los juegos de s\u00e1banas, ahora mismo s\u00f3lo necesito dos para cada uno.<\/p>\n<p>\u00a0<\/p>\n<p>Con la <strong>secadora puedes lavar y planchar en el mismo d\u00eda<\/strong>, adem\u00e1s de que el mismo d\u00eda que la secadora entr\u00f3 por la puerta tiramos el tendedero plegable que tanto odiaba \ud83d\ude09<\/p>\n<p>Respecto al <strong>gasto energ\u00e9tico<\/strong>, era algo que quer\u00eda aclarar, porque hice la prueba durante un mes, pero es que ahora ya casi va a cumplir dos a\u00f1os y sigue igual, no hemos notado NADA, incre\u00edble, pero cierto. Despu\u00e9s de que muchas personas me pregutaran por ello he investigado un poco y <strong>la mejor opci\u00f3n para una secadora son las de BOMBA de CALOR<\/strong>, las otras s\u00ed gastan.<\/p>\n<p>Aqu\u00ed ten\u00e9is algunos mitos desmontados:<\/p>\n<table>\n<tbody>\n<tr>\n<td colspan=\"2\" width=\"292\">\n<p><strong>MITOS<\/strong><\/p>\n<\/td>\n<td colspan=\"3\" width=\"397\">\n<p><strong>PERO<\/strong><\/p>\n<\/td>\n<td width=\"4\">\n<p>\u00a0<\/p>\n<\/td>\n<\/tr>\n<tr>\n<td colspan=\"2\" width=\"292\">\n<p><strong>\u00a0<\/strong><\/p>\n<p><strong>1.- <em>Encoge la ropa<\/em><\/strong><\/p>\n<\/td>\n<td colspan=\"3\" width=\"397\">\n<p><em>Con la tecnolog\u00eda de bomba de calor, la temperatura es menor por lo que no estropea la prenda y tiene movimientos adaptados a cada tipo de tejido.<\/em><\/p>\n<\/td>\n<td width=\"4\">\n<p>\u00a0<\/p>\n<\/td>\n<\/tr>\n<tr>\n<td colspan=\"2\" width=\"292\">\n<p><strong>\u00a0<\/strong><\/p>\n<p><strong>2.- <em>Es mejor secar al aire<\/em><\/strong><\/p>\n<\/td>\n<td colspan=\"3\" width=\"397\">\n<p><em>El sol desgasta los colores y deja la ropa m\u00e1s acartonada. Adem\u00e1s, tender la ropa hace que las prendas se deformen y las pinzas dejan marcas inc\u00f3modas de planchar despu\u00e9s. <\/em><\/p>\n<\/td>\n<td width=\"4\">\n<p>\u00a0<\/p>\n<\/td>\n<\/tr>\n<tr>\n<td colspan=\"2\" width=\"292\">\n<p><strong>\u00a0<\/strong><\/p>\n<p><strong>3.- <em>Solo vale para secar algod\u00f3n<\/em><\/strong><\/p>\n<\/td>\n<td colspan=\"3\" width=\"397\">\n<p><em>Es v\u00e1lido para cualquier tipo de tejido. Las \u00faltimas tecnolog\u00edas te permiten secar prendas con varias capas o incluso recuperar su impermeabilidad.<\/em><\/p>\n<\/td>\n<td width=\"4\">\n<p>\u00a0<\/p>\n<\/td>\n<\/tr>\n<tr>\n<td colspan=\"3\" width=\"293\">\n<p><strong>\u00a0<\/strong><\/p>\n<p><strong>\u00a0<\/strong><\/p>\n<p><strong>\u00a0<\/strong><\/p>\n<p><strong>4.- <em>Consume mucha energ\u00eda<\/em><\/strong><\/p>\n<\/td>\n<td colspan=\"3\" width=\"397\">\n<p><em>Una secadora consume al mes desde 1,52 \u20ac con 13 cargas. La bomba de calor trabaja a menos temperatura y hace que necesite menos gasto energ\u00e9tico. <\/em><\/p>\n<p><em>Existe tambi\u00e9n falta de conocimiento, ya que se asocia el concepto \u2018ECO\u2019 al \u2018tiempo\u2019 que dura un programa cuando es al rev\u00e9s. Un programa ECO suele tener algo m\u00e1s de duraci\u00f3n y un m\u00ednimo consumo. <\/em><\/p>\n<\/td>\n<\/tr>\n<tr>\n<td width=\"290\">\n<p><strong>\u00a0<\/strong><\/p>\n<p><strong>\u00a0<\/strong><\/p>\n<p><strong>5.- <em>No todas las prendas me salen secas: resultados desiguales<\/em><\/strong><\/p>\n<\/td>\n<td colspan=\"3\" width=\"397\">\n<p><em>Las tecnolog\u00edas han mejorado en varios sentidos. Las m\u00e1quinas no giran en un solo sentido, haciendo que la prenda se enrolle y se exponga a los sensores de detecci\u00f3n de humedad del tambor, que incluso son ya por escaneo, sin que la prenda entre en contacto con el tambor.\u00a0 <\/em><\/p>\n<\/td>\n<td colspan=\"2\" width=\"5\">\n<p>\u00a0<\/p>\n<\/td>\n<\/tr>\n<tr>\n<td width=\"290\">\n<p><strong>\u00a0<\/strong><\/p>\n<p><strong>6.- Tardan <em>demasiado tiempo: programas muy largos<\/em><\/strong><\/p>\n<\/td>\n<td colspan=\"3\" width=\"397\">\n<p><em>Hay ciclos cortos y largos, depende de las prendas. Los programas est\u00e1n pensados en cada tipo de tejido y su cuidado.\u00a0 <\/em><\/p>\n<p><em>\u00a0<\/em><\/p>\n<\/td>\n<td colspan=\"2\" width=\"5\">\n<p>\u00a0<\/p>\n<\/td>\n<\/tr>\n<tr>\n<td width=\"290\">\n<p><strong>\u00a0<\/strong><\/p>\n<p><strong>7.- <em>Tengo mucha ropa con etiquetado \u201cno secadora\u201d y \u00e9stas no se pueden meter.<\/em> <\/strong><\/p>\n<\/td>\n<td colspan=\"3\" width=\"397\">\n<p><em>El etiquetado de las prendas est\u00e1 obsoleto, no tiene en cuenta las nuevas tecnolog\u00edas. Por ejemplo, el programa Woolmark certifica que se puede meter la lana m\u00e1s delicada. <\/em><\/p>\n<\/td>\n<td colspan=\"2\" width=\"5\">\n<p>\u00a0<\/p>\n<\/td>\n<\/tr>\n<tr>\n<td width=\"290\">\n<p><strong>\u00a0<\/strong><\/p>\n<p><strong>8.- <em>No se puede secar en una misma carga prendas con diferentes colores. <\/em><\/strong><\/p>\n<p><strong>\u00a0<\/strong><\/p>\n<\/td>\n<td colspan=\"3\" width=\"397\">\n<p><em>Los colores no impactan en el resultado, se pueden mezclar.\u00a0 <\/em><\/p>\n<\/td>\n<td colspan=\"2\" width=\"5\">\n<p>\u00a0<\/p>\n<\/td>\n<\/tr>\n<tr>\n<td width=\"290\">\n<p><strong>\u00a0<\/strong><\/p>\n<p><strong>\u00a0<\/strong><\/p>\n<p><strong>9.- <em>Las prendas salen muy arrugadas.<\/em><\/strong><\/p>\n<\/td>\n<td colspan=\"3\" width=\"397\">\n<p><em>Al rev\u00e9s, las tecnolog\u00edas de recirculaci\u00f3n de aire y los giros del tambor en varios sentidos hacen que las prendas no se enrollen. Adem\u00e1s, los programas especializados de vapor refrescan las prendas y destensan las fibras, lo que ahorra tiempo de planchado.<\/em><\/p>\n<\/td>\n<td colspan=\"2\" width=\"5\">\n<p>\u00a0<\/p>\n<\/td>\n<\/tr>\n<tr>\n<td width=\"290\">\n<p><strong>10.- <em>No tengo espacio para tener una.<\/em> <\/strong><\/p>\n<\/td>\n<td colspan=\"3\" width=\"397\">\n<p><em>Hay opciones:\u00a0 secadoras en torre, que ocupan la mitad de espacio que un tendedero tradicional y las lavasecadoras, donde tienes el 2 en 1 y buenos resultados en la mitad de tiempo. <\/em><\/p>\n<\/td>\n<td colspan=\"2\" width=\"5\">\n<p>\u00a0<\/p>\n<\/td>\n<\/tr>\n<\/tbody>\n<\/table>\n<p>\u00a0<\/p>\n<p>Existe tambi\u00e9n falta de conocimiento, ya que se asocia el concepto \u2018ECO\u2019 al \u2018tiempo\u2019 que dura un programa cuando es al rev\u00e9s. <strong>Un programa ECO suele tener algo m\u00e1s de duraci\u00f3n y un m\u00ednimo consumo.<\/strong><\/p>\n<p>Aqu\u00ed ten\u00e9is un resumen de AEG (aunque <a href=\"https:\/\/www.electrolux.es\/laundry\/laundry\/dryers\/\" target=\"_blank\" rel=\"noopener noreferrer\"><strong>mi secadora es de Electolux<\/strong><\/a>, son del mismo grupo).<\/p>\n<p>\u00a0<\/p>\n\n\n<div class=\"wp-block-image\"><figure class=\"aligncenter size-large\"><img loading=\"lazy\" decoding=\"async\" width=\"276\" height=\"1024\" src=\"https:\/\/oui-oui.es\/blog\/wp-content\/uploads\/2020\/01\/Oui-Oui-secadora.electolux-secadora-que-menos-gasta-INFOGRAFIA-DESMONTANDO-MITOS-SOBRE-LA-SECADORA-276x1024.jpg\" alt=\"\" class=\"wp-image-10395\" srcset=\"https:\/\/oui-oui.es\/blog\/wp-content\/uploads\/2020\/01\/Oui-Oui-secadora.electolux-secadora-que-menos-gasta-INFOGRAFIA-DESMONTANDO-MITOS-SOBRE-LA-SECADORA-276x1024.jpg 276w, https:\/\/oui-oui.es\/blog\/wp-content\/uploads\/2020\/01\/Oui-Oui-secadora.electolux-secadora-que-menos-gasta-INFOGRAFIA-DESMONTANDO-MITOS-SOBRE-LA-SECADORA-81x300.jpg 81w, https:\/\/oui-oui.es\/blog\/wp-content\/uploads\/2020\/01\/Oui-Oui-secadora.electolux-secadora-que-menos-gasta-INFOGRAFIA-DESMONTANDO-MITOS-SOBRE-LA-SECADORA-768x2850.jpg 768w, https:\/\/oui-oui.es\/blog\/wp-content\/uploads\/2020\/01\/Oui-Oui-secadora.electolux-secadora-que-menos-gasta-INFOGRAFIA-DESMONTANDO-MITOS-SOBRE-LA-SECADORA-600x2227.jpg 600w, https:\/\/oui-oui.es\/blog\/wp-content\/uploads\/2020\/01\/Oui-Oui-secadora.electolux-secadora-que-menos-gasta-INFOGRAFIA-DESMONTANDO-MITOS-SOBRE-LA-SECADORA-414x1536.jpg 414w, https:\/\/oui-oui.es\/blog\/wp-content\/uploads\/2020\/01\/Oui-Oui-secadora.electolux-secadora-que-menos-gasta-INFOGRAFIA-DESMONTANDO-MITOS-SOBRE-LA-SECADORA-552x2048.jpg 552w, https:\/\/oui-oui.es\/blog\/wp-content\/uploads\/2020\/01\/Oui-Oui-secadora.electolux-secadora-que-menos-gasta-INFOGRAFIA-DESMONTANDO-MITOS-SOBRE-LA-SECADORA-640x2375.jpg 640w, https:\/\/oui-oui.es\/blog\/wp-content\/uploads\/2020\/01\/Oui-Oui-secadora.electolux-secadora-que-menos-gasta-INFOGRAFIA-DESMONTANDO-MITOS-SOBRE-LA-SECADORA-scaled.jpg 690w\" sizes=\"auto, (max-width: 276px) 100vw, 276px\" \/><\/figure><\/div>\n\n\n\n<p>\u00a1Espero que os sirva! Otro d\u00eda os cuento sus maravillas para lavar y secar ropa t\u00e9cnica de esqu\u00ed!!<\/p>\n","protected":false},"excerpt":{"rendered":"<p>El otro d\u00eda una amiga me preguntaba que si tuviera que elegir mi \u00abelectrodom\u00e9stico favorito\u00bb (teniendo en cuenta que tengo la casa reci\u00e9n puesta con electrodom\u00e9sticos muy guays, no porque sea una friki de los electrodom\u00e9sticos&#8230;je,je) cual ser\u00eda y, sin ninguna duda dije LA SECADORA. \u00bfY eso?, pues yo creo que por dos motivos: 1) [&hellip;]<\/p>\n","protected":false},"author":3,"featured_media":10396,"comment_status":"open","ping_status":"open","sticky":false,"template":"","format":"standard","meta":{"jetpack_post_was_ever_published":false,"_jetpack_newsletter_access":"","_jetpack_dont_email_post_to_subs":false,"_jetpack_newsletter_tier_id":0,"_jetpack_memberships_contains_paywalled_content":false,"_jetpack_memberships_contains_paid_content":false,"footnotes":"","jetpack_publicize_message":"","jetpack_publicize_feature_enabled":true,"jetpack_social_post_already_shared":true,"jetpack_social_options":{"image_generator_settings":{"template":"highway","default_image_id":0,"font":"","enabled":false},"version":2}},"categories":[883],"tags":[874],"class_list":["post-10391","post","type-post","status-publish","format-standard","has-post-thumbnail","hentry","category-hogar-dulce-hogar","tag-electrolux"],"aioseo_notices":[],"jetpack_publicize_connections":[],"jetpack_featured_media_url":"https:\/\/oui-oui.es\/blog\/wp-content\/uploads\/2020\/01\/Oui-Ouilacvadora-electrolux-la-mejor-secadora-secadora-electrolux-lapiz-quita-manchas-zona-lavado-deco-3-scaled.jpg","jetpack_sharing_enabled":true,"jetpack-related-posts":[{"id":10136,"url":"https:\/\/oui-oui.es\/blog\/decorar-la-cocina-en-negro\/","url_meta":{"origin":10391,"position":0},"title":"Decorar la cocina en negro","author":"Mar\u00eda \u2665Oui Oui\u2665","date":"20 septiembre, 2019","format":false,"excerpt":"Esta cocina sirvi\u00f3 de inspiraci\u00f3n para la m\u00eda Tengo pendiente compartir c\u00f3mo qued\u00f3 nuestra cocina tras la obra, pero, como a\u00fan faltan las l\u00e1mparas, prefiero que est\u00e9 todo para contarlo bien. Mientras, me apetec\u00eda hablaros de las cocinas en negro, aunque nosotros optamos por un azul oscuro, el negro fue\u2026","rel":"","context":"En \u00abDECORACI\u00d3N\u00bb","block_context":{"text":"DECORACI\u00d3N","link":"https:\/\/oui-oui.es\/blog\/category\/decoracion-de-casa\/"},"img":{"alt_text":"","src":"https:\/\/i0.wp.com\/oui-oui.es\/blog\/wp-content\/uploads\/2019\/09\/Oui-Oui-electrodomesticos-negro-mate-electrolux-horno-negro-mate-campana-negro-mate-3.jpg?resize=350%2C200&ssl=1","width":350,"height":200,"srcset":"https:\/\/i0.wp.com\/oui-oui.es\/blog\/wp-content\/uploads\/2019\/09\/Oui-Oui-electrodomesticos-negro-mate-electrolux-horno-negro-mate-campana-negro-mate-3.jpg?resize=350%2C200&ssl=1 1x, https:\/\/i0.wp.com\/oui-oui.es\/blog\/wp-content\/uploads\/2019\/09\/Oui-Oui-electrodomesticos-negro-mate-electrolux-horno-negro-mate-campana-negro-mate-3.jpg?resize=525%2C300&ssl=1 1.5x, https:\/\/i0.wp.com\/oui-oui.es\/blog\/wp-content\/uploads\/2019\/09\/Oui-Oui-electrodomesticos-negro-mate-electrolux-horno-negro-mate-campana-negro-mate-3.jpg?resize=700%2C400&ssl=1 2x, https:\/\/i0.wp.com\/oui-oui.es\/blog\/wp-content\/uploads\/2019\/09\/Oui-Oui-electrodomesticos-negro-mate-electrolux-horno-negro-mate-campana-negro-mate-3.jpg?resize=1050%2C600&ssl=1 3x, https:\/\/i0.wp.com\/oui-oui.es\/blog\/wp-content\/uploads\/2019\/09\/Oui-Oui-electrodomesticos-negro-mate-electrolux-horno-negro-mate-campana-negro-mate-3.jpg?resize=1400%2C800&ssl=1 4x"},"classes":[]},{"id":9010,"url":"https:\/\/oui-oui.es\/blog\/9010-2\/","url_meta":{"origin":10391,"position":1},"title":"Por qu\u00e9 S\u00cd tener una secadora","author":"Mar\u00eda \u2665Oui Oui\u2665","date":"27 abril, 2018","format":false,"excerpt":"No s\u00e9 por qu\u00e9 (porque no es que me guste especialmente limpiar...) pero me encantar\u00eda tener una estancia de limpieza, o cuarto de plancha bien puesto en casa (junto a la zona de empaquetado y cosas transitorias como contaba aqu\u00ed ,jeje). Una zona en la que est\u00e9 todo lo relacionado\u2026","rel":"","context":"En \u00abESTILO DE VIDA\u00bb","block_context":{"text":"ESTILO DE VIDA","link":"https:\/\/oui-oui.es\/blog\/category\/lifestyle-2\/"},"img":{"alt_text":"","src":"https:\/\/i0.wp.com\/oui-oui.es\/blog\/wp-content\/uploads\/2018\/04\/Oui-Oui-zona-de-limpieza-secadora-electrolux.jpg?resize=350%2C200&ssl=1","width":350,"height":200},"classes":[]},{"id":8614,"url":"https:\/\/oui-oui.es\/blog\/6-prendas-de-6-de-mis-marcas-favoritas-de-ropa-infantil\/","url_meta":{"origin":10391,"position":2},"title":"6 prendas de 6 de mis marcas favoritas de ropa infantil","author":"Mar\u00eda \u2665Oui Oui\u2665","date":"10 octubre, 2017","format":false,"excerpt":"Aunque con este tiempazo que est\u00e1 haciendo parece que no va a llegar el verdadero oto\u00f1o, yo necesito hacer el cambio de ropa or una cuesti\u00f3n de organizaci\u00f3n mental. Hace dos semanas hice el cambio de ropa de los ni\u00f1os (es m\u00e1s f\u00e1cil porque la ropa de verano les quedar\u00e1\u2026","rel":"","context":"En \u00abNI\u00d1OS Y NI\u00d1AS\u00bb","block_context":{"text":"NI\u00d1OS Y NI\u00d1AS","link":"https:\/\/oui-oui.es\/blog\/category\/ninos\/"},"img":{"alt_text":"","src":"https:\/\/i0.wp.com\/oui-oui.es\/blog\/wp-content\/uploads\/2017\/10\/Oui-Oui-carrito-mimbre-amarillo-manee-kids-tanzania-2017.jpg?resize=350%2C200&ssl=1","width":350,"height":200,"srcset":"https:\/\/i0.wp.com\/oui-oui.es\/blog\/wp-content\/uploads\/2017\/10\/Oui-Oui-carrito-mimbre-amarillo-manee-kids-tanzania-2017.jpg?resize=350%2C200&ssl=1 1x, https:\/\/i0.wp.com\/oui-oui.es\/blog\/wp-content\/uploads\/2017\/10\/Oui-Oui-carrito-mimbre-amarillo-manee-kids-tanzania-2017.jpg?resize=525%2C300&ssl=1 1.5x, https:\/\/i0.wp.com\/oui-oui.es\/blog\/wp-content\/uploads\/2017\/10\/Oui-Oui-carrito-mimbre-amarillo-manee-kids-tanzania-2017.jpg?resize=700%2C400&ssl=1 2x"},"classes":[]},{"id":10229,"url":"https:\/\/oui-oui.es\/blog\/en-que-te-pueden-ayudar-una-buena-lavadora-y-secadora-en-el-cambio-de-armario\/","url_meta":{"origin":10391,"position":3},"title":"En qu\u00e9 te pueden ayudar una buena lavadora y secadora en el cambio de armario","author":"Mar\u00eda \u2665Oui Oui\u2665","date":"29 octubre, 2019","format":false,"excerpt":"Ayer, por fin, hice el cambio de ropa, el temido cambio de ropa...Aunque para m\u00ed, ya es menos temido por dos puntos muy importantes; me ayuda F\u00e1tima de Ordeno tu Armario (ella se dedica a ayudarte con el orden de lo que necesites; cambio de armario, mudanza, reorganizaci\u00f3n de una\u2026","rel":"","context":"En \u00abCASA\u00bb","block_context":{"text":"CASA","link":"https:\/\/oui-oui.es\/blog\/category\/hogar-dulce-hogar\/"},"img":{"alt_text":"","src":"https:\/\/i0.wp.com\/oui-oui.es\/blog\/wp-content\/uploads\/2019\/10\/Oui-Ouilacvadora-electrolux-la-mejor-secadora-secadora-electrolux-lapiz-quita-manchas-zona-lavado-deco-3.jpg?resize=350%2C200&ssl=1","width":350,"height":200,"srcset":"https:\/\/i0.wp.com\/oui-oui.es\/blog\/wp-content\/uploads\/2019\/10\/Oui-Ouilacvadora-electrolux-la-mejor-secadora-secadora-electrolux-lapiz-quita-manchas-zona-lavado-deco-3.jpg?resize=350%2C200&ssl=1 1x, https:\/\/i0.wp.com\/oui-oui.es\/blog\/wp-content\/uploads\/2019\/10\/Oui-Ouilacvadora-electrolux-la-mejor-secadora-secadora-electrolux-lapiz-quita-manchas-zona-lavado-deco-3.jpg?resize=525%2C300&ssl=1 1.5x, https:\/\/i0.wp.com\/oui-oui.es\/blog\/wp-content\/uploads\/2019\/10\/Oui-Ouilacvadora-electrolux-la-mejor-secadora-secadora-electrolux-lapiz-quita-manchas-zona-lavado-deco-3.jpg?resize=700%2C400&ssl=1 2x, https:\/\/i0.wp.com\/oui-oui.es\/blog\/wp-content\/uploads\/2019\/10\/Oui-Ouilacvadora-electrolux-la-mejor-secadora-secadora-electrolux-lapiz-quita-manchas-zona-lavado-deco-3.jpg?resize=1050%2C600&ssl=1 3x, https:\/\/i0.wp.com\/oui-oui.es\/blog\/wp-content\/uploads\/2019\/10\/Oui-Ouilacvadora-electrolux-la-mejor-secadora-secadora-electrolux-lapiz-quita-manchas-zona-lavado-deco-3.jpg?resize=1400%2C800&ssl=1 4x"},"classes":[]},{"id":4926,"url":"https:\/\/oui-oui.es\/blog\/9-tareas-de-la-casa-que-puede-hacer-un-nino-de-3-anos\/","url_meta":{"origin":10391,"position":4},"title":"9 tareas de la casa que puede hacer un ni\u00f1o de 3 a\u00f1os","author":"Mar\u00eda \u2665Oui Oui\u2665","date":"23 noviembre, 2016","format":false,"excerpt":"Igual el t\u00edtulo suena un poco raro, pero me refiero a que es importante que desde peque\u00f1os participen en las tareas de la casa, tanto para que sean conscientes de que hay muchas cosas que hacer (las haga quien las haga habitualmente, una persona que trabaja en casa, los padres\u2026","rel":"","context":"En \u00abNI\u00d1OS Y NI\u00d1AS\u00bb","block_context":{"text":"NI\u00d1OS Y NI\u00d1AS","link":"https:\/\/oui-oui.es\/blog\/category\/ninos\/"},"img":{"alt_text":"","src":"https:\/\/i0.wp.com\/oui-oui.es\/blog\/wp-content\/uploads\/2016\/11\/Oui-Oui-martin-cocinando-mini-thermomix-thermmix-ni%C3%B1os.jpg?resize=350%2C200&ssl=1","width":350,"height":200,"srcset":"https:\/\/i0.wp.com\/oui-oui.es\/blog\/wp-content\/uploads\/2016\/11\/Oui-Oui-martin-cocinando-mini-thermomix-thermmix-ni%C3%B1os.jpg?resize=350%2C200&ssl=1 1x, https:\/\/i0.wp.com\/oui-oui.es\/blog\/wp-content\/uploads\/2016\/11\/Oui-Oui-martin-cocinando-mini-thermomix-thermmix-ni%C3%B1os.jpg?resize=525%2C300&ssl=1 1.5x, https:\/\/i0.wp.com\/oui-oui.es\/blog\/wp-content\/uploads\/2016\/11\/Oui-Oui-martin-cocinando-mini-thermomix-thermmix-ni%C3%B1os.jpg?resize=700%2C400&ssl=1 2x, https:\/\/i0.wp.com\/oui-oui.es\/blog\/wp-content\/uploads\/2016\/11\/Oui-Oui-martin-cocinando-mini-thermomix-thermmix-ni%C3%B1os.jpg?resize=1050%2C600&ssl=1 3x"},"classes":[]},{"id":8868,"url":"https:\/\/oui-oui.es\/blog\/olivia-ann-moda-infantil-espanola-triunfando-en-australia\/","url_meta":{"origin":10391,"position":5},"title":"Olivia Ann | Moda infantil espa\u00f1ola triunfando en Australia","author":"Mar\u00eda \u2665Oui Oui\u2665","date":"2 marzo, 2018","format":false,"excerpt":"Seguro que los que hab\u00e9is vivido fuera de Espa\u00f1a hab\u00e9is notado lo mucho que valoran en el extranjero much\u00edsimas cosas de aqu\u00ed, desde la gastronom\u00eda a la moda, especialmente la moda infantil. Mi cu\u00f1ada es de fuera y siempre que viene se lleva ropa para sus sobrinos, ya sea para\u2026","rel":"","context":"En \u00abEMPRENDEDORAS\u00bb","block_context":{"text":"EMPRENDEDORAS","link":"https:\/\/oui-oui.es\/blog\/category\/mentoring-emprendedores\/"},"img":{"alt_text":"","src":"https:\/\/i0.wp.com\/oui-oui.es\/blog\/wp-content\/uploads\/2018\/03\/Oui-Oui-olivia-ann-spanish-kids-fashion-australia-vender-ropa-infantil-en-australia.jpg?resize=350%2C200&ssl=1","width":350,"height":200,"srcset":"https:\/\/i0.wp.com\/oui-oui.es\/blog\/wp-content\/uploads\/2018\/03\/Oui-Oui-olivia-ann-spanish-kids-fashion-australia-vender-ropa-infantil-en-australia.jpg?resize=350%2C200&ssl=1 1x, https:\/\/i0.wp.com\/oui-oui.es\/blog\/wp-content\/uploads\/2018\/03\/Oui-Oui-olivia-ann-spanish-kids-fashion-australia-vender-ropa-infantil-en-australia.jpg?resize=525%2C300&ssl=1 1.5x"},"classes":[]}],"_links":{"self":[{"href":"https:\/\/oui-oui.es\/blog\/wp-json\/wp\/v2\/posts\/10391","targetHints":{"allow":["GET"]}}],"collection":[{"href":"https:\/\/oui-oui.es\/blog\/wp-json\/wp\/v2\/posts"}],"about":[{"href":"https:\/\/oui-oui.es\/blog\/wp-json\/wp\/v2\/types\/post"}],"author":[{"embeddable":true,"href":"https:\/\/oui-oui.es\/blog\/wp-json\/wp\/v2\/users\/3"}],"replies":[{"embeddable":true,"href":"https:\/\/oui-oui.es\/blog\/wp-json\/wp\/v2\/comments?post=10391"}],"version-history":[{"count":3,"href":"https:\/\/oui-oui.es\/blog\/wp-json\/wp\/v2\/posts\/10391\/revisions"}],"predecessor-version":[{"id":10399,"href":"https:\/\/oui-oui.es\/blog\/wp-json\/wp\/v2\/posts\/10391\/revisions\/10399"}],"wp:featuredmedia":[{"embeddable":true,"href":"https:\/\/oui-oui.es\/blog\/wp-json\/wp\/v2\/media\/10396"}],"wp:attachment":[{"href":"https:\/\/oui-oui.es\/blog\/wp-json\/wp\/v2\/media?parent=10391"}],"wp:term":[{"taxonomy":"category","embeddable":true,"href":"https:\/\/oui-oui.es\/blog\/wp-json\/wp\/v2\/categories?post=10391"},{"taxonomy":"post_tag","embeddable":true,"href":"https:\/\/oui-oui.es\/blog\/wp-json\/wp\/v2\/tags?post=10391"}],"curies":[{"name":"wp","href":"https:\/\/api.w.org\/{rel}","templated":true}]}}