{"id":10418,"date":"2020-03-03T00:01:00","date_gmt":"2020-03-02T22:01:00","guid":{"rendered":"https:\/\/oui-oui.es\/blog\/?p=10418"},"modified":"2020-03-04T17:52:45","modified_gmt":"2020-03-04T15:52:45","slug":"descubrimiento-deco-la-redoute","status":"publish","type":"post","link":"https:\/\/oui-oui.es\/blog\/descubrimiento-deco-la-redoute\/","title":{"rendered":"Descubrimiento deco: La Redoute"},"content":{"rendered":"\n<p>En mi mente, hace a\u00f1os, <strong>La Redoute<\/strong> era un cat\u00e1logo de venta por correo cuando era peque\u00f1a, principalmente de moda. Pero desde un tiempo a esta parte se reconvirti\u00f3 en tienda online, no s\u00f3lo de moda, sino tambi\u00e9n de hogar, complementos y decoraci\u00f3n. Y en lo que se refiere a <strong><a href=\"https:\/\/www.laredoute.es\/pplp\/100\/cat-75363.aspx?omniturecode=BRC00124525ES\" target=\"_blank\" rel=\"noreferrer noopener\" aria-label=\" (opens in a new tab)\">decoraci\u00f3n<\/a> <\/strong>(la parte de moda la trabajo menos, pero tambi\u00e9n tiene marcas muy apetecibles) <strong>ha sido un GRAN DESCUBRIMIENTO.<\/strong><\/p>\n\n\n\n<p>Lo primero <strong>por sus linos<\/strong> (tejido del que soy fan y que tengo en media casa), sus manteles y cojines, en general todos sus textiles, tanto de la l\u00ednea <strong><a rel=\"noreferrer noopener\" aria-label=\" (opens in a new tab)\" href=\"https:\/\/www.laredoute.es\/pplp\/100\/cat-75363.aspx?omniturecode=BRC00124525ES\" target=\"_blank\">La Redoute Interieurs como de AM.PM.<\/a><\/strong><\/p>\n\n\n\n<p>No pude resistirme a este <strong><a href=\"https:\/\/www.laredoute.es\/ppdp\/prod-350046270.aspx?omniturecode=BRC00124525ES\" target=\"_blank\" rel=\"noreferrer noopener\" aria-label=\" (opens in a new tab)\">mantel de lino lavado en color azul celed\u00f3n<\/a><\/strong> (mi nuevo color favorito, sin darme cuenta \u00faltimamente todo lo compro en azul celed\u00f3n (que en realidad es un verde azulado), mostaza y rosa), con las <a rel=\"noreferrer noopener\" aria-label=\"servilletas tambi\u00e9n de lino a juego. (opens in a new tab)\" href=\"https:\/\/www.laredoute.es\/ppdp\/prod-350046342.aspx?omniturecode=BRC00124525ES\" target=\"_blank\"><strong>servilletas tambi\u00e9n de lino a juego<\/strong>.<\/a><\/p>\n\n\n\n<figure class=\"wp-block-image size-large\"><img loading=\"lazy\" decoding=\"async\" width=\"576\" height=\"1024\" src=\"https:\/\/oui-oui.es\/blog\/wp-content\/uploads\/2020\/03\/Oui-Oui-la-redoute-la-redoute-interiors-tiends-deco-asequibles-alfombra-mesa-auxiliar-linos-2-576x1024.jpg\" alt=\"\" class=\"wp-image-10421\" srcset=\"https:\/\/oui-oui.es\/blog\/wp-content\/uploads\/2020\/03\/Oui-Oui-la-redoute-la-redoute-interiors-tiends-deco-asequibles-alfombra-mesa-auxiliar-linos-2-576x1024.jpg 576w, https:\/\/oui-oui.es\/blog\/wp-content\/uploads\/2020\/03\/Oui-Oui-la-redoute-la-redoute-interiors-tiends-deco-asequibles-alfombra-mesa-auxiliar-linos-2-169x300.jpg 169w, https:\/\/oui-oui.es\/blog\/wp-content\/uploads\/2020\/03\/Oui-Oui-la-redoute-la-redoute-interiors-tiends-deco-asequibles-alfombra-mesa-auxiliar-linos-2-768x1365.jpg 768w, https:\/\/oui-oui.es\/blog\/wp-content\/uploads\/2020\/03\/Oui-Oui-la-redoute-la-redoute-interiors-tiends-deco-asequibles-alfombra-mesa-auxiliar-linos-2-600x1067.jpg 600w, https:\/\/oui-oui.es\/blog\/wp-content\/uploads\/2020\/03\/Oui-Oui-la-redoute-la-redoute-interiors-tiends-deco-asequibles-alfombra-mesa-auxiliar-linos-2-864x1536.jpg 864w, https:\/\/oui-oui.es\/blog\/wp-content\/uploads\/2020\/03\/Oui-Oui-la-redoute-la-redoute-interiors-tiends-deco-asequibles-alfombra-mesa-auxiliar-linos-2-1152x2048.jpg 1152w, https:\/\/oui-oui.es\/blog\/wp-content\/uploads\/2020\/03\/Oui-Oui-la-redoute-la-redoute-interiors-tiends-deco-asequibles-alfombra-mesa-auxiliar-linos-2-640x1138.jpg 640w, https:\/\/oui-oui.es\/blog\/wp-content\/uploads\/2020\/03\/Oui-Oui-la-redoute-la-redoute-interiors-tiends-deco-asequibles-alfombra-mesa-auxiliar-linos-2.jpg 1242w\" sizes=\"auto, (max-width: 576px) 100vw, 576px\" \/><\/figure>\n\n\n\n<p>Aunque este mantel ocre (mostaza) tambi\u00e9n me chifla<\/p>\n\n\n\n<figure class=\"wp-block-image size-large\"><img loading=\"lazy\" decoding=\"async\" width=\"680\" height=\"680\" src=\"https:\/\/oui-oui.es\/blog\/wp-content\/uploads\/2020\/03\/Oui-Oui-mantel-lino-mostaza-la-redoute-manteles-lino-baratos-manteles-lino-estilo.jpg\" alt=\"\" class=\"wp-image-10419\" srcset=\"https:\/\/oui-oui.es\/blog\/wp-content\/uploads\/2020\/03\/Oui-Oui-mantel-lino-mostaza-la-redoute-manteles-lino-baratos-manteles-lino-estilo.jpg 680w, https:\/\/oui-oui.es\/blog\/wp-content\/uploads\/2020\/03\/Oui-Oui-mantel-lino-mostaza-la-redoute-manteles-lino-baratos-manteles-lino-estilo-300x300.jpg 300w, https:\/\/oui-oui.es\/blog\/wp-content\/uploads\/2020\/03\/Oui-Oui-mantel-lino-mostaza-la-redoute-manteles-lino-baratos-manteles-lino-estilo-150x150.jpg 150w, https:\/\/oui-oui.es\/blog\/wp-content\/uploads\/2020\/03\/Oui-Oui-mantel-lino-mostaza-la-redoute-manteles-lino-baratos-manteles-lino-estilo-600x600.jpg 600w, https:\/\/oui-oui.es\/blog\/wp-content\/uploads\/2020\/03\/Oui-Oui-mantel-lino-mostaza-la-redoute-manteles-lino-baratos-manteles-lino-estilo-640x640.jpg 640w\" sizes=\"auto, (max-width: 680px) 100vw, 680px\" \/><\/figure>\n\n\n\n<p>Tambi\u00e9n compr\u00e9 hace tiempo un <strong>plaid en rosa palo<\/strong> que ya no tienen igual, pero tienen estos otros <strong><a href=\"https:\/\/www.laredoute.es\/ppdp\/prod-350090961.aspx?omniturecode=BRC00124525ES\" target=\"_blank\" rel=\"noreferrer noopener\" aria-label=\"plaids de lino (opens in a new tab)\">plaids de lino<\/a><\/strong> en distintos tama\u00f1os que apetecen todos (de nuevo el azul celed\u00f3n y el ocre)<\/p>\n\n\n\n<figure class=\"wp-block-image size-large\"><img loading=\"lazy\" decoding=\"async\" width=\"680\" height=\"680\" src=\"https:\/\/oui-oui.es\/blog\/wp-content\/uploads\/2020\/03\/Oui-Oui-plaids-lino-bien-de-precio-la-redoute-la-redoute-interiors-plais-de-lino.jpg\" alt=\"\" class=\"wp-image-10420\" srcset=\"https:\/\/oui-oui.es\/blog\/wp-content\/uploads\/2020\/03\/Oui-Oui-plaids-lino-bien-de-precio-la-redoute-la-redoute-interiors-plais-de-lino.jpg 680w, https:\/\/oui-oui.es\/blog\/wp-content\/uploads\/2020\/03\/Oui-Oui-plaids-lino-bien-de-precio-la-redoute-la-redoute-interiors-plais-de-lino-300x300.jpg 300w, https:\/\/oui-oui.es\/blog\/wp-content\/uploads\/2020\/03\/Oui-Oui-plaids-lino-bien-de-precio-la-redoute-la-redoute-interiors-plais-de-lino-150x150.jpg 150w, https:\/\/oui-oui.es\/blog\/wp-content\/uploads\/2020\/03\/Oui-Oui-plaids-lino-bien-de-precio-la-redoute-la-redoute-interiors-plais-de-lino-600x600.jpg 600w, https:\/\/oui-oui.es\/blog\/wp-content\/uploads\/2020\/03\/Oui-Oui-plaids-lino-bien-de-precio-la-redoute-la-redoute-interiors-plais-de-lino-640x640.jpg 640w\" sizes=\"auto, (max-width: 680px) 100vw, 680px\" \/><\/figure>\n\n\n\n<p>Cuando estaba en plena decoraci\u00f3n de la casa, descubr\u00ed su parte m\u00e1s deco, que tambi\u00e9n tienen muebles, espejos, mesas, alfombras&#8230;Y entonces fue un no parar, primero me hice con <strong>este espejo que parece antiguo<\/strong> <\/p>\n\n\n\n<figure class=\"wp-block-image size-large\"><img loading=\"lazy\" decoding=\"async\" width=\"1024\" height=\"683\" src=\"https:\/\/oui-oui.es\/blog\/wp-content\/uploads\/2020\/03\/Casa-Oui-Oui-Interiorista-Mercedes-Arsuaga-Foto-Lupe-Clemente-6-1024x683.jpg\" alt=\"\" class=\"wp-image-10422\" srcset=\"https:\/\/oui-oui.es\/blog\/wp-content\/uploads\/2020\/03\/Casa-Oui-Oui-Interiorista-Mercedes-Arsuaga-Foto-Lupe-Clemente-6-1024x683.jpg 1024w, https:\/\/oui-oui.es\/blog\/wp-content\/uploads\/2020\/03\/Casa-Oui-Oui-Interiorista-Mercedes-Arsuaga-Foto-Lupe-Clemente-6-300x200.jpg 300w, https:\/\/oui-oui.es\/blog\/wp-content\/uploads\/2020\/03\/Casa-Oui-Oui-Interiorista-Mercedes-Arsuaga-Foto-Lupe-Clemente-6-768x512.jpg 768w, https:\/\/oui-oui.es\/blog\/wp-content\/uploads\/2020\/03\/Casa-Oui-Oui-Interiorista-Mercedes-Arsuaga-Foto-Lupe-Clemente-6-600x400.jpg 600w, https:\/\/oui-oui.es\/blog\/wp-content\/uploads\/2020\/03\/Casa-Oui-Oui-Interiorista-Mercedes-Arsuaga-Foto-Lupe-Clemente-6-1536x1024.jpg 1536w, https:\/\/oui-oui.es\/blog\/wp-content\/uploads\/2020\/03\/Casa-Oui-Oui-Interiorista-Mercedes-Arsuaga-Foto-Lupe-Clemente-6-2048x1365.jpg 2048w, https:\/\/oui-oui.es\/blog\/wp-content\/uploads\/2020\/03\/Casa-Oui-Oui-Interiorista-Mercedes-Arsuaga-Foto-Lupe-Clemente-6-640x427.jpg 640w\" sizes=\"auto, (max-width: 1024px) 100vw, 1024px\" \/><\/figure>\n\n\n\n<p>Y, despu\u00e9s, en nuestra b\u00fasqueda de alfombras (que hemos estado csi un a\u00f1os buscando hasta que hemos encontrado la que nos cuadraba) encontr\u00e9 esta <strong><a href=\"https:\/\/www.laredoute.es\/ppdp\/prod-350040206.aspx?omniturecode=BRC00124525ES\" target=\"_blank\" rel=\"noreferrer noopener\" aria-label=\"alfombra tipo kilim mostaza (opens in a new tab)\">alfombra tipo kilim mostaza<\/a><\/strong>, s\u00faper amorosa y gustosa como para querer tumbarte en el suelo (ahora mis hijxs se pasan el d\u00eda haciendo volteretas en ella)<\/p>\n\n\n\n<figure class=\"wp-block-image size-large\"><img loading=\"lazy\" decoding=\"async\" width=\"1024\" height=\"768\" src=\"https:\/\/oui-oui.es\/blog\/wp-content\/uploads\/2020\/03\/Oui-Oui-la-redoute-la-redoute-interiors-tiends-deco-asequibles-alfombra-mesa-auxiliar-linos-4-1024x768.jpg\" alt=\"\" class=\"wp-image-10423\" srcset=\"https:\/\/oui-oui.es\/blog\/wp-content\/uploads\/2020\/03\/Oui-Oui-la-redoute-la-redoute-interiors-tiends-deco-asequibles-alfombra-mesa-auxiliar-linos-4-1024x768.jpg 1024w, https:\/\/oui-oui.es\/blog\/wp-content\/uploads\/2020\/03\/Oui-Oui-la-redoute-la-redoute-interiors-tiends-deco-asequibles-alfombra-mesa-auxiliar-linos-4-300x225.jpg 300w, https:\/\/oui-oui.es\/blog\/wp-content\/uploads\/2020\/03\/Oui-Oui-la-redoute-la-redoute-interiors-tiends-deco-asequibles-alfombra-mesa-auxiliar-linos-4-768x576.jpg 768w, https:\/\/oui-oui.es\/blog\/wp-content\/uploads\/2020\/03\/Oui-Oui-la-redoute-la-redoute-interiors-tiends-deco-asequibles-alfombra-mesa-auxiliar-linos-4-600x450.jpg 600w, https:\/\/oui-oui.es\/blog\/wp-content\/uploads\/2020\/03\/Oui-Oui-la-redoute-la-redoute-interiors-tiends-deco-asequibles-alfombra-mesa-auxiliar-linos-4-1536x1152.jpg 1536w, https:\/\/oui-oui.es\/blog\/wp-content\/uploads\/2020\/03\/Oui-Oui-la-redoute-la-redoute-interiors-tiends-deco-asequibles-alfombra-mesa-auxiliar-linos-4-2048x1536.jpg 2048w, https:\/\/oui-oui.es\/blog\/wp-content\/uploads\/2020\/03\/Oui-Oui-la-redoute-la-redoute-interiors-tiends-deco-asequibles-alfombra-mesa-auxiliar-linos-4-640x480.jpg 640w\" sizes=\"auto, (max-width: 1024px) 100vw, 1024px\" \/><\/figure>\n\n\n\n<figure class=\"wp-block-image size-large\"><img loading=\"lazy\" decoding=\"async\" width=\"1024\" height=\"768\" src=\"https:\/\/oui-oui.es\/blog\/wp-content\/uploads\/2020\/03\/Oui-Oui-la-redoute-la-redoute-interiors-tiends-deco-asequibles-alfombra-mesa-auxiliar-linos-1-1024x768.jpg\" alt=\"\" class=\"wp-image-10424\" srcset=\"https:\/\/oui-oui.es\/blog\/wp-content\/uploads\/2020\/03\/Oui-Oui-la-redoute-la-redoute-interiors-tiends-deco-asequibles-alfombra-mesa-auxiliar-linos-1-1024x768.jpg 1024w, https:\/\/oui-oui.es\/blog\/wp-content\/uploads\/2020\/03\/Oui-Oui-la-redoute-la-redoute-interiors-tiends-deco-asequibles-alfombra-mesa-auxiliar-linos-1-300x225.jpg 300w, https:\/\/oui-oui.es\/blog\/wp-content\/uploads\/2020\/03\/Oui-Oui-la-redoute-la-redoute-interiors-tiends-deco-asequibles-alfombra-mesa-auxiliar-linos-1-768x576.jpg 768w, https:\/\/oui-oui.es\/blog\/wp-content\/uploads\/2020\/03\/Oui-Oui-la-redoute-la-redoute-interiors-tiends-deco-asequibles-alfombra-mesa-auxiliar-linos-1-600x450.jpg 600w, https:\/\/oui-oui.es\/blog\/wp-content\/uploads\/2020\/03\/Oui-Oui-la-redoute-la-redoute-interiors-tiends-deco-asequibles-alfombra-mesa-auxiliar-linos-1-1536x1152.jpg 1536w, https:\/\/oui-oui.es\/blog\/wp-content\/uploads\/2020\/03\/Oui-Oui-la-redoute-la-redoute-interiors-tiends-deco-asequibles-alfombra-mesa-auxiliar-linos-1-2048x1536.jpg 2048w, https:\/\/oui-oui.es\/blog\/wp-content\/uploads\/2020\/03\/Oui-Oui-la-redoute-la-redoute-interiors-tiends-deco-asequibles-alfombra-mesa-auxiliar-linos-1-640x480.jpg 640w\" sizes=\"auto, (max-width: 1024px) 100vw, 1024px\" \/><\/figure>\n\n\n\n<p>Siguiendo con mi obsesi\u00f3n por el azul celed\u00f3n, como necesit\u00e1bamos una mesita auxiliar para poner entre estas dos butacas (y poder apoyar c\u00f3modamente una bebida, el m\u00f3vil, un libro o el mando) eleg\u00ed esta <strong><a href=\"https:\/\/www.laredoute.es\/ppdp\/prod-350157748.aspx?omniturecode=BRC00124525ES\">mesita de vidrio templado estilo a\u00f1os 70<\/a><\/strong> en color azul (que, por cierto tambi\u00e9n hay en negro). Aunque en este otro rinc\u00f3n tambi\u00e9n me gusta mucho c\u00f3mo queda,\u00bfno?.<\/p>\n\n\n\n<figure class=\"wp-block-image size-large\"><img loading=\"lazy\" decoding=\"async\" width=\"768\" height=\"1024\" src=\"https:\/\/oui-oui.es\/blog\/wp-content\/uploads\/2020\/03\/Oui-Oui-la-redoute-la-redoute-interiors-tiends-deco-asequibles-alfombra-mesa-auxiliar-linos-3-768x1024.jpg\" alt=\"\" class=\"wp-image-10425\" srcset=\"https:\/\/oui-oui.es\/blog\/wp-content\/uploads\/2020\/03\/Oui-Oui-la-redoute-la-redoute-interiors-tiends-deco-asequibles-alfombra-mesa-auxiliar-linos-3-768x1024.jpg 768w, https:\/\/oui-oui.es\/blog\/wp-content\/uploads\/2020\/03\/Oui-Oui-la-redoute-la-redoute-interiors-tiends-deco-asequibles-alfombra-mesa-auxiliar-linos-3-225x300.jpg 225w, https:\/\/oui-oui.es\/blog\/wp-content\/uploads\/2020\/03\/Oui-Oui-la-redoute-la-redoute-interiors-tiends-deco-asequibles-alfombra-mesa-auxiliar-linos-3-600x800.jpg 600w, https:\/\/oui-oui.es\/blog\/wp-content\/uploads\/2020\/03\/Oui-Oui-la-redoute-la-redoute-interiors-tiends-deco-asequibles-alfombra-mesa-auxiliar-linos-3-1152x1536.jpg 1152w, https:\/\/oui-oui.es\/blog\/wp-content\/uploads\/2020\/03\/Oui-Oui-la-redoute-la-redoute-interiors-tiends-deco-asequibles-alfombra-mesa-auxiliar-linos-3-1536x2048.jpg 1536w, https:\/\/oui-oui.es\/blog\/wp-content\/uploads\/2020\/03\/Oui-Oui-la-redoute-la-redoute-interiors-tiends-deco-asequibles-alfombra-mesa-auxiliar-linos-3-640x853.jpg 640w, https:\/\/oui-oui.es\/blog\/wp-content\/uploads\/2020\/03\/Oui-Oui-la-redoute-la-redoute-interiors-tiends-deco-asequibles-alfombra-mesa-auxiliar-linos-3-scaled.jpg 1920w\" sizes=\"auto, (max-width: 768px) 100vw, 768px\" \/><\/figure>\n\n\n\n<p>Me quedan pocos huecos de la casa <em>por rellenar<\/em>, pero sino, me har\u00eda con m\u00e1s <strong><a rel=\"noreferrer noopener\" aria-label=\" (opens in a new tab)\" href=\"https:\/\/www.laredoute.es\/pplp\/100\/cat-75363.aspx?omniturecode=BRC00124525ES\" target=\"_blank\">objetos deco de la Redoute<\/a><\/strong> como estas estanter\u00edas o todo lo que tienen de rat\u00e1n.<\/p>\n\n\n\n<div class=\"wp-block-jetpack-tiled-gallery aligncenter is-style-rectangular\"><div class=\"tiled-gallery__gallery\"><div class=\"tiled-gallery__row\"><div class=\"tiled-gallery__col\"><figure class=\"tiled-gallery__item\"><img decoding=\"async\" srcset=\"https:\/\/i0.wp.com\/oui-oui.es\/blog\/wp-content\/uploads\/2020\/03\/Oui-Oui-butaca-de-rat\u00e1n-butaca-de-ca\u00f1a-sillas-tiretta-living-la-redoute.jpg?strip=info&#038;w=600 600w,https:\/\/i0.wp.com\/oui-oui.es\/blog\/wp-content\/uploads\/2020\/03\/Oui-Oui-butaca-de-rat\u00e1n-butaca-de-ca\u00f1a-sillas-tiretta-living-la-redoute.jpg?strip=info&#038;w=680 680w\" alt=\"\" data-height=\"680\" data-id=\"10428\" data-link=\"https:\/\/oui-oui.es\/blog\/?attachment_id=10428\" data-url=\"https:\/\/oui-oui.es\/blog\/wp-content\/uploads\/2020\/03\/Oui-Oui-butaca-de-rat\u00e1n-butaca-de-ca\u00f1a-sillas-tiretta-living-la-redoute.jpg\" data-width=\"680\" src=\"https:\/\/i0.wp.com\/oui-oui.es\/blog\/wp-content\/uploads\/2020\/03\/Oui-Oui-butaca-de-rat\u00e1n-butaca-de-ca\u00f1a-sillas-tiretta-living-la-redoute.jpg\"\/><\/figure><\/div><div class=\"tiled-gallery__col\"><figure class=\"tiled-gallery__item\"><img decoding=\"async\" srcset=\"https:\/\/i1.wp.com\/oui-oui.es\/blog\/wp-content\/uploads\/2020\/03\/Oui-Oui-cabecero-de-ca\u00f1a-cabeceros-tiretta-living-cabeceros-de-mimbre-cabaceros-ca\u00f1a-la-redoute.jpg?strip=info&#038;w=600 600w,https:\/\/i1.wp.com\/oui-oui.es\/blog\/wp-content\/uploads\/2020\/03\/Oui-Oui-cabecero-de-ca\u00f1a-cabeceros-tiretta-living-cabeceros-de-mimbre-cabaceros-ca\u00f1a-la-redoute.jpg?strip=info&#038;w=680 680w\" alt=\"\" data-height=\"680\" data-id=\"10429\" data-link=\"https:\/\/oui-oui.es\/blog\/?attachment_id=10429\" data-url=\"https:\/\/oui-oui.es\/blog\/wp-content\/uploads\/2020\/03\/Oui-Oui-cabecero-de-ca\u00f1a-cabeceros-tiretta-living-cabeceros-de-mimbre-cabaceros-ca\u00f1a-la-redoute.jpg\" data-width=\"680\" src=\"https:\/\/i1.wp.com\/oui-oui.es\/blog\/wp-content\/uploads\/2020\/03\/Oui-Oui-cabecero-de-ca\u00f1a-cabeceros-tiretta-living-cabeceros-de-mimbre-cabaceros-ca\u00f1a-la-redoute.jpg\"\/><\/figure><figure class=\"tiled-gallery__item\"><img decoding=\"async\" srcset=\"https:\/\/i1.wp.com\/oui-oui.es\/blog\/wp-content\/uploads\/2020\/03\/Oui-Oui-espejos-de-ca\u00f1a-espejo-forma-cereza-espejos-tiretta-living-la-redoute-1.jpg?strip=info&#038;w=600 600w,https:\/\/i1.wp.com\/oui-oui.es\/blog\/wp-content\/uploads\/2020\/03\/Oui-Oui-espejos-de-ca\u00f1a-espejo-forma-cereza-espejos-tiretta-living-la-redoute-1.jpg?strip=info&#038;w=680 680w\" alt=\"\" data-height=\"680\" data-id=\"10438\" data-link=\"https:\/\/oui-oui.es\/blog\/?attachment_id=10438\" data-url=\"https:\/\/oui-oui.es\/blog\/wp-content\/uploads\/2020\/03\/Oui-Oui-espejos-de-ca\u00f1a-espejo-forma-cereza-espejos-tiretta-living-la-redoute-1.jpg\" data-width=\"680\" src=\"https:\/\/i1.wp.com\/oui-oui.es\/blog\/wp-content\/uploads\/2020\/03\/Oui-Oui-espejos-de-ca\u00f1a-espejo-forma-cereza-espejos-tiretta-living-la-redoute-1.jpg\"\/><\/figure><\/div><\/div><div class=\"tiled-gallery__row\"><div class=\"tiled-gallery__col\"><figure class=\"tiled-gallery__item\"><img decoding=\"async\" srcset=\"https:\/\/i2.wp.com\/oui-oui.es\/blog\/wp-content\/uploads\/2020\/03\/Oui-Oui-estante-de-ca\u00f1a-estanteria-de-ca\u00f1a-estanterias-tiretta-living-la-redoute-1.jpg?strip=info&#038;w=600 600w,https:\/\/i2.wp.com\/oui-oui.es\/blog\/wp-content\/uploads\/2020\/03\/Oui-Oui-estante-de-ca\u00f1a-estanteria-de-ca\u00f1a-estanterias-tiretta-living-la-redoute-1.jpg?strip=info&#038;w=680 680w\" alt=\"\" data-height=\"680\" data-id=\"10439\" data-link=\"https:\/\/oui-oui.es\/blog\/?attachment_id=10439\" data-url=\"https:\/\/oui-oui.es\/blog\/wp-content\/uploads\/2020\/03\/Oui-Oui-estante-de-ca\u00f1a-estanteria-de-ca\u00f1a-estanterias-tiretta-living-la-redoute-1.jpg\" data-width=\"680\" src=\"https:\/\/i2.wp.com\/oui-oui.es\/blog\/wp-content\/uploads\/2020\/03\/Oui-Oui-estante-de-ca\u00f1a-estanteria-de-ca\u00f1a-estanterias-tiretta-living-la-redoute-1.jpg\"\/><\/figure><\/div><div class=\"tiled-gallery__col\"><figure class=\"tiled-gallery__item\"><img decoding=\"async\" srcset=\"https:\/\/i2.wp.com\/oui-oui.es\/blog\/wp-content\/uploads\/2020\/03\/Oui-Oui-estanteria-ca\u00f1a-buen-precio-la-redoute-tiretta-living-1.jpg?strip=info&#038;w=600 600w,https:\/\/i2.wp.com\/oui-oui.es\/blog\/wp-content\/uploads\/2020\/03\/Oui-Oui-estanteria-ca\u00f1a-buen-precio-la-redoute-tiretta-living-1.jpg?strip=info&#038;w=680 680w\" alt=\"\" data-height=\"680\" data-id=\"10440\" data-link=\"https:\/\/oui-oui.es\/blog\/?attachment_id=10440\" data-url=\"https:\/\/oui-oui.es\/blog\/wp-content\/uploads\/2020\/03\/Oui-Oui-estanteria-ca\u00f1a-buen-precio-la-redoute-tiretta-living-1.jpg\" data-width=\"680\" src=\"https:\/\/i2.wp.com\/oui-oui.es\/blog\/wp-content\/uploads\/2020\/03\/Oui-Oui-estanteria-ca\u00f1a-buen-precio-la-redoute-tiretta-living-1.jpg\"\/><\/figure><\/div><div class=\"tiled-gallery__col\"><figure class=\"tiled-gallery__item\"><img decoding=\"async\" srcset=\"https:\/\/i1.wp.com\/oui-oui.es\/blog\/wp-content\/uploads\/2020\/03\/Oui-Oui-perchero-de-ca\u00f1a-la-redoute-tiretta-living-1.jpg?strip=info&#038;w=600 600w,https:\/\/i1.wp.com\/oui-oui.es\/blog\/wp-content\/uploads\/2020\/03\/Oui-Oui-perchero-de-ca\u00f1a-la-redoute-tiretta-living-1.jpg?strip=info&#038;w=680 680w\" alt=\"\" data-height=\"680\" data-id=\"10441\" data-link=\"https:\/\/oui-oui.es\/blog\/?attachment_id=10441\" data-url=\"https:\/\/oui-oui.es\/blog\/wp-content\/uploads\/2020\/03\/Oui-Oui-perchero-de-ca\u00f1a-la-redoute-tiretta-living-1.jpg\" data-width=\"680\" src=\"https:\/\/i1.wp.com\/oui-oui.es\/blog\/wp-content\/uploads\/2020\/03\/Oui-Oui-perchero-de-ca\u00f1a-la-redoute-tiretta-living-1.jpg\"\/><\/figure><\/div><\/div><\/div><\/div>\n\n\n\n<p>Tambi\u00e9n esta l\u00e1mpara (tienen varias del mismo estilo) o este revistero de cuero. Tienen infinitas versiones de un mismo objeto, a precios muy razonables.<\/p>\n\n\n\n<div class=\"wp-block-jetpack-tiled-gallery aligncenter is-style-rectangular\"><div class=\"tiled-gallery__gallery\"><div class=\"tiled-gallery__row\"><div class=\"tiled-gallery__col\"><figure class=\"tiled-gallery__item\"><img decoding=\"async\" srcset=\"https:\/\/i0.wp.com\/oui-oui.es\/blog\/wp-content\/uploads\/2020\/03\/Oui-Oui-lampara-rejilla.-verde-y-negra-la-redoute.jpg?strip=info&#038;w=600 600w,https:\/\/i0.wp.com\/oui-oui.es\/blog\/wp-content\/uploads\/2020\/03\/Oui-Oui-lampara-rejilla.-verde-y-negra-la-redoute.jpg?strip=info&#038;w=680 680w\" alt=\"\" data-height=\"680\" data-id=\"10435\" data-link=\"https:\/\/oui-oui.es\/blog\/?attachment_id=10435\" data-url=\"https:\/\/oui-oui.es\/blog\/wp-content\/uploads\/2020\/03\/Oui-Oui-lampara-rejilla.-verde-y-negra-la-redoute.jpg\" data-width=\"680\" src=\"https:\/\/i0.wp.com\/oui-oui.es\/blog\/wp-content\/uploads\/2020\/03\/Oui-Oui-lampara-rejilla.-verde-y-negra-la-redoute.jpg\"\/><\/figure><\/div><div class=\"tiled-gallery__col\"><figure class=\"tiled-gallery__item\"><img decoding=\"async\" srcset=\"https:\/\/i0.wp.com\/oui-oui.es\/blog\/wp-content\/uploads\/2020\/03\/Oui-Oui-revistero-cuero-asas-metal-la-redoute.jpg?strip=info&#038;w=600 600w,https:\/\/i0.wp.com\/oui-oui.es\/blog\/wp-content\/uploads\/2020\/03\/Oui-Oui-revistero-cuero-asas-metal-la-redoute.jpg?strip=info&#038;w=680 680w\" alt=\"\" data-height=\"680\" data-id=\"10437\" data-link=\"https:\/\/oui-oui.es\/blog\/?attachment_id=10437\" data-url=\"https:\/\/oui-oui.es\/blog\/wp-content\/uploads\/2020\/03\/Oui-Oui-revistero-cuero-asas-metal-la-redoute.jpg\" data-width=\"680\" src=\"https:\/\/i0.wp.com\/oui-oui.es\/blog\/wp-content\/uploads\/2020\/03\/Oui-Oui-revistero-cuero-asas-metal-la-redoute.jpg\"\/><\/figure><\/div><\/div><\/div><\/div>\n\n\n\n<p>Tengo que medir, pero creo que me voy a hacer tambi\u00e9n con estas <strong>estanter\u00edas de rejilla<\/strong>.<\/p>\n\n\n\n<figure class=\"wp-block-image size-large\"><img loading=\"lazy\" decoding=\"async\" width=\"680\" height=\"680\" src=\"https:\/\/oui-oui.es\/blog\/wp-content\/uploads\/2020\/03\/Oui-Oui-estantes-de-rejilla-estanterias-rejilla-la-redoute.jpg\" alt=\"\" class=\"wp-image-10434\" srcset=\"https:\/\/oui-oui.es\/blog\/wp-content\/uploads\/2020\/03\/Oui-Oui-estantes-de-rejilla-estanterias-rejilla-la-redoute.jpg 680w, https:\/\/oui-oui.es\/blog\/wp-content\/uploads\/2020\/03\/Oui-Oui-estantes-de-rejilla-estanterias-rejilla-la-redoute-300x300.jpg 300w, https:\/\/oui-oui.es\/blog\/wp-content\/uploads\/2020\/03\/Oui-Oui-estantes-de-rejilla-estanterias-rejilla-la-redoute-150x150.jpg 150w, https:\/\/oui-oui.es\/blog\/wp-content\/uploads\/2020\/03\/Oui-Oui-estantes-de-rejilla-estanterias-rejilla-la-redoute-600x600.jpg 600w, https:\/\/oui-oui.es\/blog\/wp-content\/uploads\/2020\/03\/Oui-Oui-estantes-de-rejilla-estanterias-rejilla-la-redoute-640x640.jpg 640w\" sizes=\"auto, (max-width: 680px) 100vw, 680px\" \/><\/figure>\n\n\n\n<p>Tambi\u00e9n las <strong><a href=\"https:\/\/www.laredoute.es\/ppdp\/prod-324479306.aspx?omniturecode=BRC00124525ES\" target=\"_blank\" rel=\"noreferrer noopener\" aria-label=\" (opens in a new tab)\">bandejas organizadoras<\/a> <\/strong>y los <strong><a href=\"https:\/\/www.laredoute.es\/ppdp\/prod-324479300.aspx?omniturecode=BRC00124525ES\" target=\"_blank\" rel=\"noreferrer noopener\" aria-label=\" (opens in a new tab)\">archivadores de colores apagados<\/a><\/strong>, ideales.<\/p>\n\n\n\n<div class=\"wp-block-jetpack-tiled-gallery aligncenter is-style-rectangular\"><div class=\"tiled-gallery__gallery\"><div class=\"tiled-gallery__row\"><div class=\"tiled-gallery__col\"><figure class=\"tiled-gallery__item\"><img decoding=\"async\" srcset=\"https:\/\/i0.wp.com\/oui-oui.es\/blog\/wp-content\/uploads\/2020\/03\/Oui-Oui-archivadores-colores-pastel-envejecidos-la-redoute.jpg?strip=info&#038;w=600 600w,https:\/\/i0.wp.com\/oui-oui.es\/blog\/wp-content\/uploads\/2020\/03\/Oui-Oui-archivadores-colores-pastel-envejecidos-la-redoute.jpg?strip=info&#038;w=680 680w\" alt=\"\" data-height=\"680\" data-id=\"10426\" data-link=\"https:\/\/oui-oui.es\/blog\/?attachment_id=10426\" data-url=\"https:\/\/oui-oui.es\/blog\/wp-content\/uploads\/2020\/03\/Oui-Oui-archivadores-colores-pastel-envejecidos-la-redoute.jpg\" data-width=\"680\" src=\"https:\/\/i0.wp.com\/oui-oui.es\/blog\/wp-content\/uploads\/2020\/03\/Oui-Oui-archivadores-colores-pastel-envejecidos-la-redoute.jpg\"\/><\/figure><\/div><div class=\"tiled-gallery__col\"><figure class=\"tiled-gallery__item\"><img decoding=\"async\" srcset=\"https:\/\/i2.wp.com\/oui-oui.es\/blog\/wp-content\/uploads\/2020\/03\/Oui-Oui-bandejas-organizar-despacho-de-colores-la-redoute.jpg?strip=info&#038;w=600 600w,https:\/\/i2.wp.com\/oui-oui.es\/blog\/wp-content\/uploads\/2020\/03\/Oui-Oui-bandejas-organizar-despacho-de-colores-la-redoute.jpg?strip=info&#038;w=680 680w\" alt=\"\" data-height=\"680\" data-id=\"10427\" data-link=\"https:\/\/oui-oui.es\/blog\/?attachment_id=10427\" data-url=\"https:\/\/oui-oui.es\/blog\/wp-content\/uploads\/2020\/03\/Oui-Oui-bandejas-organizar-despacho-de-colores-la-redoute.jpg\" data-width=\"680\" src=\"https:\/\/i2.wp.com\/oui-oui.es\/blog\/wp-content\/uploads\/2020\/03\/Oui-Oui-bandejas-organizar-despacho-de-colores-la-redoute.jpg\"\/><\/figure><\/div><\/div><\/div><\/div>\n\n\n\n<p>Bueno y ya paro, que sino me veo volvi\u00e9ndome loca comprando..je,je<\/p>\n\n\n\n<p>Lo quer\u00eda compartir porque la Redoute <strong>es una tienda en la que puedes encontrar piezas fuera de lo habitual en otras tiendas de decoraci\u00f3n pero a precios igual de razonables<\/strong>, \u00bfhab\u00edais entrado ya a ver sus textiles, muebles y complementos deco? si no es as\u00ed, \u00a1espero que os haya gustado!<\/p>\n","protected":false},"excerpt":{"rendered":"<p>En mi mente, hace a\u00f1os, La Redoute era un cat\u00e1logo de venta por correo cuando era peque\u00f1a, principalmente de moda. Pero desde un tiempo a esta parte se reconvirti\u00f3 en tienda online, no s\u00f3lo de moda, sino tambi\u00e9n de hogar, complementos y decoraci\u00f3n. Y en lo que se refiere a decoraci\u00f3n (la parte de moda [&hellip;]<\/p>\n","protected":false},"author":1,"featured_media":10419,"comment_status":"open","ping_status":"open","sticky":false,"template":"","format":"standard","meta":{"jetpack_post_was_ever_published":false,"_jetpack_newsletter_access":"","_jetpack_dont_email_post_to_subs":false,"_jetpack_newsletter_tier_id":0,"_jetpack_memberships_contains_paywalled_content":false,"_jetpack_memberships_contains_paid_content":false,"footnotes":"","jetpack_publicize_message":"","jetpack_publicize_feature_enabled":true,"jetpack_social_post_already_shared":true,"jetpack_social_options":{"image_generator_settings":{"template":"highway","default_image_id":0,"font":"","enabled":false},"version":2}},"categories":[173],"tags":[881,744,887,888],"class_list":["post-10418","post","type-post","status-publish","format-standard","has-post-thumbnail","hentry","category-decoracion-de-casa","tag-alfombras","tag-decoracion","tag-la-redoute","tag-textiles-hogar"],"aioseo_notices":[],"jetpack_publicize_connections":[],"jetpack_featured_media_url":"https:\/\/oui-oui.es\/blog\/wp-content\/uploads\/2020\/03\/Oui-Oui-mantel-lino-mostaza-la-redoute-manteles-lino-baratos-manteles-lino-estilo.jpg","jetpack_sharing_enabled":true,"jetpack-related-posts":[{"id":9865,"url":"https:\/\/oui-oui.es\/blog\/el-papel-de-pared-en-blanco-y-negro-que-esta-arrasando\/","url_meta":{"origin":10418,"position":0},"title":"El papel de pared en blanco y negro que est\u00e1 arrasando","author":"Mar\u00eda \u2665Oui Oui\u2665","date":"31 mayo, 2019","format":false,"excerpt":"Au Fil des Couleurs Tengo pendiente un post sobre papeles pintados, me chiflan y durante la obra busqu\u00e9 mucho y descubr\u00ed muchas marcas que no conoc\u00eda, aunque reconozco que postergo el post porque me temo que ser\u00e1 amplio y no veo el momento de reflejar tantas referencias, aunque llegar\u00e1. Mientras,\u2026","rel":"","context":"En \u00abESTILO DE VIDA\u00bb","block_context":{"text":"ESTILO DE VIDA","link":"https:\/\/oui-oui.es\/blog\/category\/lifestyle-2\/"},"img":{"alt_text":"","src":"https:\/\/i0.wp.com\/oui-oui.es\/blog\/wp-content\/uploads\/2019\/05\/Oui-Oui-tendencia-selva-palmeras-blanco-y-negro-panneau-oasis-au-fil-des-couleurs-papel-pintado-cabecero.jpg?resize=350%2C200&ssl=1","width":350,"height":200,"srcset":"https:\/\/i0.wp.com\/oui-oui.es\/blog\/wp-content\/uploads\/2019\/05\/Oui-Oui-tendencia-selva-palmeras-blanco-y-negro-panneau-oasis-au-fil-des-couleurs-papel-pintado-cabecero.jpg?resize=350%2C200&ssl=1 1x, https:\/\/i0.wp.com\/oui-oui.es\/blog\/wp-content\/uploads\/2019\/05\/Oui-Oui-tendencia-selva-palmeras-blanco-y-negro-panneau-oasis-au-fil-des-couleurs-papel-pintado-cabecero.jpg?resize=525%2C300&ssl=1 1.5x, https:\/\/i0.wp.com\/oui-oui.es\/blog\/wp-content\/uploads\/2019\/05\/Oui-Oui-tendencia-selva-palmeras-blanco-y-negro-panneau-oasis-au-fil-des-couleurs-papel-pintado-cabecero.jpg?resize=700%2C400&ssl=1 2x"},"classes":[]},{"id":10192,"url":"https:\/\/oui-oui.es\/blog\/llega-el-frio-y-con-el-las-alfombras\/","url_meta":{"origin":10418,"position":1},"title":"Llega el fr\u00edo y con \u00e9l \u00a1las alfombras!","author":"Mar\u00eda \u2665Oui Oui\u2665","date":"14 octubre, 2019","format":false,"excerpt":"Se me acumulan los post deco \u00a1lo s\u00e9! pero una de las cosas que m\u00e1s me gustan del blog es escribir por impulso. Cuando estoy buscando algo, encuentro varias que me gustan y pienso \u00a1tengo que compartirlas!. Me pas\u00f3 la semana pasada con cojines pero el trabajo hizo que me\u2026","rel":"","context":"En \u00abDECORACI\u00d3N\u00bb","block_context":{"text":"DECORACI\u00d3N","link":"https:\/\/oui-oui.es\/blog\/category\/decoracion-de-casa\/"},"img":{"alt_text":"","src":"https:\/\/i0.wp.com\/oui-oui.es\/blog\/wp-content\/uploads\/2019\/10\/Oui-Oui-alfombra-bereber-amarillo-y-negro-rue-vintage-alfombras-con-estilo.jpg?resize=350%2C200&ssl=1","width":350,"height":200,"srcset":"https:\/\/i0.wp.com\/oui-oui.es\/blog\/wp-content\/uploads\/2019\/10\/Oui-Oui-alfombra-bereber-amarillo-y-negro-rue-vintage-alfombras-con-estilo.jpg?resize=350%2C200&ssl=1 1x, https:\/\/i0.wp.com\/oui-oui.es\/blog\/wp-content\/uploads\/2019\/10\/Oui-Oui-alfombra-bereber-amarillo-y-negro-rue-vintage-alfombras-con-estilo.jpg?resize=525%2C300&ssl=1 1.5x"},"classes":[]},{"id":10297,"url":"https:\/\/oui-oui.es\/blog\/no-te-pierdas-living-up\/","url_meta":{"origin":10418,"position":2},"title":"No te pierdas Living Up!","author":"Mar\u00eda \u2665Oui Oui\u2665","date":"14 noviembre, 2019","format":false,"excerpt":"Despu\u00e9s de muchos a\u00f1os acudiendo a pop ups y ya varios organiz\u00e1ndolas (el otro d\u00eda las cont\u00e9 y van dos de bodas y ocho \u00a1si 8! de ni\u00f1os; es decir Kids Up!. Elena Bau (mi partner in crime en este proyecto) y yo nos hemos lanzado a organizar una pop\u2026","rel":"","context":"En \u00abCASA\u00bb","block_context":{"text":"CASA","link":"https:\/\/oui-oui.es\/blog\/category\/hogar-dulce-hogar\/"},"img":{"alt_text":"","src":"https:\/\/i0.wp.com\/oui-oui.es\/blog\/wp-content\/uploads\/2019\/11\/Oui-Oui-living-up-textiles-lino-voila-deco-shop-manteles-lino-colchas-lino.jpg?resize=350%2C200&ssl=1","width":350,"height":200,"srcset":"https:\/\/i0.wp.com\/oui-oui.es\/blog\/wp-content\/uploads\/2019\/11\/Oui-Oui-living-up-textiles-lino-voila-deco-shop-manteles-lino-colchas-lino.jpg?resize=350%2C200&ssl=1 1x, https:\/\/i0.wp.com\/oui-oui.es\/blog\/wp-content\/uploads\/2019\/11\/Oui-Oui-living-up-textiles-lino-voila-deco-shop-manteles-lino-colchas-lino.jpg?resize=525%2C300&ssl=1 1.5x"},"classes":[]},{"id":2281,"url":"https:\/\/oui-oui.es\/blog\/pon-un-cactus-en-el-salon\/","url_meta":{"origin":10418,"position":3},"title":"Pon un cactus en el sal\u00f3n","author":"Mar\u00eda \u2665Oui Oui\u2665","date":"7 mayo, 2015","format":false,"excerpt":"Mi \u00faltima obsesi\u00f3n; los cactus, me traje de Singapur un bote de\u00a0l\u00e1pices con forma de cactus, en H&M me compr\u00e9 una vela y un platito cactus...(Bueno, y unas semanas despu\u00e9s, tambi\u00e9n unas alpargatas con cactus estampados) Entre medias, encontr\u00e9 un estuche cactus perfecto para llevar en el bolso. Y de\u2026","rel":"","context":"En \u00abDECORACI\u00d3N\u00bb","block_context":{"text":"DECORACI\u00d3N","link":"https:\/\/oui-oui.es\/blog\/category\/decoracion-de-casa\/"},"img":{"alt_text":"","src":"https:\/\/i0.wp.com\/oui-oui.es\/blog\/wp-content\/uploads\/2015\/05\/oui-oui-tendencia-cactus-vela-cactus-alpargatas-estampado-cactus-platito-cactus.jpg?resize=350%2C200&ssl=1","width":350,"height":200},"classes":[]},{"id":8647,"url":"https:\/\/oui-oui.es\/blog\/kids-up-venta-efimera-para-ninos-con-estilo\/","url_meta":{"origin":10418,"position":4},"title":"Kids UP | Venta ef\u00edmera para ni\u00f1os con estilo","author":"Mar\u00eda \u2665Oui Oui\u2665","date":"18 octubre, 2017","format":false,"excerpt":"Llevo 4 a\u00f1os participando en pop ups, ventas especiales, mercadillos varios, etc... Y, desde hace un tiempo ven\u00eda notando que faltaba algo, especialmente en lo que a ni\u00f1os se refiere, no s\u00f3lo en decoraci\u00f3n y regalos para ni\u00f1os (la secci\u00f3n de Oui Oui), sino en la selecci\u00f3n de marcas, en\u2026","rel":"","context":"En \u00abNI\u00d1OS Y NI\u00d1AS\u00bb","block_context":{"text":"NI\u00d1OS Y NI\u00d1AS","link":"https:\/\/oui-oui.es\/blog\/category\/ninos\/"},"img":{"alt_text":"","src":"https:\/\/i0.wp.com\/oui-oui.es\/blog\/wp-content\/uploads\/2017\/10\/kidsup-instagram-1.1-oui-oui-2.jpg?resize=350%2C200&ssl=1","width":350,"height":200,"srcset":"https:\/\/i0.wp.com\/oui-oui.es\/blog\/wp-content\/uploads\/2017\/10\/kidsup-instagram-1.1-oui-oui-2.jpg?resize=350%2C200&ssl=1 1x, https:\/\/i0.wp.com\/oui-oui.es\/blog\/wp-content\/uploads\/2017\/10\/kidsup-instagram-1.1-oui-oui-2.jpg?resize=525%2C300&ssl=1 1.5x, https:\/\/i0.wp.com\/oui-oui.es\/blog\/wp-content\/uploads\/2017\/10\/kidsup-instagram-1.1-oui-oui-2.jpg?resize=700%2C400&ssl=1 2x, https:\/\/i0.wp.com\/oui-oui.es\/blog\/wp-content\/uploads\/2017\/10\/kidsup-instagram-1.1-oui-oui-2.jpg?resize=1050%2C600&ssl=1 3x, https:\/\/i0.wp.com\/oui-oui.es\/blog\/wp-content\/uploads\/2017\/10\/kidsup-instagram-1.1-oui-oui-2.jpg?resize=1400%2C800&ssl=1 4x"},"classes":[]},{"id":1455,"url":"https:\/\/oui-oui.es\/blog\/le-sac-de-papier-en-oui-oui\/","url_meta":{"origin":10418,"position":5},"title":"Le sac de papier en Oui Oui","author":"Mar\u00eda \u2665Oui Oui\u2665","date":"24 marzo, 2014","format":false,"excerpt":"Recuerdo verla en muchas revistas de decoraci\u00f3n, a mi me parec\u00eda una papelera, por lo que le encargu\u00e9 a una amiga que viajaba a Par\u00eds la \"papelera\", la pobre estuvo un buen rato buscando una papelera, pregunt\u00f3 a las dependientas, pero nada...Volvi\u00f3 sin papelera. Despu\u00e9s fui yo a Par\u00eds, y\u2026","rel":"","context":"En \u00abDECORACI\u00d3N\u00bb","block_context":{"text":"DECORACI\u00d3N","link":"https:\/\/oui-oui.es\/blog\/category\/decoracion-de-casa\/"},"img":{"alt_text":"","src":"https:\/\/i0.wp.com\/oui-oui.es\/blog\/wp-content\/uploads\/2014\/03\/oui-oui-le-sac-de-papier-le-paper-bag-guardar-juguetes.jpg?resize=350%2C200&ssl=1","width":350,"height":200,"srcset":"https:\/\/i0.wp.com\/oui-oui.es\/blog\/wp-content\/uploads\/2014\/03\/oui-oui-le-sac-de-papier-le-paper-bag-guardar-juguetes.jpg?resize=350%2C200&ssl=1 1x, https:\/\/i0.wp.com\/oui-oui.es\/blog\/wp-content\/uploads\/2014\/03\/oui-oui-le-sac-de-papier-le-paper-bag-guardar-juguetes.jpg?resize=525%2C300&ssl=1 1.5x, https:\/\/i0.wp.com\/oui-oui.es\/blog\/wp-content\/uploads\/2014\/03\/oui-oui-le-sac-de-papier-le-paper-bag-guardar-juguetes.jpg?resize=700%2C400&ssl=1 2x"},"classes":[]}],"_links":{"self":[{"href":"https:\/\/oui-oui.es\/blog\/wp-json\/wp\/v2\/posts\/10418","targetHints":{"allow":["GET"]}}],"collection":[{"href":"https:\/\/oui-oui.es\/blog\/wp-json\/wp\/v2\/posts"}],"about":[{"href":"https:\/\/oui-oui.es\/blog\/wp-json\/wp\/v2\/types\/post"}],"author":[{"embeddable":true,"href":"https:\/\/oui-oui.es\/blog\/wp-json\/wp\/v2\/users\/1"}],"replies":[{"embeddable":true,"href":"https:\/\/oui-oui.es\/blog\/wp-json\/wp\/v2\/comments?post=10418"}],"version-history":[{"count":3,"href":"https:\/\/oui-oui.es\/blog\/wp-json\/wp\/v2\/posts\/10418\/revisions"}],"predecessor-version":[{"id":10445,"href":"https:\/\/oui-oui.es\/blog\/wp-json\/wp\/v2\/posts\/10418\/revisions\/10445"}],"wp:featuredmedia":[{"embeddable":true,"href":"https:\/\/oui-oui.es\/blog\/wp-json\/wp\/v2\/media\/10419"}],"wp:attachment":[{"href":"https:\/\/oui-oui.es\/blog\/wp-json\/wp\/v2\/media?parent=10418"}],"wp:term":[{"taxonomy":"category","embeddable":true,"href":"https:\/\/oui-oui.es\/blog\/wp-json\/wp\/v2\/categories?post=10418"},{"taxonomy":"post_tag","embeddable":true,"href":"https:\/\/oui-oui.es\/blog\/wp-json\/wp\/v2\/tags?post=10418"}],"curies":[{"name":"wp","href":"https:\/\/api.w.org\/{rel}","templated":true}]}}