{"id":10456,"date":"2020-04-09T14:37:26","date_gmt":"2020-04-09T12:37:26","guid":{"rendered":"https:\/\/oui-oui.es\/blog\/?p=10456"},"modified":"2020-04-09T14:37:27","modified_gmt":"2020-04-09T12:37:27","slug":"como-organizar-la-nevera","status":"publish","type":"post","link":"https:\/\/oui-oui.es\/blog\/como-organizar-la-nevera\/","title":{"rendered":"C\u00f3mo organizar la nevera"},"content":{"rendered":"\n<p>Como muchas personas, una de las cosas que he aprovechado a hacer en este mes <em>parado <\/em>en casa ha sido a limpiar y organizar la casa, como, adem\u00e1s, la compra se ha multiplicado, el primer paso fue aprovechar para <strong>limpiar la nevera de arriba a abajo<\/strong>, justo antes de hacer la mega compra ya que estaba un poco vac\u00eda. Saqu\u00e9 todo y limpi\u00e9 con una bayeta y desinfectante Sanytol, un producto que no hab\u00eda usado nunca \u00a1hasta ahora! y que en estos momenos es casi imposible encontrar en los s\u00faper mercados&#8230;\u00a1Cosas de la vida!<\/p>\n\n\n\n<figure class=\"wp-block-gallery columns-2 is-cropped wp-block-gallery-1 is-layout-flex wp-block-gallery-is-layout-flex\"><ul class=\"blocks-gallery-grid\"><li class=\"blocks-gallery-item\"><figure><img loading=\"lazy\" decoding=\"async\" width=\"576\" height=\"1024\" src=\"https:\/\/oui-oui.es\/blog\/wp-content\/uploads\/2020\/04\/Oui-Oui-como-organizar-la-nevera-limpiar-nevera-frigorifico-Electrolux-nevera-vac\u00eda-576x1024.jpg\" alt=\"\" data-id=\"10463\" data-full-url=\"https:\/\/oui-oui.es\/blog\/wp-content\/uploads\/2020\/04\/Oui-Oui-como-organizar-la-nevera-limpiar-nevera-frigorifico-Electrolux-nevera-vac\u00eda.jpg\" data-link=\"https:\/\/oui-oui.es\/blog\/?attachment_id=10463\" class=\"wp-image-10463\" srcset=\"https:\/\/oui-oui.es\/blog\/wp-content\/uploads\/2020\/04\/Oui-Oui-como-organizar-la-nevera-limpiar-nevera-frigorifico-Electrolux-nevera-vac\u00eda-576x1024.jpg 576w, https:\/\/oui-oui.es\/blog\/wp-content\/uploads\/2020\/04\/Oui-Oui-como-organizar-la-nevera-limpiar-nevera-frigorifico-Electrolux-nevera-vac\u00eda-169x300.jpg 169w, https:\/\/oui-oui.es\/blog\/wp-content\/uploads\/2020\/04\/Oui-Oui-como-organizar-la-nevera-limpiar-nevera-frigorifico-Electrolux-nevera-vac\u00eda-768x1365.jpg 768w, https:\/\/oui-oui.es\/blog\/wp-content\/uploads\/2020\/04\/Oui-Oui-como-organizar-la-nevera-limpiar-nevera-frigorifico-Electrolux-nevera-vac\u00eda-600x1067.jpg 600w, https:\/\/oui-oui.es\/blog\/wp-content\/uploads\/2020\/04\/Oui-Oui-como-organizar-la-nevera-limpiar-nevera-frigorifico-Electrolux-nevera-vac\u00eda-864x1536.jpg 864w, https:\/\/oui-oui.es\/blog\/wp-content\/uploads\/2020\/04\/Oui-Oui-como-organizar-la-nevera-limpiar-nevera-frigorifico-Electrolux-nevera-vac\u00eda-1152x2048.jpg 1152w, https:\/\/oui-oui.es\/blog\/wp-content\/uploads\/2020\/04\/Oui-Oui-como-organizar-la-nevera-limpiar-nevera-frigorifico-Electrolux-nevera-vac\u00eda-640x1138.jpg 640w, https:\/\/oui-oui.es\/blog\/wp-content\/uploads\/2020\/04\/Oui-Oui-como-organizar-la-nevera-limpiar-nevera-frigorifico-Electrolux-nevera-vac\u00eda.jpg 1242w\" sizes=\"auto, (max-width: 576px) 100vw, 576px\" \/><figcaption class=\"blocks-gallery-item__caption\">Vac\u00eda<\/figcaption><\/figure><\/li><li class=\"blocks-gallery-item\"><figure><img loading=\"lazy\" decoding=\"async\" width=\"576\" height=\"1024\" src=\"https:\/\/oui-oui.es\/blog\/wp-content\/uploads\/2020\/04\/Oui-Oui-como-organizar-la-nevera-limpiar-nevera-frigorifico-Electrolux-nevera-llena-576x1024.jpg\" alt=\"\" data-id=\"10462\" data-full-url=\"https:\/\/oui-oui.es\/blog\/wp-content\/uploads\/2020\/04\/Oui-Oui-como-organizar-la-nevera-limpiar-nevera-frigorifico-Electrolux-nevera-llena.jpg\" data-link=\"https:\/\/oui-oui.es\/blog\/?attachment_id=10462\" class=\"wp-image-10462\" srcset=\"https:\/\/oui-oui.es\/blog\/wp-content\/uploads\/2020\/04\/Oui-Oui-como-organizar-la-nevera-limpiar-nevera-frigorifico-Electrolux-nevera-llena-576x1024.jpg 576w, https:\/\/oui-oui.es\/blog\/wp-content\/uploads\/2020\/04\/Oui-Oui-como-organizar-la-nevera-limpiar-nevera-frigorifico-Electrolux-nevera-llena-169x300.jpg 169w, https:\/\/oui-oui.es\/blog\/wp-content\/uploads\/2020\/04\/Oui-Oui-como-organizar-la-nevera-limpiar-nevera-frigorifico-Electrolux-nevera-llena-768x1365.jpg 768w, https:\/\/oui-oui.es\/blog\/wp-content\/uploads\/2020\/04\/Oui-Oui-como-organizar-la-nevera-limpiar-nevera-frigorifico-Electrolux-nevera-llena-600x1067.jpg 600w, https:\/\/oui-oui.es\/blog\/wp-content\/uploads\/2020\/04\/Oui-Oui-como-organizar-la-nevera-limpiar-nevera-frigorifico-Electrolux-nevera-llena-864x1536.jpg 864w, https:\/\/oui-oui.es\/blog\/wp-content\/uploads\/2020\/04\/Oui-Oui-como-organizar-la-nevera-limpiar-nevera-frigorifico-Electrolux-nevera-llena-1152x2048.jpg 1152w, https:\/\/oui-oui.es\/blog\/wp-content\/uploads\/2020\/04\/Oui-Oui-como-organizar-la-nevera-limpiar-nevera-frigorifico-Electrolux-nevera-llena-640x1138.jpg 640w, https:\/\/oui-oui.es\/blog\/wp-content\/uploads\/2020\/04\/Oui-Oui-como-organizar-la-nevera-limpiar-nevera-frigorifico-Electrolux-nevera-llena.jpg 1242w\" sizes=\"auto, (max-width: 576px) 100vw, 576px\" \/><figcaption class=\"blocks-gallery-item__caption\">Antes de organizar<\/figcaption><\/figure><\/li><\/ul><\/figure>\n\n\n\n<p>El siguiente paso era <strong>ordenar la nevera correctamente<\/strong>, en mi caso el <strong><a rel=\"noreferrer noopener\" aria-label=\" (opens in a new tab)\" href=\"https:\/\/www.electrolux.es\/kitchen\/cooling\/fridge-freezers\/side-by-side-fridge-freezer\/eal6240aou\/\" target=\"_blank\">frigor\u00edfico americano de Electrolux<\/a><\/strong> y, de nuevo, al compartirlo por Stories, me escribieron muchas personas d\u00e1ndome consejos que he probado esta semanas y me han funcionado.<\/p>\n\n\n\n<p>Mila, de <strong><a href=\"https:\/\/www.instagram.com\/thesecretgourmetbymila\/\" target=\"_blank\" rel=\"noreferrer noopener\" aria-label=\" (opens in a new tab)\">The Secret Gourmet by Mila<\/a><\/strong> me pas\u00f3 un documento con <strong>el orden a seguir en el frigor\u00edfico<\/strong>, yo colocaba algunas cosas as\u00ed pero otras, muy importantes no, os comaparto:<\/p>\n\n\n\n<figure class=\"wp-block-image size-large\"><img loading=\"lazy\" decoding=\"async\" width=\"1024\" height=\"768\" src=\"https:\/\/oui-oui.es\/blog\/wp-content\/uploads\/2020\/04\/Oui-Oui-como-organizar-la-nevera-limpiar-nevera-frigorifico-Electrolux-1024x768.jpg\" alt=\"\" class=\"wp-image-10460\" srcset=\"https:\/\/oui-oui.es\/blog\/wp-content\/uploads\/2020\/04\/Oui-Oui-como-organizar-la-nevera-limpiar-nevera-frigorifico-Electrolux-1024x768.jpg 1024w, https:\/\/oui-oui.es\/blog\/wp-content\/uploads\/2020\/04\/Oui-Oui-como-organizar-la-nevera-limpiar-nevera-frigorifico-Electrolux-300x225.jpg 300w, https:\/\/oui-oui.es\/blog\/wp-content\/uploads\/2020\/04\/Oui-Oui-como-organizar-la-nevera-limpiar-nevera-frigorifico-Electrolux-768x576.jpg 768w, https:\/\/oui-oui.es\/blog\/wp-content\/uploads\/2020\/04\/Oui-Oui-como-organizar-la-nevera-limpiar-nevera-frigorifico-Electrolux-600x450.jpg 600w, https:\/\/oui-oui.es\/blog\/wp-content\/uploads\/2020\/04\/Oui-Oui-como-organizar-la-nevera-limpiar-nevera-frigorifico-Electrolux-1536x1152.jpg 1536w, https:\/\/oui-oui.es\/blog\/wp-content\/uploads\/2020\/04\/Oui-Oui-como-organizar-la-nevera-limpiar-nevera-frigorifico-Electrolux-2048x1536.jpg 2048w, https:\/\/oui-oui.es\/blog\/wp-content\/uploads\/2020\/04\/Oui-Oui-como-organizar-la-nevera-limpiar-nevera-frigorifico-Electrolux-640x480.jpg 640w\" sizes=\"auto, (max-width: 1024px) 100vw, 1024px\" \/><\/figure>\n\n\n\n<h2 class=\"wp-block-heading\">Parte Superior de la nevera; menos fr\u00eda<\/h2>\n\n\n\n<p><strong>L\u00e1cteos<\/strong>: pudiendo colocar la leche en la puerta al ser un producto que se consume r\u00e1pido. Este punto fue lo primero que cambi\u00e9 porque los ten\u00eda en la bandeja central. Ahora tenemos arriba la leche, los yogures y los huevos.<\/p>\n\n\n\n<p><strong>Comida ya cocinada:<\/strong> es decir los tuppers, al estar ya cocinada no necesita tanto fr\u00edo.<\/p>\n\n\n\n<p><strong>Embutido:<\/strong> Mila me recomendaba guardarlo todo en un recipiente de cristal ordenado yseparado, como no tenemos,  guardo cada tipo (lomo, pavo, jam\u00f3n..) en un tupper espec\u00edfico para ello.<\/p>\n\n\n\n<p>Por el tama\u00f1o y distribuci\u00f3n de mi nevera (por cierto, americana y con mucha capacidad, entiendo que en no todas se pueda organizar igual) hemos puesto en la balda de ariba los l\u00e1cteos, en la siguiente balda hacia abajo embutidos y botes abiertos y en la balda del medio los tuppers con comida cocinada y la fruta que no cabe m\u00e1s abajo.<\/p>\n\n\n\n<h2 class=\"wp-block-heading\">Parte media y baja, la m\u00e1s fr\u00eda<\/h2>\n\n\n\n<p><strong>Carnes y pescados:<\/strong> Aqu\u00ed me comentaba Mila, y es algo que tambi\u00e9n est\u00e1bamos haciendo mal, que es important\u00edsimo que coloquemos<strong> <\/strong>los alimentos crudos (pescados y carnes que vas a cocinar o congelar)<strong> <\/strong>lo m\u00e1s r\u00e1pido posible en la nevera y en esta parte baja. Muy importante tambi\u00e9n guardarlos por separado en recipientes de cristal herm\u00e9ticos para evitar la contaminaci\u00f3n cruzada que pudiera producirse de los jugos que sueltan y que pueden contenter bacterias que no son perjudiciales para ese alimento pero s\u00ed al mezclarse con otros.<\/p>\n\n\n\n<p>Tambi\u00e9n <strong>las bebidas de todo tipo para que est\u00e9n bien fr\u00edas<\/strong><\/p>\n\n\n\n<p>As\u00ed que ahora, en la siguiente balda a la del medio y que es la \u00faltima balda porque luego van los cajones tenemos als cervezas, coca- colas y un hueco para las carnes y pescados reci\u00e9n llegados de la compra.<\/p>\n\n\n\n<h2 class=\"wp-block-heading\">Cajones de abajo<\/h2>\n\n\n\n<p>Y qu\u00ed viene un puento muy importante d\u00f3nde me surg\u00eda la gran duda; \u00bfguardar la verdura en los pl\u00e1sticos que trae o no? la respuesta es NO.<\/p>\n\n\n\n<p>Tambi\u00e9n <strong>es muy importante separar fruta y verdura<\/strong>, si tienes dos cajoes, uno para cada cosa, si s\u00f3lo tienes uno, dividir el caj\u00f3n pero que no tengan contacto. En mi caso, tenemos todas las frutas fuera de la nevera excepto fresas y frambuesas<\/p>\n\n\n\n<p>De los trucos que me dieron por Stories he probado varios y me han funcionado muy bien:<\/p>\n\n\n\n<p><strong>Los tomates cherry en un recipiente de crista<\/strong>; hacer los mismo con las bolsas de hoja verde si tienes espacio o si no las consumes s\u00faper r\u00e1pido.<\/p>\n\n\n\n<p><strong>Las fresas, pasarlas a un recipiente de cristal con un papel de cocin<\/strong>a en la base que las ayudar\u00e1 a mantener la humedad (as\u00ed han durado mucho m\u00e1s).<\/p>\n\n\n\n<figure class=\"wp-block-image size-large\"><img loading=\"lazy\" decoding=\"async\" width=\"1024\" height=\"512\" src=\"https:\/\/oui-oui.es\/blog\/wp-content\/uploads\/2020\/04\/Oui-Oui-como-guardar-las-fresas-en-la-nevera-frigorifico-electrolux-1024x512.jpg\" alt=\"\" class=\"wp-image-10458\" srcset=\"https:\/\/oui-oui.es\/blog\/wp-content\/uploads\/2020\/04\/Oui-Oui-como-guardar-las-fresas-en-la-nevera-frigorifico-electrolux-1024x512.jpg 1024w, https:\/\/oui-oui.es\/blog\/wp-content\/uploads\/2020\/04\/Oui-Oui-como-guardar-las-fresas-en-la-nevera-frigorifico-electrolux-300x150.jpg 300w, https:\/\/oui-oui.es\/blog\/wp-content\/uploads\/2020\/04\/Oui-Oui-como-guardar-las-fresas-en-la-nevera-frigorifico-electrolux-768x384.jpg 768w, https:\/\/oui-oui.es\/blog\/wp-content\/uploads\/2020\/04\/Oui-Oui-como-guardar-las-fresas-en-la-nevera-frigorifico-electrolux-600x300.jpg 600w, https:\/\/oui-oui.es\/blog\/wp-content\/uploads\/2020\/04\/Oui-Oui-como-guardar-las-fresas-en-la-nevera-frigorifico-electrolux-1536x768.jpg 1536w, https:\/\/oui-oui.es\/blog\/wp-content\/uploads\/2020\/04\/Oui-Oui-como-guardar-las-fresas-en-la-nevera-frigorifico-electrolux-640x320.jpg 640w, https:\/\/oui-oui.es\/blog\/wp-content\/uploads\/2020\/04\/Oui-Oui-como-guardar-las-fresas-en-la-nevera-frigorifico-electrolux.jpg 2048w\" sizes=\"auto, (max-width: 1024px) 100vw, 1024px\" \/><\/figure>\n\n\n\n<p><strong>Las zanahorias, tambi\u00e9n fuera de la bolsa<\/strong>, en nuestro caso que consumimos much\u00edsimas he puesto <strong>papel de cocina en el fondo de un caj\u00f3n<\/strong> y en \u00e9se van las zanahorias y puerros.<\/p>\n\n\n\n<p><strong>Las jud\u00edas verdes<\/strong>, tambi\u00e9n fuera de su bolsa de pl\u00e1stico, me recomendaron <strong>meterlas en una bolsa de tela<\/strong> y funciona genial, \u00bflo hab\u00e9is probado con otras verduras?<\/p>\n\n\n\n<p><strong>En el otro caj\u00f3n<\/strong> pimientos, berenjena,tomates para cocinar (no los de ensalada que van fuera), br\u00f3coli y las jud\u00edas verdes en su bolsa de tela.<\/p>\n\n\n\n<h2 class=\"wp-block-heading\">En la puerta<\/h2>\n\n\n\n<p>Aqu\u00ed ir\u00edan las botellas ya abiertas, salsas, mermeladas, mantequillas y huevos (auqnue nosotros tenemos los huevos en la balda de arriba por un tema de espacio)<\/p>\n\n\n\n<figure class=\"wp-block-image size-large\"><img loading=\"lazy\" decoding=\"async\" width=\"768\" height=\"1024\" src=\"https:\/\/oui-oui.es\/blog\/wp-content\/uploads\/2020\/04\/Oui-Oui-como-organizar-la-nevera-limpiar-nevera-frigorifico-Electrolux-despues-768x1024.jpg\" alt=\"\" class=\"wp-image-10461\" srcset=\"https:\/\/oui-oui.es\/blog\/wp-content\/uploads\/2020\/04\/Oui-Oui-como-organizar-la-nevera-limpiar-nevera-frigorifico-Electrolux-despues-768x1024.jpg 768w, https:\/\/oui-oui.es\/blog\/wp-content\/uploads\/2020\/04\/Oui-Oui-como-organizar-la-nevera-limpiar-nevera-frigorifico-Electrolux-despues-225x300.jpg 225w, https:\/\/oui-oui.es\/blog\/wp-content\/uploads\/2020\/04\/Oui-Oui-como-organizar-la-nevera-limpiar-nevera-frigorifico-Electrolux-despues-600x800.jpg 600w, https:\/\/oui-oui.es\/blog\/wp-content\/uploads\/2020\/04\/Oui-Oui-como-organizar-la-nevera-limpiar-nevera-frigorifico-Electrolux-despues-1152x1536.jpg 1152w, https:\/\/oui-oui.es\/blog\/wp-content\/uploads\/2020\/04\/Oui-Oui-como-organizar-la-nevera-limpiar-nevera-frigorifico-Electrolux-despues-1536x2048.jpg 1536w, https:\/\/oui-oui.es\/blog\/wp-content\/uploads\/2020\/04\/Oui-Oui-como-organizar-la-nevera-limpiar-nevera-frigorifico-Electrolux-despues-640x853.jpg 640w, https:\/\/oui-oui.es\/blog\/wp-content\/uploads\/2020\/04\/Oui-Oui-como-organizar-la-nevera-limpiar-nevera-frigorifico-Electrolux-despues-scaled.jpg 1920w\" sizes=\"auto, (max-width: 768px) 100vw, 768px\" \/><figcaption>El despu\u00e9s<\/figcaption><\/figure>\n\n\n\n<h2 class=\"wp-block-heading\">El congelador<\/h2>\n\n\n\n<p>Una de las cosas que ten\u00edamos claras cuando hicimos la reforma de la casa es que quer\u00edamos <strong><a rel=\"noreferrer noopener\" aria-label=\" (opens in a new tab)\" href=\"https:\/\/www.electrolux.es\/kitchen\/cooling\/fridge-freezers\/side-by-side-fridge-freezer\/eal6240aou\/\" target=\"_blank\">frigor\u00edfico americano<\/a><\/strong>, somos muy de congelar y necesit\u00e1bamos espacio y la verdad es que es una gozada. En el congelador tambi\u00e9n mantenemos un orden (en este caso no lo he compartido con ning\u00fan experto por lo que puede que haya algo incorrecto), pero por si os ayuda:<\/p>\n\n\n\n<p>Nuestro <strong><a rel=\"noreferrer noopener\" aria-label=\" (opens in a new tab)\" href=\"https:\/\/www.electrolux.es\/kitchen\/cooling\/fridge-freezers\/side-by-side-fridge-freezer\/eal6240aou\/\" target=\"_blank\">frigor\u00edfico americano es de Electrolux<\/a><\/strong>, <a rel=\"noreferrer noopener\" aria-label=\"este modelo (opens in a new tab)\" href=\"https:\/\/www.electrolux.es\/kitchen\/cooling\/fridge-freezers\/side-by-side-fridge-freezer\/eal6240aou\/\" target=\"_blank\">este modelo<\/a> y <strong>el congelador tiene 4 baldas adem\u00e1s de dos cajones y la puerta.<\/strong><\/p>\n\n\n\n<figure class=\"wp-block-image size-large\"><img loading=\"lazy\" decoding=\"async\" width=\"500\" height=\"500\" src=\"https:\/\/oui-oui.es\/blog\/wp-content\/uploads\/2020\/04\/Oui-Oui-friforifico-americano-dos-puertas-electrolux-como-organizar-nevera.png\" alt=\"\" class=\"wp-image-10457\" srcset=\"https:\/\/oui-oui.es\/blog\/wp-content\/uploads\/2020\/04\/Oui-Oui-friforifico-americano-dos-puertas-electrolux-como-organizar-nevera.png 500w, https:\/\/oui-oui.es\/blog\/wp-content\/uploads\/2020\/04\/Oui-Oui-friforifico-americano-dos-puertas-electrolux-como-organizar-nevera-300x300.png 300w, https:\/\/oui-oui.es\/blog\/wp-content\/uploads\/2020\/04\/Oui-Oui-friforifico-americano-dos-puertas-electrolux-como-organizar-nevera-150x150.png 150w\" sizes=\"auto, (max-width: 500px) 100vw, 500px\" \/><\/figure>\n\n\n\n<p><strong>En la balda de arriba<\/strong> guardamos el pan (tenemos siempre hogaza en rebanadas congelada y sacamos cada d\u00eda para el desayuno) y las masas.<\/p>\n\n\n\n<p><strong>En la siguiente balda<\/strong> el pollo y la carne<\/p>\n\n\n\n<p><strong>En la balda del medio<\/strong> la comida cocina congelada (tuppers)<\/p>\n\n\n\n<p>Y <strong>en la balda de abajo<\/strong> el pescado y mariscos congelados<\/p>\n\n\n\n<p><strong>En el primer caj\u00f3n<\/strong> bolsas de fruta o verdura congelada<\/p>\n\n\n\n<p><strong>En el segundo caj\u00f3n<\/strong> (y el de m\u00e1s abajo) las bolsas de hielo; tambi\u00e9n pensamos que no quer\u00edamos un frigor\u00edfico de los que hacen hielo, me gustan los de bolsa \ud83d\ude09<\/p>\n\n\n\n<p><strong>En la puerta<\/strong> vasos congelados para tomar la bebida muy fr\u00eda \ud83d\ude09 y cosas peque\u00f1as varias&#8230;<\/p>\n\n\n\n<p><\/p>\n\n\n\n<p><\/p>\n\n\n\n<h2 class=\"wp-block-heading\">M\u00e1s recomendaciones para tu nevera<\/h2>\n\n\n\n<p><strong>Mantener la temperatura entre los 3 y los 5 grados<\/strong> para evitar bacterias y contaminzaci\u00f3n cruzada. Nuesto frigor\u00edfico tiene una pantalla fuera en la que indica la temperatura tanto de la nevera como del cogelador y est\u00e1 fenomenal para detectar si est\u00e1 bajando porque se abra mucho, por ejemplo.<\/p>\n\n\n\n<p><strong>Limpiarlo una vez al mes<\/strong>; mila me recomendaba hacerlo con bicarbonato de sodio dilu\u00eddo en agua que, adem\u00e1s de limpiar en profundidad quita los malos olores, o con lim\u00f3n o vinagre dilu\u00eddos en agua.<\/p>\n\n\n\n<p><strong>Utiliza recipientes de cristal<\/strong> para todo lo que puedas evitando el pl\u00e1stico.<\/p>\n\n\n\n<p>Existen algunos <strong>accesorios para organizar la nevera<\/strong> que me parecen muy pr\u00e1cticos; como uno con el tama\u00f1o de las latas en horizontal para que est\u00e9n todas contenidas en \u00e9l, nosotros lo usamos para las Coca-Colas. Tambi\u00e9n hay otros para organizar los huevos o para optimizar el espacio creando m\u00e1s cajones.<\/p>\n\n\n\n<p><\/p>\n\n\n\n<p><\/p>\n\n\n\n<h2 class=\"wp-block-heading\">Almacenamiento fuera de la nevera<\/h2>\n\n\n\n<figure class=\"wp-block-image size-large\"><a href=\"https:\/\/www.oui-oui.es\/casa-decoracion-con-estilo-oui-oui\/1540-cesta-rejilla-mint.html\" target=\"_blank\" rel=\"noreferrer noopener\"><img loading=\"lazy\" decoding=\"async\" width=\"1024\" height=\"768\" src=\"https:\/\/oui-oui.es\/blog\/wp-content\/uploads\/2020\/04\/Oui-Oui-como-organizar-la-fruta-y-la-verdura-fuera-de-la-nevera-1024x768.jpg\" alt=\"\" class=\"wp-image-10459\" srcset=\"https:\/\/oui-oui.es\/blog\/wp-content\/uploads\/2020\/04\/Oui-Oui-como-organizar-la-fruta-y-la-verdura-fuera-de-la-nevera-1024x768.jpg 1024w, https:\/\/oui-oui.es\/blog\/wp-content\/uploads\/2020\/04\/Oui-Oui-como-organizar-la-fruta-y-la-verdura-fuera-de-la-nevera-300x225.jpg 300w, https:\/\/oui-oui.es\/blog\/wp-content\/uploads\/2020\/04\/Oui-Oui-como-organizar-la-fruta-y-la-verdura-fuera-de-la-nevera-768x576.jpg 768w, https:\/\/oui-oui.es\/blog\/wp-content\/uploads\/2020\/04\/Oui-Oui-como-organizar-la-fruta-y-la-verdura-fuera-de-la-nevera-600x450.jpg 600w, https:\/\/oui-oui.es\/blog\/wp-content\/uploads\/2020\/04\/Oui-Oui-como-organizar-la-fruta-y-la-verdura-fuera-de-la-nevera-1536x1152.jpg 1536w, https:\/\/oui-oui.es\/blog\/wp-content\/uploads\/2020\/04\/Oui-Oui-como-organizar-la-fruta-y-la-verdura-fuera-de-la-nevera-2048x1536.jpg 2048w, https:\/\/oui-oui.es\/blog\/wp-content\/uploads\/2020\/04\/Oui-Oui-como-organizar-la-fruta-y-la-verdura-fuera-de-la-nevera-640x480.jpg 640w\" sizes=\"auto, (max-width: 1024px) 100vw, 1024px\" \/><\/a><figcaption>Cestas de rejilla mint de Oui Oui<\/figcaption><\/figure>\n\n\n\n<p>En nuestro caso, almacenamos fuera de la nevera manzanas, peras, naranjas, limones, kiwis, pl\u00e1tanos, calabacines, tomates, calabaza, patatas, cebollas y ajos y <strong>siempre me quedaba la duda de si est\u00e1bamos haciendo bien al juntar algunas<\/strong>, sobre \u00e9sto tambi\u00e9n me he informado y, por lo visto, lo m\u00e1s importante es:<\/p>\n\n\n\n<ul class=\"wp-block-list\"><li>Las manzanas continen gas etileno que hace que el resto de frutas que est\u00e9n junto a ellas maduren antes, por tanto; guardarlas solas.<\/li><li>Las <strong>frutas<\/strong> que contin\u00faan el proceso de maduraci\u00f3n despu\u00e9s de la recolecci\u00f3n se denominan <strong>CLIMAT\u00c9RICAS<\/strong> (manzanas, pl\u00e1tanos, kiwis,sand\u00eda,melones, aguacates,mango,higos, nectarinas, melocotones o peras), es mejor no almacenarlas juntas.<\/li><li>Las <strong>frutas NO CLIMAT\u00c9RICAS<\/strong>; cerezas, fresas, frambuesas,uvas, naranjas,limones,pomelo, pi\u00f1a, cacao. Tambi\u00e9n el pepino, pimiento, <\/li><li><strong>Se deben mantener SEPARADAS las verduras m\u00e1s susceptibles al gas etileno<\/strong> (esp\u00e1rragos, coles de Bruselas, Br\u00f3coli, lechuga o guisantes) de manzanas, pl\u00e1tanos, melones, higos, kiwis o melocotones.<\/li><li>El gas etileno de un pl\u00e1tano maduro contagia r\u00e1pido a los dem\u00e1s, por lo que si quieres madurarlos ac\u00e9rcales uno maduro pero sino&#8230;\u00a1Sep\u00e1ralos!, lo mismo con los kiwis que muchas veces cuesta encontrarlos en el proceso de maduraci\u00f3n \u00f3ptimo.<\/li><\/ul>\n\n\n\n<p>Y esto es todo lo que he aprendido organizando la nevera \u00a1espero que so sirva! y si ten\u00e9is alg\u00fan consejo m\u00e1s \u00a1es bienvenido!<\/p>\n","protected":false},"excerpt":{"rendered":"<p>Como muchas personas, una de las cosas que he aprovechado a hacer en este mes parado en casa ha sido a limpiar y organizar la casa, como, adem\u00e1s, la compra se ha multiplicado, el primer paso fue aprovechar para limpiar la nevera de arriba a abajo, justo antes de hacer la mega compra ya que [&hellip;]<\/p>\n","protected":false},"author":1,"featured_media":10460,"comment_status":"open","ping_status":"open","sticky":false,"template":"","format":"standard","meta":{"jetpack_post_was_ever_published":false,"_jetpack_newsletter_access":"","_jetpack_dont_email_post_to_subs":false,"_jetpack_newsletter_tier_id":0,"_jetpack_memberships_contains_paywalled_content":false,"_jetpack_memberships_contains_paid_content":false,"footnotes":"","jetpack_publicize_message":"","jetpack_publicize_feature_enabled":true,"jetpack_social_post_already_shared":true,"jetpack_social_options":{"image_generator_settings":{"template":"highway","default_image_id":0,"font":"","enabled":false},"version":2}},"categories":[883],"tags":[879,874,801],"class_list":["post-10456","post","type-post","status-publish","format-standard","has-post-thumbnail","hentry","category-hogar-dulce-hogar","tag-cocinas","tag-electrolux","tag-organizacion"],"aioseo_notices":[],"jetpack_publicize_connections":[],"jetpack_featured_media_url":"https:\/\/oui-oui.es\/blog\/wp-content\/uploads\/2020\/04\/Oui-Oui-como-organizar-la-nevera-limpiar-nevera-frigorifico-Electrolux-scaled.jpg","jetpack_sharing_enabled":true,"jetpack-related-posts":[{"id":10286,"url":"https:\/\/oui-oui.es\/blog\/las-bolsas-que-te-ayudaran-a-organizar-todo\/","url_meta":{"origin":10456,"position":0},"title":"Las bolsas que te ayudar\u00e1n a organizar todo","author":"Mar\u00eda \u2665Oui Oui\u2665","date":"12 noviembre, 2019","format":false,"excerpt":"De ah\u00ed me viene a m\u00ed que me guste tanto ordenar el maletero, bueno, de ah\u00ed y de las horas que ech\u00e9 de adolescente a jugar al tetris, todo suma ;) Recuerdo tambi\u00e9n una caja plegable que ten\u00edan mis padres en el maletero para llevar \"las cosas sueltas\", sol\u00edan ser\u2026","rel":"","context":"En \u00abCASA\u00bb","block_context":{"text":"CASA","link":"https:\/\/oui-oui.es\/blog\/category\/hogar-dulce-hogar\/"},"img":{"alt_text":"","src":"https:\/\/i0.wp.com\/oui-oui.es\/blog\/wp-content\/uploads\/2019\/11\/Oui-Oui-maletero-oui-oui-bolsas-almacenaje-bolsas-ordenar-maletero-1.jpg?resize=350%2C200&ssl=1","width":350,"height":200,"srcset":"https:\/\/i0.wp.com\/oui-oui.es\/blog\/wp-content\/uploads\/2019\/11\/Oui-Oui-maletero-oui-oui-bolsas-almacenaje-bolsas-ordenar-maletero-1.jpg?resize=350%2C200&ssl=1 1x, https:\/\/i0.wp.com\/oui-oui.es\/blog\/wp-content\/uploads\/2019\/11\/Oui-Oui-maletero-oui-oui-bolsas-almacenaje-bolsas-ordenar-maletero-1.jpg?resize=525%2C300&ssl=1 1.5x, https:\/\/i0.wp.com\/oui-oui.es\/blog\/wp-content\/uploads\/2019\/11\/Oui-Oui-maletero-oui-oui-bolsas-almacenaje-bolsas-ordenar-maletero-1.jpg?resize=700%2C400&ssl=1 2x, https:\/\/i0.wp.com\/oui-oui.es\/blog\/wp-content\/uploads\/2019\/11\/Oui-Oui-maletero-oui-oui-bolsas-almacenaje-bolsas-ordenar-maletero-1.jpg?resize=1050%2C600&ssl=1 3x"},"classes":[]},{"id":10297,"url":"https:\/\/oui-oui.es\/blog\/no-te-pierdas-living-up\/","url_meta":{"origin":10456,"position":1},"title":"No te pierdas Living Up!","author":"Mar\u00eda \u2665Oui Oui\u2665","date":"14 noviembre, 2019","format":false,"excerpt":"Despu\u00e9s de muchos a\u00f1os acudiendo a pop ups y ya varios organiz\u00e1ndolas (el otro d\u00eda las cont\u00e9 y van dos de bodas y ocho \u00a1si 8! de ni\u00f1os; es decir Kids Up!. Elena Bau (mi partner in crime en este proyecto) y yo nos hemos lanzado a organizar una pop\u2026","rel":"","context":"En \u00abCASA\u00bb","block_context":{"text":"CASA","link":"https:\/\/oui-oui.es\/blog\/category\/hogar-dulce-hogar\/"},"img":{"alt_text":"","src":"https:\/\/i0.wp.com\/oui-oui.es\/blog\/wp-content\/uploads\/2019\/11\/Oui-Oui-living-up-textiles-lino-voila-deco-shop-manteles-lino-colchas-lino.jpg?resize=350%2C200&ssl=1","width":350,"height":200,"srcset":"https:\/\/i0.wp.com\/oui-oui.es\/blog\/wp-content\/uploads\/2019\/11\/Oui-Oui-living-up-textiles-lino-voila-deco-shop-manteles-lino-colchas-lino.jpg?resize=350%2C200&ssl=1 1x, https:\/\/i0.wp.com\/oui-oui.es\/blog\/wp-content\/uploads\/2019\/11\/Oui-Oui-living-up-textiles-lino-voila-deco-shop-manteles-lino-colchas-lino.jpg?resize=525%2C300&ssl=1 1.5x"},"classes":[]},{"id":10535,"url":"https:\/\/oui-oui.es\/blog\/novedades-en-la-tienda-de-oui-oui\/","url_meta":{"origin":10456,"position":2},"title":"Novedades en la tienda de Oui Oui","author":"Mar\u00eda \u2665Oui Oui\u2665","date":"23 junio, 2020","format":false,"excerpt":"El otro d\u00eda me dec\u00eda mi t\u00eda que por qu\u00e9 ya no sub\u00eda las novedades de la tienda al Blog, que ella no tiene Instagram y le gustaba cuando le llegaban las novedades al mail...Pues dicho y hecho! aunque lo perfecto ser\u00eda volver a enviar una Newsletter, lo cierto es\u2026","rel":"","context":"En \u00abCASA\u00bb","block_context":{"text":"CASA","link":"https:\/\/oui-oui.es\/blog\/category\/hogar-dulce-hogar\/"},"img":{"alt_text":"","src":"https:\/\/i0.wp.com\/oui-oui.es\/blog\/wp-content\/uploads\/2020\/06\/oui-oui-cesta-mosey-olli-ella-cesta-para-recoger-flores-huevos-cesta-regalo-5.jpg?resize=350%2C200&ssl=1","width":350,"height":200,"srcset":"https:\/\/i0.wp.com\/oui-oui.es\/blog\/wp-content\/uploads\/2020\/06\/oui-oui-cesta-mosey-olli-ella-cesta-para-recoger-flores-huevos-cesta-regalo-5.jpg?resize=350%2C200&ssl=1 1x, https:\/\/i0.wp.com\/oui-oui.es\/blog\/wp-content\/uploads\/2020\/06\/oui-oui-cesta-mosey-olli-ella-cesta-para-recoger-flores-huevos-cesta-regalo-5.jpg?resize=525%2C300&ssl=1 1.5x, https:\/\/i0.wp.com\/oui-oui.es\/blog\/wp-content\/uploads\/2020\/06\/oui-oui-cesta-mosey-olli-ella-cesta-para-recoger-flores-huevos-cesta-regalo-5.jpg?resize=700%2C400&ssl=1 2x, https:\/\/i0.wp.com\/oui-oui.es\/blog\/wp-content\/uploads\/2020\/06\/oui-oui-cesta-mosey-olli-ella-cesta-para-recoger-flores-huevos-cesta-regalo-5.jpg?resize=1050%2C600&ssl=1 3x, https:\/\/i0.wp.com\/oui-oui.es\/blog\/wp-content\/uploads\/2020\/06\/oui-oui-cesta-mosey-olli-ella-cesta-para-recoger-flores-huevos-cesta-regalo-5.jpg?resize=1400%2C800&ssl=1 4x"},"classes":[]},{"id":871,"url":"https:\/\/oui-oui.es\/blog\/con-ganas-de-una-fiesta-en-el-jardin\/","url_meta":{"origin":10456,"position":3},"title":"Con ganas de una fiesta en el jard\u00edn","author":"Mar\u00eda \u2665Oui Oui\u2665","date":"26 junio, 2013","format":false,"excerpt":"Parece que me paso el d\u00eda postponiendo cosas; la semana que viene que estar\u00e9 m\u00e1s libre, despu\u00e9s de mediados de Junio que ya no hay tanto l\u00edo, en Julio que estar\u00e9 en la Sierra...Y ahora resulta que ya digo; a ver si estoy tranquila unos d\u00edas en agosto y organizo\u2026","rel":"","context":"En \u00abFIESTAS y CELEBRACIONES\u00bb","block_context":{"text":"FIESTAS y CELEBRACIONES","link":"https:\/\/oui-oui.es\/blog\/category\/fiestas-celebraciones\/"},"img":{"alt_text":"","src":"https:\/\/i0.wp.com\/oui-oui.es\/blog\/wp-content\/uploads\/oui-oui-decoracion-cena-al-aire-libre.jpg?resize=350%2C200&ssl=1","width":350,"height":200},"classes":[]},{"id":10381,"url":"https:\/\/oui-oui.es\/blog\/educar-con-disciplina-positiva\/","url_meta":{"origin":10456,"position":4},"title":"Educar con disciplina positiva","author":"Mar\u00eda \u2665Oui Oui\u2665","date":"14 enero, 2020","format":false,"excerpt":"Durante seis jueves de octubre y noviembre realic\u00e9 el curso de Disciplina Positiva del que tanto hab\u00eda o\u00eddo hablar y que ten\u00eda tantas ganas y quer\u00eda compatirlo en el blog y dejar constancia de mi experiencia porque me result\u00f3 muy efectivo, y me sigue resultando. Es importante saber que no\u2026","rel":"","context":"En \u00abEDUCACI\u00d3N\u00bb","block_context":{"text":"EDUCACI\u00d3N","link":"https:\/\/oui-oui.es\/blog\/category\/educacion\/"},"img":{"alt_text":"","src":"https:\/\/i0.wp.com\/oui-oui.es\/blog\/wp-content\/uploads\/2020\/01\/Oui-Oui-juego-memoria-buenos-habitos-memory-buenos-habitos-con-trompa-y-carton-juego-disciplina-positiva-scaled.jpg?resize=350%2C200&ssl=1","width":350,"height":200,"srcset":"https:\/\/i0.wp.com\/oui-oui.es\/blog\/wp-content\/uploads\/2020\/01\/Oui-Oui-juego-memoria-buenos-habitos-memory-buenos-habitos-con-trompa-y-carton-juego-disciplina-positiva-scaled.jpg?resize=350%2C200&ssl=1 1x, https:\/\/i0.wp.com\/oui-oui.es\/blog\/wp-content\/uploads\/2020\/01\/Oui-Oui-juego-memoria-buenos-habitos-memory-buenos-habitos-con-trompa-y-carton-juego-disciplina-positiva-scaled.jpg?resize=525%2C300&ssl=1 1.5x, https:\/\/i0.wp.com\/oui-oui.es\/blog\/wp-content\/uploads\/2020\/01\/Oui-Oui-juego-memoria-buenos-habitos-memory-buenos-habitos-con-trompa-y-carton-juego-disciplina-positiva-scaled.jpg?resize=700%2C400&ssl=1 2x, https:\/\/i0.wp.com\/oui-oui.es\/blog\/wp-content\/uploads\/2020\/01\/Oui-Oui-juego-memoria-buenos-habitos-memory-buenos-habitos-con-trompa-y-carton-juego-disciplina-positiva-scaled.jpg?resize=1050%2C600&ssl=1 3x, https:\/\/i0.wp.com\/oui-oui.es\/blog\/wp-content\/uploads\/2020\/01\/Oui-Oui-juego-memoria-buenos-habitos-memory-buenos-habitos-con-trompa-y-carton-juego-disciplina-positiva-scaled.jpg?resize=1400%2C800&ssl=1 4x"},"classes":[]},{"id":8686,"url":"https:\/\/oui-oui.es\/blog\/una-alimentacion-mas-saludable-cambiando-pequenos-habitos\/","url_meta":{"origin":10456,"position":5},"title":"Una alimentaci\u00f3n m\u00e1s saludable cambiando peque\u00f1os h\u00e1bitos","author":"Mar\u00eda \u2665Oui Oui\u2665","date":"8 noviembre, 2017","format":false,"excerpt":"Algunos dicen que es una moda, otros que es una nueva tendencia creada por la industria y otros que es una tonter\u00eda \"porque siempre se hizo de otra forma\"...En nuestro caso, el inter\u00e9s por comer bien, saber lo que comemos y aprender un poquito cada d\u00eda sobre \"tips de nutrici\u00f3n\"\u2026","rel":"","context":"En \u00abNI\u00d1OS Y NI\u00d1AS\u00bb","block_context":{"text":"NI\u00d1OS Y NI\u00d1AS","link":"https:\/\/oui-oui.es\/blog\/category\/ninos\/"},"img":{"alt_text":"","src":"https:\/\/i0.wp.com\/oui-oui.es\/blog\/wp-content\/uploads\/2017\/11\/Oui-Oui-bolsas-zip-forma-tarro-reutilizables-kikkerland-2.jpg?resize=350%2C200&ssl=1","width":350,"height":200,"srcset":"https:\/\/i0.wp.com\/oui-oui.es\/blog\/wp-content\/uploads\/2017\/11\/Oui-Oui-bolsas-zip-forma-tarro-reutilizables-kikkerland-2.jpg?resize=350%2C200&ssl=1 1x, https:\/\/i0.wp.com\/oui-oui.es\/blog\/wp-content\/uploads\/2017\/11\/Oui-Oui-bolsas-zip-forma-tarro-reutilizables-kikkerland-2.jpg?resize=525%2C300&ssl=1 1.5x, https:\/\/i0.wp.com\/oui-oui.es\/blog\/wp-content\/uploads\/2017\/11\/Oui-Oui-bolsas-zip-forma-tarro-reutilizables-kikkerland-2.jpg?resize=700%2C400&ssl=1 2x, https:\/\/i0.wp.com\/oui-oui.es\/blog\/wp-content\/uploads\/2017\/11\/Oui-Oui-bolsas-zip-forma-tarro-reutilizables-kikkerland-2.jpg?resize=1050%2C600&ssl=1 3x, https:\/\/i0.wp.com\/oui-oui.es\/blog\/wp-content\/uploads\/2017\/11\/Oui-Oui-bolsas-zip-forma-tarro-reutilizables-kikkerland-2.jpg?resize=1400%2C800&ssl=1 4x"},"classes":[]}],"_links":{"self":[{"href":"https:\/\/oui-oui.es\/blog\/wp-json\/wp\/v2\/posts\/10456","targetHints":{"allow":["GET"]}}],"collection":[{"href":"https:\/\/oui-oui.es\/blog\/wp-json\/wp\/v2\/posts"}],"about":[{"href":"https:\/\/oui-oui.es\/blog\/wp-json\/wp\/v2\/types\/post"}],"author":[{"embeddable":true,"href":"https:\/\/oui-oui.es\/blog\/wp-json\/wp\/v2\/users\/1"}],"replies":[{"embeddable":true,"href":"https:\/\/oui-oui.es\/blog\/wp-json\/wp\/v2\/comments?post=10456"}],"version-history":[{"count":2,"href":"https:\/\/oui-oui.es\/blog\/wp-json\/wp\/v2\/posts\/10456\/revisions"}],"predecessor-version":[{"id":10465,"href":"https:\/\/oui-oui.es\/blog\/wp-json\/wp\/v2\/posts\/10456\/revisions\/10465"}],"wp:featuredmedia":[{"embeddable":true,"href":"https:\/\/oui-oui.es\/blog\/wp-json\/wp\/v2\/media\/10460"}],"wp:attachment":[{"href":"https:\/\/oui-oui.es\/blog\/wp-json\/wp\/v2\/media?parent=10456"}],"wp:term":[{"taxonomy":"category","embeddable":true,"href":"https:\/\/oui-oui.es\/blog\/wp-json\/wp\/v2\/categories?post=10456"},{"taxonomy":"post_tag","embeddable":true,"href":"https:\/\/oui-oui.es\/blog\/wp-json\/wp\/v2\/tags?post=10456"}],"curies":[{"name":"wp","href":"https:\/\/api.w.org\/{rel}","templated":true}]}}