{"id":10505,"date":"2020-05-19T21:06:55","date_gmt":"2020-05-19T19:06:55","guid":{"rendered":"https:\/\/oui-oui.es\/blog\/?p=10505"},"modified":"2020-05-19T21:06:57","modified_gmt":"2020-05-19T19:06:57","slug":"los-cuentos-que-hemos-leido-ultimamente","status":"publish","type":"post","link":"https:\/\/oui-oui.es\/blog\/los-cuentos-que-hemos-leido-ultimamente\/","title":{"rendered":"Los cuentos que hemos le\u00eddo \u00faltimamente"},"content":{"rendered":"\n<p>Hace un a\u00f1o me propuse compartir en el blog los cuentos que le\u00edamos cada mes&#8230;Creo que escrib\u00ed dos post y ah\u00ed se qued\u00f3 la idea, si bien s\u00ed que comparto todas nuestras lecturas en <strong>Stories de <a aria-label=\"mi cuenta de Instagram (opens in a new tab)\" href=\"https:\/\/www.instagram.com\/mariaouioui\/\" target=\"_blank\" rel=\"noreferrer noopener\" class=\"aioseop-link\">mi cuenta de Instagram<\/a><\/strong> y ten\u00e9is sendos destacados <strong><a aria-label=\" (opens in a new tab)\" href=\"https:\/\/www.instagram.com\/stories\/highlights\/17949853771020205\/\" target=\"_blank\" rel=\"noreferrer noopener\" class=\"aioseop-link\">HOY LEEMOS 1<\/a> y <a aria-label=\"HOY LEEMOS 2 (opens in a new tab)\" href=\"https:\/\/www.instagram.com\/stories\/highlights\/17880944470613044\/\" target=\"_blank\" rel=\"noreferrer noopener\" class=\"aioseop-link\">HOY LEEMOS 2<\/a><\/strong> para las lecturas infantiles y <strong><a aria-label=\" (opens in a new tab)\" href=\"https:\/\/www.instagram.com\/stories\/highlights\/17926951339020614\/\" target=\"_blank\" rel=\"noreferrer noopener\" class=\"aioseop-link\">LIBROS 1<\/a><\/strong> y <strong><a aria-label=\" (opens in a new tab)\" href=\"https:\/\/www.instagram.com\/stories\/highlights\/17984768062275222\/\" target=\"_blank\" rel=\"noreferrer noopener\" class=\"aioseop-link\">LIBROS 2<\/a><\/strong> para los que leo yo, me gusta tambi\u00e9n dejarlos aqu\u00ed en el blog, as\u00ed que no me pondr\u00e9 objetivo mensual pero s\u00ed al menos trimestral, especialmente con la situaci\u00f3n que estamos viviendo sin colegios, y lo que nos queda&#8230;<\/p>\n\n\n\n<p>En casa nos (les) encantan los cuentos y tenemos una gran variedad de distintos temas, para m\u00ed es muy importante que se vayan enganchando a ellos por distintos motivos, as\u00ed siempre esperan la hora del cuento con mucha emoci\u00f3n y ganas, alguno les atrapan y lo tenemos que leer todos los d\u00edas durante semanas y otros los len una vez y, de repente ellos mismos vuelven a ese cuento pasadas unas semanas.<\/p>\n\n\n\n<p>Mis hijo mayor tiene 6 a\u00f1os y la peque\u00f1a 4, para orientaros, auqnue cada ni\u00f1o y cada ni\u00f1a son un mundo en cuanto a gustos y nivel de comprensi\u00f3n.<\/p>\n\n\n\n<figure class=\"wp-block-image size-large\"><img loading=\"lazy\" decoding=\"async\" width=\"1024\" height=\"768\" src=\"https:\/\/oui-oui.es\/blog\/wp-content\/uploads\/2020\/05\/Oui-Oui-libros-recomendados-infantil-primaria-cuentos-para-ni\u00f1os-cuatro-a\u00f1os-cinco-a\u00f1os-patio-editorial-tramintana-beascoa-daniela-pirata-1-1024x768.jpg\" alt=\"\" class=\"wp-image-10506\" srcset=\"https:\/\/oui-oui.es\/blog\/wp-content\/uploads\/2020\/05\/Oui-Oui-libros-recomendados-infantil-primaria-cuentos-para-ni\u00f1os-cuatro-a\u00f1os-cinco-a\u00f1os-patio-editorial-tramintana-beascoa-daniela-pirata-1-1024x768.jpg 1024w, https:\/\/oui-oui.es\/blog\/wp-content\/uploads\/2020\/05\/Oui-Oui-libros-recomendados-infantil-primaria-cuentos-para-ni\u00f1os-cuatro-a\u00f1os-cinco-a\u00f1os-patio-editorial-tramintana-beascoa-daniela-pirata-1-300x225.jpg 300w, https:\/\/oui-oui.es\/blog\/wp-content\/uploads\/2020\/05\/Oui-Oui-libros-recomendados-infantil-primaria-cuentos-para-ni\u00f1os-cuatro-a\u00f1os-cinco-a\u00f1os-patio-editorial-tramintana-beascoa-daniela-pirata-1-768x576.jpg 768w, https:\/\/oui-oui.es\/blog\/wp-content\/uploads\/2020\/05\/Oui-Oui-libros-recomendados-infantil-primaria-cuentos-para-ni\u00f1os-cuatro-a\u00f1os-cinco-a\u00f1os-patio-editorial-tramintana-beascoa-daniela-pirata-1-600x450.jpg 600w, https:\/\/oui-oui.es\/blog\/wp-content\/uploads\/2020\/05\/Oui-Oui-libros-recomendados-infantil-primaria-cuentos-para-ni\u00f1os-cuatro-a\u00f1os-cinco-a\u00f1os-patio-editorial-tramintana-beascoa-daniela-pirata-1-1536x1152.jpg 1536w, https:\/\/oui-oui.es\/blog\/wp-content\/uploads\/2020\/05\/Oui-Oui-libros-recomendados-infantil-primaria-cuentos-para-ni\u00f1os-cuatro-a\u00f1os-cinco-a\u00f1os-patio-editorial-tramintana-beascoa-daniela-pirata-1-640x480.jpg 640w, https:\/\/oui-oui.es\/blog\/wp-content\/uploads\/2020\/05\/Oui-Oui-libros-recomendados-infantil-primaria-cuentos-para-ni\u00f1os-cuatro-a\u00f1os-cinco-a\u00f1os-patio-editorial-tramintana-beascoa-daniela-pirata-1.jpg 1959w\" sizes=\"auto, (max-width: 1024px) 100vw, 1024px\" \/><\/figure>\n\n\n\n<p><strong><a aria-label=\"El libro de los Trabalenguas (opens in a new tab)\" href=\"https:\/\/amzn.to\/2ZeGwOu\" target=\"_blank\" rel=\"noreferrer noopener\" class=\"aioseop-link\">El libro de los Trabalenguas<\/a><\/strong>, de Esther Villard\u00f3n y Paula Blumen, editado por <a aria-label=\"Beascoa (opens in a new tab)\" href=\"https:\/\/www.megustaleer.com\/editoriales\/beascoa\/BE\" target=\"_blank\" rel=\"noreferrer noopener\" class=\"aioseop-link\">Beascoa<\/a>&#8230;Este cuento les enganch\u00f3 desde el primer momento, especialmente a mi hijo mayor, ret\u00e1ndole a leerlos sin equivocarse e intentando hacerlo m\u00e1s deprisa cada vez, muy recomendable!<\/p>\n\n\n\n<p><strong><a aria-label=\"Poema al Pedo (opens in a new tab)\" href=\"https:\/\/amzn.to\/3g6Oejt\" target=\"_blank\" rel=\"noreferrer noopener\" class=\"aioseop-link\">Poema al Pedo<\/a><\/strong>, una adaptaci\u00f3n de un poema de Quevedo con el que, literalmente se parten de risa, ya sab\u00e9is lo que les gustan estos temas a estas edades&#8230;Tambi\u00e9n editado por <a aria-label=\"Beascoa (opens in a new tab)\" href=\"https:\/\/www.megustaleer.com\/editoriales\/beascoa\/BE\" target=\"_blank\" rel=\"noreferrer noopener\" class=\"aioseop-link\">Beascoa<\/a><\/p>\n\n\n\n<figure class=\"wp-block-image size-large\"><img loading=\"lazy\" decoding=\"async\" width=\"1024\" height=\"768\" src=\"https:\/\/oui-oui.es\/blog\/wp-content\/uploads\/2020\/05\/Oui-Oui-libros-recomendados-infantil-primaria-cuentos-para-ni\u00f1os-cuatro-a\u00f1os-cinco-a\u00f1os-patio-editorial-tramintana-beascoa-daniela-pirata-2-1024x768.jpg\" alt=\"\" class=\"wp-image-10507\" srcset=\"https:\/\/oui-oui.es\/blog\/wp-content\/uploads\/2020\/05\/Oui-Oui-libros-recomendados-infantil-primaria-cuentos-para-ni\u00f1os-cuatro-a\u00f1os-cinco-a\u00f1os-patio-editorial-tramintana-beascoa-daniela-pirata-2-1024x768.jpg 1024w, https:\/\/oui-oui.es\/blog\/wp-content\/uploads\/2020\/05\/Oui-Oui-libros-recomendados-infantil-primaria-cuentos-para-ni\u00f1os-cuatro-a\u00f1os-cinco-a\u00f1os-patio-editorial-tramintana-beascoa-daniela-pirata-2-300x225.jpg 300w, https:\/\/oui-oui.es\/blog\/wp-content\/uploads\/2020\/05\/Oui-Oui-libros-recomendados-infantil-primaria-cuentos-para-ni\u00f1os-cuatro-a\u00f1os-cinco-a\u00f1os-patio-editorial-tramintana-beascoa-daniela-pirata-2-768x576.jpg 768w, https:\/\/oui-oui.es\/blog\/wp-content\/uploads\/2020\/05\/Oui-Oui-libros-recomendados-infantil-primaria-cuentos-para-ni\u00f1os-cuatro-a\u00f1os-cinco-a\u00f1os-patio-editorial-tramintana-beascoa-daniela-pirata-2-600x450.jpg 600w, https:\/\/oui-oui.es\/blog\/wp-content\/uploads\/2020\/05\/Oui-Oui-libros-recomendados-infantil-primaria-cuentos-para-ni\u00f1os-cuatro-a\u00f1os-cinco-a\u00f1os-patio-editorial-tramintana-beascoa-daniela-pirata-2-1536x1152.jpg 1536w, https:\/\/oui-oui.es\/blog\/wp-content\/uploads\/2020\/05\/Oui-Oui-libros-recomendados-infantil-primaria-cuentos-para-ni\u00f1os-cuatro-a\u00f1os-cinco-a\u00f1os-patio-editorial-tramintana-beascoa-daniela-pirata-2-640x480.jpg 640w, https:\/\/oui-oui.es\/blog\/wp-content\/uploads\/2020\/05\/Oui-Oui-libros-recomendados-infantil-primaria-cuentos-para-ni\u00f1os-cuatro-a\u00f1os-cinco-a\u00f1os-patio-editorial-tramintana-beascoa-daniela-pirata-2.jpg 2016w\" sizes=\"auto, (max-width: 1024px) 100vw, 1024px\" \/><\/figure>\n\n\n\n<p><strong><a aria-label=\"Creativas (opens in a new tab)\" href=\"https:\/\/amzn.to\/2Zj5VXf\" target=\"_blank\" rel=\"noreferrer noopener\" class=\"aioseop-link\">Creativas<\/a><\/strong>, un recopilatorio de biograf\u00edas de mujeres con nombres menos conocidos de los habituales como <strong>Astrid Lindgren<\/strong> o <strong>Artemisa Gentileschi<\/strong>, incluye tambi\u00e9n a <strong>J.K Rowling<\/strong> que ha apasionado a mi hijo (6) por haber escrito Harry Potter (aunque a\u00fan no lo ha le\u00eddo, pero han visto la peli), editado por <a aria-label=\"ShackletonBooks Kids (opens in a new tab)\" href=\"https:\/\/shackletonbooks.com\/14-kids\" target=\"_blank\" rel=\"noreferrer noopener\" class=\"aioseop-link\">ShackletonBooks Kids<\/a><\/p>\n\n\n\n<p><strong><a aria-label=\"Amigas (opens in a new tab)\" href=\"https:\/\/amzn.to\/2WICQ5P\" target=\"_blank\" rel=\"noreferrer noopener\" class=\"aioseop-link\">Amigas<\/a><\/strong>; un canto a la amistad respetando el espacio de cada una y lo importante de apoyarse las unas a las otras, escrito por Lauren Ace y Jenny Louli y editado por <a aria-label=\" (opens in a new tab)\" href=\"https:\/\/www.maeva.es\/maevayoung\" target=\"_blank\" rel=\"noreferrer noopener\" class=\"aioseop-link\">Maeva Young<\/a><\/p>\n\n\n\n<p><strong><a aria-label=\"Las princesas m\u00e1s valientes (opens in a new tab)\" href=\"https:\/\/amzn.to\/3cPiVYs\" target=\"_blank\" rel=\"noreferrer noopener\" class=\"aioseop-link\">Las princesas m\u00e1s valientes<\/a><\/strong>; este cuento les ha gustado mucho y a m\u00ed ME HA ENCANTADO, de los cuentos <a aria-label=\"para educar sin estereotipos (opens in a new tab)\" href=\"https:\/\/www.instagram.com\/educarsinestereotipos_\/\" target=\"_blank\" rel=\"noreferrer noopener\" class=\"aioseop-link\">para educar sin estereotipos<\/a> m\u00e1s diferentes e inclusivos que he le\u00eddo \u00faltimamente, retrata multitud de mujeres diferetes, tanto personal como laboral y familiarmente, presiento que seguiremos ley\u00e9ndolo mucho tiempo y que, especialmente mi hija lo reeler\u00e1 cuando sea m\u00e1s mayor. Escrito por Dolores Brown e ilustrado por Sonja Wimmer, editado por <a aria-label=\"Nube Ocho (opens in a new tab)\" href=\"http:\/\/nubeocho.com\/index.php\/es\/\" target=\"_blank\" rel=\"noreferrer noopener\" class=\"aioseop-link\">Nube Ocho<\/a><\/p>\n\n\n\n<p><strong><a aria-label=\"Daniela Pirata (opens in a new tab)\" href=\"https:\/\/amzn.to\/2TmAK9M\" target=\"_blank\" rel=\"noreferrer noopener\" class=\"aioseop-link\">Daniela Pirata<\/a><\/strong>; \u00e9ste, sin duda, es su favorito de los \u00faltimos meses, adem\u00e1s de los dos; de \u00e9l (6 a\u00f1os) y de ella (4)..Hasta mi hija de 4 a\u00f1os se lo sabe de memoria!, cuenta la historia de una pirata que no teme a nada y quiere pertenecer a la tripulaci\u00f3n del barco m\u00e1s temido del oc\u00e9ano, cuando consigue alcanzarle se lo dice y el capit\u00e1n le pone una serie de retos imposibles para aceptarla; ella los logra y, a\u00fan as\u00ed, no la acepta en su barco porque es una chica&#8230;El final no os lo cuento porque merece mucho la pena que os lo compr\u00e9is! han sacado otro cuento que es <strong><a aria-label=\" (opens in a new tab)\" href=\"https:\/\/amzn.to\/2X547hG\" target=\"_blank\" rel=\"noreferrer noopener\" class=\"aioseop-link\">\u00abDaniela y las chicas piratas\u00bb<\/a><\/strong> que estamos deseando leer. Editado tambi\u00e9n por <a aria-label=\"Nube Ocho (opens in a new tab)\" href=\"http:\/\/nubeocho.com\/index.php\/es\/\" target=\"_blank\" rel=\"noreferrer noopener\" class=\"aioseop-link\">Nube Ocho<\/a><\/p>\n\n\n\n<p><\/p>\n\n\n\n<figure class=\"wp-block-image size-large\"><img loading=\"lazy\" decoding=\"async\" width=\"1024\" height=\"768\" src=\"https:\/\/oui-oui.es\/blog\/wp-content\/uploads\/2020\/05\/Oui-Oui-libros-recomendados-infantil-primaria-cuentos-para-ni\u00f1os-cuatro-a\u00f1os-cinco-a\u00f1os-patio-editorial-tramintana-beascoa-daniela-pirata-3-1024x768.jpg\" alt=\"\" class=\"wp-image-10508\" srcset=\"https:\/\/oui-oui.es\/blog\/wp-content\/uploads\/2020\/05\/Oui-Oui-libros-recomendados-infantil-primaria-cuentos-para-ni\u00f1os-cuatro-a\u00f1os-cinco-a\u00f1os-patio-editorial-tramintana-beascoa-daniela-pirata-3-1024x768.jpg 1024w, https:\/\/oui-oui.es\/blog\/wp-content\/uploads\/2020\/05\/Oui-Oui-libros-recomendados-infantil-primaria-cuentos-para-ni\u00f1os-cuatro-a\u00f1os-cinco-a\u00f1os-patio-editorial-tramintana-beascoa-daniela-pirata-3-300x225.jpg 300w, https:\/\/oui-oui.es\/blog\/wp-content\/uploads\/2020\/05\/Oui-Oui-libros-recomendados-infantil-primaria-cuentos-para-ni\u00f1os-cuatro-a\u00f1os-cinco-a\u00f1os-patio-editorial-tramintana-beascoa-daniela-pirata-3-768x576.jpg 768w, https:\/\/oui-oui.es\/blog\/wp-content\/uploads\/2020\/05\/Oui-Oui-libros-recomendados-infantil-primaria-cuentos-para-ni\u00f1os-cuatro-a\u00f1os-cinco-a\u00f1os-patio-editorial-tramintana-beascoa-daniela-pirata-3-600x450.jpg 600w, https:\/\/oui-oui.es\/blog\/wp-content\/uploads\/2020\/05\/Oui-Oui-libros-recomendados-infantil-primaria-cuentos-para-ni\u00f1os-cuatro-a\u00f1os-cinco-a\u00f1os-patio-editorial-tramintana-beascoa-daniela-pirata-3-1536x1152.jpg 1536w, https:\/\/oui-oui.es\/blog\/wp-content\/uploads\/2020\/05\/Oui-Oui-libros-recomendados-infantil-primaria-cuentos-para-ni\u00f1os-cuatro-a\u00f1os-cinco-a\u00f1os-patio-editorial-tramintana-beascoa-daniela-pirata-3-640x480.jpg 640w, https:\/\/oui-oui.es\/blog\/wp-content\/uploads\/2020\/05\/Oui-Oui-libros-recomendados-infantil-primaria-cuentos-para-ni\u00f1os-cuatro-a\u00f1os-cinco-a\u00f1os-patio-editorial-tramintana-beascoa-daniela-pirata-3.jpg 2016w\" sizes=\"auto, (max-width: 1024px) 100vw, 1024px\" \/><\/figure>\n\n\n\n<p><strong><a aria-label=\" (opens in a new tab)\" href=\"https:\/\/tramuntanaeditorial.com\/es\/catalogo\/las-mu%C3%B1ecas-son-para-las-ni%C3%B1as\" target=\"_blank\" rel=\"noreferrer noopener\" class=\"aioseop-link\">Las mu\u00f1ecas son para las ni\u00f1as<\/a><\/strong>; este cuento es perfecto para hablar sobre la libertad que tenemos cada uno de elegir jugar con lo que m\u00e1s nos guste, sin que haya juguetes \u00abde ni\u00f1a\u00bb o \u00abde ni\u00f1o\u00bb, editado por Tramuntana.<\/p>\n\n\n\n<figure class=\"wp-block-image size-large\"><img loading=\"lazy\" decoding=\"async\" width=\"1024\" height=\"768\" src=\"https:\/\/oui-oui.es\/blog\/wp-content\/uploads\/2020\/05\/Oui-Oui-libros-recomendados-infantil-primaria-cuentos-para-ni\u00f1os-cuatro-a\u00f1os-cinco-a\u00f1os-patio-editorial-tramintana-beascoa-daniela-pirata-8-1024x768.jpg\" alt=\"\" class=\"wp-image-10513\" srcset=\"https:\/\/oui-oui.es\/blog\/wp-content\/uploads\/2020\/05\/Oui-Oui-libros-recomendados-infantil-primaria-cuentos-para-ni\u00f1os-cuatro-a\u00f1os-cinco-a\u00f1os-patio-editorial-tramintana-beascoa-daniela-pirata-8-1024x768.jpg 1024w, https:\/\/oui-oui.es\/blog\/wp-content\/uploads\/2020\/05\/Oui-Oui-libros-recomendados-infantil-primaria-cuentos-para-ni\u00f1os-cuatro-a\u00f1os-cinco-a\u00f1os-patio-editorial-tramintana-beascoa-daniela-pirata-8-300x225.jpg 300w, https:\/\/oui-oui.es\/blog\/wp-content\/uploads\/2020\/05\/Oui-Oui-libros-recomendados-infantil-primaria-cuentos-para-ni\u00f1os-cuatro-a\u00f1os-cinco-a\u00f1os-patio-editorial-tramintana-beascoa-daniela-pirata-8-768x576.jpg 768w, https:\/\/oui-oui.es\/blog\/wp-content\/uploads\/2020\/05\/Oui-Oui-libros-recomendados-infantil-primaria-cuentos-para-ni\u00f1os-cuatro-a\u00f1os-cinco-a\u00f1os-patio-editorial-tramintana-beascoa-daniela-pirata-8-600x450.jpg 600w, https:\/\/oui-oui.es\/blog\/wp-content\/uploads\/2020\/05\/Oui-Oui-libros-recomendados-infantil-primaria-cuentos-para-ni\u00f1os-cuatro-a\u00f1os-cinco-a\u00f1os-patio-editorial-tramintana-beascoa-daniela-pirata-8-1536x1152.jpg 1536w, https:\/\/oui-oui.es\/blog\/wp-content\/uploads\/2020\/05\/Oui-Oui-libros-recomendados-infantil-primaria-cuentos-para-ni\u00f1os-cuatro-a\u00f1os-cinco-a\u00f1os-patio-editorial-tramintana-beascoa-daniela-pirata-8-640x480.jpg 640w, https:\/\/oui-oui.es\/blog\/wp-content\/uploads\/2020\/05\/Oui-Oui-libros-recomendados-infantil-primaria-cuentos-para-ni\u00f1os-cuatro-a\u00f1os-cinco-a\u00f1os-patio-editorial-tramintana-beascoa-daniela-pirata-8.jpg 2016w\" sizes=\"auto, (max-width: 1024px) 100vw, 1024px\" \/><\/figure>\n\n\n\n<p><strong><a aria-label=\"C\u00f3mo educar bien a los padres (opens in a new tab)\" href=\"https:\/\/tramuntanaeditorial.com\/es\/catalogo\/c%C3%B3mo-educar-bien-los-padres\" target=\"_blank\" rel=\"noreferrer noopener\" class=\"aioseop-link\">C\u00f3mo educar bien a los padres<\/a><\/strong>; este cuento me gan\u00f3 por el t\u00edtulo y es una divertida forma de darle la vuelta a los roles de padres, madres, hijos e hijas y que, por un rato, todos nos cambiemos de papel, muy divertido tambi\u00e9n. Escrito e ilustrado por Katharina Grossmann , editado por Tramuntana.<\/p>\n\n\n\n<figure class=\"wp-block-image size-large\"><img loading=\"lazy\" decoding=\"async\" width=\"1024\" height=\"768\" src=\"https:\/\/oui-oui.es\/blog\/wp-content\/uploads\/2020\/05\/Oui-Oui-libros-recomendados-infantil-primaria-cuentos-para-ni\u00f1os-cuatro-a\u00f1os-cinco-a\u00f1os-patio-editorial-tramintana-beascoa-daniela-pirata-7-1024x768.jpg\" alt=\"\" class=\"wp-image-10512\" srcset=\"https:\/\/oui-oui.es\/blog\/wp-content\/uploads\/2020\/05\/Oui-Oui-libros-recomendados-infantil-primaria-cuentos-para-ni\u00f1os-cuatro-a\u00f1os-cinco-a\u00f1os-patio-editorial-tramintana-beascoa-daniela-pirata-7-1024x768.jpg 1024w, https:\/\/oui-oui.es\/blog\/wp-content\/uploads\/2020\/05\/Oui-Oui-libros-recomendados-infantil-primaria-cuentos-para-ni\u00f1os-cuatro-a\u00f1os-cinco-a\u00f1os-patio-editorial-tramintana-beascoa-daniela-pirata-7-300x225.jpg 300w, https:\/\/oui-oui.es\/blog\/wp-content\/uploads\/2020\/05\/Oui-Oui-libros-recomendados-infantil-primaria-cuentos-para-ni\u00f1os-cuatro-a\u00f1os-cinco-a\u00f1os-patio-editorial-tramintana-beascoa-daniela-pirata-7-768x576.jpg 768w, https:\/\/oui-oui.es\/blog\/wp-content\/uploads\/2020\/05\/Oui-Oui-libros-recomendados-infantil-primaria-cuentos-para-ni\u00f1os-cuatro-a\u00f1os-cinco-a\u00f1os-patio-editorial-tramintana-beascoa-daniela-pirata-7-600x450.jpg 600w, https:\/\/oui-oui.es\/blog\/wp-content\/uploads\/2020\/05\/Oui-Oui-libros-recomendados-infantil-primaria-cuentos-para-ni\u00f1os-cuatro-a\u00f1os-cinco-a\u00f1os-patio-editorial-tramintana-beascoa-daniela-pirata-7-1536x1152.jpg 1536w, https:\/\/oui-oui.es\/blog\/wp-content\/uploads\/2020\/05\/Oui-Oui-libros-recomendados-infantil-primaria-cuentos-para-ni\u00f1os-cuatro-a\u00f1os-cinco-a\u00f1os-patio-editorial-tramintana-beascoa-daniela-pirata-7-640x480.jpg 640w, https:\/\/oui-oui.es\/blog\/wp-content\/uploads\/2020\/05\/Oui-Oui-libros-recomendados-infantil-primaria-cuentos-para-ni\u00f1os-cuatro-a\u00f1os-cinco-a\u00f1os-patio-editorial-tramintana-beascoa-daniela-pirata-7.jpg 2016w\" sizes=\"auto, (max-width: 1024px) 100vw, 1024px\" \/><\/figure>\n\n\n\n<p><strong><a aria-label=\"NIEVE (opens in a new tab)\" href=\"https:\/\/www.patioeditorial.com\/libro\/es\/483-nieve\" target=\"_blank\" rel=\"noreferrer noopener\" class=\"aioseop-link\">NIEVE<\/a><\/strong> es un cuento que llevaba mucho tiempo queriendo, me llamaba cada vez que lo ve\u00eda en alg\u00fan sitio y no defrauda, es un cuento de los que apetece tener entre las manos, por su edici\u00f3n, su papel, el blanco que desprende en sus ilustraciones&#8230;Una historia sencilla pero muy bonita sobre lo que merece la pena esperar muchas veces en la vida, un cuento de abuelo y nieto. Autor Sam Usher, editado por Patio Editorial.<\/p>\n\n\n\n<p>Ahora tenemos tambi\u00e9n la versi\u00f3n <a href=\"https:\/\/www.patioeditorial.com\/libro\/es\/499-sol\" target=\"_blank\" aria-label=\"SOL (opens in a new tab)\" rel=\"noreferrer noopener\" class=\"aioseop-link\"><strong>SOL<\/strong><\/a>, que es ideal para esta \u00e9poca del a\u00f1o; sobre la relaci\u00f3n de un abuelo y su nieto, cuenta la historia de lo que merece la pena esfornzarse para encontrar algo realmente sorprendente.<\/p>\n\n\n\n<p><strong><a aria-label=\"Espera (opens in a new tab)\" href=\"https:\/\/www.patioeditorial.com\/libro\/es\/303-espera\" target=\"_blank\" rel=\"noreferrer noopener\" class=\"aioseop-link\">Espera<\/a><\/strong>; para las que vamos corriendo todo el d\u00eda es una forma de parar, darle valor al ritmo de los m\u00e1s peque\u00f1os y reflexionar con ellos todo lo bueno que tiene no ir tan raido siempre, de Antoinette Portis, editado por Patio Editorial<\/p>\n\n\n\n<figure class=\"wp-block-image size-large\"><img loading=\"lazy\" decoding=\"async\" width=\"1024\" height=\"768\" src=\"https:\/\/oui-oui.es\/blog\/wp-content\/uploads\/2020\/05\/Oui-Oui-libros-recomendados-infantil-primaria-cuentos-para-ni\u00f1os-cuatro-a\u00f1os-cinco-a\u00f1os-patio-editorial-tramintana-beascoa-daniela-pirata-6-1024x768.jpg\" alt=\"\" class=\"wp-image-10511\" srcset=\"https:\/\/oui-oui.es\/blog\/wp-content\/uploads\/2020\/05\/Oui-Oui-libros-recomendados-infantil-primaria-cuentos-para-ni\u00f1os-cuatro-a\u00f1os-cinco-a\u00f1os-patio-editorial-tramintana-beascoa-daniela-pirata-6-1024x768.jpg 1024w, https:\/\/oui-oui.es\/blog\/wp-content\/uploads\/2020\/05\/Oui-Oui-libros-recomendados-infantil-primaria-cuentos-para-ni\u00f1os-cuatro-a\u00f1os-cinco-a\u00f1os-patio-editorial-tramintana-beascoa-daniela-pirata-6-300x225.jpg 300w, https:\/\/oui-oui.es\/blog\/wp-content\/uploads\/2020\/05\/Oui-Oui-libros-recomendados-infantil-primaria-cuentos-para-ni\u00f1os-cuatro-a\u00f1os-cinco-a\u00f1os-patio-editorial-tramintana-beascoa-daniela-pirata-6-768x576.jpg 768w, https:\/\/oui-oui.es\/blog\/wp-content\/uploads\/2020\/05\/Oui-Oui-libros-recomendados-infantil-primaria-cuentos-para-ni\u00f1os-cuatro-a\u00f1os-cinco-a\u00f1os-patio-editorial-tramintana-beascoa-daniela-pirata-6-600x450.jpg 600w, https:\/\/oui-oui.es\/blog\/wp-content\/uploads\/2020\/05\/Oui-Oui-libros-recomendados-infantil-primaria-cuentos-para-ni\u00f1os-cuatro-a\u00f1os-cinco-a\u00f1os-patio-editorial-tramintana-beascoa-daniela-pirata-6-1536x1152.jpg 1536w, https:\/\/oui-oui.es\/blog\/wp-content\/uploads\/2020\/05\/Oui-Oui-libros-recomendados-infantil-primaria-cuentos-para-ni\u00f1os-cuatro-a\u00f1os-cinco-a\u00f1os-patio-editorial-tramintana-beascoa-daniela-pirata-6-640x480.jpg 640w, https:\/\/oui-oui.es\/blog\/wp-content\/uploads\/2020\/05\/Oui-Oui-libros-recomendados-infantil-primaria-cuentos-para-ni\u00f1os-cuatro-a\u00f1os-cinco-a\u00f1os-patio-editorial-tramintana-beascoa-daniela-pirata-6.jpg 2016w\" sizes=\"auto, (max-width: 1024px) 100vw, 1024px\" \/><\/figure>\n\n\n\n<p><strong><a aria-label=\"Aqu\u00ed viv\u00eda yo (opens in a new tab)\" href=\"https:\/\/www.edelvives.com\/es\/Catalogo\/p\/aqui-vivia-yo\" target=\"_blank\" rel=\"noreferrer noopener\" class=\"aioseop-link\">Aqu\u00ed viv\u00eda yo<\/a><\/strong>; un cuento sobre un agente inmobiliario que, de repente, se ve ense\u00f1ando una casa que le resulta familiar y es porque es la casa donde pas\u00f3 su infancia, a trav\u00e9s de los recuerdos se transporta a su infancia y resulta conmovedor c\u00f3mo recupera multitud de sentimientos olvidados. Escrito por Dani Torrent y editado por <a aria-label=\"Punto Edelvives (opens in a new tab)\" href=\"https:\/\/www.edelvives.com\" target=\"_blank\" rel=\"noreferrer noopener\" class=\"aioseop-link\">Edelvives<\/a>.<\/p>\n\n\n\n<figure class=\"wp-block-image size-large\"><img loading=\"lazy\" decoding=\"async\" width=\"1024\" height=\"768\" src=\"https:\/\/oui-oui.es\/blog\/wp-content\/uploads\/2020\/05\/Oui-Oui-libros-recomendados-infantil-primaria-cuentos-para-ni\u00f1os-cuatro-a\u00f1os-cinco-a\u00f1os-patio-editorial-tramintana-beascoa-daniela-pirata-4-1024x768.jpg\" alt=\"\" class=\"wp-image-10509\" srcset=\"https:\/\/oui-oui.es\/blog\/wp-content\/uploads\/2020\/05\/Oui-Oui-libros-recomendados-infantil-primaria-cuentos-para-ni\u00f1os-cuatro-a\u00f1os-cinco-a\u00f1os-patio-editorial-tramintana-beascoa-daniela-pirata-4-1024x768.jpg 1024w, https:\/\/oui-oui.es\/blog\/wp-content\/uploads\/2020\/05\/Oui-Oui-libros-recomendados-infantil-primaria-cuentos-para-ni\u00f1os-cuatro-a\u00f1os-cinco-a\u00f1os-patio-editorial-tramintana-beascoa-daniela-pirata-4-300x225.jpg 300w, https:\/\/oui-oui.es\/blog\/wp-content\/uploads\/2020\/05\/Oui-Oui-libros-recomendados-infantil-primaria-cuentos-para-ni\u00f1os-cuatro-a\u00f1os-cinco-a\u00f1os-patio-editorial-tramintana-beascoa-daniela-pirata-4-768x576.jpg 768w, https:\/\/oui-oui.es\/blog\/wp-content\/uploads\/2020\/05\/Oui-Oui-libros-recomendados-infantil-primaria-cuentos-para-ni\u00f1os-cuatro-a\u00f1os-cinco-a\u00f1os-patio-editorial-tramintana-beascoa-daniela-pirata-4-600x450.jpg 600w, https:\/\/oui-oui.es\/blog\/wp-content\/uploads\/2020\/05\/Oui-Oui-libros-recomendados-infantil-primaria-cuentos-para-ni\u00f1os-cuatro-a\u00f1os-cinco-a\u00f1os-patio-editorial-tramintana-beascoa-daniela-pirata-4-1536x1152.jpg 1536w, https:\/\/oui-oui.es\/blog\/wp-content\/uploads\/2020\/05\/Oui-Oui-libros-recomendados-infantil-primaria-cuentos-para-ni\u00f1os-cuatro-a\u00f1os-cinco-a\u00f1os-patio-editorial-tramintana-beascoa-daniela-pirata-4-640x480.jpg 640w, https:\/\/oui-oui.es\/blog\/wp-content\/uploads\/2020\/05\/Oui-Oui-libros-recomendados-infantil-primaria-cuentos-para-ni\u00f1os-cuatro-a\u00f1os-cinco-a\u00f1os-patio-editorial-tramintana-beascoa-daniela-pirata-4.jpg 2016w\" sizes=\"auto, (max-width: 1024px) 100vw, 1024px\" \/><\/figure>\n\n\n\n<p>La colecci\u00f3n <strong>Peque\u00f1os H\u00e9roes de Shackelton Kids<\/strong> re\u00fane las biograf\u00edas de personajes masculinos y femeninos relevantes de la historia; en el cole de Mart\u00edn hab\u00edan hablado de <strong>Martin Luther King<\/strong> y me pareci\u00f3 interesante tener el cuento son sus historia; despu\u00e9s nos atrajeron tabi\u00e9n <strong>J.K. Rowling<\/strong>, <strong>Malala, Mozart y Darwin<\/strong>&#8230;Hay muchos m\u00e1s personajes, pode\u00eds verlos <a href=\"https:\/\/shackletonbooks.com\/14-kids\" target=\"_blank\" aria-label=\"AQU\u00cd (opens in a new tab)\" rel=\"noreferrer noopener\" class=\"aioseop-link\">AQU\u00cd<\/a><\/p>\n\n\n\n<figure class=\"wp-block-image size-large\"><img loading=\"lazy\" decoding=\"async\" width=\"1024\" height=\"768\" src=\"https:\/\/oui-oui.es\/blog\/wp-content\/uploads\/2020\/05\/Oui-Oui-libros-recomendados-infantil-primaria-cuentos-para-ni\u00f1os-cuatro-a\u00f1os-cinco-a\u00f1os-patio-editorial-tramintana-beascoa-daniela-pirata-5-1024x768.jpg\" alt=\"\" class=\"wp-image-10510\" srcset=\"https:\/\/oui-oui.es\/blog\/wp-content\/uploads\/2020\/05\/Oui-Oui-libros-recomendados-infantil-primaria-cuentos-para-ni\u00f1os-cuatro-a\u00f1os-cinco-a\u00f1os-patio-editorial-tramintana-beascoa-daniela-pirata-5-1024x768.jpg 1024w, https:\/\/oui-oui.es\/blog\/wp-content\/uploads\/2020\/05\/Oui-Oui-libros-recomendados-infantil-primaria-cuentos-para-ni\u00f1os-cuatro-a\u00f1os-cinco-a\u00f1os-patio-editorial-tramintana-beascoa-daniela-pirata-5-300x225.jpg 300w, https:\/\/oui-oui.es\/blog\/wp-content\/uploads\/2020\/05\/Oui-Oui-libros-recomendados-infantil-primaria-cuentos-para-ni\u00f1os-cuatro-a\u00f1os-cinco-a\u00f1os-patio-editorial-tramintana-beascoa-daniela-pirata-5-768x576.jpg 768w, https:\/\/oui-oui.es\/blog\/wp-content\/uploads\/2020\/05\/Oui-Oui-libros-recomendados-infantil-primaria-cuentos-para-ni\u00f1os-cuatro-a\u00f1os-cinco-a\u00f1os-patio-editorial-tramintana-beascoa-daniela-pirata-5-600x450.jpg 600w, https:\/\/oui-oui.es\/blog\/wp-content\/uploads\/2020\/05\/Oui-Oui-libros-recomendados-infantil-primaria-cuentos-para-ni\u00f1os-cuatro-a\u00f1os-cinco-a\u00f1os-patio-editorial-tramintana-beascoa-daniela-pirata-5-1536x1152.jpg 1536w, https:\/\/oui-oui.es\/blog\/wp-content\/uploads\/2020\/05\/Oui-Oui-libros-recomendados-infantil-primaria-cuentos-para-ni\u00f1os-cuatro-a\u00f1os-cinco-a\u00f1os-patio-editorial-tramintana-beascoa-daniela-pirata-5-640x480.jpg 640w, https:\/\/oui-oui.es\/blog\/wp-content\/uploads\/2020\/05\/Oui-Oui-libros-recomendados-infantil-primaria-cuentos-para-ni\u00f1os-cuatro-a\u00f1os-cinco-a\u00f1os-patio-editorial-tramintana-beascoa-daniela-pirata-5.jpg 2016w\" sizes=\"auto, (max-width: 1024px) 100vw, 1024px\" \/><figcaption><br><\/figcaption><\/figure>\n\n\n\n<p>Y, hasta aqu\u00ed, las nuevas incorporaciones a la biblioteca infantil de casa, si quer\u00e9is saber algo m\u00e1s concreto sobre alguno de los cuentos, \u00a1no dud\u00e9is en escribidme!<\/p>\n","protected":false},"excerpt":{"rendered":"<p>Hace un a\u00f1o me propuse compartir en el blog los cuentos que le\u00edamos cada mes&#8230;Creo que escrib\u00ed dos post y ah\u00ed se qued\u00f3 la idea, si bien s\u00ed que comparto todas nuestras lecturas en Stories de mi cuenta de Instagram y ten\u00e9is sendos destacados HOY LEEMOS 1 y HOY LEEMOS 2 para las lecturas infantiles [&hellip;]<\/p>\n","protected":false},"author":1,"featured_media":10506,"comment_status":"open","ping_status":"open","sticky":false,"template":"","format":"standard","meta":{"jetpack_post_was_ever_published":false,"_jetpack_newsletter_access":"","_jetpack_dont_email_post_to_subs":false,"_jetpack_newsletter_tier_id":0,"_jetpack_memberships_contains_paywalled_content":false,"_jetpack_memberships_contains_paid_content":false,"footnotes":"","jetpack_publicize_message":"","jetpack_publicize_feature_enabled":true,"jetpack_social_post_already_shared":true,"jetpack_social_options":{"image_generator_settings":{"template":"highway","default_image_id":0,"font":"","enabled":false},"version":2}},"categories":[868,18],"tags":[891,812],"class_list":["post-10505","post","type-post","status-publish","format-standard","has-post-thumbnail","hentry","category-educacion","category-regalos-originales-para-ninos","tag-cuentos","tag-libros-para-ninos"],"aioseo_notices":[],"jetpack_publicize_connections":[],"jetpack_featured_media_url":"https:\/\/oui-oui.es\/blog\/wp-content\/uploads\/2020\/05\/Oui-Oui-libros-recomendados-infantil-primaria-cuentos-para-ni\u00f1os-cuatro-a\u00f1os-cinco-a\u00f1os-patio-editorial-tramintana-beascoa-daniela-pirata-1.jpg","jetpack_sharing_enabled":true,"jetpack-related-posts":[{"id":9561,"url":"https:\/\/oui-oui.es\/blog\/hoy-leemos\/","url_meta":{"origin":10505,"position":0},"title":"Hoy leemos","author":"Mar\u00eda \u2665Oui Oui\u2665","date":"21 enero, 2019","format":false,"excerpt":"Como seguro que conocer\u00e9is, hace unos a\u00f1os se empez\u00f3 a utilizar el #HoyLeemos en Instagram para recomendar lecturas infantiles, hoy ese # tiene casi 60.000 fotos, as\u00ed que resulta muy dif\u00edcil filtrar bien en \u00e9l. Pero yo sigo nutri\u00e9ndome mucho de las recomendaciones de libros que hacen otras personas en\u2026","rel":"","context":"En \u00abNI\u00d1OS Y NI\u00d1AS\u00bb","block_context":{"text":"NI\u00d1OS Y NI\u00d1AS","link":"https:\/\/oui-oui.es\/blog\/category\/ninos\/"},"img":{"alt_text":"","src":"https:\/\/i0.wp.com\/oui-oui.es\/blog\/wp-content\/uploads\/2019\/01\/Oui-Oui-hoy-leemos-me-gusta-leer-libros-para-ni%C3%B1os-6.jpg?resize=350%2C200&ssl=1","width":350,"height":200,"srcset":"https:\/\/i0.wp.com\/oui-oui.es\/blog\/wp-content\/uploads\/2019\/01\/Oui-Oui-hoy-leemos-me-gusta-leer-libros-para-ni%C3%B1os-6.jpg?resize=350%2C200&ssl=1 1x, https:\/\/i0.wp.com\/oui-oui.es\/blog\/wp-content\/uploads\/2019\/01\/Oui-Oui-hoy-leemos-me-gusta-leer-libros-para-ni%C3%B1os-6.jpg?resize=525%2C300&ssl=1 1.5x, https:\/\/i0.wp.com\/oui-oui.es\/blog\/wp-content\/uploads\/2019\/01\/Oui-Oui-hoy-leemos-me-gusta-leer-libros-para-ni%C3%B1os-6.jpg?resize=700%2C400&ssl=1 2x, https:\/\/i0.wp.com\/oui-oui.es\/blog\/wp-content\/uploads\/2019\/01\/Oui-Oui-hoy-leemos-me-gusta-leer-libros-para-ni%C3%B1os-6.jpg?resize=1050%2C600&ssl=1 3x, https:\/\/i0.wp.com\/oui-oui.es\/blog\/wp-content\/uploads\/2019\/01\/Oui-Oui-hoy-leemos-me-gusta-leer-libros-para-ni%C3%B1os-6.jpg?resize=1400%2C800&ssl=1 4x"},"classes":[]},{"id":9616,"url":"https:\/\/oui-oui.es\/blog\/en-enero-leimos\/","url_meta":{"origin":10505,"position":1},"title":"En enero le\u00edmos","author":"Mar\u00eda \u2665Oui Oui\u2665","date":"18 febrero, 2019","format":false,"excerpt":"Como os contaba hace unas semanas me he propuesto compartir en el blog las lecturas de casa, tanto de los ni\u00f1os como las m\u00edas, as\u00ed que cada mes compartir\u00e9 las del mes anterior. En Instagram voy subiendo al destacdo de Stories Hoy Leemos los cuentos de los ni\u00f1os y al\u2026","rel":"","context":"En \u00abD\u00eda de la Madre\u00bb","block_context":{"text":"D\u00eda de la Madre","link":"https:\/\/oui-oui.es\/blog\/category\/no-se-que-regalar\/dia-de-la-madre\/"},"img":{"alt_text":"","src":"https:\/\/i0.wp.com\/oui-oui.es\/blog\/wp-content\/uploads\/2019\/02\/Oui-Oui-hoy-leemos-recomendaciones-libros-infantil-1.jpg?resize=350%2C200&ssl=1","width":350,"height":200,"srcset":"https:\/\/i0.wp.com\/oui-oui.es\/blog\/wp-content\/uploads\/2019\/02\/Oui-Oui-hoy-leemos-recomendaciones-libros-infantil-1.jpg?resize=350%2C200&ssl=1 1x, https:\/\/i0.wp.com\/oui-oui.es\/blog\/wp-content\/uploads\/2019\/02\/Oui-Oui-hoy-leemos-recomendaciones-libros-infantil-1.jpg?resize=525%2C300&ssl=1 1.5x, https:\/\/i0.wp.com\/oui-oui.es\/blog\/wp-content\/uploads\/2019\/02\/Oui-Oui-hoy-leemos-recomendaciones-libros-infantil-1.jpg?resize=700%2C400&ssl=1 2x, https:\/\/i0.wp.com\/oui-oui.es\/blog\/wp-content\/uploads\/2019\/02\/Oui-Oui-hoy-leemos-recomendaciones-libros-infantil-1.jpg?resize=1050%2C600&ssl=1 3x, https:\/\/i0.wp.com\/oui-oui.es\/blog\/wp-content\/uploads\/2019\/02\/Oui-Oui-hoy-leemos-recomendaciones-libros-infantil-1.jpg?resize=1400%2C800&ssl=1 4x"},"classes":[]},{"id":2158,"url":"https:\/\/oui-oui.es\/blog\/2158\/","url_meta":{"origin":10505,"position":2},"title":"Celebrando el d\u00eda del libro","author":"Mar\u00eda \u2665Oui Oui\u2665","date":"23 abril, 2015","format":false,"excerpt":"\u00a0 Como creo que ya he contado en otra ocasi\u00f3n, cada a\u00f1o, por el d\u00eda del libro (adem\u00e1s de en otras fechas, claro), mi madre nos regala un libro, el d\u00eda es la excusa, pero as\u00ed, desde que \u00e9ramos peque\u00f1os, hac\u00edamos el ejercicio de pensar y elegir el libro que\u2026","rel":"","context":"En \u00abNI\u00d1OS Y NI\u00d1AS\u00bb","block_context":{"text":"NI\u00d1OS Y NI\u00d1AS","link":"https:\/\/oui-oui.es\/blog\/category\/ninos\/"},"img":{"alt_text":"","src":"https:\/\/i0.wp.com\/oui-oui.es\/blog\/wp-content\/uploads\/2015\/04\/oui-oui-babyouilee-biberon-frapuccino-biberon-starbucks.jpg?resize=350%2C200&ssl=1","width":350,"height":200},"classes":[]},{"id":4659,"url":"https:\/\/oui-oui.es\/blog\/pequena-y-grande-una-coleccion-con-encanto\/","url_meta":{"origin":10505,"position":3},"title":"Peque\u00f1a y Grande, una colecci\u00f3n con encanto","author":"Mar\u00eda \u2665Oui Oui\u2665","date":"14 julio, 2016","format":false,"excerpt":"El verano es un momento ideal para leer, no solo los mayores que tenemos m\u00e1s tiempo sino tambi\u00e9n los peques, tanto a los que les encanta leer cuentos como a Mart\u00edn como a los que a\u00fan no les ha llamado, es un momento perfecto para introducirles nuevas historias, nuevos cuentos,\u2026","rel":"","context":"En \u00abNI\u00d1OS Y NI\u00d1AS\u00bb","block_context":{"text":"NI\u00d1OS Y NI\u00d1AS","link":"https:\/\/oui-oui.es\/blog\/category\/ninos\/"},"img":{"alt_text":"","src":"https:\/\/i0.wp.com\/oui-oui.es\/blog\/wp-content\/uploads\/2016\/07\/Oui-Oui-Peque%C3%B1a-y-Grande-Coco-Chanel.jpg?resize=350%2C200&ssl=1","width":350,"height":200,"srcset":"https:\/\/i0.wp.com\/oui-oui.es\/blog\/wp-content\/uploads\/2016\/07\/Oui-Oui-Peque%C3%B1a-y-Grande-Coco-Chanel.jpg?resize=350%2C200&ssl=1 1x, https:\/\/i0.wp.com\/oui-oui.es\/blog\/wp-content\/uploads\/2016\/07\/Oui-Oui-Peque%C3%B1a-y-Grande-Coco-Chanel.jpg?resize=525%2C300&ssl=1 1.5x, https:\/\/i0.wp.com\/oui-oui.es\/blog\/wp-content\/uploads\/2016\/07\/Oui-Oui-Peque%C3%B1a-y-Grande-Coco-Chanel.jpg?resize=700%2C400&ssl=1 2x, https:\/\/i0.wp.com\/oui-oui.es\/blog\/wp-content\/uploads\/2016\/07\/Oui-Oui-Peque%C3%B1a-y-Grande-Coco-Chanel.jpg?resize=1050%2C600&ssl=1 3x, https:\/\/i0.wp.com\/oui-oui.es\/blog\/wp-content\/uploads\/2016\/07\/Oui-Oui-Peque%C3%B1a-y-Grande-Coco-Chanel.jpg?resize=1400%2C800&ssl=1 4x"},"classes":[]},{"id":8769,"url":"https:\/\/oui-oui.es\/blog\/este-finde-kids-up-christmas-os-esperamos\/","url_meta":{"origin":10505,"position":4},"title":"Este finde \u00a1Kids UP Christmas! Os esperamos","author":"Mar\u00eda \u2665Oui Oui\u2665","date":"14 diciembre, 2017","format":false,"excerpt":"Queda poco m\u00e1s de una semana para Navidad y la mayor\u00eda de nosotros a\u00fan no tenemos ni la mitad de los regalos, queremos hacer algo especial pero nos falta tiempo...Pues te propongo un plan para este finde \u00a1vuelve nuestra pop up infantil! KIDS UP CHRISTMAS. Un espacio, 10 marcas y\u2026","rel":"","context":"En \u00abNI\u00d1OS Y NI\u00d1AS\u00bb","block_context":{"text":"NI\u00d1OS Y NI\u00d1AS","link":"https:\/\/oui-oui.es\/blog\/category\/ninos\/"},"img":{"alt_text":"","src":"https:\/\/i0.wp.com\/oui-oui.es\/blog\/wp-content\/uploads\/2017\/12\/Oui-Oui-puerta-ratoncito-navidad-puertas-ratoncito-perez-marta-machin.jpg?resize=350%2C200&ssl=1","width":350,"height":200,"srcset":"https:\/\/i0.wp.com\/oui-oui.es\/blog\/wp-content\/uploads\/2017\/12\/Oui-Oui-puerta-ratoncito-navidad-puertas-ratoncito-perez-marta-machin.jpg?resize=350%2C200&ssl=1 1x, https:\/\/i0.wp.com\/oui-oui.es\/blog\/wp-content\/uploads\/2017\/12\/Oui-Oui-puerta-ratoncito-navidad-puertas-ratoncito-perez-marta-machin.jpg?resize=525%2C300&ssl=1 1.5x, https:\/\/i0.wp.com\/oui-oui.es\/blog\/wp-content\/uploads\/2017\/12\/Oui-Oui-puerta-ratoncito-navidad-puertas-ratoncito-perez-marta-machin.jpg?resize=700%2C400&ssl=1 2x, https:\/\/i0.wp.com\/oui-oui.es\/blog\/wp-content\/uploads\/2017\/12\/Oui-Oui-puerta-ratoncito-navidad-puertas-ratoncito-perez-marta-machin.jpg?resize=1050%2C600&ssl=1 3x, https:\/\/i0.wp.com\/oui-oui.es\/blog\/wp-content\/uploads\/2017\/12\/Oui-Oui-puerta-ratoncito-navidad-puertas-ratoncito-perez-marta-machin.jpg?resize=1400%2C800&ssl=1 4x"},"classes":[]},{"id":10754,"url":"https:\/\/oui-oui.es\/blog\/mi-primer-libro-cuentos-para-educar-sin-estereotipos\/","url_meta":{"origin":10505,"position":5},"title":"\u00a1Mi primer libro! Cuentos para Educar sin Estereotipos","author":"Mar\u00eda \u2665Oui Oui\u2665","date":"31 marzo, 2022","format":false,"excerpt":"Cuentos para educar sin estereotipos es el primer libro infantil escrito por Mar\u00eda Oui Oui con el firme pro\u00f3sito de conseguir una infancia libre que construya una sociedad igualitaria","rel":"","context":"En \u00abEDUCACI\u00d3N\u00bb","block_context":{"text":"EDUCACI\u00d3N","link":"https:\/\/oui-oui.es\/blog\/category\/educacion\/"},"img":{"alt_text":"","src":"https:\/\/i0.wp.com\/oui-oui.es\/blog\/wp-content\/uploads\/2022\/03\/Oui-Oui-Cuentos-Educar-sin-Estereotipos-Maria-Gijon-Penguis-Random-House-8-scaled.jpg?resize=350%2C200&ssl=1","width":350,"height":200,"srcset":"https:\/\/i0.wp.com\/oui-oui.es\/blog\/wp-content\/uploads\/2022\/03\/Oui-Oui-Cuentos-Educar-sin-Estereotipos-Maria-Gijon-Penguis-Random-House-8-scaled.jpg?resize=350%2C200&ssl=1 1x, https:\/\/i0.wp.com\/oui-oui.es\/blog\/wp-content\/uploads\/2022\/03\/Oui-Oui-Cuentos-Educar-sin-Estereotipos-Maria-Gijon-Penguis-Random-House-8-scaled.jpg?resize=525%2C300&ssl=1 1.5x, https:\/\/i0.wp.com\/oui-oui.es\/blog\/wp-content\/uploads\/2022\/03\/Oui-Oui-Cuentos-Educar-sin-Estereotipos-Maria-Gijon-Penguis-Random-House-8-scaled.jpg?resize=700%2C400&ssl=1 2x, https:\/\/i0.wp.com\/oui-oui.es\/blog\/wp-content\/uploads\/2022\/03\/Oui-Oui-Cuentos-Educar-sin-Estereotipos-Maria-Gijon-Penguis-Random-House-8-scaled.jpg?resize=1050%2C600&ssl=1 3x, https:\/\/i0.wp.com\/oui-oui.es\/blog\/wp-content\/uploads\/2022\/03\/Oui-Oui-Cuentos-Educar-sin-Estereotipos-Maria-Gijon-Penguis-Random-House-8-scaled.jpg?resize=1400%2C800&ssl=1 4x"},"classes":[]}],"_links":{"self":[{"href":"https:\/\/oui-oui.es\/blog\/wp-json\/wp\/v2\/posts\/10505","targetHints":{"allow":["GET"]}}],"collection":[{"href":"https:\/\/oui-oui.es\/blog\/wp-json\/wp\/v2\/posts"}],"about":[{"href":"https:\/\/oui-oui.es\/blog\/wp-json\/wp\/v2\/types\/post"}],"author":[{"embeddable":true,"href":"https:\/\/oui-oui.es\/blog\/wp-json\/wp\/v2\/users\/1"}],"replies":[{"embeddable":true,"href":"https:\/\/oui-oui.es\/blog\/wp-json\/wp\/v2\/comments?post=10505"}],"version-history":[{"count":1,"href":"https:\/\/oui-oui.es\/blog\/wp-json\/wp\/v2\/posts\/10505\/revisions"}],"predecessor-version":[{"id":10514,"href":"https:\/\/oui-oui.es\/blog\/wp-json\/wp\/v2\/posts\/10505\/revisions\/10514"}],"wp:featuredmedia":[{"embeddable":true,"href":"https:\/\/oui-oui.es\/blog\/wp-json\/wp\/v2\/media\/10506"}],"wp:attachment":[{"href":"https:\/\/oui-oui.es\/blog\/wp-json\/wp\/v2\/media?parent=10505"}],"wp:term":[{"taxonomy":"category","embeddable":true,"href":"https:\/\/oui-oui.es\/blog\/wp-json\/wp\/v2\/categories?post=10505"},{"taxonomy":"post_tag","embeddable":true,"href":"https:\/\/oui-oui.es\/blog\/wp-json\/wp\/v2\/tags?post=10505"}],"curies":[{"name":"wp","href":"https:\/\/api.w.org\/{rel}","templated":true}]}}