{"id":1052,"date":"2013-11-29T00:38:42","date_gmt":"2013-11-28T23:38:42","guid":{"rendered":"http:\/\/ouiouiblog.wordpress.com\/?p=1052"},"modified":"2020-05-19T21:56:02","modified_gmt":"2020-05-19T19:56:02","slug":"ahora-si-que-si-navidad","status":"publish","type":"post","link":"https:\/\/oui-oui.es\/blog\/ahora-si-que-si-navidad\/","title":{"rendered":"Ahora s\u00ed que s\u00ed&#8230;Navidad!"},"content":{"rendered":"<p style=\"text-align: center;\"><a href=\"http:\/\/ouiouiblog.files.wordpress.com\/2013\/11\/oui-oui-bodegc3b3n-navidad.jpg\"><img loading=\"lazy\" decoding=\"async\" class=\"aligncenter size-full wp-image-1079\" src=\"http:\/\/ouiouiblog.files.wordpress.com\/2013\/11\/oui-oui-bodegc3b3n-navidad.jpg\" alt=\"Oui Oui-bodeg\u00f3n Navidad\" width=\"529\" height=\"705\"><\/a><\/p>\n<p style=\"text-align: center;\">Desde hace varios a\u00f1os (mejor dicho, desde que dej\u00e9 de irme a esquiar en el Puente de diciembre), la <a href=\"http:\/\/www.oui-oui.es\/35-navidad\" target=\"_blank\" rel=\"noopener noreferrer\"><strong>Navidad<\/strong> <\/a>empieza en ese Puente, pues aprovechamos para sacar los adornos y colocar todo.Este a\u00f1o no ser\u00e1 menos y a\u00fan tengo que pensar bien qu\u00e9 y c\u00f3mo lo quiero colocar, aunque s\u00e9 que no faltar\u00e1 uno de los <a href=\"http:\/\/www.oui-oui.es\/buscar?orderby=position&amp;orderway=desc&amp;search_query=saco&amp;submit_search.x=0&amp;submit_search.y=0\" target=\"_blank\" rel=\"noopener noreferrer\"><strong>sacos<\/strong> <\/a>para los regalos que hemos tra\u00eddo en <strong><a href=\"http:\/\/www.oui-oui.es\/\" target=\"_blank\" rel=\"noopener noreferrer\">Oui Oui<\/a><\/strong><\/p>\n<p style=\"text-align: center;\"><a href=\"http:\/\/www.oui-oui.es\/navidad\/416-saco-merry-christmas.html\"><img loading=\"lazy\" decoding=\"async\" class=\"aligncenter size-full wp-image-1067\" src=\"http:\/\/ouiouiblog.files.wordpress.com\/2013\/11\/oui-oui-sacos-regalos-navidad-merry-christmas-no-abrir-antes-del-25-de-diciembre-abeto.jpg\" alt=\"Oui Oui-sacos regalos navidad-merry christmas-no abrir antes del 25 de diciembre-abeto\" width=\"529\" height=\"529\"><\/a> <a href=\"http:\/\/ouiouiblog.files.wordpress.com\/2013\/11\/oui-oui-saco-regalos-no-abrir-antes-dia-25.jpg\"><img loading=\"lazy\" decoding=\"async\" class=\"aligncenter size-full wp-image-1065\" src=\"http:\/\/ouiouiblog.files.wordpress.com\/2013\/11\/oui-oui-saco-regalos-no-abrir-antes-dia-25.jpg\" alt=\"Oui Oui-saco regalos no abrir antes dia 25\" width=\"529\" height=\"705\"><\/a> <a href=\"http:\/\/www.oui-oui.es\/navidad\/416-saco-merry-christmas.html\"><img loading=\"lazy\" decoding=\"async\" class=\"aligncenter size-full wp-image-1064\" src=\"http:\/\/ouiouiblog.files.wordpress.com\/2013\/11\/oui-oui-saco-regalos-merry-christmas.jpg\" alt=\"Oui Oui-saco regalos merry christmas\" width=\"529\" height=\"705\"><\/a><\/p>\n<p style=\"text-align: center;\">Y la <strong><a href=\"http:\/\/www.oui-oui.es\/navidad\/418-senal-santa-please-stop-here.html\" target=\"_blank\" rel=\"noopener noreferrer\">plaquita<\/a><\/strong> para que Santa Claus no se olvide de nosotros \ud83d\ude09<\/p>\n<p style=\"text-align: center;\"><a href=\"http:\/\/ouiouiblog.files.wordpress.com\/2013\/11\/oui-oui-sec3b1al-santa-para-aquc3ad.jpg\"><img loading=\"lazy\" decoding=\"async\" class=\"aligncenter size-full wp-image-1068\" src=\"http:\/\/ouiouiblog.files.wordpress.com\/2013\/11\/oui-oui-sec3b1al-santa-para-aquc3ad.jpg\" alt=\"Oui Oui-se\u00f1al SANTA para aqu\u00ed\" width=\"529\" height=\"705\"><\/a><\/p>\n<p style=\"text-align: center;\">Pero antes del puente, este finde, tenemos que poner el <a href=\"http:\/\/www.oui-oui.es\/buscar?orderby=position&amp;orderway=desc&amp;search_query=calendario+de+adviento&amp;submit_search.x=0&amp;submit_search.y=0\" target=\"_blank\" rel=\"noopener noreferrer\"><strong>calendario de adviento<\/strong><\/a>!!, mis padres nos regalaban uno todos los a\u00f1os desde ni\u00f1os y el a\u00f1o pasado fu\u00e9 la primera vez que lo puse en nuestra casa, a Mr. Oui le encant\u00f3 (todos los regalitos\/sorpresas se los dediqu\u00e9 a \u00e9l, as\u00ed no me extra\u00f1a).<\/p>\n<p style=\"text-align: center;\"><a href=\"http:\/\/ouiouiblog.files.wordpress.com\/2013\/11\/oui-oui-calendario-adviento-sobres-rojos.jpg\"><img loading=\"lazy\" decoding=\"async\" class=\"aligncenter size-full wp-image-1058\" src=\"http:\/\/ouiouiblog.files.wordpress.com\/2013\/11\/oui-oui-calendario-adviento-sobres-rojos.jpg\" alt=\"Oui Oui-calendario adviento sobres rojos\" width=\"393\" height=\"524\" srcset=\"https:\/\/oui-oui.es\/blog\/wp-content\/uploads\/oui-oui-calendario-adviento-sobres-rojos.jpg 393w, https:\/\/oui-oui.es\/blog\/wp-content\/uploads\/oui-oui-calendario-adviento-sobres-rojos-225x300.jpg 225w\" sizes=\"auto, (max-width: 393px) 100vw, 393px\" \/><\/a><a href=\"http:\/\/ouiouiblog.files.wordpress.com\/2013\/11\/oui-oui-calendario-adviento-sobres-rojos-2.jpg\"><img loading=\"lazy\" decoding=\"async\" class=\"aligncenter size-full wp-image-1056\" src=\"http:\/\/ouiouiblog.files.wordpress.com\/2013\/11\/oui-oui-calendario-adviento-sobres-rojos-2.jpg\" alt=\"Oui Oui-calendario adviento sobres rojos 2\" width=\"393\" height=\"524\" srcset=\"https:\/\/oui-oui.es\/blog\/wp-content\/uploads\/oui-oui-calendario-adviento-sobres-rojos-2.jpg 393w, https:\/\/oui-oui.es\/blog\/wp-content\/uploads\/oui-oui-calendario-adviento-sobres-rojos-2-225x300.jpg 225w\" sizes=\"auto, (max-width: 393px) 100vw, 393px\" \/><\/a><a href=\"http:\/\/ouiouiblog.files.wordpress.com\/2013\/11\/oui-oui-calendario-adviento-sobres-rojos-3.jpg\"><img loading=\"lazy\" decoding=\"async\" class=\"aligncenter size-full wp-image-1057\" src=\"http:\/\/ouiouiblog.files.wordpress.com\/2013\/11\/oui-oui-calendario-adviento-sobres-rojos-3.jpg\" alt=\"Oui Oui-calendario adviento sobres rojos 3\" width=\"393\" height=\"524\" srcset=\"https:\/\/oui-oui.es\/blog\/wp-content\/uploads\/oui-oui-calendario-adviento-sobres-rojos-3.jpg 393w, https:\/\/oui-oui.es\/blog\/wp-content\/uploads\/oui-oui-calendario-adviento-sobres-rojos-3-225x300.jpg 225w\" sizes=\"auto, (max-width: 393px) 100vw, 393px\" \/><\/a><\/p>\n<p style=\"text-align: center;\">Este a\u00f1o me he decantado por este <a href=\"http:\/\/www.oui-oui.es\/navidad\/425-calendario-adviento-sobres.html\" target=\"_blank\" rel=\"noopener noreferrer\"><strong>calendario de adviento con sobrecitos<\/strong><\/a>, me encanta pensar los \u00abvales\u00bb, pueden ser para una cena, para no recoger la mesa o un simple bomb\u00f3n, la cosa es combinar.<\/p>\n<p style=\"text-align: center;\">Eso s\u00ed, he reivindicado mi parte y hemos pensado que cada uno har\u00e1 12 regalitos\/vales\/papelitos para el otro y los meteremos aleatoriamente en los sobres&#8230;<strong>Qu\u00e9 ganas de empezar el d\u00eda 1!<\/strong><\/p>\n<p style=\"text-align: center;\">Y nada m\u00e1s ver este <a href=\"http:\/\/www.oui-oui.es\/navidad\/426-calendario-adviento-macetas.html\" target=\"_blank\" rel=\"noopener noreferrer\"><strong>calendario de adviento<\/strong> m\u00e1s <strong>r\u00fastico<\/strong><\/a> supe que quedar\u00eda genial en la sierra, as\u00ed que tuve que cogerlo tambi\u00e9n!<\/p>\n<p style=\"text-align: center;\"><a href=\"http:\/\/ouiouiblog.files.wordpress.com\/2013\/11\/oui-oui-calendario-adviento-macetitas.jpg\"><img loading=\"lazy\" decoding=\"async\" class=\"aligncenter size-full wp-image-1055\" src=\"http:\/\/ouiouiblog.files.wordpress.com\/2013\/11\/oui-oui-calendario-adviento-macetitas.jpg\" alt=\"Oui Oui-calendario adviento macetitas\" width=\"448\" height=\"300\"><\/a> <a href=\"http:\/\/ouiouiblog.files.wordpress.com\/2013\/11\/oui-oui-calendario-adviento-macetas-de-cerca.jpg\"><img loading=\"lazy\" decoding=\"async\" class=\"aligncenter size-full wp-image-1053\" src=\"http:\/\/ouiouiblog.files.wordpress.com\/2013\/11\/oui-oui-calendario-adviento-macetas-de-cerca.jpg\" alt=\"Oui Oui-calendario adviento macetas de cerca\" width=\"450\" height=\"375\"><\/a><\/p>\n<p style=\"text-align: center;\">Y, como os decia, la <a href=\"http:\/\/www.oui-oui.es\/35-navidad\" target=\"_blank\" rel=\"noopener noreferrer\"><strong>Navidad<\/strong> <\/a>ha llegado a <strong><a href=\"http:\/\/www.oui-oui.es\/\" target=\"_blank\" rel=\"noopener noreferrer\">Oui Oui<\/a><\/strong>, tenemos <strong><a href=\"http:\/\/www.oui-oui.es\/buscar?orderby=position&amp;orderway=desc&amp;search_query=cinta&amp;submit_search.x=0&amp;submit_search.y=0\" target=\"_blank\" rel=\"noopener noreferrer\">cintas de envolver<\/a><\/strong>,<\/p>\n<p style=\"text-align: center;\"><a href=\"http:\/\/ouiouiblog.files.wordpress.com\/2013\/11\/oui-oui-cinta-envolver-pinos-verdes-navidad.jpg\"><img loading=\"lazy\" decoding=\"async\" class=\"aligncenter size-full wp-image-1076\" src=\"http:\/\/ouiouiblog.files.wordpress.com\/2013\/11\/oui-oui-cinta-envolver-pinos-verdes-navidad.jpg\" alt=\"Oui Oui-cinta envolver pinos verdes navidad\" width=\"313\" height=\"295\"><\/a><\/p>\n<p style=\"text-align: center;\"><a href=\"http:\/\/ouiouiblog.files.wordpress.com\/2013\/11\/oui-oui-cinta-envolver-with-much-love.jpg\"><img loading=\"lazy\" decoding=\"async\" class=\"aligncenter size-full wp-image-1062\" src=\"http:\/\/ouiouiblog.files.wordpress.com\/2013\/11\/oui-oui-cinta-envolver-with-much-love.jpg\" alt=\"Oui Oui-cinta envolver-WITH MUCH LOVE\" width=\"529\" height=\"396\"><\/a> <a href=\"http:\/\/ouiouiblog.files.wordpress.com\/2013\/11\/oui-oui-cinta-algodc3b3n-corazones-rojos.jpg\"><img loading=\"lazy\" decoding=\"async\" class=\"aligncenter size-full wp-image-1061\" src=\"http:\/\/ouiouiblog.files.wordpress.com\/2013\/11\/oui-oui-cinta-algodc3b3n-corazones-rojos.jpg\" alt=\"Oui Oui-cinta algod\u00f3n corazones rojos\" width=\"529\" height=\"396\"><\/a> <a href=\"http:\/\/ouiouiblog.files.wordpress.com\/2013\/11\/oui-oui-cinta-algodc3b3n-copos-de-nieve.jpg\"><img loading=\"lazy\" decoding=\"async\" class=\"aligncenter size-full wp-image-1060\" src=\"http:\/\/ouiouiblog.files.wordpress.com\/2013\/11\/oui-oui-cinta-algodc3b3n-copos-de-nieve.jpg\" alt=\"Oui Oui-cinta algod\u00f3n copos de nieve\" width=\"529\" height=\"396\"><\/a> <a href=\"http:\/\/ouiouiblog.files.wordpress.com\/2013\/11\/oui-oui-cinta-algodc3b3n-blanca-merry-christmas.jpg\"><img loading=\"lazy\" decoding=\"async\" class=\"aligncenter size-full wp-image-1059\" src=\"http:\/\/ouiouiblog.files.wordpress.com\/2013\/11\/oui-oui-cinta-algodc3b3n-blanca-merry-christmas.jpg\" alt=\"Oui Oui-cinta algod\u00f3n blanca MERRY CHRISTMAS\" width=\"529\" height=\"396\" srcset=\"https:\/\/oui-oui.es\/blog\/wp-content\/uploads\/oui-oui-cinta-algodc3b3n-blanca-merry-christmas.jpg 699w, https:\/\/oui-oui.es\/blog\/wp-content\/uploads\/oui-oui-cinta-algodc3b3n-blanca-merry-christmas-300x225.jpg 300w\" sizes=\"auto, (max-width: 529px) 100vw, 529px\" \/><\/a><\/p>\n<p style=\"text-align: center;\"><strong> Washi tapes<\/strong>,<\/p>\n<p style=\"text-align: center;\"><a href=\"http:\/\/ouiouiblog.files.wordpress.com\/2013\/11\/oui-oui-washi-tape-blanco-no-abrir-antes-del-25.jpg\"><img loading=\"lazy\" decoding=\"async\" class=\"aligncenter size-full wp-image-1070\" src=\"http:\/\/ouiouiblog.files.wordpress.com\/2013\/11\/oui-oui-washi-tape-blanco-no-abrir-antes-del-25.jpg\" alt=\"Oui Oui-washi tape blanco-no abrir antes del 25\" width=\"529\" height=\"396\"><\/a> <a href=\"http:\/\/ouiouiblog.files.wordpress.com\/2013\/11\/oui-oui-washi-tape-blanco-merry-christmas.jpg\"><img loading=\"lazy\" decoding=\"async\" class=\"aligncenter size-full wp-image-1069\" src=\"http:\/\/ouiouiblog.files.wordpress.com\/2013\/11\/oui-oui-washi-tape-blanco-merry-christmas.jpg\" alt=\"Oui Oui-washi tape blanco-merry christmas\" width=\"529\" height=\"396\"><\/a> <a href=\"http:\/\/ouiouiblog.files.wordpress.com\/2013\/11\/oui-oui-washi-tape-rojo-merry-christmas.jpg\"><img loading=\"lazy\" decoding=\"async\" class=\"aligncenter size-full wp-image-1073\" src=\"http:\/\/ouiouiblog.files.wordpress.com\/2013\/11\/oui-oui-washi-tape-rojo-merry-christmas.jpg\" alt=\"Oui Oui-washi tape rojo-MERRY CHRISTMAS\" width=\"529\" height=\"396\"><\/a> <a href=\"http:\/\/ouiouiblog.files.wordpress.com\/2013\/11\/oui-oui-washi-tape-rojo-lunares.jpg\"><img loading=\"lazy\" decoding=\"async\" class=\"aligncenter size-full wp-image-1072\" src=\"http:\/\/ouiouiblog.files.wordpress.com\/2013\/11\/oui-oui-washi-tape-rojo-lunares.jpg\" alt=\"Oui Oui-washi tape rojo lunares\" width=\"529\" height=\"396\"><\/a> <a href=\"http:\/\/ouiouiblog.files.wordpress.com\/2013\/11\/oui-oui-washi-tape-gris-lunares.jpg\"><img loading=\"lazy\" decoding=\"async\" class=\"aligncenter size-full wp-image-1071\" src=\"http:\/\/ouiouiblog.files.wordpress.com\/2013\/11\/oui-oui-washi-tape-gris-lunares.jpg\" alt=\"Oui Oui-washi tape gris lunares\" width=\"529\" height=\"396\"><\/a><\/p>\n<p style=\"text-align: center;\"><a href=\"http:\/\/www.oui-oui.es\/buscar?orderby=position&amp;orderway=desc&amp;search_query=etiquetas&amp;submit_search.x=0&amp;submit_search.y=0\" target=\"_blank\" rel=\"noopener noreferrer\"><strong>Etiquetas<\/strong><\/a><\/p>\n<p style=\"text-align: center;\"><a href=\"http:\/\/ouiouiblog.files.wordpress.com\/2013\/11\/oui-oui-etiquetas-kraft-surprise.jpg\"><img loading=\"lazy\" decoding=\"async\" class=\"aligncenter size-full wp-image-1063\" src=\"http:\/\/ouiouiblog.files.wordpress.com\/2013\/11\/oui-oui-etiquetas-kraft-surprise.jpg\" alt=\"Oui Oui-etiquetas kraft SURPRISE\" width=\"529\" height=\"396\"><\/a> <a href=\"http:\/\/ouiouiblog.files.wordpress.com\/2013\/11\/oui-oui-etiquetas-cartc3b3n-duro-merry-christmas.jpg\"><img loading=\"lazy\" decoding=\"async\" class=\"aligncenter size-full wp-image-1074\" src=\"http:\/\/ouiouiblog.files.wordpress.com\/2013\/11\/oui-oui-etiquetas-cartc3b3n-duro-merry-christmas.jpg\" alt=\"Oui Oui-etiquetas cart\u00f3n duro MERRY CHRISTMAS\" width=\"529\" height=\"396\"><\/a><\/p>\n<p style=\"text-align: center;\"><a href=\"http:\/\/www.oui-oui.es\/buscar?orderby=position&amp;orderway=desc&amp;search_query=tarro&amp;submit_search.x=0&amp;submit_search.y=0\" target=\"_blank\" rel=\"noopener noreferrer\"><strong>Tarritos de cristal<\/strong><\/a><\/p>\n<p style=\"text-align: center;\"><a href=\"http:\/\/ouiouiblog.files.wordpress.com\/2013\/11\/oui-oui-tarros-de-cristal-para-candy-bar-botes-cristal-mesa-de-dulces.jpg\"><img loading=\"lazy\" decoding=\"async\" class=\"aligncenter size-full wp-image-1075\" src=\"http:\/\/ouiouiblog.files.wordpress.com\/2013\/11\/oui-oui-tarros-de-cristal-para-candy-bar-botes-cristal-mesa-de-dulces.jpg\" alt=\"Oui Oui-tarros de cristal para candy bar-botes cristal mesa de dulces\" width=\"529\" height=\"396\"><\/a><\/p>\n<p style=\"text-align: center;\"><a href=\"http:\/\/www.oui-oui.es\/navidad\/407-cubitos-de-metal-con-copos-de-nieve.html\" target=\"_blank\" rel=\"noopener noreferrer\"><strong>Cubitos para velas<\/strong><\/a>,<\/p>\n<p style=\"text-align: center;\"><a href=\"http:\/\/ouiouiblog.files.wordpress.com\/2013\/11\/oui-oui-cubitos-metal-blancos-copos-de-nieve.jpg\"><img loading=\"lazy\" decoding=\"async\" class=\"aligncenter size-full wp-image-1077\" src=\"http:\/\/ouiouiblog.files.wordpress.com\/2013\/11\/oui-oui-cubitos-metal-blancos-copos-de-nieve.jpg\" alt=\"Oui Oui-cubitos metal blancos copos de nieve\" width=\"300\" height=\"300\"><\/a><\/p>\n<p style=\"text-align: center;\"><a href=\"http:\/\/www.oui-oui.es\/ambiente-boda\/30-portavelas-corazon-rustico.html\" target=\"_blank\" rel=\"noopener noreferrer\"><strong>portavelas de madera<\/strong><\/a><\/p>\n<p style=\"text-align: center;\"><a href=\"http:\/\/ouiouiblog.files.wordpress.com\/2013\/11\/oui-oui-portavelas-tronco-corazc3b3n-boda-rustica-boda-campestre-2.jpg\"><img loading=\"lazy\" decoding=\"async\" class=\"aligncenter size-full wp-image-1078\" src=\"http:\/\/ouiouiblog.files.wordpress.com\/2013\/11\/oui-oui-portavelas-tronco-corazc3b3n-boda-rustica-boda-campestre-2.jpg\" alt=\"Oui Oui-Portavelas-tronco-coraz\u00f3n-boda rustica-boda campestre 2\" width=\"529\" height=\"352\"><\/a>Y alguna sorpresa m\u00e1s que colgar\u00e9 en el fin de semana&#8230;<\/p>\n<p style=\"text-align: center;\">Buen finde a todos!!<\/p>\n<p style=\"text-align: center;\">\n","protected":false},"excerpt":{"rendered":"<p>Desde hace varios a\u00f1os (mejor dicho, desde que dej\u00e9 de irme a esquiar en el Puente de diciembre), la Navidad empieza en ese Puente, pues aprovechamos para sacar los adornos y colocar todo.Este a\u00f1o no ser\u00e1 menos y a\u00fan tengo que pensar bien qu\u00e9 y c\u00f3mo lo quiero colocar, aunque s\u00e9 que no faltar\u00e1 uno [&hellip;]<\/p>\n","protected":false},"author":1,"featured_media":3264,"comment_status":"open","ping_status":"open","sticky":false,"template":"","format":"standard","meta":{"jetpack_post_was_ever_published":false,"_jetpack_newsletter_access":"","_jetpack_dont_email_post_to_subs":false,"_jetpack_newsletter_tier_id":0,"_jetpack_memberships_contains_paywalled_content":false,"_jetpack_memberships_contains_paid_content":false,"footnotes":"","jetpack_publicize_message":"","jetpack_publicize_feature_enabled":true,"jetpack_social_post_already_shared":false,"jetpack_social_options":{"image_generator_settings":{"template":"highway","default_image_id":0,"font":"","enabled":false},"version":2}},"categories":[892],"tags":[584],"class_list":["post-1052","post","type-post","status-publish","format-standard","has-post-thumbnail","hentry","category-navidad","tag-navidad-2"],"aioseo_notices":[],"jetpack_publicize_connections":[],"jetpack_featured_media_url":"https:\/\/oui-oui.es\/blog\/wp-content\/uploads\/2013\/11\/oui-oui-bodegc3b3n-navidad.jpg","jetpack_sharing_enabled":true,"jetpack-related-posts":[{"id":3777,"url":"https:\/\/oui-oui.es\/blog\/empezamos-a-decorar-la-navidad\/","url_meta":{"origin":1052,"position":0},"title":"\u00bfEmpezamos a decorar la Navidad?","author":"Mar\u00eda \u2665Oui Oui\u2665","date":"19 noviembre, 2015","format":false,"excerpt":"Tradicionalmente he empezado a decorar la casa en el puente de diciembre (cuando no estaba esquiando los \u00faltimos a\u00f1os), pero ya me pas\u00f3 el a\u00f1o pasado que, como pasamos varios d\u00edas de Navidad fuera de Madrid, me aprece que \"no he vivido\" la Navidad en casa lo suficiente...As\u00ed que ayer\u2026","rel":"","context":"En \u00abNavidad\u00bb","block_context":{"text":"Navidad","link":"https:\/\/oui-oui.es\/blog\/category\/fiestas-celebraciones\/navidad\/"},"img":{"alt_text":"","src":"https:\/\/i0.wp.com\/oui-oui.es\/blog\/wp-content\/uploads\/2015\/11\/Oui-Oui-arbol-navidad-ramas-arbol-navidad-troncos-colgador-christmas.jpg?resize=350%2C200&ssl=1","width":350,"height":200,"srcset":"https:\/\/i0.wp.com\/oui-oui.es\/blog\/wp-content\/uploads\/2015\/11\/Oui-Oui-arbol-navidad-ramas-arbol-navidad-troncos-colgador-christmas.jpg?resize=350%2C200&ssl=1 1x, https:\/\/i0.wp.com\/oui-oui.es\/blog\/wp-content\/uploads\/2015\/11\/Oui-Oui-arbol-navidad-ramas-arbol-navidad-troncos-colgador-christmas.jpg?resize=525%2C300&ssl=1 1.5x"},"classes":[]},{"id":286,"url":"https:\/\/oui-oui.es\/blog\/una-mesa-de-postres-para-navidad\/","url_meta":{"origin":1052,"position":1},"title":"Una mesa de postres para Navidad","author":"Mar\u00eda \u2665Oui Oui\u2665","date":"11 diciembre, 2012","format":false,"excerpt":"Estas Navidades pasaremos Nochebuena en la sierra, pero como subiremos el viernes es como si la Navidad empezase el 21, ese fin de semana decoraremos, haremos el \u00e1rbol, cocinaremos...Todos juntos para que todo est\u00e9 listo para Nochebuena y Navidad. As\u00ed que, con tiempo por delante, una de las cosas que\u2026","rel":"","context":"En \u00abDECORACI\u00d3N\u00bb","block_context":{"text":"DECORACI\u00d3N","link":"https:\/\/oui-oui.es\/blog\/category\/decoracion-de-casa\/"},"img":{"alt_text":"","src":"https:\/\/i0.wp.com\/oui-oui.es\/blog\/wp-content\/uploads\/oui-oui-navidad-rustica-chic.jpg?resize=350%2C200&ssl=1","width":350,"height":200},"classes":[]},{"id":3853,"url":"https:\/\/oui-oui.es\/blog\/esta-navidad-nos-vemos-en-1001-atmosphera\/","url_meta":{"origin":1052,"position":2},"title":"Esta Navidad nos vemos en 1001 Atmosphera","author":"Mar\u00eda \u2665Oui Oui\u2665","date":"4 diciembre, 2015","format":false,"excerpt":"Como ya es tradici\u00f3n desde hace dos a\u00f1os, por Navidad nos gusta salir a la calle para que pod\u00e1is comprar en directo (sin gastos de env\u00edo!), ver y tocar nuestros productos... Por eso os esperamos la semana que viene, desde el mi\u00e9rcoles 9 de diciembre (a partir de las 16h)\u2026","rel":"","context":"En \u00abOUI OUI\u00bb","block_context":{"text":"OUI OUI","link":"https:\/\/oui-oui.es\/blog\/category\/oui-oui\/"},"img":{"alt_text":"","src":"https:\/\/i0.wp.com\/oui-oui.es\/blog\/wp-content\/uploads\/2015\/12\/atmosphera-1001-navidad-2015-bis.jpg?resize=350%2C200&ssl=1","width":350,"height":200},"classes":[]},{"id":4983,"url":"https:\/\/oui-oui.es\/blog\/ii-venta-navidad-la-colombine\/","url_meta":{"origin":1052,"position":3},"title":"II Venta Navidad La Colombine","author":"Mar\u00eda \u2665Oui Oui\u2665","date":"14 diciembre, 2016","format":false,"excerpt":"Parece que el inicio de la navidad me est\u00e1 pasando por encima y no me da tiempo ni a escribir en el blog, pero hoy he entrado un momento muy r\u00e1pido s\u00f3lo a contaros que esta semana tenemos nuestra segunda (y \u00faltima) Venta de Navidad, en esta ocasi\u00f3n de la\u2026","rel":"","context":"En \u00abOUI OUI\u00bb","block_context":{"text":"OUI OUI","link":"https:\/\/oui-oui.es\/blog\/category\/oui-oui\/"},"img":{"alt_text":"","src":"https:\/\/i0.wp.com\/oui-oui.es\/blog\/wp-content\/uploads\/2016\/12\/Oui-Oui-navidad-2015-Marta-Machin-14.jpg?resize=350%2C200&ssl=1","width":350,"height":200,"srcset":"https:\/\/i0.wp.com\/oui-oui.es\/blog\/wp-content\/uploads\/2016\/12\/Oui-Oui-navidad-2015-Marta-Machin-14.jpg?resize=350%2C200&ssl=1 1x, https:\/\/i0.wp.com\/oui-oui.es\/blog\/wp-content\/uploads\/2016\/12\/Oui-Oui-navidad-2015-Marta-Machin-14.jpg?resize=525%2C300&ssl=1 1.5x, https:\/\/i0.wp.com\/oui-oui.es\/blog\/wp-content\/uploads\/2016\/12\/Oui-Oui-navidad-2015-Marta-Machin-14.jpg?resize=700%2C400&ssl=1 2x, https:\/\/i0.wp.com\/oui-oui.es\/blog\/wp-content\/uploads\/2016\/12\/Oui-Oui-navidad-2015-Marta-Machin-14.jpg?resize=1050%2C600&ssl=1 3x, https:\/\/i0.wp.com\/oui-oui.es\/blog\/wp-content\/uploads\/2016\/12\/Oui-Oui-navidad-2015-Marta-Machin-14.jpg?resize=1400%2C800&ssl=1 4x"},"classes":[]},{"id":230,"url":"https:\/\/oui-oui.es\/blog\/pensando-ya-en-el-arbol-de-navidad\/","url_meta":{"origin":1052,"position":4},"title":"Pensando ya en el \u00e1rbol de Navidad","author":"Mar\u00eda \u2665Oui Oui\u2665","date":"3 diciembre, 2012","format":false,"excerpt":"Cada vez me gusta m\u00e1s la idea de tener un \u00e1rbol de navidad diferente y que ocupe poco, es m\u00e1s, cada vez me gustan m\u00e1s los \u00e1rboles de Navidad de pared. El a\u00f1o pasado opt\u00e9 por la versi\u00f3n \u00e1rbol de post-it y este a\u00f1o a\u00fan lo estoy pensando. Acabo de\u2026","rel":"","context":"En \u00abDECORACI\u00d3N\u00bb","block_context":{"text":"DECORACI\u00d3N","link":"https:\/\/oui-oui.es\/blog\/category\/decoracion-de-casa\/"},"img":{"alt_text":"","src":"https:\/\/i0.wp.com\/oui-oui.es\/blog\/wp-content\/uploads\/oui-oui-ideas-originales-arbol-navidad.jpg?resize=350%2C200&ssl=1","width":350,"height":200},"classes":[]},{"id":374,"url":"https:\/\/oui-oui.es\/blog\/el-arbol-diy-de-este-ano\/","url_meta":{"origin":1052,"position":5},"title":"El \u00e1rbol DIY de este a\u00f1o","author":"Mar\u00eda \u2665Oui Oui\u2665","date":"21 diciembre, 2012","format":false,"excerpt":"Hace una semana escrib\u00eda sobre formas diferentes de crear y decorar \u00e1rboles de navidad, m\u00e1s all\u00e1 del natural de toda la vida. La idea de este a\u00f1o era hacer un \u00e1rbol con troncos, pues estamos en la sierra y era lo m\u00e1s apropiado adem\u00e1s de f\u00e1cil de conseguir. Hoy lo\u2026","rel":"","context":"En \u00abNavidad\u00bb","block_context":{"text":"Navidad","link":"https:\/\/oui-oui.es\/blog\/category\/fiestas-celebraciones\/navidad\/"},"img":{"alt_text":"","src":"https:\/\/i0.wp.com\/oui-oui.es\/blog\/wp-content\/uploads\/oui-oui-arbol-navidad-ramas-troncos-diy-arbol-navidad-diferente-4.jpg?resize=350%2C200&ssl=1","width":350,"height":200,"srcset":"https:\/\/i0.wp.com\/oui-oui.es\/blog\/wp-content\/uploads\/oui-oui-arbol-navidad-ramas-troncos-diy-arbol-navidad-diferente-4.jpg?resize=350%2C200&ssl=1 1x, https:\/\/i0.wp.com\/oui-oui.es\/blog\/wp-content\/uploads\/oui-oui-arbol-navidad-ramas-troncos-diy-arbol-navidad-diferente-4.jpg?resize=525%2C300&ssl=1 1.5x, https:\/\/i0.wp.com\/oui-oui.es\/blog\/wp-content\/uploads\/oui-oui-arbol-navidad-ramas-troncos-diy-arbol-navidad-diferente-4.jpg?resize=700%2C400&ssl=1 2x, https:\/\/i0.wp.com\/oui-oui.es\/blog\/wp-content\/uploads\/oui-oui-arbol-navidad-ramas-troncos-diy-arbol-navidad-diferente-4.jpg?resize=1050%2C600&ssl=1 3x, https:\/\/i0.wp.com\/oui-oui.es\/blog\/wp-content\/uploads\/oui-oui-arbol-navidad-ramas-troncos-diy-arbol-navidad-diferente-4.jpg?resize=1400%2C800&ssl=1 4x"},"classes":[]}],"_links":{"self":[{"href":"https:\/\/oui-oui.es\/blog\/wp-json\/wp\/v2\/posts\/1052","targetHints":{"allow":["GET"]}}],"collection":[{"href":"https:\/\/oui-oui.es\/blog\/wp-json\/wp\/v2\/posts"}],"about":[{"href":"https:\/\/oui-oui.es\/blog\/wp-json\/wp\/v2\/types\/post"}],"author":[{"embeddable":true,"href":"https:\/\/oui-oui.es\/blog\/wp-json\/wp\/v2\/users\/1"}],"replies":[{"embeddable":true,"href":"https:\/\/oui-oui.es\/blog\/wp-json\/wp\/v2\/comments?post=1052"}],"version-history":[{"count":2,"href":"https:\/\/oui-oui.es\/blog\/wp-json\/wp\/v2\/posts\/1052\/revisions"}],"predecessor-version":[{"id":10528,"href":"https:\/\/oui-oui.es\/blog\/wp-json\/wp\/v2\/posts\/1052\/revisions\/10528"}],"wp:featuredmedia":[{"embeddable":true,"href":"https:\/\/oui-oui.es\/blog\/wp-json\/wp\/v2\/media\/3264"}],"wp:attachment":[{"href":"https:\/\/oui-oui.es\/blog\/wp-json\/wp\/v2\/media?parent=1052"}],"wp:term":[{"taxonomy":"category","embeddable":true,"href":"https:\/\/oui-oui.es\/blog\/wp-json\/wp\/v2\/categories?post=1052"},{"taxonomy":"post_tag","embeddable":true,"href":"https:\/\/oui-oui.es\/blog\/wp-json\/wp\/v2\/tags?post=1052"}],"curies":[{"name":"wp","href":"https:\/\/api.w.org\/{rel}","templated":true}]}}