{"id":10574,"date":"2020-07-23T02:03:32","date_gmt":"2020-07-23T00:03:32","guid":{"rendered":"https:\/\/oui-oui.es\/blog\/?p=10574"},"modified":"2020-07-23T02:03:34","modified_gmt":"2020-07-23T00:03:34","slug":"recuerdos-de-verano","status":"publish","type":"post","link":"https:\/\/oui-oui.es\/blog\/recuerdos-de-verano\/","title":{"rendered":"Recuerdos de verano"},"content":{"rendered":"\n<p>No s\u00e9 si os pasa a vosotros, pero el verano es una \u00e9poca que no se olvida, a\u00f1o tras a\u00f1o. No recuerdas igual el resto de las estaciones\u2026 \u00bfQu\u00e9 hiciste la primavera del \u00faltimo a\u00f1o de Bachillerato? \u00bfy el oto\u00f1o del primer a\u00f1o de carrera? Yo no me acuerdo\u2026Del invierno s\u00ed recuerdo las Navidades y los viajes de esqu\u00ed, pero no como un concepto de meses largos en los que te vienen a la mente personas, lugares, m\u00fasica\u2026<\/p>\n\n\n\n<p>Recuerdo la primera vez de adolescente que me fui a casa de un amigo en <strong>Miraflores <\/strong>en verano, me da la sensaci\u00f3n de que s\u00f3lo fueron dos d\u00edas, pero en mi mente se quedaron como un mont\u00f3n m\u00e1s.<\/p>\n\n\n\n<p>Los campamentos itinerantes <strong>en piragua por el Tajo<\/strong> con Ester, una s\u00faper experiencia que espero que mis hijos puedan tener de forma similar.<\/p>\n\n\n\n<div class=\"wp-block-image\"><figure class=\"aligncenter size-large\"><img loading=\"lazy\" decoding=\"async\" width=\"484\" height=\"640\" src=\"https:\/\/oui-oui.es\/blog\/wp-content\/uploads\/2020\/07\/Bajar-el-rio-en-donuts.jpg\" alt=\"\" class=\"wp-image-10576\" srcset=\"https:\/\/oui-oui.es\/blog\/wp-content\/uploads\/2020\/07\/Bajar-el-rio-en-donuts.jpg 484w, https:\/\/oui-oui.es\/blog\/wp-content\/uploads\/2020\/07\/Bajar-el-rio-en-donuts-227x300.jpg 227w\" sizes=\"auto, (max-width: 484px) 100vw, 484px\" \/><\/figure><\/div>\n\n\n\n<p>El otro d\u00eda en la piscina mientras tomaba el sol (es mi mindfulness estival) me acordaba de aqu\u00e9l verano en el que estuve bastante en Madrid y sal\u00edamos por la noche hasta entre semana a <strong>La Vieja Estaci\u00f3n<\/strong>, una terraza al lado de las v\u00edas del tren de Atocha a la que tengo mucho cari\u00f1o, en esa \u00e9poca jugaba a cambiar el color de mis ojos con lentillas de colores, a veces grises, verdes o azules, aunque este \u00faltimo se notaba un mont\u00f3n, recuerdo ir a la \u00f3ptica con las prisas, \u00a0con lo f\u00e1cil que ser\u00eda ahora comprar <a href=\"https:\/\/www.visiondirect.es\/lentillas\/lentillas-colores\" target=\"_blank\" rel=\"noreferrer noopener\">lentillas de color natural online<\/a>. Me dec\u00eda una prima,que ahora tienen mi edad de entonces, que ella y sus amigas lo que hacen ahora es comprar <a href=\"https:\/\/www.visiondirect.es\/lentillas\/lentillas-baratas\" target=\"_blank\" rel=\"noreferrer noopener\">lentillas baratas online<\/a> , que el mercado ha evolucionado mucho y tienes marcas reconocidas con precios asequibles, en mi mente las tengo como el s\u00faper gasto de la semana en esa \u00e9poca\u2026Tambi\u00e9n en la Vieja Estaci\u00f3n recuerdo un desfile de mascotas que hicieron y yo, como no ten\u00eda, me compr\u00e9 un pez para llevarlo en un bolso transparente a modo de pecera\u2026Por favor, si alguien estuvo \u00a1que me escriba!<\/p>\n\n\n\n<p>El verano de selectividad creo que es uno de los m\u00e1s importantes porque tienes una <strong>sensaci\u00f3n de libertad incomparable<\/strong>, yo lo aprovech\u00e9 lo mejor que pude y hace unos meses mi amiga Sara me ense\u00f1\u00f3 fotos de un viaje a la playa que hicimos ese verano y \u00a1alucinamos!<\/p>\n\n\n\n<div class=\"wp-block-image\"><figure class=\"aligncenter size-large\"><img loading=\"lazy\" decoding=\"async\" width=\"564\" height=\"706\" src=\"https:\/\/oui-oui.es\/blog\/wp-content\/uploads\/2020\/07\/433cbeeac84c6593072a121b144cd20a.jpg\" alt=\"\" class=\"wp-image-10575\" srcset=\"https:\/\/oui-oui.es\/blog\/wp-content\/uploads\/2020\/07\/433cbeeac84c6593072a121b144cd20a.jpg 564w, https:\/\/oui-oui.es\/blog\/wp-content\/uploads\/2020\/07\/433cbeeac84c6593072a121b144cd20a-240x300.jpg 240w\" sizes=\"auto, (max-width: 564px) 100vw, 564px\" \/><\/figure><\/div>\n\n\n\n<p>Tambi\u00e9n recordaba un verano con Marta en <strong>Tarifa<\/strong>, en el que desayun\u00e1bamos fuerte para aguantar todo el d\u00eda de playa y acabar en una fiesta en la piscina, ducharnos y salir\u2026Todo del tir\u00f3n\u2026\u00a1Bendita juventud!<\/p>\n\n\n\n<p>Los veranos de la carrera, con pr\u00e1cticas y en Madrid para estudiar, trabajar y \u00a1estar sola en casa!&#8230; Me pas\u00e9 todo el segundo verano trabajando en una Sociedad de Valores en la que me pagaban poqu\u00edsimo y me gast\u00e9 ese dinero en un viaje a Bilbao en septiembre porque ten\u00eda ganas de conocer el Guggenheim\u2026Si no recuerdo mal ese fue el primer viaje que me pagu\u00e9 de forma independiente.<\/p>\n\n\n\n<p>El caso es que me da la sensaci\u00f3n de que en verano los recuerdos se graban con una emoci\u00f3n especial que hace que vuelvan a nuestra memoria cuando surge un est\u00edmulo similar; un atardecer, una comida, una canci\u00f3n, un cartel de carretera o un paisaje\u2026Especialmente los veranos de la <em>aut\u00e9ntica juventud<\/em>, sin responsabilidades, antes de <em>empezar a trabajar de verdad<\/em>\u2026\u00bfOs pasa igual o se me ha ido la cabeza con el sol? Je,je\u2026<\/p>\n","protected":false},"excerpt":{"rendered":"<p>No s\u00e9 si os pasa a vosotros, pero el verano es una \u00e9poca que no se olvida, a\u00f1o tras a\u00f1o. No recuerdas igual el resto de las estaciones\u2026 \u00bfQu\u00e9 hiciste la primavera del \u00faltimo a\u00f1o de Bachillerato? \u00bfy el oto\u00f1o del primer a\u00f1o de carrera? Yo no me acuerdo\u2026Del invierno s\u00ed recuerdo las Navidades y [&hellip;]<\/p>\n","protected":false},"author":1,"featured_media":10576,"comment_status":"open","ping_status":"open","sticky":false,"template":"","format":"standard","meta":{"jetpack_post_was_ever_published":false,"_jetpack_newsletter_access":"","_jetpack_dont_email_post_to_subs":false,"_jetpack_newsletter_tier_id":0,"_jetpack_memberships_contains_paywalled_content":false,"_jetpack_memberships_contains_paid_content":false,"footnotes":"","jetpack_publicize_message":"","jetpack_publicize_feature_enabled":true,"jetpack_social_post_already_shared":true,"jetpack_social_options":{"image_generator_settings":{"template":"highway","default_image_id":0,"font":"","enabled":false},"version":2}},"categories":[1],"tags":[],"class_list":["post-10574","post","type-post","status-publish","format-standard","has-post-thumbnail","hentry","category-sin-categoria"],"aioseo_notices":[],"jetpack_publicize_connections":[],"jetpack_featured_media_url":"https:\/\/oui-oui.es\/blog\/wp-content\/uploads\/2020\/07\/Bajar-el-rio-en-donuts.jpg","jetpack_sharing_enabled":true,"jetpack-related-posts":[{"id":5736,"url":"https:\/\/oui-oui.es\/blog\/living-mexico-vestidos-mexicanos-para-madres-e-hijas\/","url_meta":{"origin":10574,"position":0},"title":"Living M\u00e9xico | Vestidos mexicanos para madres e hijas","author":"Mar\u00eda \u2665Oui Oui\u2665","date":"14 junio, 2017","format":false,"excerpt":"Los que me conocen saben de mi pasi\u00f3n por M\u00e9xico; su gastronom\u00eda, sus colores, la iconograf\u00eda, sus tradiciones, por supuesto Frida Kahlo, cuyas pinturas, est\u00e9tica y vida me llam\u00f3 a atenci\u00f3n desde muy joven. A la vuelta de un viaje a M\u00e9xico con amigas celebr\u00e9 mi cumplea\u00f1os con una fiesta\u2026","rel":"","context":"En \u00abESTILO DE VIDA\u00bb","block_context":{"text":"ESTILO DE VIDA","link":"https:\/\/oui-oui.es\/blog\/category\/lifestyle-2\/"},"img":{"alt_text":"","src":"https:\/\/i0.wp.com\/oui-oui.es\/blog\/wp-content\/uploads\/2017\/06\/Oui-Oui-Venta-Especial-Mexico-Living-Mexico-Tiretta-Living-La-Parra-Olga-Vallejo-131.jpg?resize=350%2C200&ssl=1","width":350,"height":200,"srcset":"https:\/\/i0.wp.com\/oui-oui.es\/blog\/wp-content\/uploads\/2017\/06\/Oui-Oui-Venta-Especial-Mexico-Living-Mexico-Tiretta-Living-La-Parra-Olga-Vallejo-131.jpg?resize=350%2C200&ssl=1 1x, https:\/\/i0.wp.com\/oui-oui.es\/blog\/wp-content\/uploads\/2017\/06\/Oui-Oui-Venta-Especial-Mexico-Living-Mexico-Tiretta-Living-La-Parra-Olga-Vallejo-131.jpg?resize=525%2C300&ssl=1 1.5x, https:\/\/i0.wp.com\/oui-oui.es\/blog\/wp-content\/uploads\/2017\/06\/Oui-Oui-Venta-Especial-Mexico-Living-Mexico-Tiretta-Living-La-Parra-Olga-Vallejo-131.jpg?resize=700%2C400&ssl=1 2x, https:\/\/i0.wp.com\/oui-oui.es\/blog\/wp-content\/uploads\/2017\/06\/Oui-Oui-Venta-Especial-Mexico-Living-Mexico-Tiretta-Living-La-Parra-Olga-Vallejo-131.jpg?resize=1050%2C600&ssl=1 3x, https:\/\/i0.wp.com\/oui-oui.es\/blog\/wp-content\/uploads\/2017\/06\/Oui-Oui-Venta-Especial-Mexico-Living-Mexico-Tiretta-Living-La-Parra-Olga-Vallejo-131.jpg?resize=1400%2C800&ssl=1 4x"},"classes":[]},{"id":4558,"url":"https:\/\/oui-oui.es\/blog\/luces-de-verbena-todo-el-ano-y-en-verano-mas\/","url_meta":{"origin":10574,"position":1},"title":"Luces de verbena todo el a\u00f1o y en verano, m\u00e1s!","author":"Mar\u00eda \u2665Oui Oui\u2665","date":"30 junio, 2016","format":false,"excerpt":"\u00a0 Es tiempo de terrazas, de la propia o de la ajena, nosotros ahora tiramos m\u00e1s de las ajenas pero hubo un tiempo en el que ten\u00edamos El Terraz\u00f3n (nuestro a\u00f1orado 7\u00baCielo de solteros) en el que disfrutamos muchas cenas y casi las mismas fiestas ;) Si tuviera terraza sin\u2026","rel":"","context":"En \u00abDECORACI\u00d3N\u00bb","block_context":{"text":"DECORACI\u00d3N","link":"https:\/\/oui-oui.es\/blog\/category\/decoracion-de-casa\/"},"img":{"alt_text":"","src":"https:\/\/i0.wp.com\/oui-oui.es\/blog\/wp-content\/uploads\/2016\/06\/Oui-Oui-decorar-con-guirnalda-bombillas-bombillas-feria-bombillas-verbena-guirnalda-luces-verbena-8.jpg?resize=350%2C200&ssl=1","width":350,"height":200},"classes":[]},{"id":4515,"url":"https:\/\/oui-oui.es\/blog\/de-flotadoresflamencos-cactus-y-otras-cosas\/","url_meta":{"origin":10574,"position":2},"title":"De flotadores,flamencos, cactus y otras cosas","author":"Mar\u00eda \u2665Oui Oui\u2665","date":"23 junio, 2016","format":false,"excerpt":"\u00a1Ya han llegado!, a\u00fan recuerdo la primera vez que trajimos los footadores gigantes, hace dos a\u00f1os, hasta los paseamos por DecorAcci\u00f3n ;) El flotador pretzel y el flotador donut, el a\u00f1o pasado incorporamos el flotador cisne y el flotador flamenco y este a\u00f1o...La colchoneta helado gigante! Este a\u00f1o han llegado\u2026","rel":"","context":"En \u00abESTILO DE VIDA\u00bb","block_context":{"text":"ESTILO DE VIDA","link":"https:\/\/oui-oui.es\/blog\/category\/lifestyle-2\/"},"img":{"alt_text":"","src":"https:\/\/i0.wp.com\/oui-oui.es\/blog\/wp-content\/uploads\/2016\/06\/Oui-Oui-flotador-donut-volando-hotel-nabia-infinity-pool-rural.jpg?resize=350%2C200&ssl=1","width":350,"height":200,"srcset":"https:\/\/i0.wp.com\/oui-oui.es\/blog\/wp-content\/uploads\/2016\/06\/Oui-Oui-flotador-donut-volando-hotel-nabia-infinity-pool-rural.jpg?resize=350%2C200&ssl=1 1x, https:\/\/i0.wp.com\/oui-oui.es\/blog\/wp-content\/uploads\/2016\/06\/Oui-Oui-flotador-donut-volando-hotel-nabia-infinity-pool-rural.jpg?resize=525%2C300&ssl=1 1.5x, https:\/\/i0.wp.com\/oui-oui.es\/blog\/wp-content\/uploads\/2016\/06\/Oui-Oui-flotador-donut-volando-hotel-nabia-infinity-pool-rural.jpg?resize=700%2C400&ssl=1 2x, https:\/\/i0.wp.com\/oui-oui.es\/blog\/wp-content\/uploads\/2016\/06\/Oui-Oui-flotador-donut-volando-hotel-nabia-infinity-pool-rural.jpg?resize=1050%2C600&ssl=1 3x, https:\/\/i0.wp.com\/oui-oui.es\/blog\/wp-content\/uploads\/2016\/06\/Oui-Oui-flotador-donut-volando-hotel-nabia-infinity-pool-rural.jpg?resize=1400%2C800&ssl=1 4x"},"classes":[]},{"id":2810,"url":"https:\/\/oui-oui.es\/blog\/la-sillita-de-paseo-perfecta-para-verano-net-stroller-de-inglesina\/","url_meta":{"origin":10574,"position":3},"title":"La sillita de paseo perfecta para verano  Net Stroller de Inglesina","author":"Mar\u00eda \u2665Oui Oui\u2665","date":"28 julio, 2015","format":false,"excerpt":"Recuerdo cuando compramos el carrito de beb\u00e9 de Mart\u00edn lo much\u00edsimo que le\u00edmos, buscamos informaci\u00f3n, comparamos chasis, tejidos, tama\u00f1os, pesos, hasta acabamos en la otra punta de Madrid en una \"clase para escoger el carrito de beb\u00e9\"...Una locura que s\u00f3lo puedes hacer cuando a\u00fan no tienes ning\u00fan hijo y cuando\u2026","rel":"","context":"En \u00abMATERNIDAD\u00bb","block_context":{"text":"MATERNIDAD","link":"https:\/\/oui-oui.es\/blog\/category\/maternidad\/"},"img":{"alt_text":"","src":"https:\/\/i0.wp.com\/oui-oui.es\/blog\/wp-content\/uploads\/Oui-Oui-sillita-paseo-inglesina-net-stroller.jpg?resize=350%2C200&ssl=1","width":350,"height":200,"srcset":"https:\/\/i0.wp.com\/oui-oui.es\/blog\/wp-content\/uploads\/Oui-Oui-sillita-paseo-inglesina-net-stroller.jpg?resize=350%2C200&ssl=1 1x, https:\/\/i0.wp.com\/oui-oui.es\/blog\/wp-content\/uploads\/Oui-Oui-sillita-paseo-inglesina-net-stroller.jpg?resize=525%2C300&ssl=1 1.5x"},"classes":[]},{"id":2608,"url":"https:\/\/oui-oui.es\/blog\/un-bonito-recuerdo-con-tu-hijo\/","url_meta":{"origin":10574,"position":4},"title":"Un bonito recuerdo con tu hijo","author":"Mar\u00eda \u2665Oui Oui\u2665","date":"11 junio, 2015","format":false,"excerpt":"Cuando te quedas embarazada y empiezas a ver cosas de beb\u00e9 una de las m\u00e1s divertidas es guardarte im\u00e1genes\u00a0de ideas para fotografiar a tu futuro beb\u00e9, en Pinterest hay muchas y quiz\u00e1s otro d\u00eda haga un post con varias de ellas, pero hoy quer\u00eda compartir la idea de autorretrato que\u2026","rel":"","context":"En \u00abMATERNIDAD\u00bb","block_context":{"text":"MATERNIDAD","link":"https:\/\/oui-oui.es\/blog\/category\/maternidad\/"},"img":{"alt_text":"","src":"https:\/\/i0.wp.com\/oui-oui.es\/blog\/wp-content\/uploads\/2015\/06\/oui-oui-retrato-con-un-hijo-cada-ac3b1o-pelayo-lacazette.jpg?resize=350%2C200&ssl=1","width":350,"height":200,"srcset":"https:\/\/i0.wp.com\/oui-oui.es\/blog\/wp-content\/uploads\/2015\/06\/oui-oui-retrato-con-un-hijo-cada-ac3b1o-pelayo-lacazette.jpg?resize=350%2C200&ssl=1 1x, https:\/\/i0.wp.com\/oui-oui.es\/blog\/wp-content\/uploads\/2015\/06\/oui-oui-retrato-con-un-hijo-cada-ac3b1o-pelayo-lacazette.jpg?resize=525%2C300&ssl=1 1.5x"},"classes":[]},{"id":9913,"url":"https:\/\/oui-oui.es\/blog\/regalos-a-profes-reflexion-e-ideas\/","url_meta":{"origin":10574,"position":5},"title":"Regalos a profes | Reflexi\u00f3n e Ideas","author":"Mar\u00eda \u2665Oui Oui\u2665","date":"5 junio, 2019","format":false,"excerpt":"Es un tema recurrente cada fin de curso (y en Navidad tambi\u00e9n) debate mediante, \u00bfregalos s\u00ed o no? yo soy partidaria de hacer regalo siempre y cuando est\u00e9s contenta con la profesora o el profesor. No tiene ning\u00fan sentido hacer un regalo de agradecimiento a alguien a qui\u00e9n no sientes\u2026","rel":"","context":"En \u00abREGALOS\u00bb","block_context":{"text":"REGALOS","link":"https:\/\/oui-oui.es\/blog\/category\/no-se-que-regalar\/"},"img":{"alt_text":"","src":"https:\/\/i0.wp.com\/oui-oui.es\/blog\/wp-content\/uploads\/2019\/06\/Oui-Oui-regalos-para-profes-taza-teacher-taza-gin-girl-power-1.jpg?resize=350%2C200&ssl=1","width":350,"height":200,"srcset":"https:\/\/i0.wp.com\/oui-oui.es\/blog\/wp-content\/uploads\/2019\/06\/Oui-Oui-regalos-para-profes-taza-teacher-taza-gin-girl-power-1.jpg?resize=350%2C200&ssl=1 1x, https:\/\/i0.wp.com\/oui-oui.es\/blog\/wp-content\/uploads\/2019\/06\/Oui-Oui-regalos-para-profes-taza-teacher-taza-gin-girl-power-1.jpg?resize=525%2C300&ssl=1 1.5x, https:\/\/i0.wp.com\/oui-oui.es\/blog\/wp-content\/uploads\/2019\/06\/Oui-Oui-regalos-para-profes-taza-teacher-taza-gin-girl-power-1.jpg?resize=700%2C400&ssl=1 2x, https:\/\/i0.wp.com\/oui-oui.es\/blog\/wp-content\/uploads\/2019\/06\/Oui-Oui-regalos-para-profes-taza-teacher-taza-gin-girl-power-1.jpg?resize=1050%2C600&ssl=1 3x, https:\/\/i0.wp.com\/oui-oui.es\/blog\/wp-content\/uploads\/2019\/06\/Oui-Oui-regalos-para-profes-taza-teacher-taza-gin-girl-power-1.jpg?resize=1400%2C800&ssl=1 4x"},"classes":[]}],"_links":{"self":[{"href":"https:\/\/oui-oui.es\/blog\/wp-json\/wp\/v2\/posts\/10574","targetHints":{"allow":["GET"]}}],"collection":[{"href":"https:\/\/oui-oui.es\/blog\/wp-json\/wp\/v2\/posts"}],"about":[{"href":"https:\/\/oui-oui.es\/blog\/wp-json\/wp\/v2\/types\/post"}],"author":[{"embeddable":true,"href":"https:\/\/oui-oui.es\/blog\/wp-json\/wp\/v2\/users\/1"}],"replies":[{"embeddable":true,"href":"https:\/\/oui-oui.es\/blog\/wp-json\/wp\/v2\/comments?post=10574"}],"version-history":[{"count":1,"href":"https:\/\/oui-oui.es\/blog\/wp-json\/wp\/v2\/posts\/10574\/revisions"}],"predecessor-version":[{"id":10578,"href":"https:\/\/oui-oui.es\/blog\/wp-json\/wp\/v2\/posts\/10574\/revisions\/10578"}],"wp:featuredmedia":[{"embeddable":true,"href":"https:\/\/oui-oui.es\/blog\/wp-json\/wp\/v2\/media\/10576"}],"wp:attachment":[{"href":"https:\/\/oui-oui.es\/blog\/wp-json\/wp\/v2\/media?parent=10574"}],"wp:term":[{"taxonomy":"category","embeddable":true,"href":"https:\/\/oui-oui.es\/blog\/wp-json\/wp\/v2\/categories?post=10574"},{"taxonomy":"post_tag","embeddable":true,"href":"https:\/\/oui-oui.es\/blog\/wp-json\/wp\/v2\/tags?post=10574"}],"curies":[{"name":"wp","href":"https:\/\/api.w.org\/{rel}","templated":true}]}}