{"id":10671,"date":"2021-07-26T23:02:36","date_gmt":"2021-07-26T21:02:36","guid":{"rendered":"https:\/\/oui-oui.es\/blog\/?p=10671"},"modified":"2021-07-26T23:02:39","modified_gmt":"2021-07-26T21:02:39","slug":"5-cosas-que-trajo-la-pandemia-y-que-espero-que-se-queden","status":"publish","type":"post","link":"https:\/\/oui-oui.es\/blog\/5-cosas-que-trajo-la-pandemia-y-que-espero-que-se-queden\/","title":{"rendered":"5 Cosas que trajo la Pandemia y que espero que se queden"},"content":{"rendered":"\n<p>No empezar\u00e9 el post haciendo un repaso de este a\u00f1o y cuatro meses de pandemia porque estoy hasta el mo\u00f1o de escuharlo todo el d\u00eda en las noticias y de que se nos escape en cada conversaci\u00f3n con amigos algo sobre el tema, pero la verdad que hay varias cosas buenas de la Pandemia que espero que llegasen para quedarse.<\/p>\n\n\n\n<h2 class=\"wp-block-heading\">1 &#8211; El Teletrabajo<\/h2>\n\n\n\n<p>Parece la m\u00e1s obvia pero \u00faltimamente he escuchado a algunos directivos de grandes compa\u00f1\u00edas hablar de este sistema como algo coyuntural y, ciertamente, me ha dejado algo inquieta. Antes de la Pandemia estaba claro que la tendencia iba hacia un mix de trabajo en oficina y teletrabajo all\u00e1 donde mejor le viniera al empleado, ten\u00edamos empresas (y directivos) arcaicos que se resist\u00edan a ello y que, de la noche a la ma\u00f1ana, tuvieron que organizarse para un teletrabajo del 100% en el que las empleadas y empleados demostraron que se puede trabajar desde casa y dar el 120%, teniendo en cuenta , adem\u00e1s, la situaci\u00f3n de angustia que se viv\u00eda y el problema a\u00f1adido de tener a los hijos en casa.<\/p>\n\n\n\n<p>Muchas personas han descubierto que es posible trabajar al 100%, rendir, ser productivo y, adem\u00e1s, gozar de una relativa calidad de vida personal y familiar, tanto cuando se tienen hijos como cuando no. Todos tenemos derecho a disfrutar de los a\u00f1os m\u00e1s gloriosos de nuetsra vida, con m\u00e1s vitalidad, capacidad econ\u00f3mica, etc&#8230;A la vez que  trabajamos, adem\u00e1s, est\u00e1 demostrado que un empleado con una vida saludable y que se siente realizado en su vida personal, rinde m\u00e1s y se siente m\u00e1s comprometido con la empresa que apoya esa forma de vida. Los directivos que no lo entiendan acabar\u00e1n anclados en el cementerio de elefantes en los pr\u00f3ximos 5 a\u00f1os. El teletrabajo, en todas sus formas, es INNOVACI\u00d3N.<\/p>\n\n\n\n<p>Como podemos leer en este art\u00edculo en Cinco D\u00edas sobre el teletrabajo \u00abEl modelo de trabajo se hab\u00eda mantenido de manera relativamente est\u00e1tica durante d\u00e9cadas. Pero esto ha cambiado. As\u00ed lo cree el director general en Espa\u00f1a de Boston Consulting Group (BCG), Pablo Claver, quien defiende que, adem\u00e1s de la revoluci\u00f3n tecnol\u00f3gica y digital, \u201clas distintas prioridades de los nuevos profesionales han desencadenado un proceso de cambio que est\u00e1 configurando las nuevas formas de trabajar\u201d.<\/p>\n\n\n\n<p>El teletrabajo es la forma m\u00e1s evidente. <strong>El 65% de las empresas optar\u00e1 por un modelo h\u00edbrido en el que se funcione desde fuera de la oficina entre dos y tres d\u00eda a la semana<\/strong>, seg\u00fan el informe <em>Nuevas formas de trabajar. Reflexiones sobre el futuro,<\/em> presentado por BCG y el <em>think tank<\/em> enClave de Personas este lunes de manera virtual. <\/p>\n\n\n\n<blockquote class=\"wp-block-quote is-layout-flow wp-block-quote-is-layout-flow\"><p>\u201cLa urgencia por volver a la oficina puede hacer que ignoremos una oportunidad \u00fanica para impulsar cambios antes de que las antiguas costumbres se vuelvan a imponer\u201d<\/p><cite>Pablo Claver<\/cite><\/blockquote>\n\n\n\n<blockquote class=\"wp-block-quote is-layout-flow wp-block-quote-is-layout-flow\"><p><strong>No hay una receta \u00fanica<\/strong>, ya que cada uno tiene sus propias motivaciones y necesidades, por lo que las empresas deber\u00e1n dialogar para fabricar trajes a medida para la plantill<\/p><\/blockquote>\n\n\n\n<figure class=\"wp-block-image\"><a href=\"https:\/\/d500.epimg.net\/descargables\/2021\/07\/05\/18e404991c2c0dec0778452e42f44d8b.png\"><img decoding=\"async\" src=\"https:\/\/d500.epimg.net\/cincodias\/imagenes\/2021\/07\/05\/fortunas\/1625502105_059979_1625503307_sumario_normal.jpg\" alt=\"El 90% de las empresas apuesta por m\u00e1s de dos d\u00edas de teletrabajo\"\/><\/a><\/figure>\n\n\n\n<p>Por todo ello, espero que el teletrabajo se quede para siempre, dependiendo, claro est\u00e1 del sector de la empresa y sus necesidades, pudiendo ser \u00e9ste 100% flexible o bien mediante la f\u00f3rmula 2\/3 o 3\/2 d\u00edas repartidos entre la oficina y teletrabajo. Tambi\u00e9n me gustar\u00eda que se buscasen f\u00f3rmulas con sentido, no como aquellas empresas que hacen, por ejemplo, una semana en la oficina, una en casa, puesto que de esta forma es muy dif\u00edcil organizarse para conciliar (nadie puede contratar ayuda en casa, para recoger a sus hijas e hijos del cole una semana s\u00ed, una no&#8230;O apuntarles a extraescolares teniendo en cuenta que podr\u00e1s recogerles s\u00f3lo una semana s\u00ed una no).<\/p>\n\n\n\n<h2 class=\"wp-block-heading\">2 &#8211; Las parcelas en la playa<\/h2>\n\n\n\n<figure class=\"wp-block-image size-large\"><img loading=\"lazy\" decoding=\"async\" width=\"1024\" height=\"576\" src=\"https:\/\/oui-oui.es\/blog\/wp-content\/uploads\/2021\/07\/Oui-Oui-Cambios-positivos-que-trajo-la-pandemia-playas-parceladas-1024x576.jpg\" alt=\"\" class=\"wp-image-10673\" srcset=\"https:\/\/oui-oui.es\/blog\/wp-content\/uploads\/2021\/07\/Oui-Oui-Cambios-positivos-que-trajo-la-pandemia-playas-parceladas-1024x576.jpg 1024w, https:\/\/oui-oui.es\/blog\/wp-content\/uploads\/2021\/07\/Oui-Oui-Cambios-positivos-que-trajo-la-pandemia-playas-parceladas-300x169.jpg 300w, https:\/\/oui-oui.es\/blog\/wp-content\/uploads\/2021\/07\/Oui-Oui-Cambios-positivos-que-trajo-la-pandemia-playas-parceladas-768x432.jpg 768w, https:\/\/oui-oui.es\/blog\/wp-content\/uploads\/2021\/07\/Oui-Oui-Cambios-positivos-que-trajo-la-pandemia-playas-parceladas-600x338.jpg 600w, https:\/\/oui-oui.es\/blog\/wp-content\/uploads\/2021\/07\/Oui-Oui-Cambios-positivos-que-trajo-la-pandemia-playas-parceladas-500x280.jpg 500w, https:\/\/oui-oui.es\/blog\/wp-content\/uploads\/2021\/07\/Oui-Oui-Cambios-positivos-que-trajo-la-pandemia-playas-parceladas-640x360.jpg 640w, https:\/\/oui-oui.es\/blog\/wp-content\/uploads\/2021\/07\/Oui-Oui-Cambios-positivos-que-trajo-la-pandemia-playas-parceladas.jpg 1200w\" sizes=\"auto, (max-width: 1024px) 100vw, 1024px\" \/><\/figure>\n\n\n\n<p>Algo con lo que so\u00f1aba hace tiempo y rozaba el ser mal educada pero de repente lleg\u00f3 con la pandemia&#8230;Delimitar la zona de la toalla, siempre con sentido com\u00fan y sin abusar&#8230;El a\u00f1o pasado en playas salvajes de Asturias hac\u00edamos el cuadrado con piedras de forma que casi ten\u00edamos nuestro propio terrenito, evitando as\u00ed que nadie cruce por el medio, se junte demasiado, etc&#8230;<\/p>\n\n\n\n<h2 class=\"wp-block-heading\">3- Saludar con la mano y no con besos<\/h2>\n\n\n\n<p>Echo de menos el contacto f\u00edsico pre pandemia, los abrazos y los besos con amigos, amigas y familiares&#8230;Pero no la costumbre espa\u00f1ola de besar a cualquiera para saludar. Cuando trabajaba en el banco decid\u00ed que saludar\u00eda con la mano, pues por ser mujer enseguida se lanzaban a saludar con dos besos mientras que entre hombres se daban la mano. Un gesto que deb\u00eda anticipar para no parecer mal educada, sin embargo, desde la pandemia parece que se ha instaurado m\u00e1s (aunque de momento m\u00e1s que la mano sea chocar el pu\u00f1o&#8230;)<\/p>\n\n\n\n<h2 class=\"wp-block-heading\">4 &#8211; La prohibici\u00f3n de fumar a menos de 2 metros de alguien<\/h2>\n\n\n\n<p>Este punto no tengo claro en qu\u00e9 comunidades es obligatorio y en cu\u00e1les no y soy consiente de que es pol\u00e9mico, pero, con COVID o sin \u00e9l, \u00bfpor qu\u00e9 tenemos que tragarnos el humo de otra persona por ir andando detr\u00e1s de \u00e9l en la calle? \u00bfy en la parada de autob\u00fas? \u00bfY si est\u00e1s en la mesa de al lado en la terraza?. Si existiesen puntos de fumadores en la calle (en una esquina, farola, etc..) ser\u00eda tan sencillo como alejarnos de ese punto pero se tratar\u00eda de un segundo concreto, no de tener que modificar nuestra actividad porque haya alguien fumando sin respeto a los dem\u00e1s.<\/p>\n\n\n\n<div class=\"wp-block-image\"><figure class=\"aligncenter size-large\"><img loading=\"lazy\" decoding=\"async\" width=\"660\" height=\"383\" src=\"https:\/\/oui-oui.es\/blog\/wp-content\/uploads\/2021\/07\/Oui-Oui-Cambios-positivos-que-trajo-la-pandemia-prohibicion-fumar-al-aire-libre-sin-distancia.jpg\" alt=\"\" class=\"wp-image-10674\" srcset=\"https:\/\/oui-oui.es\/blog\/wp-content\/uploads\/2021\/07\/Oui-Oui-Cambios-positivos-que-trajo-la-pandemia-prohibicion-fumar-al-aire-libre-sin-distancia.jpg 660w, https:\/\/oui-oui.es\/blog\/wp-content\/uploads\/2021\/07\/Oui-Oui-Cambios-positivos-que-trajo-la-pandemia-prohibicion-fumar-al-aire-libre-sin-distancia-300x174.jpg 300w, https:\/\/oui-oui.es\/blog\/wp-content\/uploads\/2021\/07\/Oui-Oui-Cambios-positivos-que-trajo-la-pandemia-prohibicion-fumar-al-aire-libre-sin-distancia-600x348.jpg 600w, https:\/\/oui-oui.es\/blog\/wp-content\/uploads\/2021\/07\/Oui-Oui-Cambios-positivos-que-trajo-la-pandemia-prohibicion-fumar-al-aire-libre-sin-distancia-640x371.jpg 640w\" sizes=\"auto, (max-width: 660px) 100vw, 660px\" \/><\/figure><\/div>\n\n\n\n<h2 class=\"wp-block-heading\">5 &#8211; La normalizaci\u00f3n del ocio al aire libre<\/h2>\n\n\n\n<p>\u00c9ramos el pa\u00eds con m\u00e1s horas de sol de Europa y, sin embargo, s\u00f3lo utiliz\u00e1bamos las terrazas cuando hac\u00eda muy buen tiempo. La pandemia nos ha obligado a salir a la calle y ahora estamos felices en una terraza aunque haya que ponerse una mantita (como las que hab\u00eda en terrazas de Par\u00eds o Bruselas toda la vida), utilicemos una seta o llevemos algo de abrigo <em>por si acaso<\/em>. Hemos descubierto que se pueden hacer muchas m\u00e1s cosas al aire libre de lo que pens\u00e1bamos y, sobretodo, durante m\u00e1s d\u00edas del a\u00f1o. Tambi\u00e9n han aumentado los picnics y los colegios han descubierto que se puede dar clase al aire libre y que, adem\u00e1s, es muy positivo.<\/p>\n\n\n\n<figure class=\"wp-block-image size-large\"><img loading=\"lazy\" decoding=\"async\" width=\"746\" height=\"498\" src=\"https:\/\/oui-oui.es\/blog\/wp-content\/uploads\/2021\/07\/Oui-Oui-Cambios-positivos-que-trajo-la-pandemia-clases-al-aire-libre-terrazas-de-invierno.jpg\" alt=\"\" class=\"wp-image-10675\" srcset=\"https:\/\/oui-oui.es\/blog\/wp-content\/uploads\/2021\/07\/Oui-Oui-Cambios-positivos-que-trajo-la-pandemia-clases-al-aire-libre-terrazas-de-invierno.jpg 746w, https:\/\/oui-oui.es\/blog\/wp-content\/uploads\/2021\/07\/Oui-Oui-Cambios-positivos-que-trajo-la-pandemia-clases-al-aire-libre-terrazas-de-invierno-300x200.jpg 300w, https:\/\/oui-oui.es\/blog\/wp-content\/uploads\/2021\/07\/Oui-Oui-Cambios-positivos-que-trajo-la-pandemia-clases-al-aire-libre-terrazas-de-invierno-600x401.jpg 600w, https:\/\/oui-oui.es\/blog\/wp-content\/uploads\/2021\/07\/Oui-Oui-Cambios-positivos-que-trajo-la-pandemia-clases-al-aire-libre-terrazas-de-invierno-640x427.jpg 640w\" sizes=\"auto, (max-width: 746px) 100vw, 746px\" \/><\/figure>\n\n\n\n<p>Y a t\u00ed, \u00bfqu\u00e9 medidas o cambios sociales te gustar\u00eda que se mantuvieran?<\/p>\n","protected":false},"excerpt":{"rendered":"<p>No empezar\u00e9 el post haciendo un repaso de este a\u00f1o y cuatro meses de pandemia porque estoy hasta el mo\u00f1o de escuharlo todo el d\u00eda en las noticias y de que se nos escape en cada conversaci\u00f3n con amigos algo sobre el tema, pero la verdad que hay varias cosas buenas de la Pandemia que [&hellip;]<\/p>\n","protected":false},"author":1,"featured_media":10673,"comment_status":"open","ping_status":"open","sticky":false,"template":"","format":"standard","meta":{"jetpack_post_was_ever_published":false,"_jetpack_newsletter_access":"","_jetpack_dont_email_post_to_subs":false,"_jetpack_newsletter_tier_id":0,"_jetpack_memberships_contains_paywalled_content":false,"_jetpack_memberships_contains_paid_content":false,"footnotes":"","jetpack_publicize_message":"","jetpack_publicize_feature_enabled":true,"jetpack_social_post_already_shared":true,"jetpack_social_options":{"image_generator_settings":{"template":"highway","default_image_id":0,"font":"","enabled":false},"version":2}},"categories":[1],"tags":[],"class_list":["post-10671","post","type-post","status-publish","format-standard","has-post-thumbnail","hentry","category-sin-categoria"],"aioseo_notices":[],"jetpack_publicize_connections":[],"jetpack_featured_media_url":"https:\/\/oui-oui.es\/blog\/wp-content\/uploads\/2021\/07\/Oui-Oui-Cambios-positivos-que-trajo-la-pandemia-playas-parceladas.jpg","jetpack_sharing_enabled":true,"jetpack-related-posts":[{"id":10640,"url":"https:\/\/oui-oui.es\/blog\/un-despachito-a-todo-color\/","url_meta":{"origin":10671,"position":0},"title":"Un despachito a todo color","author":"Mar\u00eda \u2665Oui Oui\u2665","date":"5 mayo, 2021","format":false,"excerpt":"Dale color a tu escritorio o despacho en casa con el soporte de subrayadores y el bote de l\u00e1pices sacapuntas, etre otros.","rel":"","context":"En \u00abCASA\u00bb","block_context":{"text":"CASA","link":"https:\/\/oui-oui.es\/blog\/category\/hogar-dulce-hogar\/"},"img":{"alt_text":"","src":"https:\/\/i0.wp.com\/oui-oui.es\/blog\/wp-content\/uploads\/2021\/05\/Oui-Oui-Soporte-subrayadores-mesa-fluorescentes-y-pastel-Stabilo-2-scaled.jpg?resize=350%2C200&ssl=1","width":350,"height":200,"srcset":"https:\/\/i0.wp.com\/oui-oui.es\/blog\/wp-content\/uploads\/2021\/05\/Oui-Oui-Soporte-subrayadores-mesa-fluorescentes-y-pastel-Stabilo-2-scaled.jpg?resize=350%2C200&ssl=1 1x, https:\/\/i0.wp.com\/oui-oui.es\/blog\/wp-content\/uploads\/2021\/05\/Oui-Oui-Soporte-subrayadores-mesa-fluorescentes-y-pastel-Stabilo-2-scaled.jpg?resize=525%2C300&ssl=1 1.5x, https:\/\/i0.wp.com\/oui-oui.es\/blog\/wp-content\/uploads\/2021\/05\/Oui-Oui-Soporte-subrayadores-mesa-fluorescentes-y-pastel-Stabilo-2-scaled.jpg?resize=700%2C400&ssl=1 2x, https:\/\/i0.wp.com\/oui-oui.es\/blog\/wp-content\/uploads\/2021\/05\/Oui-Oui-Soporte-subrayadores-mesa-fluorescentes-y-pastel-Stabilo-2-scaled.jpg?resize=1050%2C600&ssl=1 3x, https:\/\/i0.wp.com\/oui-oui.es\/blog\/wp-content\/uploads\/2021\/05\/Oui-Oui-Soporte-subrayadores-mesa-fluorescentes-y-pastel-Stabilo-2-scaled.jpg?resize=1400%2C800&ssl=1 4x"},"classes":[]},{"id":4710,"url":"https:\/\/oui-oui.es\/blog\/y-de-repente-ha-pasado-septiembre\/","url_meta":{"origin":10671,"position":1},"title":"Y, de repente, ha pasado septiembre","author":"Mar\u00eda \u2665Oui Oui\u2665","date":"3 octubre, 2016","format":false,"excerpt":"Me ha costado pero ya he vuelto a mi medio rutina, despu\u00e9s de casi dos meses de teletrabajo, vacaciones, viajes, adaptaci\u00f3n al cole...Empezamos octubre con varios to do\u00b4s tachados; la adaptaci\u00f3n al cole de Mart\u00edn, el tercer cumplea\u00f1os de Mart\u00edn, una boda y el cambio (y la reorganizaci\u00f3n que ha\u2026","rel":"","context":"En \u00abFIESTAS y CELEBRACIONES\u00bb","block_context":{"text":"FIESTAS y CELEBRACIONES","link":"https:\/\/oui-oui.es\/blog\/category\/fiestas-celebraciones\/"},"img":{"alt_text":"","src":"https:\/\/i0.wp.com\/oui-oui.es\/blog\/wp-content\/uploads\/2016\/09\/Oui-Oui-medems-catering-invitarte-la-tayada.jpg?resize=350%2C200&ssl=1","width":350,"height":200,"srcset":"https:\/\/i0.wp.com\/oui-oui.es\/blog\/wp-content\/uploads\/2016\/09\/Oui-Oui-medems-catering-invitarte-la-tayada.jpg?resize=350%2C200&ssl=1 1x, https:\/\/i0.wp.com\/oui-oui.es\/blog\/wp-content\/uploads\/2016\/09\/Oui-Oui-medems-catering-invitarte-la-tayada.jpg?resize=525%2C300&ssl=1 1.5x, https:\/\/i0.wp.com\/oui-oui.es\/blog\/wp-content\/uploads\/2016\/09\/Oui-Oui-medems-catering-invitarte-la-tayada.jpg?resize=700%2C400&ssl=1 2x, https:\/\/i0.wp.com\/oui-oui.es\/blog\/wp-content\/uploads\/2016\/09\/Oui-Oui-medems-catering-invitarte-la-tayada.jpg?resize=1050%2C600&ssl=1 3x, https:\/\/i0.wp.com\/oui-oui.es\/blog\/wp-content\/uploads\/2016\/09\/Oui-Oui-medems-catering-invitarte-la-tayada.jpg?resize=1400%2C800&ssl=1 4x"},"classes":[]},{"id":540,"url":"https:\/\/oui-oui.es\/blog\/hola-hola\/","url_meta":{"origin":10671,"position":2},"title":"Hola Hola!!","author":"Mar\u00eda \u2665Oui Oui\u2665","date":"28 febrero, 2013","format":false,"excerpt":"Aqu\u00ed estoy, aqu\u00ed estoy...Sigo viva!! Siento un mont\u00f3n no haber escrito estas \u00faltimas semanas, entre viajes para traer producto y el c\u00famulo de trabajo final para (intentar) LANZAR!! -por fin- la tienda online en marzo (espero que sea mediados) no he sido capaz de sacar un hueco, pero eso va\u2026","rel":"","context":"En \u00abOUI OUI\u00bb","block_context":{"text":"OUI OUI","link":"https:\/\/oui-oui.es\/blog\/category\/oui-oui\/"},"img":{"alt_text":"","src":"https:\/\/i0.wp.com\/oui-oui.es\/blog\/wp-content\/uploads\/oui-oui-guirnalda-tiras-papel-tassel-garland-decoracion-boda-original.jpg?resize=350%2C200&ssl=1","width":350,"height":200,"srcset":"https:\/\/i0.wp.com\/oui-oui.es\/blog\/wp-content\/uploads\/oui-oui-guirnalda-tiras-papel-tassel-garland-decoracion-boda-original.jpg?resize=350%2C200&ssl=1 1x, https:\/\/i0.wp.com\/oui-oui.es\/blog\/wp-content\/uploads\/oui-oui-guirnalda-tiras-papel-tassel-garland-decoracion-boda-original.jpg?resize=525%2C300&ssl=1 1.5x, https:\/\/i0.wp.com\/oui-oui.es\/blog\/wp-content\/uploads\/oui-oui-guirnalda-tiras-papel-tassel-garland-decoracion-boda-original.jpg?resize=700%2C400&ssl=1 2x"},"classes":[]},{"id":3638,"url":"https:\/\/oui-oui.es\/blog\/en-ocasiones-veo-zorritos\/","url_meta":{"origin":10671,"position":3},"title":"En ocasiones veo zorritos","author":"Mar\u00eda \u2665Oui Oui\u2665","date":"28 octubre, 2015","format":false,"excerpt":"Es curioso c\u00f3mo se producen las tendencias y despu\u00e9s las modas...Cuando estaba realizando mis primeras compras para Oui Oui hace ya casi tres a\u00f1os, recuerdo que un proveedor me insisti\u00f3 para que comprara productos de la colecci\u00f3n Fox \"en Inglaterra tienen much\u00edsimo \u00e9xito\" me dec\u00eda...Y hab\u00eda cosas muy monas, pero\u2026","rel":"","context":"En \u00abNI\u00d1OS Y NI\u00d1AS\u00bb","block_context":{"text":"NI\u00d1OS Y NI\u00d1AS","link":"https:\/\/oui-oui.es\/blog\/category\/ninos\/"},"img":{"alt_text":"","src":"https:\/\/i0.wp.com\/oui-oui.es\/blog\/wp-content\/uploads\/2015\/10\/oui-Oui-maletas-zorros-decorar-con-zorros-set-maletas-fox-naranja.jpg?resize=350%2C200&ssl=1","width":350,"height":200,"srcset":"https:\/\/i0.wp.com\/oui-oui.es\/blog\/wp-content\/uploads\/2015\/10\/oui-Oui-maletas-zorros-decorar-con-zorros-set-maletas-fox-naranja.jpg?resize=350%2C200&ssl=1 1x, https:\/\/i0.wp.com\/oui-oui.es\/blog\/wp-content\/uploads\/2015\/10\/oui-Oui-maletas-zorros-decorar-con-zorros-set-maletas-fox-naranja.jpg?resize=525%2C300&ssl=1 1.5x"},"classes":[]},{"id":1927,"url":"https:\/\/oui-oui.es\/blog\/te-casas-este-ano-te-esperamos-este-finde\/","url_meta":{"origin":10671,"position":4},"title":"\u00bfTe casas este a\u00f1o? &#8230;Te esperamos este finde","author":"Mar\u00eda \u2665Oui Oui\u2665","date":"18 febrero, 2015","format":false,"excerpt":"Cuando est\u00e1s organizando tu boda una de las cosas m\u00e1s rollo es tener que quedar con tropecientos proveedores por separado, as\u00ed que, para hac\u00e9rtelo m\u00e1s f\u00e1cil, nos hemos reunido en un espacio (Maqu\u00eds & Co en la calle Maldonado, 37 -Madrid) varias emprendedoras del sector bodas para que pod\u00e1is venir\u2026","rel":"","context":"En \u00abBoda\u00bb","block_context":{"text":"Boda","link":"https:\/\/oui-oui.es\/blog\/category\/fiestas-celebraciones\/boda\/"},"img":{"alt_text":"","src":"https:\/\/i0.wp.com\/oui-oui.es\/blog\/wp-content\/uploads\/2015\/02\/oui-oui-banderc3adn-arpillera-just-married.jpg?resize=350%2C200&ssl=1","width":350,"height":200,"srcset":"https:\/\/i0.wp.com\/oui-oui.es\/blog\/wp-content\/uploads\/2015\/02\/oui-oui-banderc3adn-arpillera-just-married.jpg?resize=350%2C200&ssl=1 1x, https:\/\/i0.wp.com\/oui-oui.es\/blog\/wp-content\/uploads\/2015\/02\/oui-oui-banderc3adn-arpillera-just-married.jpg?resize=525%2C300&ssl=1 1.5x"},"classes":[]},{"id":9942,"url":"https:\/\/oui-oui.es\/blog\/por-7a-vez-nos-vemos-en-decoraccion-2019\/","url_meta":{"origin":10671,"position":5},"title":"Por 7\u00aa vez&#8230;Nos vemos en DecorAcci\u00f3n 2019","author":"Mar\u00eda \u2665Oui Oui\u2665","date":"11 junio, 2019","format":false,"excerpt":"Despu\u00e9s de siete a\u00f1os participando en DecorAcci\u00f3n, me cuesta escribir algo distinto, los que le\u00e9is este blog ya sab\u00e9is lo especial que es para nosotros esta fiesta de la DecorAcci\u00f3n, lo bien que nos lo pasamos y lo que nos gusta que pas\u00e9is a vernos :) Este a\u00f1o parece que\u2026","rel":"","context":"En \u00abDECORACI\u00d3N\u00bb","block_context":{"text":"DECORACI\u00d3N","link":"https:\/\/oui-oui.es\/blog\/category\/decoracion-de-casa\/"},"img":{"alt_text":"","src":"https:\/\/i0.wp.com\/oui-oui.es\/blog\/wp-content\/uploads\/2019\/06\/Oui-Oui-decoraccion-2019-barrio-de-las-letras-mercadillo.jpg?resize=350%2C200&ssl=1","width":350,"height":200,"srcset":"https:\/\/i0.wp.com\/oui-oui.es\/blog\/wp-content\/uploads\/2019\/06\/Oui-Oui-decoraccion-2019-barrio-de-las-letras-mercadillo.jpg?resize=350%2C200&ssl=1 1x, https:\/\/i0.wp.com\/oui-oui.es\/blog\/wp-content\/uploads\/2019\/06\/Oui-Oui-decoraccion-2019-barrio-de-las-letras-mercadillo.jpg?resize=525%2C300&ssl=1 1.5x"},"classes":[]}],"_links":{"self":[{"href":"https:\/\/oui-oui.es\/blog\/wp-json\/wp\/v2\/posts\/10671","targetHints":{"allow":["GET"]}}],"collection":[{"href":"https:\/\/oui-oui.es\/blog\/wp-json\/wp\/v2\/posts"}],"about":[{"href":"https:\/\/oui-oui.es\/blog\/wp-json\/wp\/v2\/types\/post"}],"author":[{"embeddable":true,"href":"https:\/\/oui-oui.es\/blog\/wp-json\/wp\/v2\/users\/1"}],"replies":[{"embeddable":true,"href":"https:\/\/oui-oui.es\/blog\/wp-json\/wp\/v2\/comments?post=10671"}],"version-history":[{"count":2,"href":"https:\/\/oui-oui.es\/blog\/wp-json\/wp\/v2\/posts\/10671\/revisions"}],"predecessor-version":[{"id":10676,"href":"https:\/\/oui-oui.es\/blog\/wp-json\/wp\/v2\/posts\/10671\/revisions\/10676"}],"wp:featuredmedia":[{"embeddable":true,"href":"https:\/\/oui-oui.es\/blog\/wp-json\/wp\/v2\/media\/10673"}],"wp:attachment":[{"href":"https:\/\/oui-oui.es\/blog\/wp-json\/wp\/v2\/media?parent=10671"}],"wp:term":[{"taxonomy":"category","embeddable":true,"href":"https:\/\/oui-oui.es\/blog\/wp-json\/wp\/v2\/categories?post=10671"},{"taxonomy":"post_tag","embeddable":true,"href":"https:\/\/oui-oui.es\/blog\/wp-json\/wp\/v2\/tags?post=10671"}],"curies":[{"name":"wp","href":"https:\/\/api.w.org\/{rel}","templated":true}]}}