{"id":10744,"date":"2022-02-15T19:16:10","date_gmt":"2022-02-15T17:16:10","guid":{"rendered":"https:\/\/oui-oui.es\/blog\/?p=10744"},"modified":"2022-02-15T19:16:13","modified_gmt":"2022-02-15T17:16:13","slug":"el-pecho-fuera-de-rigoberta","status":"publish","type":"post","link":"https:\/\/oui-oui.es\/blog\/el-pecho-fuera-de-rigoberta\/","title":{"rendered":"El pecho fuera de Rigoberta"},"content":{"rendered":"\n<figure class=\"wp-block-image size-large\"><img loading=\"lazy\" decoding=\"async\" width=\"1024\" height=\"768\" src=\"https:\/\/oui-oui.es\/blog\/wp-content\/uploads\/2022\/02\/Oui-Oui-sacar-un-pecho-fuera-ay-mama-rigoberta-taza-tetas-bowl-tetas-productos-tetas-1024x768.jpg\" alt=\"\" class=\"wp-image-10747\" srcset=\"https:\/\/oui-oui.es\/blog\/wp-content\/uploads\/2022\/02\/Oui-Oui-sacar-un-pecho-fuera-ay-mama-rigoberta-taza-tetas-bowl-tetas-productos-tetas-1024x768.jpg 1024w, https:\/\/oui-oui.es\/blog\/wp-content\/uploads\/2022\/02\/Oui-Oui-sacar-un-pecho-fuera-ay-mama-rigoberta-taza-tetas-bowl-tetas-productos-tetas-300x225.jpg 300w, https:\/\/oui-oui.es\/blog\/wp-content\/uploads\/2022\/02\/Oui-Oui-sacar-un-pecho-fuera-ay-mama-rigoberta-taza-tetas-bowl-tetas-productos-tetas-768x576.jpg 768w, https:\/\/oui-oui.es\/blog\/wp-content\/uploads\/2022\/02\/Oui-Oui-sacar-un-pecho-fuera-ay-mama-rigoberta-taza-tetas-bowl-tetas-productos-tetas-600x450.jpg 600w, https:\/\/oui-oui.es\/blog\/wp-content\/uploads\/2022\/02\/Oui-Oui-sacar-un-pecho-fuera-ay-mama-rigoberta-taza-tetas-bowl-tetas-productos-tetas-640x480.jpg 640w, https:\/\/oui-oui.es\/blog\/wp-content\/uploads\/2022\/02\/Oui-Oui-sacar-un-pecho-fuera-ay-mama-rigoberta-taza-tetas-bowl-tetas-productos-tetas.jpg 1200w\" sizes=\"auto, (max-width: 1024px) 100vw, 1024px\" \/><\/figure>\n\n\n\n<p>Hace dos semanas llegaba a mis o\u00eddos la canci\u00f3n <strong>Ay Mam\u00e1<\/strong> de <strong>Rigoberta Bandini<\/strong>, la canci\u00f3n me atraves\u00f3 y me puso los pelos de punta, justo despu\u00e9s vi varios v\u00eddeos en Instagram que reivindicaban el periodo de lactancia con esa canci\u00f3n de fondo y ya se hab\u00eda convertido en un himno. Despu\u00e9s me enter\u00e9 de que participaba en el Benidorm Fest para ir a Eurovisi\u00f3n y el resto es historia&#8230;<\/p>\n\n\n\n<p>Supongo que, como en muchas casas, la escuchamos hasta el infinito, tanto que nos ha dado para hablar sobre Lacroix, analizar alguna de sus frases <em>\u00abT\u00fa que has sangrado tantos meses de tu vida\u00bb<\/em> o <em>\u00abT\u00fa que amarraste bien tu cuerpo a mi cabeza. Con ganas de llorar pero con fortaleza\u00bb<\/em>.<\/p>\n\n\n\n<figure class=\"wp-block-image size-large\"><img loading=\"lazy\" decoding=\"async\" width=\"1024\" height=\"1024\" src=\"https:\/\/oui-oui.es\/blog\/wp-content\/uploads\/2022\/02\/Oui-Oui-Taza-ilustracion-pecho-taza-dibujo-teta-taza-pechos-pezones-dorados-taza-feminista-regalos-feminista-free-nipple-1024x1024.jpg\" alt=\"\" class=\"wp-image-10746\" srcset=\"https:\/\/oui-oui.es\/blog\/wp-content\/uploads\/2022\/02\/Oui-Oui-Taza-ilustracion-pecho-taza-dibujo-teta-taza-pechos-pezones-dorados-taza-feminista-regalos-feminista-free-nipple-1024x1024.jpg 1024w, https:\/\/oui-oui.es\/blog\/wp-content\/uploads\/2022\/02\/Oui-Oui-Taza-ilustracion-pecho-taza-dibujo-teta-taza-pechos-pezones-dorados-taza-feminista-regalos-feminista-free-nipple-300x300.jpg 300w, https:\/\/oui-oui.es\/blog\/wp-content\/uploads\/2022\/02\/Oui-Oui-Taza-ilustracion-pecho-taza-dibujo-teta-taza-pechos-pezones-dorados-taza-feminista-regalos-feminista-free-nipple-150x150.jpg 150w, https:\/\/oui-oui.es\/blog\/wp-content\/uploads\/2022\/02\/Oui-Oui-Taza-ilustracion-pecho-taza-dibujo-teta-taza-pechos-pezones-dorados-taza-feminista-regalos-feminista-free-nipple-768x768.jpg 768w, https:\/\/oui-oui.es\/blog\/wp-content\/uploads\/2022\/02\/Oui-Oui-Taza-ilustracion-pecho-taza-dibujo-teta-taza-pechos-pezones-dorados-taza-feminista-regalos-feminista-free-nipple-600x600.jpg 600w, https:\/\/oui-oui.es\/blog\/wp-content\/uploads\/2022\/02\/Oui-Oui-Taza-ilustracion-pecho-taza-dibujo-teta-taza-pechos-pezones-dorados-taza-feminista-regalos-feminista-free-nipple-1536x1536.jpg 1536w, https:\/\/oui-oui.es\/blog\/wp-content\/uploads\/2022\/02\/Oui-Oui-Taza-ilustracion-pecho-taza-dibujo-teta-taza-pechos-pezones-dorados-taza-feminista-regalos-feminista-free-nipple-2048x2048.jpg 2048w, https:\/\/oui-oui.es\/blog\/wp-content\/uploads\/2022\/02\/Oui-Oui-Taza-ilustracion-pecho-taza-dibujo-teta-taza-pechos-pezones-dorados-taza-feminista-regalos-feminista-free-nipple-640x640.jpg 640w\" sizes=\"auto, (max-width: 1024px) 100vw, 1024px\" \/><figcaption>Taza pechos Oui Oui<\/figcaption><\/figure>\n\n\n\n<p>El caso es que desde hac\u00eda meses ten\u00edamos en la tienda la <a href=\"https:\/\/oui-oui.es\/CASA-decoracion-oui-oui\/1642-taza-pechos-free-the-nipple.html\" target=\"_blank\" rel=\"noreferrer noopener\" title=\"taza pechos\"><strong>taza pechos<\/strong><\/a> y el <strong><a href=\"https:\/\/oui-oui.es\/CASA-decoracion-oui-oui\/1643-macetero-pechos-free-the-nipple.html\" target=\"_blank\" rel=\"noreferrer noopener\" title=\"bol pechos\">bol pechos<\/a><\/strong> (o macetero pechos) pero con el boom de \u00abSacar un pecho fuera\u00bb se dispararon las ventas&#8230;<\/p>\n\n\n\n<figure class=\"wp-block-image size-large\"><img loading=\"lazy\" decoding=\"async\" width=\"768\" height=\"1024\" src=\"https:\/\/oui-oui.es\/blog\/wp-content\/uploads\/2022\/02\/Oui-Oui-bol-pechos-bol-tetas-bowl-pechos-pezones-dorados-regalos-feministas-girl-power-priducots-tetas-rigoberta-768x1024.jpg\" alt=\"\" class=\"wp-image-10748\" srcset=\"https:\/\/oui-oui.es\/blog\/wp-content\/uploads\/2022\/02\/Oui-Oui-bol-pechos-bol-tetas-bowl-pechos-pezones-dorados-regalos-feministas-girl-power-priducots-tetas-rigoberta-768x1024.jpg 768w, https:\/\/oui-oui.es\/blog\/wp-content\/uploads\/2022\/02\/Oui-Oui-bol-pechos-bol-tetas-bowl-pechos-pezones-dorados-regalos-feministas-girl-power-priducots-tetas-rigoberta-225x300.jpg 225w, https:\/\/oui-oui.es\/blog\/wp-content\/uploads\/2022\/02\/Oui-Oui-bol-pechos-bol-tetas-bowl-pechos-pezones-dorados-regalos-feministas-girl-power-priducots-tetas-rigoberta-600x800.jpg 600w, https:\/\/oui-oui.es\/blog\/wp-content\/uploads\/2022\/02\/Oui-Oui-bol-pechos-bol-tetas-bowl-pechos-pezones-dorados-regalos-feministas-girl-power-priducots-tetas-rigoberta-1152x1536.jpg 1152w, https:\/\/oui-oui.es\/blog\/wp-content\/uploads\/2022\/02\/Oui-Oui-bol-pechos-bol-tetas-bowl-pechos-pezones-dorados-regalos-feministas-girl-power-priducots-tetas-rigoberta-1536x2048.jpg 1536w, https:\/\/oui-oui.es\/blog\/wp-content\/uploads\/2022\/02\/Oui-Oui-bol-pechos-bol-tetas-bowl-pechos-pezones-dorados-regalos-feministas-girl-power-priducots-tetas-rigoberta-640x853.jpg 640w, https:\/\/oui-oui.es\/blog\/wp-content\/uploads\/2022\/02\/Oui-Oui-bol-pechos-bol-tetas-bowl-pechos-pezones-dorados-regalos-feministas-girl-power-priducots-tetas-rigoberta-scaled.jpg 1920w\" sizes=\"auto, (max-width: 768px) 100vw, 768px\" \/><\/figure>\n\n\n\n<p>Entonces me d\u00ed cuenta de que no estaban subidos como productos a Facebook, cuando fu\u00ed a hacerlo, <strong>top\u00e9 con la cesura<\/strong>, no puede aparecer la palabra pechos ni teta, as\u00ed que all\u00ed se llaman <strong>taza Rigoberta<\/strong> y <strong>bol Rigoberta<\/strong> &#8230;Un peque\u00f1o gesto fruto de la censura absurda de la red social pero que ahora me hace gracia.<\/p>\n\n\n\n<figure class=\"wp-block-image size-large\"><img loading=\"lazy\" decoding=\"async\" width=\"1024\" height=\"1024\" src=\"https:\/\/oui-oui.es\/blog\/wp-content\/uploads\/2022\/02\/Oui-Oui-macetero-pechos-macetero-tetas-macetero-pechos-pezones-dorados-regalos-feministas-girl-power-1024x1024.jpg\" alt=\"\" class=\"wp-image-10745\" srcset=\"https:\/\/oui-oui.es\/blog\/wp-content\/uploads\/2022\/02\/Oui-Oui-macetero-pechos-macetero-tetas-macetero-pechos-pezones-dorados-regalos-feministas-girl-power-1024x1024.jpg 1024w, https:\/\/oui-oui.es\/blog\/wp-content\/uploads\/2022\/02\/Oui-Oui-macetero-pechos-macetero-tetas-macetero-pechos-pezones-dorados-regalos-feministas-girl-power-300x300.jpg 300w, https:\/\/oui-oui.es\/blog\/wp-content\/uploads\/2022\/02\/Oui-Oui-macetero-pechos-macetero-tetas-macetero-pechos-pezones-dorados-regalos-feministas-girl-power-150x150.jpg 150w, https:\/\/oui-oui.es\/blog\/wp-content\/uploads\/2022\/02\/Oui-Oui-macetero-pechos-macetero-tetas-macetero-pechos-pezones-dorados-regalos-feministas-girl-power-768x768.jpg 768w, https:\/\/oui-oui.es\/blog\/wp-content\/uploads\/2022\/02\/Oui-Oui-macetero-pechos-macetero-tetas-macetero-pechos-pezones-dorados-regalos-feministas-girl-power-600x600.jpg 600w, https:\/\/oui-oui.es\/blog\/wp-content\/uploads\/2022\/02\/Oui-Oui-macetero-pechos-macetero-tetas-macetero-pechos-pezones-dorados-regalos-feministas-girl-power-1536x1536.jpg 1536w, https:\/\/oui-oui.es\/blog\/wp-content\/uploads\/2022\/02\/Oui-Oui-macetero-pechos-macetero-tetas-macetero-pechos-pezones-dorados-regalos-feministas-girl-power-2048x2048.jpg 2048w, https:\/\/oui-oui.es\/blog\/wp-content\/uploads\/2022\/02\/Oui-Oui-macetero-pechos-macetero-tetas-macetero-pechos-pezones-dorados-regalos-feministas-girl-power-640x640.jpg 640w\" sizes=\"auto, (max-width: 1024px) 100vw, 1024px\" \/><figcaption>Macetero pechos Oui Oui<\/figcaption><\/figure>\n\n\n\n<p>Por cierto, en casa escuch\u00e1bamos a Rigoberta desde hac\u00eda tiempo gracias a mi marido que nos descubri\u00f3 \u00abIn Spain we call it Soledad\u00bb, canci\u00f3n que me encanta tambi\u00e9n.<\/p>\n\n\n\n<p>As\u00ed que , si quieres hacer un regalo que reivindique el cuerpo de la mujer&#8230; <a href=\"https:\/\/oui-oui.es\/90-para-feministas\" target=\"_blank\" rel=\"noreferrer noopener\" title=\"Aqu\u00ed te dejo una selecci\u00f3n\"><strong>Aqu\u00ed te dejo una selecci\u00f3n<\/strong><\/a> <\/p>\n\n\n\n<p> <\/p>\n","protected":false},"excerpt":{"rendered":"<p>Hace dos semanas llegaba a mis o\u00eddos la canci\u00f3n Ay Mam\u00e1 de Rigoberta Bandini, la canci\u00f3n me atraves\u00f3 y me puso los pelos de punta, justo despu\u00e9s vi varios v\u00eddeos en Instagram que reivindicaban el periodo de lactancia con esa canci\u00f3n de fondo y ya se hab\u00eda convertido en un himno. Despu\u00e9s me enter\u00e9 de [&hellip;]<\/p>\n","protected":false},"author":1,"featured_media":10745,"comment_status":"open","ping_status":"open","sticky":false,"template":"","format":"standard","meta":{"jetpack_post_was_ever_published":false,"_jetpack_newsletter_access":"","_jetpack_dont_email_post_to_subs":false,"_jetpack_newsletter_tier_id":0,"_jetpack_memberships_contains_paywalled_content":false,"_jetpack_memberships_contains_paid_content":false,"footnotes":"","jetpack_publicize_message":"","jetpack_publicize_feature_enabled":true,"jetpack_social_post_already_shared":true,"jetpack_social_options":{"image_generator_settings":{"template":"highway","default_image_id":0,"font":"","enabled":false},"version":2}},"categories":[883,177],"tags":[836,734],"class_list":["post-10744","post","type-post","status-publish","format-standard","has-post-thumbnail","hentry","category-hogar-dulce-hogar","category-lifestyle-2","tag-feminismo","tag-regalos"],"aioseo_notices":[],"jetpack_publicize_connections":[],"jetpack_featured_media_url":"https:\/\/oui-oui.es\/blog\/wp-content\/uploads\/2022\/02\/Oui-Oui-macetero-pechos-macetero-tetas-macetero-pechos-pezones-dorados-regalos-feministas-girl-power-scaled.jpg","jetpack_sharing_enabled":true,"jetpack-related-posts":[{"id":4616,"url":"https:\/\/oui-oui.es\/blog\/mi-pequenita-fridala-cancion\/","url_meta":{"origin":10744,"position":0},"title":"Mi peque\u00f1ita Frida; la canci\u00f3n","author":"Mar\u00eda \u2665Oui Oui\u2665","date":"8 julio, 2016","format":false,"excerpt":"Hace un par de meses recibimos uno de los regalos m\u00e1s originales, bonitos (\u00a1y pr\u00e1cticos!) que pod\u00edamos imaginar...Una nana personalizada para Frida, una canci\u00f3n de dos minutos pensada y compuesta para ayudarla a tranquilizarse y a dormir. La letra, la melod\u00eda y, sobretodo, la voz, son preciosas. Manuela, la creadora\u2026","rel":"","context":"En \u00abA un hombre\/ novio\/ marido\/ padre\u00bb","block_context":{"text":"A un hombre\/ novio\/ marido\/ padre","link":"https:\/\/oui-oui.es\/blog\/category\/no-se-que-regalar\/a-un-hombrenoviomaridopadre\/"},"img":{"alt_text":"","src":"https:\/\/i0.wp.com\/oui-oui.es\/blog\/wp-content\/uploads\/2016\/07\/Oui-Oui-te-compongo-tu-cancion-mi-pequ%C3%B1ita-Frida.jpg?resize=350%2C200&ssl=1","width":350,"height":200,"srcset":"https:\/\/i0.wp.com\/oui-oui.es\/blog\/wp-content\/uploads\/2016\/07\/Oui-Oui-te-compongo-tu-cancion-mi-pequ%C3%B1ita-Frida.jpg?resize=350%2C200&ssl=1 1x, https:\/\/i0.wp.com\/oui-oui.es\/blog\/wp-content\/uploads\/2016\/07\/Oui-Oui-te-compongo-tu-cancion-mi-pequ%C3%B1ita-Frida.jpg?resize=525%2C300&ssl=1 1.5x, https:\/\/i0.wp.com\/oui-oui.es\/blog\/wp-content\/uploads\/2016\/07\/Oui-Oui-te-compongo-tu-cancion-mi-pequ%C3%B1ita-Frida.jpg?resize=700%2C400&ssl=1 2x, https:\/\/i0.wp.com\/oui-oui.es\/blog\/wp-content\/uploads\/2016\/07\/Oui-Oui-te-compongo-tu-cancion-mi-pequ%C3%B1ita-Frida.jpg?resize=1050%2C600&ssl=1 3x, https:\/\/i0.wp.com\/oui-oui.es\/blog\/wp-content\/uploads\/2016\/07\/Oui-Oui-te-compongo-tu-cancion-mi-pequ%C3%B1ita-Frida.jpg?resize=1400%2C800&ssl=1 4x"},"classes":[]},{"id":4986,"url":"https:\/\/oui-oui.es\/blog\/playing-for-change\/","url_meta":{"origin":10744,"position":1},"title":"Playing for Change","author":"Mar\u00eda \u2665Oui Oui\u2665","date":"16 diciembre, 2016","format":false,"excerpt":"Hace unas semanas mi t\u00edo Galo comparti\u00f3 en un grupo de whatsapp familiar un v\u00eddeo en el que varios m\u00fasicos tocaban, alrededor del mundo y con distintos instrumentos, la canci\u00f3n de \"la Bamba\". Nada m\u00e1s verlo supe que le encantar\u00eda a Mart\u00edn y as\u00ed fu\u00e9...A ra\u00edz de buscarlo m\u00e1s tarde\u2026","rel":"","context":"En \u00abNI\u00d1OS Y NI\u00d1AS\u00bb","block_context":{"text":"NI\u00d1OS Y NI\u00d1AS","link":"https:\/\/oui-oui.es\/blog\/category\/ninos\/"},"img":{"alt_text":"","src":"https:\/\/i0.wp.com\/oui-oui.es\/blog\/wp-content\/uploads\/2016\/12\/Oui-Oui-musica-ni%C3%B1os-multicultural-playing-for-change-grandpa-elliott.jpg?resize=350%2C200&ssl=1","width":350,"height":200,"srcset":"https:\/\/i0.wp.com\/oui-oui.es\/blog\/wp-content\/uploads\/2016\/12\/Oui-Oui-musica-ni%C3%B1os-multicultural-playing-for-change-grandpa-elliott.jpg?resize=350%2C200&ssl=1 1x, https:\/\/i0.wp.com\/oui-oui.es\/blog\/wp-content\/uploads\/2016\/12\/Oui-Oui-musica-ni%C3%B1os-multicultural-playing-for-change-grandpa-elliott.jpg?resize=525%2C300&ssl=1 1.5x, https:\/\/i0.wp.com\/oui-oui.es\/blog\/wp-content\/uploads\/2016\/12\/Oui-Oui-musica-ni%C3%B1os-multicultural-playing-for-change-grandpa-elliott.jpg?resize=700%2C400&ssl=1 2x, https:\/\/i0.wp.com\/oui-oui.es\/blog\/wp-content\/uploads\/2016\/12\/Oui-Oui-musica-ni%C3%B1os-multicultural-playing-for-change-grandpa-elliott.jpg?resize=1050%2C600&ssl=1 3x"},"classes":[]},{"id":2057,"url":"https:\/\/oui-oui.es\/blog\/pon-una-pina-en-tu-vida-2\/","url_meta":{"origin":10744,"position":2},"title":"Pon una pi\u00f1a en tu vida","author":"Mar\u00eda \u2665Oui Oui\u2665","date":"17 abril, 2015","format":false,"excerpt":"Reconozco que cuando me da por algo me da fuerte y me compro todo lo que puedo de ese estilo...El a\u00f1o pasado me pas\u00f3 con las pi\u00f1as, fue poco a poco, primero vi en Zara Home este cesto pi\u00f1a y pens\u00e9; no s\u00e9 para qu\u00e9 pero deber\u00eda compr\u00e1rmelo...No lo hice\u2026","rel":"","context":"En \u00abDECORACI\u00d3N\u00bb","block_context":{"text":"DECORACI\u00d3N","link":"https:\/\/oui-oui.es\/blog\/category\/decoracion-de-casa\/"},"img":{"alt_text":"","src":"https:\/\/i0.wp.com\/oui-oui.es\/blog\/wp-content\/uploads\/2015\/04\/oui-oui-la-fiebre-de-las-pic3b1as-pic3b1a-lampara-lamparas-pic3b1a-pic3b1acolada-lamp.jpg?resize=350%2C200&ssl=1","width":350,"height":200,"srcset":"https:\/\/i0.wp.com\/oui-oui.es\/blog\/wp-content\/uploads\/2015\/04\/oui-oui-la-fiebre-de-las-pic3b1as-pic3b1a-lampara-lamparas-pic3b1a-pic3b1acolada-lamp.jpg?resize=350%2C200&ssl=1 1x, https:\/\/i0.wp.com\/oui-oui.es\/blog\/wp-content\/uploads\/2015\/04\/oui-oui-la-fiebre-de-las-pic3b1as-pic3b1a-lampara-lamparas-pic3b1a-pic3b1acolada-lamp.jpg?resize=525%2C300&ssl=1 1.5x"},"classes":[]},{"id":9385,"url":"https:\/\/oui-oui.es\/blog\/greenology-nutricion-personalizada-segun-tus-genes\/","url_meta":{"origin":10744,"position":3},"title":"Greenology | Nutrici\u00f3n personalizada seg\u00fan tus genes","author":"Mar\u00eda \u2665Oui Oui\u2665","date":"17 octubre, 2018","format":false,"excerpt":"\u00a0 Conoc\u00ed a Laura en un evento de cosm\u00e9tica natural en el que nos dio una pequ\u00f1a charla sobre nutrici\u00f3n y cosm\u00e9tica, incidiendo en los h\u00e1bitos de vida como motor de cambio de nuestra salud y estado de \u00e1nimo. Me llam\u00f3 mucho la atenci\u00f3n c\u00f3mo peque\u00f1os cambios en la alimentaci\u00f3n\u2026","rel":"","context":"En \u00abESTILO DE VIDA\u00bb","block_context":{"text":"ESTILO DE VIDA","link":"https:\/\/oui-oui.es\/blog\/category\/lifestyle-2\/"},"img":{"alt_text":"","src":"https:\/\/i0.wp.com\/oui-oui.es\/blog\/wp-content\/uploads\/2018\/10\/Oui-Oui-greenology-nutrici%C3%B3n-seg%C3%BAn-gen%C3%A9tica-vivir-en-base-a-tu-genetica-.jpg?resize=350%2C200&ssl=1","width":350,"height":200,"srcset":"https:\/\/i0.wp.com\/oui-oui.es\/blog\/wp-content\/uploads\/2018\/10\/Oui-Oui-greenology-nutrici%C3%B3n-seg%C3%BAn-gen%C3%A9tica-vivir-en-base-a-tu-genetica-.jpg?resize=350%2C200&ssl=1 1x, https:\/\/i0.wp.com\/oui-oui.es\/blog\/wp-content\/uploads\/2018\/10\/Oui-Oui-greenology-nutrici%C3%B3n-seg%C3%BAn-gen%C3%A9tica-vivir-en-base-a-tu-genetica-.jpg?resize=525%2C300&ssl=1 1.5x, https:\/\/i0.wp.com\/oui-oui.es\/blog\/wp-content\/uploads\/2018\/10\/Oui-Oui-greenology-nutrici%C3%B3n-seg%C3%BAn-gen%C3%A9tica-vivir-en-base-a-tu-genetica-.jpg?resize=700%2C400&ssl=1 2x"},"classes":[]},{"id":4990,"url":"https:\/\/oui-oui.es\/blog\/5-ideas-de-regalo-para-un-bebe\/","url_meta":{"origin":10744,"position":4},"title":"5 ideas de regalo para un beb\u00e9","author":"Mar\u00eda \u2665Oui Oui\u2665","date":"19 diciembre, 2016","format":false,"excerpt":"Si te fijas en los cat\u00e1logos de beb\u00e9s parece todo igual; multitud de juguetes de colorinchis (bastante feos en general) y productos de puericultura sin encanto, hay que bucear un poco m\u00e1s para encontrar objetos bonitos, cuidados, sin colores estridentes y que est\u00e9n pensados de verdad para un beb\u00e9...Sobre \u00e9sto\u2026","rel":"","context":"En \u00abA una futura o reciente mam\u00e1\u00bb","block_context":{"text":"A una futura o reciente mam\u00e1","link":"https:\/\/oui-oui.es\/blog\/category\/no-se-que-regalar\/a-una-futura-o-reciente-mama\/"},"img":{"alt_text":"","src":"https:\/\/i0.wp.com\/oui-oui.es\/blog\/wp-content\/uploads\/2016\/12\/Oui-Oui-muselina-aden-anais-muselina-bebes-gasa.jpg?resize=350%2C200&ssl=1","width":350,"height":200,"srcset":"https:\/\/i0.wp.com\/oui-oui.es\/blog\/wp-content\/uploads\/2016\/12\/Oui-Oui-muselina-aden-anais-muselina-bebes-gasa.jpg?resize=350%2C200&ssl=1 1x, https:\/\/i0.wp.com\/oui-oui.es\/blog\/wp-content\/uploads\/2016\/12\/Oui-Oui-muselina-aden-anais-muselina-bebes-gasa.jpg?resize=525%2C300&ssl=1 1.5x, https:\/\/i0.wp.com\/oui-oui.es\/blog\/wp-content\/uploads\/2016\/12\/Oui-Oui-muselina-aden-anais-muselina-bebes-gasa.jpg?resize=700%2C400&ssl=1 2x, https:\/\/i0.wp.com\/oui-oui.es\/blog\/wp-content\/uploads\/2016\/12\/Oui-Oui-muselina-aden-anais-muselina-bebes-gasa.jpg?resize=1050%2C600&ssl=1 3x, https:\/\/i0.wp.com\/oui-oui.es\/blog\/wp-content\/uploads\/2016\/12\/Oui-Oui-muselina-aden-anais-muselina-bebes-gasa.jpg?resize=1400%2C800&ssl=1 4x"},"classes":[]},{"id":4368,"url":"https:\/\/oui-oui.es\/blog\/con-el-corazon-de-alejo\/","url_meta":{"origin":10744,"position":5},"title":"Con el coraz\u00f3n de Alejo","author":"Mar\u00eda \u2665Oui Oui\u2665","date":"30 mayo, 2016","format":false,"excerpt":"No s\u00e9 si recordar\u00e9is que hace unos meses un grupo muy grande de bloggers nos pusimos en marcha para recaudar fondos a favor de los refugiados, de ese impulso inicial naci\u00f3n el concepto En tu piel, con la idea de organizar planes para ayudar a personas o causas que en\u2026","rel":"","context":"En \u00abNI\u00d1OS Y NI\u00d1AS\u00bb","block_context":{"text":"NI\u00d1OS Y NI\u00d1AS","link":"https:\/\/oui-oui.es\/blog\/category\/ninos\/"},"img":{"alt_text":"","src":"https:\/\/i0.wp.com\/oui-oui.es\/blog\/wp-content\/uploads\/2016\/05\/Oui-Oui-en-tu-piel-alejo.jpg?resize=350%2C200&ssl=1","width":350,"height":200,"srcset":"https:\/\/i0.wp.com\/oui-oui.es\/blog\/wp-content\/uploads\/2016\/05\/Oui-Oui-en-tu-piel-alejo.jpg?resize=350%2C200&ssl=1 1x, https:\/\/i0.wp.com\/oui-oui.es\/blog\/wp-content\/uploads\/2016\/05\/Oui-Oui-en-tu-piel-alejo.jpg?resize=525%2C300&ssl=1 1.5x, https:\/\/i0.wp.com\/oui-oui.es\/blog\/wp-content\/uploads\/2016\/05\/Oui-Oui-en-tu-piel-alejo.jpg?resize=700%2C400&ssl=1 2x"},"classes":[]}],"_links":{"self":[{"href":"https:\/\/oui-oui.es\/blog\/wp-json\/wp\/v2\/posts\/10744","targetHints":{"allow":["GET"]}}],"collection":[{"href":"https:\/\/oui-oui.es\/blog\/wp-json\/wp\/v2\/posts"}],"about":[{"href":"https:\/\/oui-oui.es\/blog\/wp-json\/wp\/v2\/types\/post"}],"author":[{"embeddable":true,"href":"https:\/\/oui-oui.es\/blog\/wp-json\/wp\/v2\/users\/1"}],"replies":[{"embeddable":true,"href":"https:\/\/oui-oui.es\/blog\/wp-json\/wp\/v2\/comments?post=10744"}],"version-history":[{"count":1,"href":"https:\/\/oui-oui.es\/blog\/wp-json\/wp\/v2\/posts\/10744\/revisions"}],"predecessor-version":[{"id":10749,"href":"https:\/\/oui-oui.es\/blog\/wp-json\/wp\/v2\/posts\/10744\/revisions\/10749"}],"wp:featuredmedia":[{"embeddable":true,"href":"https:\/\/oui-oui.es\/blog\/wp-json\/wp\/v2\/media\/10745"}],"wp:attachment":[{"href":"https:\/\/oui-oui.es\/blog\/wp-json\/wp\/v2\/media?parent=10744"}],"wp:term":[{"taxonomy":"category","embeddable":true,"href":"https:\/\/oui-oui.es\/blog\/wp-json\/wp\/v2\/categories?post=10744"},{"taxonomy":"post_tag","embeddable":true,"href":"https:\/\/oui-oui.es\/blog\/wp-json\/wp\/v2\/tags?post=10744"}],"curies":[{"name":"wp","href":"https:\/\/api.w.org\/{rel}","templated":true}]}}