{"id":10766,"date":"2022-05-20T12:27:52","date_gmt":"2022-05-20T10:27:52","guid":{"rendered":"https:\/\/oui-oui.es\/blog\/?p=10766"},"modified":"2022-05-20T12:28:28","modified_gmt":"2022-05-20T10:28:28","slug":"campamento-de-yoga-y-arte-en-zentro-urban-yoga","status":"publish","type":"post","link":"https:\/\/oui-oui.es\/blog\/campamento-de-yoga-y-arte-en-zentro-urban-yoga\/","title":{"rendered":"Campamento de yoga y arte en Zentro Urban Yoga"},"content":{"rendered":"\n<figure class=\"wp-block-image size-large\"><img loading=\"lazy\" decoding=\"async\" width=\"1024\" height=\"454\" src=\"https:\/\/oui-oui.es\/blog\/wp-content\/uploads\/2022\/05\/Oui-Oui-Campamento-Yoga-y-Arte-ZUY-Zentro-Urban-yoga-yoga-ninos-yoga-nias-yoga-infantil-arteterapia-1024x454.png\" alt=\"\" class=\"wp-image-10767\" srcset=\"https:\/\/oui-oui.es\/blog\/wp-content\/uploads\/2022\/05\/Oui-Oui-Campamento-Yoga-y-Arte-ZUY-Zentro-Urban-yoga-yoga-ninos-yoga-nias-yoga-infantil-arteterapia-1024x454.png 1024w, https:\/\/oui-oui.es\/blog\/wp-content\/uploads\/2022\/05\/Oui-Oui-Campamento-Yoga-y-Arte-ZUY-Zentro-Urban-yoga-yoga-ninos-yoga-nias-yoga-infantil-arteterapia-300x133.png 300w, https:\/\/oui-oui.es\/blog\/wp-content\/uploads\/2022\/05\/Oui-Oui-Campamento-Yoga-y-Arte-ZUY-Zentro-Urban-yoga-yoga-ninos-yoga-nias-yoga-infantil-arteterapia-768x341.png 768w, https:\/\/oui-oui.es\/blog\/wp-content\/uploads\/2022\/05\/Oui-Oui-Campamento-Yoga-y-Arte-ZUY-Zentro-Urban-yoga-yoga-ninos-yoga-nias-yoga-infantil-arteterapia-600x266.png 600w, https:\/\/oui-oui.es\/blog\/wp-content\/uploads\/2022\/05\/Oui-Oui-Campamento-Yoga-y-Arte-ZUY-Zentro-Urban-yoga-yoga-ninos-yoga-nias-yoga-infantil-arteterapia-640x284.png 640w, https:\/\/oui-oui.es\/blog\/wp-content\/uploads\/2022\/05\/Oui-Oui-Campamento-Yoga-y-Arte-ZUY-Zentro-Urban-yoga-yoga-ninos-yoga-nias-yoga-infantil-arteterapia.png 1263w\" sizes=\"auto, (max-width: 1024px) 100vw, 1024px\" \/><\/figure>\n\n\n\n<p>Hace unas semanas, cuando vi el taller de yoga en familia que impart\u00edan en <a href=\"https:\/\/www.zentrourbanyoga.com\/\" target=\"_blank\" rel=\"noreferrer noopener\">Zentro Urban Yoga<\/a> (en adelante ZUY), por el d\u00eda de la madre, corr\u00ed a apuntarme porque a Frida (6) le encanta hacer yoga en casa a su manera (jugar a relajarse, hacer ejercicios  con el cuento <a href=\"https:\/\/amzn.to\/3G2Lf9b\" target=\"_blank\" rel=\"noreferrer noopener\">\u00abYo tambi\u00e9n hago yoga\u00bb<\/a>, etc&#8230;), pero nunca hab\u00edamos ido a una clase. <\/p>\n\n\n\n<figure class=\"wp-block-image size-large\"><img loading=\"lazy\" decoding=\"async\" width=\"767\" height=\"1024\" src=\"https:\/\/oui-oui.es\/blog\/wp-content\/uploads\/2022\/05\/Oui-Oui-Campamento-Yoga-y-Arte-ZUY-Zentro-Urban-yoga-yoga-ninos-yoga-nias-yoga-infantil-aeroyoga-infantil-yoga-en-familia-767x1024.jpg\" alt=\"\" class=\"wp-image-10770\" srcset=\"https:\/\/oui-oui.es\/blog\/wp-content\/uploads\/2022\/05\/Oui-Oui-Campamento-Yoga-y-Arte-ZUY-Zentro-Urban-yoga-yoga-ninos-yoga-nias-yoga-infantil-aeroyoga-infantil-yoga-en-familia-767x1024.jpg 767w, https:\/\/oui-oui.es\/blog\/wp-content\/uploads\/2022\/05\/Oui-Oui-Campamento-Yoga-y-Arte-ZUY-Zentro-Urban-yoga-yoga-ninos-yoga-nias-yoga-infantil-aeroyoga-infantil-yoga-en-familia-225x300.jpg 225w, https:\/\/oui-oui.es\/blog\/wp-content\/uploads\/2022\/05\/Oui-Oui-Campamento-Yoga-y-Arte-ZUY-Zentro-Urban-yoga-yoga-ninos-yoga-nias-yoga-infantil-aeroyoga-infantil-yoga-en-familia-768x1025.jpg 768w, https:\/\/oui-oui.es\/blog\/wp-content\/uploads\/2022\/05\/Oui-Oui-Campamento-Yoga-y-Arte-ZUY-Zentro-Urban-yoga-yoga-ninos-yoga-nias-yoga-infantil-aeroyoga-infantil-yoga-en-familia-600x801.jpg 600w, https:\/\/oui-oui.es\/blog\/wp-content\/uploads\/2022\/05\/Oui-Oui-Campamento-Yoga-y-Arte-ZUY-Zentro-Urban-yoga-yoga-ninos-yoga-nias-yoga-infantil-aeroyoga-infantil-yoga-en-familia-1150x1536.jpg 1150w, https:\/\/oui-oui.es\/blog\/wp-content\/uploads\/2022\/05\/Oui-Oui-Campamento-Yoga-y-Arte-ZUY-Zentro-Urban-yoga-yoga-ninos-yoga-nias-yoga-infantil-aeroyoga-infantil-yoga-en-familia-640x854.jpg 640w, https:\/\/oui-oui.es\/blog\/wp-content\/uploads\/2022\/05\/Oui-Oui-Campamento-Yoga-y-Arte-ZUY-Zentro-Urban-yoga-yoga-ninos-yoga-nias-yoga-infantil-aeroyoga-infantil-yoga-en-familia.jpg 1504w\" sizes=\"auto, (max-width: 767px) 100vw, 767px\" \/><\/figure>\n\n\n\n<p>Con Mart\u00edn (8) de peque hab\u00edamos hecho alguna cosa en casa con ese mismo cuento pero tampoco ninguna clase, as\u00ed que nos apuntamos a la <strong><a href=\"https:\/\/www.zentrourbanyoga.com\/\" target=\"_blank\" rel=\"noreferrer noopener\">clase de yoga y acroyoga en familia<\/a><\/strong> con mucha ilusi\u00f3n, si bien es cierto que cuando lleg\u00f3 la fecha, Mart\u00edn dijo que no quer\u00eda ir (algo muy habitual, por otro lado) pero como ya est\u00e1bamos apuntados le indiqu\u00e9 que no era posible no asistir (sab\u00eda que luego le iba a gustar), y por eso os cuento \u00e9sto, porque, a pesar de su edad (8 a\u00f1os y medio) y de que el resto de la clase eran m\u00e1s peques, se lo pas\u00f3 bomba desde el primer minuto y, por supuesto, a la salida me dijo que se alegraba de haber ido a la case de yoga y que cu\u00e1ndo habr\u00eda otra.<\/p>\n\n\n\n<figure class=\"wp-block-image size-large\"><img loading=\"lazy\" decoding=\"async\" width=\"768\" height=\"1024\" src=\"https:\/\/oui-oui.es\/blog\/wp-content\/uploads\/2022\/05\/Oui-Oui-Campamento-Yoga-y-Arte-ZUY-Zentro-Urban-yoga-yoga-ninos-yoga-nias-yoga-infantil-aeroyoga-infantil-yoga-en-familia-2-768x1024.jpg\" alt=\"\" class=\"wp-image-10771\" srcset=\"https:\/\/oui-oui.es\/blog\/wp-content\/uploads\/2022\/05\/Oui-Oui-Campamento-Yoga-y-Arte-ZUY-Zentro-Urban-yoga-yoga-ninos-yoga-nias-yoga-infantil-aeroyoga-infantil-yoga-en-familia-2-768x1024.jpg 768w, https:\/\/oui-oui.es\/blog\/wp-content\/uploads\/2022\/05\/Oui-Oui-Campamento-Yoga-y-Arte-ZUY-Zentro-Urban-yoga-yoga-ninos-yoga-nias-yoga-infantil-aeroyoga-infantil-yoga-en-familia-2-225x300.jpg 225w, https:\/\/oui-oui.es\/blog\/wp-content\/uploads\/2022\/05\/Oui-Oui-Campamento-Yoga-y-Arte-ZUY-Zentro-Urban-yoga-yoga-ninos-yoga-nias-yoga-infantil-aeroyoga-infantil-yoga-en-familia-2-600x800.jpg 600w, https:\/\/oui-oui.es\/blog\/wp-content\/uploads\/2022\/05\/Oui-Oui-Campamento-Yoga-y-Arte-ZUY-Zentro-Urban-yoga-yoga-ninos-yoga-nias-yoga-infantil-aeroyoga-infantil-yoga-en-familia-2-1152x1536.jpg 1152w, https:\/\/oui-oui.es\/blog\/wp-content\/uploads\/2022\/05\/Oui-Oui-Campamento-Yoga-y-Arte-ZUY-Zentro-Urban-yoga-yoga-ninos-yoga-nias-yoga-infantil-aeroyoga-infantil-yoga-en-familia-2-1536x2048.jpg 1536w, https:\/\/oui-oui.es\/blog\/wp-content\/uploads\/2022\/05\/Oui-Oui-Campamento-Yoga-y-Arte-ZUY-Zentro-Urban-yoga-yoga-ninos-yoga-nias-yoga-infantil-aeroyoga-infantil-yoga-en-familia-2-640x853.jpg 640w, https:\/\/oui-oui.es\/blog\/wp-content\/uploads\/2022\/05\/Oui-Oui-Campamento-Yoga-y-Arte-ZUY-Zentro-Urban-yoga-yoga-ninos-yoga-nias-yoga-infantil-aeroyoga-infantil-yoga-en-familia-2-scaled.jpg 1920w\" sizes=\"auto, (max-width: 768px) 100vw, 768px\" \/><\/figure>\n\n\n\n<p>Justo le comentaba a Mercedes, la responsable de <a href=\"https:\/\/www.zentrourbanyoga.com\/\" target=\"_blank\" rel=\"noreferrer noopener\">ZUY<\/a>, lo guay que hab\u00eda sido el plan y que por qu\u00e9 no hac\u00edan m\u00e1s clases infantiles y\/o en familia (tienen unas <a href=\"https:\/\/www.zentrourbanyoga.com\/horarios-yoga-pilates-madrid-barrio-salamanca\" target=\"_blank\" rel=\"noreferrer noopener\">clases de yoga para adolescentes<\/a> s\u00faper apetecibles tambi\u00e9n) cuando me indic\u00f3  que las hac\u00edan pero que se suspendieron por la  la pandemia y que volver\u00e1n a hacerlas pero que esperara porque iban a lanzar un <strong><a href=\"https:\/\/www.zentrourbanyoga.com\/campamento-de-verano\" target=\"_blank\" rel=\"noreferrer noopener\">campamento de verano de yoga y arte<\/a><\/strong> s\u00faper chulo y as\u00ed ha sido&#8230;<\/p>\n\n\n\n<p>Una suerte de <strong>campamento urbano que combina yoga y arte<\/strong>, para ni\u00f1os y ni\u00f1as desde 5 a\u00f1os con unas profesoras de lujo (ten\u00e9is toda la info aqu\u00ed) <\/p>\n\n\n\n<blockquote class=\"wp-block-quote is-layout-flow wp-block-quote-is-layout-flow\"><p>\u201cQueremos brindar un espacio para que los ni\u00f1os conecten con todo lo que son, aprendiendo a expresarse, a reconocer y manejar sus emociones, y expandiendo su seguridad, capacidad de atenci\u00f3n y concentraci\u00f3n mediante el arte y el yoga\u00bb<\/p><\/blockquote>\n\n\n\n<p>Una forma de pasar las ma\u00f1anas de verano cuando a\u00fan no te has ido de Madrid, que combina dos disciplinas tan fant\u00e1sticas para el desarrollo infantil como son el arte y el yoga, en un espacio que emana paz como es ZUY y con las mejores gu\u00edas y profesoras como son <strong>Dashna Chavarria<\/strong> y <strong>Cecilia Rousset<\/strong>.<\/p>\n\n\n\n<p>Yo recuerdo con mucho cari\u00f1o los talleres (as\u00ed se llamaba el campamento urbano de mi cole) que hac\u00edamos en julio mientras mi madre y mi padre ten\u00edan que trabajar, en nuestro caso tenemos mucha suerte porque pueden irse con las y los abuelos pero a\u00fan as\u00ed ya tienen una edad en la que empiezan a pedir campamentos y \u00e9ste me parece un aut\u00e9ntico regalo. <\/p>\n\n\n\n<figure class=\"wp-block-image size-large\"><img loading=\"lazy\" decoding=\"async\" width=\"1021\" height=\"1024\" src=\"https:\/\/oui-oui.es\/blog\/wp-content\/uploads\/2022\/05\/Oui-Oui-Campamento-Yoga-y-Arte-ZUY-Zentro-Urban-yoga-yoga-ninos-yoga-nias-yoga-infantil-arteterapia-posturas-barca-1021x1024.jpg\" alt=\"\" class=\"wp-image-10768\" srcset=\"https:\/\/oui-oui.es\/blog\/wp-content\/uploads\/2022\/05\/Oui-Oui-Campamento-Yoga-y-Arte-ZUY-Zentro-Urban-yoga-yoga-ninos-yoga-nias-yoga-infantil-arteterapia-posturas-barca-1021x1024.jpg 1021w, https:\/\/oui-oui.es\/blog\/wp-content\/uploads\/2022\/05\/Oui-Oui-Campamento-Yoga-y-Arte-ZUY-Zentro-Urban-yoga-yoga-ninos-yoga-nias-yoga-infantil-arteterapia-posturas-barca-300x300.jpg 300w, https:\/\/oui-oui.es\/blog\/wp-content\/uploads\/2022\/05\/Oui-Oui-Campamento-Yoga-y-Arte-ZUY-Zentro-Urban-yoga-yoga-ninos-yoga-nias-yoga-infantil-arteterapia-posturas-barca-150x150.jpg 150w, https:\/\/oui-oui.es\/blog\/wp-content\/uploads\/2022\/05\/Oui-Oui-Campamento-Yoga-y-Arte-ZUY-Zentro-Urban-yoga-yoga-ninos-yoga-nias-yoga-infantil-arteterapia-posturas-barca-768x771.jpg 768w, https:\/\/oui-oui.es\/blog\/wp-content\/uploads\/2022\/05\/Oui-Oui-Campamento-Yoga-y-Arte-ZUY-Zentro-Urban-yoga-yoga-ninos-yoga-nias-yoga-infantil-arteterapia-posturas-barca-600x602.jpg 600w, https:\/\/oui-oui.es\/blog\/wp-content\/uploads\/2022\/05\/Oui-Oui-Campamento-Yoga-y-Arte-ZUY-Zentro-Urban-yoga-yoga-ninos-yoga-nias-yoga-infantil-arteterapia-posturas-barca-640x642.jpg 640w, https:\/\/oui-oui.es\/blog\/wp-content\/uploads\/2022\/05\/Oui-Oui-Campamento-Yoga-y-Arte-ZUY-Zentro-Urban-yoga-yoga-ninos-yoga-nias-yoga-infantil-arteterapia-posturas-barca.jpg 1190w\" sizes=\"auto, (max-width: 1021px) 100vw, 1021px\" \/><\/figure>\n\n\n\n<p>Un campamento en el que <strong>aprender\u00e1n yoga, meditaci\u00f3n, arte terapia a trav\u00e9s del teatro, las artes pl\u00e1sticas, la escritura creativa y la m\u00fasica<\/strong>, \u00bfno os parece una maravilla?<\/p>\n\n\n\n<p>El campamento  de yoga y arte es por las ma\u00f1anas, de 9 a 13 y se puede coger por semanas.<\/p>\n\n\n\n<p>Tienes toda la info <a href=\"https:\/\/www.zentrourbanyoga.com\/campamento-de-verano\" target=\"_blank\" rel=\"noreferrer noopener\">AQU\u00cd<\/a><\/p>\n\n\n\n<figure class=\"wp-block-pullquote\"><blockquote><p>\u00a1Ah! que no se me olvide, adem\u00e1s, en todas las clases de yoga en ZUY tanto online como presenciales, talleres, etc&#8230;<\/p><p>Tienes un 20% dto con el <strong>C\u00f3digo OUIOUI20<\/strong>, \u00edndicalo al hacer la reserva!<\/p><\/blockquote><\/figure>\n\n\n\n<p>Para clases de yoga online tienes toda la info <a href=\"https:\/\/tv.zentrourbanyoga.com\/catalog\" target=\"_blank\" rel=\"noreferrer noopener\">AQU\u00cd<\/a><\/p>\n\n\n\n<p>Pra clases de yoga presencial <a href=\"https:\/\/www.zentrourbanyoga.com\/\" target=\"_blank\" rel=\"noreferrer noopener\">AQU\u00cd<\/a><\/p>\n\n\n\n<p>Y para talleres de yoga especiales  <a href=\"https:\/\/www.zentrourbanyoga.com\/talleres-yoga-madrid\" target=\"_blank\" rel=\"noreferrer noopener\">AQU\u00cd<\/a><\/p>\n\n\n\n<figure class=\"wp-block-image size-large\"><img loading=\"lazy\" decoding=\"async\" width=\"1024\" height=\"1021\" src=\"https:\/\/oui-oui.es\/blog\/wp-content\/uploads\/2022\/05\/Oui-Oui-Campamento-Yoga-y-Arte-ZUY-Zentro-Urban-yoga-yoga-ninos-yoga-nias-yoga-infantil-arteterapia-posturas-Respiracion-en-savasana-1024x1021.jpg\" alt=\"\" class=\"wp-image-10769\" srcset=\"https:\/\/oui-oui.es\/blog\/wp-content\/uploads\/2022\/05\/Oui-Oui-Campamento-Yoga-y-Arte-ZUY-Zentro-Urban-yoga-yoga-ninos-yoga-nias-yoga-infantil-arteterapia-posturas-Respiracion-en-savasana-1024x1021.jpg 1024w, https:\/\/oui-oui.es\/blog\/wp-content\/uploads\/2022\/05\/Oui-Oui-Campamento-Yoga-y-Arte-ZUY-Zentro-Urban-yoga-yoga-ninos-yoga-nias-yoga-infantil-arteterapia-posturas-Respiracion-en-savasana-300x300.jpg 300w, https:\/\/oui-oui.es\/blog\/wp-content\/uploads\/2022\/05\/Oui-Oui-Campamento-Yoga-y-Arte-ZUY-Zentro-Urban-yoga-yoga-ninos-yoga-nias-yoga-infantil-arteterapia-posturas-Respiracion-en-savasana-150x150.jpg 150w, https:\/\/oui-oui.es\/blog\/wp-content\/uploads\/2022\/05\/Oui-Oui-Campamento-Yoga-y-Arte-ZUY-Zentro-Urban-yoga-yoga-ninos-yoga-nias-yoga-infantil-arteterapia-posturas-Respiracion-en-savasana-768x765.jpg 768w, https:\/\/oui-oui.es\/blog\/wp-content\/uploads\/2022\/05\/Oui-Oui-Campamento-Yoga-y-Arte-ZUY-Zentro-Urban-yoga-yoga-ninos-yoga-nias-yoga-infantil-arteterapia-posturas-Respiracion-en-savasana-600x598.jpg 600w, https:\/\/oui-oui.es\/blog\/wp-content\/uploads\/2022\/05\/Oui-Oui-Campamento-Yoga-y-Arte-ZUY-Zentro-Urban-yoga-yoga-ninos-yoga-nias-yoga-infantil-arteterapia-posturas-Respiracion-en-savasana-640x638.jpg 640w, https:\/\/oui-oui.es\/blog\/wp-content\/uploads\/2022\/05\/Oui-Oui-Campamento-Yoga-y-Arte-ZUY-Zentro-Urban-yoga-yoga-ninos-yoga-nias-yoga-infantil-arteterapia-posturas-Respiracion-en-savasana.jpg 1198w\" sizes=\"auto, (max-width: 1024px) 100vw, 1024px\" \/><\/figure>\n\n\n\n<p>___________________________________________________________<\/p>\n\n\n\n<p>Si te gust\u00f3 este post, tambi\u00e9n te pueden interesar el post sobre <a href=\"https:\/\/oui-oui.es\/blog\/la-caja-de-la-calma-mindfulness-para-ninos\/\" target=\"_blank\" rel=\"noreferrer noopener\">La Caja de la Calma Infantil<\/a> ,  <a href=\"https:\/\/oui-oui.es\/blog\/mi-descubrimiento-del-ano-el-yoga-facial-de-maiko\/\" target=\"_blank\" rel=\"noreferrer noopener\">El Yoga facial de Maiko<\/a><\/p>\n","protected":false},"excerpt":{"rendered":"<p>Hace unas semanas, cuando vi el taller de yoga en familia que impart\u00edan en Zentro Urban Yoga (en adelante ZUY), por el d\u00eda de la madre, corr\u00ed a apuntarme porque a Frida (6) le encanta hacer yoga en casa a su manera (jugar a relajarse, hacer ejercicios con el cuento \u00abYo tambi\u00e9n hago yoga\u00bb, etc&#8230;), [&hellip;]<\/p>\n","protected":false},"author":1,"featured_media":10767,"comment_status":"open","ping_status":"open","sticky":false,"template":"","format":"standard","meta":{"jetpack_post_was_ever_published":false,"_jetpack_newsletter_access":"","_jetpack_dont_email_post_to_subs":false,"_jetpack_newsletter_tier_id":0,"_jetpack_memberships_contains_paywalled_content":false,"_jetpack_memberships_contains_paid_content":false,"footnotes":"","jetpack_publicize_message":"Una bombinaci\u00f3n increible de yoga y arte para ni\u00f1as y ni\u00f1os","jetpack_publicize_feature_enabled":true,"jetpack_social_post_already_shared":true,"jetpack_social_options":{"image_generator_settings":{"template":"highway","default_image_id":0,"font":"","enabled":false},"version":2}},"categories":[868,174,876],"tags":[901,900,804,752,721,899],"class_list":["post-10766","post","type-post","status-publish","format-standard","has-post-thumbnail","hentry","category-educacion","category-ninos","category-saludable","tag-arte","tag-campamentos","tag-ninos","tag-planes-chulos","tag-planes-con-ninos","tag-yoga"],"aioseo_notices":[],"jetpack_publicize_connections":[],"jetpack_featured_media_url":"https:\/\/oui-oui.es\/blog\/wp-content\/uploads\/2022\/05\/Oui-Oui-Campamento-Yoga-y-Arte-ZUY-Zentro-Urban-yoga-yoga-ninos-yoga-nias-yoga-infantil-arteterapia.png","jetpack_sharing_enabled":true,"jetpack-related-posts":[{"id":4625,"url":"https:\/\/oui-oui.es\/blog\/la-caja-de-la-calma-mindfulness-para-ninos\/","url_meta":{"origin":10766,"position":0},"title":"La caja de la calma; mindfulness para ni\u00f1os","author":"Mar\u00eda \u2665Oui Oui\u2665","date":"11 julio, 2016","format":false,"excerpt":"Parece que \u00faltimamente s\u00f3lo escribo para proponer cosas que comprar, pero han llegado a m\u00ed tantas cosas chulas que \u00a1me es imposible no recomendarlas! y hoy os voy a hablar de la Caja m\u00e1gica de la calma, una gran idea de Hippy Kids Yoga para acercar el midfulness (ser consciente\u2026","rel":"","context":"En \u00abNI\u00d1OS Y NI\u00d1AS\u00bb","block_context":{"text":"NI\u00d1OS Y NI\u00d1AS","link":"https:\/\/oui-oui.es\/blog\/category\/ninos\/"},"img":{"alt_text":"","src":"https:\/\/i0.wp.com\/oui-oui.es\/blog\/wp-content\/uploads\/2016\/07\/Oui-Oui-caja-magica-de-la-calma-mindfulness-para-ni%C3%B1os-yoga-ni%C3%B1os-juego-relajante-ni%C3%B1os-4.jpg?resize=350%2C200&ssl=1","width":350,"height":200,"srcset":"https:\/\/i0.wp.com\/oui-oui.es\/blog\/wp-content\/uploads\/2016\/07\/Oui-Oui-caja-magica-de-la-calma-mindfulness-para-ni%C3%B1os-yoga-ni%C3%B1os-juego-relajante-ni%C3%B1os-4.jpg?resize=350%2C200&ssl=1 1x, https:\/\/i0.wp.com\/oui-oui.es\/blog\/wp-content\/uploads\/2016\/07\/Oui-Oui-caja-magica-de-la-calma-mindfulness-para-ni%C3%B1os-yoga-ni%C3%B1os-juego-relajante-ni%C3%B1os-4.jpg?resize=525%2C300&ssl=1 1.5x, https:\/\/i0.wp.com\/oui-oui.es\/blog\/wp-content\/uploads\/2016\/07\/Oui-Oui-caja-magica-de-la-calma-mindfulness-para-ni%C3%B1os-yoga-ni%C3%B1os-juego-relajante-ni%C3%B1os-4.jpg?resize=700%2C400&ssl=1 2x, https:\/\/i0.wp.com\/oui-oui.es\/blog\/wp-content\/uploads\/2016\/07\/Oui-Oui-caja-magica-de-la-calma-mindfulness-para-ni%C3%B1os-yoga-ni%C3%B1os-juego-relajante-ni%C3%B1os-4.jpg?resize=1050%2C600&ssl=1 3x"},"classes":[]},{"id":10086,"url":"https:\/\/oui-oui.es\/blog\/mi-descubrimiento-del-ano-el-yoga-facial-de-maiko\/","url_meta":{"origin":10766,"position":1},"title":"Mi descubrimiento del a\u00f1o: el Yoga Facial de Maiko","author":"Mar\u00eda \u2665Oui Oui\u2665","date":"29 agosto, 2019","format":false,"excerpt":"Tengo molestias en la mand\u00edbula desde que estudiaba en la Universidad, un problema en ella hizo que llevara aparato, que haya ido a la oste\u00f3pata durante a\u00f1os, que duerma con f\u00e9rula, que me est\u00e9 dando automasajes cada dos por tres y que pruebe todo lo que cae en mis manos\u2026","rel":"","context":"En \u00abESTILO DE VIDA\u00bb","block_context":{"text":"ESTILO DE VIDA","link":"https:\/\/oui-oui.es\/blog\/category\/lifestyle-2\/"},"img":{"alt_text":"","src":"https:\/\/i0.wp.com\/oui-oui.es\/blog\/wp-content\/uploads\/2019\/08\/Oui-Oui-Maiko-yogafacial.jpg?resize=350%2C200&ssl=1","width":350,"height":200,"srcset":"https:\/\/i0.wp.com\/oui-oui.es\/blog\/wp-content\/uploads\/2019\/08\/Oui-Oui-Maiko-yogafacial.jpg?resize=350%2C200&ssl=1 1x, https:\/\/i0.wp.com\/oui-oui.es\/blog\/wp-content\/uploads\/2019\/08\/Oui-Oui-Maiko-yogafacial.jpg?resize=525%2C300&ssl=1 1.5x, https:\/\/i0.wp.com\/oui-oui.es\/blog\/wp-content\/uploads\/2019\/08\/Oui-Oui-Maiko-yogafacial.jpg?resize=700%2C400&ssl=1 2x"},"classes":[]},{"id":189,"url":"https:\/\/oui-oui.es\/blog\/un-regalo-original-para-mamas-recientes-o-no\/","url_meta":{"origin":10766,"position":2},"title":"Un regalo original para mam\u00e1s recientes&#8230;","author":"Mar\u00eda \u2665Oui Oui\u2665","date":"23 noviembre, 2012","format":false,"excerpt":"Ten\u00eda muchas ganas de escribir este post porque cuando lo conoc\u00ed me pareci\u00f3 una idea estupenda; se trata de Baby Be, un centro de fisioterapia para la mujer y el beb\u00e9, realizan masajes sincronizados a la madre y al beb\u00e9 en camillas contiguas, creando un ambiente y momento muy especial.\u2026","rel":"","context":"En \u00abNI\u00d1OS Y NI\u00d1AS\u00bb","block_context":{"text":"NI\u00d1OS Y NI\u00d1AS","link":"https:\/\/oui-oui.es\/blog\/category\/ninos\/"},"img":{"alt_text":"","src":"https:\/\/i0.wp.com\/oui-oui.es\/blog\/wp-content\/uploads\/regalo-original-embarazadas-mama-reciente-regalo-madre-y-bebe-masaje-bebes-baby-be-oui-oui-blog.jpg?resize=350%2C200&ssl=1","width":350,"height":200},"classes":[]},{"id":9270,"url":"https:\/\/oui-oui.es\/blog\/7-planes-con-ninos-en-ribadesella\/","url_meta":{"origin":10766,"position":3},"title":"7 planes con ni\u00f1os en Ribadesella","author":"Mar\u00eda \u2665Oui Oui\u2665","date":"26 agosto, 2018","format":false,"excerpt":"Siempre que vuelvo de Asturias me propongo escribir un post con mis direcciones preferidas de Ribadesella pero al final la vuelta al cole se me echa encima y, de repente, ha pasado un mes y me acabo liando con otras cosas...As\u00ed que esta vez no quer\u00eda que me ocurriera y\u2026","rel":"","context":"En \u00abESTILO DE VIDA\u00bb","block_context":{"text":"ESTILO DE VIDA","link":"https:\/\/oui-oui.es\/blog\/category\/lifestyle-2\/"},"img":{"alt_text":"","src":"https:\/\/i0.wp.com\/oui-oui.es\/blog\/wp-content\/uploads\/2018\/08\/Oui-Oui-planes-ni%C3%B1os-ribadesella-que-hacer-ni%C3%B1os-ribadesella-picnic-area-recreativa-ardines-mejores-vistas-ribadesella-mirador-ribadesella.jpg?resize=350%2C200&ssl=1","width":350,"height":200,"srcset":"https:\/\/i0.wp.com\/oui-oui.es\/blog\/wp-content\/uploads\/2018\/08\/Oui-Oui-planes-ni%C3%B1os-ribadesella-que-hacer-ni%C3%B1os-ribadesella-picnic-area-recreativa-ardines-mejores-vistas-ribadesella-mirador-ribadesella.jpg?resize=350%2C200&ssl=1 1x, https:\/\/i0.wp.com\/oui-oui.es\/blog\/wp-content\/uploads\/2018\/08\/Oui-Oui-planes-ni%C3%B1os-ribadesella-que-hacer-ni%C3%B1os-ribadesella-picnic-area-recreativa-ardines-mejores-vistas-ribadesella-mirador-ribadesella.jpg?resize=525%2C300&ssl=1 1.5x, https:\/\/i0.wp.com\/oui-oui.es\/blog\/wp-content\/uploads\/2018\/08\/Oui-Oui-planes-ni%C3%B1os-ribadesella-que-hacer-ni%C3%B1os-ribadesella-picnic-area-recreativa-ardines-mejores-vistas-ribadesella-mirador-ribadesella.jpg?resize=700%2C400&ssl=1 2x, https:\/\/i0.wp.com\/oui-oui.es\/blog\/wp-content\/uploads\/2018\/08\/Oui-Oui-planes-ni%C3%B1os-ribadesella-que-hacer-ni%C3%B1os-ribadesella-picnic-area-recreativa-ardines-mejores-vistas-ribadesella-mirador-ribadesella.jpg?resize=1050%2C600&ssl=1 3x, https:\/\/i0.wp.com\/oui-oui.es\/blog\/wp-content\/uploads\/2018\/08\/Oui-Oui-planes-ni%C3%B1os-ribadesella-que-hacer-ni%C3%B1os-ribadesella-picnic-area-recreativa-ardines-mejores-vistas-ribadesella-mirador-ribadesella.jpg?resize=1400%2C800&ssl=1 4x"},"classes":[]},{"id":4772,"url":"https:\/\/oui-oui.es\/blog\/un-fin-de-semana-en-los-enebrales\/","url_meta":{"origin":10766,"position":4},"title":"Un fin de semana en los Enebrales","author":"Mar\u00eda \u2665Oui Oui\u2665","date":"24 octubre, 2016","format":false,"excerpt":"Me gusta que me sorprendan y reconozco que no es f\u00e1cil, por un lado soy detallista y me gusta que lo sean conmigo, y, por otro, tengo tanto contacto con caterings, restaurantes, fot\u00f3grafos, organizadores de eventos, etc...Que , aunque a los que \"estamos metidos en \u00e9sto\" nos parezca lo normal,\u2026","rel":"","context":"En \u00abBautizos\u00bb","block_context":{"text":"Bautizos","link":"https:\/\/oui-oui.es\/blog\/category\/fiestas-celebraciones\/bautizos\/"},"img":{"alt_text":"","src":"https:\/\/i0.wp.com\/oui-oui.es\/blog\/wp-content\/uploads\/2016\/10\/Oui-Oui-finca-los-enebrales-talleres-ni%C3%B1os-campo-hotel-rural-ni%C3%B1os-cerca-madrid-NG-Estudio-2.jpg?resize=350%2C200&ssl=1","width":350,"height":200,"srcset":"https:\/\/i0.wp.com\/oui-oui.es\/blog\/wp-content\/uploads\/2016\/10\/Oui-Oui-finca-los-enebrales-talleres-ni%C3%B1os-campo-hotel-rural-ni%C3%B1os-cerca-madrid-NG-Estudio-2.jpg?resize=350%2C200&ssl=1 1x, https:\/\/i0.wp.com\/oui-oui.es\/blog\/wp-content\/uploads\/2016\/10\/Oui-Oui-finca-los-enebrales-talleres-ni%C3%B1os-campo-hotel-rural-ni%C3%B1os-cerca-madrid-NG-Estudio-2.jpg?resize=525%2C300&ssl=1 1.5x, https:\/\/i0.wp.com\/oui-oui.es\/blog\/wp-content\/uploads\/2016\/10\/Oui-Oui-finca-los-enebrales-talleres-ni%C3%B1os-campo-hotel-rural-ni%C3%B1os-cerca-madrid-NG-Estudio-2.jpg?resize=700%2C400&ssl=1 2x, https:\/\/i0.wp.com\/oui-oui.es\/blog\/wp-content\/uploads\/2016\/10\/Oui-Oui-finca-los-enebrales-talleres-ni%C3%B1os-campo-hotel-rural-ni%C3%B1os-cerca-madrid-NG-Estudio-2.jpg?resize=1050%2C600&ssl=1 3x"},"classes":[]},{"id":5027,"url":"https:\/\/oui-oui.es\/blog\/de-planes-prisas-y-bienvenido-2017\/","url_meta":{"origin":10766,"position":5},"title":"De planes, prisas y bienvenido 2017","author":"Mar\u00eda \u2665Oui Oui\u2665","date":"18 enero, 2017","format":false,"excerpt":"He tardado en volver al blog despu\u00e9s de las vacaciones navide\u00f1as...Por un lado, por primera vez desde hace muchos a\u00f1os, he sentido que ten\u00eda vacaciones DE VERDAD, en realidad s\u00f3lo fue una semana, pero al habernos quedado en Madrid y poder hacer planes de forma m\u00e1s tranquila, unido a que\u2026","rel":"","context":"En \u00abNI\u00d1OS Y NI\u00d1AS\u00bb","block_context":{"text":"NI\u00d1OS Y NI\u00d1AS","link":"https:\/\/oui-oui.es\/blog\/category\/ninos\/"},"img":{"alt_text":"","src":"https:\/\/i0.wp.com\/oui-oui.es\/blog\/wp-content\/uploads\/2017\/01\/Oui-Oui-despacio-ni%C3%B1os-jugando-cartel-juego-ni%C3%B1os-campillo-de-ranas-sierra-negra-guadalajara-e1484746572232.jpg?resize=350%2C200&ssl=1","width":350,"height":200,"srcset":"https:\/\/i0.wp.com\/oui-oui.es\/blog\/wp-content\/uploads\/2017\/01\/Oui-Oui-despacio-ni%C3%B1os-jugando-cartel-juego-ni%C3%B1os-campillo-de-ranas-sierra-negra-guadalajara-e1484746572232.jpg?resize=350%2C200&ssl=1 1x, https:\/\/i0.wp.com\/oui-oui.es\/blog\/wp-content\/uploads\/2017\/01\/Oui-Oui-despacio-ni%C3%B1os-jugando-cartel-juego-ni%C3%B1os-campillo-de-ranas-sierra-negra-guadalajara-e1484746572232.jpg?resize=525%2C300&ssl=1 1.5x, https:\/\/i0.wp.com\/oui-oui.es\/blog\/wp-content\/uploads\/2017\/01\/Oui-Oui-despacio-ni%C3%B1os-jugando-cartel-juego-ni%C3%B1os-campillo-de-ranas-sierra-negra-guadalajara-e1484746572232.jpg?resize=700%2C400&ssl=1 2x, https:\/\/i0.wp.com\/oui-oui.es\/blog\/wp-content\/uploads\/2017\/01\/Oui-Oui-despacio-ni%C3%B1os-jugando-cartel-juego-ni%C3%B1os-campillo-de-ranas-sierra-negra-guadalajara-e1484746572232.jpg?resize=1050%2C600&ssl=1 3x, https:\/\/i0.wp.com\/oui-oui.es\/blog\/wp-content\/uploads\/2017\/01\/Oui-Oui-despacio-ni%C3%B1os-jugando-cartel-juego-ni%C3%B1os-campillo-de-ranas-sierra-negra-guadalajara-e1484746572232.jpg?resize=1400%2C800&ssl=1 4x"},"classes":[]}],"_links":{"self":[{"href":"https:\/\/oui-oui.es\/blog\/wp-json\/wp\/v2\/posts\/10766","targetHints":{"allow":["GET"]}}],"collection":[{"href":"https:\/\/oui-oui.es\/blog\/wp-json\/wp\/v2\/posts"}],"about":[{"href":"https:\/\/oui-oui.es\/blog\/wp-json\/wp\/v2\/types\/post"}],"author":[{"embeddable":true,"href":"https:\/\/oui-oui.es\/blog\/wp-json\/wp\/v2\/users\/1"}],"replies":[{"embeddable":true,"href":"https:\/\/oui-oui.es\/blog\/wp-json\/wp\/v2\/comments?post=10766"}],"version-history":[{"count":1,"href":"https:\/\/oui-oui.es\/blog\/wp-json\/wp\/v2\/posts\/10766\/revisions"}],"predecessor-version":[{"id":10772,"href":"https:\/\/oui-oui.es\/blog\/wp-json\/wp\/v2\/posts\/10766\/revisions\/10772"}],"wp:featuredmedia":[{"embeddable":true,"href":"https:\/\/oui-oui.es\/blog\/wp-json\/wp\/v2\/media\/10767"}],"wp:attachment":[{"href":"https:\/\/oui-oui.es\/blog\/wp-json\/wp\/v2\/media?parent=10766"}],"wp:term":[{"taxonomy":"category","embeddable":true,"href":"https:\/\/oui-oui.es\/blog\/wp-json\/wp\/v2\/categories?post=10766"},{"taxonomy":"post_tag","embeddable":true,"href":"https:\/\/oui-oui.es\/blog\/wp-json\/wp\/v2\/tags?post=10766"}],"curies":[{"name":"wp","href":"https:\/\/api.w.org\/{rel}","templated":true}]}}