{"id":1081,"date":"2013-12-10T18:31:56","date_gmt":"2013-12-10T17:31:56","guid":{"rendered":"http:\/\/ouiouiblog.wordpress.com\/?p=1081"},"modified":"2015-09-03T11:18:32","modified_gmt":"2015-09-03T09:18:32","slug":"aun-no-te-has-enterado","status":"publish","type":"post","link":"https:\/\/oui-oui.es\/blog\/aun-no-te-has-enterado\/","title":{"rendered":"\u00bfA\u00fan no te has enterado?"},"content":{"rendered":"<p style=\"text-align: center;\"><a href=\"http:\/\/ouiouiblog.files.wordpress.com\/2013\/12\/oui-oui-pop-up-navidad-1001-atmosfera-christmas-market.jpg\"><img loading=\"lazy\" decoding=\"async\" class=\"aligncenter size-full wp-image-1082\" src=\"http:\/\/ouiouiblog.files.wordpress.com\/2013\/12\/oui-oui-pop-up-navidad-1001-atmosfera-christmas-market.jpg\" alt=\"Oui Oui-pop up navidad-1001 atmosfera-christmas market\" width=\"529\" height=\"372\" \/><\/a><\/p>\n<p style=\"text-align: center;\">Esta semana estamos de <strong>pop up navide\u00f1a!<\/strong><\/p>\n<p style=\"text-align: center;\"><strong>\u00bfD\u00f3nde?<\/strong><\/p>\n<p style=\"text-align: center;\">En el Christmas Market de 1001 Atm\u00f3sfera (C\/General Pardi\u00f1as, 50 Madrid)<\/p>\n<p style=\"text-align: center;\"><strong>\u00bfCu\u00e1ndo?<\/strong><\/p>\n<p style=\"text-align: center;\">Desde el jueves 12 hasta el domingo 15<\/p>\n<p style=\"text-align: center;\"><strong>Jueves, Viernes y S\u00e1bado de 11 a 21h y Domingo de 11 a 15h.<\/strong><\/p>\n<div id=\"attachment_1083\" style=\"width: 539px\" class=\"wp-caption aligncenter\"><a href=\"http:\/\/www.oui-oui.es\/decoracion-chic-cool\/162-senal-i-love-i-adore-i-like-i-admire-you.html\"><img loading=\"lazy\" decoding=\"async\" aria-describedby=\"caption-attachment-1083\" class=\" wp-image-1083\" src=\"http:\/\/ouiouiblog.files.wordpress.com\/2013\/12\/oui-oui-pop-up-feria-love-and-vintage-1001-atmosfera-navidad-cartel-i-adore-you.jpg\" alt=\"Feria Love &amp; Vintage\" width=\"529\" height=\"793\" \/><\/a><p id=\"caption-attachment-1083\" class=\"wp-caption-text\">La Fotograf\u00eda de tu Boda<\/p><\/div>\n<p style=\"text-align: center;\">A mi me va a dar algo porque adem\u00e1s tengo boda y comida de weddsgiving, pero <strong>os espero all\u00ed con <a href=\"http:\/\/www.oui-oui.es\/33-novedades\" target=\"_blank\">un mont\u00f3n de productos para regalar<\/a>, de decoraci\u00f3n, detallitos, para envolver, para regalar a los peques<\/strong>&#8230;Y, si, las <a href=\"http:\/\/www.oui-oui.es\/29-puertas-ratoncito-perez\" target=\"_blank\"><strong>puertas del ratoncito P\u00e9rez<\/strong><\/a> tambi\u00e9n estar\u00e1n&#8230;Llevaremos una selecci\u00f3n para que puedas llev\u00e1rtela en el momento!<\/p>\n<p style=\"text-align: center;\">Nos vemos!<\/p>\n","protected":false},"excerpt":{"rendered":"<p>Esta semana estamos de pop up navide\u00f1a! \u00bfD\u00f3nde? En el Christmas Market de 1001 Atm\u00f3sfera (C\/General Pardi\u00f1as, 50 Madrid) \u00bfCu\u00e1ndo? Desde el jueves 12 hasta el domingo 15 Jueves, Viernes y S\u00e1bado de 11 a 21h y Domingo de 11 a 15h. A mi me va a dar algo porque adem\u00e1s tengo boda y comida [&hellip;]<\/p>\n","protected":false},"author":1,"featured_media":3262,"comment_status":"open","ping_status":"open","sticky":false,"template":"","format":"standard","meta":{"jetpack_post_was_ever_published":false,"_jetpack_newsletter_access":"","_jetpack_dont_email_post_to_subs":false,"_jetpack_newsletter_tier_id":0,"_jetpack_memberships_contains_paywalled_content":false,"_jetpack_memberships_contains_paid_content":false,"footnotes":"","jetpack_publicize_message":"","jetpack_publicize_feature_enabled":true,"jetpack_social_post_already_shared":false,"jetpack_social_options":{"image_generator_settings":{"template":"highway","default_image_id":0,"font":"","enabled":false},"version":2}},"categories":[13],"tags":[],"class_list":["post-1081","post","type-post","status-publish","format-standard","has-post-thumbnail","hentry","category-oui-oui"],"aioseo_notices":[],"jetpack_publicize_connections":[],"jetpack_featured_media_url":"https:\/\/oui-oui.es\/blog\/wp-content\/uploads\/2013\/12\/oui-oui-pop-up-navidad-1001-atmosfera-christmas-market.jpg","jetpack_sharing_enabled":true,"jetpack-related-posts":[{"id":1968,"url":"https:\/\/oui-oui.es\/blog\/pop-up-deco-te-esperamos\/","url_meta":{"origin":1081,"position":0},"title":"Pop up Deco&#8230;te esperamos","author":"Mar\u00eda \u2665Oui Oui\u2665","date":"25 febrero, 2015","format":false,"excerpt":"Recuperadas ya de la pop up de la semana pasada nos embarcamos en la siguiente si cabe con m\u00e1s ganas...Una especial decoraci\u00f3n, donde no faltar\u00e1n la ic\u00f3nica the paper bag , la l\u00e1mpara pi\u00f1a , tazas chul\u00edsimas, originales cojines...Todas nuestras cositas para la casa y la deco de la habitaci\u00f3n\u2026","rel":"","context":"En \u00abOUI OUI\u00bb","block_context":{"text":"OUI OUI","link":"https:\/\/oui-oui.es\/blog\/category\/oui-oui\/"},"img":{"alt_text":"","src":"https:\/\/i0.wp.com\/oui-oui.es\/blog\/wp-content\/uploads\/2015\/02\/oui-oui-pop-up-atmosphera.jpg?resize=350%2C200&ssl=1","width":350,"height":200},"classes":[]},{"id":9128,"url":"https:\/\/oui-oui.es\/blog\/volvemos-a-vernos-en-decoraccion\/","url_meta":{"origin":1081,"position":1},"title":"Volvemos a vernos en DecorAcci\u00f3n","author":"Mar\u00eda \u2665Oui Oui\u2665","date":"5 junio, 2018","format":false,"excerpt":"Un a\u00f1o m\u00e1s! y ya casi ni me acuerdo de las ediciones que llevamos \u00a1creo que es la sexta!. Como siempre, participaremos en la GRAN FIESTA de la DECORACI\u00d3N, que no te puedes perder; decoradores, interioristas, arquitectos, comercios, restaurantes...Todo el barrio de las letras se vuelca en engalanar las calles,\u2026","rel":"","context":"En \u00abOUI OUI\u00bb","block_context":{"text":"OUI OUI","link":"https:\/\/oui-oui.es\/blog\/category\/oui-oui\/"},"img":{"alt_text":"","src":"https:\/\/i0.wp.com\/oui-oui.es\/blog\/wp-content\/uploads\/2018\/06\/LOGO-DA-2018.jpg?resize=350%2C200&ssl=1","width":350,"height":200,"srcset":"https:\/\/i0.wp.com\/oui-oui.es\/blog\/wp-content\/uploads\/2018\/06\/LOGO-DA-2018.jpg?resize=350%2C200&ssl=1 1x, https:\/\/i0.wp.com\/oui-oui.es\/blog\/wp-content\/uploads\/2018\/06\/LOGO-DA-2018.jpg?resize=525%2C300&ssl=1 1.5x"},"classes":[]},{"id":9942,"url":"https:\/\/oui-oui.es\/blog\/por-7a-vez-nos-vemos-en-decoraccion-2019\/","url_meta":{"origin":1081,"position":2},"title":"Por 7\u00aa vez&#8230;Nos vemos en DecorAcci\u00f3n 2019","author":"Mar\u00eda \u2665Oui Oui\u2665","date":"11 junio, 2019","format":false,"excerpt":"Despu\u00e9s de siete a\u00f1os participando en DecorAcci\u00f3n, me cuesta escribir algo distinto, los que le\u00e9is este blog ya sab\u00e9is lo especial que es para nosotros esta fiesta de la DecorAcci\u00f3n, lo bien que nos lo pasamos y lo que nos gusta que pas\u00e9is a vernos :) Este a\u00f1o parece que\u2026","rel":"","context":"En \u00abDECORACI\u00d3N\u00bb","block_context":{"text":"DECORACI\u00d3N","link":"https:\/\/oui-oui.es\/blog\/category\/decoracion-de-casa\/"},"img":{"alt_text":"","src":"https:\/\/i0.wp.com\/oui-oui.es\/blog\/wp-content\/uploads\/2019\/06\/Oui-Oui-decoraccion-2019-barrio-de-las-letras-mercadillo.jpg?resize=350%2C200&ssl=1","width":350,"height":200,"srcset":"https:\/\/i0.wp.com\/oui-oui.es\/blog\/wp-content\/uploads\/2019\/06\/Oui-Oui-decoraccion-2019-barrio-de-las-letras-mercadillo.jpg?resize=350%2C200&ssl=1 1x, https:\/\/i0.wp.com\/oui-oui.es\/blog\/wp-content\/uploads\/2019\/06\/Oui-Oui-decoraccion-2019-barrio-de-las-letras-mercadillo.jpg?resize=525%2C300&ssl=1 1.5x"},"classes":[]},{"id":1927,"url":"https:\/\/oui-oui.es\/blog\/te-casas-este-ano-te-esperamos-este-finde\/","url_meta":{"origin":1081,"position":3},"title":"\u00bfTe casas este a\u00f1o? &#8230;Te esperamos este finde","author":"Mar\u00eda \u2665Oui Oui\u2665","date":"18 febrero, 2015","format":false,"excerpt":"Cuando est\u00e1s organizando tu boda una de las cosas m\u00e1s rollo es tener que quedar con tropecientos proveedores por separado, as\u00ed que, para hac\u00e9rtelo m\u00e1s f\u00e1cil, nos hemos reunido en un espacio (Maqu\u00eds & Co en la calle Maldonado, 37 -Madrid) varias emprendedoras del sector bodas para que pod\u00e1is venir\u2026","rel":"","context":"En \u00abBoda\u00bb","block_context":{"text":"Boda","link":"https:\/\/oui-oui.es\/blog\/category\/fiestas-celebraciones\/boda\/"},"img":{"alt_text":"","src":"https:\/\/i0.wp.com\/oui-oui.es\/blog\/wp-content\/uploads\/2015\/02\/oui-oui-banderc3adn-arpillera-just-married.jpg?resize=350%2C200&ssl=1","width":350,"height":200,"srcset":"https:\/\/i0.wp.com\/oui-oui.es\/blog\/wp-content\/uploads\/2015\/02\/oui-oui-banderc3adn-arpillera-just-married.jpg?resize=350%2C200&ssl=1 1x, https:\/\/i0.wp.com\/oui-oui.es\/blog\/wp-content\/uploads\/2015\/02\/oui-oui-banderc3adn-arpillera-just-married.jpg?resize=525%2C300&ssl=1 1.5x"},"classes":[]},{"id":759,"url":"https:\/\/oui-oui.es\/blog\/esta-semana-estare-de-tendera\/","url_meta":{"origin":1081,"position":4},"title":"Esta semana&#8230;Estar\u00e9 de tendera!","author":"Mar\u00eda \u2665Oui Oui\u2665","date":"27 mayo, 2013","format":false,"excerpt":"Esta semana va a ser un no parar, adem\u00e1s de que hemos recibido nuevas cositas, hoy tengo el d\u00eda hasta arriba (empezando bien prontito con la prueba de glucosa...) , el martes tengo que coger del almac\u00e9n todos los productos que llevaremos a Say I Do!, la primera \"pop up\"\u2026","rel":"","context":"En \u00abBoda\u00bb","block_context":{"text":"Boda","link":"https:\/\/oui-oui.es\/blog\/category\/fiestas-celebraciones\/boda\/"},"img":{"alt_text":"","src":"https:\/\/i0.wp.com\/oui-oui.es\/blog\/wp-content\/uploads\/oui-oui-video-chanel-keira-knightley-pop-up.jpg?resize=350%2C200&ssl=1","width":350,"height":200,"srcset":"https:\/\/i0.wp.com\/oui-oui.es\/blog\/wp-content\/uploads\/oui-oui-video-chanel-keira-knightley-pop-up.jpg?resize=350%2C200&ssl=1 1x, https:\/\/i0.wp.com\/oui-oui.es\/blog\/wp-content\/uploads\/oui-oui-video-chanel-keira-knightley-pop-up.jpg?resize=525%2C300&ssl=1 1.5x"},"classes":[]},{"id":1436,"url":"https:\/\/oui-oui.es\/blog\/nos-vemos-este-jueves\/","url_meta":{"origin":1081,"position":5},"title":"Nos vemos este jueves!","author":"Mar\u00eda \u2665Oui Oui\u2665","date":"11 marzo, 2014","format":false,"excerpt":"Vuelvo a la carga con las pop up, con las que tengo un amor-odio...Me apunto a todas, me lo paso genial, aprovecho para conoceros...Pero son una paliza, sobretodo de l\u00edo con el almac\u00e9n! As\u00ed que para inaugurar la temporada os espero este JUEVES 13, VIERNES 14 y S\u00c1BADO 15 en\u2026","rel":"","context":"En \u00abBoda\u00bb","block_context":{"text":"Boda","link":"https:\/\/oui-oui.es\/blog\/category\/fiestas-celebraciones\/boda\/"},"img":{"alt_text":"","src":"https:\/\/i0.wp.com\/oui-oui.es\/blog\/wp-content\/uploads\/2014\/03\/oui-oui-pop-up-bodas-maquis-co-2.jpg?resize=350%2C200&ssl=1","width":350,"height":200,"srcset":"https:\/\/i0.wp.com\/oui-oui.es\/blog\/wp-content\/uploads\/2014\/03\/oui-oui-pop-up-bodas-maquis-co-2.jpg?resize=350%2C200&ssl=1 1x, https:\/\/i0.wp.com\/oui-oui.es\/blog\/wp-content\/uploads\/2014\/03\/oui-oui-pop-up-bodas-maquis-co-2.jpg?resize=525%2C300&ssl=1 1.5x, https:\/\/i0.wp.com\/oui-oui.es\/blog\/wp-content\/uploads\/2014\/03\/oui-oui-pop-up-bodas-maquis-co-2.jpg?resize=700%2C400&ssl=1 2x"},"classes":[]}],"_links":{"self":[{"href":"https:\/\/oui-oui.es\/blog\/wp-json\/wp\/v2\/posts\/1081","targetHints":{"allow":["GET"]}}],"collection":[{"href":"https:\/\/oui-oui.es\/blog\/wp-json\/wp\/v2\/posts"}],"about":[{"href":"https:\/\/oui-oui.es\/blog\/wp-json\/wp\/v2\/types\/post"}],"author":[{"embeddable":true,"href":"https:\/\/oui-oui.es\/blog\/wp-json\/wp\/v2\/users\/1"}],"replies":[{"embeddable":true,"href":"https:\/\/oui-oui.es\/blog\/wp-json\/wp\/v2\/comments?post=1081"}],"version-history":[{"count":1,"href":"https:\/\/oui-oui.es\/blog\/wp-json\/wp\/v2\/posts\/1081\/revisions"}],"predecessor-version":[{"id":3263,"href":"https:\/\/oui-oui.es\/blog\/wp-json\/wp\/v2\/posts\/1081\/revisions\/3263"}],"wp:featuredmedia":[{"embeddable":true,"href":"https:\/\/oui-oui.es\/blog\/wp-json\/wp\/v2\/media\/3262"}],"wp:attachment":[{"href":"https:\/\/oui-oui.es\/blog\/wp-json\/wp\/v2\/media?parent=1081"}],"wp:term":[{"taxonomy":"category","embeddable":true,"href":"https:\/\/oui-oui.es\/blog\/wp-json\/wp\/v2\/categories?post=1081"},{"taxonomy":"post_tag","embeddable":true,"href":"https:\/\/oui-oui.es\/blog\/wp-json\/wp\/v2\/tags?post=1081"}],"curies":[{"name":"wp","href":"https:\/\/api.w.org\/{rel}","templated":true}]}}