{"id":10814,"date":"2023-10-16T07:00:00","date_gmt":"2023-10-16T05:00:00","guid":{"rendered":"https:\/\/oui-oui.es\/blog\/?p=10814"},"modified":"2023-10-16T11:57:43","modified_gmt":"2023-10-16T09:57:43","slug":"el-masaje-de-lifting-facial-que-tienes-que-probar","status":"publish","type":"post","link":"https:\/\/oui-oui.es\/blog\/el-masaje-de-lifting-facial-que-tienes-que-probar\/","title":{"rendered":"El masaje de lifting facial que tienes que probar"},"content":{"rendered":"\n<p>Me encantan los masajes, de todo tipo y de rostro o cabeza, a\u00fan m\u00e1s&#8230;Pero de lo que os quiero hablar hoy es mucho m\u00e1s que un masaje al uso&#8230;Se trata de un <strong>masaje facial est\u00e9tico y terap\u00e9utico<\/strong>.<\/p>\n\n\n\n<figure class=\"wp-block-image size-large\"><img loading=\"lazy\" decoding=\"async\" width=\"683\" height=\"1024\" src=\"https:\/\/oui-oui.es\/blog\/wp-content\/uploads\/2023\/10\/Oui-Oui-Facial-Lifting-The-Healing-Room-Sculptural-Face-Lifting-4-683x1024.jpg\" alt=\"\" class=\"wp-image-10816\" srcset=\"https:\/\/oui-oui.es\/blog\/wp-content\/uploads\/2023\/10\/Oui-Oui-Facial-Lifting-The-Healing-Room-Sculptural-Face-Lifting-4-683x1024.jpg 683w, https:\/\/oui-oui.es\/blog\/wp-content\/uploads\/2023\/10\/Oui-Oui-Facial-Lifting-The-Healing-Room-Sculptural-Face-Lifting-4-200x300.jpg 200w, https:\/\/oui-oui.es\/blog\/wp-content\/uploads\/2023\/10\/Oui-Oui-Facial-Lifting-The-Healing-Room-Sculptural-Face-Lifting-4-768x1152.jpg 768w, https:\/\/oui-oui.es\/blog\/wp-content\/uploads\/2023\/10\/Oui-Oui-Facial-Lifting-The-Healing-Room-Sculptural-Face-Lifting-4-600x900.jpg 600w, https:\/\/oui-oui.es\/blog\/wp-content\/uploads\/2023\/10\/Oui-Oui-Facial-Lifting-The-Healing-Room-Sculptural-Face-Lifting-4-1024x1536.jpg 1024w, https:\/\/oui-oui.es\/blog\/wp-content\/uploads\/2023\/10\/Oui-Oui-Facial-Lifting-The-Healing-Room-Sculptural-Face-Lifting-4-1365x2048.jpg 1365w, https:\/\/oui-oui.es\/blog\/wp-content\/uploads\/2023\/10\/Oui-Oui-Facial-Lifting-The-Healing-Room-Sculptural-Face-Lifting-4-640x960.jpg 640w, https:\/\/oui-oui.es\/blog\/wp-content\/uploads\/2023\/10\/Oui-Oui-Facial-Lifting-The-Healing-Room-Sculptural-Face-Lifting-4-scaled.jpg 1707w\" sizes=\"auto, (max-width: 683px) 100vw, 683px\" \/><figcaption class=\"wp-element-caption\">Foto de Mani Fotograf\u00eda<\/figcaption><\/figure>\n\n\n\n<p><strong><a href=\"https:\/\/www.instagram.com\/facelifting_and_release\/\" target=\"_blank\" rel=\"noopener\" title=\"\">The Healing Room<\/a><\/strong> es un espacio creado para el auto cuidado donde Arantxa S\u00e1nchez;  m\u00e1s que una Facial Therapist,  te invita a parar, a regalarte 70 minutos (aunque siempre se extiende un poco m\u00e1s) en los que, a trav\u00e9s de un <strong>masaje,  relajar\u00e1 toda tu musculatura facial, craneal y de la zona del escote<\/strong> creando un <strong>efecto lifting natural<\/strong> <strong>en el rostro impresionante<\/strong> (en la primera sesi\u00f3n sales ya con la piel s\u00faper jugosa, tersa, los p\u00f3mulos y las cejas m\u00e1s elevados&#8230;) y todo, s\u00f3lo con las manos, <strong>sin aparatolog\u00eda ni cosm\u00e9ticos invasivos<\/strong>.<\/p>\n\n\n\n<figure class=\"wp-block-image size-large\"><img loading=\"lazy\" decoding=\"async\" width=\"768\" height=\"1024\" src=\"https:\/\/oui-oui.es\/blog\/wp-content\/uploads\/2023\/10\/Oui-Oui-Facial-Lifting-The-Healing-Room-Sculptural-Face-Lifting-Cabina-768x1024.jpg\" alt=\"\" class=\"wp-image-10819\" srcset=\"https:\/\/oui-oui.es\/blog\/wp-content\/uploads\/2023\/10\/Oui-Oui-Facial-Lifting-The-Healing-Room-Sculptural-Face-Lifting-Cabina-768x1024.jpg 768w, https:\/\/oui-oui.es\/blog\/wp-content\/uploads\/2023\/10\/Oui-Oui-Facial-Lifting-The-Healing-Room-Sculptural-Face-Lifting-Cabina-225x300.jpg 225w, https:\/\/oui-oui.es\/blog\/wp-content\/uploads\/2023\/10\/Oui-Oui-Facial-Lifting-The-Healing-Room-Sculptural-Face-Lifting-Cabina-600x800.jpg 600w, https:\/\/oui-oui.es\/blog\/wp-content\/uploads\/2023\/10\/Oui-Oui-Facial-Lifting-The-Healing-Room-Sculptural-Face-Lifting-Cabina-1152x1536.jpg 1152w, https:\/\/oui-oui.es\/blog\/wp-content\/uploads\/2023\/10\/Oui-Oui-Facial-Lifting-The-Healing-Room-Sculptural-Face-Lifting-Cabina-1536x2048.jpg 1536w, https:\/\/oui-oui.es\/blog\/wp-content\/uploads\/2023\/10\/Oui-Oui-Facial-Lifting-The-Healing-Room-Sculptural-Face-Lifting-Cabina-640x853.jpg 640w, https:\/\/oui-oui.es\/blog\/wp-content\/uploads\/2023\/10\/Oui-Oui-Facial-Lifting-The-Healing-Room-Sculptural-Face-Lifting-Cabina-scaled.jpg 1920w\" sizes=\"auto, (max-width: 768px) 100vw, 768px\" \/><\/figure>\n\n\n\n<figure class=\"wp-block-image size-large is-resized\"><img loading=\"lazy\" decoding=\"async\" width=\"683\" height=\"1024\" src=\"https:\/\/oui-oui.es\/blog\/wp-content\/uploads\/2023\/10\/Oui-Oui-Facial-Lifting-The-Healing-Room-Sculptural-Face-Lifting-5-683x1024.jpg\" alt=\"\" class=\"wp-image-10818\" style=\"aspect-ratio:0.6669921875;width:840px;height:auto\" srcset=\"https:\/\/oui-oui.es\/blog\/wp-content\/uploads\/2023\/10\/Oui-Oui-Facial-Lifting-The-Healing-Room-Sculptural-Face-Lifting-5-683x1024.jpg 683w, https:\/\/oui-oui.es\/blog\/wp-content\/uploads\/2023\/10\/Oui-Oui-Facial-Lifting-The-Healing-Room-Sculptural-Face-Lifting-5-200x300.jpg 200w, https:\/\/oui-oui.es\/blog\/wp-content\/uploads\/2023\/10\/Oui-Oui-Facial-Lifting-The-Healing-Room-Sculptural-Face-Lifting-5-768x1152.jpg 768w, https:\/\/oui-oui.es\/blog\/wp-content\/uploads\/2023\/10\/Oui-Oui-Facial-Lifting-The-Healing-Room-Sculptural-Face-Lifting-5-600x900.jpg 600w, https:\/\/oui-oui.es\/blog\/wp-content\/uploads\/2023\/10\/Oui-Oui-Facial-Lifting-The-Healing-Room-Sculptural-Face-Lifting-5-1024x1536.jpg 1024w, https:\/\/oui-oui.es\/blog\/wp-content\/uploads\/2023\/10\/Oui-Oui-Facial-Lifting-The-Healing-Room-Sculptural-Face-Lifting-5-1365x2048.jpg 1365w, https:\/\/oui-oui.es\/blog\/wp-content\/uploads\/2023\/10\/Oui-Oui-Facial-Lifting-The-Healing-Room-Sculptural-Face-Lifting-5-640x960.jpg 640w, https:\/\/oui-oui.es\/blog\/wp-content\/uploads\/2023\/10\/Oui-Oui-Facial-Lifting-The-Healing-Room-Sculptural-Face-Lifting-5-scaled.jpg 1707w\" sizes=\"auto, (max-width: 683px) 100vw, 683px\" \/><figcaption class=\"wp-element-caption\">Foto de Mani Fotograf\u00eda<\/figcaption><\/figure>\n\n\n\n<p>Es un masaje externo e intraoral (es decir, por dentro de la boca) que no duele nada ni es invasivo pero que favorece una relajaci\u00f3n tal que, aunque su efecto inmediato es m\u00e1s externo y sales con una cara estupenda, volver\u00e1s para ir profundizando en ese auto cuidado m\u00e1s interno.<\/p>\n\n\n\n<figure class=\"wp-block-image size-large\"><img loading=\"lazy\" decoding=\"async\" width=\"683\" height=\"1024\" src=\"https:\/\/oui-oui.es\/blog\/wp-content\/uploads\/2023\/10\/Oui-Oui-Facial-Lifting-The-Healing-Room-Sculptural-Face-Lifting-2-683x1024.jpg\" alt=\"\" class=\"wp-image-10817\" srcset=\"https:\/\/oui-oui.es\/blog\/wp-content\/uploads\/2023\/10\/Oui-Oui-Facial-Lifting-The-Healing-Room-Sculptural-Face-Lifting-2-683x1024.jpg 683w, https:\/\/oui-oui.es\/blog\/wp-content\/uploads\/2023\/10\/Oui-Oui-Facial-Lifting-The-Healing-Room-Sculptural-Face-Lifting-2-200x300.jpg 200w, https:\/\/oui-oui.es\/blog\/wp-content\/uploads\/2023\/10\/Oui-Oui-Facial-Lifting-The-Healing-Room-Sculptural-Face-Lifting-2-768x1152.jpg 768w, https:\/\/oui-oui.es\/blog\/wp-content\/uploads\/2023\/10\/Oui-Oui-Facial-Lifting-The-Healing-Room-Sculptural-Face-Lifting-2-600x900.jpg 600w, https:\/\/oui-oui.es\/blog\/wp-content\/uploads\/2023\/10\/Oui-Oui-Facial-Lifting-The-Healing-Room-Sculptural-Face-Lifting-2-1024x1536.jpg 1024w, https:\/\/oui-oui.es\/blog\/wp-content\/uploads\/2023\/10\/Oui-Oui-Facial-Lifting-The-Healing-Room-Sculptural-Face-Lifting-2-1365x2048.jpg 1365w, https:\/\/oui-oui.es\/blog\/wp-content\/uploads\/2023\/10\/Oui-Oui-Facial-Lifting-The-Healing-Room-Sculptural-Face-Lifting-2-640x960.jpg 640w, https:\/\/oui-oui.es\/blog\/wp-content\/uploads\/2023\/10\/Oui-Oui-Facial-Lifting-The-Healing-Room-Sculptural-Face-Lifting-2-scaled.jpg 1707w\" sizes=\"auto, (max-width: 683px) 100vw, 683px\" \/><figcaption class=\"wp-element-caption\">Foto: Mani Fotograf\u00eda. Clienta: Zoa Luengo<\/figcaption><\/figure>\n\n\n\n<p>Este tratamiento de auto cuidado est\u00e1 basado en el m\u00e9todo \u00fanico <strong>Sculptural Face Lifting<\/strong> (SFL) creado por <strong>Yakov Gershkovich<\/strong> , en palabras de Arantxa <em>\u00abme enamor\u00e9 de la filosof\u00eda que hay detr\u00e1s, de la t\u00e9cnica y de la profundidad con la que trabaja el rostro y las emociones. Comprend\u00ed y experiment\u00e9 que la cara es el espejo del alma y que se puede acceder al alma a trav\u00e9s del rostro. Este es, posiblemente, el factor diferencial de SFL vs cualquier otro tratamiento de rejuvenecimiento facial que hay en el mercado\u00bb<\/em>.<\/p>\n\n\n\n<p>Y eso es lo que hace que cada vez haya m\u00e1s clientas (como yo) que cojamos un bono de 8 sesiones que es lo que se recomienda para <strong>notar un trabajo m\u00e1s profundo a nivel personal, adem\u00e1s del facial.<\/strong><\/p>\n\n\n\n<p>Si quieres un <strong>efecto flash<\/strong> para una boda, un evento especial o cualquier situaci\u00f3n en la que quieras tener una muy buena cara; <strong>te bastar\u00e1 con una sesi\u00f3n<\/strong>&#8230;<strong>Si quieres ir m\u00e1s all\u00e1<\/strong>, trabajar y relajar bien tu musculatura facial y conseguir un estado de relajaci\u00f3n mayor (dormir mejor, estar mas tranquila, pensar con mas claridad&#8230;) <strong>te aconsejo que te auto regales un bono \ud83d\ude09<\/strong><\/p>\n\n\n\n<p>Tambi\u00e9n puedes regal\u00e1rselo a esa personas (hombre o mujer) que creas que lo necesita con estas bonitas tarjetas regalo que ha creado de la mano del artista Juanjo Villalba Berm\u00fadez<\/p>\n\n\n\n<figure class=\"wp-block-image size-large\"><img loading=\"lazy\" decoding=\"async\" width=\"857\" height=\"1024\" src=\"https:\/\/oui-oui.es\/blog\/wp-content\/uploads\/2023\/10\/Oui-Oui-Facial-Lifting-The-Healing-Room-Sculptural-Face-Lifting-tarjeta-regalo-juango-villalba-Bermudez-857x1024.jpg\" alt=\"\" class=\"wp-image-10815\" srcset=\"https:\/\/oui-oui.es\/blog\/wp-content\/uploads\/2023\/10\/Oui-Oui-Facial-Lifting-The-Healing-Room-Sculptural-Face-Lifting-tarjeta-regalo-juango-villalba-Bermudez-857x1024.jpg 857w, https:\/\/oui-oui.es\/blog\/wp-content\/uploads\/2023\/10\/Oui-Oui-Facial-Lifting-The-Healing-Room-Sculptural-Face-Lifting-tarjeta-regalo-juango-villalba-Bermudez-251x300.jpg 251w, https:\/\/oui-oui.es\/blog\/wp-content\/uploads\/2023\/10\/Oui-Oui-Facial-Lifting-The-Healing-Room-Sculptural-Face-Lifting-tarjeta-regalo-juango-villalba-Bermudez-768x918.jpg 768w, https:\/\/oui-oui.es\/blog\/wp-content\/uploads\/2023\/10\/Oui-Oui-Facial-Lifting-The-Healing-Room-Sculptural-Face-Lifting-tarjeta-regalo-juango-villalba-Bermudez-600x717.jpg 600w, https:\/\/oui-oui.es\/blog\/wp-content\/uploads\/2023\/10\/Oui-Oui-Facial-Lifting-The-Healing-Room-Sculptural-Face-Lifting-tarjeta-regalo-juango-villalba-Bermudez-640x765.jpg 640w, https:\/\/oui-oui.es\/blog\/wp-content\/uploads\/2023\/10\/Oui-Oui-Facial-Lifting-The-Healing-Room-Sculptural-Face-Lifting-tarjeta-regalo-juango-villalba-Bermudez.jpg 1284w\" sizes=\"auto, (max-width: 857px) 100vw, 857px\" \/><\/figure>\n\n\n\n<p>La experiencia es \u00fanica y los beneficios, m\u00faltiples, se lo recomend\u00e9 a muchas amigas y conocidas, ya han pasado por <strong><a href=\"https:\/\/www.instagram.com\/facelifting_and_release\/\" target=\"_blank\" rel=\"noopener\" title=\"\">The Healing Room<\/a><\/strong> unas diez y varias han repetido&#8230;Yo llevo siete sesiones y pienso bien cada cita para aprovechar al m\u00e1ximo la buena cara y el relax con el que salgo \ud83d\ude09 <\/p>\n\n\n\n<p>Como pod\u00e9is ver en las fotos, adem\u00e1s, el espacio est\u00e1 creado y decorado con un mimo que hace que te relajes nada m\u00e1s entrar; el gusto por los detalles se palpa en cada rinconcito; desde los tejidos hasta el t\u00e9 que te ofrece despu\u00e9s o la mini biblioteca que tiene con libros relacionados para prestarte uno si algo te palpita para leerlo.<\/p>\n\n\n\n<figure class=\"wp-block-image size-large\"><img loading=\"lazy\" decoding=\"async\" width=\"768\" height=\"1024\" src=\"https:\/\/oui-oui.es\/blog\/wp-content\/uploads\/2023\/10\/Oui-Oui-Facial-Lifting-The-Healing-Room-Sculptural-Face-Lifting-te-768x1024.jpg\" alt=\"\" class=\"wp-image-10821\" srcset=\"https:\/\/oui-oui.es\/blog\/wp-content\/uploads\/2023\/10\/Oui-Oui-Facial-Lifting-The-Healing-Room-Sculptural-Face-Lifting-te-768x1024.jpg 768w, https:\/\/oui-oui.es\/blog\/wp-content\/uploads\/2023\/10\/Oui-Oui-Facial-Lifting-The-Healing-Room-Sculptural-Face-Lifting-te-225x300.jpg 225w, https:\/\/oui-oui.es\/blog\/wp-content\/uploads\/2023\/10\/Oui-Oui-Facial-Lifting-The-Healing-Room-Sculptural-Face-Lifting-te-600x800.jpg 600w, https:\/\/oui-oui.es\/blog\/wp-content\/uploads\/2023\/10\/Oui-Oui-Facial-Lifting-The-Healing-Room-Sculptural-Face-Lifting-te-1152x1536.jpg 1152w, https:\/\/oui-oui.es\/blog\/wp-content\/uploads\/2023\/10\/Oui-Oui-Facial-Lifting-The-Healing-Room-Sculptural-Face-Lifting-te-1536x2048.jpg 1536w, https:\/\/oui-oui.es\/blog\/wp-content\/uploads\/2023\/10\/Oui-Oui-Facial-Lifting-The-Healing-Room-Sculptural-Face-Lifting-te-640x853.jpg 640w, https:\/\/oui-oui.es\/blog\/wp-content\/uploads\/2023\/10\/Oui-Oui-Facial-Lifting-The-Healing-Room-Sculptural-Face-Lifting-te-scaled.jpg 1920w\" sizes=\"auto, (max-width: 768px) 100vw, 768px\" \/><\/figure>\n\n\n\n<p>Si quieres saber m\u00e1s, sigue su cuenta en Instagram <strong><a href=\"https:\/\/www.instagram.com\/facelifting_and_release\/\" target=\"_blank\" rel=\"noopener\" title=\"\">Facelifting and Release<\/a><\/strong> donde, cada d\u00eda en Stories, encontrar\u00e1s <em>tips <\/em>de auto cuidado y <span style=\"text-decoration: underline;\">por mensaje privado puedes solicitar info y reservar una cit<\/span>a. Eso s\u00ed&#8230;Hazlo con tiempo que ya va teniendo la agenda completa.<\/p>\n\n\n\n<p>\u00bfD\u00f3nde est\u00e1?<\/p>\n\n\n\n<p>Detr\u00e1s del Auditorio Nacional, en la calle Eugenio Salazar (se aparca muy bien en la calle S\u00e1nchez Pacheco en zona azul), muy cerca del Parque de Berl\u00edn.<\/p>\n","protected":false},"excerpt":{"rendered":"<p>En The Healing Room descubrir\u00e1s un masaje de lifting facial que va mucho m\u00e1s all\u00e1; consiguiendo cambios emocionales a trav\u00e9s del rostro<\/p>\n","protected":false},"author":1,"featured_media":10819,"comment_status":"open","ping_status":"open","sticky":false,"template":"","format":"standard","meta":{"jetpack_post_was_ever_published":false,"_jetpack_newsletter_access":"","_jetpack_dont_email_post_to_subs":false,"_jetpack_newsletter_tier_id":0,"_jetpack_memberships_contains_paywalled_content":false,"_jetpack_memberships_contains_paid_content":false,"footnotes":"","jetpack_publicize_message":"","jetpack_publicize_feature_enabled":true,"jetpack_social_post_already_shared":true,"jetpack_social_options":{"image_generator_settings":{"template":"highway","default_image_id":0,"font":"","enabled":false},"version":2}},"categories":[176,24,322,25,199,602,177,769,15,11],"tags":[878,734,814],"class_list":["post-10814","post","type-post","status-publish","format-standard","has-post-thumbnail","hentry","category-a-un-chico","category-a-un-hombrenoviomaridopadre","category-a-una-futura-novia","category-a-una-futura-o-reciente-mama","category-dia-de-la-madre","category-dia-del-padre","category-lifestyle-2","category-la-guia-de-maria","category-por-el-aniversario","category-no-se-que-regalar","tag-masajes","tag-regalos","tag-regalos-profes"],"aioseo_notices":[],"jetpack_publicize_connections":[],"jetpack_featured_media_url":"https:\/\/oui-oui.es\/blog\/wp-content\/uploads\/2023\/10\/Oui-Oui-Facial-Lifting-The-Healing-Room-Sculptural-Face-Lifting-Cabina-scaled.jpg","jetpack_sharing_enabled":true,"jetpack-related-posts":[{"id":189,"url":"https:\/\/oui-oui.es\/blog\/un-regalo-original-para-mamas-recientes-o-no\/","url_meta":{"origin":10814,"position":0},"title":"Un regalo original para mam\u00e1s recientes&#8230;","author":"Mar\u00eda \u2665Oui Oui\u2665","date":"23 noviembre, 2012","format":false,"excerpt":"Ten\u00eda muchas ganas de escribir este post porque cuando lo conoc\u00ed me pareci\u00f3 una idea estupenda; se trata de Baby Be, un centro de fisioterapia para la mujer y el beb\u00e9, realizan masajes sincronizados a la madre y al beb\u00e9 en camillas contiguas, creando un ambiente y momento muy especial.\u2026","rel":"","context":"En \u00abNI\u00d1OS Y NI\u00d1AS\u00bb","block_context":{"text":"NI\u00d1OS Y NI\u00d1AS","link":"https:\/\/oui-oui.es\/blog\/category\/ninos\/"},"img":{"alt_text":"","src":"https:\/\/i0.wp.com\/oui-oui.es\/blog\/wp-content\/uploads\/regalo-original-embarazadas-mama-reciente-regalo-madre-y-bebe-masaje-bebes-baby-be-oui-oui-blog.jpg?resize=350%2C200&ssl=1","width":350,"height":200},"classes":[]},{"id":3612,"url":"https:\/\/oui-oui.es\/blog\/wishlist-para-embarazadas\/","url_meta":{"origin":10814,"position":1},"title":"Wishlist para embarazadas","author":"Mar\u00eda \u2665Oui Oui\u2665","date":"26 octubre, 2015","format":false,"excerpt":"El segundo embarazo no es ni comparable al primero, empezando por una misma que no tiene ni la mitad de tiempo que antes y siguiendo por los dem\u00e1s, que tampoco lo ven con la misma ilusi\u00f3n que la primera vez. Y a las pruebas me remito...Estoy de seis meses y\u2026","rel":"","context":"En \u00abA una futura o reciente mam\u00e1\u00bb","block_context":{"text":"A una futura o reciente mam\u00e1","link":"https:\/\/oui-oui.es\/blog\/category\/no-se-que-regalar\/a-una-futura-o-reciente-mama\/"},"img":{"alt_text":"","src":"https:\/\/i0.wp.com\/oui-oui.es\/blog\/wp-content\/uploads\/2015\/10\/Oui-Oui-crema-antiestr%C3%ADas-embarazo-mama-mio-olivia-soaps.jpg?resize=350%2C200&ssl=1","width":350,"height":200,"srcset":"https:\/\/i0.wp.com\/oui-oui.es\/blog\/wp-content\/uploads\/2015\/10\/Oui-Oui-crema-antiestr%C3%ADas-embarazo-mama-mio-olivia-soaps.jpg?resize=350%2C200&ssl=1 1x, https:\/\/i0.wp.com\/oui-oui.es\/blog\/wp-content\/uploads\/2015\/10\/Oui-Oui-crema-antiestr%C3%ADas-embarazo-mama-mio-olivia-soaps.jpg?resize=525%2C300&ssl=1 1.5x, https:\/\/i0.wp.com\/oui-oui.es\/blog\/wp-content\/uploads\/2015\/10\/Oui-Oui-crema-antiestr%C3%ADas-embarazo-mama-mio-olivia-soaps.jpg?resize=700%2C400&ssl=1 2x"},"classes":[]},{"id":4616,"url":"https:\/\/oui-oui.es\/blog\/mi-pequenita-fridala-cancion\/","url_meta":{"origin":10814,"position":2},"title":"Mi peque\u00f1ita Frida; la canci\u00f3n","author":"Mar\u00eda \u2665Oui Oui\u2665","date":"8 julio, 2016","format":false,"excerpt":"Hace un par de meses recibimos uno de los regalos m\u00e1s originales, bonitos (\u00a1y pr\u00e1cticos!) que pod\u00edamos imaginar...Una nana personalizada para Frida, una canci\u00f3n de dos minutos pensada y compuesta para ayudarla a tranquilizarse y a dormir. La letra, la melod\u00eda y, sobretodo, la voz, son preciosas. Manuela, la creadora\u2026","rel":"","context":"En \u00abA un hombre\/ novio\/ marido\/ padre\u00bb","block_context":{"text":"A un hombre\/ novio\/ marido\/ padre","link":"https:\/\/oui-oui.es\/blog\/category\/no-se-que-regalar\/a-un-hombrenoviomaridopadre\/"},"img":{"alt_text":"","src":"https:\/\/i0.wp.com\/oui-oui.es\/blog\/wp-content\/uploads\/2016\/07\/Oui-Oui-te-compongo-tu-cancion-mi-pequ%C3%B1ita-Frida.jpg?resize=350%2C200&ssl=1","width":350,"height":200,"srcset":"https:\/\/i0.wp.com\/oui-oui.es\/blog\/wp-content\/uploads\/2016\/07\/Oui-Oui-te-compongo-tu-cancion-mi-pequ%C3%B1ita-Frida.jpg?resize=350%2C200&ssl=1 1x, https:\/\/i0.wp.com\/oui-oui.es\/blog\/wp-content\/uploads\/2016\/07\/Oui-Oui-te-compongo-tu-cancion-mi-pequ%C3%B1ita-Frida.jpg?resize=525%2C300&ssl=1 1.5x, https:\/\/i0.wp.com\/oui-oui.es\/blog\/wp-content\/uploads\/2016\/07\/Oui-Oui-te-compongo-tu-cancion-mi-pequ%C3%B1ita-Frida.jpg?resize=700%2C400&ssl=1 2x, https:\/\/i0.wp.com\/oui-oui.es\/blog\/wp-content\/uploads\/2016\/07\/Oui-Oui-te-compongo-tu-cancion-mi-pequ%C3%B1ita-Frida.jpg?resize=1050%2C600&ssl=1 3x, https:\/\/i0.wp.com\/oui-oui.es\/blog\/wp-content\/uploads\/2016\/07\/Oui-Oui-te-compongo-tu-cancion-mi-pequ%C3%B1ita-Frida.jpg?resize=1400%2C800&ssl=1 4x"},"classes":[]},{"id":2005,"url":"https:\/\/oui-oui.es\/blog\/5-regalos-diferentes-para-el-dia-del-padre\/","url_meta":{"origin":10814,"position":3},"title":"5 regalos diferentes para el d\u00eda del Padre","author":"Mar\u00eda \u2665Oui Oui\u2665","date":"16 marzo, 2015","format":false,"excerpt":"\u00a0 Ahora que me toca hacer dos regalos del d\u00eda del padre (uno al m\u00edo y otra al de Mart\u00edn), me doy cuenta de la diferencia de enfoque a la hora de regalar como hija o como madre, as\u00ed, para regalar a mi padre hay que devanarse los sesos porque\u2026","rel":"","context":"En \u00abD\u00eda del Padre\u00bb","block_context":{"text":"D\u00eda del Padre","link":"https:\/\/oui-oui.es\/blog\/category\/no-se-que-regalar\/dia-del-padre\/"},"img":{"alt_text":"","src":"https:\/\/i0.wp.com\/oui-oui.es\/blog\/wp-content\/uploads\/2015\/03\/oui-oui-cojc3adn-reservado-para-papc3a1-reserved-for-dad.jpg?resize=350%2C200&ssl=1","width":350,"height":200,"srcset":"https:\/\/i0.wp.com\/oui-oui.es\/blog\/wp-content\/uploads\/2015\/03\/oui-oui-cojc3adn-reservado-para-papc3a1-reserved-for-dad.jpg?resize=350%2C200&ssl=1 1x, https:\/\/i0.wp.com\/oui-oui.es\/blog\/wp-content\/uploads\/2015\/03\/oui-oui-cojc3adn-reservado-para-papc3a1-reserved-for-dad.jpg?resize=525%2C300&ssl=1 1.5x"},"classes":[]},{"id":5361,"url":"https:\/\/oui-oui.es\/blog\/15-ideas-para-el-dia-de-la-madre-para-rezagados\/","url_meta":{"origin":10814,"position":4},"title":"15 ideas para el d\u00eda de la madre para rezagados","author":"Mar\u00eda \u2665Oui Oui\u2665","date":"3 mayo, 2017","format":false,"excerpt":"En mi casa el D\u00eda de la Madre siempre ha sido importante, y ahora, me lo parece m\u00e1s a\u00fan. Es verdad que cualquier d\u00eda es bueno para tener un detalle, hacer un regalo o decirle a tu amdre lo que la quieres, pero la verdad es que no lo hacemos,\u2026","rel":"","context":"En \u00abA una futura o reciente mam\u00e1\u00bb","block_context":{"text":"A una futura o reciente mam\u00e1","link":"https:\/\/oui-oui.es\/blog\/category\/no-se-que-regalar\/a-una-futura-o-reciente-mama\/"},"img":{"alt_text":"","src":"https:\/\/i0.wp.com\/oui-oui.es\/blog\/wp-content\/uploads\/2017\/05\/Oui-Oui-taza-mum-you-are-amazing-tulipanes.jpg?resize=350%2C200&ssl=1","width":350,"height":200,"srcset":"https:\/\/i0.wp.com\/oui-oui.es\/blog\/wp-content\/uploads\/2017\/05\/Oui-Oui-taza-mum-you-are-amazing-tulipanes.jpg?resize=350%2C200&ssl=1 1x, https:\/\/i0.wp.com\/oui-oui.es\/blog\/wp-content\/uploads\/2017\/05\/Oui-Oui-taza-mum-you-are-amazing-tulipanes.jpg?resize=525%2C300&ssl=1 1.5x, https:\/\/i0.wp.com\/oui-oui.es\/blog\/wp-content\/uploads\/2017\/05\/Oui-Oui-taza-mum-you-are-amazing-tulipanes.jpg?resize=700%2C400&ssl=1 2x, https:\/\/i0.wp.com\/oui-oui.es\/blog\/wp-content\/uploads\/2017\/05\/Oui-Oui-taza-mum-you-are-amazing-tulipanes.jpg?resize=1050%2C600&ssl=1 3x"},"classes":[]},{"id":9586,"url":"https:\/\/oui-oui.es\/blog\/biri-murias-un-regalo-para-la-piel-en-asturias\/","url_meta":{"origin":10814,"position":5},"title":"Biri Murias, un regalo para la piel en Asturias","author":"Mar\u00eda \u2665Oui Oui\u2665","date":"2 febrero, 2019","format":false,"excerpt":"Ten\u00eda este post pendiente desde la vuelta de verano porque quer\u00eda contaros mi experiencia en el Centro de Est\u00e9tica Biri Murias en Gij\u00f3n. Me gusta cuidarme pero, sobretodo, valoro mucho las experiencias de cuidado y relax y este verano me acerqu\u00e9 a conocer su nuevo espacio en la calle de\u2026","rel":"","context":"En \u00abA una futura novia\u00bb","block_context":{"text":"A una futura novia","link":"https:\/\/oui-oui.es\/blog\/category\/no-se-que-regalar\/a-una-futura-novia\/"},"img":{"alt_text":"","src":"https:\/\/i0.wp.com\/oui-oui.es\/blog\/wp-content\/uploads\/2019\/02\/Biri-Murias-Advanced-Beauty-Site3.jpg?resize=350%2C200&ssl=1","width":350,"height":200,"srcset":"https:\/\/i0.wp.com\/oui-oui.es\/blog\/wp-content\/uploads\/2019\/02\/Biri-Murias-Advanced-Beauty-Site3.jpg?resize=350%2C200&ssl=1 1x, https:\/\/i0.wp.com\/oui-oui.es\/blog\/wp-content\/uploads\/2019\/02\/Biri-Murias-Advanced-Beauty-Site3.jpg?resize=525%2C300&ssl=1 1.5x, https:\/\/i0.wp.com\/oui-oui.es\/blog\/wp-content\/uploads\/2019\/02\/Biri-Murias-Advanced-Beauty-Site3.jpg?resize=700%2C400&ssl=1 2x, https:\/\/i0.wp.com\/oui-oui.es\/blog\/wp-content\/uploads\/2019\/02\/Biri-Murias-Advanced-Beauty-Site3.jpg?resize=1050%2C600&ssl=1 3x, https:\/\/i0.wp.com\/oui-oui.es\/blog\/wp-content\/uploads\/2019\/02\/Biri-Murias-Advanced-Beauty-Site3.jpg?resize=1400%2C800&ssl=1 4x"},"classes":[]}],"_links":{"self":[{"href":"https:\/\/oui-oui.es\/blog\/wp-json\/wp\/v2\/posts\/10814","targetHints":{"allow":["GET"]}}],"collection":[{"href":"https:\/\/oui-oui.es\/blog\/wp-json\/wp\/v2\/posts"}],"about":[{"href":"https:\/\/oui-oui.es\/blog\/wp-json\/wp\/v2\/types\/post"}],"author":[{"embeddable":true,"href":"https:\/\/oui-oui.es\/blog\/wp-json\/wp\/v2\/users\/1"}],"replies":[{"embeddable":true,"href":"https:\/\/oui-oui.es\/blog\/wp-json\/wp\/v2\/comments?post=10814"}],"version-history":[{"count":2,"href":"https:\/\/oui-oui.es\/blog\/wp-json\/wp\/v2\/posts\/10814\/revisions"}],"predecessor-version":[{"id":10825,"href":"https:\/\/oui-oui.es\/blog\/wp-json\/wp\/v2\/posts\/10814\/revisions\/10825"}],"wp:featuredmedia":[{"embeddable":true,"href":"https:\/\/oui-oui.es\/blog\/wp-json\/wp\/v2\/media\/10819"}],"wp:attachment":[{"href":"https:\/\/oui-oui.es\/blog\/wp-json\/wp\/v2\/media?parent=10814"}],"wp:term":[{"taxonomy":"category","embeddable":true,"href":"https:\/\/oui-oui.es\/blog\/wp-json\/wp\/v2\/categories?post=10814"},{"taxonomy":"post_tag","embeddable":true,"href":"https:\/\/oui-oui.es\/blog\/wp-json\/wp\/v2\/tags?post=10814"}],"curies":[{"name":"wp","href":"https:\/\/api.w.org\/{rel}","templated":true}]}}