{"id":10827,"date":"2023-10-23T11:24:32","date_gmt":"2023-10-23T09:24:32","guid":{"rendered":"https:\/\/oui-oui.es\/blog\/?p=10827"},"modified":"2023-10-23T11:24:35","modified_gmt":"2023-10-23T09:24:35","slug":"el-miedo-y-el-emprendimiento","status":"publish","type":"post","link":"https:\/\/oui-oui.es\/blog\/el-miedo-y-el-emprendimiento\/","title":{"rendered":"El miedo y el emprendimiento"},"content":{"rendered":"\n<p>Cuando piensas en emprender un negocio, se mezclan muchas emociones, y, una de ellas, es el miedo.<\/p>\n\n\n\n<p><strong>El miedo a no conseguir arrancar<\/strong>, a que no guste, a que guste pero luego no se mantenga&#8230;Ese miedo perdura durante todo el proceso de tener un negocio, pero se va transformando y modulando&#8230;Tambi\u00e9n aprendes a convivir con \u00e9l.<\/p>\n\n\n<div class=\"wp-block-image\">\n<figure class=\"aligncenter size-full\"><img loading=\"lazy\" decoding=\"async\" width=\"683\" height=\"692\" src=\"https:\/\/oui-oui.es\/blog\/wp-content\/uploads\/2023\/10\/Net-a-emprender-miedo-a-emprender-miedo-y-emprendimiento-mujer-y-emprendimiento.jpe\" alt=\"\" class=\"wp-image-10828\" srcset=\"https:\/\/oui-oui.es\/blog\/wp-content\/uploads\/2023\/10\/Net-a-emprender-miedo-a-emprender-miedo-y-emprendimiento-mujer-y-emprendimiento.jpe 683w, https:\/\/oui-oui.es\/blog\/wp-content\/uploads\/2023\/10\/Net-a-emprender-miedo-a-emprender-miedo-y-emprendimiento-mujer-y-emprendimiento-296x300.jpe 296w, https:\/\/oui-oui.es\/blog\/wp-content\/uploads\/2023\/10\/Net-a-emprender-miedo-a-emprender-miedo-y-emprendimiento-mujer-y-emprendimiento-600x608.jpe 600w, https:\/\/oui-oui.es\/blog\/wp-content\/uploads\/2023\/10\/Net-a-emprender-miedo-a-emprender-miedo-y-emprendimiento-mujer-y-emprendimiento-640x648.jpe 640w\" sizes=\"auto, (max-width: 683px) 100vw, 683px\" \/><\/figure><\/div>\n\n\n<p>Aprovechando la cercan\u00eda con Halloween me apetec\u00eda hablar del miedo en <strong><a href=\"https:\/\/oui-oui.es\/content\/13-net-a-emprender\" target=\"_blank\" rel=\"noopener\" title=\"Net \u00e0 Emprender\">Net \u00e0 Emprender<\/a><\/strong> porque es importante verbalizarlo y compartirlo. Todas hemos pasado por momentos con m\u00e1s o menos miedo; <strong>miedo a crecer y a reducir<\/strong>; ya sea nuestro mercado o estructura; <strong>miedo a cambiar de rumbo<\/strong>&#8230;Hasta el miedo a tener que cerrar y demorar la situaci\u00f3n m\u00e1s de la cuenta&#8230;<\/p>\n\n\n\n<p>El miedo nos ayuda a evitar peligros, a ser cautas en determinados momentos, pero debemos saber gestionarlo para que sea una palanca de ayuda y no un lastre.<\/p>\n\n\n<div class=\"wp-block-image\">\n<figure class=\"aligncenter size-full\"><img loading=\"lazy\" decoding=\"async\" width=\"684\" height=\"692\" src=\"https:\/\/oui-oui.es\/blog\/wp-content\/uploads\/2023\/10\/Net-a-emprender-miedo-a-emprender-miedo-y-emprendimiento-emprendedoras-mujeres.jpe\" alt=\"\" class=\"wp-image-10829\" srcset=\"https:\/\/oui-oui.es\/blog\/wp-content\/uploads\/2023\/10\/Net-a-emprender-miedo-a-emprender-miedo-y-emprendimiento-emprendedoras-mujeres.jpe 684w, https:\/\/oui-oui.es\/blog\/wp-content\/uploads\/2023\/10\/Net-a-emprender-miedo-a-emprender-miedo-y-emprendimiento-emprendedoras-mujeres-297x300.jpe 297w, https:\/\/oui-oui.es\/blog\/wp-content\/uploads\/2023\/10\/Net-a-emprender-miedo-a-emprender-miedo-y-emprendimiento-emprendedoras-mujeres-600x607.jpe 600w, https:\/\/oui-oui.es\/blog\/wp-content\/uploads\/2023\/10\/Net-a-emprender-miedo-a-emprender-miedo-y-emprendimiento-emprendedoras-mujeres-640x647.jpe 640w\" sizes=\"auto, (max-width: 684px) 100vw, 684px\" \/><\/figure><\/div>\n\n\n<p>\u00bfQu\u00e9 es <strong><a href=\"https:\/\/oui-oui.es\/content\/13-net-a-emprender\" target=\"_blank\" rel=\"noopener\" title=\"Net \u00e0 Emprender\">Net \u00e0 Emprender<\/a><\/strong>? si todav\u00eda no lo conoces, es un evento que organizo para emprendedoras y emprendedores en el que, <strong>a trav\u00e9s de la una charla sobre un tema de inter\u00e9s para todas, comenzamos una conversaci\u00f3n entre todas que ayuda a romper el hielo para, en el picoteo posterior; conocer a otras emprendedoras con el fin de crear comunidad<\/strong>; generar conexiones, nuevos contactos, colaboraciones&#8230;En definitiva; salir de la soledad de la mesa de tu casa\/oficina para cambiar de aires, desahogarte con personas que est\u00e1n en el mismo punto que tu, o en puntos previos o posteriores de los que tambi\u00e9n hablar, colaborar entre marcas para crecer,etc&#8230;<\/p>\n\n\n<div class=\"wp-block-image\">\n<figure class=\"aligncenter size-full\"><img loading=\"lazy\" decoding=\"async\" width=\"684\" height=\"692\" src=\"https:\/\/oui-oui.es\/blog\/wp-content\/uploads\/2023\/10\/Net-Miedo-Oct-23.jpe\" alt=\"\" class=\"wp-image-10830\" srcset=\"https:\/\/oui-oui.es\/blog\/wp-content\/uploads\/2023\/10\/Net-Miedo-Oct-23.jpe 684w, https:\/\/oui-oui.es\/blog\/wp-content\/uploads\/2023\/10\/Net-Miedo-Oct-23-297x300.jpe 297w, https:\/\/oui-oui.es\/blog\/wp-content\/uploads\/2023\/10\/Net-Miedo-Oct-23-600x607.jpe 600w, https:\/\/oui-oui.es\/blog\/wp-content\/uploads\/2023\/10\/Net-Miedo-Oct-23-640x647.jpe 640w\" sizes=\"auto, (max-width: 684px) 100vw, 684px\" \/><\/figure><\/div>\n\n\n<p>Te espero este <strong>VIERNES 27 de octubre de 11 a 14h<\/strong> en <strong><a href=\"https:\/\/mamapottery.com\/\" target=\"_blank\" rel=\"noopener\" title=\"Mama Pottery\">Mama Pottery<\/a><\/strong> de Arturo Soria , para apuntarte s\u00f3lo tienes que <strong>inscribirte aqu\u00ed<\/strong> y hacer el Bizum para reservar tu plaza.<\/p>\n\n\n\n<p>Toda la imagen corporativa de <strong><a href=\"https:\/\/oui-oui.es\/content\/13-net-a-emprender\" target=\"_blank\" rel=\"noopener\" title=\"Net \u00e0 Emprender\">Net \u00e0 Emprender<\/a><\/strong> ha sido realizada por Cristina de <a href=\"https:\/\/superkitina.com\/\" target=\"_blank\" rel=\"noopener\" title=\"Superkitina\"><strong>Superkitina<\/strong><\/a><\/p>\n\n\n\n<p>\u00a1Te espero!<\/p>\n","protected":false},"excerpt":{"rendered":"<p>Si eres emprendedora o est\u00e1s pensando en serlo, ven a compartir tus miedos en Net \u00e1 Emprender, un encuentro de emprendedoras en el que compartir, inspirarte, desahogarte y salir con m\u00e1s energ\u00eda e ilusi\u00f3n que nunca&#8230;Adem\u00e1s,siempre surgen colaboraciones y proyectos entre emprendedoras que ayudan mucho <\/p>\n","protected":false},"author":1,"featured_media":10828,"comment_status":"open","ping_status":"open","sticky":false,"template":"","format":"standard","meta":{"jetpack_post_was_ever_published":false,"_jetpack_newsletter_access":"","_jetpack_dont_email_post_to_subs":false,"_jetpack_newsletter_tier_id":0,"_jetpack_memberships_contains_paywalled_content":false,"_jetpack_memberships_contains_paid_content":false,"footnotes":"","jetpack_publicize_message":"","jetpack_publicize_feature_enabled":true,"jetpack_social_post_already_shared":true,"jetpack_social_options":{"image_generator_settings":{"template":"highway","default_image_id":0,"font":"","enabled":false},"version":2}},"categories":[792],"tags":[742,862],"class_list":["post-10827","post","type-post","status-publish","format-standard","has-post-thumbnail","hentry","category-mentoring-emprendedores","tag-emprender","tag-net-a-emprender"],"aioseo_notices":[],"jetpack_publicize_connections":[],"jetpack_featured_media_url":"https:\/\/oui-oui.es\/blog\/wp-content\/uploads\/2023\/10\/Net-a-emprender-miedo-a-emprender-miedo-y-emprendimiento-mujer-y-emprendimiento.jpe","jetpack_sharing_enabled":true,"jetpack-related-posts":[{"id":5788,"url":"https:\/\/oui-oui.es\/blog\/como-organizarte-para-emprender\/","url_meta":{"origin":10827,"position":0},"title":"C\u00f3mo organizarte para emprender","author":"Mar\u00eda \u2665Oui Oui\u2665","date":"23 junio, 2017","format":false,"excerpt":"Cuando tienes el gusanillo de emprender, cuando tienes las ganas o la idea (me he encontrado con muchas personas con ganas pero sin una idea concreta y otras con la idea pero con miedo o falta de un empujoncito para ponerse a ello) parece que es bueno fijarse en todos\u2026","rel":"","context":"En \u00abEMPRENDEDORAS\u00bb","block_context":{"text":"EMPRENDEDORAS","link":"https:\/\/oui-oui.es\/blog\/category\/mentoring-emprendedores\/"},"img":{"alt_text":"","src":"https:\/\/i0.wp.com\/oui-oui.es\/blog\/wp-content\/uploads\/2017\/06\/C%C3%B3mo-organizarte-para-emprender-taller-emprendimiento-oui-oui-ham-on-market.png?resize=350%2C200&ssl=1","width":350,"height":200,"srcset":"https:\/\/i0.wp.com\/oui-oui.es\/blog\/wp-content\/uploads\/2017\/06\/C%C3%B3mo-organizarte-para-emprender-taller-emprendimiento-oui-oui-ham-on-market.png?resize=350%2C200&ssl=1 1x, https:\/\/i0.wp.com\/oui-oui.es\/blog\/wp-content\/uploads\/2017\/06\/C%C3%B3mo-organizarte-para-emprender-taller-emprendimiento-oui-oui-ham-on-market.png?resize=525%2C300&ssl=1 1.5x, https:\/\/i0.wp.com\/oui-oui.es\/blog\/wp-content\/uploads\/2017\/06\/C%C3%B3mo-organizarte-para-emprender-taller-emprendimiento-oui-oui-ham-on-market.png?resize=700%2C400&ssl=1 2x, https:\/\/i0.wp.com\/oui-oui.es\/blog\/wp-content\/uploads\/2017\/06\/C%C3%B3mo-organizarte-para-emprender-taller-emprendimiento-oui-oui-ham-on-market.png?resize=1050%2C600&ssl=1 3x"},"classes":[]},{"id":9775,"url":"https:\/\/oui-oui.es\/blog\/como-gestionar-la-carga-mental-descubrelo-en-net-a-emprender\/","url_meta":{"origin":10827,"position":1},"title":"C\u00f3mo gestionar la carga mental |Desc\u00fabrelo en Net \u00e0 Emprender","author":"Mar\u00eda \u2665Oui Oui\u2665","date":"23 abril, 2019","format":false,"excerpt":"Quiz\u00e1s no le hayas puesto nombre, pero si eres mujer, emprendedora y\/o madre, padeces carga mental SEGURO. Yo la identifiqu\u00e9 cuando emprend\u00ed y fui madre que, en mi caso, fue casi a la vez, coincidi\u00f3 el embarazo con el lanzamiento de Oui Oui, proyecto en el que trabaj\u00e9 un a\u00f1o\u2026","rel":"","context":"En \u00abEMPRENDEDORAS\u00bb","block_context":{"text":"EMPRENDEDORAS","link":"https:\/\/oui-oui.es\/blog\/category\/mentoring-emprendedores\/"},"img":{"alt_text":"","src":"https:\/\/i0.wp.com\/oui-oui.es\/blog\/wp-content\/uploads\/2019\/04\/Oui-Oui-la-carga-mental-net-a-emprender-emma.jpg?resize=350%2C200&ssl=1","width":350,"height":200,"srcset":"https:\/\/i0.wp.com\/oui-oui.es\/blog\/wp-content\/uploads\/2019\/04\/Oui-Oui-la-carga-mental-net-a-emprender-emma.jpg?resize=350%2C200&ssl=1 1x, https:\/\/i0.wp.com\/oui-oui.es\/blog\/wp-content\/uploads\/2019\/04\/Oui-Oui-la-carga-mental-net-a-emprender-emma.jpg?resize=525%2C300&ssl=1 1.5x"},"classes":[]},{"id":9554,"url":"https:\/\/oui-oui.es\/blog\/net-a-emprender\/","url_meta":{"origin":10827,"position":2},"title":"Net \u00e0 Emprender","author":"Mar\u00eda \u2665Oui Oui\u2665","date":"14 enero, 2019","format":false,"excerpt":"En muchas de las sesiones de mentoring, surge la misma pregunta \u00bfc\u00f3mo hago para darme a conocer personalmente para que me inviten a eventos y para conectar con otros emprendedores con los que hacer colaboraciones y crear sinergias?. Y la respuesta no es f\u00e1cil, porque es el conjunto de muchas\u2026","rel":"","context":"En \u00abEMPRENDEDORAS\u00bb","block_context":{"text":"EMPRENDEDORAS","link":"https:\/\/oui-oui.es\/blog\/category\/mentoring-emprendedores\/"},"img":{"alt_text":"","src":"https:\/\/i0.wp.com\/oui-oui.es\/blog\/wp-content\/uploads\/2019\/01\/Oui-Oui-net-a-emprender-mentoring-emprendedores-mentoring-oui-oui-espacio-la-galerie-ten-cook.jpg?resize=350%2C200&ssl=1","width":350,"height":200,"srcset":"https:\/\/i0.wp.com\/oui-oui.es\/blog\/wp-content\/uploads\/2019\/01\/Oui-Oui-net-a-emprender-mentoring-emprendedores-mentoring-oui-oui-espacio-la-galerie-ten-cook.jpg?resize=350%2C200&ssl=1 1x, https:\/\/i0.wp.com\/oui-oui.es\/blog\/wp-content\/uploads\/2019\/01\/Oui-Oui-net-a-emprender-mentoring-emprendedores-mentoring-oui-oui-espacio-la-galerie-ten-cook.jpg?resize=525%2C300&ssl=1 1.5x, https:\/\/i0.wp.com\/oui-oui.es\/blog\/wp-content\/uploads\/2019\/01\/Oui-Oui-net-a-emprender-mentoring-emprendedores-mentoring-oui-oui-espacio-la-galerie-ten-cook.jpg?resize=700%2C400&ssl=1 2x, https:\/\/i0.wp.com\/oui-oui.es\/blog\/wp-content\/uploads\/2019\/01\/Oui-Oui-net-a-emprender-mentoring-emprendedores-mentoring-oui-oui-espacio-la-galerie-ten-cook.jpg?resize=1050%2C600&ssl=1 3x"},"classes":[]},{"id":3349,"url":"https:\/\/oui-oui.es\/blog\/ganas-de-emprender-te-esperamos\/","url_meta":{"origin":10827,"position":3},"title":"\u00bfGanas de emprender? \u00a1te esperamos!","author":"Mar\u00eda \u2665Oui Oui\u2665","date":"17 septiembre, 2015","format":false,"excerpt":"Sabes que quieres cambiar tu forma de ganarte la vida pero no sabes c\u00f3mo, o tienes una idea que crees que puede gustar a la gente pero no te decides a arrancar y te cuesta darle forma...Muchas de las personas que quieren dejar su trabajo por cuenta ajena para montar\u2026","rel":"","context":"En \u00abESTILO DE VIDA\u00bb","block_context":{"text":"ESTILO DE VIDA","link":"https:\/\/oui-oui.es\/blog\/category\/lifestyle-2\/"},"img":{"alt_text":"","src":"https:\/\/i0.wp.com\/oui-oui.es\/blog\/wp-content\/uploads\/2015\/09\/Oui-Oui-finca-monte-cutamilla-taller-emprendedores-experienciar-8.jpg?resize=350%2C200&ssl=1","width":350,"height":200,"srcset":"https:\/\/i0.wp.com\/oui-oui.es\/blog\/wp-content\/uploads\/2015\/09\/Oui-Oui-finca-monte-cutamilla-taller-emprendedores-experienciar-8.jpg?resize=350%2C200&ssl=1 1x, https:\/\/i0.wp.com\/oui-oui.es\/blog\/wp-content\/uploads\/2015\/09\/Oui-Oui-finca-monte-cutamilla-taller-emprendedores-experienciar-8.jpg?resize=525%2C300&ssl=1 1.5x"},"classes":[]},{"id":9212,"url":"https:\/\/oui-oui.es\/blog\/mentoring-antes-de-vacaciones\/","url_meta":{"origin":10827,"position":4},"title":"Mentoring antes de vacaciones","author":"Mar\u00eda \u2665Oui Oui\u2665","date":"16 julio, 2018","format":false,"excerpt":"No s\u00e9 si os pasa pero, para m\u00ed, julio es un mes de balance. Aprovecho que los ni\u00f1os est\u00e1n en el campamento de los abuelos para ponerme al d\u00eda con esas tareas pendientes que he arrastrado todo el a\u00f1o, tanto personales como profesionales. Adem\u00e1s, el a\u00f1o empieza en septiembre y\u2026","rel":"","context":"En \u00abEMPRENDEDORAS\u00bb","block_context":{"text":"EMPRENDEDORAS","link":"https:\/\/oui-oui.es\/blog\/category\/mentoring-emprendedores\/"},"img":{"alt_text":"","src":"https:\/\/i0.wp.com\/oui-oui.es\/blog\/wp-content\/uploads\/2018\/07\/Oui-Oui-Mentoring-Elena-Bau-3.jpg?resize=350%2C200&ssl=1","width":350,"height":200,"srcset":"https:\/\/i0.wp.com\/oui-oui.es\/blog\/wp-content\/uploads\/2018\/07\/Oui-Oui-Mentoring-Elena-Bau-3.jpg?resize=350%2C200&ssl=1 1x, https:\/\/i0.wp.com\/oui-oui.es\/blog\/wp-content\/uploads\/2018\/07\/Oui-Oui-Mentoring-Elena-Bau-3.jpg?resize=525%2C300&ssl=1 1.5x, https:\/\/i0.wp.com\/oui-oui.es\/blog\/wp-content\/uploads\/2018\/07\/Oui-Oui-Mentoring-Elena-Bau-3.jpg?resize=700%2C400&ssl=1 2x, https:\/\/i0.wp.com\/oui-oui.es\/blog\/wp-content\/uploads\/2018\/07\/Oui-Oui-Mentoring-Elena-Bau-3.jpg?resize=1050%2C600&ssl=1 3x, https:\/\/i0.wp.com\/oui-oui.es\/blog\/wp-content\/uploads\/2018\/07\/Oui-Oui-Mentoring-Elena-Bau-3.jpg?resize=1400%2C800&ssl=1 4x"},"classes":[]},{"id":8581,"url":"https:\/\/oui-oui.es\/blog\/bundle-para-emprendedores\/","url_meta":{"origin":10827,"position":5},"title":"Bundle para Emprendedores","author":"Mar\u00eda \u2665Oui Oui\u2665","date":"28 septiembre, 2017","format":false,"excerpt":"Lo primero de todo, \u00bfsabes qu\u00e9 es un bundle?, yo no hab\u00eda o\u00eddo hablar hasta hace unos meses y, hace unas semanas, me lo recordaron invit\u00e1ndome a participar, as\u00ed que te lo explico de forma muy sencilla: Un bundle es un paquete de cursos que, al venderse de forma conjunta\u2026","rel":"","context":"En \u00abEMPRENDEDORAS\u00bb","block_context":{"text":"EMPRENDEDORAS","link":"https:\/\/oui-oui.es\/blog\/category\/mentoring-emprendedores\/"},"img":{"alt_text":"","src":"https:\/\/i0.wp.com\/oui-oui.es\/blog\/wp-content\/uploads\/2017\/09\/Oui-Oui-mesa-de-trabajo-bundle-emprendedores.jpg?resize=350%2C200&ssl=1","width":350,"height":200,"srcset":"https:\/\/i0.wp.com\/oui-oui.es\/blog\/wp-content\/uploads\/2017\/09\/Oui-Oui-mesa-de-trabajo-bundle-emprendedores.jpg?resize=350%2C200&ssl=1 1x, https:\/\/i0.wp.com\/oui-oui.es\/blog\/wp-content\/uploads\/2017\/09\/Oui-Oui-mesa-de-trabajo-bundle-emprendedores.jpg?resize=525%2C300&ssl=1 1.5x"},"classes":[]}],"_links":{"self":[{"href":"https:\/\/oui-oui.es\/blog\/wp-json\/wp\/v2\/posts\/10827","targetHints":{"allow":["GET"]}}],"collection":[{"href":"https:\/\/oui-oui.es\/blog\/wp-json\/wp\/v2\/posts"}],"about":[{"href":"https:\/\/oui-oui.es\/blog\/wp-json\/wp\/v2\/types\/post"}],"author":[{"embeddable":true,"href":"https:\/\/oui-oui.es\/blog\/wp-json\/wp\/v2\/users\/1"}],"replies":[{"embeddable":true,"href":"https:\/\/oui-oui.es\/blog\/wp-json\/wp\/v2\/comments?post=10827"}],"version-history":[{"count":1,"href":"https:\/\/oui-oui.es\/blog\/wp-json\/wp\/v2\/posts\/10827\/revisions"}],"predecessor-version":[{"id":10831,"href":"https:\/\/oui-oui.es\/blog\/wp-json\/wp\/v2\/posts\/10827\/revisions\/10831"}],"wp:featuredmedia":[{"embeddable":true,"href":"https:\/\/oui-oui.es\/blog\/wp-json\/wp\/v2\/media\/10828"}],"wp:attachment":[{"href":"https:\/\/oui-oui.es\/blog\/wp-json\/wp\/v2\/media?parent=10827"}],"wp:term":[{"taxonomy":"category","embeddable":true,"href":"https:\/\/oui-oui.es\/blog\/wp-json\/wp\/v2\/categories?post=10827"},{"taxonomy":"post_tag","embeddable":true,"href":"https:\/\/oui-oui.es\/blog\/wp-json\/wp\/v2\/tags?post=10827"}],"curies":[{"name":"wp","href":"https:\/\/api.w.org\/{rel}","templated":true}]}}