{"id":10901,"date":"2024-10-01T15:19:06","date_gmt":"2024-10-01T13:19:06","guid":{"rendered":"https:\/\/oui-oui.es\/blog\/?p=10901"},"modified":"2024-10-01T15:19:10","modified_gmt":"2024-10-01T13:19:10","slug":"mi-compra-de-la-temporada","status":"publish","type":"post","link":"https:\/\/oui-oui.es\/blog\/mi-compra-de-la-temporada\/","title":{"rendered":"Mi compra de la temporada"},"content":{"rendered":"<div class=\"wp-block-image\">\n<figure class=\"aligncenter size-large\"><img loading=\"lazy\" decoding=\"async\" width=\"768\" height=\"1024\" src=\"https:\/\/oui-oui.es\/blog\/wp-content\/uploads\/2024\/10\/Oui-Oui-Zapatillas-Kelme-Lefties-768x1024.jpg\" alt=\"\" class=\"wp-image-10905\" srcset=\"https:\/\/oui-oui.es\/blog\/wp-content\/uploads\/2024\/10\/Oui-Oui-Zapatillas-Kelme-Lefties-768x1024.jpg 768w, https:\/\/oui-oui.es\/blog\/wp-content\/uploads\/2024\/10\/Oui-Oui-Zapatillas-Kelme-Lefties-225x300.jpg 225w, https:\/\/oui-oui.es\/blog\/wp-content\/uploads\/2024\/10\/Oui-Oui-Zapatillas-Kelme-Lefties-600x800.jpg 600w, https:\/\/oui-oui.es\/blog\/wp-content\/uploads\/2024\/10\/Oui-Oui-Zapatillas-Kelme-Lefties-1152x1536.jpg 1152w, https:\/\/oui-oui.es\/blog\/wp-content\/uploads\/2024\/10\/Oui-Oui-Zapatillas-Kelme-Lefties-1536x2048.jpg 1536w, https:\/\/oui-oui.es\/blog\/wp-content\/uploads\/2024\/10\/Oui-Oui-Zapatillas-Kelme-Lefties-640x853.jpg 640w, https:\/\/oui-oui.es\/blog\/wp-content\/uploads\/2024\/10\/Oui-Oui-Zapatillas-Kelme-Lefties-scaled.jpg 1920w\" sizes=\"auto, (max-width: 768px) 100vw, 768px\" \/><\/figure><\/div>\n\n\n<p>Leyendo esta ma\u00f1ana los <em>\u00abMartesitos de recomendaciones\u00bb<\/em> de Ari Bradshaw (la <a href=\"https:\/\/martescitos.substack.com\/\" target=\"_blank\" rel=\"noopener\" title=\"\">newsletter <\/a>de Araceli Oca\u00f1a) y <em><a href=\"https:\/\/luciasandez.substack.com\/\" target=\"_blank\" rel=\"noopener\" title=\"\">\u00abLo que te perdiste esta semana\u00bb<\/a><\/em> de Luc\u00eda Baballa he sentido un flashback de cuando yo escrib\u00eda en el blog Superfluo Imprescindible; sin preocuparme de SEOS,ni m\u00e9tricas, incluso publicando dos o tres post la misma tarde (puedo ser intensa, s\u00ed) y la verdad es que echo de menos tener el tiempo para escribir sin prisas y sin pretensi\u00f3n alguna en el blog, siempre quiero volver pero me pongo tantos objetivos de contenido, recurrencia, mezcla de temas para tocar todos los palos de mis proyectos&#8230;Que, al final lo que hago es no publicar.<\/p>\n\n\n\n<p>Pero hoy algo ha cambiado, llevo varias semanas feliz y s\u00faper orgullosa de mi compra casual de zapatillas de deporte que, por un lado, quer\u00eda compartirlo en Instagram, pero, por otro, quer\u00eda guardarmelo para m\u00ed para que sigan siendo unas zapatillas especiales y no las que le vea a la gente por la calle ( y, ojo, que no digo yo que sea la mayor prescriptora del mundo pero si que m\u00e1s de una ir\u00eda a comprarse las zapatillas&#8230;) El caso es que he pensado que el blog ser\u00eda un buen sitio para compartirlo, como m\u00e1s cercano, m\u00e1s peque\u00f1o y m\u00e1s, de las de siempre&#8230;Si sigues leyendo este blog despu\u00e9s de m\u00e1s de 16 a\u00f1os&#8230;Es que eres de las m\u00edas \ud83d\ude09<\/p>\n\n\n\n<p>Mi mejor compra de la temporada han sido estas zapatillas de Kelme para Lefties (32\u20ac)&#8230;Debo agradecer a Laura de <a href=\"https:\/\/lachimeneadelashadas.com\/\" target=\"_blank\" rel=\"noopener\" title=\"\">La Chimenea de las Hadas<\/a> que me tentase con entrar en Lefties, no es una tienda a la que vaya nunca pero ella siempre comparte prendas interesantes que encuentra all\u00ed, as\u00ed que, al pasar por su tienda de Conde de Pe\u00f1alver pens\u00e9 \u00aba ver si encuentro algo\u00bb y \u00a1zas! ah\u00ed estaban&#8230;Unas zapatillas a todo color, de estilo retro y con mucho rollo y, adem\u00e1s, s\u00faper baratas&#8230;\u00bfLo mejor? que son comod\u00edsimas.El t\u00edpico modelo que si te dicen que es una reedici\u00f3n para Isol\u00e9e te cuesta 200\u20ac m\u00e1s&#8230;<\/p>\n\n\n\n<p>As\u00ed que, aqu\u00ed estoy, al m\u00e1s puro estilo Superfluo Imprescindible&#8230;De vuelta al blog! , si os gustan , hac\u00e9rmelo saber el comentarios \ud83d\ude42<\/p>\n\n\n\n<p> <\/p>\n\n\n<div class=\"wp-block-image\">\n<figure class=\"aligncenter size-large\"><img loading=\"lazy\" decoding=\"async\" width=\"1284\" height=\"1712\" src=\"https:\/\/oui-oui.es\/blog\/wp-content\/uploads\/2024\/10\/OUi-Oui-zapatillas-kelme-lefties-2-edited.jpg\" alt=\"\" class=\"wp-image-10903\" srcset=\"https:\/\/oui-oui.es\/blog\/wp-content\/uploads\/2024\/10\/OUi-Oui-zapatillas-kelme-lefties-2-edited.jpg 1284w, https:\/\/oui-oui.es\/blog\/wp-content\/uploads\/2024\/10\/OUi-Oui-zapatillas-kelme-lefties-2-edited-225x300.jpg 225w, https:\/\/oui-oui.es\/blog\/wp-content\/uploads\/2024\/10\/OUi-Oui-zapatillas-kelme-lefties-2-edited-768x1024.jpg 768w, https:\/\/oui-oui.es\/blog\/wp-content\/uploads\/2024\/10\/OUi-Oui-zapatillas-kelme-lefties-2-edited-600x800.jpg 600w, https:\/\/oui-oui.es\/blog\/wp-content\/uploads\/2024\/10\/OUi-Oui-zapatillas-kelme-lefties-2-edited-1152x1536.jpg 1152w, https:\/\/oui-oui.es\/blog\/wp-content\/uploads\/2024\/10\/OUi-Oui-zapatillas-kelme-lefties-2-edited-640x853.jpg 640w\" sizes=\"auto, (max-width: 1284px) 100vw, 1284px\" \/><\/figure><\/div>","protected":false},"excerpt":{"rendered":"<p>La compra, la prenda y las zapatillas de la temporada!<\/p>\n","protected":false},"author":1,"featured_media":10905,"comment_status":"open","ping_status":"open","sticky":false,"template":"","format":"standard","meta":{"jetpack_post_was_ever_published":false,"_jetpack_newsletter_access":"","_jetpack_dont_email_post_to_subs":false,"_jetpack_newsletter_tier_id":0,"_jetpack_memberships_contains_paywalled_content":false,"_jetpack_memberships_contains_paid_content":false,"footnotes":"","jetpack_publicize_message":"","jetpack_publicize_feature_enabled":true,"jetpack_social_post_already_shared":true,"jetpack_social_options":{"image_generator_settings":{"template":"highway","default_image_id":0,"font":"","enabled":false},"version":2}},"categories":[177],"tags":[766,821,803],"class_list":["post-10901","post","type-post","status-publish","format-standard","has-post-thumbnail","hentry","category-lifestyle-2","tag-compras","tag-deporte","tag-moda"],"aioseo_notices":[],"jetpack_publicize_connections":[],"jetpack_featured_media_url":"https:\/\/oui-oui.es\/blog\/wp-content\/uploads\/2024\/10\/Oui-Oui-Zapatillas-Kelme-Lefties-scaled.jpg","jetpack_sharing_enabled":true,"jetpack-related-posts":[{"id":4885,"url":"https:\/\/oui-oui.es\/blog\/como-loca-con-el-dash-button\/","url_meta":{"origin":10901,"position":0},"title":"Como loca con el Dash Button","author":"Mar\u00eda \u2665Oui Oui\u2665","date":"14 noviembre, 2016","format":false,"excerpt":"\u00bfNo sabes lo que es el Dash Button de Amazon? \u00a1pues te lo cuento! se trata de un pr\u00e1ctico dispositivo wifi que permite realizar pedidos de sus productos preferidos solamente pulsando un bot\u00f3n, el primer paso de la compra inteligente. Es decir, pegas el bot\u00f3n cerca de la despensa, lavadora\u2026","rel":"","context":"En \u00abESTILO DE VIDA\u00bb","block_context":{"text":"ESTILO DE VIDA","link":"https:\/\/oui-oui.es\/blog\/category\/lifestyle-2\/"},"img":{"alt_text":"","src":"https:\/\/i0.wp.com\/oui-oui.es\/blog\/wp-content\/uploads\/2016\/11\/Oui-Oui-dash-button-espa%C3%B1a-dash-button-fairy.jpg?resize=350%2C200&ssl=1","width":350,"height":200,"srcset":"https:\/\/i0.wp.com\/oui-oui.es\/blog\/wp-content\/uploads\/2016\/11\/Oui-Oui-dash-button-espa%C3%B1a-dash-button-fairy.jpg?resize=350%2C200&ssl=1 1x, https:\/\/i0.wp.com\/oui-oui.es\/blog\/wp-content\/uploads\/2016\/11\/Oui-Oui-dash-button-espa%C3%B1a-dash-button-fairy.jpg?resize=525%2C300&ssl=1 1.5x, https:\/\/i0.wp.com\/oui-oui.es\/blog\/wp-content\/uploads\/2016\/11\/Oui-Oui-dash-button-espa%C3%B1a-dash-button-fairy.jpg?resize=700%2C400&ssl=1 2x, https:\/\/i0.wp.com\/oui-oui.es\/blog\/wp-content\/uploads\/2016\/11\/Oui-Oui-dash-button-espa%C3%B1a-dash-button-fairy.jpg?resize=1050%2C600&ssl=1 3x, https:\/\/i0.wp.com\/oui-oui.es\/blog\/wp-content\/uploads\/2016\/11\/Oui-Oui-dash-button-espa%C3%B1a-dash-button-fairy.jpg?resize=1400%2C800&ssl=1 4x"},"classes":[]},{"id":5176,"url":"https:\/\/oui-oui.es\/blog\/3-3-compras-absurdas-para-bebes\/","url_meta":{"origin":10901,"position":1},"title":"3 + 3 compras absurdas para beb\u00e9s","author":"Mar\u00eda \u2665Oui Oui\u2665","date":"8 marzo, 2017","format":false,"excerpt":"Cuando te quedas embarzada descubres un mundo infinito de gadgets para beb\u00e9s y ni\u00f1os...Unos muy \u00fatiles y otros una aut\u00e9ntica tonter\u00eda,a veces tambi\u00e9n pasa que a unas personas les sirven y a otras no (como el vaso antigoteo, a m\u00ed me encanta \u00e9ste pero tengo amigas que me cuentan que\u2026","rel":"","context":"En \u00abMATERNIDAD\u00bb","block_context":{"text":"MATERNIDAD","link":"https:\/\/oui-oui.es\/blog\/category\/maternidad\/"},"img":{"alt_text":"","src":"https:\/\/i0.wp.com\/oui-oui.es\/blog\/wp-content\/uploads\/2017\/03\/Oui-Oui-vaso-con-luz-antigoteo.jpg?resize=350%2C200&ssl=1","width":350,"height":200,"srcset":"https:\/\/i0.wp.com\/oui-oui.es\/blog\/wp-content\/uploads\/2017\/03\/Oui-Oui-vaso-con-luz-antigoteo.jpg?resize=350%2C200&ssl=1 1x, https:\/\/i0.wp.com\/oui-oui.es\/blog\/wp-content\/uploads\/2017\/03\/Oui-Oui-vaso-con-luz-antigoteo.jpg?resize=525%2C300&ssl=1 1.5x, https:\/\/i0.wp.com\/oui-oui.es\/blog\/wp-content\/uploads\/2017\/03\/Oui-Oui-vaso-con-luz-antigoteo.jpg?resize=700%2C400&ssl=1 2x"},"classes":[]},{"id":8737,"url":"https:\/\/oui-oui.es\/blog\/los-imprescindibles-de-trixi-kids-ropa-de-diseno-para-ninos\/","url_meta":{"origin":10901,"position":2},"title":"Los imprescindibles de Trixi Kids | Ropa de dise\u00f1o para ni\u00f1os","author":"Mar\u00eda \u2665Oui Oui\u2665","date":"21 noviembre, 2017","format":false,"excerpt":"Uno de mis prop\u00f3sitos de este oto\u00f1o era hacerles looks a los ni\u00f1os, de forma que no tuviera que pensar mucho...Estamos a 21 de noviembre y a\u00fan no los he hecho tan bien c\u00f3mo ten\u00eda en mente (con foto y todo, as\u00ed ser\u00eda f\u00e1cil para todos si les viste otra\u2026","rel":"","context":"En \u00abNI\u00d1OS Y NI\u00d1AS\u00bb","block_context":{"text":"NI\u00d1OS Y NI\u00d1AS","link":"https:\/\/oui-oui.es\/blog\/category\/ninos\/"},"img":{"alt_text":"","src":"https:\/\/i0.wp.com\/oui-oui.es\/blog\/wp-content\/uploads\/2017\/11\/Oui-Oui-frida-con-conjunto-Trixi-e1511268217585.jpg?resize=350%2C200&ssl=1","width":350,"height":200,"srcset":"https:\/\/i0.wp.com\/oui-oui.es\/blog\/wp-content\/uploads\/2017\/11\/Oui-Oui-frida-con-conjunto-Trixi-e1511268217585.jpg?resize=350%2C200&ssl=1 1x, https:\/\/i0.wp.com\/oui-oui.es\/blog\/wp-content\/uploads\/2017\/11\/Oui-Oui-frida-con-conjunto-Trixi-e1511268217585.jpg?resize=525%2C300&ssl=1 1.5x, https:\/\/i0.wp.com\/oui-oui.es\/blog\/wp-content\/uploads\/2017\/11\/Oui-Oui-frida-con-conjunto-Trixi-e1511268217585.jpg?resize=700%2C400&ssl=1 2x, https:\/\/i0.wp.com\/oui-oui.es\/blog\/wp-content\/uploads\/2017\/11\/Oui-Oui-frida-con-conjunto-Trixi-e1511268217585.jpg?resize=1050%2C600&ssl=1 3x"},"classes":[]},{"id":5462,"url":"https:\/\/oui-oui.es\/blog\/el-carrito-de-mimbre-que-estabas-buscando\/","url_meta":{"origin":10901,"position":3},"title":"El carrito de mimbre que estabas buscando!","author":"Mar\u00eda \u2665Oui Oui\u2665","date":"30 mayo, 2017","format":false,"excerpt":"Me encanta descubrir objetos para ni\u00f1os que sean especiales, que transmitan algo m\u00e1s, y cuando conoc\u00ed los carritos y las cestas de Olli Ella tuve un flechazo \u00a1los quer\u00eda para Frida y Mart\u00edn y los quer\u00eda para m\u00ed! , ya os cont\u00e9 que le regalamos a Frida por su primer\u2026","rel":"","context":"En \u00abNI\u00d1OS Y NI\u00d1AS\u00bb","block_context":{"text":"NI\u00d1OS Y NI\u00d1AS","link":"https:\/\/oui-oui.es\/blog\/category\/ninos\/"},"img":{"alt_text":"","src":"https:\/\/i0.wp.com\/oui-oui.es\/blog\/wp-content\/uploads\/2017\/05\/Oui-Oui-carrito-mimbre-cochecito-mimbre-carrito-ni%C3%B1os-mimbre-luggy-basket-NATURAL-olli-ella-carrito-compra-mimbre-natural-ni%C3%B1o-cesta-picnic.jpg?resize=350%2C200&ssl=1","width":350,"height":200,"srcset":"https:\/\/i0.wp.com\/oui-oui.es\/blog\/wp-content\/uploads\/2017\/05\/Oui-Oui-carrito-mimbre-cochecito-mimbre-carrito-ni%C3%B1os-mimbre-luggy-basket-NATURAL-olli-ella-carrito-compra-mimbre-natural-ni%C3%B1o-cesta-picnic.jpg?resize=350%2C200&ssl=1 1x, https:\/\/i0.wp.com\/oui-oui.es\/blog\/wp-content\/uploads\/2017\/05\/Oui-Oui-carrito-mimbre-cochecito-mimbre-carrito-ni%C3%B1os-mimbre-luggy-basket-NATURAL-olli-ella-carrito-compra-mimbre-natural-ni%C3%B1o-cesta-picnic.jpg?resize=525%2C300&ssl=1 1.5x, https:\/\/i0.wp.com\/oui-oui.es\/blog\/wp-content\/uploads\/2017\/05\/Oui-Oui-carrito-mimbre-cochecito-mimbre-carrito-ni%C3%B1os-mimbre-luggy-basket-NATURAL-olli-ella-carrito-compra-mimbre-natural-ni%C3%B1o-cesta-picnic.jpg?resize=700%2C400&ssl=1 2x, https:\/\/i0.wp.com\/oui-oui.es\/blog\/wp-content\/uploads\/2017\/05\/Oui-Oui-carrito-mimbre-cochecito-mimbre-carrito-ni%C3%B1os-mimbre-luggy-basket-NATURAL-olli-ella-carrito-compra-mimbre-natural-ni%C3%B1o-cesta-picnic.jpg?resize=1050%2C600&ssl=1 3x"},"classes":[]},{"id":9320,"url":"https:\/\/oui-oui.es\/blog\/los-looks-otonales-infantiles-que-me-chiflan\/","url_meta":{"origin":10901,"position":4},"title":"Los looks oto\u00f1ales infantiles que me chiflan","author":"Mar\u00eda \u2665Oui Oui\u2665","date":"26 septiembre, 2018","format":false,"excerpt":"Ya estamos oficialmente en oto\u00f1o y, aunque por el tiempo no lo parezca, lo cierto es que voy teniendo ganas de looks oto\u00f1ales, especialmente para los ni\u00f1os, se me hace raro este entre tiempo y me apetece empezar a hacerles looks. Algunas de mis marcas favoritas ya han mostrado su\u2026","rel":"","context":"En \u00abNI\u00d1OS Y NI\u00d1AS\u00bb","block_context":{"text":"NI\u00d1OS Y NI\u00d1AS","link":"https:\/\/oui-oui.es\/blog\/category\/ninos\/"},"img":{"alt_text":"","src":"https:\/\/i0.wp.com\/oui-oui.es\/blog\/wp-content\/uploads\/2018\/09\/Oui-Oui-trixi-kids-oto%C3%B1o-2018-jersey-mostaza-ni%C3%B1os-ranita-pana.jpg?resize=350%2C200&ssl=1","width":350,"height":200,"srcset":"https:\/\/i0.wp.com\/oui-oui.es\/blog\/wp-content\/uploads\/2018\/09\/Oui-Oui-trixi-kids-oto%C3%B1o-2018-jersey-mostaza-ni%C3%B1os-ranita-pana.jpg?resize=350%2C200&ssl=1 1x, https:\/\/i0.wp.com\/oui-oui.es\/blog\/wp-content\/uploads\/2018\/09\/Oui-Oui-trixi-kids-oto%C3%B1o-2018-jersey-mostaza-ni%C3%B1os-ranita-pana.jpg?resize=525%2C300&ssl=1 1.5x"},"classes":[]},{"id":9023,"url":"https:\/\/oui-oui.es\/blog\/kids-up-edicion-verano\/","url_meta":{"origin":10901,"position":5},"title":"Kids UP! Edici\u00f3n Verano","author":"Mar\u00eda \u2665Oui Oui\u2665","date":"30 abril, 2018","format":false,"excerpt":"Parece que fue ayer cuando organizamos la primera venta ef\u00edmera infantil \u00a1y ya vamos a celebrar la IV Edici\u00f3n! Supongo que, como yo, teneis ganas ya de comprar ropa de primavera y de verano \u00a1de verdad! de blusas, vestidos, pantalones cortos \u00a1y trajes de ba\u00f1o!. Como siempre, hemo seleccionado a\u2026","rel":"","context":"En \u00abNI\u00d1OS Y NI\u00d1AS\u00bb","block_context":{"text":"NI\u00d1OS Y NI\u00d1AS","link":"https:\/\/oui-oui.es\/blog\/category\/ninos\/"},"img":{"alt_text":"","src":"https:\/\/i0.wp.com\/oui-oui.es\/blog\/wp-content\/uploads\/2018\/04\/Logo-KidsUp72.png?resize=350%2C200&ssl=1","width":350,"height":200},"classes":[]}],"_links":{"self":[{"href":"https:\/\/oui-oui.es\/blog\/wp-json\/wp\/v2\/posts\/10901","targetHints":{"allow":["GET"]}}],"collection":[{"href":"https:\/\/oui-oui.es\/blog\/wp-json\/wp\/v2\/posts"}],"about":[{"href":"https:\/\/oui-oui.es\/blog\/wp-json\/wp\/v2\/types\/post"}],"author":[{"embeddable":true,"href":"https:\/\/oui-oui.es\/blog\/wp-json\/wp\/v2\/users\/1"}],"replies":[{"embeddable":true,"href":"https:\/\/oui-oui.es\/blog\/wp-json\/wp\/v2\/comments?post=10901"}],"version-history":[{"count":1,"href":"https:\/\/oui-oui.es\/blog\/wp-json\/wp\/v2\/posts\/10901\/revisions"}],"predecessor-version":[{"id":10906,"href":"https:\/\/oui-oui.es\/blog\/wp-json\/wp\/v2\/posts\/10901\/revisions\/10906"}],"wp:featuredmedia":[{"embeddable":true,"href":"https:\/\/oui-oui.es\/blog\/wp-json\/wp\/v2\/media\/10905"}],"wp:attachment":[{"href":"https:\/\/oui-oui.es\/blog\/wp-json\/wp\/v2\/media?parent=10901"}],"wp:term":[{"taxonomy":"category","embeddable":true,"href":"https:\/\/oui-oui.es\/blog\/wp-json\/wp\/v2\/categories?post=10901"},{"taxonomy":"post_tag","embeddable":true,"href":"https:\/\/oui-oui.es\/blog\/wp-json\/wp\/v2\/tags?post=10901"}],"curies":[{"name":"wp","href":"https:\/\/api.w.org\/{rel}","templated":true}]}}