{"id":10919,"date":"2025-07-29T15:56:37","date_gmt":"2025-07-29T13:56:37","guid":{"rendered":"https:\/\/oui-oui.es\/blog\/?p=10919"},"modified":"2025-07-29T15:56:40","modified_gmt":"2025-07-29T13:56:40","slug":"las-5-cosas-superfluas-pero-imprescindibles-de-este-julio","status":"publish","type":"post","link":"https:\/\/oui-oui.es\/blog\/las-5-cosas-superfluas-pero-imprescindibles-de-este-julio\/","title":{"rendered":"Las 5 cosas Superfluas pero Imprescindibles de este julio"},"content":{"rendered":"\n<h2 class=\"wp-block-heading\">Los helados Utop\u00eda de Magnum<\/h2>\n\n\n\n<figure class=\"wp-block-image size-full\"><img loading=\"lazy\" decoding=\"async\" width=\"970\" height=\"500\" src=\"https:\/\/oui-oui.es\/blog\/wp-content\/uploads\/2025\/07\/Oui-Oui-es-Superfluo-Imprescindible-Magnum-Utopia-los-mejores-helados-de-2025.webp\" alt=\"\" class=\"wp-image-10921\" srcset=\"https:\/\/oui-oui.es\/blog\/wp-content\/uploads\/2025\/07\/Oui-Oui-es-Superfluo-Imprescindible-Magnum-Utopia-los-mejores-helados-de-2025.webp 970w, https:\/\/oui-oui.es\/blog\/wp-content\/uploads\/2025\/07\/Oui-Oui-es-Superfluo-Imprescindible-Magnum-Utopia-los-mejores-helados-de-2025-300x155.webp 300w, https:\/\/oui-oui.es\/blog\/wp-content\/uploads\/2025\/07\/Oui-Oui-es-Superfluo-Imprescindible-Magnum-Utopia-los-mejores-helados-de-2025-768x396.webp 768w, https:\/\/oui-oui.es\/blog\/wp-content\/uploads\/2025\/07\/Oui-Oui-es-Superfluo-Imprescindible-Magnum-Utopia-los-mejores-helados-de-2025-600x309.webp 600w, https:\/\/oui-oui.es\/blog\/wp-content\/uploads\/2025\/07\/Oui-Oui-es-Superfluo-Imprescindible-Magnum-Utopia-los-mejores-helados-de-2025-640x330.webp 640w\" sizes=\"auto, (max-width: 970px) 100vw, 970px\" \/><\/figure>\n\n\n\n<p>Me cuesta elegir entre el <strong><a href=\"https:\/\/amzn.to\/46XsiEj\" target=\"_blank\" rel=\"noopener\" title=\"\">Doble Cherry<\/a><\/strong> y el el <strong><a href=\"https:\/\/amzn.to\/458xRxq\" target=\"_blank\" rel=\"noopener\" title=\"\">Doble Hazelnut<\/a><\/strong> , ambos con una <strong>combinaci\u00f3n de sabores, texturas y matices incre\u00edble<\/strong>, el primero m\u00e1s \u00e1cido (pero con un toque de cereza amarga impresionante que recuerda un poco a una piruleta fiesta pero con toques silvestres) y el segundo m\u00e1s dulce con una capa de crema de avellanas salada impresionante!<\/p>\n\n\n\n<h2 class=\"wp-block-heading\">Una cesta para llevar el helado a la mesa <\/h2>\n\n\n\n<figure class=\"wp-block-image size-full\"><img loading=\"lazy\" decoding=\"async\" width=\"430\" height=\"430\" src=\"https:\/\/oui-oui.es\/blog\/wp-content\/uploads\/2025\/07\/Oui-Oui-es-Superfluo-Imprescindible-Cesta-para-bote-helado-en-la-mesa-almacen-de-la-loza.jpg\" alt=\"\" class=\"wp-image-10922\" srcset=\"https:\/\/oui-oui.es\/blog\/wp-content\/uploads\/2025\/07\/Oui-Oui-es-Superfluo-Imprescindible-Cesta-para-bote-helado-en-la-mesa-almacen-de-la-loza.jpg 430w, https:\/\/oui-oui.es\/blog\/wp-content\/uploads\/2025\/07\/Oui-Oui-es-Superfluo-Imprescindible-Cesta-para-bote-helado-en-la-mesa-almacen-de-la-loza-300x300.jpg 300w, https:\/\/oui-oui.es\/blog\/wp-content\/uploads\/2025\/07\/Oui-Oui-es-Superfluo-Imprescindible-Cesta-para-bote-helado-en-la-mesa-almacen-de-la-loza-150x150.jpg 150w\" sizes=\"auto, (max-width: 430px) 100vw, 430px\" \/><\/figure>\n\n\n\n<p>Se acab\u00f3 servir el helado directamente del bote en las barbacoas, ahora puedes llevarlo a la mesa en esta cestita tan mona de <strong><a href=\"https:\/\/elalmacendeloza.com\/\" target=\"_blank\" rel=\"noopener\" title=\"\">El Almac\u00e9n de la Loza<\/a><\/strong><\/p>\n\n\n\n<h2 class=\"wp-block-heading\">La nueva botella de Fontbella<\/h2>\n\n\n\n<figure class=\"wp-block-image size-large\"><img loading=\"lazy\" decoding=\"async\" width=\"1024\" height=\"576\" src=\"https:\/\/oui-oui.es\/blog\/wp-content\/uploads\/2025\/07\/Oui-Oui-es-Superfluo-Imprescindible-Botella-aniversario-Fontbella-simula-cristal-1024x576.webp\" alt=\"\" class=\"wp-image-10924\" srcset=\"https:\/\/oui-oui.es\/blog\/wp-content\/uploads\/2025\/07\/Oui-Oui-es-Superfluo-Imprescindible-Botella-aniversario-Fontbella-simula-cristal-1024x576.webp 1024w, https:\/\/oui-oui.es\/blog\/wp-content\/uploads\/2025\/07\/Oui-Oui-es-Superfluo-Imprescindible-Botella-aniversario-Fontbella-simula-cristal-300x169.webp 300w, https:\/\/oui-oui.es\/blog\/wp-content\/uploads\/2025\/07\/Oui-Oui-es-Superfluo-Imprescindible-Botella-aniversario-Fontbella-simula-cristal-768x432.webp 768w, https:\/\/oui-oui.es\/blog\/wp-content\/uploads\/2025\/07\/Oui-Oui-es-Superfluo-Imprescindible-Botella-aniversario-Fontbella-simula-cristal-600x338.webp 600w, https:\/\/oui-oui.es\/blog\/wp-content\/uploads\/2025\/07\/Oui-Oui-es-Superfluo-Imprescindible-Botella-aniversario-Fontbella-simula-cristal-500x280.webp 500w, https:\/\/oui-oui.es\/blog\/wp-content\/uploads\/2025\/07\/Oui-Oui-es-Superfluo-Imprescindible-Botella-aniversario-Fontbella-simula-cristal-640x360.webp 640w, https:\/\/oui-oui.es\/blog\/wp-content\/uploads\/2025\/07\/Oui-Oui-es-Superfluo-Imprescindible-Botella-aniversario-Fontbella-simula-cristal.webp 1200w\" sizes=\"auto, (max-width: 1024px) 100vw, 1024px\" \/><\/figure>\n\n\n\n<p>Simulando una botella de cristal, la nueva botella de agua de Fontbella fabricada en pl\u00e1stico pero con un dise\u00f1o mucho m\u00e1s bonito que el habitual. Resulta que el nuevo dise\u00f1o se debe a la conmemoraci\u00f3n de los 150 a\u00f1os de historia de la marca. Buscando la foto para este post he encontrado que, en la exposici\u00f3n que realizaron para celebrar el aniversario, tambi\u00e9n contaron con reconocidos artistas para que plasmaran en su obra una botella de la marca.<\/p>\n\n\n\n<figure class=\"wp-block-gallery has-nested-images columns-default is-cropped wp-block-gallery-1 is-layout-flex wp-block-gallery-is-layout-flex\">\n<figure class=\"wp-block-image size-large\"><img loading=\"lazy\" decoding=\"async\" width=\"1024\" height=\"576\" data-id=\"10925\" src=\"https:\/\/oui-oui.es\/blog\/wp-content\/uploads\/2025\/07\/FONT-VELLA-ilustraciones-2-1024x576.webp\" alt=\"\" class=\"wp-image-10925\" srcset=\"https:\/\/oui-oui.es\/blog\/wp-content\/uploads\/2025\/07\/FONT-VELLA-ilustraciones-2-1024x576.webp 1024w, https:\/\/oui-oui.es\/blog\/wp-content\/uploads\/2025\/07\/FONT-VELLA-ilustraciones-2-300x169.webp 300w, https:\/\/oui-oui.es\/blog\/wp-content\/uploads\/2025\/07\/FONT-VELLA-ilustraciones-2-768x432.webp 768w, https:\/\/oui-oui.es\/blog\/wp-content\/uploads\/2025\/07\/FONT-VELLA-ilustraciones-2-600x338.webp 600w, https:\/\/oui-oui.es\/blog\/wp-content\/uploads\/2025\/07\/FONT-VELLA-ilustraciones-2-500x280.webp 500w, https:\/\/oui-oui.es\/blog\/wp-content\/uploads\/2025\/07\/FONT-VELLA-ilustraciones-2-640x360.webp 640w, https:\/\/oui-oui.es\/blog\/wp-content\/uploads\/2025\/07\/FONT-VELLA-ilustraciones-2.webp 1200w\" sizes=\"auto, (max-width: 1024px) 100vw, 1024px\" \/><\/figure>\n\n\n\n<figure class=\"wp-block-image size-large\"><img loading=\"lazy\" decoding=\"async\" width=\"1024\" height=\"576\" data-id=\"10926\" src=\"https:\/\/oui-oui.es\/blog\/wp-content\/uploads\/2025\/07\/FONT-VELLA-ilustraciones-3-1024x576.webp\" alt=\"\" class=\"wp-image-10926\" srcset=\"https:\/\/oui-oui.es\/blog\/wp-content\/uploads\/2025\/07\/FONT-VELLA-ilustraciones-3-1024x576.webp 1024w, https:\/\/oui-oui.es\/blog\/wp-content\/uploads\/2025\/07\/FONT-VELLA-ilustraciones-3-300x169.webp 300w, https:\/\/oui-oui.es\/blog\/wp-content\/uploads\/2025\/07\/FONT-VELLA-ilustraciones-3-768x432.webp 768w, https:\/\/oui-oui.es\/blog\/wp-content\/uploads\/2025\/07\/FONT-VELLA-ilustraciones-3-600x338.webp 600w, https:\/\/oui-oui.es\/blog\/wp-content\/uploads\/2025\/07\/FONT-VELLA-ilustraciones-3-500x280.webp 500w, https:\/\/oui-oui.es\/blog\/wp-content\/uploads\/2025\/07\/FONT-VELLA-ilustraciones-3-640x360.webp 640w, https:\/\/oui-oui.es\/blog\/wp-content\/uploads\/2025\/07\/FONT-VELLA-ilustraciones-3.webp 1200w\" sizes=\"auto, (max-width: 1024px) 100vw, 1024px\" \/><\/figure>\n\n\n\n<figure class=\"wp-block-image size-large\"><img loading=\"lazy\" decoding=\"async\" width=\"1024\" height=\"576\" data-id=\"10927\" src=\"https:\/\/oui-oui.es\/blog\/wp-content\/uploads\/2025\/07\/FONT-VELLA-ilustraciones-5-1024x576.webp\" alt=\"\" class=\"wp-image-10927\" srcset=\"https:\/\/oui-oui.es\/blog\/wp-content\/uploads\/2025\/07\/FONT-VELLA-ilustraciones-5-1024x576.webp 1024w, https:\/\/oui-oui.es\/blog\/wp-content\/uploads\/2025\/07\/FONT-VELLA-ilustraciones-5-300x169.webp 300w, https:\/\/oui-oui.es\/blog\/wp-content\/uploads\/2025\/07\/FONT-VELLA-ilustraciones-5-768x432.webp 768w, https:\/\/oui-oui.es\/blog\/wp-content\/uploads\/2025\/07\/FONT-VELLA-ilustraciones-5-600x338.webp 600w, https:\/\/oui-oui.es\/blog\/wp-content\/uploads\/2025\/07\/FONT-VELLA-ilustraciones-5-500x280.webp 500w, https:\/\/oui-oui.es\/blog\/wp-content\/uploads\/2025\/07\/FONT-VELLA-ilustraciones-5-640x360.webp 640w, https:\/\/oui-oui.es\/blog\/wp-content\/uploads\/2025\/07\/FONT-VELLA-ilustraciones-5.webp 1200w\" sizes=\"auto, (max-width: 1024px) 100vw, 1024px\" \/><\/figure>\n<\/figure>\n\n\n\n<h2 class=\"wp-block-heading\">Los collares de Esdein\u00e9s<\/h2>\n\n\n\n<figure class=\"wp-block-image size-large\"><img loading=\"lazy\" decoding=\"async\" width=\"768\" height=\"1024\" src=\"https:\/\/oui-oui.es\/blog\/wp-content\/uploads\/2025\/07\/Oui-Oui-es-Superfluo-Imprescindible-collar-gilda-Esdeines-768x1024.webp\" alt=\"\" class=\"wp-image-10929\" srcset=\"https:\/\/oui-oui.es\/blog\/wp-content\/uploads\/2025\/07\/Oui-Oui-es-Superfluo-Imprescindible-collar-gilda-Esdeines-768x1024.webp 768w, https:\/\/oui-oui.es\/blog\/wp-content\/uploads\/2025\/07\/Oui-Oui-es-Superfluo-Imprescindible-collar-gilda-Esdeines-225x300.webp 225w, https:\/\/oui-oui.es\/blog\/wp-content\/uploads\/2025\/07\/Oui-Oui-es-Superfluo-Imprescindible-collar-gilda-Esdeines-600x800.webp 600w, https:\/\/oui-oui.es\/blog\/wp-content\/uploads\/2025\/07\/Oui-Oui-es-Superfluo-Imprescindible-collar-gilda-Esdeines-1152x1536.webp 1152w, https:\/\/oui-oui.es\/blog\/wp-content\/uploads\/2025\/07\/Oui-Oui-es-Superfluo-Imprescindible-collar-gilda-Esdeines-1536x2048.webp 1536w, https:\/\/oui-oui.es\/blog\/wp-content\/uploads\/2025\/07\/Oui-Oui-es-Superfluo-Imprescindible-collar-gilda-Esdeines-640x853.webp 640w, https:\/\/oui-oui.es\/blog\/wp-content\/uploads\/2025\/07\/Oui-Oui-es-Superfluo-Imprescindible-collar-gilda-Esdeines-scaled.webp 1920w\" sizes=\"auto, (max-width: 768px) 100vw, 768px\" \/><\/figure>\n\n\n\n<p>Especialmente el de <strong>Gilda<\/strong>, pero tambi\u00e9n me encanta el de sardinas, el flechazo fue con el de gamba pero \u00e9se ya es m\u00edo \ud83d\ude09<\/p>\n\n\n\n<figure class=\"wp-block-gallery has-nested-images columns-default is-cropped wp-block-gallery-2 is-layout-flex wp-block-gallery-is-layout-flex\">\n<figure class=\"wp-block-image size-large\"><img loading=\"lazy\" decoding=\"async\" width=\"768\" height=\"1024\" data-id=\"10930\" src=\"https:\/\/oui-oui.es\/blog\/wp-content\/uploads\/2025\/07\/Oui-Oui-es-Superfluo-Imprescindible-collar-gamba-con-perlas-Esdeines-768x1024.webp\" alt=\"\" class=\"wp-image-10930\" srcset=\"https:\/\/oui-oui.es\/blog\/wp-content\/uploads\/2025\/07\/Oui-Oui-es-Superfluo-Imprescindible-collar-gamba-con-perlas-Esdeines-768x1024.webp 768w, https:\/\/oui-oui.es\/blog\/wp-content\/uploads\/2025\/07\/Oui-Oui-es-Superfluo-Imprescindible-collar-gamba-con-perlas-Esdeines-225x300.webp 225w, https:\/\/oui-oui.es\/blog\/wp-content\/uploads\/2025\/07\/Oui-Oui-es-Superfluo-Imprescindible-collar-gamba-con-perlas-Esdeines-600x800.webp 600w, https:\/\/oui-oui.es\/blog\/wp-content\/uploads\/2025\/07\/Oui-Oui-es-Superfluo-Imprescindible-collar-gamba-con-perlas-Esdeines-1152x1536.webp 1152w, https:\/\/oui-oui.es\/blog\/wp-content\/uploads\/2025\/07\/Oui-Oui-es-Superfluo-Imprescindible-collar-gamba-con-perlas-Esdeines-1536x2048.webp 1536w, https:\/\/oui-oui.es\/blog\/wp-content\/uploads\/2025\/07\/Oui-Oui-es-Superfluo-Imprescindible-collar-gamba-con-perlas-Esdeines-640x853.webp 640w, https:\/\/oui-oui.es\/blog\/wp-content\/uploads\/2025\/07\/Oui-Oui-es-Superfluo-Imprescindible-collar-gamba-con-perlas-Esdeines.webp 1920w\" sizes=\"auto, (max-width: 768px) 100vw, 768px\" \/><\/figure>\n\n\n\n<figure class=\"wp-block-image size-large\"><img loading=\"lazy\" decoding=\"async\" width=\"768\" height=\"1024\" data-id=\"10931\" src=\"https:\/\/oui-oui.es\/blog\/wp-content\/uploads\/2025\/07\/Oui-Oui-es-Superfluo-Imprescindible-collar-sardinas-Esdeines-1-768x1024.webp\" alt=\"\" class=\"wp-image-10931\" srcset=\"https:\/\/oui-oui.es\/blog\/wp-content\/uploads\/2025\/07\/Oui-Oui-es-Superfluo-Imprescindible-collar-sardinas-Esdeines-1-768x1024.webp 768w, https:\/\/oui-oui.es\/blog\/wp-content\/uploads\/2025\/07\/Oui-Oui-es-Superfluo-Imprescindible-collar-sardinas-Esdeines-1-225x300.webp 225w, https:\/\/oui-oui.es\/blog\/wp-content\/uploads\/2025\/07\/Oui-Oui-es-Superfluo-Imprescindible-collar-sardinas-Esdeines-1-600x800.webp 600w, https:\/\/oui-oui.es\/blog\/wp-content\/uploads\/2025\/07\/Oui-Oui-es-Superfluo-Imprescindible-collar-sardinas-Esdeines-1-1152x1536.webp 1152w, https:\/\/oui-oui.es\/blog\/wp-content\/uploads\/2025\/07\/Oui-Oui-es-Superfluo-Imprescindible-collar-sardinas-Esdeines-1-1536x2048.webp 1536w, https:\/\/oui-oui.es\/blog\/wp-content\/uploads\/2025\/07\/Oui-Oui-es-Superfluo-Imprescindible-collar-sardinas-Esdeines-1-640x853.webp 640w, https:\/\/oui-oui.es\/blog\/wp-content\/uploads\/2025\/07\/Oui-Oui-es-Superfluo-Imprescindible-collar-sardinas-Esdeines-1.webp 1920w\" sizes=\"auto, (max-width: 768px) 100vw, 768px\" \/><\/figure>\n<\/figure>\n\n\n\n<h2 class=\"wp-block-heading\">El vestido lencero amarillo de Zara que se viraliz\u00f3<\/h2>\n\n\n\n<figure class=\"wp-block-image size-large\"><img loading=\"lazy\" decoding=\"async\" width=\"821\" height=\"1024\" src=\"https:\/\/oui-oui.es\/blog\/wp-content\/uploads\/2025\/07\/Oui-Oui-es-Superfluo-Imprescindible-vestido-lencero-amarillo-Zara-viral-Vinted-821x1024.jpg\" alt=\"\" class=\"wp-image-10932\" srcset=\"https:\/\/oui-oui.es\/blog\/wp-content\/uploads\/2025\/07\/Oui-Oui-es-Superfluo-Imprescindible-vestido-lencero-amarillo-Zara-viral-Vinted-821x1024.jpg 821w, https:\/\/oui-oui.es\/blog\/wp-content\/uploads\/2025\/07\/Oui-Oui-es-Superfluo-Imprescindible-vestido-lencero-amarillo-Zara-viral-Vinted-241x300.jpg 241w, https:\/\/oui-oui.es\/blog\/wp-content\/uploads\/2025\/07\/Oui-Oui-es-Superfluo-Imprescindible-vestido-lencero-amarillo-Zara-viral-Vinted-768x958.jpg 768w, https:\/\/oui-oui.es\/blog\/wp-content\/uploads\/2025\/07\/Oui-Oui-es-Superfluo-Imprescindible-vestido-lencero-amarillo-Zara-viral-Vinted-600x748.jpg 600w, https:\/\/oui-oui.es\/blog\/wp-content\/uploads\/2025\/07\/Oui-Oui-es-Superfluo-Imprescindible-vestido-lencero-amarillo-Zara-viral-Vinted-1232x1536.jpg 1232w, https:\/\/oui-oui.es\/blog\/wp-content\/uploads\/2025\/07\/Oui-Oui-es-Superfluo-Imprescindible-vestido-lencero-amarillo-Zara-viral-Vinted-640x798.jpg 640w, https:\/\/oui-oui.es\/blog\/wp-content\/uploads\/2025\/07\/Oui-Oui-es-Superfluo-Imprescindible-vestido-lencero-amarillo-Zara-viral-Vinted.jpg 1284w\" sizes=\"auto, (max-width: 821px) 100vw, 821px\" \/><\/figure>\n\n\n\n<p>El tema fue as\u00ed; yo le vi a una chica por la calle un <strong>vestido lencero amarillo<\/strong> que me chifl\u00f3, le pregunt\u00e9 de d\u00f3nde era y me dijo que de Zara, al ir a su web estaba de rebajas pero agotad\u00edsimo; pregunt\u00e9 en tienda y nada&#8230;As\u00ed que lo puse en Stories de <strong>mi cuenta de Instagram<\/strong> y, de repente, decenas de mensajes inform\u00e1ndome de todo tipo de cosas pero, en su mayor\u00eda, dici\u00e9ndome que estaba en Vinted (app en la que no estaba dada de alta pero que corr\u00ed a hacerlo) y al ir all\u00ed \u00a1voila! hac\u00eda decenas de vestidos con la etiqueta puesta, que se vend\u00edan casi al precio original del vestido (60\u20ac),\u00bfde verdad tantas personas han comprado un vestido que tiene etiqueta y no pueden devolverlo?, \u00bfno ser\u00e1 que lo compraron en rebajas sabiendo que iba a estar muy demandado?, supongo que igual hab\u00eda salido en varios blogs de moda y yo no lo sab\u00eda&#8230;En cualquier caso, yo lo consegu\u00ed por 20\u20ac gracias a la comunidad tan fant\u00e1stica que tengo y que se preocuparon de mirar en Zaras de toda Espa\u00f1a, en especial a una seguidora que me avis\u00f3 corriendo cuando lo vi\u00f3 en La Moraleja  \u00a1millones de gracias!<\/p>\n\n\n\n<h2 class=\"wp-block-heading\">Un extra; jugar con los Coco Crash de toda la vida<\/h2>\n\n\n\n<figure class=\"wp-block-image size-large\"><img loading=\"lazy\" decoding=\"async\" width=\"1024\" height=\"1024\" src=\"https:\/\/oui-oui.es\/blog\/wp-content\/uploads\/2025\/07\/Oui-Oui-Educar-sin-Pantallas-Coco-Crash-Evaland-Juegos-sin-pantallas-2-1024x1024.jpg\" alt=\"\" class=\"wp-image-10934\" srcset=\"https:\/\/oui-oui.es\/blog\/wp-content\/uploads\/2025\/07\/Oui-Oui-Educar-sin-Pantallas-Coco-Crash-Evaland-Juegos-sin-pantallas-2-1024x1024.jpg 1024w, https:\/\/oui-oui.es\/blog\/wp-content\/uploads\/2025\/07\/Oui-Oui-Educar-sin-Pantallas-Coco-Crash-Evaland-Juegos-sin-pantallas-2-300x300.jpg 300w, https:\/\/oui-oui.es\/blog\/wp-content\/uploads\/2025\/07\/Oui-Oui-Educar-sin-Pantallas-Coco-Crash-Evaland-Juegos-sin-pantallas-2-150x150.jpg 150w, https:\/\/oui-oui.es\/blog\/wp-content\/uploads\/2025\/07\/Oui-Oui-Educar-sin-Pantallas-Coco-Crash-Evaland-Juegos-sin-pantallas-2-768x768.jpg 768w, https:\/\/oui-oui.es\/blog\/wp-content\/uploads\/2025\/07\/Oui-Oui-Educar-sin-Pantallas-Coco-Crash-Evaland-Juegos-sin-pantallas-2-600x600.jpg 600w, https:\/\/oui-oui.es\/blog\/wp-content\/uploads\/2025\/07\/Oui-Oui-Educar-sin-Pantallas-Coco-Crash-Evaland-Juegos-sin-pantallas-2-1536x1536.jpg 1536w, https:\/\/oui-oui.es\/blog\/wp-content\/uploads\/2025\/07\/Oui-Oui-Educar-sin-Pantallas-Coco-Crash-Evaland-Juegos-sin-pantallas-2-2048x2048.jpg 2048w, https:\/\/oui-oui.es\/blog\/wp-content\/uploads\/2025\/07\/Oui-Oui-Educar-sin-Pantallas-Coco-Crash-Evaland-Juegos-sin-pantallas-2-640x640.jpg 640w\" sizes=\"auto, (max-width: 1024px) 100vw, 1024px\" \/><\/figure>\n\n\n\n<p>No pesan, entretienen <a href=\"https:\/\/oui-oui.es\/117-regalar-sin-pantallas\" target=\"_blank\" rel=\"noopener\" title=\"\"><strong>sin pantallas<\/strong><\/a> y sirven para todas las edades a partir de 6 a\u00f1os&#8230;En <strong><a href=\"https:\/\/oui-oui.es\/\" target=\"_blank\" rel=\"noopener\" title=\"\">Oui Oui<\/a><\/strong> hemos recuperado los m\u00edticos <strong><a href=\"https:\/\/oui-oui.es\/regalar-sin-pantallas\/1705-pack-coco-crash-todos-los-niveles.html\" target=\"_blank\" rel=\"noopener\" title=\"\">Coco Crash<\/a><\/strong> y est\u00e1n siendo un \u00e9xito!<\/p>\n\n\n\n<p>________________________________________________________________________________________________________________<\/p>\n\n\n\n<p>Y, hasta aqu\u00ed, la nueva secci\u00f3n \u00ab5 cosas Superfluas pero Imprescindibles del mes\u00bb que espero poder mantener en el tiempo porque me reconcilia con mis inicios en el blog \u00a1Espero que os guste!<\/p>\n","protected":false},"excerpt":{"rendered":"<p>Los helados Utop\u00eda de Magnum Me cuesta elegir entre el Doble Cherry y el el Doble Hazelnut , ambos con una combinaci\u00f3n de sabores, texturas y matices incre\u00edble, el primero m\u00e1s \u00e1cido (pero con un toque de cereza amarga impresionante que recuerda un poco a una piruleta fiesta pero con toques silvestres) y el segundo [&hellip;]<\/p>\n","protected":false},"author":1,"featured_media":10921,"comment_status":"open","ping_status":"open","sticky":false,"template":"","format":"standard","meta":{"jetpack_post_was_ever_published":false,"_jetpack_newsletter_access":"","_jetpack_dont_email_post_to_subs":false,"_jetpack_newsletter_tier_id":0,"_jetpack_memberships_contains_paywalled_content":false,"_jetpack_memberships_contains_paid_content":false,"footnotes":"","jetpack_publicize_message":"","jetpack_publicize_feature_enabled":true,"jetpack_social_post_already_shared":true,"jetpack_social_options":{"image_generator_settings":{"template":"highway","default_image_id":0,"font":"","enabled":false},"version":2}},"categories":[1],"tags":[],"class_list":["post-10919","post","type-post","status-publish","format-standard","has-post-thumbnail","hentry","category-sin-categoria"],"aioseo_notices":[],"jetpack_publicize_connections":[],"jetpack_featured_media_url":"https:\/\/oui-oui.es\/blog\/wp-content\/uploads\/2025\/07\/Oui-Oui-es-Superfluo-Imprescindible-Magnum-Utopia-los-mejores-helados-de-2025.webp","jetpack_sharing_enabled":true,"jetpack-related-posts":[{"id":824,"url":"https:\/\/oui-oui.es\/blog\/los-capazos-del-verano\/","url_meta":{"origin":10919,"position":0},"title":"Los capazos del verano","author":"Mar\u00eda \u2665Oui Oui\u2665","date":"23 junio, 2013","format":false,"excerpt":"Por fin ha llegado el calorcito de verdad!! Y para celebrarlo, tambi\u00e9n han llegado a Oui Oui m\u00e1s cestas y capazos para la playa, decorados con preciosos colores y dibujos. Para la playa los modelos m\u00e1s c\u00f3modos son el mediano (para una persona sola) y el grande (si vas en\u2026","rel":"","context":"En \u00abESTILO DE VIDA\u00bb","block_context":{"text":"ESTILO DE VIDA","link":"https:\/\/oui-oui.es\/blog\/category\/lifestyle-2\/"},"img":{"alt_text":"","src":"https:\/\/i0.wp.com\/oui-oui.es\/blog\/wp-content\/uploads\/cesta-playa.jpg?resize=350%2C200&ssl=1","width":350,"height":200,"srcset":"https:\/\/i0.wp.com\/oui-oui.es\/blog\/wp-content\/uploads\/cesta-playa.jpg?resize=350%2C200&ssl=1 1x, https:\/\/i0.wp.com\/oui-oui.es\/blog\/wp-content\/uploads\/cesta-playa.jpg?resize=525%2C300&ssl=1 1.5x, https:\/\/i0.wp.com\/oui-oui.es\/blog\/wp-content\/uploads\/cesta-playa.jpg?resize=700%2C400&ssl=1 2x, https:\/\/i0.wp.com\/oui-oui.es\/blog\/wp-content\/uploads\/cesta-playa.jpg?resize=1050%2C600&ssl=1 3x, https:\/\/i0.wp.com\/oui-oui.es\/blog\/wp-content\/uploads\/cesta-playa.jpg?resize=1400%2C800&ssl=1 4x"},"classes":[]},{"id":871,"url":"https:\/\/oui-oui.es\/blog\/con-ganas-de-una-fiesta-en-el-jardin\/","url_meta":{"origin":10919,"position":1},"title":"Con ganas de una fiesta en el jard\u00edn","author":"Mar\u00eda \u2665Oui Oui\u2665","date":"26 junio, 2013","format":false,"excerpt":"Parece que me paso el d\u00eda postponiendo cosas; la semana que viene que estar\u00e9 m\u00e1s libre, despu\u00e9s de mediados de Junio que ya no hay tanto l\u00edo, en Julio que estar\u00e9 en la Sierra...Y ahora resulta que ya digo; a ver si estoy tranquila unos d\u00edas en agosto y organizo\u2026","rel":"","context":"En \u00abFIESTAS y CELEBRACIONES\u00bb","block_context":{"text":"FIESTAS y CELEBRACIONES","link":"https:\/\/oui-oui.es\/blog\/category\/fiestas-celebraciones\/"},"img":{"alt_text":"","src":"https:\/\/i0.wp.com\/oui-oui.es\/blog\/wp-content\/uploads\/oui-oui-decoracion-cena-al-aire-libre.jpg?resize=350%2C200&ssl=1","width":350,"height":200},"classes":[]},{"id":9586,"url":"https:\/\/oui-oui.es\/blog\/biri-murias-un-regalo-para-la-piel-en-asturias\/","url_meta":{"origin":10919,"position":2},"title":"Biri Murias, un regalo para la piel en Asturias","author":"Mar\u00eda \u2665Oui Oui\u2665","date":"2 febrero, 2019","format":false,"excerpt":"Ten\u00eda este post pendiente desde la vuelta de verano porque quer\u00eda contaros mi experiencia en el Centro de Est\u00e9tica Biri Murias en Gij\u00f3n. Me gusta cuidarme pero, sobretodo, valoro mucho las experiencias de cuidado y relax y este verano me acerqu\u00e9 a conocer su nuevo espacio en la calle de\u2026","rel":"","context":"En \u00abA una futura novia\u00bb","block_context":{"text":"A una futura novia","link":"https:\/\/oui-oui.es\/blog\/category\/no-se-que-regalar\/a-una-futura-novia\/"},"img":{"alt_text":"","src":"https:\/\/i0.wp.com\/oui-oui.es\/blog\/wp-content\/uploads\/2019\/02\/Biri-Murias-Advanced-Beauty-Site3.jpg?resize=350%2C200&ssl=1","width":350,"height":200,"srcset":"https:\/\/i0.wp.com\/oui-oui.es\/blog\/wp-content\/uploads\/2019\/02\/Biri-Murias-Advanced-Beauty-Site3.jpg?resize=350%2C200&ssl=1 1x, https:\/\/i0.wp.com\/oui-oui.es\/blog\/wp-content\/uploads\/2019\/02\/Biri-Murias-Advanced-Beauty-Site3.jpg?resize=525%2C300&ssl=1 1.5x, https:\/\/i0.wp.com\/oui-oui.es\/blog\/wp-content\/uploads\/2019\/02\/Biri-Murias-Advanced-Beauty-Site3.jpg?resize=700%2C400&ssl=1 2x, https:\/\/i0.wp.com\/oui-oui.es\/blog\/wp-content\/uploads\/2019\/02\/Biri-Murias-Advanced-Beauty-Site3.jpg?resize=1050%2C600&ssl=1 3x, https:\/\/i0.wp.com\/oui-oui.es\/blog\/wp-content\/uploads\/2019\/02\/Biri-Murias-Advanced-Beauty-Site3.jpg?resize=1400%2C800&ssl=1 4x"},"classes":[]},{"id":3368,"url":"https:\/\/oui-oui.es\/blog\/novedades-deco-nos-vemos-en-1001-atmosphera\/","url_meta":{"origin":10919,"position":3},"title":"Novedades deco&#8230;Nos vemos en 1001 Atmosphera!","author":"Mar\u00eda \u2665Oui Oui\u2665","date":"21 septiembre, 2015","format":false,"excerpt":"Nada me gusta m\u00e1s cuando se acerca el oto\u00f1o que redecorar algunos rincones de casa, pensando en esos momentos de sof\u00e1, mantita y peli (que cada vez cuesta m\u00e1s encontrar un momento para ellos, pero que cuando lo tenemos disfrutamos el doble) y aprovechando que estaremos un poquito m\u00e1s en\u2026","rel":"","context":"En \u00abDECORACI\u00d3N\u00bb","block_context":{"text":"DECORACI\u00d3N","link":"https:\/\/oui-oui.es\/blog\/category\/decoracion-de-casa\/"},"img":{"alt_text":"","src":"https:\/\/i0.wp.com\/oui-oui.es\/blog\/wp-content\/uploads\/2015\/09\/Oui-Oui-Se%C3%B1ales-Luminosas.jpg?resize=350%2C200&ssl=1","width":350,"height":200,"srcset":"https:\/\/i0.wp.com\/oui-oui.es\/blog\/wp-content\/uploads\/2015\/09\/Oui-Oui-Se%C3%B1ales-Luminosas.jpg?resize=350%2C200&ssl=1 1x, https:\/\/i0.wp.com\/oui-oui.es\/blog\/wp-content\/uploads\/2015\/09\/Oui-Oui-Se%C3%B1ales-Luminosas.jpg?resize=525%2C300&ssl=1 1.5x"},"classes":[]},{"id":666,"url":"https:\/\/oui-oui.es\/blog\/oui-oui-en-los-zankyou-international-wedding-awards-2013\/","url_meta":{"origin":10919,"position":4},"title":"Oui Oui en los Zankyou International Wedding Awards 2013!!","author":"Mar\u00eda \u2665Oui Oui\u2665","date":"25 abril, 2013","format":false,"excerpt":"Ayer me escribieron desde Zankyou Bodas para darme la s\u00faper buena noticia de que Oui Oui hab\u00eda sido seleccionado como uno de los 99 blogs de bodas m\u00e1s originales del mundo!!!...Elegidos por las 18 editoras en los pa\u00edses que Zankyou tiene presencia, en Espa\u00f1a hemos sido \"galardonados\" 12 blogs, as\u00ed\u2026","rel":"","context":"En \u00abOUI OUI\u00bb","block_context":{"text":"OUI OUI","link":"https:\/\/oui-oui.es\/blog\/category\/oui-oui\/"},"img":{"alt_text":"Oui Oui-ganador 99 mejores blog del mundo-zank you","src":"https:\/\/ouiouiblog.files.wordpress.com\/2013\/04\/oui-oui-ganador-99-mejores-blog-del-mundo-zank-you.png?w=350&h=200&crop=1","width":350,"height":200},"classes":[]},{"id":5247,"url":"https:\/\/oui-oui.es\/blog\/5247-2\/","url_meta":{"origin":10919,"position":5},"title":"Somos Equipo y, por tanto, corresponsables","author":"Mar\u00eda \u2665Oui Oui\u2665","date":"29 marzo, 2017","format":false,"excerpt":"\u00a0 Llevo queriendo escribir este post desde el mismo d\u00eda que acud\u00ed a la presentaci\u00f3n del II Estudio de la Asociaci\u00f3n Yo No Renuncio, creada por el Club de las Malas Madres. El estudio \"Somos Equipo\" recog\u00eda los resultados de la macro encuesta que hab\u00edan realizado unos meses antes en\u2026","rel":"","context":"En \u00abMATERNIDAD\u00bb","block_context":{"text":"MATERNIDAD","link":"https:\/\/oui-oui.es\/blog\/category\/maternidad\/"},"img":{"alt_text":"","src":"https:\/\/i0.wp.com\/oui-oui.es\/blog\/wp-content\/uploads\/2017\/03\/Oui-Oui-Yo-no-renuncio-responsable-tareas-domesticas-aportacion-al-hogar.jpg?resize=350%2C200&ssl=1","width":350,"height":200,"srcset":"https:\/\/i0.wp.com\/oui-oui.es\/blog\/wp-content\/uploads\/2017\/03\/Oui-Oui-Yo-no-renuncio-responsable-tareas-domesticas-aportacion-al-hogar.jpg?resize=350%2C200&ssl=1 1x, https:\/\/i0.wp.com\/oui-oui.es\/blog\/wp-content\/uploads\/2017\/03\/Oui-Oui-Yo-no-renuncio-responsable-tareas-domesticas-aportacion-al-hogar.jpg?resize=525%2C300&ssl=1 1.5x, https:\/\/i0.wp.com\/oui-oui.es\/blog\/wp-content\/uploads\/2017\/03\/Oui-Oui-Yo-no-renuncio-responsable-tareas-domesticas-aportacion-al-hogar.jpg?resize=700%2C400&ssl=1 2x"},"classes":[]}],"_links":{"self":[{"href":"https:\/\/oui-oui.es\/blog\/wp-json\/wp\/v2\/posts\/10919","targetHints":{"allow":["GET"]}}],"collection":[{"href":"https:\/\/oui-oui.es\/blog\/wp-json\/wp\/v2\/posts"}],"about":[{"href":"https:\/\/oui-oui.es\/blog\/wp-json\/wp\/v2\/types\/post"}],"author":[{"embeddable":true,"href":"https:\/\/oui-oui.es\/blog\/wp-json\/wp\/v2\/users\/1"}],"replies":[{"embeddable":true,"href":"https:\/\/oui-oui.es\/blog\/wp-json\/wp\/v2\/comments?post=10919"}],"version-history":[{"count":4,"href":"https:\/\/oui-oui.es\/blog\/wp-json\/wp\/v2\/posts\/10919\/revisions"}],"predecessor-version":[{"id":10935,"href":"https:\/\/oui-oui.es\/blog\/wp-json\/wp\/v2\/posts\/10919\/revisions\/10935"}],"wp:featuredmedia":[{"embeddable":true,"href":"https:\/\/oui-oui.es\/blog\/wp-json\/wp\/v2\/media\/10921"}],"wp:attachment":[{"href":"https:\/\/oui-oui.es\/blog\/wp-json\/wp\/v2\/media?parent=10919"}],"wp:term":[{"taxonomy":"category","embeddable":true,"href":"https:\/\/oui-oui.es\/blog\/wp-json\/wp\/v2\/categories?post=10919"},{"taxonomy":"post_tag","embeddable":true,"href":"https:\/\/oui-oui.es\/blog\/wp-json\/wp\/v2\/tags?post=10919"}],"curies":[{"name":"wp","href":"https:\/\/api.w.org\/{rel}","templated":true}]}}