{"id":1149,"date":"2014-01-24T00:01:09","date_gmt":"2014-01-23T23:01:09","guid":{"rendered":"http:\/\/ouiouiblog.wordpress.com\/?p=1149"},"modified":"2015-09-03T11:07:29","modified_gmt":"2015-09-03T09:07:29","slug":"lo-nuevo-de-david-christian","status":"publish","type":"post","link":"https:\/\/oui-oui.es\/blog\/lo-nuevo-de-david-christian\/","title":{"rendered":"Lo nuevo de David Christian"},"content":{"rendered":"<p style=\"text-align: center;\"><a href=\"http:\/\/ouiouiblog.files.wordpress.com\/2014\/01\/nueva-tienda-david-christian.jpg\"><img loading=\"lazy\" decoding=\"async\" class=\"aligncenter size-full wp-image-1151\" src=\"http:\/\/ouiouiblog.files.wordpress.com\/2014\/01\/nueva-tienda-david-christian.jpg\" alt=\"nueva tienda david christian\" width=\"529\" height=\"793\" \/><\/a><\/p>\n<p style=\"text-align: center;\">Me perd\u00ed la inauguraci\u00f3n de su nueva tienda taller en el coraz\u00f3n de Madrid y a\u00fan no he podido pasarme a conocerla, pero me hace much\u00edsima ilusi\u00f3n ver c\u00f3mo ha crecido <strong>David Christian<\/strong> como marca, pues confi\u00e9 en ellas para mi vestido de novia y qued\u00e9 content\u00edsima.<\/p>\n<p style=\"text-align: center;\"><a href=\"http:\/\/ouiouiblog.files.wordpress.com\/2014\/01\/oui-oui-mi-vestido-david-christian.jpg\"><img loading=\"lazy\" decoding=\"async\" class=\"aligncenter size-full wp-image-1150\" src=\"http:\/\/ouiouiblog.files.wordpress.com\/2014\/01\/oui-oui-mi-vestido-david-christian.jpg\" alt=\"Oui Oui-mi vestido david christian\" width=\"500\" height=\"529\" \/><\/a>En esta nueva tienda podr\u00e1s encontrar su colecci\u00f3n de fiesta para invitadas para esta primavera, estos son dos de mis dos looks favoritos<\/p>\n<p style=\"text-align: center;\"><a href=\"http:\/\/ouiouiblog.files.wordpress.com\/2014\/01\/oui-oui-david-christian-primavera-verano-2013.jpg\"><img loading=\"lazy\" decoding=\"async\" class=\"aligncenter size-full wp-image-1152\" src=\"http:\/\/ouiouiblog.files.wordpress.com\/2014\/01\/oui-oui-david-christian-primavera-verano-2013.jpg\" alt=\"Oui Oui-david christian-primavera verano 2013\" width=\"529\" height=\"368\" \/><\/a> <a href=\"http:\/\/ouiouiblog.files.wordpress.com\/2014\/01\/oui-oui-david-christian-primavera-verano-2013-vestido-verde.jpg\"><img loading=\"lazy\" decoding=\"async\" class=\"aligncenter size-full wp-image-1153\" src=\"http:\/\/ouiouiblog.files.wordpress.com\/2014\/01\/oui-oui-david-christian-primavera-verano-2013-vestido-verde.jpg\" alt=\"Oui Oui-david christian-primavera verano 2013-vestido verde\" width=\"529\" height=\"368\" \/><\/a>Pero merece la pena que entres en <strong><a href=\"http:\/\/www.davidchristianmadrid.com\/Vestidos-y-monos\" target=\"_blank\">su p\u00e1gina<\/a> <\/strong>a ver la cantidad de modelos y cortes diferentes que tienen de cada color!<\/p>\n<p style=\"text-align: center;\"><a href=\"http:\/\/ouiouiblog.files.wordpress.com\/2014\/01\/oui-oui-david-christian-primavera-verano-2013-vestidos-coral-naranja-rosa.jpg\"><img loading=\"lazy\" decoding=\"async\" class=\"aligncenter size-full wp-image-1154\" src=\"http:\/\/ouiouiblog.files.wordpress.com\/2014\/01\/oui-oui-david-christian-primavera-verano-2013-vestidos-coral-naranja-rosa.jpg\" alt=\"Oui Oui-david christian-primavera verano 2013-vestidos coral-naranja-rosa\" width=\"529\" height=\"364\" \/><\/a><\/p>\n<p style=\"text-align: center;\">El modelo <strong>T\u00fanez naranja<\/strong> me chifla!<\/p>\n<p style=\"text-align: center;\"><a href=\"http:\/\/ouiouiblog.files.wordpress.com\/2014\/01\/oui-oui-mono-color-naranja-mono-color-coral-david-christian-monos-con-estilo-boda.jpg\"><img loading=\"lazy\" decoding=\"async\" class=\"aligncenter size-full wp-image-1155\" src=\"http:\/\/ouiouiblog.files.wordpress.com\/2014\/01\/oui-oui-mono-color-naranja-mono-color-coral-david-christian-monos-con-estilo-boda.jpg\" alt=\"Oui Oui-mono color naranja-mono color coral-david christian-monos con estilo boda\" width=\"129\" height=\"365\" \/><\/a>En la nueva tienda encontrar\u00e9is tambi\u00e9n accesorios y los tocados de <strong><a href=\"sumacruz.com\" target=\"_blank\">Suma Cruz<\/a><\/strong><\/p>\n<p style=\"text-align: center;\">As\u00ed que ya sabes, si est\u00e1s buscando <strong>vestido de novia<\/strong>, p\u00e1sate por su taller, Mar\u00eda y su madre te atender\u00e1n fenomenal y, tienen una de las mejores relaciones calidad-precio del sector.<\/p>\n<p style=\"text-align: center;\">Y si tienes boda a la vista como invitada, <a href=\"http:\/\/www.davidchristianmadrid.com\/outlet\" target=\"_blank\">no te pierdas su Web<\/a> y su <a href=\"http:\/\/www.davidchristianmadrid.com\/outlet\" target=\"_blank\">outlet!<\/a><\/p>\n","protected":false},"excerpt":{"rendered":"<p>Me perd\u00ed la inauguraci\u00f3n de su nueva tienda taller en el coraz\u00f3n de Madrid y a\u00fan no he podido pasarme a conocerla, pero me hace much\u00edsima ilusi\u00f3n ver c\u00f3mo ha crecido David Christian como marca, pues confi\u00e9 en ellas para mi vestido de novia y qued\u00e9 content\u00edsima. En esta nueva tienda podr\u00e1s encontrar su colecci\u00f3n [&hellip;]<\/p>\n","protected":false},"author":1,"featured_media":3252,"comment_status":"open","ping_status":"open","sticky":false,"template":"","format":"standard","meta":{"jetpack_post_was_ever_published":false,"_jetpack_newsletter_access":"","_jetpack_dont_email_post_to_subs":false,"_jetpack_newsletter_tier_id":0,"_jetpack_memberships_contains_paywalled_content":false,"_jetpack_memberships_contains_paid_content":false,"footnotes":"","jetpack_publicize_message":"","jetpack_publicize_feature_enabled":true,"jetpack_social_post_already_shared":false,"jetpack_social_options":{"image_generator_settings":{"template":"highway","default_image_id":0,"font":"","enabled":false},"version":2}},"categories":[704],"tags":[716],"class_list":["post-1149","post","type-post","status-publish","format-standard","has-post-thumbnail","hentry","category-boda","tag-looks-boda"],"aioseo_notices":[],"jetpack_publicize_connections":[],"jetpack_featured_media_url":"https:\/\/oui-oui.es\/blog\/wp-content\/uploads\/2014\/01\/nueva-tienda-david-christian.jpg","jetpack_sharing_enabled":true,"jetpack-related-posts":[{"id":2487,"url":"https:\/\/oui-oui.es\/blog\/el-atelier-de-novias-de-david-christian\/","url_meta":{"origin":1149,"position":0},"title":"El atelier de novias de David Christian","author":"Mar\u00eda \u2665Oui Oui\u2665","date":"2 junio, 2015","format":false,"excerpt":"Las chicas de David Christian no paran. La semana pasada inauguraban su nuevo atelier para novias y, aunque no quer\u00eda perd\u00e9rmelo, al final me fue imposible asistir. Sin embargo, estas preciosas fotos, te trasportan un poco a la tranquila y fresca atm\u00f3sfera del Atelier, situado en Conde de Xiquena, 6,\u2026","rel":"","context":"En \u00abBoda\u00bb","block_context":{"text":"Boda","link":"https:\/\/oui-oui.es\/blog\/category\/fiestas-celebraciones\/boda\/"},"img":{"alt_text":"","src":"https:\/\/i0.wp.com\/oui-oui.es\/blog\/wp-content\/uploads\/2015\/06\/oui-oui-blog-atelier-david-christian-novias-david-christian-1.jpg?resize=350%2C200&ssl=1","width":350,"height":200,"srcset":"https:\/\/i0.wp.com\/oui-oui.es\/blog\/wp-content\/uploads\/2015\/06\/oui-oui-blog-atelier-david-christian-novias-david-christian-1.jpg?resize=350%2C200&ssl=1 1x, https:\/\/i0.wp.com\/oui-oui.es\/blog\/wp-content\/uploads\/2015\/06\/oui-oui-blog-atelier-david-christian-novias-david-christian-1.jpg?resize=525%2C300&ssl=1 1.5x, https:\/\/i0.wp.com\/oui-oui.es\/blog\/wp-content\/uploads\/2015\/06\/oui-oui-blog-atelier-david-christian-novias-david-christian-1.jpg?resize=700%2C400&ssl=1 2x, https:\/\/i0.wp.com\/oui-oui.es\/blog\/wp-content\/uploads\/2015\/06\/oui-oui-blog-atelier-david-christian-novias-david-christian-1.jpg?resize=1050%2C600&ssl=1 3x, https:\/\/i0.wp.com\/oui-oui.es\/blog\/wp-content\/uploads\/2015\/06\/oui-oui-blog-atelier-david-christian-novias-david-christian-1.jpg?resize=1400%2C800&ssl=1 4x"},"classes":[]},{"id":1225,"url":"https:\/\/oui-oui.es\/blog\/mis-recortes-de-telva-novias-feb-2014\/","url_meta":{"origin":1149,"position":1},"title":"Mis recortes de Telva Novias (Feb 2014)","author":"Mar\u00eda \u2665Oui Oui\u2665","date":"10 febrero, 2014","format":false,"excerpt":"Parece mentira c\u00f3mo pasa el tiempo...Hace un a\u00f1o, por primera vez, aparec\u00eda Oui Oui en una revista y fu\u00e9 en Telva Novias, a\u00fan no hab\u00eda lanzado la tienda pero hab\u00edan gustado los productos y confiaron en Oui Oui casi a ciegas. Ver tu peque\u00f1o proyecto en una de las grandes\u2026","rel":"","context":"En \u00abBoda\u00bb","block_context":{"text":"Boda","link":"https:\/\/oui-oui.es\/blog\/category\/fiestas-celebraciones\/boda\/"},"img":{"alt_text":"Oui Oui-Telva Novias febrero 2014","src":"https:\/\/ouiouiblog.files.wordpress.com\/2014\/02\/oui-oui-telva-novias-febrero-2014.jpg?w=350&h=200&crop=1","width":350,"height":200},"classes":[]},{"id":530,"url":"https:\/\/oui-oui.es\/blog\/tic-tac-tic-tac\/","url_meta":{"origin":1149,"position":2},"title":"Tic tac, tic tac","author":"Mar\u00eda \u2665Oui Oui\u2665","date":"1 febrero, 2013","format":false,"excerpt":"Como s\u00e1beis, y si no lo sab\u00e9is os lo digo ya, en breve lanzaremos nuestra tienda online con un mont\u00f3n de cosas para llenar la boda de detalles, regalar a los invitados y decorar la casa. As\u00ed que hoy nos vamos unos d\u00edas en busca de nuevos productos!!, ya he\u2026","rel":"","context":"En \u00abBoda\u00bb","block_context":{"text":"Boda","link":"https:\/\/oui-oui.es\/blog\/category\/fiestas-celebraciones\/boda\/"},"img":{"alt_text":"","src":"https:\/\/i0.wp.com\/oui-oui.es\/blog\/wp-content\/uploads\/oui-oui-blog-guirnalda-tiras-papel.jpg?resize=350%2C200&ssl=1","width":350,"height":200,"srcset":"https:\/\/i0.wp.com\/oui-oui.es\/blog\/wp-content\/uploads\/oui-oui-blog-guirnalda-tiras-papel.jpg?resize=350%2C200&ssl=1 1x, https:\/\/i0.wp.com\/oui-oui.es\/blog\/wp-content\/uploads\/oui-oui-blog-guirnalda-tiras-papel.jpg?resize=525%2C300&ssl=1 1.5x"},"classes":[]},{"id":1692,"url":"https:\/\/oui-oui.es\/blog\/mi-agenda-de-octubre\/","url_meta":{"origin":1149,"position":3},"title":"Mi agenda de octubre","author":"Mar\u00eda \u2665Oui Oui\u2665","date":"12 noviembre, 2014","format":false,"excerpt":"Outlook me va a dos por hora, as\u00ed que mientras sincroniza carpetas y actualiza correos he decidido escribir otro post (s\u00ed, o no escribo en un mes o escribo dos d\u00edas seguidos, a\u00fan no he conseguido ser constante con el blog, qu\u00e9 se le va a hacer!). Y como tengo\u2026","rel":"","context":"En \u00abESTILO DE VIDA\u00bb","block_context":{"text":"ESTILO DE VIDA","link":"https:\/\/oui-oui.es\/blog\/category\/lifestyle-2\/"},"img":{"alt_text":"","src":"https:\/\/i0.wp.com\/oui-oui.es\/blog\/wp-content\/uploads\/2014\/11\/oui-oui-las-autc3a9nticas-puertas-del-ratoncito-pc3a9rez-58.jpg?resize=350%2C200&ssl=1","width":350,"height":200,"srcset":"https:\/\/i0.wp.com\/oui-oui.es\/blog\/wp-content\/uploads\/2014\/11\/oui-oui-las-autc3a9nticas-puertas-del-ratoncito-pc3a9rez-58.jpg?resize=350%2C200&ssl=1 1x, https:\/\/i0.wp.com\/oui-oui.es\/blog\/wp-content\/uploads\/2014\/11\/oui-oui-las-autc3a9nticas-puertas-del-ratoncito-pc3a9rez-58.jpg?resize=525%2C300&ssl=1 1.5x, https:\/\/i0.wp.com\/oui-oui.es\/blog\/wp-content\/uploads\/2014\/11\/oui-oui-las-autc3a9nticas-puertas-del-ratoncito-pc3a9rez-58.jpg?resize=700%2C400&ssl=1 2x, https:\/\/i0.wp.com\/oui-oui.es\/blog\/wp-content\/uploads\/2014\/11\/oui-oui-las-autc3a9nticas-puertas-del-ratoncito-pc3a9rez-58.jpg?resize=1050%2C600&ssl=1 3x, https:\/\/i0.wp.com\/oui-oui.es\/blog\/wp-content\/uploads\/2014\/11\/oui-oui-las-autc3a9nticas-puertas-del-ratoncito-pc3a9rez-58.jpg?resize=1400%2C800&ssl=1 4x"},"classes":[]},{"id":545,"url":"https:\/\/oui-oui.es\/blog\/the-wedding-lab\/","url_meta":{"origin":1149,"position":4},"title":"The Wedding Lab","author":"Mar\u00eda \u2665Oui Oui\u2665","date":"1 marzo, 2013","format":false,"excerpt":"Como os coment\u00e9, ayer inauguraban The Wedding Lab , un espacio ef\u00edmero (pero que esperamos se repita cada a\u00f1o!) en el que encontrar diferentes propuestas para incorporar a tu boda. La presentaci\u00f3n fu\u00e9 en el Taller de Verde Pimienta al que me encantar\u00eda volver en un d\u00eda normal, pues el\u2026","rel":"","context":"En \u00abBoda\u00bb","block_context":{"text":"Boda","link":"https:\/\/oui-oui.es\/blog\/category\/fiestas-celebraciones\/boda\/"},"img":{"alt_text":"","src":"https:\/\/i0.wp.com\/oui-oui.es\/blog\/wp-content\/uploads\/the-wedding-lab-oui-oui.jpg?resize=350%2C200&ssl=1","width":350,"height":200},"classes":[]},{"id":702,"url":"https:\/\/oui-oui.es\/blog\/%e2%99%a5-%e2%99%a5-novedades-en-la-tienda-%e2%99%a5-%e2%99%a5\/","url_meta":{"origin":1149,"position":5},"title":"\u2665 \u2665 \u00a1\u00a1Novedades en la tienda!! \u2665 \u2665","author":"Mar\u00eda \u2665Oui Oui\u2665","date":"6 mayo, 2013","format":false,"excerpt":"Hasta que encuentre un hueco para escribir la newsletter (a la que os pod\u00e9is suscribir aqu\u00ed , por cierto ;) ) os contar\u00e9 las novedades en la tienda por aqu\u00ed, vale? Estas dos \u00faltimas semanas ha habido much\u00edsimas novedades; washi tape , taxidermias de peluche, cubiertos con mensaje ...Pero no\u2026","rel":"","context":"En \u00abBoda\u00bb","block_context":{"text":"Boda","link":"https:\/\/oui-oui.es\/blog\/category\/fiestas-celebraciones\/boda\/"},"img":{"alt_text":"","src":"https:\/\/i0.wp.com\/oui-oui.es\/blog\/wp-content\/uploads\/oui-oui-decoracion-bodas-fiestas-detalles-novedades.jpg?resize=350%2C200&ssl=1","width":350,"height":200,"srcset":"https:\/\/i0.wp.com\/oui-oui.es\/blog\/wp-content\/uploads\/oui-oui-decoracion-bodas-fiestas-detalles-novedades.jpg?resize=350%2C200&ssl=1 1x, https:\/\/i0.wp.com\/oui-oui.es\/blog\/wp-content\/uploads\/oui-oui-decoracion-bodas-fiestas-detalles-novedades.jpg?resize=525%2C300&ssl=1 1.5x"},"classes":[]}],"_links":{"self":[{"href":"https:\/\/oui-oui.es\/blog\/wp-json\/wp\/v2\/posts\/1149","targetHints":{"allow":["GET"]}}],"collection":[{"href":"https:\/\/oui-oui.es\/blog\/wp-json\/wp\/v2\/posts"}],"about":[{"href":"https:\/\/oui-oui.es\/blog\/wp-json\/wp\/v2\/types\/post"}],"author":[{"embeddable":true,"href":"https:\/\/oui-oui.es\/blog\/wp-json\/wp\/v2\/users\/1"}],"replies":[{"embeddable":true,"href":"https:\/\/oui-oui.es\/blog\/wp-json\/wp\/v2\/comments?post=1149"}],"version-history":[{"count":1,"href":"https:\/\/oui-oui.es\/blog\/wp-json\/wp\/v2\/posts\/1149\/revisions"}],"predecessor-version":[{"id":3253,"href":"https:\/\/oui-oui.es\/blog\/wp-json\/wp\/v2\/posts\/1149\/revisions\/3253"}],"wp:featuredmedia":[{"embeddable":true,"href":"https:\/\/oui-oui.es\/blog\/wp-json\/wp\/v2\/media\/3252"}],"wp:attachment":[{"href":"https:\/\/oui-oui.es\/blog\/wp-json\/wp\/v2\/media?parent=1149"}],"wp:term":[{"taxonomy":"category","embeddable":true,"href":"https:\/\/oui-oui.es\/blog\/wp-json\/wp\/v2\/categories?post=1149"},{"taxonomy":"post_tag","embeddable":true,"href":"https:\/\/oui-oui.es\/blog\/wp-json\/wp\/v2\/tags?post=1149"}],"curies":[{"name":"wp","href":"https:\/\/api.w.org\/{rel}","templated":true}]}}