{"id":1158,"date":"2014-01-29T00:42:32","date_gmt":"2014-01-28T23:42:32","guid":{"rendered":"http:\/\/ouiouiblog.wordpress.com\/?p=1158"},"modified":"2015-09-03T11:06:29","modified_gmt":"2015-09-03T09:06:29","slug":"las-novedades-de-enero","status":"publish","type":"post","link":"https:\/\/oui-oui.es\/blog\/las-novedades-de-enero\/","title":{"rendered":"Las Novedades de enero!"},"content":{"rendered":"<p style=\"text-align: center;\"><a href=\"http:\/\/ouiouiblog.files.wordpress.com\/2014\/01\/oui-oui-novedades-enero-cubos-palabra-love.jpg\"><img loading=\"lazy\" decoding=\"async\" class=\"aligncenter size-full wp-image-1180\" src=\"http:\/\/ouiouiblog.files.wordpress.com\/2014\/01\/oui-oui-novedades-enero-cubos-palabra-love.jpg\" alt=\"Oui Oui-novedades enero-cubos palabra love\" width=\"529\" height=\"529\" \/><\/a><\/p>\n<p style=\"text-align: center;\">As\u00ed vamos, que os cuento las <a href=\"http:\/\/www.oui-oui.es\/33-novedades\" target=\"_blank\"><strong>novedades<\/strong><\/a> a finales de mes!!, pero he tra\u00eddo <strong>tantas cosas nuevas<\/strong> que no pod\u00eda dejarlas en el tintero sin que los que no est\u00e1is en redes sociales las vierais!<\/p>\n<p style=\"text-align: center;\"><strong>\u00bfPor d\u00f3nde empezamos?<\/strong><\/p>\n<p style=\"text-align: center;\">Tengo especial <strong>predilecci\u00f3n por todo lo mexicano<\/strong>, y en el <em>mundo bodas<\/em> no pod\u00eda ser menos, as\u00ed que, por fin, tenemos <a href=\"http:\/\/www.oui-oui.es\/novios-bodas\/489-topper-novios-mexicanos-calaveras.html\" target=\"_blank\"><strong>toppers mexicanos<\/strong><\/a>!&#8230;Mil gracias Marta por <em>tus gestiones<\/em> para que lleguen a Espa\u00f1a!<\/p>\n<p style=\"text-align: center;\"><a href=\"http:\/\/www.oui-oui.es\/novios-bodas\/489-topper-novios-mexicanos-calaveras.html\"><img loading=\"lazy\" decoding=\"async\" class=\"aligncenter size-full wp-image-1159\" src=\"http:\/\/ouiouiblog.files.wordpress.com\/2014\/01\/oui-oui-calacas-novios-mexicanos-toppers-novios-mexico-figura-novios-calavera.jpg\" alt=\"Oui Oui-calacas novios mexicanos-toppers novios mexico-figura novios calavera\" width=\"524\" height=\"524\" \/><\/a><\/p>\n<p style=\"text-align: center;\">Tambi\u00e9n <a href=\"http:\/\/www.oui-oui.es\/novios-bodas\/490-calaca-novios-mexicanos-en-cajita.html\" target=\"_blank\">en cajita<\/a><\/p>\n<p style=\"text-align: center;\"><a href=\"http:\/\/www.oui-oui.es\/novios-bodas\/490-calaca-novios-mexicanos-en-cajita.html\"><img loading=\"lazy\" decoding=\"async\" class=\"aligncenter wp-image-1174\" src=\"http:\/\/ouiouiblog.files.wordpress.com\/2014\/01\/oui-oui-regalo-novios-mini-altar-novios-mexicanos-novios-calaveras-boda-estilo-mexicano.jpg\" alt=\"Oui Oui-regalo novios-mini altar novios mexicanos-novios calaveras-boda estilo mexicano\" width=\"529\" height=\"396\" \/><\/a><\/p>\n<p style=\"text-align: center;\">Y un par de modelos para regalar a los <a href=\"http:\/\/www.oui-oui.es\/buscar?orderby=position&amp;orderway=desc&amp;search_query=bebe+mexicano&amp;submit_search.x=0&amp;submit_search.y=0\" target=\"_blank\"><strong>futuros o recientes pap\u00e1s, en pareja o en nido.<\/strong><\/a><\/p>\n<p style=\"text-align: center;\"><a href=\"http:\/\/ouiouiblog.files.wordpress.com\/2014\/01\/oui-oui-regalo-bebe-mexicano-regalo-recic3a9n-nacido-original-regalo-diferente-mellizos-regalos-original-gemelos-familia-calavera-mexicana.jpg\"><img loading=\"lazy\" decoding=\"async\" class=\"aligncenter size-full wp-image-1161\" src=\"http:\/\/ouiouiblog.files.wordpress.com\/2014\/01\/oui-oui-regalo-bebe-mexicano-regalo-recic3a9n-nacido-original-regalo-diferente-mellizos-regalos-original-gemelos-familia-calavera-mexicana.jpg\" alt=\"Oui Oui-regalo bebe mexicano-regalo reci\u00e9n nacido original-regalo diferente mellizos-regalos original gemelos-familia calavera mexicana\" width=\"524\" height=\"524\" \/><\/a><\/p>\n<p style=\"text-align: center;\"><strong>Para la casa hay muchas cosas nuevas<\/strong>, como los <a href=\"http:\/\/www.oui-oui.es\/decoracion\/500-cubos-letras-madera-love.html\" target=\"_blank\"><strong>cubos de madera con la palabra Love<\/strong><\/a><\/p>\n<p style=\"text-align: center;\"><a href=\"http:\/\/www.oui-oui.es\/decoracion\/500-cubos-letras-madera-love.html\"><img loading=\"lazy\" decoding=\"async\" class=\"aligncenter size-full wp-image-1164\" src=\"http:\/\/ouiouiblog.files.wordpress.com\/2014\/01\/oui-oui-cubo-madera-letras-love.jpg\" alt=\"oUI oUI-CUBO madera letras LOVE\" width=\"313\" height=\"295\" \/><\/a><\/p>\n<p style=\"text-align: center;\"><a href=\"http:\/\/www.oui-oui.es\/decoracion-chic-cool\/497-taza-enjoy-the-little-things.html\" target=\"_blank\"><strong>La taza \u00abenjoy the little things\u00bb<\/strong><\/a>, que nos recuerda cada ma\u00f1ana que hay que apreciar lo importante, que suelen ser peque\u00f1as cosas \ud83d\ude09<\/p>\n<p style=\"text-align: center;\"><a href=\"http:\/\/www.oui-oui.es\/decoracion-chic-cool\/497-taza-enjoy-the-little-things.html\"><img loading=\"lazy\" decoding=\"async\" class=\"aligncenter size-full wp-image-1167\" src=\"http:\/\/ouiouiblog.files.wordpress.com\/2014\/01\/oui-oui-taza-enjoy-the-little-things-tazas-desayuno-originales-regalo-diferente-para-desayuno.jpg\" alt=\"Oui Oui-taza enjoy the little things-tazas desayuno originales-regalo diferente para desayuno\" width=\"313\" height=\"295\" \/><\/a><\/p>\n<p style=\"text-align: center;\">Estos <strong><a href=\"http:\/\/www.oui-oui.es\/buscar?orderby=position&amp;orderway=desc&amp;search_query=bloque+madera&amp;submit_search.x=0&amp;submit_search.y=0\" target=\"_blank\">bloques de madera<\/a><\/strong> que me encantan, por las frases y por los colores, ya he colocado el de <a href=\"http:\/\/www.oui-oui.es\/just-maried\/494-bloque-madera-love-is-all-you-need.html\" target=\"_blank\"><strong>\u00abLove is all you need\u00bb<\/strong><\/a> en la habitaci\u00f3n de Mart\u00edn y el de <a href=\"http:\/\/www.oui-oui.es\/decoracion-chic-cool\/495-bloque-madera-reach-for-the-stars.html\" target=\"_blank\"><strong>\u00abreach for the stars\u00bb<\/strong><\/a> va a ir a la ouiouiofi<\/p>\n<p style=\"text-align: center;\"><a href=\"http:\/\/www.oui-oui.es\/just-maried\/494-bloque-madera-love-is-all-you-need.html\"><img loading=\"lazy\" decoding=\"async\" class=\"aligncenter size-full wp-image-1162\" src=\"http:\/\/ouiouiblog.files.wordpress.com\/2014\/01\/oui-oui-bloque-madera-love-is-all-you-need-colores-con-reach-for-the-stars.jpg\" alt=\"Oui Oui-bloque madera love is all you need colores con reach for the stars\" width=\"529\" height=\"529\" \/><\/a><\/p>\n<p style=\"text-align: center;\">La <strong><a href=\"http:\/\/www.oui-oui.es\/decoracion-chic-cool\/493-cartelito-always-kiss-me-goodnight.html\" target=\"_blank\">plaquita <\/a><\/strong>que dice <strong>\u00abalways kiss me goodnight\u00bb<\/strong> ya est\u00e1 colgada de nuestro cabecero<\/p>\n<p style=\"text-align: center;\"><a href=\"http:\/\/www.oui-oui.es\/decoracion-chic-cool\/493-cartelito-always-kiss-me-goodnight.html\"><img loading=\"lazy\" decoding=\"async\" class=\"aligncenter size-full wp-image-1163\" src=\"http:\/\/ouiouiblog.files.wordpress.com\/2014\/01\/oui-oui-cartelito-always-kissme-goodnight-en-el-cabecero.jpg\" alt=\"Oui Oui-cartelito always kissme goodnight en el cabecero\" width=\"529\" height=\"529\" \/><\/a><\/p>\n<p style=\"text-align: center;\">Ah!, y adem\u00e1s de que han vuelto las <a href=\"http:\/\/www.oui-oui.es\/buscar?orderby=position&amp;orderway=desc&amp;search_query=maletas+flores&amp;submit_search.x=0&amp;submit_search.y=0\" target=\"_blank\"><strong>maletas de florecitas<\/strong><\/a> (bueno, la grande de metal ya se ha agotado otra vez!), he tra\u00eddo dos modelos m\u00e1s, a cu\u00e1l m\u00e1s bonito.<\/p>\n<p style=\"text-align: center;\"><a href=\"http:\/\/www.oui-oui.es\/detalles-boda\/40-set-3-maletas-estilo-vintage-flores.html\"><img loading=\"lazy\" decoding=\"async\" class=\"aligncenter size-full wp-image-1170\" src=\"http:\/\/ouiouiblog.files.wordpress.com\/2014\/01\/gif001_l.jpg\" alt=\"Oui Oui-set maletas flores liberty\" width=\"313\" height=\"295\" \/><\/a><\/p>\n<p style=\"text-align: center;\">Un tr\u00edo de <a href=\"http:\/\/www.oui-oui.es\/decoracion\/498-maletas-estampado-geometrico.html\" target=\"_blank\"><strong>maletas geom\u00e9tricas<\/strong><\/a> en tres tonos empolvados<\/p>\n<p style=\"text-align: center;\"><a href=\"http:\/\/www.oui-oui.es\/decoracion\/498-maletas-estampado-geometrico.html\"><img loading=\"lazy\" decoding=\"async\" class=\"aligncenter size-full wp-image-1165\" src=\"http:\/\/ouiouiblog.files.wordpress.com\/2014\/01\/oui-oui-set-maletas-estampado-geometrico-cedorar-con-triangulos.jpg\" alt=\"oUI oUI-SET MALETAS ESTAMPADO GEOMETRICO-CEDORAR CON TRIANGULOS\" width=\"313\" height=\"295\" \/><\/a><\/p>\n<p style=\"text-align: center;\">Y otro set de tres <a href=\"http:\/\/www.oui-oui.es\/decoracion\/499-set-maletas-estampado-zorros.html\" target=\"_blank\"><strong>maletas con estampado de zorros<\/strong><\/a>, <strong>s\u00faper tendencia !<\/strong><\/p>\n<p style=\"text-align: center;\"><a href=\"http:\/\/www.oui-oui.es\/decoracion\/499-set-maletas-estampado-zorros.html\"><img loading=\"lazy\" decoding=\"async\" class=\"aligncenter size-full wp-image-1179\" src=\"http:\/\/ouiouiblog.files.wordpress.com\/2014\/01\/oui-oui-maletas-zorros-decorar-con-zorros-set-maletas-fox-naranja.jpg\" alt=\"oui Oui-maletas zorros-decorar con zorros-set maletas fox naranja\" width=\"529\" height=\"529\" \/><\/a><\/p>\n<p style=\"text-align: center;\">Para los peques (y los no tan peques), estas <strong>cajitas mini tuppers con dibujos de animalitos vintage<\/strong>, una aut\u00e9ntica monada<\/p>\n<p style=\"text-align: center;\"><a href=\"http:\/\/ouiouiblog.files.wordpress.com\/2014\/01\/oui-oui-mini-cajitas-animales-vintage-tupper-colores-para-nic3b1os.jpg\"><img loading=\"lazy\" decoding=\"async\" class=\"aligncenter size-full wp-image-1178\" src=\"http:\/\/ouiouiblog.files.wordpress.com\/2014\/01\/oui-oui-mini-cajitas-animales-vintage-tupper-colores-para-nic3b1os.jpg\" alt=\"Oui Oui-mini cajitas animales vintage-tupper colores para ni\u00f1os\" width=\"529\" height=\"529\" \/><\/a><\/p>\n<p style=\"text-align: center;\">Y el gran aluvi\u00f3n de cositas nuevas se lo ha llevado la <strong>secci\u00f3n fiestas!<\/strong>, con las <a href=\"http:\/\/www.oui-oui.es\/buscar?orderby=position&amp;orderway=desc&amp;search_query=guirnaldas+de+borlas&amp;submit_search.x=0&amp;submit_search.y=0\" target=\"_blank\"><strong>guirnaldas de borlas<\/strong><\/a> (os ense\u00f1\u00e9 una en la babyshower)<\/p>\n<p style=\"text-align: center;\"><a href=\"http:\/\/www.oui-oui.es\/buscar?orderby=position&amp;orderway=desc&amp;search_query=guirnaldas+de+borlas&amp;submit_search.x=0&amp;submit_search.y=0\"><img loading=\"lazy\" decoding=\"async\" class=\"aligncenter size-full wp-image-1129\" src=\"http:\/\/ouiouiblog.files.wordpress.com\/2014\/01\/oui-oui-guirnalda-flecos-guirnalda-tassel-guirnalda-borlas-papel-melocoton-rosa-blanco.jpg\" alt=\"Oui Oui-guirnalda flecos-guirnalda tassel-guirnalda borlas papel-melocoton-rosa-blanco\" width=\"349\" height=\"233\" \/><\/a><\/p>\n<p style=\"text-align: center;\">Los <strong><a href=\"http:\/\/www.oui-oui.es\/buscar?orderby=position&amp;orderway=desc&amp;search_query=cubiertos+cumplea%C3%B1os&amp;submit_search.x=0&amp;submit_search.y=0\" target=\"_blank\">cubiertos para regalar por el cumplea\u00f1os<\/a> de <a href=\"http:\/\/www.oui-oui.es\/papeleria-regalos-craft\/485-cucharilla-cafe-feliz-30-cumpleanos.html\" target=\"_blank\">los 30<\/a>, <a href=\"http:\/\/www.oui-oui.es\/papeleria-regalos-craft\/486-cucharilla-cafe-feliz-40-cumpleanos.html\" target=\"_blank\">los 40<\/a>, los <a href=\"http:\/\/www.oui-oui.es\/papeleria-regalos-craft\/487-cucharilla-cafe-feliz-50-cumpleanos.html\" target=\"_blank\">50<\/a> y<a href=\"http:\/\/www.oui-oui.es\/papeleria-regalos-craft\/488-cucharilla-cafe-feliz-60-cumpleanos.html\" target=\"_blank\"> los 60<\/a><\/strong>&#8230;Ya no vale la excusa de que lo tiene todo, una cuchara con el mensaje <strong>\u00abHappy &#8230;.tea\u00bb<\/strong> ser\u00e1 un recuerdo para siempre!<\/p>\n<p style=\"text-align: center;\"><a href=\"http:\/\/www.oui-oui.es\/papeleria-regalos-craft\/485-cucharilla-cafe-feliz-30-cumpleanos.html\"><img loading=\"lazy\" decoding=\"async\" class=\"aligncenter size-full wp-image-1175\" src=\"http:\/\/ouiouiblog.files.wordpress.com\/2014\/01\/oui-oui-cucharilla-feliz-cumpleac3b1os-regalo-30-ac3b1os.jpg\" alt=\"Oui Oui-cucharilla feliz cumplea\u00f1os-regalo 30 a\u00f1os\" width=\"529\" height=\"529\" \/><\/a><\/p>\n<p style=\"text-align: center;\"><a href=\"http:\/\/www.oui-oui.es\/papeleria-regalos-craft\/486-cucharilla-cafe-feliz-40-cumpleanos.html\"><img loading=\"lazy\" decoding=\"async\" class=\"aligncenter wp-image-1160\" src=\"http:\/\/ouiouiblog.files.wordpress.com\/2014\/01\/oui-oui-fiesta-40-ac3b1os-decoracion-fiesta-40-vasos-y-platos-papel-originales-desechables-cucharilla-40.jpg\" alt=\"Oui Oui-fiesta 40 a\u00f1os-decoracion fiesta 40-vasos y platos papel originales-desechables-cucharilla 40\" width=\"529\" height=\"396\" \/><\/a><a href=\"http:\/\/www.oui-oui.es\/papeleria-regalos-craft\/488-cucharilla-cafe-feliz-60-cumpleanos.html\"><img loading=\"lazy\" decoding=\"async\" class=\"aligncenter size-full wp-image-1177\" src=\"http:\/\/ouiouiblog.files.wordpress.com\/2014\/01\/oui-oui-cucharilla-feliz-cumpleac3b1os-regalo-60-ac3b1os.jpg\" alt=\"Oui Oui-cucharilla feliz cumplea\u00f1os-regalo 60 a\u00f1os\" width=\"524\" height=\"699\" \/><\/a><\/p>\n<p style=\"text-align: center;\">Y el <strong><a href=\"http:\/\/www.oui-oui.es\/buscar?orderby=position&amp;orderway=desc&amp;search_query=vajilla&amp;submit_search.x=0&amp;submit_search.y=0\" target=\"_blank\">menaje de usar y tirar<\/a><\/strong> m\u00e1s bonito del mundo!!, con estrellas, rombos, tri\u00e1ngulos, corazoncitos&#8230;<\/p>\n<p style=\"text-align: center;\"><a href=\"http:\/\/ouiouiblog.files.wordpress.com\/2014\/01\/oui-oui-productos-fiesta-nic3b1os-lifestyle-2.jpg\"><img loading=\"lazy\" decoding=\"async\" class=\"aligncenter size-full wp-image-1168\" src=\"http:\/\/ouiouiblog.files.wordpress.com\/2014\/01\/oui-oui-productos-fiesta-nic3b1os-lifestyle-2.jpg\" alt=\"Oui Oui-productos fiesta ni\u00f1os lifestyle (2)\" width=\"529\" height=\"350\" \/><\/a><a href=\"http:\/\/ouiouiblog.files.wordpress.com\/2014\/01\/oui-oui-productos-fiesta-nic3b1os-lifestyle-3.jpg\"><img loading=\"lazy\" decoding=\"async\" class=\"aligncenter size-full wp-image-1169\" src=\"http:\/\/ouiouiblog.files.wordpress.com\/2014\/01\/oui-oui-productos-fiesta-nic3b1os-lifestyle-3.jpg\" alt=\"Oui Oui-productos fiesta ni\u00f1os lifestyle (3)\" width=\"529\" height=\"350\" \/><\/a><a href=\"http:\/\/ouiouiblog.files.wordpress.com\/2014\/01\/oui-oui-vasos-colores.jpg\"><img loading=\"lazy\" decoding=\"async\" class=\"aligncenter size-full wp-image-1172\" src=\"http:\/\/ouiouiblog.files.wordpress.com\/2014\/01\/oui-oui-vasos-colores.jpg\" alt=\"Oui Oui-vasos colores\" width=\"319\" height=\"319\" \/><\/a> <a href=\"http:\/\/ouiouiblog.files.wordpress.com\/2014\/01\/oui-oui-mesa-rosa-san-valentc3adn.jpg\"><img loading=\"lazy\" decoding=\"async\" class=\"aligncenter size-full wp-image-1171\" src=\"http:\/\/ouiouiblog.files.wordpress.com\/2014\/01\/oui-oui-mesa-rosa-san-valentc3adn.jpg\" alt=\"oUI oUI-MESA ROSA SAN VALENT\u00cdN\" width=\"300\" height=\"300\" \/><\/a><a href=\"http:\/\/ouiouiblog.files.wordpress.com\/2014\/01\/raul-table.jpg\"><img loading=\"lazy\" decoding=\"async\" class=\"aligncenter size-full wp-image-1173\" src=\"http:\/\/ouiouiblog.files.wordpress.com\/2014\/01\/raul-table.jpg\" alt=\"Raul-Table\" width=\"529\" height=\"415\" \/><\/a>Pues eso es todo&#8230;De momento!, que este finde subir\u00e9 m\u00e1s cosas!!<\/p>\n<p style=\"text-align: center;\">\n","protected":false},"excerpt":{"rendered":"<p>As\u00ed vamos, que os cuento las novedades a finales de mes!!, pero he tra\u00eddo tantas cosas nuevas que no pod\u00eda dejarlas en el tintero sin que los que no est\u00e1is en redes sociales las vierais! \u00bfPor d\u00f3nde empezamos? Tengo especial predilecci\u00f3n por todo lo mexicano, y en el mundo bodas no pod\u00eda ser menos, as\u00ed [&hellip;]<\/p>\n","protected":false},"author":1,"featured_media":3250,"comment_status":"open","ping_status":"open","sticky":false,"template":"","format":"standard","meta":{"jetpack_post_was_ever_published":false,"_jetpack_newsletter_access":"","_jetpack_dont_email_post_to_subs":false,"_jetpack_newsletter_tier_id":0,"_jetpack_memberships_contains_paywalled_content":false,"_jetpack_memberships_contains_paid_content":false,"footnotes":"","jetpack_publicize_message":"","jetpack_publicize_feature_enabled":true,"jetpack_social_post_already_shared":false,"jetpack_social_options":{"image_generator_settings":{"template":"highway","default_image_id":0,"font":"","enabled":false},"version":2}},"categories":[7],"tags":[733,734],"class_list":["post-1158","post","type-post","status-publish","format-standard","has-post-thumbnail","hentry","category-fiestas-celebraciones","tag-oui-oui-concept-store","tag-regalos"],"aioseo_notices":[],"jetpack_publicize_connections":[],"jetpack_featured_media_url":"https:\/\/oui-oui.es\/blog\/wp-content\/uploads\/2014\/01\/oui-oui-novedades-enero-cubos-palabra-love.jpg","jetpack_sharing_enabled":true,"jetpack-related-posts":[{"id":1390,"url":"https:\/\/oui-oui.es\/blog\/novedades-de-marzo\/","url_meta":{"origin":1158,"position":0},"title":"Novedades de Marzo!!","author":"Mar\u00eda \u2665Oui Oui\u2665","date":"5 marzo, 2014","format":false,"excerpt":"Marzo va a venir CARGAD\u00cdSIMO de NOVEDADES!!!, no s\u00f3lo de productos, sino de celebraciones (Oui Oui cumple 1 a\u00f1o el 19 de marzo...Stay tunned!!), por up, open day... Para empezar...HOY es MI CUMPLE!!!, y no pod\u00eda dejar de celebrarlo con todos vosotros, as\u00ed que durante el d\u00eda de hoy, con\u2026","rel":"","context":"En \u00abBoda\u00bb","block_context":{"text":"Boda","link":"https:\/\/oui-oui.es\/blog\/category\/fiestas-celebraciones\/boda\/"},"img":{"alt_text":"oUI oUI-TARTA CUMPLEA\u00d1OS COLORES-ARCOIRIS","src":"https:\/\/ouiouiblog.files.wordpress.com\/2014\/03\/oui-oui-tarta-cumpleac3b1os-colores-arcoiris.jpg?w=350&h=200&crop=1","width":350,"height":200,"srcset":"https:\/\/ouiouiblog.files.wordpress.com\/2014\/03\/oui-oui-tarta-cumpleac3b1os-colores-arcoiris.jpg?w=350&h=200&crop=1 1x, https:\/\/ouiouiblog.files.wordpress.com\/2014\/03\/oui-oui-tarta-cumpleac3b1os-colores-arcoiris.jpg?w=525&h=300&crop=1 1.5x"},"classes":[]},{"id":702,"url":"https:\/\/oui-oui.es\/blog\/%e2%99%a5-%e2%99%a5-novedades-en-la-tienda-%e2%99%a5-%e2%99%a5\/","url_meta":{"origin":1158,"position":1},"title":"\u2665 \u2665 \u00a1\u00a1Novedades en la tienda!! \u2665 \u2665","author":"Mar\u00eda \u2665Oui Oui\u2665","date":"6 mayo, 2013","format":false,"excerpt":"Hasta que encuentre un hueco para escribir la newsletter (a la que os pod\u00e9is suscribir aqu\u00ed , por cierto ;) ) os contar\u00e9 las novedades en la tienda por aqu\u00ed, vale? Estas dos \u00faltimas semanas ha habido much\u00edsimas novedades; washi tape , taxidermias de peluche, cubiertos con mensaje ...Pero no\u2026","rel":"","context":"En \u00abBoda\u00bb","block_context":{"text":"Boda","link":"https:\/\/oui-oui.es\/blog\/category\/fiestas-celebraciones\/boda\/"},"img":{"alt_text":"","src":"https:\/\/i0.wp.com\/oui-oui.es\/blog\/wp-content\/uploads\/oui-oui-decoracion-bodas-fiestas-detalles-novedades.jpg?resize=350%2C200&ssl=1","width":350,"height":200,"srcset":"https:\/\/i0.wp.com\/oui-oui.es\/blog\/wp-content\/uploads\/oui-oui-decoracion-bodas-fiestas-detalles-novedades.jpg?resize=350%2C200&ssl=1 1x, https:\/\/i0.wp.com\/oui-oui.es\/blog\/wp-content\/uploads\/oui-oui-decoracion-bodas-fiestas-detalles-novedades.jpg?resize=525%2C300&ssl=1 1.5x"},"classes":[]},{"id":1290,"url":"https:\/\/oui-oui.es\/blog\/novedades-de-febrero\/","url_meta":{"origin":1158,"position":2},"title":"Novedades de febrero!","author":"Mar\u00eda \u2665Oui Oui\u2665","date":"18 febrero, 2014","format":false,"excerpt":"Aunque quedan algunas novedades por llegar no me aguantaba sin contaros todas las cositas nuevas para fiesta que he tra\u00eddo! Ya os dije que las guirnaldas de borlas, o de flecos iban a ser la sensaci\u00f3n de la temporada, pues bien, adem\u00e1s de las que ya ten\u00edamos que estaban montadas\u2026","rel":"","context":"En \u00abBoda\u00bb","block_context":{"text":"Boda","link":"https:\/\/oui-oui.es\/blog\/category\/fiestas-celebraciones\/boda\/"},"img":{"alt_text":"","src":"https:\/\/i0.wp.com\/oui-oui.es\/blog\/wp-content\/uploads\/2014\/02\/oui-oui-lifestyle-bolas-nido-abeja-ventiladores-voladores-guirnalda-honeycomb.jpg?resize=350%2C200&ssl=1","width":350,"height":200,"srcset":"https:\/\/i0.wp.com\/oui-oui.es\/blog\/wp-content\/uploads\/2014\/02\/oui-oui-lifestyle-bolas-nido-abeja-ventiladores-voladores-guirnalda-honeycomb.jpg?resize=350%2C200&ssl=1 1x, https:\/\/i0.wp.com\/oui-oui.es\/blog\/wp-content\/uploads\/2014\/02\/oui-oui-lifestyle-bolas-nido-abeja-ventiladores-voladores-guirnalda-honeycomb.jpg?resize=525%2C300&ssl=1 1.5x"},"classes":[]},{"id":10535,"url":"https:\/\/oui-oui.es\/blog\/novedades-en-la-tienda-de-oui-oui\/","url_meta":{"origin":1158,"position":3},"title":"Novedades en la tienda de Oui Oui","author":"Mar\u00eda \u2665Oui Oui\u2665","date":"23 junio, 2020","format":false,"excerpt":"El otro d\u00eda me dec\u00eda mi t\u00eda que por qu\u00e9 ya no sub\u00eda las novedades de la tienda al Blog, que ella no tiene Instagram y le gustaba cuando le llegaban las novedades al mail...Pues dicho y hecho! aunque lo perfecto ser\u00eda volver a enviar una Newsletter, lo cierto es\u2026","rel":"","context":"En \u00abCASA\u00bb","block_context":{"text":"CASA","link":"https:\/\/oui-oui.es\/blog\/category\/hogar-dulce-hogar\/"},"img":{"alt_text":"","src":"https:\/\/i0.wp.com\/oui-oui.es\/blog\/wp-content\/uploads\/2020\/06\/oui-oui-cesta-mosey-olli-ella-cesta-para-recoger-flores-huevos-cesta-regalo-5.jpg?resize=350%2C200&ssl=1","width":350,"height":200,"srcset":"https:\/\/i0.wp.com\/oui-oui.es\/blog\/wp-content\/uploads\/2020\/06\/oui-oui-cesta-mosey-olli-ella-cesta-para-recoger-flores-huevos-cesta-regalo-5.jpg?resize=350%2C200&ssl=1 1x, https:\/\/i0.wp.com\/oui-oui.es\/blog\/wp-content\/uploads\/2020\/06\/oui-oui-cesta-mosey-olli-ella-cesta-para-recoger-flores-huevos-cesta-regalo-5.jpg?resize=525%2C300&ssl=1 1.5x, https:\/\/i0.wp.com\/oui-oui.es\/blog\/wp-content\/uploads\/2020\/06\/oui-oui-cesta-mosey-olli-ella-cesta-para-recoger-flores-huevos-cesta-regalo-5.jpg?resize=700%2C400&ssl=1 2x, https:\/\/i0.wp.com\/oui-oui.es\/blog\/wp-content\/uploads\/2020\/06\/oui-oui-cesta-mosey-olli-ella-cesta-para-recoger-flores-huevos-cesta-regalo-5.jpg?resize=1050%2C600&ssl=1 3x, https:\/\/i0.wp.com\/oui-oui.es\/blog\/wp-content\/uploads\/2020\/06\/oui-oui-cesta-mosey-olli-ella-cesta-para-recoger-flores-huevos-cesta-regalo-5.jpg?resize=1400%2C800&ssl=1 4x"},"classes":[]},{"id":3368,"url":"https:\/\/oui-oui.es\/blog\/novedades-deco-nos-vemos-en-1001-atmosphera\/","url_meta":{"origin":1158,"position":4},"title":"Novedades deco&#8230;Nos vemos en 1001 Atmosphera!","author":"Mar\u00eda \u2665Oui Oui\u2665","date":"21 septiembre, 2015","format":false,"excerpt":"Nada me gusta m\u00e1s cuando se acerca el oto\u00f1o que redecorar algunos rincones de casa, pensando en esos momentos de sof\u00e1, mantita y peli (que cada vez cuesta m\u00e1s encontrar un momento para ellos, pero que cuando lo tenemos disfrutamos el doble) y aprovechando que estaremos un poquito m\u00e1s en\u2026","rel":"","context":"En \u00abDECORACI\u00d3N\u00bb","block_context":{"text":"DECORACI\u00d3N","link":"https:\/\/oui-oui.es\/blog\/category\/decoracion-de-casa\/"},"img":{"alt_text":"","src":"https:\/\/i0.wp.com\/oui-oui.es\/blog\/wp-content\/uploads\/2015\/09\/Oui-Oui-Se%C3%B1ales-Luminosas.jpg?resize=350%2C200&ssl=1","width":350,"height":200,"srcset":"https:\/\/i0.wp.com\/oui-oui.es\/blog\/wp-content\/uploads\/2015\/09\/Oui-Oui-Se%C3%B1ales-Luminosas.jpg?resize=350%2C200&ssl=1 1x, https:\/\/i0.wp.com\/oui-oui.es\/blog\/wp-content\/uploads\/2015\/09\/Oui-Oui-Se%C3%B1ales-Luminosas.jpg?resize=525%2C300&ssl=1 1.5x"},"classes":[]},{"id":850,"url":"https:\/\/oui-oui.es\/blog\/novedades-novedosas-en-oui-oui-estamos-a-tope\/","url_meta":{"origin":1158,"position":5},"title":"Novedades novedosas en Oui Oui&#8230;Estamos a tope!","author":"Mar\u00eda \u2665Oui Oui\u2665","date":"25 junio, 2013","format":false,"excerpt":"Aunque me gusta contaros las Novedades de la tienda los lunes esta semana ser\u00e1 un poco diferente porque est\u00e1n llegando tantas cosas que no doy abasto!!, de hecho habr\u00e1 m\u00e1s novedades entre hoy y ma\u00f1ana...Pero de momento os cuento las que ya tenemos en la tienda ;) Como estas tazas\u2026","rel":"","context":"En \u00abBoda\u00bb","block_context":{"text":"Boda","link":"https:\/\/oui-oui.es\/blog\/category\/fiestas-celebraciones\/boda\/"},"img":{"alt_text":"","src":"https:\/\/i0.wp.com\/oui-oui.es\/blog\/wp-content\/uploads\/oui-oui-bandeja-madera-fruta-fresas.jpg?resize=350%2C200&ssl=1","width":350,"height":200,"srcset":"https:\/\/i0.wp.com\/oui-oui.es\/blog\/wp-content\/uploads\/oui-oui-bandeja-madera-fruta-fresas.jpg?resize=350%2C200&ssl=1 1x, https:\/\/i0.wp.com\/oui-oui.es\/blog\/wp-content\/uploads\/oui-oui-bandeja-madera-fruta-fresas.jpg?resize=525%2C300&ssl=1 1.5x"},"classes":[]}],"_links":{"self":[{"href":"https:\/\/oui-oui.es\/blog\/wp-json\/wp\/v2\/posts\/1158","targetHints":{"allow":["GET"]}}],"collection":[{"href":"https:\/\/oui-oui.es\/blog\/wp-json\/wp\/v2\/posts"}],"about":[{"href":"https:\/\/oui-oui.es\/blog\/wp-json\/wp\/v2\/types\/post"}],"author":[{"embeddable":true,"href":"https:\/\/oui-oui.es\/blog\/wp-json\/wp\/v2\/users\/1"}],"replies":[{"embeddable":true,"href":"https:\/\/oui-oui.es\/blog\/wp-json\/wp\/v2\/comments?post=1158"}],"version-history":[{"count":1,"href":"https:\/\/oui-oui.es\/blog\/wp-json\/wp\/v2\/posts\/1158\/revisions"}],"predecessor-version":[{"id":3251,"href":"https:\/\/oui-oui.es\/blog\/wp-json\/wp\/v2\/posts\/1158\/revisions\/3251"}],"wp:featuredmedia":[{"embeddable":true,"href":"https:\/\/oui-oui.es\/blog\/wp-json\/wp\/v2\/media\/3250"}],"wp:attachment":[{"href":"https:\/\/oui-oui.es\/blog\/wp-json\/wp\/v2\/media?parent=1158"}],"wp:term":[{"taxonomy":"category","embeddable":true,"href":"https:\/\/oui-oui.es\/blog\/wp-json\/wp\/v2\/categories?post=1158"},{"taxonomy":"post_tag","embeddable":true,"href":"https:\/\/oui-oui.es\/blog\/wp-json\/wp\/v2\/tags?post=1158"}],"curies":[{"name":"wp","href":"https:\/\/api.w.org\/{rel}","templated":true}]}}