{"id":1183,"date":"2014-01-30T00:34:59","date_gmt":"2014-01-29T23:34:59","guid":{"rendered":"http:\/\/ouiouiblog.wordpress.com\/?p=1183"},"modified":"2015-09-03T11:05:37","modified_gmt":"2015-09-03T09:05:37","slug":"el-carrito-camarera-mesa-auxiliar-de-ikea","status":"publish","type":"post","link":"https:\/\/oui-oui.es\/blog\/el-carrito-camarera-mesa-auxiliar-de-ikea\/","title":{"rendered":"El carrito-camarera-mesa auxiliar de Ikea"},"content":{"rendered":"<div id=\"attachment_1184\" style=\"width: 539px\" class=\"wp-caption aligncenter\"><a href=\"http:\/\/ouiouiblog.files.wordpress.com\/2014\/01\/oui-oui-carrito-camarera-madera-ikea-eat-drink-chic.jpg\"><img loading=\"lazy\" decoding=\"async\" aria-describedby=\"caption-attachment-1184\" class=\"size-full wp-image-1184\" src=\"http:\/\/ouiouiblog.files.wordpress.com\/2014\/01\/oui-oui-carrito-camarera-madera-ikea-eat-drink-chic.jpg\" alt=\"Eat, Drink, Chic\" width=\"529\" height=\"396\" \/><\/a><p id=\"caption-attachment-1184\" class=\"wp-caption-text\">Eat, Drink, Chic<\/p><\/div>\n<p style=\"text-align: center;\">Nada m\u00e1s verlo <strong>supe que lo quer\u00eda<\/strong> aunque no se me ocurr\u00eda ni para d\u00f3nde ni para qu\u00e9&#8230;Primero intent\u00e9 colarlo en la habitaci\u00f3n de Mart\u00edn, pero me di cuenta de que era demasiado capricho&#8230;As\u00ed que me convenc\u00ed a mi misma de que <strong>lo mejor era comprarlo<\/strong>, porque es de esas cosas que luego descatalogan (de hecho creo que ya no est\u00e1, he estado buscando el link en la p\u00e1gina de <a href=\"http:\/\/www.ikea.com\/es\/es\/\" target=\"_blank\">Ikea<\/a> y ni rastro..)<\/p>\n<p style=\"text-align: center;\"><a href=\"http:\/\/ouiouiblog.files.wordpress.com\/2014\/01\/oui-oui-meza-auxiliar-madera-con-rueda-ikea-mesa-carrito-madera-con-rueda-trendig-2013.jpg\"><img loading=\"lazy\" decoding=\"async\" class=\"aligncenter size-full wp-image-1191\" src=\"http:\/\/ouiouiblog.files.wordpress.com\/2014\/01\/oui-oui-meza-auxiliar-madera-con-rueda-ikea-mesa-carrito-madera-con-rueda-trendig-2013.jpg\" alt=\"Oui Oui-meza auxiliar madera con rueda ikea-mesa carrito madera con rueda-trendig 2013\" width=\"500\" height=\"500\" \/><\/a><\/p>\n<p style=\"text-align: center;\">Total, que lo compr\u00e9, <strong>pensando quiz\u00e1s en utilizarlo en alguna pop up como mesa auxiliar<\/strong>, aunque mientras tanto lo tengo en la <strong>oficina<\/strong> (est\u00e1 fenomenal porque su baja altura hace que los mangos quepan debajo de mi mesa, as\u00ed queda como una mesita auxiliar sin que estorven los dos palos salientes).<\/p>\n<p style=\"text-align: center;\"><a href=\"http:\/\/ouiouiblog.files.wordpress.com\/2014\/01\/oui-oui-carrito-camarera-mesa-auxiliar-con-rueda-madera-ikea-1.jpg\"><img loading=\"lazy\" decoding=\"async\" class=\"aligncenter size-full wp-image-1185\" src=\"http:\/\/ouiouiblog.files.wordpress.com\/2014\/01\/oui-oui-carrito-camarera-mesa-auxiliar-con-rueda-madera-ikea-1.jpg\" alt=\"Oui Oui-carrito-camarera-mesa auxiliar con rueda-madera-ikea (1)\" width=\"529\" height=\"750\" \/><\/a><\/p>\n<p style=\"text-align: center;\">Pero cada vez que lo miro lo visualizo como <strong>carrito en una fiesta<\/strong>, es verdad que es bajo (debe medir unos 60cm. de alto aprox.), pero para un <a href=\"http:\/\/www.oui-oui.es\/31-fiestas-y-cumpleanos\" target=\"_blank\"><strong>cumple o una fiesta de ni\u00f1os<\/strong><\/a> puede quedar genial&#8230;Customizado como <strong>carrito de helados mini<\/strong>, o un <strong>puestecillo de perritos<\/strong> (por cierto, tengo una sorpresa con \u00abperritos\u00bb para esta primavera que me muero por ense\u00f1aros porque me chifl\u00f3 nada mas verla&#8230;Mi madre va a querelo para las barbacoas de verano seguro!).<\/p>\n<p style=\"text-align: center;\"><a href=\"http:\/\/ouiouiblog.files.wordpress.com\/2014\/01\/oui-oui-carrito-camarera-mesa-auxiliar-con-rueda-madera-ikea-5.jpg\"><img loading=\"lazy\" decoding=\"async\" class=\"aligncenter size-full wp-image-1189\" src=\"http:\/\/ouiouiblog.files.wordpress.com\/2014\/01\/oui-oui-carrito-camarera-mesa-auxiliar-con-rueda-madera-ikea-5.jpg\" alt=\"Oui Oui-carrito-camarera-mesa auxiliar con rueda-madera-ikea (5)\" width=\"529\" height=\"750\" \/><\/a><\/p>\n<p style=\"text-align: center;\">Me puse a buscar en <a href=\"http:\/\/www.pinterest.com\/ouiouidetalles\" target=\"_blank\"><strong>Pinterest<\/strong> <\/a>por si hab\u00eda alguien que lo hab\u00eda hecho ya, o he buscado mal o no hay ninuna foto&#8230;Eso s\u00ed, hay varias del <strong>carrito como mesa auxiliar<\/strong> que queda ideal tambi\u00e9n!, bueno, la de arriba del todo como mesa auxiliar de fiesta tambi\u00e9n queda genial!<\/p>\n<p style=\"text-align: center;\"><a href=\"http:\/\/ouiouiblog.files.wordpress.com\/2014\/01\/oui-oui-carrito-camarera-mesa-auxiliar-con-rueda-madera-ikea-2.jpg\"><img loading=\"lazy\" decoding=\"async\" class=\"aligncenter size-full wp-image-1186\" src=\"http:\/\/ouiouiblog.files.wordpress.com\/2014\/01\/oui-oui-carrito-camarera-mesa-auxiliar-con-rueda-madera-ikea-2.jpg\" alt=\"Oui Oui-carrito-camarera-mesa auxiliar con rueda-madera-ikea (2)\" width=\"236\" height=\"354\" \/><\/a><\/p>\n<p style=\"text-align: center;\">Y vosotros, <strong>\u00bfalguien m\u00e1s lo tiene?, \u00bfle hab\u00e9is buscado un uso distinto?<\/strong><\/p>\n","protected":false},"excerpt":{"rendered":"<p>Nada m\u00e1s verlo supe que lo quer\u00eda aunque no se me ocurr\u00eda ni para d\u00f3nde ni para qu\u00e9&#8230;Primero intent\u00e9 colarlo en la habitaci\u00f3n de Mart\u00edn, pero me di cuenta de que era demasiado capricho&#8230;As\u00ed que me convenc\u00ed a mi misma de que lo mejor era comprarlo, porque es de esas cosas que luego descatalogan (de [&hellip;]<\/p>\n","protected":false},"author":1,"featured_media":3248,"comment_status":"open","ping_status":"open","sticky":false,"template":"","format":"standard","meta":{"jetpack_post_was_ever_published":false,"_jetpack_newsletter_access":"","_jetpack_dont_email_post_to_subs":false,"_jetpack_newsletter_tier_id":0,"_jetpack_memberships_contains_paywalled_content":false,"_jetpack_memberships_contains_paid_content":false,"footnotes":"","jetpack_publicize_message":"","jetpack_publicize_feature_enabled":true,"jetpack_social_post_already_shared":false,"jetpack_social_options":{"image_generator_settings":{"template":"highway","default_image_id":0,"font":"","enabled":false},"version":2}},"categories":[7],"tags":[53],"class_list":["post-1183","post","type-post","status-publish","format-standard","has-post-thumbnail","hentry","category-fiestas-celebraciones","tag-candy-bar"],"aioseo_notices":[],"jetpack_publicize_connections":[],"jetpack_featured_media_url":"https:\/\/oui-oui.es\/blog\/wp-content\/uploads\/2014\/01\/oui-oui-carrito-camarera-madera-ikea-eat-drink-chic.jpg","jetpack_sharing_enabled":true,"jetpack-related-posts":[{"id":4192,"url":"https:\/\/oui-oui.es\/blog\/oda-a-la-madera-natural-flisat-ikea\/","url_meta":{"origin":1183,"position":0},"title":"Oda a la madera natural | Flisat Ikea","author":"Mar\u00eda \u2665Oui Oui\u2665","date":"14 abril, 2016","format":false,"excerpt":"Descubro en el blog de Teresa la \u00faltima colecci\u00f3n de muebles de Ikea para ni\u00f1os y no puedo resistirme a compartirla porque me chifla toda, de hecho me dan ganas de cambiar cosas de la habitaci\u00f3n de Mart\u00edn, aunque voy a intentar contenerme hasta que tenga que redistribuirla porque Frida\u2026","rel":"","context":"En \u00abDECORACI\u00d3N\u00bb","block_context":{"text":"DECORACI\u00d3N","link":"https:\/\/oui-oui.es\/blog\/category\/decoracion-de-casa\/"},"img":{"alt_text":"","src":"https:\/\/i0.wp.com\/oui-oui.es\/blog\/wp-content\/uploads\/2016\/04\/Oui-Oui-coleccion-FLISAT-IKEA-juguetes-de-madera.jpg?resize=350%2C200&ssl=1","width":350,"height":200,"srcset":"https:\/\/i0.wp.com\/oui-oui.es\/blog\/wp-content\/uploads\/2016\/04\/Oui-Oui-coleccion-FLISAT-IKEA-juguetes-de-madera.jpg?resize=350%2C200&ssl=1 1x, https:\/\/i0.wp.com\/oui-oui.es\/blog\/wp-content\/uploads\/2016\/04\/Oui-Oui-coleccion-FLISAT-IKEA-juguetes-de-madera.jpg?resize=525%2C300&ssl=1 1.5x"},"classes":[]},{"id":3410,"url":"https:\/\/oui-oui.es\/blog\/3410-2\/","url_meta":{"origin":1183,"position":1},"title":"\u00bfCama de madera o de barrotes de metal? dudando en Ikea","author":"Mar\u00eda \u2665Oui Oui\u2665","date":"1 octubre, 2015","format":false,"excerpt":"Despu\u00e9s de darle tantas vueltas a la cama Montessori para Mart\u00edn como os contaba en este post , acabamos comprando una cama en Ikea, porque cuando le cambiamos ten\u00eda ya casi dos a\u00f1os (ya es grande) y se sube y baja perfectamente de una cama bajita (para el siguiente me\u2026","rel":"","context":"En \u00abMATERNIDAD\u00bb","block_context":{"text":"MATERNIDAD","link":"https:\/\/oui-oui.es\/blog\/category\/maternidad\/"},"img":{"alt_text":"","src":"https:\/\/i0.wp.com\/oui-oui.es\/blog\/wp-content\/uploads\/2015\/09\/Oui-Oui-cama-montessori-habitacion-babyoui-cama-ikea-ni%C3%B1os-barrotes.jpg?resize=350%2C200&ssl=1","width":350,"height":200,"srcset":"https:\/\/i0.wp.com\/oui-oui.es\/blog\/wp-content\/uploads\/2015\/09\/Oui-Oui-cama-montessori-habitacion-babyoui-cama-ikea-ni%C3%B1os-barrotes.jpg?resize=350%2C200&ssl=1 1x, https:\/\/i0.wp.com\/oui-oui.es\/blog\/wp-content\/uploads\/2015\/09\/Oui-Oui-cama-montessori-habitacion-babyoui-cama-ikea-ni%C3%B1os-barrotes.jpg?resize=525%2C300&ssl=1 1.5x, https:\/\/i0.wp.com\/oui-oui.es\/blog\/wp-content\/uploads\/2015\/09\/Oui-Oui-cama-montessori-habitacion-babyoui-cama-ikea-ni%C3%B1os-barrotes.jpg?resize=700%2C400&ssl=1 2x, https:\/\/i0.wp.com\/oui-oui.es\/blog\/wp-content\/uploads\/2015\/09\/Oui-Oui-cama-montessori-habitacion-babyoui-cama-ikea-ni%C3%B1os-barrotes.jpg?resize=1050%2C600&ssl=1 3x, https:\/\/i0.wp.com\/oui-oui.es\/blog\/wp-content\/uploads\/2015\/09\/Oui-Oui-cama-montessori-habitacion-babyoui-cama-ikea-ni%C3%B1os-barrotes.jpg?resize=1400%2C800&ssl=1 4x"},"classes":[]},{"id":230,"url":"https:\/\/oui-oui.es\/blog\/pensando-ya-en-el-arbol-de-navidad\/","url_meta":{"origin":1183,"position":2},"title":"Pensando ya en el \u00e1rbol de Navidad","author":"Mar\u00eda \u2665Oui Oui\u2665","date":"3 diciembre, 2012","format":false,"excerpt":"Cada vez me gusta m\u00e1s la idea de tener un \u00e1rbol de navidad diferente y que ocupe poco, es m\u00e1s, cada vez me gustan m\u00e1s los \u00e1rboles de Navidad de pared. El a\u00f1o pasado opt\u00e9 por la versi\u00f3n \u00e1rbol de post-it y este a\u00f1o a\u00fan lo estoy pensando. Acabo de\u2026","rel":"","context":"En \u00abDECORACI\u00d3N\u00bb","block_context":{"text":"DECORACI\u00d3N","link":"https:\/\/oui-oui.es\/blog\/category\/decoracion-de-casa\/"},"img":{"alt_text":"","src":"https:\/\/i0.wp.com\/oui-oui.es\/blog\/wp-content\/uploads\/oui-oui-ideas-originales-arbol-navidad.jpg?resize=350%2C200&ssl=1","width":350,"height":200},"classes":[]},{"id":10192,"url":"https:\/\/oui-oui.es\/blog\/llega-el-frio-y-con-el-las-alfombras\/","url_meta":{"origin":1183,"position":3},"title":"Llega el fr\u00edo y con \u00e9l \u00a1las alfombras!","author":"Mar\u00eda \u2665Oui Oui\u2665","date":"14 octubre, 2019","format":false,"excerpt":"Se me acumulan los post deco \u00a1lo s\u00e9! pero una de las cosas que m\u00e1s me gustan del blog es escribir por impulso. Cuando estoy buscando algo, encuentro varias que me gustan y pienso \u00a1tengo que compartirlas!. Me pas\u00f3 la semana pasada con cojines pero el trabajo hizo que me\u2026","rel":"","context":"En \u00abDECORACI\u00d3N\u00bb","block_context":{"text":"DECORACI\u00d3N","link":"https:\/\/oui-oui.es\/blog\/category\/decoracion-de-casa\/"},"img":{"alt_text":"","src":"https:\/\/i0.wp.com\/oui-oui.es\/blog\/wp-content\/uploads\/2019\/10\/Oui-Oui-alfombra-bereber-amarillo-y-negro-rue-vintage-alfombras-con-estilo.jpg?resize=350%2C200&ssl=1","width":350,"height":200,"srcset":"https:\/\/i0.wp.com\/oui-oui.es\/blog\/wp-content\/uploads\/2019\/10\/Oui-Oui-alfombra-bereber-amarillo-y-negro-rue-vintage-alfombras-con-estilo.jpg?resize=350%2C200&ssl=1 1x, https:\/\/i0.wp.com\/oui-oui.es\/blog\/wp-content\/uploads\/2019\/10\/Oui-Oui-alfombra-bereber-amarillo-y-negro-rue-vintage-alfombras-con-estilo.jpg?resize=525%2C300&ssl=1 1.5x"},"classes":[]},{"id":6024,"url":"https:\/\/oui-oui.es\/blog\/secretos-del-agua-o-como-tener-buena-cara-siempre\/","url_meta":{"origin":1183,"position":4},"title":"Secretos del agua o c\u00f3mo tener buena cara siempre","author":"Mar\u00eda \u2665Oui Oui\u2665","date":"10 julio, 2017","format":false,"excerpt":"Este no es un blog de belleza, pero si encuentro algo que me est\u00e9 resultando, \u00a1tengo que compartirlo! y eso me pas\u00f3 con Secretos del Agua; me invitaron a la presentaci\u00f3n de sus productos (como otras tantas invitaciones; no lo digo por presumir, sino para que sep\u00e1is que s\u00f3lo lo\u2026","rel":"","context":"En \u00abESTILO DE VIDA\u00bb","block_context":{"text":"ESTILO DE VIDA","link":"https:\/\/oui-oui.es\/blog\/category\/lifestyle-2\/"},"img":{"alt_text":"","src":"https:\/\/i0.wp.com\/oui-oui.es\/blog\/wp-content\/uploads\/2017\/07\/Oui-Oui-secretos-del-agua-pureza.jpg?resize=350%2C200&ssl=1","width":350,"height":200,"srcset":"https:\/\/i0.wp.com\/oui-oui.es\/blog\/wp-content\/uploads\/2017\/07\/Oui-Oui-secretos-del-agua-pureza.jpg?resize=350%2C200&ssl=1 1x, https:\/\/i0.wp.com\/oui-oui.es\/blog\/wp-content\/uploads\/2017\/07\/Oui-Oui-secretos-del-agua-pureza.jpg?resize=525%2C300&ssl=1 1.5x, https:\/\/i0.wp.com\/oui-oui.es\/blog\/wp-content\/uploads\/2017\/07\/Oui-Oui-secretos-del-agua-pureza.jpg?resize=700%2C400&ssl=1 2x, https:\/\/i0.wp.com\/oui-oui.es\/blog\/wp-content\/uploads\/2017\/07\/Oui-Oui-secretos-del-agua-pureza.jpg?resize=1050%2C600&ssl=1 3x, https:\/\/i0.wp.com\/oui-oui.es\/blog\/wp-content\/uploads\/2017\/07\/Oui-Oui-secretos-del-agua-pureza.jpg?resize=1400%2C800&ssl=1 4x"},"classes":[]},{"id":9602,"url":"https:\/\/oui-oui.es\/blog\/el-tercer-cumple-de-frida\/","url_meta":{"origin":1183,"position":5},"title":"El tercer cumple de Frida","author":"Mar\u00eda \u2665Oui Oui\u2665","date":"12 febrero, 2019","format":false,"excerpt":"El domingo celebramos el tercer cumplea\u00f1os de Frida, cuando lo empezamos a plantear hace meses d\u00ed por hecho que estar\u00edamos en nuestra nueva casa, as\u00ed que pensando en los temas de la fiesta acabamos decidiendo que ser\u00eda \"La fiesta de la plastilina\" , ya me imaginaba mi cocina nueva llena\u2026","rel":"","context":"En \u00abFIESTAS y CELEBRACIONES\u00bb","block_context":{"text":"FIESTAS y CELEBRACIONES","link":"https:\/\/oui-oui.es\/blog\/category\/fiestas-celebraciones\/"},"img":{"alt_text":"","src":"https:\/\/i0.wp.com\/oui-oui.es\/blog\/wp-content\/uploads\/2019\/02\/Oui-Oui-cumplea%C3%B1os-infantiles-espacio-la-galerie-local-cumplea%C3%B1os-tarta-ten-cook-2.jpg?resize=350%2C200&ssl=1","width":350,"height":200,"srcset":"https:\/\/i0.wp.com\/oui-oui.es\/blog\/wp-content\/uploads\/2019\/02\/Oui-Oui-cumplea%C3%B1os-infantiles-espacio-la-galerie-local-cumplea%C3%B1os-tarta-ten-cook-2.jpg?resize=350%2C200&ssl=1 1x, https:\/\/i0.wp.com\/oui-oui.es\/blog\/wp-content\/uploads\/2019\/02\/Oui-Oui-cumplea%C3%B1os-infantiles-espacio-la-galerie-local-cumplea%C3%B1os-tarta-ten-cook-2.jpg?resize=525%2C300&ssl=1 1.5x, https:\/\/i0.wp.com\/oui-oui.es\/blog\/wp-content\/uploads\/2019\/02\/Oui-Oui-cumplea%C3%B1os-infantiles-espacio-la-galerie-local-cumplea%C3%B1os-tarta-ten-cook-2.jpg?resize=700%2C400&ssl=1 2x, https:\/\/i0.wp.com\/oui-oui.es\/blog\/wp-content\/uploads\/2019\/02\/Oui-Oui-cumplea%C3%B1os-infantiles-espacio-la-galerie-local-cumplea%C3%B1os-tarta-ten-cook-2.jpg?resize=1050%2C600&ssl=1 3x, https:\/\/i0.wp.com\/oui-oui.es\/blog\/wp-content\/uploads\/2019\/02\/Oui-Oui-cumplea%C3%B1os-infantiles-espacio-la-galerie-local-cumplea%C3%B1os-tarta-ten-cook-2.jpg?resize=1400%2C800&ssl=1 4x"},"classes":[]}],"_links":{"self":[{"href":"https:\/\/oui-oui.es\/blog\/wp-json\/wp\/v2\/posts\/1183","targetHints":{"allow":["GET"]}}],"collection":[{"href":"https:\/\/oui-oui.es\/blog\/wp-json\/wp\/v2\/posts"}],"about":[{"href":"https:\/\/oui-oui.es\/blog\/wp-json\/wp\/v2\/types\/post"}],"author":[{"embeddable":true,"href":"https:\/\/oui-oui.es\/blog\/wp-json\/wp\/v2\/users\/1"}],"replies":[{"embeddable":true,"href":"https:\/\/oui-oui.es\/blog\/wp-json\/wp\/v2\/comments?post=1183"}],"version-history":[{"count":1,"href":"https:\/\/oui-oui.es\/blog\/wp-json\/wp\/v2\/posts\/1183\/revisions"}],"predecessor-version":[{"id":3249,"href":"https:\/\/oui-oui.es\/blog\/wp-json\/wp\/v2\/posts\/1183\/revisions\/3249"}],"wp:featuredmedia":[{"embeddable":true,"href":"https:\/\/oui-oui.es\/blog\/wp-json\/wp\/v2\/media\/3248"}],"wp:attachment":[{"href":"https:\/\/oui-oui.es\/blog\/wp-json\/wp\/v2\/media?parent=1183"}],"wp:term":[{"taxonomy":"category","embeddable":true,"href":"https:\/\/oui-oui.es\/blog\/wp-json\/wp\/v2\/categories?post=1183"},{"taxonomy":"post_tag","embeddable":true,"href":"https:\/\/oui-oui.es\/blog\/wp-json\/wp\/v2\/tags?post=1183"}],"curies":[{"name":"wp","href":"https:\/\/api.w.org\/{rel}","templated":true}]}}