{"id":1195,"date":"2014-01-31T02:19:07","date_gmt":"2014-01-31T01:19:07","guid":{"rendered":"http:\/\/ouiouiblog.wordpress.com\/?p=1195"},"modified":"2015-09-03T11:04:32","modified_gmt":"2015-09-03T09:04:32","slug":"%e2%99%a5-paper-lover-%e2%99%a5","status":"publish","type":"post","link":"https:\/\/oui-oui.es\/blog\/%e2%99%a5-paper-lover-%e2%99%a5\/","title":{"rendered":"\u2665 Paper Lover \u2665"},"content":{"rendered":"<p style=\"text-align: center;\"><a href=\"http:\/\/ouiouiblog.files.wordpress.com\/2014\/01\/oui-oui-paper-lover-decorar-con-fotos.jpg\"><img loading=\"lazy\" decoding=\"async\" class=\"aligncenter size-full wp-image-1200\" src=\"http:\/\/ouiouiblog.files.wordpress.com\/2014\/01\/oui-oui-paper-lover-decorar-con-fotos.jpg\" alt=\"Oui Oui-paper lover-decorar con fotos\" width=\"523\" height=\"524\" \/><\/a><\/p>\n<p style=\"text-align: center;\">Seguro que tienes cientos de fotos en el tel\u00e9fono <em>pendientes de revelar, <\/em>y seguro que llevas <strong>tiempo pensando en archivarlas<\/strong>, organizarlas y despu\u00e9s imprimir algunas, para guardar en el \u00e1lbum o poner en un marco.<\/p>\n<p style=\"text-align: center;\"><a href=\"http:\/\/ouiouiblog.files.wordpress.com\/2014\/01\/oui-oui-paper-lover-app-imprimir-fotos.jpg\"><img loading=\"lazy\" decoding=\"async\" class=\"aligncenter size-full wp-image-1198\" src=\"http:\/\/ouiouiblog.files.wordpress.com\/2014\/01\/oui-oui-paper-lover-app-imprimir-fotos.jpg\" alt=\"Oui Oui-paper lover-app imprimir fotos\" width=\"529\" height=\"515\" \/><\/a><\/p>\n<p style=\"text-align: center;\">Yo tambi\u00e9n, tengo unas 8.000 fotos en el Iphone que me empiezan a hacer ingestionable si quiera el archivo, y eso que tengo tambi\u00e9n muchas subcarpetas, pero a\u00fan as\u00ed se hace dif\u00edcil, s\u00f3lo de Mart\u00edn en cuatro meses tengo m\u00e1s de 700 (si, soy una loca de las fotos con el m\u00f3vil, lo confieso), he tenido que hacer otra carpeta con las fotos <em>de ense\u00f1ar<\/em> cuando alguien me lo pide, porque sino me tiraba media hora pasando fotos; \u00abno espera, que est\u00e1 m\u00e1s mono en esta otra&#8230;\u00bb, a ver d\u00f3nde est\u00e1 en la que hace pucheros&#8230;<\/p>\n<p style=\"text-align: center;\"><a href=\"http:\/\/ouiouiblog.files.wordpress.com\/2014\/01\/oui-oui-paper-lover.jpg\"><img loading=\"lazy\" decoding=\"async\" class=\"aligncenter size-full wp-image-1197\" src=\"http:\/\/ouiouiblog.files.wordpress.com\/2014\/01\/oui-oui-paper-lover.jpg\" alt=\"Oui Oui-paper lover\" width=\"529\" height=\"501\" \/><\/a><\/p>\n<p style=\"text-align: center;\">As\u00ed que cuando conoc\u00ed <a href=\"http:\/\/www.paperlover.com\/\" target=\"_blank\"><strong>Paper Lover<\/strong><\/a> lo primero que pens\u00e9 fu\u00e9 en <strong>autorregalarme una de sus cajitas<\/strong>, y al ver esta foto tuve claro de qu\u00e9 me la iba a hacer.<\/p>\n<p style=\"text-align: center;\"><a href=\"http:\/\/ouiouiblog.files.wordpress.com\/2014\/01\/oui-oui-regalo-original-bebc3a9-paper-lover-fotos-bebc3a9.jpg\"><img loading=\"lazy\" decoding=\"async\" class=\"aligncenter size-full wp-image-1202\" src=\"http:\/\/ouiouiblog.files.wordpress.com\/2014\/01\/oui-oui-regalo-original-bebc3a9-paper-lover-fotos-bebc3a9.jpg\" alt=\"Oui Oui-regalo original beb\u00e9.paper lover-fotos beb\u00e9\" width=\"529\" height=\"520\" \/><\/a><\/p>\n<p style=\"text-align: center;\">\u00bfQu\u00e9 es <strong>Paper Lover<\/strong>?, es una <strong>app para Iphone<\/strong> (pronto para otros dispositivos) que te permite <strong>seleccionar las fotos que quieres, enviarlas directamente a revelar<\/strong> y <strong>en menos de 5 d\u00edas las tienes en casa<\/strong>, en una <strong>cajita muy mona de cart\u00f3n kraft<\/strong> y, si quieres, con una <strong>tarjetita personalizada<\/strong>&#8230;Adem\u00e1s de muy c\u00f3modo, es perfecto para regalar, recordando un momento especial, un viaje de amigas, los trocitos de vuestra historia en fotos&#8230;<\/p>\n<p style=\"text-align: center;\"><a href=\"http:\/\/ouiouiblog.files.wordpress.com\/2014\/01\/oui-oui-regalo-original-amigas-paper-lover.jpg\"><img loading=\"lazy\" decoding=\"async\" class=\"aligncenter size-full wp-image-1201\" src=\"http:\/\/ouiouiblog.files.wordpress.com\/2014\/01\/oui-oui-regalo-original-amigas-paper-lover.jpg\" alt=\"Oui Oui-regalo original amigas-paper lover\" width=\"529\" height=\"456\" \/><\/a><\/p>\n<p style=\"text-align: center;\">Puedes hacer la <strong>cajita hasta con 47 fotograf\u00edas<\/strong> (por s\u00f3lo 17\u20ac!) , todas ser\u00e1n impresas en formato cuadrado 10 x 10 (estilo polaroid), perfectas para colgar con una <a href=\"http:\/\/www.oui-oui.es\/papeleria-regalos-craft\/347-caja-pincitas-de-madera.html\" target=\"_blank\">pincita<\/a>, hacer un collage o tu propio scrapbook.<\/p>\n<p style=\"text-align: center;\"><a href=\"http:\/\/ouiouiblog.files.wordpress.com\/2014\/01\/oui-oui-collage-fotos-paper-lover.jpg\"><img loading=\"lazy\" decoding=\"async\" class=\"aligncenter size-full wp-image-1196\" src=\"http:\/\/ouiouiblog.files.wordpress.com\/2014\/01\/oui-oui-collage-fotos-paper-lover.jpg\" alt=\"Oui Oui-collage fotos-paper lover\" width=\"529\" height=\"514\" \/><\/a><\/p>\n<p style=\"text-align: center;\">Yo me he propuesto hacer <strong>una carpeta de cada mes<\/strong> de Mart\u00edn e<strong> imprimir cada tres<\/strong>&#8230;Y despu\u00e9s hacerle un \u00e1lbum mon\u00edsimo de scrapbooking, a ver si lo consigo!<\/p>\n<p style=\"text-align: center;\"><a href=\"http:\/\/ouiouiblog.files.wordpress.com\/2014\/01\/oui-oui-paper-lover-cajita-bebc3a9.jpg\"><img loading=\"lazy\" decoding=\"async\" class=\"aligncenter size-full wp-image-1199\" src=\"http:\/\/ouiouiblog.files.wordpress.com\/2014\/01\/oui-oui-paper-lover-cajita-bebc3a9.jpg\" alt=\"Oui Oui-paper lover-cajita beb\u00e9\" width=\"405\" height=\"524\" \/><\/a><\/p>\n<p style=\"text-align: center;\">Para <a href=\"http:\/\/www.oui-oui.es\/36-san-valentin\" target=\"_blank\"><strong>San Valent\u00edn<\/strong><\/a> tambi\u00e9n es una buen\u00edsima idea, adem\u00e1s han creado una edici\u00f3n especial con <strong>flechitas hechas a mano<\/strong>, mon\u00edsimas!<\/p>\n<p style=\"text-align: center;\"><a href=\"http:\/\/ouiouiblog.files.wordpress.com\/2014\/01\/oui-oui-paper-lover-san-valentin-2.jpg\"><img loading=\"lazy\" decoding=\"async\" class=\"aligncenter size-full wp-image-1204\" src=\"http:\/\/ouiouiblog.files.wordpress.com\/2014\/01\/oui-oui-paper-lover-san-valentin-2.jpg\" alt=\"Oui Oui-paper lover-san valentin (2)\" width=\"529\" height=\"467\" \/><\/a><\/p>\n<p style=\"text-align: center;\">Y ahora viene lo mejor&#8230;<strong>UNA PUEDE SER TUYA!!!<\/strong>, pues voy a <strong>SORTEAR una cajita Paper Lover<\/strong> entre todos los <strong>pedidos<\/strong> <strong>desde HOY hasta el LUNES a las 23.59<\/strong> (contactar\u00e9 con el ganador\/a el martes) que <strong>INCLUYAN ALG\u00daN PRODUCTO<\/strong> de la categor\u00eda <strong><a href=\"http:\/\/www.oui-oui.es\/36-san-valentin\" target=\"_blank\">SAN VALENT\u00cdN<\/a>.<\/strong><\/p>\n<p style=\"text-align: center;\">Pod\u00e9is ver <strong><a href=\"http:\/\/www.oui-oui.es\/36-san-valentin\" target=\"_blank\">aqu\u00ed <\/a><\/strong>todos!!<\/p>\n<p style=\"text-align: center;\"><a href=\"http:\/\/ouiouiblog.files.wordpress.com\/2014\/01\/oui-oui-paper-lover-san-valentin-1.jpg\"><img loading=\"lazy\" decoding=\"async\" class=\"aligncenter size-full wp-image-1203\" src=\"http:\/\/ouiouiblog.files.wordpress.com\/2014\/01\/oui-oui-paper-lover-san-valentin-1.jpg\" alt=\"Oui Oui-paper lover-san valentin (1)\" width=\"529\" height=\"605\" \/><\/a><\/p>\n<p style=\"text-align: center;\">Si te toca, podr\u00e1s pedir la <strong>cajita edici\u00f3n especial San Valent\u00edn<\/strong> hasta el d\u00eda 10 o si haces el pedido despu\u00e9s;\u00a0 la edici\u00f3n normal.<\/p>\n<p style=\"text-align: center;\">Acabamos enero\/empezamos febrero con muy buen pie!&#8230;El lunes m\u00e1s sorpresas!!!<\/p>\n<p style=\"text-align: center;\">\u2665\u2665\u2665\u2665\u2665\u2665\u2665\u2665\u2665\u2665\u2665\u2665\u2665\u2665\u2665\u2665\u2665\u2665\u2665\u2665\u2665\u2665\u2665\u2665\u2665\u2665\u2665\u2665\u2665\u2665\u2665\u2665\u2665\u2665\u2665\u2665\u2665\u2665\u2665\u2665\u2665\u2665\u2665\u2665\u2665\u2665\u2665\u2665\u2665\u2665<\/p>\n<p>&nbsp;<\/p>\n","protected":false},"excerpt":{"rendered":"<p>Seguro que tienes cientos de fotos en el tel\u00e9fono pendientes de revelar, y seguro que llevas tiempo pensando en archivarlas, organizarlas y despu\u00e9s imprimir algunas, para guardar en el \u00e1lbum o poner en un marco. Yo tambi\u00e9n, tengo unas 8.000 fotos en el Iphone que me empiezan a hacer ingestionable si quiera el archivo, y [&hellip;]<\/p>\n","protected":false},"author":1,"featured_media":3246,"comment_status":"open","ping_status":"open","sticky":false,"template":"","format":"standard","meta":{"jetpack_post_was_ever_published":false,"_jetpack_newsletter_access":"","_jetpack_dont_email_post_to_subs":false,"_jetpack_newsletter_tier_id":0,"_jetpack_memberships_contains_paywalled_content":false,"_jetpack_memberships_contains_paid_content":false,"footnotes":"","jetpack_publicize_message":"","jetpack_publicize_feature_enabled":true,"jetpack_social_post_already_shared":false,"jetpack_social_options":{"image_generator_settings":{"template":"highway","default_image_id":0,"font":"","enabled":false},"version":2}},"categories":[176,15,11,19],"tags":[],"class_list":["post-1195","post","type-post","status-publish","format-standard","has-post-thumbnail","hentry","category-a-un-chico","category-por-el-aniversario","category-no-se-que-regalar","category-san-valentin"],"aioseo_notices":[],"jetpack_publicize_connections":[],"jetpack_featured_media_url":"https:\/\/oui-oui.es\/blog\/wp-content\/uploads\/2014\/01\/oui-oui-paper-lover-app-imprimir-fotos.jpg","jetpack_sharing_enabled":true,"jetpack-related-posts":[{"id":2357,"url":"https:\/\/oui-oui.es\/blog\/frida-california-mix\/","url_meta":{"origin":1195,"position":0},"title":"Frida &#038; California mix","author":"Mar\u00eda \u2665Oui Oui\u2665","date":"18 mayo, 2015","format":false,"excerpt":"Inspirada en las pinturas de Frida Kahlo, mezclando la belleza infantil del folklore mexicano con la cultura biker californiana, la marca Bellerose ha presentado\u00a0una colecci\u00f3n que mezcla los g\u00e9neros, jugando con diferentes estilos y, sobretodo, con unas im\u00e1genes muy potentes,\u00a0como si fueran pinturas, geniales, verdad? El tocado de la ni\u00f1a\u2026","rel":"","context":"En \u00abNI\u00d1OS Y NI\u00d1AS\u00bb","block_context":{"text":"NI\u00d1OS Y NI\u00d1AS","link":"https:\/\/oui-oui.es\/blog\/category\/ninos\/"},"img":{"alt_text":"","src":"https:\/\/i0.wp.com\/oui-oui.es\/blog\/wp-content\/uploads\/2015\/05\/oui-oui-blog-concept-store-bellerose-fotos-nic3b1os-flores-cabeza-1.jpg?resize=350%2C200&ssl=1","width":350,"height":200,"srcset":"https:\/\/i0.wp.com\/oui-oui.es\/blog\/wp-content\/uploads\/2015\/05\/oui-oui-blog-concept-store-bellerose-fotos-nic3b1os-flores-cabeza-1.jpg?resize=350%2C200&ssl=1 1x, https:\/\/i0.wp.com\/oui-oui.es\/blog\/wp-content\/uploads\/2015\/05\/oui-oui-blog-concept-store-bellerose-fotos-nic3b1os-flores-cabeza-1.jpg?resize=525%2C300&ssl=1 1.5x"},"classes":[]},{"id":1441,"url":"https:\/\/oui-oui.es\/blog\/la-cabanita-de-verde-pimienta\/","url_meta":{"origin":1195,"position":1},"title":"La caba\u00f1ita de Verde Pimienta","author":"Mar\u00eda \u2665Oui Oui\u2665","date":"21 marzo, 2014","format":false,"excerpt":"Despu\u00e9s de pasar el d\u00eda tan estupendo con Su\u00e1rez el a\u00f1o pasado ten\u00eda muchas ganas de conocer la caba\u00f1a de madera llena de flores de la que me hab\u00edan hablado y, por fin, hace unas semanas tuve la oportunidad!, y encima para hacer mi propio ramo y tomar unos gin\u2026","rel":"","context":"En \u00abBoda\u00bb","block_context":{"text":"Boda","link":"https:\/\/oui-oui.es\/blog\/category\/fiestas-celebraciones\/boda\/"},"img":{"alt_text":"","src":"https:\/\/i0.wp.com\/oui-oui.es\/blog\/wp-content\/uploads\/2014\/03\/oui-oui-verde-pimienta-ramos-novia-madrid-1.jpg?resize=350%2C200&ssl=1","width":350,"height":200,"srcset":"https:\/\/i0.wp.com\/oui-oui.es\/blog\/wp-content\/uploads\/2014\/03\/oui-oui-verde-pimienta-ramos-novia-madrid-1.jpg?resize=350%2C200&ssl=1 1x, https:\/\/i0.wp.com\/oui-oui.es\/blog\/wp-content\/uploads\/2014\/03\/oui-oui-verde-pimienta-ramos-novia-madrid-1.jpg?resize=525%2C300&ssl=1 1.5x, https:\/\/i0.wp.com\/oui-oui.es\/blog\/wp-content\/uploads\/2014\/03\/oui-oui-verde-pimienta-ramos-novia-madrid-1.jpg?resize=700%2C400&ssl=1 2x, https:\/\/i0.wp.com\/oui-oui.es\/blog\/wp-content\/uploads\/2014\/03\/oui-oui-verde-pimienta-ramos-novia-madrid-1.jpg?resize=1050%2C600&ssl=1 3x, https:\/\/i0.wp.com\/oui-oui.es\/blog\/wp-content\/uploads\/2014\/03\/oui-oui-verde-pimienta-ramos-novia-madrid-1.jpg?resize=1400%2C800&ssl=1 4x"},"classes":[]},{"id":3957,"url":"https:\/\/oui-oui.es\/blog\/5-ideas-para-regalar-en-san-valentin\/","url_meta":{"origin":1195,"position":2},"title":"7 ideas para regalar en San Valent\u00edn","author":"Mar\u00eda \u2665Oui Oui\u2665","date":"1 febrero, 2016","format":false,"excerpt":"Este a\u00f1o San Valent\u00edn cae en domingo, perfecto para celebrarlo con un buen desayuno en la cama, un brunch en un sitio chulo o para que te de tiempo desde el viernes anterior a comprar algo si has tenido la semana muy liada ;)...\u00a1No hay excusa! Aparte de regalar algo\u2026","rel":"","context":"En \u00abSan Valent\u00edn\u00bb","block_context":{"text":"San Valent\u00edn","link":"https:\/\/oui-oui.es\/blog\/category\/no-se-que-regalar\/san-valentin\/"},"img":{"alt_text":"","src":"https:\/\/i0.wp.com\/oui-oui.es\/blog\/wp-content\/uploads\/2016\/01\/Oui-OUi-cojin-aqui-y-ahora-contigo-san-valentin.jpg?resize=350%2C200&ssl=1","width":350,"height":200,"srcset":"https:\/\/i0.wp.com\/oui-oui.es\/blog\/wp-content\/uploads\/2016\/01\/Oui-OUi-cojin-aqui-y-ahora-contigo-san-valentin.jpg?resize=350%2C200&ssl=1 1x, https:\/\/i0.wp.com\/oui-oui.es\/blog\/wp-content\/uploads\/2016\/01\/Oui-OUi-cojin-aqui-y-ahora-contigo-san-valentin.jpg?resize=525%2C300&ssl=1 1.5x"},"classes":[]},{"id":4310,"url":"https:\/\/oui-oui.es\/blog\/mi-pequena-frida\/","url_meta":{"origin":1195,"position":3},"title":"Mi peque\u00f1a Frida","author":"Mar\u00eda \u2665Oui Oui\u2665","date":"17 mayo, 2016","format":false,"excerpt":"Ten\u00eda muchas ganas de hacerle unas fotos de reci\u00e9n nacida a Frida, era algo que ten\u00eda en mente durante todo el embarazo, y mi amiga Elena Bau se las hizo la semana que cumpl\u00eda quince d\u00edas. Tenemos un mont\u00f3n de fotos preciosas, algunas con atrezzo parecido a las que le\u2026","rel":"","context":"En \u00abMATERNIDAD\u00bb","block_context":{"text":"MATERNIDAD","link":"https:\/\/oui-oui.es\/blog\/category\/maternidad\/"},"img":{"alt_text":"","src":"https:\/\/i0.wp.com\/oui-oui.es\/blog\/wp-content\/uploads\/2016\/05\/Oui-Oui-fotos-Frida-reci%C3%A9n-nacida-Elena-Bau-4.jpg?resize=350%2C200&ssl=1","width":350,"height":200,"srcset":"https:\/\/i0.wp.com\/oui-oui.es\/blog\/wp-content\/uploads\/2016\/05\/Oui-Oui-fotos-Frida-reci%C3%A9n-nacida-Elena-Bau-4.jpg?resize=350%2C200&ssl=1 1x, https:\/\/i0.wp.com\/oui-oui.es\/blog\/wp-content\/uploads\/2016\/05\/Oui-Oui-fotos-Frida-reci%C3%A9n-nacida-Elena-Bau-4.jpg?resize=525%2C300&ssl=1 1.5x, https:\/\/i0.wp.com\/oui-oui.es\/blog\/wp-content\/uploads\/2016\/05\/Oui-Oui-fotos-Frida-reci%C3%A9n-nacida-Elena-Bau-4.jpg?resize=700%2C400&ssl=1 2x, https:\/\/i0.wp.com\/oui-oui.es\/blog\/wp-content\/uploads\/2016\/05\/Oui-Oui-fotos-Frida-reci%C3%A9n-nacida-Elena-Bau-4.jpg?resize=1050%2C600&ssl=1 3x, https:\/\/i0.wp.com\/oui-oui.es\/blog\/wp-content\/uploads\/2016\/05\/Oui-Oui-fotos-Frida-reci%C3%A9n-nacida-Elena-Bau-4.jpg?resize=1400%2C800&ssl=1 4x"},"classes":[]},{"id":1537,"url":"https:\/\/oui-oui.es\/blog\/weddcam-la-red-social-de-bodas-es-espanola\/","url_meta":{"origin":1195,"position":4},"title":"Weddcam, la red social de bodas, es espa\u00f1ola","author":"Mar\u00eda \u2665Oui Oui\u2665","date":"8 mayo, 2014","format":false,"excerpt":"\u00bfTe casas?, \u00bfbuscas inspiraci\u00f3n?, pues tienes que conocer WeddCam ! WeddCam es una red social especializada en bodas , una mezcla de Pinterest y Facebook que ofrece a los novios todo lo necesario para organizar su evento perfecto, sin sufrir, haciendo part\u00edcipes a los que m\u00e1s quieren y con un\u2026","rel":"","context":"En \u00abBoda\u00bb","block_context":{"text":"Boda","link":"https:\/\/oui-oui.es\/blog\/category\/fiestas-celebraciones\/boda\/"},"img":{"alt_text":"","src":"https:\/\/i0.wp.com\/oui-oui.es\/blog\/wp-content\/uploads\/2014\/05\/presentacic3b3n-weddcam-30.jpg?resize=350%2C200&ssl=1","width":350,"height":200},"classes":[]},{"id":9913,"url":"https:\/\/oui-oui.es\/blog\/regalos-a-profes-reflexion-e-ideas\/","url_meta":{"origin":1195,"position":5},"title":"Regalos a profes | Reflexi\u00f3n e Ideas","author":"Mar\u00eda \u2665Oui Oui\u2665","date":"5 junio, 2019","format":false,"excerpt":"Es un tema recurrente cada fin de curso (y en Navidad tambi\u00e9n) debate mediante, \u00bfregalos s\u00ed o no? yo soy partidaria de hacer regalo siempre y cuando est\u00e9s contenta con la profesora o el profesor. No tiene ning\u00fan sentido hacer un regalo de agradecimiento a alguien a qui\u00e9n no sientes\u2026","rel":"","context":"En \u00abREGALOS\u00bb","block_context":{"text":"REGALOS","link":"https:\/\/oui-oui.es\/blog\/category\/no-se-que-regalar\/"},"img":{"alt_text":"","src":"https:\/\/i0.wp.com\/oui-oui.es\/blog\/wp-content\/uploads\/2019\/06\/Oui-Oui-regalos-para-profes-taza-teacher-taza-gin-girl-power-1.jpg?resize=350%2C200&ssl=1","width":350,"height":200,"srcset":"https:\/\/i0.wp.com\/oui-oui.es\/blog\/wp-content\/uploads\/2019\/06\/Oui-Oui-regalos-para-profes-taza-teacher-taza-gin-girl-power-1.jpg?resize=350%2C200&ssl=1 1x, https:\/\/i0.wp.com\/oui-oui.es\/blog\/wp-content\/uploads\/2019\/06\/Oui-Oui-regalos-para-profes-taza-teacher-taza-gin-girl-power-1.jpg?resize=525%2C300&ssl=1 1.5x, https:\/\/i0.wp.com\/oui-oui.es\/blog\/wp-content\/uploads\/2019\/06\/Oui-Oui-regalos-para-profes-taza-teacher-taza-gin-girl-power-1.jpg?resize=700%2C400&ssl=1 2x, https:\/\/i0.wp.com\/oui-oui.es\/blog\/wp-content\/uploads\/2019\/06\/Oui-Oui-regalos-para-profes-taza-teacher-taza-gin-girl-power-1.jpg?resize=1050%2C600&ssl=1 3x, https:\/\/i0.wp.com\/oui-oui.es\/blog\/wp-content\/uploads\/2019\/06\/Oui-Oui-regalos-para-profes-taza-teacher-taza-gin-girl-power-1.jpg?resize=1400%2C800&ssl=1 4x"},"classes":[]}],"_links":{"self":[{"href":"https:\/\/oui-oui.es\/blog\/wp-json\/wp\/v2\/posts\/1195","targetHints":{"allow":["GET"]}}],"collection":[{"href":"https:\/\/oui-oui.es\/blog\/wp-json\/wp\/v2\/posts"}],"about":[{"href":"https:\/\/oui-oui.es\/blog\/wp-json\/wp\/v2\/types\/post"}],"author":[{"embeddable":true,"href":"https:\/\/oui-oui.es\/blog\/wp-json\/wp\/v2\/users\/1"}],"replies":[{"embeddable":true,"href":"https:\/\/oui-oui.es\/blog\/wp-json\/wp\/v2\/comments?post=1195"}],"version-history":[{"count":1,"href":"https:\/\/oui-oui.es\/blog\/wp-json\/wp\/v2\/posts\/1195\/revisions"}],"predecessor-version":[{"id":3247,"href":"https:\/\/oui-oui.es\/blog\/wp-json\/wp\/v2\/posts\/1195\/revisions\/3247"}],"wp:featuredmedia":[{"embeddable":true,"href":"https:\/\/oui-oui.es\/blog\/wp-json\/wp\/v2\/media\/3246"}],"wp:attachment":[{"href":"https:\/\/oui-oui.es\/blog\/wp-json\/wp\/v2\/media?parent=1195"}],"wp:term":[{"taxonomy":"category","embeddable":true,"href":"https:\/\/oui-oui.es\/blog\/wp-json\/wp\/v2\/categories?post=1195"},{"taxonomy":"post_tag","embeddable":true,"href":"https:\/\/oui-oui.es\/blog\/wp-json\/wp\/v2\/tags?post=1195"}],"curies":[{"name":"wp","href":"https:\/\/api.w.org\/{rel}","templated":true}]}}