{"id":1206,"date":"2014-02-03T00:05:16","date_gmt":"2014-02-02T23:05:16","guid":{"rendered":"http:\/\/ouiouiblog.wordpress.com\/?p=1206"},"modified":"2015-09-03T11:00:43","modified_gmt":"2015-09-03T09:00:43","slug":"its-gstaad-baby","status":"publish","type":"post","link":"https:\/\/oui-oui.es\/blog\/its-gstaad-baby\/","title":{"rendered":"It\u00b4s Gstaad Baby!"},"content":{"rendered":"<p style=\"text-align: center;\"><a href=\"http:\/\/ouiouiblog.files.wordpress.com\/2014\/02\/oui-oui-boda-tatiana-santodomingo-andrea-casiraghi-gstaad-boda-invernal-boda-invierno-9.jpg\"><img loading=\"lazy\" decoding=\"async\" class=\"aligncenter size-full wp-image-1215\" src=\"http:\/\/ouiouiblog.files.wordpress.com\/2014\/02\/oui-oui-boda-tatiana-santodomingo-andrea-casiraghi-gstaad-boda-invernal-boda-invierno-9.jpg\" alt=\"Oui Oui-boda tatiana santodomingo-andrea casiraghi-gstaad-boda invernal-boda invierno (9)\" width=\"529\" height=\"529\" \/><\/a><\/p>\n<p style=\"text-align: center;\">A la espera de ver \u00a1pronto, por favor! las fotos y reportaje oficial (si es que lo vemos, que espero que s\u00ed) del <strong>bod\u00f3n invernal<\/strong> de <strong>Tatiana Santodomingo y Andrea Casiraghi<\/strong> aqu\u00ed os dejo con lo que se ha filtrado hasta el momento (todas las fotos son tomadas de Instagram <a href=\"https:\/\/www.facebook.com\/media\/set\/?set=a.10153763532240304.1073741856.180486610303&amp;type=1&amp;l=b854a79492\" target=\"_blank\">v\u00eda Telva<\/a>)&#8230;<\/p>\n<p style=\"text-align: center;\">Boda de ensue\u00f1o en una de las estaciones de esqu\u00ed m\u00e1s exclusiva de Europa, con varias <strong>it girls narrando la boda por instagram<\/strong> con el hashtag <strong>#itsgstaadbaby<\/strong><\/p>\n<p style=\"text-align: center;\"><a href=\"http:\/\/ouiouiblog.files.wordpress.com\/2014\/02\/oui-oui-boda-tatiana-santodomingo-andrea-casiraghi-gstaad-boda-invernal-boda-invierno-7.jpg\"><img loading=\"lazy\" decoding=\"async\" class=\"aligncenter size-full wp-image-1213\" src=\"http:\/\/ouiouiblog.files.wordpress.com\/2014\/02\/oui-oui-boda-tatiana-santodomingo-andrea-casiraghi-gstaad-boda-invernal-boda-invierno-7.jpg\" alt=\"Oui Oui-boda tatiana santodomingo-andrea casiraghi-gstaad-boda invernal-boda invierno (7)\" width=\"529\" height=\"529\" \/><\/a><\/p>\n<p style=\"text-align: center;\"><a href=\"http:\/\/ouiouiblog.files.wordpress.com\/2014\/02\/oui-oui-boda-tatiana-santodomingo-andrea-casiraghi-gstaad-boda-invernal-boda-invierno-8.jpg\"><img loading=\"lazy\" decoding=\"async\" class=\"aligncenter size-full wp-image-1214\" src=\"http:\/\/ouiouiblog.files.wordpress.com\/2014\/02\/oui-oui-boda-tatiana-santodomingo-andrea-casiraghi-gstaad-boda-invernal-boda-invierno-8.jpg\" alt=\"Oui Oui-boda tatiana santodomingo-andrea casiraghi-gstaad-boda invernal-boda invierno (8)\" width=\"529\" height=\"529\" \/><\/a><a href=\"http:\/\/ouiouiblog.files.wordpress.com\/2014\/02\/oui-oui-boda-tatiana-y-andrea-refugio-eggli-gstaad-eggli.jpg\"><img loading=\"lazy\" decoding=\"async\" class=\"aligncenter size-full wp-image-1221\" src=\"http:\/\/ouiouiblog.files.wordpress.com\/2014\/02\/oui-oui-boda-tatiana-y-andrea-refugio-eggli-gstaad-eggli.jpg\" alt=\"Oui Oui-boda tatiana y andrea-refugio eggli-gstaad-eggli\" width=\"529\" height=\"353\" \/><\/a> <a href=\"http:\/\/ouiouiblog.files.wordpress.com\/2014\/02\/oui-oui-bajada-antorchas-fin-ano-644x362.jpg\"><img loading=\"lazy\" decoding=\"async\" class=\"aligncenter size-full wp-image-1220\" src=\"http:\/\/ouiouiblog.files.wordpress.com\/2014\/02\/oui-oui-bajada-antorchas-fin-ano-644x362.jpg\" alt=\"Oui Oui-Bajada-antorchas-fin-ano--644x362\" width=\"529\" height=\"297\" \/><\/a><\/p>\n<p style=\"text-align: center;\">La <strong>Fondue Party<\/strong> que montaron <strong>en un refugio en la monta\u00f1a la noche anterior<\/strong> a la boda me parece lo m\u00e1s, y\u00a0 que <strong>los invitados bajen esquiando con antorchas, un planazo <\/strong>(aunque me cuesta creer que todo lo hicieran as\u00ed, porque por las fotos hay mucha estupenda con su abrigo de piel, pero poca bota de esquiar, adem\u00e1s de que la antorcha suele salpicar grasilla, por lo que estropear\u00eda los mega abrigos de m\u00e1s de una). En cualquier caso <strong>es un planazo que se podr\u00eda organizar aqu\u00ed, tanto en Formigal como en Baqueira!<\/strong><\/p>\n<p style=\"text-align: center;\"><a href=\"http:\/\/ouiouiblog.files.wordpress.com\/2014\/02\/oui-oui-boda-tatiana-santodomingo-andrea-casiraghi-gstaad-boda-invernal-boda-invierno-13.jpg\"><img loading=\"lazy\" decoding=\"async\" class=\"aligncenter size-full wp-image-1219\" src=\"http:\/\/ouiouiblog.files.wordpress.com\/2014\/02\/oui-oui-boda-tatiana-santodomingo-andrea-casiraghi-gstaad-boda-invernal-boda-invierno-13.jpg\" alt=\"Oui Oui-boda tatiana santodomingo-andrea casiraghi-gstaad-boda invernal-boda invierno (13)\" width=\"529\" height=\"529\" \/><\/a><\/p>\n<p style=\"text-align: center;\">El <strong>dress code<\/strong> de la fiesta preboda fue el <strong>apr\u00e8s-ski de los a\u00f1os 60<\/strong>, la <strong>inspiraci\u00f3n la pel\u00edcula \u00abLa Pantera Rosa\u00bb, de 1963<\/strong>&#8230;Me chifla la idea, yo prepar\u00e9 una fiesta \u00abvintage ski\u00bb pero al final no la hicimos \ud83d\ude41<\/p>\n<p style=\"text-align: center;\"><a href=\"http:\/\/ouiouiblog.files.wordpress.com\/2014\/02\/oui-oui-boda-tatiana-santodomingo-andrea-casiraghi-gstaad-boda-invernal-boda-invierno-3.jpg\"><img loading=\"lazy\" decoding=\"async\" class=\"aligncenter size-full wp-image-1209\" src=\"http:\/\/ouiouiblog.files.wordpress.com\/2014\/02\/oui-oui-boda-tatiana-santodomingo-andrea-casiraghi-gstaad-boda-invernal-boda-invierno-3.jpg\" alt=\"Oui Oui-boda tatiana santodomingo-andrea casiraghi-gstaad-boda invernal-boda invierno (3)\" width=\"529\" height=\"529\" \/><\/a><a href=\"http:\/\/ouiouiblog.files.wordpress.com\/2014\/02\/oui-oui-boda-tatiana-santodomingo-andrea-casiraghi-gstaad-boda-invernal-boda-invierno-11.jpg\"><img loading=\"lazy\" decoding=\"async\" class=\"aligncenter size-full wp-image-1217\" src=\"http:\/\/ouiouiblog.files.wordpress.com\/2014\/02\/oui-oui-boda-tatiana-santodomingo-andrea-casiraghi-gstaad-boda-invernal-boda-invierno-11.jpg\" alt=\"Oui Oui-boda tatiana santodomingo-andrea casiraghi-gstaad-boda invernal-boda invierno (11)\" width=\"529\" height=\"529\" \/><\/a><\/p>\n<p style=\"text-align: center;\"><strong>Carteles para amantes del queso<\/strong> en la fondue party<\/p>\n<p style=\"text-align: center;\"><a href=\"http:\/\/ouiouiblog.files.wordpress.com\/2014\/02\/oui-oui-boda-tatiana-santodomingo-andrea-casiraghi-gstaad-boda-invernal-boda-invierno-4.jpg\"><img loading=\"lazy\" decoding=\"async\" class=\"aligncenter size-full wp-image-1210\" src=\"http:\/\/ouiouiblog.files.wordpress.com\/2014\/02\/oui-oui-boda-tatiana-santodomingo-andrea-casiraghi-gstaad-boda-invernal-boda-invierno-4.jpg\" alt=\"Oui Oui-boda tatiana santodomingo-andrea casiraghi-gstaad-boda invernal-boda invierno (4)\" width=\"529\" height=\"529\" \/><\/a><\/p>\n<p style=\"text-align: center;\">Y un genial <strong>cheese cake de postre<\/strong><\/p>\n<p style=\"text-align: center;\"><a href=\"http:\/\/ouiouiblog.files.wordpress.com\/2014\/02\/oui-oui-boda-tatiana-santodomingo-andrea-casiraghi-gstaad-boda-invernal-boda-invierno-5.jpg\"><img loading=\"lazy\" decoding=\"async\" class=\"aligncenter size-full wp-image-1211\" src=\"http:\/\/ouiouiblog.files.wordpress.com\/2014\/02\/oui-oui-boda-tatiana-santodomingo-andrea-casiraghi-gstaad-boda-invernal-boda-invierno-5.jpg\" alt=\"Oui Oui-boda tatiana santodomingo-andrea casiraghi-gstaad-boda invernal-boda invierno (5)\" width=\"529\" height=\"529\" \/><\/a><\/p>\n<p style=\"text-align: center;\">Una de las cosas m\u00e1s esperadas de una boda&#8230;El <strong>vestido de la novia<\/strong>, firmado por <strong>Valentino<\/strong> e <strong>inspirado en la reina de las nieves<\/strong><\/p>\n<p style=\"text-align: center;\"><a href=\"http:\/\/ouiouiblog.files.wordpress.com\/2014\/02\/oui-oui-boda-tatiana-santodomingo-andrea-casiraghi-gstaad-boda-invernal-boda-invierno-2.jpg\"><img loading=\"lazy\" decoding=\"async\" class=\"aligncenter size-full wp-image-1208\" src=\"http:\/\/ouiouiblog.files.wordpress.com\/2014\/02\/oui-oui-boda-tatiana-santodomingo-andrea-casiraghi-gstaad-boda-invernal-boda-invierno-2.jpg\" alt=\"Oui Oui-boda tatiana santodomingo-andrea casiraghi-gstaad-boda invernal-boda invierno (2)\" width=\"529\" height=\"529\" \/><\/a><\/p>\n<p style=\"text-align: center;\">La <strong>capucha<\/strong> es para morir<\/p>\n<div id=\"attachment_1218\" style=\"width: 539px\" class=\"wp-caption aligncenter\"><a href=\"http:\/\/ouiouiblog.files.wordpress.com\/2014\/02\/oui-oui-boda-tatiana-santodomingo-andrea-casiraghi-gstaad-boda-invernal-boda-invierno-12.jpg\"><img loading=\"lazy\" decoding=\"async\" aria-describedby=\"caption-attachment-1218\" class=\"size-full wp-image-1218\" src=\"http:\/\/ouiouiblog.files.wordpress.com\/2014\/02\/oui-oui-boda-tatiana-santodomingo-andrea-casiraghi-gstaad-boda-invernal-boda-invierno-12.jpg\" alt=\"Oui Oui-boda tatiana santodomingo-andrea casiraghi-gstaad-boda invernal-boda invierno (12)\" width=\"529\" height=\"512\" \/><\/a><p id=\"caption-attachment-1218\" class=\"wp-caption-text\">Con capa de cashmere firmada por Valentino Haute Couture y la tiara &#8216;Fringe&#8217; de M\u00f3naco<\/p><\/div>\n<p style=\"text-align: center;\">Y aqu\u00ed ten\u00e9is al <strong>novio<\/strong><\/p>\n<p style=\"text-align: center;\"><a href=\"http:\/\/ouiouiblog.files.wordpress.com\/2014\/02\/oui-oui-boda-tatiana-santodomingo-andrea-casiraghi-gstaad-boda-invernal-boda-invierno-10.jpg\"><img loading=\"lazy\" decoding=\"async\" class=\"aligncenter size-full wp-image-1216\" src=\"http:\/\/ouiouiblog.files.wordpress.com\/2014\/02\/oui-oui-boda-tatiana-santodomingo-andrea-casiraghi-gstaad-boda-invernal-boda-invierno-10.jpg\" alt=\"Oui Oui-boda tatiana santodomingo-andrea casiraghi-gstaad-boda invernal-boda invierno (10)\" width=\"529\" height=\"529\" \/><\/a><\/p>\n<p style=\"text-align: center;\">Como <strong>regalo a las invitadas<\/strong>; las t\u00edpicas <strong>bailarinas<\/strong>&#8230;Eso s\u00ed, de <strong>Loboutin<\/strong> \ud83d\ude09<\/p>\n<p style=\"text-align: center;\"><a href=\"http:\/\/ouiouiblog.files.wordpress.com\/2014\/02\/oui-oui-boda-tatiana-santodomingo-andrea-casiraghi-gstaad-boda-invernal-boda-invierno-1.jpg\"><img loading=\"lazy\" decoding=\"async\" class=\"aligncenter size-full wp-image-1207\" src=\"http:\/\/ouiouiblog.files.wordpress.com\/2014\/02\/oui-oui-boda-tatiana-santodomingo-andrea-casiraghi-gstaad-boda-invernal-boda-invierno-1.jpg\" alt=\"Oui Oui-boda tatiana santodomingo-andrea casiraghi-gstaad-boda invernal-boda invierno (1)\" width=\"529\" height=\"529\" \/><\/a><\/p>\n<p style=\"text-align: center;\">Y aqu\u00ed pod\u00e9is ver el <strong>brunch<\/strong> del que disfrutaron los invitados al d\u00eda siguiente de la boda, cogiendo fuerzas en el Hotel Palace.<\/p>\n<p style=\"text-align: center;\"><a href=\"http:\/\/ouiouiblog.files.wordpress.com\/2014\/02\/oui-oui-boda-tatiana-santodomingo-andrea-casiraghi-gstaad-boda-invernal-boda-invierno-6.jpg\"><img loading=\"lazy\" decoding=\"async\" class=\"aligncenter size-full wp-image-1212\" src=\"http:\/\/ouiouiblog.files.wordpress.com\/2014\/02\/oui-oui-boda-tatiana-santodomingo-andrea-casiraghi-gstaad-boda-invernal-boda-invierno-6.jpg\" alt=\"Oui Oui-boda tatiana santodomingo-andrea casiraghi-gstaad-boda invernal-boda invierno (6)\" width=\"529\" height=\"529\" \/><\/a>Con ganas de saber m\u00e1s&#8230;La semana que viene tengo boda invernal, ya os contar\u00e9 \ud83d\ude09<\/p>\n","protected":false},"excerpt":{"rendered":"<p>A la espera de ver \u00a1pronto, por favor! las fotos y reportaje oficial (si es que lo vemos, que espero que s\u00ed) del bod\u00f3n invernal de Tatiana Santodomingo y Andrea Casiraghi aqu\u00ed os dejo con lo que se ha filtrado hasta el momento (todas las fotos son tomadas de Instagram v\u00eda Telva)&#8230; Boda de ensue\u00f1o [&hellip;]<\/p>\n","protected":false},"author":1,"featured_media":3244,"comment_status":"open","ping_status":"open","sticky":false,"template":"","format":"standard","meta":{"jetpack_post_was_ever_published":false,"_jetpack_newsletter_access":"","_jetpack_dont_email_post_to_subs":false,"_jetpack_newsletter_tier_id":0,"_jetpack_memberships_contains_paywalled_content":false,"_jetpack_memberships_contains_paid_content":false,"footnotes":"","jetpack_publicize_message":"","jetpack_publicize_feature_enabled":true,"jetpack_social_post_already_shared":false,"jetpack_social_options":{"image_generator_settings":{"template":"highway","default_image_id":0,"font":"","enabled":false},"version":2}},"categories":[704],"tags":[47],"class_list":["post-1206","post","type-post","status-publish","format-standard","has-post-thumbnail","hentry","category-boda","tag-boda-invierno"],"aioseo_notices":[],"jetpack_publicize_connections":[],"jetpack_featured_media_url":"https:\/\/oui-oui.es\/blog\/wp-content\/uploads\/2014\/02\/oui-oui-boda-tatiana-santodomingo-andrea-casiraghi-gstaad-boda-invernal-boda-invierno-9.jpg","jetpack_sharing_enabled":true,"jetpack-related-posts":[{"id":3735,"url":"https:\/\/oui-oui.es\/blog\/love-lab-days-casarse-en-asturias\/","url_meta":{"origin":1206,"position":0},"title":"Love Lab Days | Casarse en Asturias","author":"Mar\u00eda \u2665Oui Oui\u2665","date":"17 noviembre, 2015","format":false,"excerpt":"Hace unas semanas hice un viaje rel\u00e1mpago a Gij\u00f3n (os lo adelantaba aqu\u00ed) para asistir a la fiesta de inauguraci\u00f3n de Love Lab Days , una no feria de bodas que reun\u00eda a lo mejorcito del sector nupcial asturiano (y alg\u00fan que otro invitado de fuera, tambi\u00e9n genial!), despu\u00e9s de\u2026","rel":"","context":"En \u00abBoda\u00bb","block_context":{"text":"Boda","link":"https:\/\/oui-oui.es\/blog\/category\/fiestas-celebraciones\/boda\/"},"img":{"alt_text":"","src":"https:\/\/i0.wp.com\/oui-oui.es\/blog\/wp-content\/uploads\/2015\/11\/Oui-Oui-lovelabdays-gijon-2015-fotos-jfk-imagen-social1-99.jpg?resize=350%2C200&ssl=1","width":350,"height":200,"srcset":"https:\/\/i0.wp.com\/oui-oui.es\/blog\/wp-content\/uploads\/2015\/11\/Oui-Oui-lovelabdays-gijon-2015-fotos-jfk-imagen-social1-99.jpg?resize=350%2C200&ssl=1 1x, https:\/\/i0.wp.com\/oui-oui.es\/blog\/wp-content\/uploads\/2015\/11\/Oui-Oui-lovelabdays-gijon-2015-fotos-jfk-imagen-social1-99.jpg?resize=525%2C300&ssl=1 1.5x, https:\/\/i0.wp.com\/oui-oui.es\/blog\/wp-content\/uploads\/2015\/11\/Oui-Oui-lovelabdays-gijon-2015-fotos-jfk-imagen-social1-99.jpg?resize=700%2C400&ssl=1 2x, https:\/\/i0.wp.com\/oui-oui.es\/blog\/wp-content\/uploads\/2015\/11\/Oui-Oui-lovelabdays-gijon-2015-fotos-jfk-imagen-social1-99.jpg?resize=1050%2C600&ssl=1 3x"},"classes":[]},{"id":3498,"url":"https:\/\/oui-oui.es\/blog\/la-costa-del-algodon-camisones\/","url_meta":{"origin":1206,"position":1},"title":"La Costa del Algod\u00f3n | Camisones","author":"Mar\u00eda \u2665Oui Oui\u2665","date":"13 octubre, 2015","format":false,"excerpt":"Tengo una espinita clavada con los camisones de La Costa del Algod\u00f3n, los conoc\u00ed preparando mi boda y siempre tuve en mente hacrme con uno para el momento maquillaje, al final, por unas a o por b no lo hice y creo que es de esas cosas que si no\u2026","rel":"","context":"En \u00abA una futura novia\u00bb","block_context":{"text":"A una futura novia","link":"https:\/\/oui-oui.es\/blog\/category\/no-se-que-regalar\/a-una-futura-novia\/"},"img":{"alt_text":"","src":"https:\/\/i0.wp.com\/oui-oui.es\/blog\/wp-content\/uploads\/2015\/10\/Oui-Oui-camisones-de-lujo-regalo-especial-boda-la-costa-del-algod%C3%B3n-5.jpg?resize=350%2C200&ssl=1","width":350,"height":200,"srcset":"https:\/\/i0.wp.com\/oui-oui.es\/blog\/wp-content\/uploads\/2015\/10\/Oui-Oui-camisones-de-lujo-regalo-especial-boda-la-costa-del-algod%C3%B3n-5.jpg?resize=350%2C200&ssl=1 1x, https:\/\/i0.wp.com\/oui-oui.es\/blog\/wp-content\/uploads\/2015\/10\/Oui-Oui-camisones-de-lujo-regalo-especial-boda-la-costa-del-algod%C3%B3n-5.jpg?resize=525%2C300&ssl=1 1.5x"},"classes":[]},{"id":1537,"url":"https:\/\/oui-oui.es\/blog\/weddcam-la-red-social-de-bodas-es-espanola\/","url_meta":{"origin":1206,"position":2},"title":"Weddcam, la red social de bodas, es espa\u00f1ola","author":"Mar\u00eda \u2665Oui Oui\u2665","date":"8 mayo, 2014","format":false,"excerpt":"\u00bfTe casas?, \u00bfbuscas inspiraci\u00f3n?, pues tienes que conocer WeddCam ! WeddCam es una red social especializada en bodas , una mezcla de Pinterest y Facebook que ofrece a los novios todo lo necesario para organizar su evento perfecto, sin sufrir, haciendo part\u00edcipes a los que m\u00e1s quieren y con un\u2026","rel":"","context":"En \u00abBoda\u00bb","block_context":{"text":"Boda","link":"https:\/\/oui-oui.es\/blog\/category\/fiestas-celebraciones\/boda\/"},"img":{"alt_text":"","src":"https:\/\/i0.wp.com\/oui-oui.es\/blog\/wp-content\/uploads\/2014\/05\/presentacic3b3n-weddcam-30.jpg?resize=350%2C200&ssl=1","width":350,"height":200},"classes":[]},{"id":2661,"url":"https:\/\/oui-oui.es\/blog\/memorias-del-ayer-los-muebles-mas-bonitos-para-tu-boda\/","url_meta":{"origin":1206,"position":3},"title":"Memorias del Ayer: los muebles m\u00e1s bonitos para tu boda","author":"Mar\u00eda \u2665Oui Oui\u2665","date":"24 junio, 2015","format":false,"excerpt":"Descubr\u00ed a las chicas de Memorias del Ayer cuando buscando mesa para el evento de Telva, Eva nos las sugiri\u00f3 y ellas nos prestaron la mesa del candy bar encantadas. Desde entonces he podido conocer su trabajo un poquito m\u00e1s y quer\u00eda compartirlo porque quiz\u00e1s te sirva de ayuda si\u2026","rel":"","context":"En \u00abBoda\u00bb","block_context":{"text":"Boda","link":"https:\/\/oui-oui.es\/blog\/category\/fiestas-celebraciones\/boda\/"},"img":{"alt_text":"","src":"https:\/\/i0.wp.com\/oui-oui.es\/blog\/wp-content\/uploads\/Oui-Oui-alquiler-muebles-vintage-bodas-memorias-del-ayer-2.jpg?resize=350%2C200&ssl=1","width":350,"height":200,"srcset":"https:\/\/i0.wp.com\/oui-oui.es\/blog\/wp-content\/uploads\/Oui-Oui-alquiler-muebles-vintage-bodas-memorias-del-ayer-2.jpg?resize=350%2C200&ssl=1 1x, https:\/\/i0.wp.com\/oui-oui.es\/blog\/wp-content\/uploads\/Oui-Oui-alquiler-muebles-vintage-bodas-memorias-del-ayer-2.jpg?resize=525%2C300&ssl=1 1.5x, https:\/\/i0.wp.com\/oui-oui.es\/blog\/wp-content\/uploads\/Oui-Oui-alquiler-muebles-vintage-bodas-memorias-del-ayer-2.jpg?resize=700%2C400&ssl=1 2x, https:\/\/i0.wp.com\/oui-oui.es\/blog\/wp-content\/uploads\/Oui-Oui-alquiler-muebles-vintage-bodas-memorias-del-ayer-2.jpg?resize=1050%2C600&ssl=1 3x"},"classes":[]},{"id":272,"url":"https:\/\/oui-oui.es\/blog\/el-ramo-de-una-boda-de-invierno\/","url_meta":{"origin":1206,"position":4},"title":"El ramo de una boda de invierno","author":"Mar\u00eda \u2665Oui Oui\u2665","date":"12 diciembre, 2012","format":false,"excerpt":"Uno de los detalles que m\u00e1s me gust\u00f3 de la boda de invierno en la que estuvimos hace dos semanas fu\u00e9 el ramo de la novia; nos sorprendi\u00f3 a todos con un ramo de barillas de algod\u00f3n; un ramo sencillo, pero muy c\u00e1lido, r\u00fastico pero que complementaba a la perfecci\u00f3n\u2026","rel":"","context":"En \u00abBoda\u00bb","block_context":{"text":"Boda","link":"https:\/\/oui-oui.es\/blog\/category\/fiestas-celebraciones\/boda\/"},"img":{"alt_text":"","src":"https:\/\/i0.wp.com\/oui-oui.es\/blog\/wp-content\/uploads\/boda-invierno-ramo-algodon-pedraza-vestido-novia-tul-chaqueta-militar-2.jpg?resize=350%2C200&ssl=1","width":350,"height":200,"srcset":"https:\/\/i0.wp.com\/oui-oui.es\/blog\/wp-content\/uploads\/boda-invierno-ramo-algodon-pedraza-vestido-novia-tul-chaqueta-militar-2.jpg?resize=350%2C200&ssl=1 1x, https:\/\/i0.wp.com\/oui-oui.es\/blog\/wp-content\/uploads\/boda-invierno-ramo-algodon-pedraza-vestido-novia-tul-chaqueta-militar-2.jpg?resize=525%2C300&ssl=1 1.5x, https:\/\/i0.wp.com\/oui-oui.es\/blog\/wp-content\/uploads\/boda-invierno-ramo-algodon-pedraza-vestido-novia-tul-chaqueta-militar-2.jpg?resize=700%2C400&ssl=1 2x, https:\/\/i0.wp.com\/oui-oui.es\/blog\/wp-content\/uploads\/boda-invierno-ramo-algodon-pedraza-vestido-novia-tul-chaqueta-militar-2.jpg?resize=1050%2C600&ssl=1 3x, https:\/\/i0.wp.com\/oui-oui.es\/blog\/wp-content\/uploads\/boda-invierno-ramo-algodon-pedraza-vestido-novia-tul-chaqueta-militar-2.jpg?resize=1400%2C800&ssl=1 4x"},"classes":[]},{"id":241,"url":"https:\/\/oui-oui.es\/blog\/tocados-de-invierno\/","url_meta":{"origin":1206,"position":5},"title":"Tocados de Invierno","author":"Mar\u00eda \u2665Oui Oui\u2665","date":"4 diciembre, 2012","format":false,"excerpt":"No creo que haya vestidos a los que \"no les vaya\" un tocado, sino que hay un tocado para cada vestido y ocasi\u00f3n, saber acertar con la combinaci\u00f3n correcta es el reto y no s\u00f3lo influye que la celebraci\u00f3n sea de ma\u00f1ana o de tarde\/noche (que tambi\u00e9n), sino la \u00e9poca\u2026","rel":"","context":"En \u00abBoda\u00bb","block_context":{"text":"Boda","link":"https:\/\/oui-oui.es\/blog\/category\/fiestas-celebraciones\/boda\/"},"img":{"alt_text":"","src":"https:\/\/i0.wp.com\/oui-oui.es\/blog\/wp-content\/uploads\/oui-oui-tocados-boda-invierno-chistera-fieltro-azul-pompon-plumas-mimoki.jpg?resize=350%2C200&ssl=1","width":350,"height":200,"srcset":"https:\/\/i0.wp.com\/oui-oui.es\/blog\/wp-content\/uploads\/oui-oui-tocados-boda-invierno-chistera-fieltro-azul-pompon-plumas-mimoki.jpg?resize=350%2C200&ssl=1 1x, https:\/\/i0.wp.com\/oui-oui.es\/blog\/wp-content\/uploads\/oui-oui-tocados-boda-invierno-chistera-fieltro-azul-pompon-plumas-mimoki.jpg?resize=525%2C300&ssl=1 1.5x"},"classes":[]}],"_links":{"self":[{"href":"https:\/\/oui-oui.es\/blog\/wp-json\/wp\/v2\/posts\/1206","targetHints":{"allow":["GET"]}}],"collection":[{"href":"https:\/\/oui-oui.es\/blog\/wp-json\/wp\/v2\/posts"}],"about":[{"href":"https:\/\/oui-oui.es\/blog\/wp-json\/wp\/v2\/types\/post"}],"author":[{"embeddable":true,"href":"https:\/\/oui-oui.es\/blog\/wp-json\/wp\/v2\/users\/1"}],"replies":[{"embeddable":true,"href":"https:\/\/oui-oui.es\/blog\/wp-json\/wp\/v2\/comments?post=1206"}],"version-history":[{"count":1,"href":"https:\/\/oui-oui.es\/blog\/wp-json\/wp\/v2\/posts\/1206\/revisions"}],"predecessor-version":[{"id":3245,"href":"https:\/\/oui-oui.es\/blog\/wp-json\/wp\/v2\/posts\/1206\/revisions\/3245"}],"wp:featuredmedia":[{"embeddable":true,"href":"https:\/\/oui-oui.es\/blog\/wp-json\/wp\/v2\/media\/3244"}],"wp:attachment":[{"href":"https:\/\/oui-oui.es\/blog\/wp-json\/wp\/v2\/media?parent=1206"}],"wp:term":[{"taxonomy":"category","embeddable":true,"href":"https:\/\/oui-oui.es\/blog\/wp-json\/wp\/v2\/categories?post=1206"},{"taxonomy":"post_tag","embeddable":true,"href":"https:\/\/oui-oui.es\/blog\/wp-json\/wp\/v2\/tags?post=1206"}],"curies":[{"name":"wp","href":"https:\/\/api.w.org\/{rel}","templated":true}]}}