{"id":1225,"date":"2014-02-10T01:45:12","date_gmt":"2014-02-10T00:45:12","guid":{"rendered":"http:\/\/ouiouiblog.wordpress.com\/?p=1225"},"modified":"2015-09-03T10:59:26","modified_gmt":"2015-09-03T08:59:26","slug":"mis-recortes-de-telva-novias-feb-2014","status":"publish","type":"post","link":"https:\/\/oui-oui.es\/blog\/mis-recortes-de-telva-novias-feb-2014\/","title":{"rendered":"Mis recortes de Telva Novias (Feb 2014)"},"content":{"rendered":"<p style=\"text-align: center;\"><a href=\"http:\/\/ouiouiblog.files.wordpress.com\/2014\/02\/oui-oui-telva-novias-febrero-2014.jpg\"><img loading=\"lazy\" decoding=\"async\" class=\"aligncenter size-full wp-image-1227\" src=\"http:\/\/ouiouiblog.files.wordpress.com\/2014\/02\/oui-oui-telva-novias-febrero-2014.jpg\" alt=\"Oui Oui-Telva Novias febrero 2014\" width=\"250\" height=\"334\" \/><\/a><\/p>\n<p style=\"text-align: center;\">Parece mentira c\u00f3mo pasa el tiempo&#8230;<strong>Hace un a\u00f1o, por primera vez, aparec\u00eda Oui Oui en una revista y fu\u00e9 en Telva Novias<\/strong>, a\u00fan no hab\u00eda lanzado la tienda pero hab\u00edan gustado los productos y confiaron en Oui Oui casi a ciegas.<\/p>\n<p style=\"text-align: center;\"><a href=\"http:\/\/ouiouiblog.files.wordpress.com\/2014\/02\/oui-oui-aparicic3b3n-telva-novias-febrero-2013.jpg\"><img loading=\"lazy\" decoding=\"async\" class=\"aligncenter size-full wp-image-1226\" src=\"http:\/\/ouiouiblog.files.wordpress.com\/2014\/02\/oui-oui-aparicic3b3n-telva-novias-febrero-2013.jpg\" alt=\"Oui Oui-aparici\u00f3n telva novias febrero 2013\" width=\"529\" height=\"396\" \/><\/a><\/p>\n<p style=\"text-align: center;\">Ver <strong>tu peque\u00f1o proyecto en una de las grandes<\/strong> que, adem\u00e1s, hab\u00eda ido coleccionando hasta que me cas\u00e9 (despu\u00e9s de la boda me di\u00f3 un arrebato y me deshice de todas las revistas&#8230;Ay, lo que me arrepiento ahora!) es impresionante.<\/p>\n<p style=\"text-align: center;\">Pues, ahora, en <strong><a href=\"www.telva.com\/novias.html\" target=\"_blank\">Telva Novias<\/a><\/strong> Feb 2014 <strong>salen 5 productos<\/strong> de <strong><a href=\"http:\/\/www.oui-oui.es\/\" target=\"_blank\">Oui Oui<\/a><\/strong>!!!, os los ense\u00f1o al final, que primero quer\u00eda hacer mi <strong>peque\u00f1a selecci\u00f3n-resumen de la revista<\/strong>&#8230;<\/p>\n<p style=\"text-align: center;\">El <strong>vestido<\/strong>, de encaje y bordados de <strong>ZUHAIR MURAD<\/strong><\/p>\n<p style=\"text-align: center;\"><a href=\"http:\/\/ouiouiblog.files.wordpress.com\/2014\/02\/telva-novias-febrero-2014-trenza-isabel-castillo-atipica-living-invitarte-plumetti-david-christian-2.jpg\"><img loading=\"lazy\" decoding=\"async\" class=\"aligncenter size-full wp-image-1238\" src=\"http:\/\/ouiouiblog.files.wordpress.com\/2014\/02\/telva-novias-febrero-2014-trenza-isabel-castillo-atipica-living-invitarte-plumetti-david-christian-2.jpg\" alt=\"Telva novias febrero 2014-trenza-isabel castillo-atipica living-invitarte-plumetti-david christian (2)\" width=\"410\" height=\"524\" \/><\/a><a href=\"http:\/\/ouiouiblog.files.wordpress.com\/2014\/02\/telva-novias-febrero-2014-trenza-isabel-castillo-atipica-living-invitarte-plumetti-david-christian-3.jpg\"><img loading=\"lazy\" decoding=\"async\" class=\"aligncenter size-full wp-image-1239\" src=\"http:\/\/ouiouiblog.files.wordpress.com\/2014\/02\/telva-novias-febrero-2014-trenza-isabel-castillo-atipica-living-invitarte-plumetti-david-christian-3.jpg\" alt=\"Telva novias febrero 2014-trenza-isabel castillo-atipica living-invitarte-plumetti-david christian (3)\" width=\"419\" height=\"524\" \/><\/a><\/p>\n<p style=\"text-align: center;\">La <strong>trenza<\/strong>, peinado de <strong>\u00c1lvaro Talayero<\/strong> (que fue qui\u00e9n me asesor\u00f3 con mi tocado de pedida y no pudo hacerlo mejor!)<\/p>\n<p style=\"text-align: center;\"><a href=\"http:\/\/ouiouiblog.files.wordpress.com\/2014\/02\/telva-novias-febrero-2014-trenza-isabel-castillo-atipica-living-invitarte-plumetti-david-christian-4.jpg\"><img loading=\"lazy\" decoding=\"async\" class=\"aligncenter size-full wp-image-1240\" src=\"http:\/\/ouiouiblog.files.wordpress.com\/2014\/02\/telva-novias-febrero-2014-trenza-isabel-castillo-atipica-living-invitarte-plumetti-david-christian-4.jpg\" alt=\"Telva novias febrero 2014-trenza-isabel castillo-atipica living-invitarte-plumetti-david christian (4)\" width=\"468\" height=\"524\" \/><\/a><\/p>\n<p style=\"text-align: center;\">Las <strong>mangas de plumetti<\/strong><\/p>\n<p style=\"text-align: center;\"><a href=\"http:\/\/ouiouiblog.files.wordpress.com\/2014\/02\/telva-novias-febrero-2014-trenza-isabel-castillo-atipica-living-invitarte-plumetti-david-christian-5.jpg\"><img loading=\"lazy\" decoding=\"async\" class=\"aligncenter size-full wp-image-1241\" src=\"http:\/\/ouiouiblog.files.wordpress.com\/2014\/02\/telva-novias-febrero-2014-trenza-isabel-castillo-atipica-living-invitarte-plumetti-david-christian-5.jpg\" alt=\"Telva novias febrero 2014-trenza-isabel castillo-atipica living-invitarte-plumetti-david christian (5)\" width=\"393\" height=\"524\" \/><\/a><\/p>\n<p style=\"text-align: center;\"><strong>La novia<\/strong>, Isabel Castillo estaba <strong>guap\u00edsima<\/strong><\/p>\n<p style=\"text-align: center;\"><a href=\"http:\/\/ouiouiblog.files.wordpress.com\/2014\/02\/telva-novias-febrero-2014-trenza-isabel-castillo-atipica-living-invitarte-plumetti-david-christian-1.jpg\"><img loading=\"lazy\" decoding=\"async\" class=\"aligncenter size-full wp-image-1237\" src=\"http:\/\/ouiouiblog.files.wordpress.com\/2014\/02\/telva-novias-febrero-2014-trenza-isabel-castillo-atipica-living-invitarte-plumetti-david-christian-1.jpg\" alt=\"Telva novias febrero 2014-trenza-isabel castillo-atipica living-invitarte-plumetti-david christian (1)\" width=\"339\" height=\"524\" \/><\/a><\/p>\n<p style=\"text-align: center;\">El <strong>tocado de amapolas de <a href=\"sumacruz.com\" target=\"_blank\">Suma Cruz<\/a><\/strong><\/p>\n<p style=\"text-align: center;\"><a href=\"http:\/\/ouiouiblog.files.wordpress.com\/2014\/02\/oui-oui-telva-novias-feb-2014-tocado-suma-cruz.jpg\"><img loading=\"lazy\" decoding=\"async\" class=\"aligncenter size-full wp-image-1233\" src=\"http:\/\/ouiouiblog.files.wordpress.com\/2014\/02\/oui-oui-telva-novias-feb-2014-tocado-suma-cruz.jpg\" alt=\"Oui Oui-telva novias feb 2014-tocado suma cruz\" width=\"393\" height=\"524\" \/><\/a><\/p>\n<p style=\"text-align: center;\">Los <strong>madro\u00f1os en el ramo<\/strong> de <a href=\"sallyhambleton.com\" target=\"_blank\">Sally<\/a><\/p>\n<p style=\"text-align: center;\"><a href=\"http:\/\/ouiouiblog.files.wordpress.com\/2014\/02\/oui-oui-telva-novias-feb-2014-ramo-novia-con-madroc3b1os-sally-hambleton.jpg\"><img loading=\"lazy\" decoding=\"async\" class=\"aligncenter size-full wp-image-1231\" src=\"http:\/\/ouiouiblog.files.wordpress.com\/2014\/02\/oui-oui-telva-novias-feb-2014-ramo-novia-con-madroc3b1os-sally-hambleton.jpg\" alt=\"Oui Oui-telva novias feb 2014-ramo novia con madro\u00f1os-sally hambleton\" width=\"487\" height=\"524\" \/><\/a><\/p>\n<p style=\"text-align: center;\">El <strong>mono coral<\/strong> (ya lo puse en otro post!) de <a href=\"www.davidchristianmadrid.com\" target=\"_blank\"><strong>David Christian<\/strong><\/a><\/p>\n<p style=\"text-align: center;\"><a href=\"http:\/\/ouiouiblog.files.wordpress.com\/2014\/02\/telva-novias-febrero-2014-trenza-isabel-castillo-atipica-living-invitarte-plumetti-david-christian-9.jpg\"><img loading=\"lazy\" decoding=\"async\" class=\"aligncenter size-full wp-image-1245\" src=\"http:\/\/ouiouiblog.files.wordpress.com\/2014\/02\/telva-novias-febrero-2014-trenza-isabel-castillo-atipica-living-invitarte-plumetti-david-christian-9.jpg\" alt=\"Telva novias febrero 2014-trenza-isabel castillo-atipica living-invitarte-plumetti-david christian (9)\" width=\"393\" height=\"524\" \/><\/a><\/p>\n<p style=\"text-align: center;\">La <strong>combinaci\u00f3n rojo &amp; beige para invitadas<\/strong>, sobretodo con este pantal\u00f3n de <a href=\"www.miguelpalacio.com\" target=\"_blank\"><strong>Miguel Palacio<\/strong><\/a>.<\/p>\n<p style=\"text-align: center;\"><a href=\"http:\/\/ouiouiblog.files.wordpress.com\/2014\/02\/telva-novias-febrero-2014-trenza-isabel-castillo-atipica-living-invitarte-plumetti-david-christian-10.jpg\"><img loading=\"lazy\" decoding=\"async\" class=\"aligncenter size-full wp-image-1246\" src=\"http:\/\/ouiouiblog.files.wordpress.com\/2014\/02\/telva-novias-febrero-2014-trenza-isabel-castillo-atipica-living-invitarte-plumetti-david-christian-10.jpg\" alt=\"Telva novias febrero 2014-trenza-isabel castillo-atipica living-invitarte-plumetti-david christian (10)\" width=\"390\" height=\"524\" \/><\/a><\/p>\n<p style=\"text-align: center;\">La <strong>celebraci\u00f3n a lo grande inspirada en un circo<\/strong><\/p>\n<p style=\"text-align: center;\"><a href=\"http:\/\/ouiouiblog.files.wordpress.com\/2014\/02\/oui-oui-telva-novias-boda-estilo-circo.jpg\"><img loading=\"lazy\" decoding=\"async\" class=\"aligncenter size-full wp-image-1234\" src=\"http:\/\/ouiouiblog.files.wordpress.com\/2014\/02\/oui-oui-telva-novias-boda-estilo-circo.jpg\" alt=\"Oui Oui-telva novias-boda estilo circo\" width=\"500\" height=\"524\" \/><\/a><a href=\"http:\/\/ouiouiblog.files.wordpress.com\/2014\/02\/oui-oui-telva-novias-feb-2014-boda-estilo-circo.jpg\"><img loading=\"lazy\" decoding=\"async\" class=\"aligncenter size-full wp-image-1229\" src=\"http:\/\/ouiouiblog.files.wordpress.com\/2014\/02\/oui-oui-telva-novias-feb-2014-boda-estilo-circo.jpg\" alt=\"Oui Oui-telva novias feb 2014-boda estilo circo\" width=\"391\" height=\"524\" \/><\/a><\/p>\n<p style=\"text-align: center;\">Este <strong>juego de vasos y jarra<\/strong>, y las <strong>servilletas<\/strong>, todo de <a href=\"a-tipica.com\/secciones\/living\" target=\"_blank\"><strong>A-T\u00edpica Living<\/strong><\/a><\/p>\n<p style=\"text-align: center;\"><a href=\"http:\/\/ouiouiblog.files.wordpress.com\/2014\/02\/telva-novias-febrero-2014-trenza-isabel-castillo-atipica-living-invitarte-plumetti-david-christian-6.jpg\"><img loading=\"lazy\" decoding=\"async\" class=\"aligncenter size-full wp-image-1242\" src=\"http:\/\/ouiouiblog.files.wordpress.com\/2014\/02\/telva-novias-febrero-2014-trenza-isabel-castillo-atipica-living-invitarte-plumetti-david-christian-6.jpg\" alt=\"Telva novias febrero 2014-trenza-isabel castillo-atipica living-invitarte-plumetti-david christian (6)\" width=\"529\" height=\"494\" \/><\/a><a href=\"http:\/\/ouiouiblog.files.wordpress.com\/2014\/02\/telva-novias-febrero-2014-trenza-isabel-castillo-atipica-living-invitarte-plumetti-david-christian-7.jpg\"><img loading=\"lazy\" decoding=\"async\" class=\"aligncenter size-full wp-image-1243\" src=\"http:\/\/ouiouiblog.files.wordpress.com\/2014\/02\/telva-novias-febrero-2014-trenza-isabel-castillo-atipica-living-invitarte-plumetti-david-christian-7.jpg\" alt=\"Telva novias febrero 2014-trenza-isabel castillo-atipica living-invitarte-plumetti-david christian (7)\" width=\"460\" height=\"524\" \/><\/a><\/p>\n<p style=\"text-align: center;\">Las invitaciones de <strong><a href=\"www.invitarte.es\" target=\"_blank\">Invitarte<\/a><\/strong><\/p>\n<p style=\"text-align: center;\"><a href=\"http:\/\/ouiouiblog.files.wordpress.com\/2014\/02\/telva-novias-febrero-2014-trenza-isabel-castillo-atipica-living-invitarte-plumetti-david-christian-8.jpg\"><img loading=\"lazy\" decoding=\"async\" class=\"aligncenter size-full wp-image-1244\" src=\"http:\/\/ouiouiblog.files.wordpress.com\/2014\/02\/telva-novias-febrero-2014-trenza-isabel-castillo-atipica-living-invitarte-plumetti-david-christian-8.jpg\" alt=\"Telva novias febrero 2014-trenza-isabel castillo-atipica living-invitarte-plumetti-david christian (8)\" width=\"529\" height=\"391\" \/><\/a><\/p>\n<p style=\"text-align: center;\">Encontrarme entre las <strong>wedding planners recomendadas a <a href=\"www.ranasyprincesas.com\" target=\"_blank\">Patricia<\/a><\/strong>!!!, te lo mereces!<\/p>\n<p style=\"text-align: center;\"><a href=\"http:\/\/ouiouiblog.files.wordpress.com\/2014\/02\/oui-oui-wedding-planer-ranas-y-princesas-patricia-herrero-telva-febrero-2014.jpg\"><img loading=\"lazy\" decoding=\"async\" class=\"aligncenter size-full wp-image-1236\" src=\"http:\/\/ouiouiblog.files.wordpress.com\/2014\/02\/oui-oui-wedding-planer-ranas-y-princesas-patricia-herrero-telva-febrero-2014.jpg\" alt=\"Oui Oui-wedding planer-ranas y princesas-patricia herrero-telva febrero 2014\" width=\"529\" height=\"493\" \/><\/a><\/p>\n<p style=\"text-align: center;\">Y, como no, la <strong>divertida columna de Lorenzo Caprile<\/strong><\/p>\n<p style=\"text-align: center;\"><a href=\"http:\/\/ouiouiblog.files.wordpress.com\/2014\/02\/oui-oui-telva-novias-feb-2014-lorenzocaprile.jpg\"><img loading=\"lazy\" decoding=\"async\" class=\"aligncenter size-full wp-image-1230\" src=\"http:\/\/ouiouiblog.files.wordpress.com\/2014\/02\/oui-oui-telva-novias-feb-2014-lorenzocaprile.jpg\" alt=\"Oui Oui-telva novias feb 2014-lorenzocaprile\" width=\"529\" height=\"509\" \/><\/a><\/p>\n<p style=\"text-align: center;\">Y aqu\u00ed <strong>las apariciones de Oui Oui<\/strong>&#8230; (aunque los precios son bastante m\u00e1s bajos de lo que aparecen en la imagen!)<\/p>\n<p style=\"text-align: center;\"><a href=\"http:\/\/ouiouiblog.files.wordpress.com\/2014\/02\/oui-oui-telva-novias-platito-anillos-cartel-wedding-banderitas-feb-2014.jpg\"><img loading=\"lazy\" decoding=\"async\" class=\"aligncenter size-full wp-image-1235\" src=\"http:\/\/ouiouiblog.files.wordpress.com\/2014\/02\/oui-oui-telva-novias-platito-anillos-cartel-wedding-banderitas-feb-2014.jpg\" alt=\"Oui Oui-telva novias-platito anillos-cartel wedding-banderitas-feb 2014\" width=\"524\" height=\"524\" \/><\/a>El <a href=\"http:\/\/www.oui-oui.es\/decoracion-chic-cool\/349-cojin-all-you-need-is-love.html\" target=\"_blank\"><strong>coj\u00edn All you Need is Love<\/strong><\/a> que es un \u00e9xito<\/p>\n<p style=\"text-align: center;\"><a href=\"http:\/\/ouiouiblog.files.wordpress.com\/2014\/02\/oui-oui-cojin-all-you-need-is-love-telva-novias-feb-2014.jpg\"><img loading=\"lazy\" decoding=\"async\" class=\"aligncenter size-full wp-image-1228\" src=\"http:\/\/ouiouiblog.files.wordpress.com\/2014\/02\/oui-oui-cojin-all-you-need-is-love-telva-novias-feb-2014.jpg\" alt=\"Oui Oui-cojin all you need is love telva novias feb 2014\" width=\"524\" height=\"524\" \/><\/a><\/p>\n<p style=\"text-align: center;\">Y otro de los s\u00faper ventas&#8230;<strong><a href=\"http:\/\/www.oui-oui.es\/just-maried\/282-taza-mr-bigote.html\" target=\"_blank\">La taza para los se\u00f1ores!<\/a><\/strong><\/p>\n<p style=\"text-align: center;\"><a href=\"http:\/\/ouiouiblog.files.wordpress.com\/2014\/02\/oui-oui-telva-novias-feb-2014-taza-mr.jpg\"><img loading=\"lazy\" decoding=\"async\" class=\"aligncenter size-full wp-image-1232\" src=\"http:\/\/ouiouiblog.files.wordpress.com\/2014\/02\/oui-oui-telva-novias-feb-2014-taza-mr.jpg\" alt=\"Oui Oui-telva novias feb 2014-taza mr\" width=\"524\" height=\"524\" \/><\/a>Pues nada, empezar as\u00ed la semana da gusto!!!<\/p>\n<p style=\"text-align: center;\">\n","protected":false},"excerpt":{"rendered":"<p>Parece mentira c\u00f3mo pasa el tiempo&#8230;Hace un a\u00f1o, por primera vez, aparec\u00eda Oui Oui en una revista y fu\u00e9 en Telva Novias, a\u00fan no hab\u00eda lanzado la tienda pero hab\u00edan gustado los productos y confiaron en Oui Oui casi a ciegas. Ver tu peque\u00f1o proyecto en una de las grandes que, adem\u00e1s, hab\u00eda ido coleccionando [&hellip;]<\/p>\n","protected":false},"author":1,"featured_media":3242,"comment_status":"open","ping_status":"open","sticky":false,"template":"","format":"standard","meta":{"jetpack_post_was_ever_published":false,"_jetpack_newsletter_access":"","_jetpack_dont_email_post_to_subs":false,"_jetpack_newsletter_tier_id":0,"_jetpack_memberships_contains_paywalled_content":false,"_jetpack_memberships_contains_paid_content":false,"footnotes":"","jetpack_publicize_message":"","jetpack_publicize_feature_enabled":true,"jetpack_social_post_already_shared":false,"jetpack_social_options":{"image_generator_settings":{"template":"highway","default_image_id":0,"font":"","enabled":false},"version":2}},"categories":[704],"tags":[723,716],"class_list":["post-1225","post","type-post","status-publish","format-standard","has-post-thumbnail","hentry","category-boda","tag-detalle-boda","tag-looks-boda"],"aioseo_notices":[],"jetpack_publicize_connections":[],"jetpack_featured_media_url":"https:\/\/oui-oui.es\/blog\/wp-content\/uploads\/2014\/02\/oui-oui-telva-novias-febrero-2014.jpg","jetpack_sharing_enabled":true,"jetpack-related-posts":[{"id":2582,"url":"https:\/\/oui-oui.es\/blog\/nuestro-candybar-en-el-encuentro-de-telva-novias\/","url_meta":{"origin":1225,"position":0},"title":"Nuestro candybar en el encuentro de Telva Novias","author":"Mar\u00eda \u2665Oui Oui\u2665","date":"10 junio, 2015","format":false,"excerpt":"Como os cont\u00e9, este a\u00f1o Oui Oui volvi\u00f3 a participar en el evento que organiza Telva Novias para profesionales y novios interesados en el sector wedding, se trataba del II Encuentro Telva Novias, y en esta ocasi\u00f3n nos unimos Elena Bau, Bodas Color\u00edn Colorado y yo para crear algo juntas.\u2026","rel":"","context":"En \u00abBoda\u00bb","block_context":{"text":"Boda","link":"https:\/\/oui-oui.es\/blog\/category\/fiestas-celebraciones\/boda\/"},"img":{"alt_text":"","src":"https:\/\/i0.wp.com\/oui-oui.es\/blog\/wp-content\/uploads\/2015\/06\/oui-oui-ii-encuentro-telva-novias-evento-telva-novias-2015-elena-bau-15.jpg?resize=350%2C200&ssl=1","width":350,"height":200,"srcset":"https:\/\/i0.wp.com\/oui-oui.es\/blog\/wp-content\/uploads\/2015\/06\/oui-oui-ii-encuentro-telva-novias-evento-telva-novias-2015-elena-bau-15.jpg?resize=350%2C200&ssl=1 1x, https:\/\/i0.wp.com\/oui-oui.es\/blog\/wp-content\/uploads\/2015\/06\/oui-oui-ii-encuentro-telva-novias-evento-telva-novias-2015-elena-bau-15.jpg?resize=525%2C300&ssl=1 1.5x, https:\/\/i0.wp.com\/oui-oui.es\/blog\/wp-content\/uploads\/2015\/06\/oui-oui-ii-encuentro-telva-novias-evento-telva-novias-2015-elena-bau-15.jpg?resize=700%2C400&ssl=1 2x"},"classes":[]},{"id":2435,"url":"https:\/\/oui-oui.es\/blog\/te-esperamos-en-el-ii-encuentro-de-telva-novias\/","url_meta":{"origin":1225,"position":1},"title":"Te esperamos en el II Encuentro de Telva Novias","author":"Mar\u00eda \u2665Oui Oui\u2665","date":"26 mayo, 2015","format":false,"excerpt":"\u00bfEst\u00e1s organizando tu boda pero a\u00fan no tienes claro un mont\u00f3n de cosas?; la finca o el hotel, el catering, si necesitas wedding planner o no (ya te digo que s\u00ed la necesitas), qu\u00e9 regalar\u00e1s a los invitados, o, m\u00e1s f\u00e1cil, c\u00f3mo hacer una candybar original y diferente, no como\u2026","rel":"","context":"En \u00abBoda\u00bb","block_context":{"text":"Boda","link":"https:\/\/oui-oui.es\/blog\/category\/fiestas-celebraciones\/boda\/"},"img":{"alt_text":"","src":"https:\/\/i0.wp.com\/oui-oui.es\/blog\/wp-content\/uploads\/2015\/05\/oui-oui-tienda-online-detalles-decoracion-boda-foto-elena-bau-10.jpg?resize=350%2C200&ssl=1","width":350,"height":200,"srcset":"https:\/\/i0.wp.com\/oui-oui.es\/blog\/wp-content\/uploads\/2015\/05\/oui-oui-tienda-online-detalles-decoracion-boda-foto-elena-bau-10.jpg?resize=350%2C200&ssl=1 1x, https:\/\/i0.wp.com\/oui-oui.es\/blog\/wp-content\/uploads\/2015\/05\/oui-oui-tienda-online-detalles-decoracion-boda-foto-elena-bau-10.jpg?resize=525%2C300&ssl=1 1.5x"},"classes":[]},{"id":926,"url":"https:\/\/oui-oui.es\/blog\/dos-regalos-diferentes-para-momentos-muy-especiales\/","url_meta":{"origin":1225,"position":2},"title":"Dos regalos diferentes para momentos muy especiales","author":"Mar\u00eda \u2665Oui Oui\u2665","date":"11 julio, 2013","format":false,"excerpt":"Desde siempre me han encantado los cuadernos y las listas, listas para todo, de pros y contras, de temas pendientes, de cosas que hacer antes de los 30, del equipaje b\u00e1sico para ir a esquiar....Y un cuaderno para cada cosa, adem\u00e1s de comprar todos los que me gustaban por su\u2026","rel":"","context":"En \u00abA una futura novia\u00bb","block_context":{"text":"A una futura novia","link":"https:\/\/oui-oui.es\/blog\/category\/no-se-que-regalar\/a-una-futura-novia\/"},"img":{"alt_text":"","src":"https:\/\/i0.wp.com\/oui-oui.es\/blog\/wp-content\/uploads\/oui-oui-escribir-en-cuadernos.jpg?resize=350%2C200&ssl=1","width":350,"height":200},"classes":[]},{"id":449,"url":"https:\/\/oui-oui.es\/blog\/5-cosas-que-hacer-nada-mas-comprometerte\/","url_meta":{"origin":1225,"position":3},"title":"5 cosas que hacer nada m\u00e1s comprometerte","author":"Mar\u00eda \u2665Oui Oui\u2665","date":"16 enero, 2013","format":false,"excerpt":"Hoy hace dos a\u00f1os que anunciamos p\u00fablicamente que est\u00e1bamos comprometidos y que nos cas\u00e1bamos en ocho meses. Digo p\u00fablicamente porque \u00c1lvaro me lo pidi\u00f3 una semana antes, pero est\u00e1bamos esquiando, solos fuera de Espa\u00f1a, y fu\u00e9 nuestro secreto durante una semana. Una de las cosas que recuerdo con m\u00e1s ilusi\u00f3n\u2026","rel":"","context":"En \u00abBoda\u00bb","block_context":{"text":"Boda","link":"https:\/\/oui-oui.es\/blog\/category\/fiestas-celebraciones\/boda\/"},"img":{"alt_text":"","src":"https:\/\/i0.wp.com\/oui-oui.es\/blog\/wp-content\/uploads\/oui-oui-blog-taza-casate-conmigo.jpg?resize=350%2C200&ssl=1","width":350,"height":200,"srcset":"https:\/\/i0.wp.com\/oui-oui.es\/blog\/wp-content\/uploads\/oui-oui-blog-taza-casate-conmigo.jpg?resize=350%2C200&ssl=1 1x, https:\/\/i0.wp.com\/oui-oui.es\/blog\/wp-content\/uploads\/oui-oui-blog-taza-casate-conmigo.jpg?resize=525%2C300&ssl=1 1.5x"},"classes":[]},{"id":1494,"url":"https:\/\/oui-oui.es\/blog\/de-celebracion-gracias-y-otras-cosas\/","url_meta":{"origin":1225,"position":4},"title":"De celebraci\u00f3n, gracias y otras cosas","author":"Mar\u00eda \u2665Oui Oui\u2665","date":"5 mayo, 2014","format":false,"excerpt":"Llevo un ritmo que no me ha permitido celebrar varias cosas que lo merec\u00edan las \u00faltimas semanas...La m\u00e1s importante es que Oui Oui cumpli\u00f3 un a\u00f1o el pasado 19 de marzo...Un a\u00f1o ya!, se me ha pasado volando, pero a la vez han pasado tantas cosas que lo veo lejos.\u2026","rel":"","context":"En \u00abOUI OUI\u00bb","block_context":{"text":"OUI OUI","link":"https:\/\/oui-oui.es\/blog\/category\/oui-oui\/"},"img":{"alt_text":"","src":"https:\/\/i0.wp.com\/oui-oui.es\/blog\/wp-content\/uploads\/2014\/05\/oui-oui-instagram-11000-seguidores.jpg?resize=350%2C200&ssl=1","width":350,"height":200,"srcset":"https:\/\/i0.wp.com\/oui-oui.es\/blog\/wp-content\/uploads\/2014\/05\/oui-oui-instagram-11000-seguidores.jpg?resize=350%2C200&ssl=1 1x, https:\/\/i0.wp.com\/oui-oui.es\/blog\/wp-content\/uploads\/2014\/05\/oui-oui-instagram-11000-seguidores.jpg?resize=525%2C300&ssl=1 1.5x, https:\/\/i0.wp.com\/oui-oui.es\/blog\/wp-content\/uploads\/2014\/05\/oui-oui-instagram-11000-seguidores.jpg?resize=700%2C400&ssl=1 2x"},"classes":[]},{"id":2487,"url":"https:\/\/oui-oui.es\/blog\/el-atelier-de-novias-de-david-christian\/","url_meta":{"origin":1225,"position":5},"title":"El atelier de novias de David Christian","author":"Mar\u00eda \u2665Oui Oui\u2665","date":"2 junio, 2015","format":false,"excerpt":"Las chicas de David Christian no paran. La semana pasada inauguraban su nuevo atelier para novias y, aunque no quer\u00eda perd\u00e9rmelo, al final me fue imposible asistir. Sin embargo, estas preciosas fotos, te trasportan un poco a la tranquila y fresca atm\u00f3sfera del Atelier, situado en Conde de Xiquena, 6,\u2026","rel":"","context":"En \u00abBoda\u00bb","block_context":{"text":"Boda","link":"https:\/\/oui-oui.es\/blog\/category\/fiestas-celebraciones\/boda\/"},"img":{"alt_text":"","src":"https:\/\/i0.wp.com\/oui-oui.es\/blog\/wp-content\/uploads\/2015\/06\/oui-oui-blog-atelier-david-christian-novias-david-christian-1.jpg?resize=350%2C200&ssl=1","width":350,"height":200,"srcset":"https:\/\/i0.wp.com\/oui-oui.es\/blog\/wp-content\/uploads\/2015\/06\/oui-oui-blog-atelier-david-christian-novias-david-christian-1.jpg?resize=350%2C200&ssl=1 1x, https:\/\/i0.wp.com\/oui-oui.es\/blog\/wp-content\/uploads\/2015\/06\/oui-oui-blog-atelier-david-christian-novias-david-christian-1.jpg?resize=525%2C300&ssl=1 1.5x, https:\/\/i0.wp.com\/oui-oui.es\/blog\/wp-content\/uploads\/2015\/06\/oui-oui-blog-atelier-david-christian-novias-david-christian-1.jpg?resize=700%2C400&ssl=1 2x, https:\/\/i0.wp.com\/oui-oui.es\/blog\/wp-content\/uploads\/2015\/06\/oui-oui-blog-atelier-david-christian-novias-david-christian-1.jpg?resize=1050%2C600&ssl=1 3x, https:\/\/i0.wp.com\/oui-oui.es\/blog\/wp-content\/uploads\/2015\/06\/oui-oui-blog-atelier-david-christian-novias-david-christian-1.jpg?resize=1400%2C800&ssl=1 4x"},"classes":[]}],"_links":{"self":[{"href":"https:\/\/oui-oui.es\/blog\/wp-json\/wp\/v2\/posts\/1225","targetHints":{"allow":["GET"]}}],"collection":[{"href":"https:\/\/oui-oui.es\/blog\/wp-json\/wp\/v2\/posts"}],"about":[{"href":"https:\/\/oui-oui.es\/blog\/wp-json\/wp\/v2\/types\/post"}],"author":[{"embeddable":true,"href":"https:\/\/oui-oui.es\/blog\/wp-json\/wp\/v2\/users\/1"}],"replies":[{"embeddable":true,"href":"https:\/\/oui-oui.es\/blog\/wp-json\/wp\/v2\/comments?post=1225"}],"version-history":[{"count":1,"href":"https:\/\/oui-oui.es\/blog\/wp-json\/wp\/v2\/posts\/1225\/revisions"}],"predecessor-version":[{"id":3243,"href":"https:\/\/oui-oui.es\/blog\/wp-json\/wp\/v2\/posts\/1225\/revisions\/3243"}],"wp:featuredmedia":[{"embeddable":true,"href":"https:\/\/oui-oui.es\/blog\/wp-json\/wp\/v2\/media\/3242"}],"wp:attachment":[{"href":"https:\/\/oui-oui.es\/blog\/wp-json\/wp\/v2\/media?parent=1225"}],"wp:term":[{"taxonomy":"category","embeddable":true,"href":"https:\/\/oui-oui.es\/blog\/wp-json\/wp\/v2\/categories?post=1225"},{"taxonomy":"post_tag","embeddable":true,"href":"https:\/\/oui-oui.es\/blog\/wp-json\/wp\/v2\/tags?post=1225"}],"curies":[{"name":"wp","href":"https:\/\/api.w.org\/{rel}","templated":true}]}}