{"id":1250,"date":"2014-02-12T00:01:20","date_gmt":"2014-02-11T23:01:20","guid":{"rendered":"http:\/\/ouiouiblog.wordpress.com\/?p=1250"},"modified":"2015-09-03T10:58:31","modified_gmt":"2015-09-03T08:58:31","slug":"regalos-chulos-lowcost-san-valentin","status":"publish","type":"post","link":"https:\/\/oui-oui.es\/blog\/regalos-chulos-lowcost-san-valentin\/","title":{"rendered":"A\u00fan llegas a tiempo para San Valent\u00edn!"},"content":{"rendered":"<p style=\"text-align: center;\"><a href=\"http:\/\/ouiouiblog.files.wordpress.com\/2014\/02\/oui-oui-bodegc3b3n-san-valentc3adn-regalos-chulos-san-valentc3adn.jpg\"><img loading=\"lazy\" decoding=\"async\" class=\"aligncenter size-full wp-image-1270\" src=\"http:\/\/ouiouiblog.files.wordpress.com\/2014\/02\/oui-oui-bodegc3b3n-san-valentc3adn-regalos-chulos-san-valentc3adn.jpg\" alt=\"Oui Oui-bodeg\u00f3n san valent\u00edn-regalos chulos san valent\u00edn\" width=\"524\" height=\"524\" \/><\/a><\/p>\n<p style=\"text-align: center;\">Celebrar <strong>San Valent\u00edn<\/strong> es una <strong>excusa para hacer un detallito<\/strong>, para enviar flores, comer m\u00e1s chocolates de la cuenta o salir a cenar. Por supuesto que tambi\u00e9n se puede (y se debe) hacer durante el resto del a\u00f1o, pero <strong>\u00bfqu\u00e9 hay de malo en divertirse montando un desayuno\/cena con toques amorosos?<\/strong>, algo de rojo, alg\u00fan coraz\u00f3n, una copa o un regalo?, <strong>a mi me gusta celebrar todo lo que pueda, as\u00ed que San Valent\u00edn, tambi\u00e9n. &#8211; <a href=\"http:\/\/blogs.glamour.es\/cuaderno-secreto-de-bon-vivant\/2014\/02\/san-valentin-es-el-nuevo-toma-amor\/\" target=\"_blank\">Lo dice hasta el Bon Vivant <\/a>\ud83d\ude09 &#8211;<\/strong><\/p>\n<p style=\"text-align: center;\"><a href=\"http:\/\/ouiouiblog.files.wordpress.com\/2014\/02\/oui-oui-cesta-alambre-zinc-forma-corazc3b3n.jpg\"><img loading=\"lazy\" decoding=\"async\" class=\"aligncenter size-full wp-image-1260\" src=\"http:\/\/ouiouiblog.files.wordpress.com\/2014\/02\/oui-oui-cesta-alambre-zinc-forma-corazc3b3n.jpg\" alt=\"Oui Oui-cesta alambre zinc forma coraz\u00f3n\" width=\"529\" height=\"529\" \/><\/a><\/p>\n<p style=\"text-align: center;\">El primer San Valent\u00edn que recuerdo fu\u00e9 hace much\u00edsimos a\u00f1os, yo le regalaba a mi <em>novio<\/em> de entonces varias cosas y se me ocurri\u00f3 que lo mejor era meterlas en una <strong>caja toda forrada de corazones de gominola<\/strong>, de esos naranjas y rosas que saben a melocot\u00f3n, pero claro, como las manualidades no eran (ni son mucho, la verdad), lo m\u00edo&#8230;\u00bfQui\u00e9n se encarg\u00f3 de forrar una caja de folios en papel rosa y luego pegar uno a uno los corazones?, pues, como no pod\u00eda ser de otra forma&#8230;Mi padre! (que, ahora que lo pienso, igual no le hizo mucha gracia&#8230;je,je).<\/p>\n<p style=\"text-align: center;\">Otra idea divertida a\u00f1os m\u00e1s tarde fu\u00e9 <strong>llenar de piruletas de coraz\u00f3n unas botas de esqu\u00ed<\/strong> para sorprender al ir a pon\u00e9rselas \ud83d\ude09<\/p>\n<p style=\"text-align: center;\"><a href=\"http:\/\/ouiouiblog.files.wordpress.com\/2014\/02\/oui-oui-piruletas-corazc3b3n-fiesta.jpg\"><img loading=\"lazy\" decoding=\"async\" class=\"aligncenter size-full wp-image-1271\" src=\"http:\/\/ouiouiblog.files.wordpress.com\/2014\/02\/oui-oui-piruletas-corazc3b3n-fiesta.jpg\" alt=\"Oui Oui-piruletas coraz\u00f3n fiesta\" width=\"529\" height=\"529\" \/><\/a><\/p>\n<p style=\"text-align: center;\">Como ve\u00eds, no tiene porqu\u00e9 estar relacionado con \u00abun centro comercial\u00bb, como dicen sus detractores, de hecho <strong>ese argumento ya cansa un poco, no?.<\/strong><\/p>\n<p style=\"text-align: center;\">Pues bien, en <a href=\"http:\/\/www.oui-oui.es\" target=\"_blank\"><strong>Oui Oui<\/strong><\/a> no pod\u00edan faltar cositas y detalles para regalar por <a href=\"http:\/\/www.oui-oui.es\/36-san-valentin\" target=\"_blank\"><strong>San Valent\u00edn<\/strong><\/a> y, como <strong>el pedido te llega en 24h&#8230;A\u00fan est\u00e1s a tiempo!!!<\/strong><\/p>\n<p style=\"text-align: center;\">Nos hemos atrevido a hacer una <a href=\"http:\/\/www.oui-oui.es\/puertas-ratoncito-perez\/525-puerta-ratoncito-perez-san-valentin-.html\" target=\"_blank\"><strong>puerta para el ratoncito P\u00e9rez edici\u00f3n especial de San Valent\u00edn<\/strong><\/a> (con un coraz\u00f3n en la parte superior, el n\u00ba14 o el de tu aniversario y buz\u00f3n o aldaba), adem\u00e1s <strong>incluye el complemento para el ratoncito P\u00e9rez que prefieras y un detalle de San Valent\u00edn!<\/strong>, est\u00e1n <strong>listas para llevar<\/strong> as\u00ed que <strong>no tienes que esperar<\/strong>, ma\u00f1ana la puedes tener en casa!, eso s\u00ed, date prisa porque quedan poquitas unidades!.Puedes comprarla <a href=\"http:\/\/www.oui-oui.es\/puertas-ratoncito-perez\/525-puerta-ratoncito-perez-san-valentin-.html\" target=\"_blank\">aqu\u00ed<\/a>.<\/p>\n<p style=\"text-align: center;\"><a href=\"http:\/\/www.oui-oui.es\/puertas-ratoncito-perez\/525-puerta-ratoncito-perez-san-valentin-.html\"><img loading=\"lazy\" decoding=\"async\" class=\"aligncenter size-full wp-image-1251\" src=\"http:\/\/ouiouiblog.files.wordpress.com\/2014\/02\/oui-oui-puerta-ratoncito-pc3a9rez-para-san-valentc3adn.jpg\" alt=\"Oui Oui-puerta ratoncito P\u00e9rez para san valent\u00edn\" width=\"529\" height=\"529\" \/><\/a><\/p>\n<p style=\"text-align: center;\">Para los que prefieren regalar un detalle que luego puedas usar en casa tienes estas <strong>cestas con forma de coraz\u00f3n<\/strong><\/p>\n<p style=\"text-align: center;\"><a href=\"http:\/\/ouiouiblog.files.wordpress.com\/2014\/02\/oui-oui-cestas-alambre-forma-corazc3b3n.jpg\"><img loading=\"lazy\" decoding=\"async\" class=\"aligncenter size-full wp-image-1252\" src=\"http:\/\/ouiouiblog.files.wordpress.com\/2014\/02\/oui-oui-cestas-alambre-forma-corazc3b3n.jpg\" alt=\"oUI oUI-CESTAS ALAMBRE FORMA CORAZ\u00d3N\" width=\"393\" height=\"524\" \/><\/a><\/p>\n<p style=\"text-align: center;\">O estas <a href=\"http:\/\/www.oui-oui.es\/decoracion-chic-cool\/522-percha-alambre-corazon-mediana.html\" target=\"_blank\"><strong>perchas<\/strong><\/a><\/p>\n<p style=\"text-align: center;\"><a href=\"http:\/\/ouiouiblog.files.wordpress.com\/2014\/02\/oui-oui-percha-zinc-forma-corazc3b3n.jpg\"><img loading=\"lazy\" decoding=\"async\" class=\"aligncenter size-full wp-image-1254\" src=\"http:\/\/ouiouiblog.files.wordpress.com\/2014\/02\/oui-oui-percha-zinc-forma-corazc3b3n.jpg\" alt=\"Oui Oui-percha zinc forma coraz\u00f3n\" width=\"524\" height=\"524\" \/><\/a><\/p>\n<p style=\"text-align: center;\">El <strong>cubo LOVE<\/strong> que ha arrasado estas \u00faltimas semanas!<\/p>\n<p style=\"text-align: center;\"><a href=\"http:\/\/ouiouiblog.files.wordpress.com\/2014\/02\/oui-oui-novedades-enero-cubos-palabra-love.jpg\"><img loading=\"lazy\" decoding=\"async\" class=\"aligncenter size-full wp-image-1259\" src=\"http:\/\/ouiouiblog.files.wordpress.com\/2014\/02\/oui-oui-novedades-enero-cubos-palabra-love.jpg\" alt=\"Oui Oui-novedades enero-cubos palabra love\" width=\"529\" height=\"529\" \/><\/a><\/p>\n<p style=\"text-align: center;\">O el <strong>bloque de colores LOVE IS ALL YOU NEED<\/strong><\/p>\n<p style=\"text-align: center;\"><a href=\"http:\/\/www.oui-oui.es\/just-maried\/494-bloque-madera-love-is-all-you-need.html\"><img loading=\"lazy\" decoding=\"async\" class=\"aligncenter size-full wp-image-1257\" src=\"http:\/\/ouiouiblog.files.wordpress.com\/2014\/02\/oui-oui-bloque-madera-love-is-all-you-need-colores-con-reach-for-the-stars.jpg\" alt=\"Oui Oui-bloque madera love is all you need colores con reach for the stars\" width=\"529\" height=\"529\" \/><\/a><\/p>\n<p style=\"text-align: center;\">Un detall\u00edn para acompa\u00f1ar otro regalo; <a href=\"http:\/\/www.oui-oui.es\/decoracion\/514-cartelito-alambre-love.html\" target=\"_blank\"><strong>la palabra Love en alambre<\/strong><\/a><\/p>\n<p style=\"text-align: center;\"><a href=\"http:\/\/ouiouiblog.files.wordpress.com\/2014\/02\/oui-oui-palabra-love-alambre-colgante.jpg\"><img loading=\"lazy\" decoding=\"async\" class=\"aligncenter size-full wp-image-1253\" src=\"http:\/\/ouiouiblog.files.wordpress.com\/2014\/02\/oui-oui-palabra-love-alambre-colgante.jpg\" alt=\"Oui Oui-palabra love alambre colgante\" width=\"393\" height=\"524\" \/><\/a><\/p>\n<p style=\"text-align: center;\">O el cartelito para dar <strong>el beso de buenas noches<\/strong><\/p>\n<p style=\"text-align: center;\"><a href=\"http:\/\/ouiouiblog.files.wordpress.com\/2014\/02\/oui-oui-cartelito-always-kissme-goodnight-en-el-cabecero.jpg\"><img loading=\"lazy\" decoding=\"async\" class=\"aligncenter size-full wp-image-1258\" src=\"http:\/\/ouiouiblog.files.wordpress.com\/2014\/02\/oui-oui-cartelito-always-kissme-goodnight-en-el-cabecero.jpg\" alt=\"Oui Oui-cartelito always kissme goodnight en el cabecero\" width=\"529\" height=\"529\" \/><\/a><\/p>\n<p style=\"text-align: center;\">Si vas a montar algo informal, estos <a href=\"http:\/\/www.oui-oui.es\/fiestas-y-cumpleanos\/463-platos-chevron-rojo.html\" target=\"_blank\"><strong>platos y vasos rojos de chevron<\/strong><\/a> quedar\u00e1n genial<\/p>\n<p style=\"text-align: center;\"><a href=\"http:\/\/ouiouiblog.files.wordpress.com\/2014\/02\/oui-oui-mesa-chevron-rojo-san-valentin2.jpg\"><img loading=\"lazy\" decoding=\"async\" class=\"aligncenter size-full wp-image-1261\" src=\"http:\/\/ouiouiblog.files.wordpress.com\/2014\/02\/oui-oui-mesa-chevron-rojo-san-valentin2.jpg\" alt=\"Oui Oui-mesa chevron rojo san valentin2\" width=\"300\" height=\"300\" \/><\/a><\/p>\n<p style=\"text-align: center;\">O \u00e9stos si eres m\u00e1s de <strong>corazones<\/strong><\/p>\n<p style=\"text-align: center;\"><a href=\"http:\/\/www.oui-oui.es\/fiestas-y-cumpleanos\/467-platos-corazones-verde-agua.html\"><img loading=\"lazy\" decoding=\"async\" class=\"aligncenter size-full wp-image-1262\" src=\"http:\/\/ouiouiblog.files.wordpress.com\/2014\/02\/oui-oui-mesa-vas-oscorazones-mint-san-valentc3adn.jpg\" alt=\"Oui Oui-mesa vas oscorazones mint san valent\u00edn\" width=\"300\" height=\"300\" \/><\/a><\/p>\n<p style=\"text-align: center;\">Y si preparas un <strong>desayuno casero<\/strong>, estos <a href=\"http:\/\/www.oui-oui.es\/decoracion-chic-cool\/505-moldes-i-u.html\" target=\"_blank\"><strong>moldes para decir te quiero con el bizcocho.<\/strong><\/a><\/p>\n<p style=\"text-align: center;\"><a href=\"http:\/\/ouiouiblog.files.wordpress.com\/2014\/02\/oui-oui-moldes-cortadores-i-love-you-corazon-grandes.jpg\"><img loading=\"lazy\" decoding=\"async\" class=\"aligncenter size-full wp-image-1256\" src=\"http:\/\/ouiouiblog.files.wordpress.com\/2014\/02\/oui-oui-moldes-cortadores-i-love-you-corazon-grandes.jpg\" alt=\"Oui Oui-moldes cortadores i love you-corazon.grandes\" width=\"529\" height=\"529\" \/><\/a><\/p>\n<p style=\"text-align: center;\">Uno de mis prefes son las<a href=\"www.oui-oui.es\/38-cubiertos-con-mensaje\" target=\"_blank\"><strong> cucharas con mensaje<\/strong><\/a>, para decir <strong>buenos d\u00edas guapa, te quiero o \u00ab<em>you are my cup of tea<\/em>\u00ab<\/strong><\/p>\n<p style=\"text-align: center;\"><a href=\"http:\/\/ouiouiblog.files.wordpress.com\/2014\/02\/oui-oui-cubiertos-con-mensaje-cuchara-personalizada-cubiertos-personalizados-besayuname.jpg\"><img loading=\"lazy\" decoding=\"async\" class=\"aligncenter size-full wp-image-1263\" src=\"http:\/\/ouiouiblog.files.wordpress.com\/2014\/02\/oui-oui-cubiertos-con-mensaje-cuchara-personalizada-cubiertos-personalizados-besayuname.jpg\" alt=\"Oui Oui-cubiertos con mensaje-cuchara personalizada-cubiertos personalizados-besayuname\" width=\"524\" height=\"524\" \/><\/a> <a href=\"http:\/\/ouiouiblog.files.wordpress.com\/2014\/02\/oui-oui-cuchara-con-mensaje-cubiertos-personalizados-spoon-me-its-cold-outside.jpg\"><img loading=\"lazy\" decoding=\"async\" class=\"aligncenter size-full wp-image-1264\" src=\"http:\/\/ouiouiblog.files.wordpress.com\/2014\/02\/oui-oui-cuchara-con-mensaje-cubiertos-personalizados-spoon-me-its-cold-outside.jpg\" alt=\"Oui Oui-cuchara con mensaje-cubiertos personalizados-spoon me its cold outside\" width=\"524\" height=\"524\" \/><\/a> <a href=\"http:\/\/ouiouiblog.files.wordpress.com\/2014\/02\/oui-oui-cuchara-good-morning-handsome.jpg\"><img loading=\"lazy\" decoding=\"async\" class=\"aligncenter size-full wp-image-1265\" src=\"http:\/\/ouiouiblog.files.wordpress.com\/2014\/02\/oui-oui-cuchara-good-morning-handsome.jpg\" alt=\"Oui Oui-cuchara good morning handsome\" width=\"529\" height=\"529\" \/><\/a> <a href=\"http:\/\/ouiouiblog.files.wordpress.com\/2014\/02\/oui-oui-cucharas-mia-y-tuya.jpg\"><img loading=\"lazy\" decoding=\"async\" class=\"aligncenter size-full wp-image-1266\" src=\"http:\/\/ouiouiblog.files.wordpress.com\/2014\/02\/oui-oui-cucharas-mia-y-tuya.jpg\" alt=\"Oui Oui-cucharas mia y tuya\" width=\"529\" height=\"527\" \/><\/a> <a href=\"http:\/\/ouiouiblog.files.wordpress.com\/2014\/02\/oui-oui-cucharilla-cafc3a9-i-love-you-marshmallows.jpg\"><img loading=\"lazy\" decoding=\"async\" class=\"aligncenter size-full wp-image-1267\" src=\"http:\/\/ouiouiblog.files.wordpress.com\/2014\/02\/oui-oui-cucharilla-cafc3a9-i-love-you-marshmallows.jpg\" alt=\"Oui Oui-Cucharilla caf\u00e9 i love you-marshmallows\" width=\"529\" height=\"529\" \/><\/a> <a href=\"http:\/\/ouiouiblog.files.wordpress.com\/2014\/02\/oui-oui-cucharilla-cafc3a9-buenos-dc3adas-bella-good-morning-beautiful.jpg\"><img loading=\"lazy\" decoding=\"async\" class=\"aligncenter size-full wp-image-1268\" src=\"http:\/\/ouiouiblog.files.wordpress.com\/2014\/02\/oui-oui-cucharilla-cafc3a9-buenos-dc3adas-bella-good-morning-beautiful.jpg\" alt=\"Oui Oui-cucharilla caf\u00e9-buenos d\u00edas bella-good morning beautiful\" width=\"529\" height=\"529\" \/><\/a> <a href=\"http:\/\/ouiouiblog.files.wordpress.com\/2014\/02\/oui-oui-cucharilla-cafc3a9-you-re-my-cup-of-tea-regalo-aniversario.jpg\"><img loading=\"lazy\" decoding=\"async\" class=\"aligncenter size-full wp-image-1269\" src=\"http:\/\/ouiouiblog.files.wordpress.com\/2014\/02\/oui-oui-cucharilla-cafc3a9-you-re-my-cup-of-tea-regalo-aniversario.jpg\" alt=\"oUI oUI-CUCHARILLA-CAF\u00c9-you-re-my-cup-of-tea-regalo aniversario\" width=\"529\" height=\"375\" \/><\/a><\/p>\n<p style=\"text-align: center;\">Y, por supuesto, <strong>un mont\u00f3n de washis y cintas para completar el regalo!<\/strong><\/p>\n<p style=\"text-align: center;\"><a href=\"http:\/\/ouiouiblog.files.wordpress.com\/2014\/02\/oui-oui-cinta-envolver-algodon-all-my-love.jpg\"><img loading=\"lazy\" decoding=\"async\" class=\"aligncenter size-full wp-image-1273\" src=\"http:\/\/ouiouiblog.files.wordpress.com\/2014\/02\/oui-oui-cinta-envolver-algodon-all-my-love.jpg\" alt=\"Oui Oui-cinta envolver algodon all my love\" width=\"529\" height=\"529\" \/><\/a>A pensar c\u00f3mo celebrarlo! \ud83d\ude09<\/p>\n<p style=\"text-align: center;\">\n","protected":false},"excerpt":{"rendered":"<p>Celebrar San Valent\u00edn es una excusa para hacer un detallito, para enviar flores, comer m\u00e1s chocolates de la cuenta o salir a cenar. Por supuesto que tambi\u00e9n se puede (y se debe) hacer durante el resto del a\u00f1o, pero \u00bfqu\u00e9 hay de malo en divertirse montando un desayuno\/cena con toques amorosos?, algo de rojo, alg\u00fan [&hellip;]<\/p>\n","protected":false},"author":1,"featured_media":3240,"comment_status":"open","ping_status":"open","sticky":false,"template":"","format":"standard","meta":{"jetpack_post_was_ever_published":false,"_jetpack_newsletter_access":"","_jetpack_dont_email_post_to_subs":false,"_jetpack_newsletter_tier_id":0,"_jetpack_memberships_contains_paywalled_content":false,"_jetpack_memberships_contains_paid_content":false,"footnotes":"","jetpack_publicize_message":"","jetpack_publicize_feature_enabled":true,"jetpack_social_post_already_shared":false,"jetpack_social_options":{"image_generator_settings":{"template":"highway","default_image_id":0,"font":"","enabled":false},"version":2}},"categories":[175,19],"tags":[733,340],"class_list":["post-1250","post","type-post","status-publish","format-standard","has-post-thumbnail","hentry","category-puertas-para-el-ratoncito-perez","category-san-valentin","tag-oui-oui-concept-store","tag-puertas-ratoncito-perez"],"aioseo_notices":[],"jetpack_publicize_connections":[],"jetpack_featured_media_url":"https:\/\/oui-oui.es\/blog\/wp-content\/uploads\/2014\/02\/oui-oui-bodegc3b3n-san-valentc3adn-regalos-chulos-san-valentc3adn.jpg","jetpack_sharing_enabled":true,"jetpack-related-posts":[{"id":1971,"url":"https:\/\/oui-oui.es\/blog\/las-puertas-del-ratoncito-perez-en-febrero\/","url_meta":{"origin":1250,"position":0},"title":"Las puertas del ratoncito P\u00e9rez en febrero","author":"Mar\u00eda \u2665Oui Oui\u2665","date":"3 marzo, 2015","format":false,"excerpt":"Cada d\u00eda tenemos pedidos diferentes de las puertas del ratoncito P\u00e9rez y la verdad es que nos encantan aquellos especialmente diferentes, por el color que ped\u00eds, por la historia que hay detr\u00e1s o por la composici\u00f3n que hago para la foto. As\u00ed que me he propuesto compartir con vosotros aquellas\u2026","rel":"","context":"En \u00abPUERTAS RATONCITO P\u00c9REZ\u00bb","block_context":{"text":"PUERTAS RATONCITO P\u00c9REZ","link":"https:\/\/oui-oui.es\/blog\/category\/puertas-para-el-ratoncito-perez\/"},"img":{"alt_text":"","src":"https:\/\/i0.wp.com\/oui-oui.es\/blog\/wp-content\/uploads\/2015\/03\/oui-oui-puerta-ratoncito-perez-mint-nutella.jpg?resize=350%2C200&ssl=1","width":350,"height":200,"srcset":"https:\/\/i0.wp.com\/oui-oui.es\/blog\/wp-content\/uploads\/2015\/03\/oui-oui-puerta-ratoncito-perez-mint-nutella.jpg?resize=350%2C200&ssl=1 1x, https:\/\/i0.wp.com\/oui-oui.es\/blog\/wp-content\/uploads\/2015\/03\/oui-oui-puerta-ratoncito-perez-mint-nutella.jpg?resize=525%2C300&ssl=1 1.5x"},"classes":[]},{"id":4397,"url":"https:\/\/oui-oui.es\/blog\/las-puertas-del-ratoncito-perez-de-mayo-2\/","url_meta":{"origin":1250,"position":1},"title":"Las puertas del ratoncito P\u00e9rez de mayo","author":"Mar\u00eda \u2665Oui Oui\u2665","date":"3 junio, 2016","format":false,"excerpt":"Durante las \u00faltimas semanas hemos hecho algunas puertas para el ratoncito P\u00e9rez m\u00e1s especiales, llev\u00e1bamos un tiempo trabajando en una de las m\u00e1s personalizadas que hemos ehcho hasta el momento y por fin vio la luz...Se trata de la puerta del rat\u00f3n P\u00e9rez de la pasteler\u00eda Motteau en el Barrio\u2026","rel":"","context":"En \u00abNI\u00d1OS Y NI\u00d1AS\u00bb","block_context":{"text":"NI\u00d1OS Y NI\u00d1AS","link":"https:\/\/oui-oui.es\/blog\/category\/ninos\/"},"img":{"alt_text":"","src":"https:\/\/i0.wp.com\/oui-oui.es\/blog\/wp-content\/uploads\/2016\/06\/Oui-Oui-puerta-ratoncito-P%C3%A9rez-Motteau-bakery-madrid.jpg?resize=350%2C200&ssl=1","width":350,"height":200,"srcset":"https:\/\/i0.wp.com\/oui-oui.es\/blog\/wp-content\/uploads\/2016\/06\/Oui-Oui-puerta-ratoncito-P%C3%A9rez-Motteau-bakery-madrid.jpg?resize=350%2C200&ssl=1 1x, https:\/\/i0.wp.com\/oui-oui.es\/blog\/wp-content\/uploads\/2016\/06\/Oui-Oui-puerta-ratoncito-P%C3%A9rez-Motteau-bakery-madrid.jpg?resize=525%2C300&ssl=1 1.5x, https:\/\/i0.wp.com\/oui-oui.es\/blog\/wp-content\/uploads\/2016\/06\/Oui-Oui-puerta-ratoncito-P%C3%A9rez-Motteau-bakery-madrid.jpg?resize=700%2C400&ssl=1 2x, https:\/\/i0.wp.com\/oui-oui.es\/blog\/wp-content\/uploads\/2016\/06\/Oui-Oui-puerta-ratoncito-P%C3%A9rez-Motteau-bakery-madrid.jpg?resize=1050%2C600&ssl=1 3x, https:\/\/i0.wp.com\/oui-oui.es\/blog\/wp-content\/uploads\/2016\/06\/Oui-Oui-puerta-ratoncito-P%C3%A9rez-Motteau-bakery-madrid.jpg?resize=1400%2C800&ssl=1 4x"},"classes":[]},{"id":2716,"url":"https:\/\/oui-oui.es\/blog\/las-puertas-del-ratoncito-perez-de-junio\/","url_meta":{"origin":1250,"position":2},"title":"Las puertas del ratoncito P\u00e9rez de junio","author":"Mar\u00eda \u2665Oui Oui\u2665","date":"2 julio, 2015","format":false,"excerpt":"Como cada mes, me gusta mostraros las puertas para el ratoncito P\u00e9rez m\u00e1s caracter\u00edsticas, este mes de juno hemos hecho algunas muy especiales, pero lo que m\u00e1s me ha llamado la atenci\u00f3n han sido los destinos hacia donde iban. Hasta este paraje espectcular llegaron dos puertas para el ratoncito (Islas\u2026","rel":"","context":"En \u00abNI\u00d1OS Y NI\u00d1AS\u00bb","block_context":{"text":"NI\u00d1OS Y NI\u00d1AS","link":"https:\/\/oui-oui.es\/blog\/category\/ninos\/"},"img":{"alt_text":"","src":"https:\/\/i0.wp.com\/oui-oui.es\/blog\/wp-content\/uploads\/Oui-Oui-puerta-ratoncito-P%C3%A9rez-Orgullo-Gay.jpg?resize=350%2C200&ssl=1","width":350,"height":200,"srcset":"https:\/\/i0.wp.com\/oui-oui.es\/blog\/wp-content\/uploads\/Oui-Oui-puerta-ratoncito-P%C3%A9rez-Orgullo-Gay.jpg?resize=350%2C200&ssl=1 1x, https:\/\/i0.wp.com\/oui-oui.es\/blog\/wp-content\/uploads\/Oui-Oui-puerta-ratoncito-P%C3%A9rez-Orgullo-Gay.jpg?resize=525%2C300&ssl=1 1.5x"},"classes":[]},{"id":4546,"url":"https:\/\/oui-oui.es\/blog\/las-puertas-del-ratoncito-de-junio\/","url_meta":{"origin":1250,"position":3},"title":"Las puertas del ratoncito de junio","author":"Mar\u00eda \u2665Oui Oui\u2665","date":"28 junio, 2016","format":false,"excerpt":"\u00a0 Con junio lleg\u00f3 el calor, las terracitas y la vida al aire libre, el ratoncito P\u00e9rez no pod\u00eda ser menos y hemos tra\u00eddo un mont\u00f3n de complementos nuevos para hacerle m\u00e1s fresca y alegre la visita a casa; una planta, una bici (por si quiere moverse en ella entre\u2026","rel":"","context":"En \u00abPUERTAS RATONCITO P\u00c9REZ\u00bb","block_context":{"text":"PUERTAS RATONCITO P\u00c9REZ","link":"https:\/\/oui-oui.es\/blog\/category\/puertas-para-el-ratoncito-perez\/"},"img":{"alt_text":"","src":"https:\/\/i0.wp.com\/oui-oui.es\/blog\/wp-content\/uploads\/2016\/06\/Oui-Oui-puertas-ratoncito-p%C3%A9rez-ratoncitos-maileg-mint.jpg?resize=350%2C200&ssl=1","width":350,"height":200,"srcset":"https:\/\/i0.wp.com\/oui-oui.es\/blog\/wp-content\/uploads\/2016\/06\/Oui-Oui-puertas-ratoncito-p%C3%A9rez-ratoncitos-maileg-mint.jpg?resize=350%2C200&ssl=1 1x, https:\/\/i0.wp.com\/oui-oui.es\/blog\/wp-content\/uploads\/2016\/06\/Oui-Oui-puertas-ratoncito-p%C3%A9rez-ratoncitos-maileg-mint.jpg?resize=525%2C300&ssl=1 1.5x, https:\/\/i0.wp.com\/oui-oui.es\/blog\/wp-content\/uploads\/2016\/06\/Oui-Oui-puertas-ratoncito-p%C3%A9rez-ratoncitos-maileg-mint.jpg?resize=700%2C400&ssl=1 2x, https:\/\/i0.wp.com\/oui-oui.es\/blog\/wp-content\/uploads\/2016\/06\/Oui-Oui-puertas-ratoncito-p%C3%A9rez-ratoncitos-maileg-mint.jpg?resize=1050%2C600&ssl=1 3x, https:\/\/i0.wp.com\/oui-oui.es\/blog\/wp-content\/uploads\/2016\/06\/Oui-Oui-puertas-ratoncito-p%C3%A9rez-ratoncitos-maileg-mint.jpg?resize=1400%2C800&ssl=1 4x"},"classes":[]},{"id":2495,"url":"https:\/\/oui-oui.es\/blog\/las-puertas-del-ratoncito-perez-de-mayo\/","url_meta":{"origin":1250,"position":4},"title":"Las puertas del ratoncito P\u00e9rez de mayo","author":"Mar\u00eda \u2665Oui Oui\u2665","date":"1 junio, 2015","format":false,"excerpt":"\u00a0 Creo que me he saltado un par de meses porque hemos tenido mucho l\u00edo, pero no quer\u00eda dejar de ense\u00f1aros por aqu\u00ed alguna de las puertas para el ratoncito P\u00e9rez que hemos hecho este mes, como sab\u00e9is, las hacemos personalizadas\u00a0con el n\u00famero o nombre que quer\u00e1is, as\u00ed como con\u2026","rel":"","context":"En \u00abNI\u00d1OS Y NI\u00d1AS\u00bb","block_context":{"text":"NI\u00d1OS Y NI\u00d1AS","link":"https:\/\/oui-oui.es\/blog\/category\/ninos\/"},"img":{"alt_text":"","src":"https:\/\/i0.wp.com\/oui-oui.es\/blog\/wp-content\/uploads\/2015\/06\/oui-oui-edicion-especial-puerta-ratocnito-pc3a9rez-san-isidro-puerta-chulapa.jpg?resize=350%2C200&ssl=1","width":350,"height":200},"classes":[]},{"id":5326,"url":"https:\/\/oui-oui.es\/blog\/las-puertas-del-ratoncito-perez-de-enero-a-abril\/","url_meta":{"origin":1250,"position":5},"title":"Las puertas del ratoncito P\u00e9rez de enero a abril!","author":"Mar\u00eda \u2665Oui Oui\u2665","date":"28 abril, 2017","format":false,"excerpt":"Me acabo de dar cuenta de que \u00a1\u00a1llevo seis meses sin ense\u00f1aros las diferentes puertas del ratoncito P\u00e9rez que hemos hecho!. Uno de mis sue\u00f1os es poner en Oui Oui un set de fotograf\u00eda mono y as\u00ed hacer las fotos seg\u00fan nos entrega mi padre las puertas antes de empaquetarlas\u2026","rel":"","context":"En \u00abPUERTAS RATONCITO P\u00c9REZ\u00bb","block_context":{"text":"PUERTAS RATONCITO P\u00c9REZ","link":"https:\/\/oui-oui.es\/blog\/category\/puertas-para-el-ratoncito-perez\/"},"img":{"alt_text":"","src":"https:\/\/i0.wp.com\/oui-oui.es\/blog\/wp-content\/uploads\/2017\/04\/Puerta-ratoncito-P%C3%A9rez-Oui-Oui-complementos-puerta-raton-perez.puerta-ratoncito-Spyderman-Puerta-ratoncito-Motteau-puerta-arcoiris-9.jpg?resize=350%2C200&ssl=1","width":350,"height":200,"srcset":"https:\/\/i0.wp.com\/oui-oui.es\/blog\/wp-content\/uploads\/2017\/04\/Puerta-ratoncito-P%C3%A9rez-Oui-Oui-complementos-puerta-raton-perez.puerta-ratoncito-Spyderman-Puerta-ratoncito-Motteau-puerta-arcoiris-9.jpg?resize=350%2C200&ssl=1 1x, https:\/\/i0.wp.com\/oui-oui.es\/blog\/wp-content\/uploads\/2017\/04\/Puerta-ratoncito-P%C3%A9rez-Oui-Oui-complementos-puerta-raton-perez.puerta-ratoncito-Spyderman-Puerta-ratoncito-Motteau-puerta-arcoiris-9.jpg?resize=525%2C300&ssl=1 1.5x, https:\/\/i0.wp.com\/oui-oui.es\/blog\/wp-content\/uploads\/2017\/04\/Puerta-ratoncito-P%C3%A9rez-Oui-Oui-complementos-puerta-raton-perez.puerta-ratoncito-Spyderman-Puerta-ratoncito-Motteau-puerta-arcoiris-9.jpg?resize=700%2C400&ssl=1 2x, https:\/\/i0.wp.com\/oui-oui.es\/blog\/wp-content\/uploads\/2017\/04\/Puerta-ratoncito-P%C3%A9rez-Oui-Oui-complementos-puerta-raton-perez.puerta-ratoncito-Spyderman-Puerta-ratoncito-Motteau-puerta-arcoiris-9.jpg?resize=1050%2C600&ssl=1 3x, https:\/\/i0.wp.com\/oui-oui.es\/blog\/wp-content\/uploads\/2017\/04\/Puerta-ratoncito-P%C3%A9rez-Oui-Oui-complementos-puerta-raton-perez.puerta-ratoncito-Spyderman-Puerta-ratoncito-Motteau-puerta-arcoiris-9.jpg?resize=1400%2C800&ssl=1 4x"},"classes":[]}],"_links":{"self":[{"href":"https:\/\/oui-oui.es\/blog\/wp-json\/wp\/v2\/posts\/1250","targetHints":{"allow":["GET"]}}],"collection":[{"href":"https:\/\/oui-oui.es\/blog\/wp-json\/wp\/v2\/posts"}],"about":[{"href":"https:\/\/oui-oui.es\/blog\/wp-json\/wp\/v2\/types\/post"}],"author":[{"embeddable":true,"href":"https:\/\/oui-oui.es\/blog\/wp-json\/wp\/v2\/users\/1"}],"replies":[{"embeddable":true,"href":"https:\/\/oui-oui.es\/blog\/wp-json\/wp\/v2\/comments?post=1250"}],"version-history":[{"count":1,"href":"https:\/\/oui-oui.es\/blog\/wp-json\/wp\/v2\/posts\/1250\/revisions"}],"predecessor-version":[{"id":3241,"href":"https:\/\/oui-oui.es\/blog\/wp-json\/wp\/v2\/posts\/1250\/revisions\/3241"}],"wp:featuredmedia":[{"embeddable":true,"href":"https:\/\/oui-oui.es\/blog\/wp-json\/wp\/v2\/media\/3240"}],"wp:attachment":[{"href":"https:\/\/oui-oui.es\/blog\/wp-json\/wp\/v2\/media?parent=1250"}],"wp:term":[{"taxonomy":"category","embeddable":true,"href":"https:\/\/oui-oui.es\/blog\/wp-json\/wp\/v2\/categories?post=1250"},{"taxonomy":"post_tag","embeddable":true,"href":"https:\/\/oui-oui.es\/blog\/wp-json\/wp\/v2\/tags?post=1250"}],"curies":[{"name":"wp","href":"https:\/\/api.w.org\/{rel}","templated":true}]}}