{"id":1279,"date":"2014-02-14T11:53:58","date_gmt":"2014-02-14T10:53:58","guid":{"rendered":"http:\/\/ouiouiblog.wordpress.com\/?p=1279"},"modified":"2015-09-03T10:57:49","modified_gmt":"2015-09-03T08:57:49","slug":"vestidos-de-comunion-ideales-labube","status":"publish","type":"post","link":"https:\/\/oui-oui.es\/blog\/vestidos-de-comunion-ideales-labube\/","title":{"rendered":"Vestidos de Comuni\u00f3n Ideales&#8230;Labub\u00e9"},"content":{"rendered":"<p style=\"text-align: center;\"><a href=\"http:\/\/ouiouiblog.files.wordpress.com\/2014\/02\/oui-oui-vestido-comunic3b3n-diferente-tc3banica-lino-chic-largo-labube.jpg\"><img loading=\"lazy\" decoding=\"async\" class=\"aligncenter size-full wp-image-1284\" src=\"http:\/\/ouiouiblog.files.wordpress.com\/2014\/02\/oui-oui-vestido-comunic3b3n-diferente-tc3banica-lino-chic-largo-labube.jpg\" alt=\"Oui Oui-vestido comuni\u00f3n diferente-t\u00fanica-lino-chic-largo-labube\" width=\"393\" height=\"560\" \/><\/a><\/p>\n<p style=\"text-align: center;\">Hace poco conoc\u00ed la firma <strong>Labub\u00e9<\/strong> de <strong>vestidos de comuni\u00f3n<\/strong> (en alguna entrevista he le\u00eddo que tambi\u00e9n hac\u00edan faldones pero en su p\u00e1gina a\u00fan no est\u00e1n) y ha sido un <strong>flechazo absoluto<\/strong>.<\/p>\n<p style=\"text-align: center;\"><a href=\"http:\/\/ouiouiblog.files.wordpress.com\/2014\/02\/oui-oui-vestido-comunic3b3n-diferente-lino-chic-con-estilo-labube-puntilla.jpg\"><img loading=\"lazy\" decoding=\"async\" class=\"aligncenter size-full wp-image-1282\" src=\"http:\/\/ouiouiblog.files.wordpress.com\/2014\/02\/oui-oui-vestido-comunic3b3n-diferente-lino-chic-con-estilo-labube-puntilla.jpg\" alt=\"Oui Oui-vestido comuni\u00f3n diferente-lino-chic-con estilo-labube-puntilla\" width=\"393\" height=\"560\" \/><\/a><\/p>\n<p style=\"text-align: center;\"><strong>Vestidos sencillos, de 100% lino, con puntilla y un corte ideal<\/strong>. Con un toque rom\u00e1ntico que los hace a\u00fan m\u00e1s especiales.Perfectos para que las ni\u00f1as vayan c\u00f3modas y a la vez mon\u00edsimas, sin florituras ni vol\u00famenes absurdos para una ni\u00f1a.<\/p>\n<p style=\"text-align: center;\"><a href=\"http:\/\/ouiouiblog.files.wordpress.com\/2014\/02\/oui-oui-vestido-comunic3b3n-difernete-con-estilo-chic-puntillas-largo-labube.jpg\"><img loading=\"lazy\" decoding=\"async\" class=\"aligncenter size-full wp-image-1285\" src=\"http:\/\/ouiouiblog.files.wordpress.com\/2014\/02\/oui-oui-vestido-comunic3b3n-difernete-con-estilo-chic-puntillas-largo-labube.jpg\" alt=\"Oui Oui-vestido comuni\u00f3n difernete-con estilo-chic-puntillas-largo-labube\" width=\"393\" height=\"560\" \/><\/a><\/p>\n<p style=\"text-align: center;\">Las im\u00e1genes hablan por s\u00ed solas.<\/p>\n<p style=\"text-align: center;\"><a href=\"http:\/\/ouiouiblog.files.wordpress.com\/2014\/02\/oui-oui-vestido-comunic3b3n-diferente-con-estilo-chic-lino-lazo-labube.jpg\"><img loading=\"lazy\" decoding=\"async\" class=\"aligncenter size-full wp-image-1281\" src=\"http:\/\/ouiouiblog.files.wordpress.com\/2014\/02\/oui-oui-vestido-comunic3b3n-diferente-con-estilo-chic-lino-lazo-labube.jpg\" alt=\"Oui Oui-vestido comuni\u00f3n diferente-con estilo-chic-lino-lazo-labube\" width=\"393\" height=\"560\" \/><\/a><\/p>\n<p style=\"text-align: center;\">Adem\u00e1s, tiene dos <strong>complementos<\/strong> que me han chiflado; una <strong>capita<\/strong> para morir de amor y un <strong>jersey<\/strong> en crudo perfectos para esos d\u00edas que se tuercen en mitad de mayo.<\/p>\n<p style=\"text-align: center;\"><a href=\"http:\/\/ouiouiblog.files.wordpress.com\/2014\/02\/oui-oui-vestido-comunic3b3n-diferente-con-estilo-chic-lino-jersey-comunic3b3n-nic3b1a-labube.jpg\"><img loading=\"lazy\" decoding=\"async\" class=\"aligncenter size-full wp-image-1280\" src=\"http:\/\/ouiouiblog.files.wordpress.com\/2014\/02\/oui-oui-vestido-comunic3b3n-diferente-con-estilo-chic-lino-jersey-comunic3b3n-nic3b1a-labube.jpg\" alt=\"Oui Oui-vestido comuni\u00f3n diferente-con estilo-chic-lino-jersey comuni\u00f3n ni\u00f1a-labube\" width=\"393\" height=\"560\" \/><\/a> <a href=\"http:\/\/ouiouiblog.files.wordpress.com\/2014\/02\/oui-oui-vestidos-comunic3b3n-diferentes-traje-comunic3b3n-con-estilo-chic-labube.jpg\"><img loading=\"lazy\" decoding=\"async\" class=\"aligncenter size-full wp-image-1286\" src=\"http:\/\/ouiouiblog.files.wordpress.com\/2014\/02\/oui-oui-vestidos-comunic3b3n-diferentes-traje-comunic3b3n-con-estilo-chic-labube.jpg\" alt=\"Oui Oui-vestidos comuni\u00f3n diferentes-traje comuni\u00f3n-con estilo.chic-labube\" width=\"393\" height=\"560\" \/><\/a><\/p>\n<p style=\"text-align: center;\">Acompa\u00f1ados de la<strong> diadema de tul de Malababa<\/strong> no me pueden gustar m\u00e1s.<\/p>\n<p style=\"text-align: center;\"><a href=\"http:\/\/ouiouiblog.files.wordpress.com\/2014\/02\/oui-oui-vestido-comunic3b3n-diferente-tc3banica-lino-chic-labube.jpg\"><img loading=\"lazy\" decoding=\"async\" class=\"aligncenter size-full wp-image-1283\" src=\"http:\/\/ouiouiblog.files.wordpress.com\/2014\/02\/oui-oui-vestido-comunic3b3n-diferente-tc3banica-lino-chic-labube.jpg\" alt=\"Oui Oui-vestido comuni\u00f3n diferente-t\u00fanica-lino-chic-labube\" width=\"393\" height=\"560\" \/><\/a><\/p>\n<p style=\"text-align: center;\">Y encima esta semana nuestros <a href=\"http:\/\/www.oui-oui.es\/ambiente-boda\/57-banderines-corazones-flores-.html\" target=\"_blank\">banderines de flores<\/a> comparten p\u00e1gina en <strong>Hola Fashion<\/strong> as\u00ed que imaginaros mi ilusi\u00f3n!!!<\/p>\n<p style=\"text-align: center;\"><a href=\"http:\/\/ouiouiblog.files.wordpress.com\/2014\/02\/oui-oui-banderin-flores-vintage-liberty-en-hola-fashion.jpg\"><img loading=\"lazy\" decoding=\"async\" class=\"aligncenter size-full wp-image-1287\" src=\"http:\/\/ouiouiblog.files.wordpress.com\/2014\/02\/oui-oui-banderin-flores-vintage-liberty-en-hola-fashion.jpg\" alt=\"Oui Oui-banderin flores vintage-liberty-en hola fashion\" width=\"403\" height=\"403\" \/><\/a><\/p>\n","protected":false},"excerpt":{"rendered":"<p>Hace poco conoc\u00ed la firma Labub\u00e9 de vestidos de comuni\u00f3n (en alguna entrevista he le\u00eddo que tambi\u00e9n hac\u00edan faldones pero en su p\u00e1gina a\u00fan no est\u00e1n) y ha sido un flechazo absoluto. Vestidos sencillos, de 100% lino, con puntilla y un corte ideal. Con un toque rom\u00e1ntico que los hace a\u00fan m\u00e1s especiales.Perfectos para que [&hellip;]<\/p>\n","protected":false},"author":1,"featured_media":3238,"comment_status":"open","ping_status":"open","sticky":false,"template":"","format":"standard","meta":{"jetpack_post_was_ever_published":false,"_jetpack_newsletter_access":"","_jetpack_dont_email_post_to_subs":false,"_jetpack_newsletter_tier_id":0,"_jetpack_memberships_contains_paywalled_content":false,"_jetpack_memberships_contains_paid_content":false,"footnotes":"","jetpack_publicize_message":"","jetpack_publicize_feature_enabled":true,"jetpack_social_post_already_shared":false,"jetpack_social_options":{"image_generator_settings":{"template":"highway","default_image_id":0,"font":"","enabled":false},"version":2}},"categories":[174],"tags":[],"class_list":["post-1279","post","type-post","status-publish","format-standard","has-post-thumbnail","hentry","category-ninos"],"aioseo_notices":[],"jetpack_publicize_connections":[],"jetpack_featured_media_url":"https:\/\/oui-oui.es\/blog\/wp-content\/uploads\/2014\/02\/oui-oui-vestido-comunic3b3n-diferente-tc3banica-lino-chic-largo-labube.jpg","jetpack_sharing_enabled":true,"jetpack-related-posts":[{"id":4116,"url":"https:\/\/oui-oui.es\/blog\/arras-y-comunion-con-estilo-by-labube\/","url_meta":{"origin":1279,"position":0},"title":"Arras y Comuni\u00f3n con estilo by Labub\u00e9","author":"Mar\u00eda \u2665Oui Oui\u2665","date":"17 marzo, 2016","format":false,"excerpt":"Llevaba a\u00f1os sigui\u00e9ndole la pista a Labub\u00e9, una marca espa\u00f1ola que hace trajes de arras y de Comuni\u00f3n para ni\u00f1as, no ten\u00eda ninguna hija, pero sus dise\u00f1os, looks y fotos eran tan bonitos que resultaban un regalo a la vista. Ahora ya tengo a Frida, as\u00ed que ya tengo excusa\u2026","rel":"","context":"En \u00abComuniones\u00bb","block_context":{"text":"Comuniones","link":"https:\/\/oui-oui.es\/blog\/category\/fiestas-celebraciones\/comuniones\/"},"img":{"alt_text":"","src":"https:\/\/i0.wp.com\/oui-oui.es\/blog\/wp-content\/uploads\/2016\/03\/Oui-Oui-vestidos-arras-vestidos-Comuni%C3%B3n-monos-Labub%C3%A9-6.jpg?resize=350%2C200&ssl=1","width":350,"height":200,"srcset":"https:\/\/i0.wp.com\/oui-oui.es\/blog\/wp-content\/uploads\/2016\/03\/Oui-Oui-vestidos-arras-vestidos-Comuni%C3%B3n-monos-Labub%C3%A9-6.jpg?resize=350%2C200&ssl=1 1x, https:\/\/i0.wp.com\/oui-oui.es\/blog\/wp-content\/uploads\/2016\/03\/Oui-Oui-vestidos-arras-vestidos-Comuni%C3%B3n-monos-Labub%C3%A9-6.jpg?resize=525%2C300&ssl=1 1.5x, https:\/\/i0.wp.com\/oui-oui.es\/blog\/wp-content\/uploads\/2016\/03\/Oui-Oui-vestidos-arras-vestidos-Comuni%C3%B3n-monos-Labub%C3%A9-6.jpg?resize=700%2C400&ssl=1 2x, https:\/\/i0.wp.com\/oui-oui.es\/blog\/wp-content\/uploads\/2016\/03\/Oui-Oui-vestidos-arras-vestidos-Comuni%C3%B3n-monos-Labub%C3%A9-6.jpg?resize=1050%2C600&ssl=1 3x, https:\/\/i0.wp.com\/oui-oui.es\/blog\/wp-content\/uploads\/2016\/03\/Oui-Oui-vestidos-arras-vestidos-Comuni%C3%B3n-monos-Labub%C3%A9-6.jpg?resize=1400%2C800&ssl=1 4x"},"classes":[]},{"id":8614,"url":"https:\/\/oui-oui.es\/blog\/6-prendas-de-6-de-mis-marcas-favoritas-de-ropa-infantil\/","url_meta":{"origin":1279,"position":1},"title":"6 prendas de 6 de mis marcas favoritas de ropa infantil","author":"Mar\u00eda \u2665Oui Oui\u2665","date":"10 octubre, 2017","format":false,"excerpt":"Aunque con este tiempazo que est\u00e1 haciendo parece que no va a llegar el verdadero oto\u00f1o, yo necesito hacer el cambio de ropa or una cuesti\u00f3n de organizaci\u00f3n mental. Hace dos semanas hice el cambio de ropa de los ni\u00f1os (es m\u00e1s f\u00e1cil porque la ropa de verano les quedar\u00e1\u2026","rel":"","context":"En \u00abNI\u00d1OS Y NI\u00d1AS\u00bb","block_context":{"text":"NI\u00d1OS Y NI\u00d1AS","link":"https:\/\/oui-oui.es\/blog\/category\/ninos\/"},"img":{"alt_text":"","src":"https:\/\/i0.wp.com\/oui-oui.es\/blog\/wp-content\/uploads\/2017\/10\/Oui-Oui-carrito-mimbre-amarillo-manee-kids-tanzania-2017.jpg?resize=350%2C200&ssl=1","width":350,"height":200,"srcset":"https:\/\/i0.wp.com\/oui-oui.es\/blog\/wp-content\/uploads\/2017\/10\/Oui-Oui-carrito-mimbre-amarillo-manee-kids-tanzania-2017.jpg?resize=350%2C200&ssl=1 1x, https:\/\/i0.wp.com\/oui-oui.es\/blog\/wp-content\/uploads\/2017\/10\/Oui-Oui-carrito-mimbre-amarillo-manee-kids-tanzania-2017.jpg?resize=525%2C300&ssl=1 1.5x, https:\/\/i0.wp.com\/oui-oui.es\/blog\/wp-content\/uploads\/2017\/10\/Oui-Oui-carrito-mimbre-amarillo-manee-kids-tanzania-2017.jpg?resize=700%2C400&ssl=1 2x"},"classes":[]},{"id":1037,"url":"https:\/\/oui-oui.es\/blog\/vestidos-de-invierno\/","url_meta":{"origin":1279,"position":2},"title":"Vestidos de Invierno","author":"Mar\u00eda \u2665Oui Oui\u2665","date":"22 noviembre, 2013","format":false,"excerpt":"Cada vez me gustan m\u00e1s las bodas de oto\u00f1o e invierno, tanto como invitada como de novia (si me volviera a casar varias veces, que para la primera reboda ya tenemos el sitio y es mejor en verano ;) ). Este a\u00f1o, cuando parec\u00eda que ya no habr\u00eda casi bodas\u2026","rel":"","context":"En \u00abBoda\u00bb","block_context":{"text":"Boda","link":"https:\/\/oui-oui.es\/blog\/category\/fiestas-celebraciones\/boda\/"},"img":{"alt_text":"","src":"https:\/\/i0.wp.com\/oui-oui.es\/blog\/wp-content\/uploads\/oui-oui-invitadas-de-invierno-vestidos-boda-invierno-kolonaki-vestido-largo-rosa.jpg?resize=350%2C200&ssl=1","width":350,"height":200,"srcset":"https:\/\/i0.wp.com\/oui-oui.es\/blog\/wp-content\/uploads\/oui-oui-invitadas-de-invierno-vestidos-boda-invierno-kolonaki-vestido-largo-rosa.jpg?resize=350%2C200&ssl=1 1x, https:\/\/i0.wp.com\/oui-oui.es\/blog\/wp-content\/uploads\/oui-oui-invitadas-de-invierno-vestidos-boda-invierno-kolonaki-vestido-largo-rosa.jpg?resize=525%2C300&ssl=1 1.5x, https:\/\/i0.wp.com\/oui-oui.es\/blog\/wp-content\/uploads\/oui-oui-invitadas-de-invierno-vestidos-boda-invierno-kolonaki-vestido-largo-rosa.jpg?resize=700%2C400&ssl=1 2x"},"classes":[]},{"id":630,"url":"https:\/\/oui-oui.es\/blog\/un-vestido-de-novia-multiusos\/","url_meta":{"origin":1279,"position":3},"title":"Un vestido de novia \u00abmultiusos\u00bb","author":"Mar\u00eda \u2665Oui Oui\u2665","date":"17 abril, 2013","format":false,"excerpt":"Ayer trasteando en Zara en busca de blusas sueltas aptas para embarazadas me encontr\u00e9 con este vestido que me pareci\u00f3 ideal para una pedida o para la fiesta antes de la boda. Me gusta la idea de utilizar vestidos que podr\u00edan ser de novia informal para esas ocasiones, este vestido\u2026","rel":"","context":"En \u00abBoda\u00bb","block_context":{"text":"Boda","link":"https:\/\/oui-oui.es\/blog\/category\/fiestas-celebraciones\/boda\/"},"img":{"alt_text":"","src":"https:\/\/i0.wp.com\/oui-oui.es\/blog\/wp-content\/uploads\/oui-oui-vestido-diferente-pedida-vestidos-novia-informal-encaje-2.jpg?resize=350%2C200&ssl=1","width":350,"height":200},"classes":[]},{"id":9296,"url":"https:\/\/oui-oui.es\/blog\/buscando-vestidos-de-invitada-para-este-otono\/","url_meta":{"origin":1279,"position":4},"title":"Buscando vestidos de invitada para este oto\u00f1o","author":"Mar\u00eda \u2665Oui Oui\u2665","date":"12 septiembre, 2018","format":false,"excerpt":"Tengo boda este s\u00e1bado y a\u00fan no tengo vestido, los que ten\u00eda de fondo de armario los guard\u00e9 y lo que veo no acaba de convencerme, ojo, no me convence porque estoy en modo \"quiero comprar un vestido que vaya a utilizar de nuevo este oto\u00f1o\", porque vestido que me\u2026","rel":"","context":"En \u00abBoda\u00bb","block_context":{"text":"Boda","link":"https:\/\/oui-oui.es\/blog\/category\/fiestas-celebraciones\/boda\/"},"img":{"alt_text":"","src":"https:\/\/i0.wp.com\/oui-oui.es\/blog\/wp-content\/uploads\/2018\/09\/Oui-Oui-vestidos-invitada-oto%C3%B1o-vestido-invitada-boda-vestido-tunica-crema-mango-vestido-mono-drapeado.jpg?resize=350%2C200&ssl=1","width":350,"height":200},"classes":[]},{"id":5736,"url":"https:\/\/oui-oui.es\/blog\/living-mexico-vestidos-mexicanos-para-madres-e-hijas\/","url_meta":{"origin":1279,"position":5},"title":"Living M\u00e9xico | Vestidos mexicanos para madres e hijas","author":"Mar\u00eda \u2665Oui Oui\u2665","date":"14 junio, 2017","format":false,"excerpt":"Los que me conocen saben de mi pasi\u00f3n por M\u00e9xico; su gastronom\u00eda, sus colores, la iconograf\u00eda, sus tradiciones, por supuesto Frida Kahlo, cuyas pinturas, est\u00e9tica y vida me llam\u00f3 a atenci\u00f3n desde muy joven. A la vuelta de un viaje a M\u00e9xico con amigas celebr\u00e9 mi cumplea\u00f1os con una fiesta\u2026","rel":"","context":"En \u00abESTILO DE VIDA\u00bb","block_context":{"text":"ESTILO DE VIDA","link":"https:\/\/oui-oui.es\/blog\/category\/lifestyle-2\/"},"img":{"alt_text":"","src":"https:\/\/i0.wp.com\/oui-oui.es\/blog\/wp-content\/uploads\/2017\/06\/Oui-Oui-Venta-Especial-Mexico-Living-Mexico-Tiretta-Living-La-Parra-Olga-Vallejo-131.jpg?resize=350%2C200&ssl=1","width":350,"height":200,"srcset":"https:\/\/i0.wp.com\/oui-oui.es\/blog\/wp-content\/uploads\/2017\/06\/Oui-Oui-Venta-Especial-Mexico-Living-Mexico-Tiretta-Living-La-Parra-Olga-Vallejo-131.jpg?resize=350%2C200&ssl=1 1x, https:\/\/i0.wp.com\/oui-oui.es\/blog\/wp-content\/uploads\/2017\/06\/Oui-Oui-Venta-Especial-Mexico-Living-Mexico-Tiretta-Living-La-Parra-Olga-Vallejo-131.jpg?resize=525%2C300&ssl=1 1.5x, https:\/\/i0.wp.com\/oui-oui.es\/blog\/wp-content\/uploads\/2017\/06\/Oui-Oui-Venta-Especial-Mexico-Living-Mexico-Tiretta-Living-La-Parra-Olga-Vallejo-131.jpg?resize=700%2C400&ssl=1 2x, https:\/\/i0.wp.com\/oui-oui.es\/blog\/wp-content\/uploads\/2017\/06\/Oui-Oui-Venta-Especial-Mexico-Living-Mexico-Tiretta-Living-La-Parra-Olga-Vallejo-131.jpg?resize=1050%2C600&ssl=1 3x, https:\/\/i0.wp.com\/oui-oui.es\/blog\/wp-content\/uploads\/2017\/06\/Oui-Oui-Venta-Especial-Mexico-Living-Mexico-Tiretta-Living-La-Parra-Olga-Vallejo-131.jpg?resize=1400%2C800&ssl=1 4x"},"classes":[]}],"_links":{"self":[{"href":"https:\/\/oui-oui.es\/blog\/wp-json\/wp\/v2\/posts\/1279","targetHints":{"allow":["GET"]}}],"collection":[{"href":"https:\/\/oui-oui.es\/blog\/wp-json\/wp\/v2\/posts"}],"about":[{"href":"https:\/\/oui-oui.es\/blog\/wp-json\/wp\/v2\/types\/post"}],"author":[{"embeddable":true,"href":"https:\/\/oui-oui.es\/blog\/wp-json\/wp\/v2\/users\/1"}],"replies":[{"embeddable":true,"href":"https:\/\/oui-oui.es\/blog\/wp-json\/wp\/v2\/comments?post=1279"}],"version-history":[{"count":1,"href":"https:\/\/oui-oui.es\/blog\/wp-json\/wp\/v2\/posts\/1279\/revisions"}],"predecessor-version":[{"id":3239,"href":"https:\/\/oui-oui.es\/blog\/wp-json\/wp\/v2\/posts\/1279\/revisions\/3239"}],"wp:featuredmedia":[{"embeddable":true,"href":"https:\/\/oui-oui.es\/blog\/wp-json\/wp\/v2\/media\/3238"}],"wp:attachment":[{"href":"https:\/\/oui-oui.es\/blog\/wp-json\/wp\/v2\/media?parent=1279"}],"wp:term":[{"taxonomy":"category","embeddable":true,"href":"https:\/\/oui-oui.es\/blog\/wp-json\/wp\/v2\/categories?post=1279"},{"taxonomy":"post_tag","embeddable":true,"href":"https:\/\/oui-oui.es\/blog\/wp-json\/wp\/v2\/tags?post=1279"}],"curies":[{"name":"wp","href":"https:\/\/api.w.org\/{rel}","templated":true}]}}