{"id":1311,"date":"2014-02-21T12:43:07","date_gmt":"2014-02-21T11:43:07","guid":{"rendered":"http:\/\/ouiouiblog.wordpress.com\/?p=1311"},"modified":"2015-09-03T10:56:00","modified_gmt":"2015-09-03T08:56:00","slug":"ahora-si-que-si-carnaval","status":"publish","type":"post","link":"https:\/\/oui-oui.es\/blog\/ahora-si-que-si-carnaval\/","title":{"rendered":"Ahora s\u00ed que s\u00ed&#8230;Carnaval!!!"},"content":{"rendered":"<p style=\"text-align: center;\"><a href=\"http:\/\/ouiouiblog.files.wordpress.com\/2014\/02\/oui-oui-disfraces-originales-para-bebc3a9s-nic3b1os-reno.jpg\"><img loading=\"lazy\" decoding=\"async\" class=\"aligncenter size-full wp-image-1330\" src=\"http:\/\/ouiouiblog.files.wordpress.com\/2014\/02\/oui-oui-disfraces-originales-para-bebc3a9s-nic3b1os-reno.jpg\" alt=\"Oui Oui-disfraces originales para beb\u00e9s-ni\u00f1os-reno\" width=\"434\" height=\"612\" \/><\/a><\/p>\n<p style=\"text-align: center;\"><strong>Comienza la cuenta atr\u00e1s<\/strong>, queda una semana y tengo unas ganas locas (bueno, las he tenido desde siempre, sino, <a href=\"http:\/\/ouiouiblog.wordpress.com\/2013\/01\/22\/baby-carnaval\/\" target=\"_blank\">leed el post del a\u00f1o pasado<\/a>) de disfrazar a Mart\u00edn.<\/p>\n<p style=\"text-align: center;\">Lo malo es cuando te metes en <a href=\"http:\/\/www.pinterest.com\/ouiouidetalles\/guirnaldas\/\" target=\"_blank\"><strong>Pinterest<\/strong><\/a> a buscar ideas e inspiraci\u00f3n y <strong>sales necesitando 5 carnavales para poder disfrazarle de todo lo que te gusta<\/strong> (hasta que tenga opini\u00f3n y quiera decidir de qu\u00e9 se disfraza!)<\/p>\n<p style=\"text-align: center;\">De <strong>beb\u00e9s<\/strong> y siendo peque\u00f1os, me gusta<strong> aprovechar su fisionom\u00eda para que el disfraz <em>cuadre<\/em> m\u00e1s<\/strong>, es decir, que si no gatea y est\u00e1 boca arriba tumbado casi todo el tiempo le puede ir bien este de <strong>wrap<\/strong>, por ejemplo.<\/p>\n<p style=\"text-align: center;\"><a href=\"http:\/\/ouiouiblog.files.wordpress.com\/2014\/02\/oui-oui-disfraces-originales-para-bebc3a9s-burrito-wrap.jpg\"><img loading=\"lazy\" decoding=\"async\" class=\"aligncenter size-full wp-image-1312\" src=\"http:\/\/ouiouiblog.files.wordpress.com\/2014\/02\/oui-oui-disfraces-originales-para-bebc3a9s-burrito-wrap.jpg\" alt=\"Oui Oui-disfraces originales para beb\u00e9s-burrito-wrap\" width=\"450\" height=\"602\" \/><\/a><a href=\"http:\/\/ouiouiblog.files.wordpress.com\/2014\/02\/oui-oui-disfraces-originales-para-bebc3a9s-wrap-subway.jpg\"><img loading=\"lazy\" decoding=\"async\" class=\"aligncenter size-full wp-image-1336\" src=\"http:\/\/ouiouiblog.files.wordpress.com\/2014\/02\/oui-oui-disfraces-originales-para-bebc3a9s-wrap-subway.jpg\" alt=\"Oui Oui-disfraces originales para beb\u00e9s-wrap subway\" width=\"480\" height=\"285\" \/><\/a>O si fuera para <strong>Halloween<\/strong>, este de <strong>fantasmita<\/strong> es una monada<\/p>\n<p style=\"text-align: center;\"><a href=\"http:\/\/ouiouiblog.files.wordpress.com\/2014\/02\/oui-oui-disfraces-originales-para-bebc3a9s-fantasma-halloween.jpg\"><img loading=\"lazy\" decoding=\"async\" class=\"aligncenter size-full wp-image-1313\" src=\"http:\/\/ouiouiblog.files.wordpress.com\/2014\/02\/oui-oui-disfraces-originales-para-bebc3a9s-fantasma-halloween.jpg\" alt=\"Oui Oui-disfraces originales para beb\u00e9s-fantasma-halloween\" width=\"529\" height=\"761\" \/><\/a>O de <strong>momia<\/strong>, s\u00faper f\u00e1cil<\/p>\n<p style=\"text-align: center;\"><a href=\"http:\/\/ouiouiblog.files.wordpress.com\/2014\/02\/oui-oui-disfraces-originales-para-bebc3a9s-momia.png\"><img loading=\"lazy\" decoding=\"async\" class=\"aligncenter size-full wp-image-1319\" src=\"http:\/\/ouiouiblog.files.wordpress.com\/2014\/02\/oui-oui-disfraces-originales-para-bebc3a9s-momia.png\" alt=\"Oui Oui-disfraces originales para beb\u00e9s-momia\" width=\"437\" height=\"650\" \/><\/a>A m\u00e1s de un padre le encantar\u00e1 disfrazar a su hijo de <strong>Gameboy<\/strong><\/p>\n<p style=\"text-align: center;\"><a href=\"http:\/\/ouiouiblog.files.wordpress.com\/2014\/02\/oui-oui-disfraces-originales-para-bebc3a9s-gameboy.jpg\"><img loading=\"lazy\" decoding=\"async\" class=\"aligncenter size-full wp-image-1316\" src=\"http:\/\/ouiouiblog.files.wordpress.com\/2014\/02\/oui-oui-disfraces-originales-para-bebc3a9s-gameboy.jpg\" alt=\"Oui Oui-disfraces originales para beb\u00e9s-gameboy\" width=\"529\" height=\"705\" \/><\/a><\/p>\n<p style=\"text-align: center;\">Luego est\u00e1n los <strong>trajecitos para foto<\/strong>, pero que tambi\u00e9n son disfraz, para m\u00e1s beb\u00e9s&#8230;Una monada<\/p>\n<p style=\"text-align: center;\"><a href=\"http:\/\/ouiouiblog.files.wordpress.com\/2014\/02\/oui-oui-disfraces-originales-para-bebc3a9s-sesic3b3n-fotos-bebc3a9s-zorro-zorrito-fox.jpg\"><img loading=\"lazy\" decoding=\"async\" class=\"aligncenter size-full wp-image-1333\" src=\"http:\/\/ouiouiblog.files.wordpress.com\/2014\/02\/oui-oui-disfraces-originales-para-bebc3a9s-sesic3b3n-fotos-bebc3a9s-zorro-zorrito-fox.jpg\" alt=\"Oui Oui-disfraces originales para beb\u00e9s-sesi\u00f3n fotos beb\u00e9s-zorro-zorrito-fox\" width=\"529\" height=\"420\" \/><\/a><a href=\"http:\/\/ouiouiblog.files.wordpress.com\/2014\/02\/oui-oui-fotografias-originales-bebc3a9s-disfraz-para-bebc3a9-mono-muc3b1eco-de-nieve.jpg\"><img loading=\"lazy\" decoding=\"async\" class=\"aligncenter size-full wp-image-1337\" src=\"http:\/\/ouiouiblog.files.wordpress.com\/2014\/02\/oui-oui-fotografias-originales-bebc3a9s-disfraz-para-bebc3a9-mono-muc3b1eco-de-nieve.jpg\" alt=\"Oui Oui-fotografias originales beb\u00e9s-disfraz para beb\u00e9 mono-mu\u00f1eco de nieve\" width=\"529\" height=\"420\" \/><\/a><a href=\"http:\/\/ouiouiblog.files.wordpress.com\/2014\/02\/oui-oui-disfraces-originales-para-bebc3a9s-nic3b1os-lec3b3n-simba.jpg\"><img loading=\"lazy\" decoding=\"async\" class=\"aligncenter size-full wp-image-1325\" src=\"http:\/\/ouiouiblog.files.wordpress.com\/2014\/02\/oui-oui-disfraces-originales-para-bebc3a9s-nic3b1os-lec3b3n-simba.jpg\" alt=\"Oui Oui-disfraces originales para beb\u00e9s-ni\u00f1os-le\u00f3n-simba\" width=\"529\" height=\"420\" \/><\/a> <a href=\"http:\/\/ouiouiblog.files.wordpress.com\/2014\/02\/oui-oui-disfraces-originales-para-bebc3a9s-nic3b1os-conejito.jpg\"><img loading=\"lazy\" decoding=\"async\" class=\"aligncenter size-full wp-image-1323\" src=\"http:\/\/ouiouiblog.files.wordpress.com\/2014\/02\/oui-oui-disfraces-originales-para-bebc3a9s-nic3b1os-conejito.jpg\" alt=\"Oui Oui-disfraces originales para beb\u00e9s-ni\u00f1os-conejito\" width=\"529\" height=\"420\" \/><\/a>Y \u00e9ste, para <strong>el hijo de un bombero<\/strong>&#8230;<\/p>\n<p style=\"text-align: center;\"><a href=\"http:\/\/ouiouiblog.files.wordpress.com\/2014\/02\/oui-oui-disfraces-originales-para-bebc3a9s-nic3b1os-bombero-regalo-original-bombero.jpg\"><img loading=\"lazy\" decoding=\"async\" class=\"aligncenter size-full wp-image-1321\" src=\"http:\/\/ouiouiblog.files.wordpress.com\/2014\/02\/oui-oui-disfraces-originales-para-bebc3a9s-nic3b1os-bombero-regalo-original-bombero.jpg\" alt=\"Oui Oui-disfraces originales para beb\u00e9s-ni\u00f1os-bombero-regalo original bombero\" width=\"529\" height=\"420\" \/><\/a><\/p>\n<p style=\"text-align: center;\">Si vas a una fiesta en la que va en carrito, este de <strong>vaca con su establo<\/strong> es total<\/p>\n<p style=\"text-align: center;\"><a href=\"http:\/\/ouiouiblog.files.wordpress.com\/2014\/02\/oui-oui-disfraces-originales-para-bebc3a9s-vaca-y-establo.jpg\"><img loading=\"lazy\" decoding=\"async\" class=\"aligncenter size-full wp-image-1335\" src=\"http:\/\/ouiouiblog.files.wordpress.com\/2014\/02\/oui-oui-disfraces-originales-para-bebc3a9s-vaca-y-establo.jpg\" alt=\"Oui Oui-disfraces originales para beb\u00e9s-vaca y establo\" width=\"480\" height=\"640\" \/><\/a><\/p>\n<p style=\"text-align: center;\">Para cuando <strong>empiezan a sentarse<\/strong>, el de <a href=\"http:\/\/ouiouiblog.wordpress.com\/2013\/01\/22\/baby-carnaval\/\" target=\"_blank\"><strong>spaghettis<\/strong><\/a> o el de <strong>langosta<\/strong> me chiflan<\/p>\n<p style=\"text-align: center;\"><a href=\"http:\/\/ouiouiblog.files.wordpress.com\/2014\/02\/oui-oui-disfraces-originales-para-bebc3a9s-nic3b1os-langosta.jpg\"><img loading=\"lazy\" decoding=\"async\" class=\"aligncenter size-full wp-image-1324\" src=\"http:\/\/ouiouiblog.files.wordpress.com\/2014\/02\/oui-oui-disfraces-originales-para-bebc3a9s-nic3b1os-langosta.jpg\" alt=\"Oui Oui-disfraces originales para beb\u00e9s-ni\u00f1os-langosta\" width=\"400\" height=\"300\" \/><\/a>Una <strong>Frida<\/strong> no pod\u00eda faltar, aunque me gusta m\u00e1s la que <a href=\"http:\/\/ouiouiblog.wordpress.com\/2013\/01\/22\/baby-carnaval\/\" target=\"_blank\">os ense\u00f1\u00e9 el a\u00f1o pasado<\/a>, de esta idea me quedo con el <em>\u00abphotocall\u00bb<\/em> de atr\u00e1s!<\/p>\n<p style=\"text-align: center;\"><a href=\"http:\/\/ouiouiblog.files.wordpress.com\/2014\/02\/oui-oui-disfraces-originales-para-bebc3a9s-frida.jpg\"><img loading=\"lazy\" decoding=\"async\" class=\"aligncenter size-full wp-image-1314\" src=\"http:\/\/ouiouiblog.files.wordpress.com\/2014\/02\/oui-oui-disfraces-originales-para-bebc3a9s-frida.jpg\" alt=\"Oui Oui-disfraces originales para beb\u00e9s-frida\" width=\"320\" height=\"480\" \/><\/a><\/p>\n<p style=\"text-align: center;\">Pero <strong>si gatea<\/strong>, el de <strong>tortuga<\/strong> me encanta<\/p>\n<p style=\"text-align: center;\"><a href=\"http:\/\/ouiouiblog.files.wordpress.com\/2014\/02\/oui-oui-disfraces-originales-para-bebc3a9s-tortuga.jpg\"><img loading=\"lazy\" decoding=\"async\" class=\"aligncenter size-full wp-image-1334\" src=\"http:\/\/ouiouiblog.files.wordpress.com\/2014\/02\/oui-oui-disfraces-originales-para-bebc3a9s-tortuga.jpg\" alt=\"Oui Oui-disfraces originales para beb\u00e9s-tortuga\" width=\"450\" height=\"340\" \/><\/a><\/p>\n<p style=\"text-align: center;\">Cuando ya andan aumentan las posibilidades<\/p>\n<p style=\"text-align: center;\"><a href=\"http:\/\/ouiouiblog.files.wordpress.com\/2014\/02\/oui-oui-disfraces-originales-para-bebc3a9s-nic3b1os-sushi-niguiri-soja.jpg\"><img loading=\"lazy\" decoding=\"async\" class=\"aligncenter size-full wp-image-1331\" src=\"http:\/\/ouiouiblog.files.wordpress.com\/2014\/02\/oui-oui-disfraces-originales-para-bebc3a9s-nic3b1os-sushi-niguiri-soja.jpg\" alt=\"Oui Oui-disfraces originales para beb\u00e9s-ni\u00f1os-sushi-niguiri-soja\" width=\"529\" height=\"423\" \/><\/a> <a href=\"http:\/\/ouiouiblog.files.wordpress.com\/2014\/02\/oui-oui-disfraces-originales-para-bebc3a9s-nic3b1os-oveja-muy-mono.jpg\"><img loading=\"lazy\" decoding=\"async\" class=\"aligncenter size-full wp-image-1329\" src=\"http:\/\/ouiouiblog.files.wordpress.com\/2014\/02\/oui-oui-disfraces-originales-para-bebc3a9s-nic3b1os-oveja-muy-mono.jpg\" alt=\"Oui Oui-disfraces originales para beb\u00e9s-ni\u00f1os-oveja-muy mono\" width=\"425\" height=\"640\" \/><\/a> <a href=\"http:\/\/ouiouiblog.files.wordpress.com\/2014\/02\/oui-oui-disfraces-originales-para-bebc3a9s-nic3b1os-charliebrown.jpg\"><img loading=\"lazy\" decoding=\"async\" class=\"aligncenter size-full wp-image-1322\" src=\"http:\/\/ouiouiblog.files.wordpress.com\/2014\/02\/oui-oui-disfraces-originales-para-bebc3a9s-nic3b1os-charliebrown.jpg\" alt=\"Oui Oui-disfraces originales para beb\u00e9s-ni\u00f1os-charliebrown\" width=\"529\" height=\"353\" \/><\/a> <a href=\"http:\/\/ouiouiblog.files.wordpress.com\/2014\/02\/oui-oui-disfraces-originales-para-bebc3a9s-nic3b1os.jpg\"><img loading=\"lazy\" decoding=\"async\" class=\"aligncenter size-full wp-image-1320\" src=\"http:\/\/ouiouiblog.files.wordpress.com\/2014\/02\/oui-oui-disfraces-originales-para-bebc3a9s-nic3b1os.jpg\" alt=\"Oui Oui-disfraces originales para beb\u00e9s-ni\u00f1os\" width=\"250\" height=\"498\" \/><\/a>\u00c9ste de <strong>cookies &amp; milk<\/strong> va dedicado a Bea \ud83d\ude09<\/p>\n<p style=\"text-align: center;\"><a href=\"http:\/\/ouiouiblog.files.wordpress.com\/2014\/02\/oui-oui-disfraces-originales-para-bebc3a9s-leche-y-galletas-cookie.jpg\"><img loading=\"lazy\" decoding=\"async\" class=\"aligncenter size-full wp-image-1318\" src=\"http:\/\/ouiouiblog.files.wordpress.com\/2014\/02\/oui-oui-disfraces-originales-para-bebc3a9s-leche-y-galletas-cookie.jpg\" alt=\"Oui Oui-disfraces originales para beb\u00e9s-leche y galletas-cookie\" width=\"529\" height=\"456\" \/><\/a>Y el de <strong>ambientador<\/strong> es para partirse!!<\/p>\n<p style=\"text-align: center;\"><a href=\"http:\/\/ouiouiblog.files.wordpress.com\/2014\/02\/oui-oui-disfraces-originales-para-bebc3a9s-pino-olro-coche.jpg\"><img loading=\"lazy\" decoding=\"async\" class=\"aligncenter size-full wp-image-1332\" src=\"http:\/\/ouiouiblog.files.wordpress.com\/2014\/02\/oui-oui-disfraces-originales-para-bebc3a9s-pino-olro-coche.jpg\" alt=\"Oui Oui-disfraces originales para beb\u00e9s-pino olro coche\" width=\"250\" height=\"250\" \/><\/a>Nosotros estamos debati\u00e9ndonos entre <strong>tres opciones<\/strong>&#8230;Ya os contar\u00e9 el viernes que viene!!!<\/p>\n<p style=\"text-align: center;\">\u00a0Todas las <strong>im\u00e1genes<\/strong> est\u00e1n en <strong><a href=\"http:\/\/www.pinterest.com\/ouiouidetalles\/baby-costume-disfraces-para-beb%C3%A9s-y-peques\/\" target=\"_blank\">esta carpeta de Pinterest<\/a><\/strong>, desde donde pod\u00e9is acceder a la fuente que, a veces, es una <strong>tienda de Etsy \ud83d\ude09<\/strong><\/p>\n","protected":false},"excerpt":{"rendered":"<p>Comienza la cuenta atr\u00e1s, queda una semana y tengo unas ganas locas (bueno, las he tenido desde siempre, sino, leed el post del a\u00f1o pasado) de disfrazar a Mart\u00edn. Lo malo es cuando te metes en Pinterest a buscar ideas e inspiraci\u00f3n y sales necesitando 5 carnavales para poder disfrazarle de todo lo que te [&hellip;]<\/p>\n","protected":false},"author":1,"featured_media":3234,"comment_status":"open","ping_status":"open","sticky":false,"template":"","format":"standard","meta":{"jetpack_post_was_ever_published":false,"_jetpack_newsletter_access":"","_jetpack_dont_email_post_to_subs":false,"_jetpack_newsletter_tier_id":0,"_jetpack_memberships_contains_paywalled_content":false,"_jetpack_memberships_contains_paid_content":false,"footnotes":"","jetpack_publicize_message":"","jetpack_publicize_feature_enabled":true,"jetpack_social_post_already_shared":false,"jetpack_social_options":{"image_generator_settings":{"template":"highway","default_image_id":0,"font":"","enabled":false},"version":2}},"categories":[174,18],"tags":[717],"class_list":["post-1311","post","type-post","status-publish","format-standard","has-post-thumbnail","hentry","category-ninos","category-regalos-originales-para-ninos","tag-disfraces"],"aioseo_notices":[],"jetpack_publicize_connections":[],"jetpack_featured_media_url":"https:\/\/oui-oui.es\/blog\/wp-content\/uploads\/2014\/02\/oui-oui-disfraces-originales-para-bebc3a9s-nic3b1os-reno.jpg","jetpack_sharing_enabled":true,"jetpack-related-posts":[{"id":8988,"url":"https:\/\/oui-oui.es\/blog\/10-tips-para-iniciarte-en-el-senderismo-con-ninos\/","url_meta":{"origin":1311,"position":0},"title":"10 Tips para iniciarte en el senderismo con ni\u00f1os","author":"Mar\u00eda \u2665Oui Oui\u2665","date":"20 abril, 2018","format":false,"excerpt":"El post de hoy es un poco diferente porque es la primera vez que hago una colaboraci\u00f3n para que alguien que no sea yo escriba un post, pero la verdad es que desde que conoc\u00ed (virtualmente) a Laura de Mini Explorers ten\u00eda ganas de hacer algo con ella. Las casualidades\u2026","rel":"","context":"En \u00abNI\u00d1OS Y NI\u00d1AS\u00bb","block_context":{"text":"NI\u00d1OS Y NI\u00d1AS","link":"https:\/\/oui-oui.es\/blog\/category\/ninos\/"},"img":{"alt_text":"","src":"https:\/\/i0.wp.com\/oui-oui.es\/blog\/wp-content\/uploads\/2018\/04\/Como-iniciarte-en-el-senderismo-con-ni%C3%B1os-monta%C3%B1a-ni%C3%B1os-mini-explorers-cantimplora-oui-oui.jpg?resize=350%2C200&ssl=1","width":350,"height":200,"srcset":"https:\/\/i0.wp.com\/oui-oui.es\/blog\/wp-content\/uploads\/2018\/04\/Como-iniciarte-en-el-senderismo-con-ni%C3%B1os-monta%C3%B1a-ni%C3%B1os-mini-explorers-cantimplora-oui-oui.jpg?resize=350%2C200&ssl=1 1x, https:\/\/i0.wp.com\/oui-oui.es\/blog\/wp-content\/uploads\/2018\/04\/Como-iniciarte-en-el-senderismo-con-ni%C3%B1os-monta%C3%B1a-ni%C3%B1os-mini-explorers-cantimplora-oui-oui.jpg?resize=525%2C300&ssl=1 1.5x, https:\/\/i0.wp.com\/oui-oui.es\/blog\/wp-content\/uploads\/2018\/04\/Como-iniciarte-en-el-senderismo-con-ni%C3%B1os-monta%C3%B1a-ni%C3%B1os-mini-explorers-cantimplora-oui-oui.jpg?resize=700%2C400&ssl=1 2x, https:\/\/i0.wp.com\/oui-oui.es\/blog\/wp-content\/uploads\/2018\/04\/Como-iniciarte-en-el-senderismo-con-ni%C3%B1os-monta%C3%B1a-ni%C3%B1os-mini-explorers-cantimplora-oui-oui.jpg?resize=1050%2C600&ssl=1 3x, https:\/\/i0.wp.com\/oui-oui.es\/blog\/wp-content\/uploads\/2018\/04\/Como-iniciarte-en-el-senderismo-con-ni%C3%B1os-monta%C3%B1a-ni%C3%B1os-mini-explorers-cantimplora-oui-oui.jpg?resize=1400%2C800&ssl=1 4x"},"classes":[]},{"id":10601,"url":"https:\/\/oui-oui.es\/blog\/planazo-con-ninos-y-ninas-la-bolera\/","url_meta":{"origin":1311,"position":1},"title":"Planazo con ni\u00f1os y ni\u00f1as; la bolera","author":"Mar\u00eda \u2665Oui Oui\u2665","date":"14 octubre, 2020","format":false,"excerpt":"Hoy os traigo un plan que hemos repetido varias veces los \u00faltimos meses y que ha tenido tanto \u00e9xito que quer\u00eda compartirlo, adem\u00e1s, le hemos cogido un especial cari\u00f1o por la situaci\u00f3n en la que nos encontramos y porque fue el \u00faltimo plan de ciudad que hicimos antes del confinamiento\u2026","rel":"","context":"En \u00abESTILO DE VIDA\u00bb","block_context":{"text":"ESTILO DE VIDA","link":"https:\/\/oui-oui.es\/blog\/category\/lifestyle-2\/"},"img":{"alt_text":"","src":"https:\/\/i0.wp.com\/oui-oui.es\/blog\/wp-content\/uploads\/2020\/10\/Oui-Oui-plan-con-ni%C3%B1os-bolera-planes-seguros-covid-ni%C3%B1os-bowling-chamartin-7-scaled.jpg?resize=350%2C200&ssl=1","width":350,"height":200,"srcset":"https:\/\/i0.wp.com\/oui-oui.es\/blog\/wp-content\/uploads\/2020\/10\/Oui-Oui-plan-con-ni%C3%B1os-bolera-planes-seguros-covid-ni%C3%B1os-bowling-chamartin-7-scaled.jpg?resize=350%2C200&ssl=1 1x, https:\/\/i0.wp.com\/oui-oui.es\/blog\/wp-content\/uploads\/2020\/10\/Oui-Oui-plan-con-ni%C3%B1os-bolera-planes-seguros-covid-ni%C3%B1os-bowling-chamartin-7-scaled.jpg?resize=525%2C300&ssl=1 1.5x, https:\/\/i0.wp.com\/oui-oui.es\/blog\/wp-content\/uploads\/2020\/10\/Oui-Oui-plan-con-ni%C3%B1os-bolera-planes-seguros-covid-ni%C3%B1os-bowling-chamartin-7-scaled.jpg?resize=700%2C400&ssl=1 2x, https:\/\/i0.wp.com\/oui-oui.es\/blog\/wp-content\/uploads\/2020\/10\/Oui-Oui-plan-con-ni%C3%B1os-bolera-planes-seguros-covid-ni%C3%B1os-bowling-chamartin-7-scaled.jpg?resize=1050%2C600&ssl=1 3x, https:\/\/i0.wp.com\/oui-oui.es\/blog\/wp-content\/uploads\/2020\/10\/Oui-Oui-plan-con-ni%C3%B1os-bolera-planes-seguros-covid-ni%C3%B1os-bowling-chamartin-7-scaled.jpg?resize=1400%2C800&ssl=1 4x"},"classes":[]},{"id":4772,"url":"https:\/\/oui-oui.es\/blog\/un-fin-de-semana-en-los-enebrales\/","url_meta":{"origin":1311,"position":2},"title":"Un fin de semana en los Enebrales","author":"Mar\u00eda \u2665Oui Oui\u2665","date":"24 octubre, 2016","format":false,"excerpt":"Me gusta que me sorprendan y reconozco que no es f\u00e1cil, por un lado soy detallista y me gusta que lo sean conmigo, y, por otro, tengo tanto contacto con caterings, restaurantes, fot\u00f3grafos, organizadores de eventos, etc...Que , aunque a los que \"estamos metidos en \u00e9sto\" nos parezca lo normal,\u2026","rel":"","context":"En \u00abBautizos\u00bb","block_context":{"text":"Bautizos","link":"https:\/\/oui-oui.es\/blog\/category\/fiestas-celebraciones\/bautizos\/"},"img":{"alt_text":"","src":"https:\/\/i0.wp.com\/oui-oui.es\/blog\/wp-content\/uploads\/2016\/10\/Oui-Oui-finca-los-enebrales-talleres-ni%C3%B1os-campo-hotel-rural-ni%C3%B1os-cerca-madrid-NG-Estudio-2.jpg?resize=350%2C200&ssl=1","width":350,"height":200,"srcset":"https:\/\/i0.wp.com\/oui-oui.es\/blog\/wp-content\/uploads\/2016\/10\/Oui-Oui-finca-los-enebrales-talleres-ni%C3%B1os-campo-hotel-rural-ni%C3%B1os-cerca-madrid-NG-Estudio-2.jpg?resize=350%2C200&ssl=1 1x, https:\/\/i0.wp.com\/oui-oui.es\/blog\/wp-content\/uploads\/2016\/10\/Oui-Oui-finca-los-enebrales-talleres-ni%C3%B1os-campo-hotel-rural-ni%C3%B1os-cerca-madrid-NG-Estudio-2.jpg?resize=525%2C300&ssl=1 1.5x, https:\/\/i0.wp.com\/oui-oui.es\/blog\/wp-content\/uploads\/2016\/10\/Oui-Oui-finca-los-enebrales-talleres-ni%C3%B1os-campo-hotel-rural-ni%C3%B1os-cerca-madrid-NG-Estudio-2.jpg?resize=700%2C400&ssl=1 2x, https:\/\/i0.wp.com\/oui-oui.es\/blog\/wp-content\/uploads\/2016\/10\/Oui-Oui-finca-los-enebrales-talleres-ni%C3%B1os-campo-hotel-rural-ni%C3%B1os-cerca-madrid-NG-Estudio-2.jpg?resize=1050%2C600&ssl=1 3x"},"classes":[]},{"id":312,"url":"https:\/\/oui-oui.es\/blog\/una-puerta-para-el-ratoncito-perez\/","url_meta":{"origin":1311,"position":3},"title":"Una puerta para el Ratoncito P\u00e9rez","author":"Mar\u00eda \u2665Oui Oui\u2665","date":"17 diciembre, 2012","format":false,"excerpt":"All\u00e1 por 1894, hab\u00eda un rat\u00f3n que viv\u00eda con su familia dentro de una gran caja de galletas, en el almac\u00e9n de la entonces famosa confiter\u00eda Prats, en el n\u00famero ocho de la calle del Arenal, en el coraz\u00f3n de Madrid, a unos cien metros del Palacio Real. El peque\u00f1o\u2026","rel":"","context":"En \u00abPUERTAS RATONCITO P\u00c9REZ\u00bb","block_context":{"text":"PUERTAS RATONCITO P\u00c9REZ","link":"https:\/\/oui-oui.es\/blog\/category\/puertas-para-el-ratoncito-perez\/"},"img":{"alt_text":"","src":"https:\/\/i0.wp.com\/oui-oui.es\/blog\/wp-content\/uploads\/puertas-para-el-ratoncito-pc3a9rez-oui-oui1.jpg?resize=350%2C200&ssl=1","width":350,"height":200,"srcset":"https:\/\/i0.wp.com\/oui-oui.es\/blog\/wp-content\/uploads\/puertas-para-el-ratoncito-pc3a9rez-oui-oui1.jpg?resize=350%2C200&ssl=1 1x, https:\/\/i0.wp.com\/oui-oui.es\/blog\/wp-content\/uploads\/puertas-para-el-ratoncito-pc3a9rez-oui-oui1.jpg?resize=525%2C300&ssl=1 1.5x, https:\/\/i0.wp.com\/oui-oui.es\/blog\/wp-content\/uploads\/puertas-para-el-ratoncito-pc3a9rez-oui-oui1.jpg?resize=700%2C400&ssl=1 2x, https:\/\/i0.wp.com\/oui-oui.es\/blog\/wp-content\/uploads\/puertas-para-el-ratoncito-pc3a9rez-oui-oui1.jpg?resize=1050%2C600&ssl=1 3x, https:\/\/i0.wp.com\/oui-oui.es\/blog\/wp-content\/uploads\/puertas-para-el-ratoncito-pc3a9rez-oui-oui1.jpg?resize=1400%2C800&ssl=1 4x"},"classes":[]},{"id":3099,"url":"https:\/\/oui-oui.es\/blog\/cabo-de-gata-en-familia\/","url_meta":{"origin":1311,"position":4},"title":"Cabo de Gata en familia","author":"Mar\u00eda \u2665Oui Oui\u2665","date":"2 septiembre, 2015","format":false,"excerpt":"Como contaba el otro d\u00eda, este a\u00f1o decidimos buscar un destino de \"playa de calor\" para segurarnos los d\u00edas de playa con Mart\u00edn, pero quer\u00edamos hu\u00edr de las masificaciones, los macro hoteles y los atascos, as\u00ed llegamos a Cabo de Gata. Siendo sincera, seg\u00fan bajamos del coche nos golpe\u00f3 una\u2026","rel":"","context":"En \u00abESTILO DE VIDA\u00bb","block_context":{"text":"ESTILO DE VIDA","link":"https:\/\/oui-oui.es\/blog\/category\/lifestyle-2\/"},"img":{"alt_text":"","src":"https:\/\/i0.wp.com\/oui-oui.es\/blog\/wp-content\/uploads\/2015\/09\/Oui-Oui-cabo-de-gata-con-ni%C3%B1os-agua-amarga.jpg?resize=350%2C200&ssl=1","width":350,"height":200,"srcset":"https:\/\/i0.wp.com\/oui-oui.es\/blog\/wp-content\/uploads\/2015\/09\/Oui-Oui-cabo-de-gata-con-ni%C3%B1os-agua-amarga.jpg?resize=350%2C200&ssl=1 1x, https:\/\/i0.wp.com\/oui-oui.es\/blog\/wp-content\/uploads\/2015\/09\/Oui-Oui-cabo-de-gata-con-ni%C3%B1os-agua-amarga.jpg?resize=525%2C300&ssl=1 1.5x, https:\/\/i0.wp.com\/oui-oui.es\/blog\/wp-content\/uploads\/2015\/09\/Oui-Oui-cabo-de-gata-con-ni%C3%B1os-agua-amarga.jpg?resize=700%2C400&ssl=1 2x, https:\/\/i0.wp.com\/oui-oui.es\/blog\/wp-content\/uploads\/2015\/09\/Oui-Oui-cabo-de-gata-con-ni%C3%B1os-agua-amarga.jpg?resize=1050%2C600&ssl=1 3x, https:\/\/i0.wp.com\/oui-oui.es\/blog\/wp-content\/uploads\/2015\/09\/Oui-Oui-cabo-de-gata-con-ni%C3%B1os-agua-amarga.jpg?resize=1400%2C800&ssl=1 4x"},"classes":[]},{"id":9602,"url":"https:\/\/oui-oui.es\/blog\/el-tercer-cumple-de-frida\/","url_meta":{"origin":1311,"position":5},"title":"El tercer cumple de Frida","author":"Mar\u00eda \u2665Oui Oui\u2665","date":"12 febrero, 2019","format":false,"excerpt":"El domingo celebramos el tercer cumplea\u00f1os de Frida, cuando lo empezamos a plantear hace meses d\u00ed por hecho que estar\u00edamos en nuestra nueva casa, as\u00ed que pensando en los temas de la fiesta acabamos decidiendo que ser\u00eda \"La fiesta de la plastilina\" , ya me imaginaba mi cocina nueva llena\u2026","rel":"","context":"En \u00abFIESTAS y CELEBRACIONES\u00bb","block_context":{"text":"FIESTAS y CELEBRACIONES","link":"https:\/\/oui-oui.es\/blog\/category\/fiestas-celebraciones\/"},"img":{"alt_text":"","src":"https:\/\/i0.wp.com\/oui-oui.es\/blog\/wp-content\/uploads\/2019\/02\/Oui-Oui-cumplea%C3%B1os-infantiles-espacio-la-galerie-local-cumplea%C3%B1os-tarta-ten-cook-2.jpg?resize=350%2C200&ssl=1","width":350,"height":200,"srcset":"https:\/\/i0.wp.com\/oui-oui.es\/blog\/wp-content\/uploads\/2019\/02\/Oui-Oui-cumplea%C3%B1os-infantiles-espacio-la-galerie-local-cumplea%C3%B1os-tarta-ten-cook-2.jpg?resize=350%2C200&ssl=1 1x, https:\/\/i0.wp.com\/oui-oui.es\/blog\/wp-content\/uploads\/2019\/02\/Oui-Oui-cumplea%C3%B1os-infantiles-espacio-la-galerie-local-cumplea%C3%B1os-tarta-ten-cook-2.jpg?resize=525%2C300&ssl=1 1.5x, https:\/\/i0.wp.com\/oui-oui.es\/blog\/wp-content\/uploads\/2019\/02\/Oui-Oui-cumplea%C3%B1os-infantiles-espacio-la-galerie-local-cumplea%C3%B1os-tarta-ten-cook-2.jpg?resize=700%2C400&ssl=1 2x, https:\/\/i0.wp.com\/oui-oui.es\/blog\/wp-content\/uploads\/2019\/02\/Oui-Oui-cumplea%C3%B1os-infantiles-espacio-la-galerie-local-cumplea%C3%B1os-tarta-ten-cook-2.jpg?resize=1050%2C600&ssl=1 3x, https:\/\/i0.wp.com\/oui-oui.es\/blog\/wp-content\/uploads\/2019\/02\/Oui-Oui-cumplea%C3%B1os-infantiles-espacio-la-galerie-local-cumplea%C3%B1os-tarta-ten-cook-2.jpg?resize=1400%2C800&ssl=1 4x"},"classes":[]}],"_links":{"self":[{"href":"https:\/\/oui-oui.es\/blog\/wp-json\/wp\/v2\/posts\/1311","targetHints":{"allow":["GET"]}}],"collection":[{"href":"https:\/\/oui-oui.es\/blog\/wp-json\/wp\/v2\/posts"}],"about":[{"href":"https:\/\/oui-oui.es\/blog\/wp-json\/wp\/v2\/types\/post"}],"author":[{"embeddable":true,"href":"https:\/\/oui-oui.es\/blog\/wp-json\/wp\/v2\/users\/1"}],"replies":[{"embeddable":true,"href":"https:\/\/oui-oui.es\/blog\/wp-json\/wp\/v2\/comments?post=1311"}],"version-history":[{"count":1,"href":"https:\/\/oui-oui.es\/blog\/wp-json\/wp\/v2\/posts\/1311\/revisions"}],"predecessor-version":[{"id":3235,"href":"https:\/\/oui-oui.es\/blog\/wp-json\/wp\/v2\/posts\/1311\/revisions\/3235"}],"wp:featuredmedia":[{"embeddable":true,"href":"https:\/\/oui-oui.es\/blog\/wp-json\/wp\/v2\/media\/3234"}],"wp:attachment":[{"href":"https:\/\/oui-oui.es\/blog\/wp-json\/wp\/v2\/media?parent=1311"}],"wp:term":[{"taxonomy":"category","embeddable":true,"href":"https:\/\/oui-oui.es\/blog\/wp-json\/wp\/v2\/categories?post=1311"},{"taxonomy":"post_tag","embeddable":true,"href":"https:\/\/oui-oui.es\/blog\/wp-json\/wp\/v2\/tags?post=1311"}],"curies":[{"name":"wp","href":"https:\/\/api.w.org\/{rel}","templated":true}]}}