{"id":1342,"date":"2014-02-25T12:54:28","date_gmt":"2014-02-25T11:54:28","guid":{"rendered":"http:\/\/ouiouiblog.wordpress.com\/?p=1342"},"modified":"2015-09-03T10:55:16","modified_gmt":"2015-09-03T08:55:16","slug":"que-es-el-pisito","status":"publish","type":"post","link":"https:\/\/oui-oui.es\/blog\/que-es-el-pisito\/","title":{"rendered":"\u00bfQu\u00e9 es El Pisito?"},"content":{"rendered":"<p style=\"text-align: center;\"><a href=\"http:\/\/ouiouiblog.files.wordpress.com\/2014\/02\/oui-oui-el-pisito-todos-los-que-estamos.jpg\"><img loading=\"lazy\" decoding=\"async\" class=\"aligncenter size-full wp-image-1373\" src=\"http:\/\/ouiouiblog.files.wordpress.com\/2014\/02\/oui-oui-el-pisito-todos-los-que-estamos.jpg\" alt=\"Oui Oui-el pisito-todos los que estamos\" width=\"500\" height=\"500\" \/><\/a><\/p>\n<p style=\"text-align: center;\">Los que me segu\u00eds por redes sociales ver\u00edais la semana pasada que no par\u00e9 de hablar de <strong>\u00abEl Pisito\u00bb<\/strong>, hicimos una peque\u00f1a inauguraci\u00f3n para prensa, pero todo fu\u00e9 muy r\u00e1pido, mucha gente nos pregunt\u00f3 si estaba abierto todo el d\u00eda, si la entrada era libre, etc&#8230;As\u00ed que aqu\u00ed os cuento <strong>lo que es, qui\u00e9nes somos y c\u00f3mo va a funcionar \ud83d\ude09<\/strong><\/p>\n<p style=\"text-align: center;\"><a href=\"http:\/\/ouiouiblog.files.wordpress.com\/2014\/02\/oui-oui-el-pisito-maria-salazar-querida-valentina-elena-bau-tocados-le-touquet-farfala-bodas-flash-flash-box-mickey-pavon-1.jpg\"><img loading=\"lazy\" decoding=\"async\" class=\"aligncenter size-full wp-image-1343\" src=\"http:\/\/ouiouiblog.files.wordpress.com\/2014\/02\/oui-oui-el-pisito-maria-salazar-querida-valentina-elena-bau-tocados-le-touquet-farfala-bodas-flash-flash-box-mickey-pavon-1.jpg\" alt=\"Oui Oui-el pisito-maria salazar-querida valentina-elena bau-tocados le touquet-farfala bodas-flash flash box-mickey pavon (1)\" width=\"529\" height=\"793\" \/><\/a><\/p>\n<p style=\"text-align: center;\"><strong>El Pisito<\/strong> es un espacio, como una casa, en el que <strong>nos hemos juntado varios emprendedores que nos movemos en el <em>mundillo bodas.<\/em><\/strong><\/p>\n<p style=\"text-align: center;\">La idea es <strong>contar con un espacio en el que mostrar un poquito lo que hacemos<\/strong>,si es necesario quedar con los novios (como en el caso de las flores o los tocados), que pueda ser en <strong>un sitio como nuestra casa<\/strong>.Y al juntarnos varios poder <strong>hacer cosas juntos<\/strong>; showrooms, open day&#8230;Y m\u00e1s cosas que nos apetece mucho montar!<\/p>\n<p style=\"text-align: center;\"><strong>En el Pisito estamos:<\/strong><\/p>\n<p style=\"text-align: center;\"><strong><a href=\"http:\/\/mariaenblog.wordpress.com\/\" target=\"_blank\">Mar\u00eda Salazar<\/a> :<\/strong> decoraci\u00f3n floral y coronas de flores de estilo campestre ideales.(Y si quieres un tipi, tambi\u00e9n los hace por encargo!!)<\/p>\n<p style=\"text-align: center;\"><a href=\"http:\/\/ouiouiblog.files.wordpress.com\/2014\/02\/oui-oui-el-pisito-maria-salazar-querida-valentina-elena-bau-tocados-le-touquet-farfala-bodas-flash-flash-box-mickey-pavon-3.jpg\"><img loading=\"lazy\" decoding=\"async\" class=\"aligncenter size-full wp-image-1345\" src=\"http:\/\/ouiouiblog.files.wordpress.com\/2014\/02\/oui-oui-el-pisito-maria-salazar-querida-valentina-elena-bau-tocados-le-touquet-farfala-bodas-flash-flash-box-mickey-pavon-3.jpg\" alt=\"Oui Oui-el pisito-maria salazar-querida valentina-elena bau-tocados le touquet-farfala bodas-flash flash box-mickey pavon (3)\" width=\"529\" height=\"793\" \/><\/a><\/p>\n<p style=\"text-align: center;\"><a href=\"http:\/\/ouiouiblog.files.wordpress.com\/2014\/02\/oui-oui-el-pisito-maria-salazar-querida-valentina-elena-bau-tocados-le-touquet-farfala-bodas-flash-flash-box-mickey-pavon-12.jpg\"><img loading=\"lazy\" decoding=\"async\" class=\"aligncenter size-full wp-image-1354\" src=\"http:\/\/ouiouiblog.files.wordpress.com\/2014\/02\/oui-oui-el-pisito-maria-salazar-querida-valentina-elena-bau-tocados-le-touquet-farfala-bodas-flash-flash-box-mickey-pavon-12.jpg\" alt=\"Oui Oui-el pisito-maria salazar-querida valentina-elena bau-tocados le touquet-farfala bodas-flash flash box-mickey pavon (12)\" width=\"529\" height=\"794\" \/><\/a> <a href=\"http:\/\/www.oui-oui.es\/detalles-boda\/40-set-3-maletas-estilo-vintage-flores.html\"><img loading=\"lazy\" decoding=\"async\" class=\"aligncenter wp-image-1352\" src=\"http:\/\/ouiouiblog.files.wordpress.com\/2014\/02\/oui-oui-el-pisito-maria-salazar-querida-valentina-elena-bau-tocados-le-touquet-farfala-bodas-flash-flash-box-mickey-pavon-10.jpg\" alt=\"Oui Oui-el pisito-maria salazar-querida valentina-elena bau-tocados le touquet-farfala bodas-flash flash box-mickey pavon (10)\" width=\"529\" height=\"352\" \/><\/a><\/p>\n<p style=\"text-align: center;\"><strong><a href=\"www.queridavalentina.es\" target=\"_blank\">Querida Valentina<\/a>:<\/strong> las invitaciones m\u00e1s de moda, no s\u00e9 si me gustan m\u00e1s las invitaciones o los originales forros de los sobres, he empezado a coleccionar todas las que me llegan que ha hecho ella!<\/p>\n<p style=\"text-align: center;\"><a href=\"http:\/\/ouiouiblog.files.wordpress.com\/2014\/02\/oui-oui-el-pisito-maria-salazar-querida-valentina-elena-bau-tocados-le-touquet-farfala-bodas-flash-flash-box-mickey-pavon-13.jpg\"><img loading=\"lazy\" decoding=\"async\" class=\"aligncenter size-full wp-image-1355\" src=\"http:\/\/ouiouiblog.files.wordpress.com\/2014\/02\/oui-oui-el-pisito-maria-salazar-querida-valentina-elena-bau-tocados-le-touquet-farfala-bodas-flash-flash-box-mickey-pavon-13.jpg\" alt=\"Oui Oui-el pisito-maria salazar-querida valentina-elena bau-tocados le touquet-farfala bodas-flash flash box-mickey pavon (13)\" width=\"529\" height=\"352\" \/><\/a><\/p>\n<p style=\"text-align: center;\"><strong><a href=\"http:\/\/tocadosletouquet.blogspot.com.es\/\" target=\"_blank\">Tocados Le Touquet<\/a>:<\/strong> si no conoc\u00e9is a\u00fan sus coronas y tocados ya est\u00e1is tardando, delicadas, de estilo vintage, con semillas de azahar&#8230;Una obra de arte!<\/p>\n<p style=\"text-align: center;\"><a href=\"http:\/\/ouiouiblog.files.wordpress.com\/2014\/02\/oui-oui-el-pisito-maria-salazar-querida-valentina-elena-bau-tocados-le-touquet-farfala-bodas-flash-flash-box-mickey-pavon-18.jpg\"><img loading=\"lazy\" decoding=\"async\" class=\"aligncenter size-full wp-image-1360\" src=\"http:\/\/ouiouiblog.files.wordpress.com\/2014\/02\/oui-oui-el-pisito-maria-salazar-querida-valentina-elena-bau-tocados-le-touquet-farfala-bodas-flash-flash-box-mickey-pavon-18.jpg\" alt=\"Oui Oui-el pisito-maria salazar-querida valentina-elena bau-tocados le touquet-farfala bodas-flash flash box-mickey pavon (18)\" width=\"529\" height=\"352\" \/><\/a> <a href=\"http:\/\/ouiouiblog.files.wordpress.com\/2014\/02\/oui-oui-el-pisito-maria-salazar-querida-valentina-elena-bau-tocados-le-touquet-farfala-bodas-flash-flash-box-mickey-pavon-17.jpg\"><img loading=\"lazy\" decoding=\"async\" class=\"aligncenter size-full wp-image-1359\" src=\"http:\/\/ouiouiblog.files.wordpress.com\/2014\/02\/oui-oui-el-pisito-maria-salazar-querida-valentina-elena-bau-tocados-le-touquet-farfala-bodas-flash-flash-box-mickey-pavon-17.jpg\" alt=\"Oui Oui-el pisito-maria salazar-querida valentina-elena bau-tocados le touquet-farfala bodas-flash flash box-mickey pavon (17)\" width=\"529\" height=\"352\" \/><\/a><\/p>\n<p style=\"text-align: center;\"><a href=\"www.elenabau.es\" target=\"_blank\"><strong>Elena Bau<\/strong><\/a>: una joven promesa de la fotograf\u00eda, la escalera de El Pisito est\u00e1 decorada con fotos suyas de una boda y seg\u00fan vas subiendo quieres casarte otra vez para tener unas im\u00e1genes as\u00ed! (todas las fotos de esta post son de ella).<\/p>\n<p style=\"text-align: center;\"><a href=\"http:\/\/ouiouiblog.files.wordpress.com\/2014\/02\/oui-oui-el-pisito-maria-salazar-querida-valentina-elena-bau-tocados-le-touquet-farfala-bodas-flash-flash-box-mickey-pavon-2.jpg\"><img loading=\"lazy\" decoding=\"async\" class=\"aligncenter size-full wp-image-1344\" src=\"http:\/\/ouiouiblog.files.wordpress.com\/2014\/02\/oui-oui-el-pisito-maria-salazar-querida-valentina-elena-bau-tocados-le-touquet-farfala-bodas-flash-flash-box-mickey-pavon-2.jpg\" alt=\"Oui Oui-el pisito-maria salazar-querida valentina-elena bau-tocados le touquet-farfala bodas-flash flash box-mickey pavon (2)\" width=\"529\" height=\"352\" \/><\/a><a href=\"http:\/\/www.oui-oui.es\/decoracion\/501-estanteria-caja-fondo-flores.html\"><img loading=\"lazy\" decoding=\"async\" class=\"aligncenter size-full wp-image-1351\" src=\"http:\/\/ouiouiblog.files.wordpress.com\/2014\/02\/oui-oui-el-pisito-maria-salazar-querida-valentina-elena-bau-tocados-le-touquet-farfala-bodas-flash-flash-box-mickey-pavon-9.jpg\" alt=\"Oui Oui-el pisito-maria salazar-querida valentina-elena bau-tocados le touquet-farfala bodas-flash flash box-mickey pavon (9)\" width=\"499\" height=\"749\" \/><\/a><\/p>\n<p style=\"text-align: center;\"><strong><a href=\"cruscandies.es\" target=\"_blank\">Crus Candie\u00b4s<\/a>:<\/strong> Cru te monta una mesa de dulces mon\u00edsima, seg\u00fan el estilo que busques, en un periquete!<\/p>\n<p style=\"text-align: center;\"><a href=\"http:\/\/www.oui-oui.es\/decoracion\/520-set-3-cestas-forma-corazon.html\"><img loading=\"lazy\" decoding=\"async\" class=\"aligncenter wp-image-1350\" src=\"http:\/\/ouiouiblog.files.wordpress.com\/2014\/02\/oui-oui-el-pisito-maria-salazar-querida-valentina-elena-bau-tocados-le-touquet-farfala-bodas-flash-flash-box-mickey-pavon-8.jpg\" alt=\"Oui Oui-el pisito-maria salazar-querida valentina-elena bau-tocados le touquet-farfala bodas-flash flash box-mickey pavon (8)\" width=\"529\" height=\"352\" \/><\/a> <a href=\"http:\/\/ouiouiblog.files.wordpress.com\/2014\/02\/oui-oui-el-pisito-maria-salazar-querida-valentina-elena-bau-tocados-le-touquet-farfala-bodas-flash-flash-box-mickey-pavon-7.jpg\"><img loading=\"lazy\" decoding=\"async\" class=\"aligncenter size-full wp-image-1349\" src=\"http:\/\/ouiouiblog.files.wordpress.com\/2014\/02\/oui-oui-el-pisito-maria-salazar-querida-valentina-elena-bau-tocados-le-touquet-farfala-bodas-flash-flash-box-mickey-pavon-7.jpg\" alt=\"Oui Oui-el pisito-maria salazar-querida valentina-elena bau-tocados le touquet-farfala bodas-flash flash box-mickey pavon (7)\" width=\"529\" height=\"352\" \/><\/a> <a href=\"http:\/\/www.oui-oui.es\/detalles-boda\/506-stand-frutero-de-madera.html\"><img loading=\"lazy\" decoding=\"async\" class=\"aligncenter wp-image-1348\" src=\"http:\/\/ouiouiblog.files.wordpress.com\/2014\/02\/oui-oui-el-pisito-maria-salazar-querida-valentina-elena-bau-tocados-le-touquet-farfala-bodas-flash-flash-box-mickey-pavon-6.jpg\" alt=\"Oui Oui-el pisito-maria salazar-querida valentina-elena bau-tocados le touquet-farfala bodas-flash flash box-mickey pavon (6)\" width=\"529\" height=\"352\" \/><\/a><\/p>\n<p style=\"text-align: center;\"><strong><a href=\"ffbox.es\" target=\"_blank\">Flash Flash Box<\/a>:<\/strong> \u00bfa qui\u00e9n no le gustar\u00eda poner un fotomat\u00f3n en su fiesta?, ellos se encargan de todo y encima tienen unas cabinas mon\u00edsimas!<\/p>\n<p style=\"text-align: center;\"><a href=\"http:\/\/ouiouiblog.files.wordpress.com\/2014\/02\/oui-oui-el-pisito-maria-salazar-querida-valentina-elena-bau-tocados-le-touquet-farfala-bodas-flash-flash-box-mickey-pavon-28.jpg\"><img loading=\"lazy\" decoding=\"async\" class=\"aligncenter size-full wp-image-1370\" src=\"http:\/\/ouiouiblog.files.wordpress.com\/2014\/02\/oui-oui-el-pisito-maria-salazar-querida-valentina-elena-bau-tocados-le-touquet-farfala-bodas-flash-flash-box-mickey-pavon-28.jpg\" alt=\"Oui Oui-el pisito-maria salazar-querida valentina-elena bau-tocados le touquet-farfala bodas-flash flash box-mickey pavon (28)\" width=\"529\" height=\"352\" \/><\/a><\/p>\n<p style=\"text-align: center;\"><strong><a href=\"farfalabodas.es\" target=\"_blank\">Farfala Bodas<\/a>:<\/strong> iluminaci\u00f3n at\u00edpica para tu evento, desde guirnaldas de luces hasta luz camuflada en muebles y objetos de decoraci\u00f3n que crean un ambiente c\u00e1lido sin cables a la vista&#8230;Una pasada.<\/p>\n<p style=\"text-align: center;\"><a href=\"http:\/\/ouiouiblog.files.wordpress.com\/2014\/02\/oui-oui-el-pisito-maria-salazar-querida-valentina-elena-bau-tocados-le-touquet-farfala-bodas-flash-flash-box-mickey-pavon-14.jpg\"><img loading=\"lazy\" decoding=\"async\" class=\"aligncenter size-full wp-image-1356\" src=\"http:\/\/ouiouiblog.files.wordpress.com\/2014\/02\/oui-oui-el-pisito-maria-salazar-querida-valentina-elena-bau-tocados-le-touquet-farfala-bodas-flash-flash-box-mickey-pavon-14.jpg\" alt=\"Oui Oui-el pisito-maria salazar-querida valentina-elena bau-tocados le touquet-farfala bodas-flash flash box-mickey pavon (14)\" width=\"529\" height=\"352\" \/><\/a> <a href=\"http:\/\/ouiouiblog.files.wordpress.com\/2014\/02\/oui-oui-el-pisito-maria-salazar-querida-valentina-elena-bau-tocados-le-touquet-farfala-bodas-flash-flash-box-mickey-pavon-15.jpg\"><img loading=\"lazy\" decoding=\"async\" class=\"aligncenter size-full wp-image-1357\" src=\"http:\/\/ouiouiblog.files.wordpress.com\/2014\/02\/oui-oui-el-pisito-maria-salazar-querida-valentina-elena-bau-tocados-le-touquet-farfala-bodas-flash-flash-box-mickey-pavon-15.jpg\" alt=\"Oui Oui-el pisito-maria salazar-querida valentina-elena bau-tocados le touquet-farfala bodas-flash flash box-mickey pavon (15)\" width=\"529\" height=\"793\" \/><\/a> <a href=\"http:\/\/ouiouiblog.files.wordpress.com\/2014\/02\/oui-oui-el-pisito-maria-salazar-querida-valentina-elena-bau-tocados-le-touquet-farfala-bodas-flash-flash-box-mickey-pavon-25.jpg\"><img loading=\"lazy\" decoding=\"async\" class=\"aligncenter size-full wp-image-1367\" src=\"http:\/\/ouiouiblog.files.wordpress.com\/2014\/02\/oui-oui-el-pisito-maria-salazar-querida-valentina-elena-bau-tocados-le-touquet-farfala-bodas-flash-flash-box-mickey-pavon-25.jpg\" alt=\"Oui Oui-el pisito-maria salazar-querida valentina-elena bau-tocados le touquet-farfala bodas-flash flash box-mickey pavon (25)\" width=\"529\" height=\"352\" \/><\/a><strong><cite><\/cite><a href=\"mickeypavon.com\" target=\"_blank\">Mickey Pav\u00f3n<\/a>:<\/strong> el DJ de moda!, para montar el fiest\u00f3n como es debido,\u00a0 nada de\u00a0 sosos poniendo un CD.<\/p>\n<p style=\"text-align: center;\"><a href=\"http:\/\/ouiouiblog.files.wordpress.com\/2014\/02\/oui-oui-el-pisito-maria-salazar-querida-valentina-elena-bau-tocados-le-touquet-farfala-bodas-flash-flash-box-mickey-pavon-16.jpg\"><img loading=\"lazy\" decoding=\"async\" class=\"aligncenter size-full wp-image-1358\" src=\"http:\/\/ouiouiblog.files.wordpress.com\/2014\/02\/oui-oui-el-pisito-maria-salazar-querida-valentina-elena-bau-tocados-le-touquet-farfala-bodas-flash-flash-box-mickey-pavon-16.jpg\" alt=\"Oui Oui-el pisito-maria salazar-querida valentina-elena bau-tocados le touquet-farfala bodas-flash flash box-mickey pavon (16)\" width=\"529\" height=\"352\" \/><\/a><\/p>\n<p style=\"text-align: center;\">Y, claro&#8230;<a href=\"http:\/\/www.oui-oui.es\" target=\"_blank\"><strong>Oui Oui<\/strong><\/a>, que ya me conoc\u00e9is \ud83d\ude09<\/p>\n<p style=\"text-align: center;\"><a href=\"http:\/\/www.oui-oui.es\/novios-bodas\/503-letras-madera-decapada-mr-mrs.html\"><img loading=\"lazy\" decoding=\"async\" class=\"aligncenter wp-image-1353\" src=\"http:\/\/ouiouiblog.files.wordpress.com\/2014\/02\/oui-oui-el-pisito-maria-salazar-querida-valentina-elena-bau-tocados-le-touquet-farfala-bodas-flash-flash-box-mickey-pavon-11.jpg\" alt=\"Oui Oui-el pisito-maria salazar-querida valentina-elena bau-tocados le touquet-farfala bodas-flash flash box-mickey pavon (11)\" width=\"529\" height=\"352\" \/><\/a><\/p>\n<p style=\"text-align: center;\"><a href=\"http:\/\/www.oui-oui.es\/buscar?orderby=position&amp;orderway=desc&amp;search_query=cojines&amp;submit_search.x=0&amp;submit_search.y=0\"><img loading=\"lazy\" decoding=\"async\" class=\"aligncenter wp-image-1366\" src=\"http:\/\/ouiouiblog.files.wordpress.com\/2014\/02\/oui-oui-el-pisito-maria-salazar-querida-valentina-elena-bau-tocados-le-touquet-farfala-bodas-flash-flash-box-mickey-pavon-24.jpg\" alt=\"Oui Oui-el pisito-maria salazar-querida valentina-elena bau-tocados le touquet-farfala bodas-flash flash box-mickey pavon (24)\" width=\"529\" height=\"352\" \/><\/a> <a href=\"http:\/\/www.oui-oui.es\/decoracion-chic-cool\/348-cojin-time-to-drink-champagne.html\"><img loading=\"lazy\" decoding=\"async\" class=\"aligncenter wp-image-1365\" src=\"http:\/\/ouiouiblog.files.wordpress.com\/2014\/02\/oui-oui-el-pisito-maria-salazar-querida-valentina-elena-bau-tocados-le-touquet-farfala-bodas-flash-flash-box-mickey-pavon-23.jpg\" alt=\"Oui Oui-el pisito-maria salazar-querida valentina-elena bau-tocados le touquet-farfala bodas-flash flash box-mickey pavon (23)\" width=\"529\" height=\"352\" \/><\/a><a href=\"http:\/\/www.oui-oui.es\/ambiente-boda\/259-banderin-arpillera-just-married.html\"><img loading=\"lazy\" decoding=\"async\" class=\"aligncenter wp-image-1369\" src=\"http:\/\/ouiouiblog.files.wordpress.com\/2014\/02\/oui-oui-el-pisito-maria-salazar-querida-valentina-elena-bau-tocados-le-touquet-farfala-bodas-flash-flash-box-mickey-pavon-27.jpg\" alt=\"Oui Oui-el pisito-maria salazar-querida valentina-elena bau-tocados le touquet-farfala bodas-flash flash box-mickey pavon (27)\" width=\"529\" height=\"352\" \/><\/a><\/p>\n<p style=\"text-align: center;\">Hemos querido crear un <strong>ambiente acogedor<\/strong>, <strong>como una casa<\/strong>, con sus diferentes espacios&#8230;Mirad c\u00f3mo decor\u00f3 Mar\u00eda <strong>el ba\u00f1o!<\/strong><\/p>\n<p style=\"text-align: center;\"><a href=\"http:\/\/ouiouiblog.files.wordpress.com\/2014\/02\/oui-oui-el-pisito-maria-salazar-querida-valentina-elena-bau-tocados-le-touquet-farfala-bodas-flash-flash-box-mickey-pavon-20.jpg\"><img loading=\"lazy\" decoding=\"async\" class=\"aligncenter size-full wp-image-1362\" src=\"http:\/\/ouiouiblog.files.wordpress.com\/2014\/02\/oui-oui-el-pisito-maria-salazar-querida-valentina-elena-bau-tocados-le-touquet-farfala-bodas-flash-flash-box-mickey-pavon-20.jpg\" alt=\"Oui Oui-el pisito-maria salazar-querida valentina-elena bau-tocados le touquet-farfala bodas-flash flash box-mickey pavon (20)\" width=\"529\" height=\"352\" \/><\/a> <a href=\"http:\/\/ouiouiblog.files.wordpress.com\/2014\/02\/oui-oui-el-pisito-maria-salazar-querida-valentina-elena-bau-tocados-le-touquet-farfala-bodas-flash-flash-box-mickey-pavon-19.jpg\"><img loading=\"lazy\" decoding=\"async\" class=\"aligncenter size-full wp-image-1361\" src=\"http:\/\/ouiouiblog.files.wordpress.com\/2014\/02\/oui-oui-el-pisito-maria-salazar-querida-valentina-elena-bau-tocados-le-touquet-farfala-bodas-flash-flash-box-mickey-pavon-19.jpg\" alt=\"Oui Oui-el pisito-maria salazar-querida valentina-elena bau-tocados le touquet-farfala bodas-flash flash box-mickey pavon (19)\" width=\"529\" height=\"352\" \/><\/a><\/p>\n<p style=\"text-align: center;\">Tambi\u00e9n tenemos una <strong>terraza<\/strong> que va a dar mucho juego esta primavera, el otro d\u00eda nos lo pasamos pipa tomando copas y haci\u00e9ndonos fotos en el <strong>fotomat\u00f3n<\/strong>!<\/p>\n<p style=\"text-align: center;\"><a href=\"http:\/\/ouiouiblog.files.wordpress.com\/2014\/02\/oui-oui-el-pisito-maria-salazar-querida-valentina-elena-bau-tocados-le-touquet-farfala-bodas-flash-flash-box-mickey-pavon-22.jpg\"><img loading=\"lazy\" decoding=\"async\" class=\"aligncenter size-full wp-image-1364\" src=\"http:\/\/ouiouiblog.files.wordpress.com\/2014\/02\/oui-oui-el-pisito-maria-salazar-querida-valentina-elena-bau-tocados-le-touquet-farfala-bodas-flash-flash-box-mickey-pavon-22.jpg\" alt=\"Oui Oui-el pisito-maria salazar-querida valentina-elena bau-tocados le touquet-farfala bodas-flash flash box-mickey pavon (22)\" width=\"529\" height=\"352\" \/><\/a> <a href=\"http:\/\/ouiouiblog.files.wordpress.com\/2014\/02\/oui-oui-el-pisito-maria-salazar-querida-valentina-elena-bau-tocados-le-touquet-farfala-bodas-flash-flash-box-mickey-pavon-21.jpg\"><img loading=\"lazy\" decoding=\"async\" class=\"aligncenter size-full wp-image-1363\" src=\"http:\/\/ouiouiblog.files.wordpress.com\/2014\/02\/oui-oui-el-pisito-maria-salazar-querida-valentina-elena-bau-tocados-le-touquet-farfala-bodas-flash-flash-box-mickey-pavon-21.jpg\" alt=\"Oui Oui-el pisito-maria salazar-querida valentina-elena bau-tocados le touquet-farfala bodas-flash flash box-mickey pavon (21)\" width=\"529\" height=\"352\" \/><\/a><\/p>\n<p style=\"text-align: center;\">Mil gracias por venir a tod@s!!<\/p>\n<p style=\"text-align: center;\">Entonces <strong>\u00bfse puede ir?, \u00bfest\u00e1 abierto todo el d\u00eda..?<\/strong><\/p>\n<p style=\"text-align: center;\">Si quieres informaci\u00f3n de alguno de los proveedores, puedes <strong>contactar directamente con ellos<\/strong>, seg\u00fan las necesidades <strong>quedar\u00e9is en el pisito<\/strong> o en su oficina si la tuvieran (por ejemplo, con las cosas de Oui Oui es mejor venir a la oficina que aqui tengo todo), pero iremos haciendo cosas para que pod\u00e1is <strong>venir a conocernos de una forma m\u00e1s informal<\/strong>, quiz\u00e1s haya un <strong>openday<\/strong> cerca&#8230;Os mantendr\u00e9 informados!<\/p>\n<p style=\"text-align: center;\"><a href=\"http:\/\/ouiouiblog.files.wordpress.com\/2014\/02\/oui-oui-el-pisito-maria-salazar-querida-valentina-elena-bau-tocados-le-touquet-farfala-bodas-flash-flash-box-mickey-pavon-29.jpg\"><img loading=\"lazy\" decoding=\"async\" class=\"aligncenter size-full wp-image-1371\" src=\"http:\/\/ouiouiblog.files.wordpress.com\/2014\/02\/oui-oui-el-pisito-maria-salazar-querida-valentina-elena-bau-tocados-le-touquet-farfala-bodas-flash-flash-box-mickey-pavon-29.jpg\" alt=\"Oui Oui-el pisito-maria salazar-querida valentina-elena bau-tocados le touquet-farfala bodas-flash flash box-mickey pavon (29)\" width=\"529\" height=\"352\" \/><\/a><\/p>\n<p style=\"text-align: center;\">Por supuesto, en la<strong><a href=\"https:\/\/www.facebook.com\/elpisitomadrid\"> p\u00e1gina de Facebook de El Pisito<\/a><\/strong> tendr\u00e9is todas las noticias!!<\/p>\n<p style=\"text-align: center;\"><a href=\"http:\/\/ouiouiblog.files.wordpress.com\/2014\/02\/oui-oui-el-pisito-maria-salazar-querida-valentina-elena-bau-tocados-le-touquet-farfala-bodas-flash-flash-box-mickey-pavon-4.jpg\"><img loading=\"lazy\" decoding=\"async\" class=\"aligncenter size-full wp-image-1346\" src=\"http:\/\/ouiouiblog.files.wordpress.com\/2014\/02\/oui-oui-el-pisito-maria-salazar-querida-valentina-elena-bau-tocados-le-touquet-farfala-bodas-flash-flash-box-mickey-pavon-4.jpg\" alt=\"Oui Oui-el pisito-maria salazar-querida valentina-elena bau-tocados le touquet-farfala bodas-flash flash box-mickey pavon (4)\" width=\"529\" height=\"793\" \/><\/a><\/p>\n","protected":false},"excerpt":{"rendered":"<p>Los que me segu\u00eds por redes sociales ver\u00edais la semana pasada que no par\u00e9 de hablar de \u00abEl Pisito\u00bb, hicimos una peque\u00f1a inauguraci\u00f3n para prensa, pero todo fu\u00e9 muy r\u00e1pido, mucha gente nos pregunt\u00f3 si estaba abierto todo el d\u00eda, si la entrada era libre, etc&#8230;As\u00ed que aqu\u00ed os cuento lo que es, qui\u00e9nes somos [&hellip;]<\/p>\n","protected":false},"author":1,"featured_media":3232,"comment_status":"open","ping_status":"open","sticky":false,"template":"","format":"standard","meta":{"jetpack_post_was_ever_published":false,"_jetpack_newsletter_access":"","_jetpack_dont_email_post_to_subs":false,"_jetpack_newsletter_tier_id":0,"_jetpack_memberships_contains_paywalled_content":false,"_jetpack_memberships_contains_paid_content":false,"footnotes":"","jetpack_publicize_message":"","jetpack_publicize_feature_enabled":true,"jetpack_social_post_already_shared":false,"jetpack_social_options":{"image_generator_settings":{"template":"highway","default_image_id":0,"font":"","enabled":false},"version":2}},"categories":[704],"tags":[44,718,536],"class_list":["post-1342","post","type-post","status-publish","format-standard","has-post-thumbnail","hentry","category-boda","tag-boda-campestre","tag-bodas","tag-fotografia"],"aioseo_notices":[],"jetpack_publicize_connections":[],"jetpack_featured_media_url":"https:\/\/oui-oui.es\/blog\/wp-content\/uploads\/2014\/02\/oui-oui-el-pisito-todos-los-que-estamos.jpg","jetpack_sharing_enabled":true,"jetpack-related-posts":[{"id":1482,"url":"https:\/\/oui-oui.es\/blog\/open-day-en-el-pisito\/","url_meta":{"origin":1342,"position":0},"title":"Open day en El Pisito","author":"Mar\u00eda \u2665Oui Oui\u2665","date":"26 marzo, 2014","format":false,"excerpt":"Cuando hicimos la presentaci\u00f3n de El Pisito muchos me pregunt\u00e1steis que si la entrada era libre, si se puede ir cualquier d\u00eda,etc..Como normalmente las visitas son con cita previa (especialmente con las marcas que requieren una reuni\u00f3n), quer\u00edamos ofreceros la oportunidad de que vinierais a vernos a nuestra casa; El\u2026","rel":"","context":"En \u00abOUI OUI\u00bb","block_context":{"text":"OUI OUI","link":"https:\/\/oui-oui.es\/blog\/category\/oui-oui\/"},"img":{"alt_text":"","src":"https:\/\/i0.wp.com\/oui-oui.es\/blog\/wp-content\/uploads\/2014\/03\/oui-oui-el-pisito-madrid-que-es-el-pisito.jpg?resize=350%2C200&ssl=1","width":350,"height":200,"srcset":"https:\/\/i0.wp.com\/oui-oui.es\/blog\/wp-content\/uploads\/2014\/03\/oui-oui-el-pisito-madrid-que-es-el-pisito.jpg?resize=350%2C200&ssl=1 1x, https:\/\/i0.wp.com\/oui-oui.es\/blog\/wp-content\/uploads\/2014\/03\/oui-oui-el-pisito-madrid-que-es-el-pisito.jpg?resize=525%2C300&ssl=1 1.5x, https:\/\/i0.wp.com\/oui-oui.es\/blog\/wp-content\/uploads\/2014\/03\/oui-oui-el-pisito-madrid-que-es-el-pisito.jpg?resize=700%2C400&ssl=1 2x"},"classes":[]},{"id":5104,"url":"https:\/\/oui-oui.es\/blog\/el-estudio-de-elena-bau\/","url_meta":{"origin":1342,"position":1},"title":"El Estudio de Elena Bau","author":"Mar\u00eda \u2665Oui Oui\u2665","date":"6 febrero, 2017","format":false,"excerpt":"Conozco a Elena desde cuando hac\u00eda las reuniones con los novios en \"El Pisito\", cuando llevaba a cuestas el tocho de \u00e1lbumes de bodas para mostrar su trabajo (y el de su equipo, que tanto ha valorado y cuidado desde el principio), hace s\u00f3lo tres a\u00f1os de eso y ha\u2026","rel":"","context":"En \u00abBoda\u00bb","block_context":{"text":"Boda","link":"https:\/\/oui-oui.es\/blog\/category\/fiestas-celebraciones\/boda\/"},"img":{"alt_text":"","src":"https:\/\/i0.wp.com\/oui-oui.es\/blog\/wp-content\/uploads\/2017\/02\/Oui-Oui-inauguraci%C3%B3n-estudio-elena-bau-apodaca16-2-1.jpg?resize=350%2C200&ssl=1","width":350,"height":200,"srcset":"https:\/\/i0.wp.com\/oui-oui.es\/blog\/wp-content\/uploads\/2017\/02\/Oui-Oui-inauguraci%C3%B3n-estudio-elena-bau-apodaca16-2-1.jpg?resize=350%2C200&ssl=1 1x, https:\/\/i0.wp.com\/oui-oui.es\/blog\/wp-content\/uploads\/2017\/02\/Oui-Oui-inauguraci%C3%B3n-estudio-elena-bau-apodaca16-2-1.jpg?resize=525%2C300&ssl=1 1.5x"},"classes":[]},{"id":457,"url":"https:\/\/oui-oui.es\/blog\/querida-valentina-invitaciones-para-una-boda-rustica-chic\/","url_meta":{"origin":1342,"position":2},"title":"Querida Valentina&#8230;Invitaciones para una boda r\u00fastica-chic","author":"Mar\u00eda \u2665Oui Oui\u2665","date":"21 enero, 2013","format":false,"excerpt":"Cuando organizas una boda lo que menos tienes es tiempo y tener que pedir cita previa para cualquier cosa se hace muy pesado, Querida Valentina se di\u00f3 cuenta y ofrece un dise\u00f1o natural y muy cuidado en toda la papeler\u00eda de la boda a un solo click. Es decir, puedes\u2026","rel":"","context":"En \u00abBoda\u00bb","block_context":{"text":"Boda","link":"https:\/\/oui-oui.es\/blog\/category\/fiestas-celebraciones\/boda\/"},"img":{"alt_text":"","src":"https:\/\/i0.wp.com\/oui-oui.es\/blog\/wp-content\/uploads\/oui-oui-querida-valentina-invitaciones-rustico-chic.jpg?resize=350%2C200&ssl=1","width":350,"height":200,"srcset":"https:\/\/i0.wp.com\/oui-oui.es\/blog\/wp-content\/uploads\/oui-oui-querida-valentina-invitaciones-rustico-chic.jpg?resize=350%2C200&ssl=1 1x, https:\/\/i0.wp.com\/oui-oui.es\/blog\/wp-content\/uploads\/oui-oui-querida-valentina-invitaciones-rustico-chic.jpg?resize=525%2C300&ssl=1 1.5x, https:\/\/i0.wp.com\/oui-oui.es\/blog\/wp-content\/uploads\/oui-oui-querida-valentina-invitaciones-rustico-chic.jpg?resize=700%2C400&ssl=1 2x"},"classes":[]},{"id":1206,"url":"https:\/\/oui-oui.es\/blog\/its-gstaad-baby\/","url_meta":{"origin":1342,"position":3},"title":"It\u00b4s Gstaad Baby!","author":"Mar\u00eda \u2665Oui Oui\u2665","date":"3 febrero, 2014","format":false,"excerpt":"A la espera de ver \u00a1pronto, por favor! las fotos y reportaje oficial (si es que lo vemos, que espero que s\u00ed) del bod\u00f3n invernal de Tatiana Santodomingo y Andrea Casiraghi aqu\u00ed os dejo con lo que se ha filtrado hasta el momento (todas las fotos son tomadas de Instagram\u2026","rel":"","context":"En \u00abBoda\u00bb","block_context":{"text":"Boda","link":"https:\/\/oui-oui.es\/blog\/category\/fiestas-celebraciones\/boda\/"},"img":{"alt_text":"","src":"https:\/\/i0.wp.com\/oui-oui.es\/blog\/wp-content\/uploads\/2014\/02\/oui-oui-boda-tatiana-santodomingo-andrea-casiraghi-gstaad-boda-invernal-boda-invierno-9.jpg?resize=350%2C200&ssl=1","width":350,"height":200,"srcset":"https:\/\/i0.wp.com\/oui-oui.es\/blog\/wp-content\/uploads\/2014\/02\/oui-oui-boda-tatiana-santodomingo-andrea-casiraghi-gstaad-boda-invernal-boda-invierno-9.jpg?resize=350%2C200&ssl=1 1x, https:\/\/i0.wp.com\/oui-oui.es\/blog\/wp-content\/uploads\/2014\/02\/oui-oui-boda-tatiana-santodomingo-andrea-casiraghi-gstaad-boda-invernal-boda-invierno-9.jpg?resize=525%2C300&ssl=1 1.5x"},"classes":[]},{"id":1037,"url":"https:\/\/oui-oui.es\/blog\/vestidos-de-invierno\/","url_meta":{"origin":1342,"position":4},"title":"Vestidos de Invierno","author":"Mar\u00eda \u2665Oui Oui\u2665","date":"22 noviembre, 2013","format":false,"excerpt":"Cada vez me gustan m\u00e1s las bodas de oto\u00f1o e invierno, tanto como invitada como de novia (si me volviera a casar varias veces, que para la primera reboda ya tenemos el sitio y es mejor en verano ;) ). Este a\u00f1o, cuando parec\u00eda que ya no habr\u00eda casi bodas\u2026","rel":"","context":"En \u00abBoda\u00bb","block_context":{"text":"Boda","link":"https:\/\/oui-oui.es\/blog\/category\/fiestas-celebraciones\/boda\/"},"img":{"alt_text":"","src":"https:\/\/i0.wp.com\/oui-oui.es\/blog\/wp-content\/uploads\/oui-oui-invitadas-de-invierno-vestidos-boda-invierno-kolonaki-vestido-largo-rosa.jpg?resize=350%2C200&ssl=1","width":350,"height":200,"srcset":"https:\/\/i0.wp.com\/oui-oui.es\/blog\/wp-content\/uploads\/oui-oui-invitadas-de-invierno-vestidos-boda-invierno-kolonaki-vestido-largo-rosa.jpg?resize=350%2C200&ssl=1 1x, https:\/\/i0.wp.com\/oui-oui.es\/blog\/wp-content\/uploads\/oui-oui-invitadas-de-invierno-vestidos-boda-invierno-kolonaki-vestido-largo-rosa.jpg?resize=525%2C300&ssl=1 1.5x, https:\/\/i0.wp.com\/oui-oui.es\/blog\/wp-content\/uploads\/oui-oui-invitadas-de-invierno-vestidos-boda-invierno-kolonaki-vestido-largo-rosa.jpg?resize=700%2C400&ssl=1 2x"},"classes":[]},{"id":449,"url":"https:\/\/oui-oui.es\/blog\/5-cosas-que-hacer-nada-mas-comprometerte\/","url_meta":{"origin":1342,"position":5},"title":"5 cosas que hacer nada m\u00e1s comprometerte","author":"Mar\u00eda \u2665Oui Oui\u2665","date":"16 enero, 2013","format":false,"excerpt":"Hoy hace dos a\u00f1os que anunciamos p\u00fablicamente que est\u00e1bamos comprometidos y que nos cas\u00e1bamos en ocho meses. Digo p\u00fablicamente porque \u00c1lvaro me lo pidi\u00f3 una semana antes, pero est\u00e1bamos esquiando, solos fuera de Espa\u00f1a, y fu\u00e9 nuestro secreto durante una semana. Una de las cosas que recuerdo con m\u00e1s ilusi\u00f3n\u2026","rel":"","context":"En \u00abBoda\u00bb","block_context":{"text":"Boda","link":"https:\/\/oui-oui.es\/blog\/category\/fiestas-celebraciones\/boda\/"},"img":{"alt_text":"","src":"https:\/\/i0.wp.com\/oui-oui.es\/blog\/wp-content\/uploads\/oui-oui-blog-taza-casate-conmigo.jpg?resize=350%2C200&ssl=1","width":350,"height":200,"srcset":"https:\/\/i0.wp.com\/oui-oui.es\/blog\/wp-content\/uploads\/oui-oui-blog-taza-casate-conmigo.jpg?resize=350%2C200&ssl=1 1x, https:\/\/i0.wp.com\/oui-oui.es\/blog\/wp-content\/uploads\/oui-oui-blog-taza-casate-conmigo.jpg?resize=525%2C300&ssl=1 1.5x"},"classes":[]}],"_links":{"self":[{"href":"https:\/\/oui-oui.es\/blog\/wp-json\/wp\/v2\/posts\/1342","targetHints":{"allow":["GET"]}}],"collection":[{"href":"https:\/\/oui-oui.es\/blog\/wp-json\/wp\/v2\/posts"}],"about":[{"href":"https:\/\/oui-oui.es\/blog\/wp-json\/wp\/v2\/types\/post"}],"author":[{"embeddable":true,"href":"https:\/\/oui-oui.es\/blog\/wp-json\/wp\/v2\/users\/1"}],"replies":[{"embeddable":true,"href":"https:\/\/oui-oui.es\/blog\/wp-json\/wp\/v2\/comments?post=1342"}],"version-history":[{"count":1,"href":"https:\/\/oui-oui.es\/blog\/wp-json\/wp\/v2\/posts\/1342\/revisions"}],"predecessor-version":[{"id":3233,"href":"https:\/\/oui-oui.es\/blog\/wp-json\/wp\/v2\/posts\/1342\/revisions\/3233"}],"wp:featuredmedia":[{"embeddable":true,"href":"https:\/\/oui-oui.es\/blog\/wp-json\/wp\/v2\/media\/3232"}],"wp:attachment":[{"href":"https:\/\/oui-oui.es\/blog\/wp-json\/wp\/v2\/media?parent=1342"}],"wp:term":[{"taxonomy":"category","embeddable":true,"href":"https:\/\/oui-oui.es\/blog\/wp-json\/wp\/v2\/categories?post=1342"},{"taxonomy":"post_tag","embeddable":true,"href":"https:\/\/oui-oui.es\/blog\/wp-json\/wp\/v2\/tags?post=1342"}],"curies":[{"name":"wp","href":"https:\/\/api.w.org\/{rel}","templated":true}]}}