{"id":1589,"date":"2014-09-12T00:37:22","date_gmt":"2014-09-11T22:37:22","guid":{"rendered":"http:\/\/ouiouiblog.wordpress.com\/?p=1589"},"modified":"2015-09-02T16:20:52","modified_gmt":"2015-09-02T14:20:52","slug":"querido-martin","status":"publish","type":"post","link":"https:\/\/oui-oui.es\/blog\/querido-martin\/","title":{"rendered":"Querido Mart\u00edn"},"content":{"rendered":"<div id=\"attachment_1590\" style=\"width: 417px\" class=\"wp-caption alignnone\"><a href=\"https:\/\/ouiouiblog.files.wordpress.com\/2014\/09\/primera-foto-de-martc3adn1.jpg\"><img loading=\"lazy\" decoding=\"async\" aria-describedby=\"caption-attachment-1590\" class=\"wp-image-1590 size-full\" src=\"http:\/\/ouiouiblog.files.wordpress.com\/2014\/09\/primera-foto-de-martc3adn1.jpg\" alt=\"Todos los derechos reservados, si quieres utilizar la foto, pidenos permiso por email.Gracias\" width=\"407\" height=\"543\" \/><\/a><p id=\"caption-attachment-1590\" class=\"wp-caption-text\">Todos los derechos reservados.<\/p><\/div>\n<p>Hace un a\u00f1o vivimos la experiencia m\u00e1s incre\u00edble de nuestras vidas, despu\u00e9s de dos d\u00edas duros intentando que salieras, viniste al mundo de madrugada. Nada m\u00e1s salir te acercaron a mi, y recuerdo los mil besos que te di antes de que te llevaran con pap\u00e1 para que te diera calor mientras yo me recuperaba. Pap\u00e1 siempre recuerda c\u00f3mo te resbalabas por su pecho y yo recuerdo el primer momento juntos los tres, por la ma\u00f1ana (desde el principio dormiste much\u00edsimo y no sabes lo que te lo agradezco) en el cambiador del hospital, mientras te mir\u00e1bamos muriendo de amor (en ese momento conocimos el significado real de la expresi\u00f3n), tanto amor, que dol\u00eda.<\/p>\n<p>Desde entonces cada d\u00eda ha sido una experiencia, nos lo has hecho muy f\u00e1cil, tan f\u00e1cil que tememos que seas un <em>beb\u00e9 trampa.<\/em>Has aguantado pop ups dentro y fuera de la tripa, no te has quejado (casi) cuando te he <em>obligado<\/em> a compartir el carrito con productos de la tienda, cuando te dejaba en la mini cuna de la oficina mientras sacaba pedidos o cuando has esperado fuera con el portero&#8230;Hasta cuando te disfrac\u00e9 dos veces el mismo d\u00eda en Carnaval!<\/p>\n<p>Y ya ha pasado un a\u00f1o, un a\u00f1o que ha pasado volando y que me deja sin mi beb\u00e9 (s\u00ed, se que esto es <em>muy de madre<\/em>, pero no puede ser m\u00e1s cierto), recuerdo nuestros momentos dando el pecho delante de la chimenea, la primera vez que te pusiste malito y que te quedaste dormido en mis brazos durante tres horas (cu\u00e1nto echo eso de menos ahora!), tambi\u00e9n tus primeras carcajadas en Navidad, las ma\u00f1anas en la cama los tres y nuestra primera vez en bici juntos&#8230;Y podr\u00eda estar enumerando mil momentos m\u00e1s.<\/p>\n<p>Nos has cambiado para siempre, no s\u00e9 si soy mejor persona, pero si soy mucho menos ego\u00edsta (naciste el d\u00eda de mi Santo y ya se me ha olvidado que antes lo celebraba&#8230;Menos mal que la abuela estaba hoy para record\u00e1rmelo!), me has hecho ser mucho m\u00e1s sensible (creo que fu\u00ed la \u00fanica madre de tu clase que llor\u00f3 al dejarte en la guarder\u00eda con la vuela al cole, espero aprender a controlarme para cuando vayas de campamento)&#8230;S\u00f3lo puedo darte las gracias.<\/p>\n<p>El otro d\u00eda le\u00eda que Charlize Theron dec\u00eda <em>\u00aba mi hijo quiero ense\u00f1arle a ser independiente, gracias a que mi madre lo hizo conmigo, hoy soy qui\u00e9n soy\u00bb<\/em>&#8230;Y no puedo estar m\u00e1s de acuerdo, ese es mi dif\u00edcil prop\u00f3sito, que seas feliz e independiente, poner en tu camino todas las herramientas posibles para que contruyas el tuyo propio, aunque ahora s\u00f3lo me apetezca seguir achuch\u00e1ndote y d\u00e1ndote mordisquitos \ud83d\ude42<\/p>\n<p>Que tengas un muy feliz d\u00eda de cumplea\u00f1os, mi amor.<\/p>\n<p>Te quiero<\/p>\n<p>Mam\u00e1<\/p>\n","protected":false},"excerpt":{"rendered":"<p>Hace un a\u00f1o vivimos la experiencia m\u00e1s incre\u00edble de nuestras vidas, despu\u00e9s de dos d\u00edas duros intentando que salieras, viniste al mundo de madrugada. Nada m\u00e1s salir te acercaron a mi, y recuerdo los mil besos que te di antes de que te llevaran con pap\u00e1 para que te diera calor mientras yo me recuperaba. [&hellip;]<\/p>\n","protected":false},"author":1,"featured_media":3200,"comment_status":"open","ping_status":"open","sticky":false,"template":"","format":"standard","meta":{"jetpack_post_was_ever_published":false,"_jetpack_newsletter_access":"","_jetpack_dont_email_post_to_subs":false,"_jetpack_newsletter_tier_id":0,"_jetpack_memberships_contains_paywalled_content":false,"_jetpack_memberships_contains_paid_content":false,"footnotes":"","jetpack_publicize_message":"","jetpack_publicize_feature_enabled":true,"jetpack_social_post_already_shared":false,"jetpack_social_options":{"image_generator_settings":{"template":"highway","default_image_id":0,"font":"","enabled":false},"version":2}},"categories":[174],"tags":[],"class_list":["post-1589","post","type-post","status-publish","format-standard","has-post-thumbnail","hentry","category-ninos"],"aioseo_notices":[],"jetpack_publicize_connections":[],"jetpack_featured_media_url":"https:\/\/oui-oui.es\/blog\/wp-content\/uploads\/2014\/09\/primera-foto-de-martc3adn1.jpg","jetpack_sharing_enabled":true,"jetpack-related-posts":[{"id":9962,"url":"https:\/\/oui-oui.es\/blog\/el-tratamiento-que-ha-recuperado-y-alisado-mi-cabello-fosco\/","url_meta":{"origin":1589,"position":0},"title":"El tratamiento que ha recuperado y alisado mi cabello fosco","author":"Mar\u00eda \u2665Oui Oui\u2665","date":"21 junio, 2019","format":false,"excerpt":"Tengo el pelo fosco desde peque\u00f1a, con rizos rebeldes en el flequillo y en la coronilla, si ten\u00e9is el pelo as\u00ed sab\u00e9is de lo que hablo...Desde que me alcanza la memoria recuerdo hacer cosas para intentar alisar mi pelo...Horas de secador, planchar el pelo con la plancha de la ropa,\u2026","rel":"","context":"En \u00abA una futura novia\u00bb","block_context":{"text":"A una futura novia","link":"https:\/\/oui-oui.es\/blog\/category\/no-se-que-regalar\/a-una-futura-novia\/"},"img":{"alt_text":"","src":"https:\/\/i0.wp.com\/oui-oui.es\/blog\/wp-content\/uploads\/2019\/06\/035ElenaBau_ItziarAeguilera.jpg?resize=350%2C200&ssl=1","width":350,"height":200,"srcset":"https:\/\/i0.wp.com\/oui-oui.es\/blog\/wp-content\/uploads\/2019\/06\/035ElenaBau_ItziarAeguilera.jpg?resize=350%2C200&ssl=1 1x, https:\/\/i0.wp.com\/oui-oui.es\/blog\/wp-content\/uploads\/2019\/06\/035ElenaBau_ItziarAeguilera.jpg?resize=525%2C300&ssl=1 1.5x, https:\/\/i0.wp.com\/oui-oui.es\/blog\/wp-content\/uploads\/2019\/06\/035ElenaBau_ItziarAeguilera.jpg?resize=700%2C400&ssl=1 2x, https:\/\/i0.wp.com\/oui-oui.es\/blog\/wp-content\/uploads\/2019\/06\/035ElenaBau_ItziarAeguilera.jpg?resize=1050%2C600&ssl=1 3x, https:\/\/i0.wp.com\/oui-oui.es\/blog\/wp-content\/uploads\/2019\/06\/035ElenaBau_ItziarAeguilera.jpg?resize=1400%2C800&ssl=1 4x"},"classes":[]},{"id":666,"url":"https:\/\/oui-oui.es\/blog\/oui-oui-en-los-zankyou-international-wedding-awards-2013\/","url_meta":{"origin":1589,"position":1},"title":"Oui Oui en los Zankyou International Wedding Awards 2013!!","author":"Mar\u00eda \u2665Oui Oui\u2665","date":"25 abril, 2013","format":false,"excerpt":"Ayer me escribieron desde Zankyou Bodas para darme la s\u00faper buena noticia de que Oui Oui hab\u00eda sido seleccionado como uno de los 99 blogs de bodas m\u00e1s originales del mundo!!!...Elegidos por las 18 editoras en los pa\u00edses que Zankyou tiene presencia, en Espa\u00f1a hemos sido \"galardonados\" 12 blogs, as\u00ed\u2026","rel":"","context":"En \u00abOUI OUI\u00bb","block_context":{"text":"OUI OUI","link":"https:\/\/oui-oui.es\/blog\/category\/oui-oui\/"},"img":{"alt_text":"Oui Oui-ganador 99 mejores blog del mundo-zank you","src":"https:\/\/ouiouiblog.files.wordpress.com\/2013\/04\/oui-oui-ganador-99-mejores-blog-del-mundo-zank-you.png?w=350&h=200&crop=1","width":350,"height":200},"classes":[]},{"id":9704,"url":"https:\/\/oui-oui.es\/blog\/las-etapas-de-una-reforma\/","url_meta":{"origin":1589,"position":2},"title":"Las etapas de una reforma","author":"Mar\u00eda \u2665Oui Oui\u2665","date":"26 marzo, 2019","format":false,"excerpt":"Fotograf\u00eda de Elena Bau Llevo mucho tiempo sin escribir en el blog, lo cierto es que no me parec\u00eda tanto hasta que he entrado y he visto el \u00faltimo post, pero es lo que tiene estar de obra, vivir fuera de tu zona de comfort, tener tu propia empresa y,\u2026","rel":"","context":"En \u00abDECORACI\u00d3N\u00bb","block_context":{"text":"DECORACI\u00d3N","link":"https:\/\/oui-oui.es\/blog\/category\/decoracion-de-casa\/"},"img":{"alt_text":"","src":"https:\/\/i0.wp.com\/oui-oui.es\/blog\/wp-content\/uploads\/2019\/03\/Oui-Oui-reforma-oui-oui-mercedes-arsuaga-reformas-RUAN-Foto-Elena-Bau-46.jpg?resize=350%2C200&ssl=1","width":350,"height":200,"srcset":"https:\/\/i0.wp.com\/oui-oui.es\/blog\/wp-content\/uploads\/2019\/03\/Oui-Oui-reforma-oui-oui-mercedes-arsuaga-reformas-RUAN-Foto-Elena-Bau-46.jpg?resize=350%2C200&ssl=1 1x, https:\/\/i0.wp.com\/oui-oui.es\/blog\/wp-content\/uploads\/2019\/03\/Oui-Oui-reforma-oui-oui-mercedes-arsuaga-reformas-RUAN-Foto-Elena-Bau-46.jpg?resize=525%2C300&ssl=1 1.5x, https:\/\/i0.wp.com\/oui-oui.es\/blog\/wp-content\/uploads\/2019\/03\/Oui-Oui-reforma-oui-oui-mercedes-arsuaga-reformas-RUAN-Foto-Elena-Bau-46.jpg?resize=700%2C400&ssl=1 2x, https:\/\/i0.wp.com\/oui-oui.es\/blog\/wp-content\/uploads\/2019\/03\/Oui-Oui-reforma-oui-oui-mercedes-arsuaga-reformas-RUAN-Foto-Elena-Bau-46.jpg?resize=1050%2C600&ssl=1 3x, https:\/\/i0.wp.com\/oui-oui.es\/blog\/wp-content\/uploads\/2019\/03\/Oui-Oui-reforma-oui-oui-mercedes-arsuaga-reformas-RUAN-Foto-Elena-Bau-46.jpg?resize=1400%2C800&ssl=1 4x"},"classes":[]},{"id":10574,"url":"https:\/\/oui-oui.es\/blog\/recuerdos-de-verano\/","url_meta":{"origin":1589,"position":3},"title":"Recuerdos de verano","author":"Mar\u00eda \u2665Oui Oui\u2665","date":"23 julio, 2020","format":false,"excerpt":"No s\u00e9 si os pasa a vosotros, pero el verano es una \u00e9poca que no se olvida, a\u00f1o tras a\u00f1o. No recuerdas igual el resto de las estaciones\u2026 \u00bfQu\u00e9 hiciste la primavera del \u00faltimo a\u00f1o de Bachillerato? \u00bfy el oto\u00f1o del primer a\u00f1o de carrera? Yo no me acuerdo\u2026Del invierno\u2026","rel":"","context":"En \u00abSin categor\u00eda\u00bb","block_context":{"text":"Sin categor\u00eda","link":"https:\/\/oui-oui.es\/blog\/category\/sin-categoria\/"},"img":{"alt_text":"","src":"https:\/\/i0.wp.com\/oui-oui.es\/blog\/wp-content\/uploads\/2020\/07\/Bajar-el-rio-en-donuts.jpg?resize=350%2C200&ssl=1","width":350,"height":200},"classes":[]},{"id":3428,"url":"https:\/\/oui-oui.es\/blog\/como-sobrevivir-al-momento-mananas-con-hijos-pequenos\/","url_meta":{"origin":1589,"position":4},"title":"C\u00f3mo sobrevivir al momento \u00abma\u00f1anas\u00bb con hijos peque\u00f1os","author":"Mar\u00eda \u2665Oui Oui\u2665","date":"5 octubre, 2015","format":false,"excerpt":"Recuerdo una madre de la anterior guarder\u00eda de Mart\u00edn a la que ve\u00eda llegar en un buen coche, con un ni\u00f1o tranquilo, a una hora que no parec\u00eda que tuviera agobio por llegar a trabajar (es lo que tiene ser aut\u00f3nomo, que puedes dejarles en la guarde a las 9.30\u2026","rel":"","context":"En \u00abMATERNIDAD\u00bb","block_context":{"text":"MATERNIDAD","link":"https:\/\/oui-oui.es\/blog\/category\/maternidad\/"},"img":{"alt_text":"","src":"https:\/\/i0.wp.com\/oui-oui.es\/blog\/wp-content\/uploads\/2015\/10\/Oui-Oui-a-la-guarde-sin-prisas-babyoui-caf%C3%A9.jpg?resize=350%2C200&ssl=1","width":350,"height":200,"srcset":"https:\/\/i0.wp.com\/oui-oui.es\/blog\/wp-content\/uploads\/2015\/10\/Oui-Oui-a-la-guarde-sin-prisas-babyoui-caf%C3%A9.jpg?resize=350%2C200&ssl=1 1x, https:\/\/i0.wp.com\/oui-oui.es\/blog\/wp-content\/uploads\/2015\/10\/Oui-Oui-a-la-guarde-sin-prisas-babyoui-caf%C3%A9.jpg?resize=525%2C300&ssl=1 1.5x, https:\/\/i0.wp.com\/oui-oui.es\/blog\/wp-content\/uploads\/2015\/10\/Oui-Oui-a-la-guarde-sin-prisas-babyoui-caf%C3%A9.jpg?resize=700%2C400&ssl=1 2x, https:\/\/i0.wp.com\/oui-oui.es\/blog\/wp-content\/uploads\/2015\/10\/Oui-Oui-a-la-guarde-sin-prisas-babyoui-caf%C3%A9.jpg?resize=1050%2C600&ssl=1 3x"},"classes":[]},{"id":5247,"url":"https:\/\/oui-oui.es\/blog\/5247-2\/","url_meta":{"origin":1589,"position":5},"title":"Somos Equipo y, por tanto, corresponsables","author":"Mar\u00eda \u2665Oui Oui\u2665","date":"29 marzo, 2017","format":false,"excerpt":"\u00a0 Llevo queriendo escribir este post desde el mismo d\u00eda que acud\u00ed a la presentaci\u00f3n del II Estudio de la Asociaci\u00f3n Yo No Renuncio, creada por el Club de las Malas Madres. El estudio \"Somos Equipo\" recog\u00eda los resultados de la macro encuesta que hab\u00edan realizado unos meses antes en\u2026","rel":"","context":"En \u00abMATERNIDAD\u00bb","block_context":{"text":"MATERNIDAD","link":"https:\/\/oui-oui.es\/blog\/category\/maternidad\/"},"img":{"alt_text":"","src":"https:\/\/i0.wp.com\/oui-oui.es\/blog\/wp-content\/uploads\/2017\/03\/Oui-Oui-Yo-no-renuncio-responsable-tareas-domesticas-aportacion-al-hogar.jpg?resize=350%2C200&ssl=1","width":350,"height":200,"srcset":"https:\/\/i0.wp.com\/oui-oui.es\/blog\/wp-content\/uploads\/2017\/03\/Oui-Oui-Yo-no-renuncio-responsable-tareas-domesticas-aportacion-al-hogar.jpg?resize=350%2C200&ssl=1 1x, https:\/\/i0.wp.com\/oui-oui.es\/blog\/wp-content\/uploads\/2017\/03\/Oui-Oui-Yo-no-renuncio-responsable-tareas-domesticas-aportacion-al-hogar.jpg?resize=525%2C300&ssl=1 1.5x, https:\/\/i0.wp.com\/oui-oui.es\/blog\/wp-content\/uploads\/2017\/03\/Oui-Oui-Yo-no-renuncio-responsable-tareas-domesticas-aportacion-al-hogar.jpg?resize=700%2C400&ssl=1 2x"},"classes":[]}],"_links":{"self":[{"href":"https:\/\/oui-oui.es\/blog\/wp-json\/wp\/v2\/posts\/1589","targetHints":{"allow":["GET"]}}],"collection":[{"href":"https:\/\/oui-oui.es\/blog\/wp-json\/wp\/v2\/posts"}],"about":[{"href":"https:\/\/oui-oui.es\/blog\/wp-json\/wp\/v2\/types\/post"}],"author":[{"embeddable":true,"href":"https:\/\/oui-oui.es\/blog\/wp-json\/wp\/v2\/users\/1"}],"replies":[{"embeddable":true,"href":"https:\/\/oui-oui.es\/blog\/wp-json\/wp\/v2\/comments?post=1589"}],"version-history":[{"count":1,"href":"https:\/\/oui-oui.es\/blog\/wp-json\/wp\/v2\/posts\/1589\/revisions"}],"predecessor-version":[{"id":3201,"href":"https:\/\/oui-oui.es\/blog\/wp-json\/wp\/v2\/posts\/1589\/revisions\/3201"}],"wp:featuredmedia":[{"embeddable":true,"href":"https:\/\/oui-oui.es\/blog\/wp-json\/wp\/v2\/media\/3200"}],"wp:attachment":[{"href":"https:\/\/oui-oui.es\/blog\/wp-json\/wp\/v2\/media?parent=1589"}],"wp:term":[{"taxonomy":"category","embeddable":true,"href":"https:\/\/oui-oui.es\/blog\/wp-json\/wp\/v2\/categories?post=1589"},{"taxonomy":"post_tag","embeddable":true,"href":"https:\/\/oui-oui.es\/blog\/wp-json\/wp\/v2\/tags?post=1589"}],"curies":[{"name":"wp","href":"https:\/\/api.w.org\/{rel}","templated":true}]}}