{"id":1617,"date":"2014-09-22T00:00:00","date_gmt":"2014-09-21T22:00:00","guid":{"rendered":"http:\/\/ouiouiblog.wordpress.com\/?p=1617"},"modified":"2015-09-02T16:19:18","modified_gmt":"2015-09-02T14:19:18","slug":"el-finde-nos-vamos-a-malasana","status":"publish","type":"post","link":"https:\/\/oui-oui.es\/blog\/el-finde-nos-vamos-a-malasana\/","title":{"rendered":"El finde nos vamos a Malasa\u00f1a"},"content":{"rendered":"<p><a href=\"https:\/\/ouiouiblog.files.wordpress.com\/2014\/09\/oui-oui-en-malakids-septiembre-2014.jpg\"><img loading=\"lazy\" decoding=\"async\" class=\"alignnone size-full wp-image-1618\" src=\"http:\/\/ouiouiblog.files.wordpress.com\/2014\/09\/oui-oui-en-malakids-septiembre-2014.jpg\" alt=\"Oui Oui en Malakids septiembre 2014\" width=\"497\" height=\"710\" \/><\/a><\/p>\n<p>Cuando a\u00fan no nos hemos recueprado de este finde, vengo yo y os propongo un plan para el que viene&#8230;Pero quiero hacerlo con tiempo para que pod\u00e1is organizaros \ud83d\ude09<\/p>\n<p>\u00bfDe qu\u00e9 se trata?, es un <strong>planazo de barrio para ni\u00f1os y mayores en Malasa\u00f1a<\/strong>,\u00a0 la 2\u00aa Edici\u00f3n de <a href=\"http:\/\/kideoo.com\/malakids\/\" target=\"_blank\"><strong>Malakids<\/strong><\/a>; el mayor Festival Urbano para familias que se celebra en Madrid. <strong>Un Festival que trata de reivindicar el centro de Madrid para las familias y revitalizar su actividad vecinal, comercial y cultural.<\/strong><\/p>\n<p><a href=\"https:\/\/ouiouiblog.files.wordpress.com\/2014\/09\/oui-oui-en-malakids-septiembre-2014-1.jpg\"><img loading=\"lazy\" decoding=\"async\" class=\"alignnone size-full wp-image-1619\" src=\"http:\/\/ouiouiblog.files.wordpress.com\/2014\/09\/oui-oui-en-malakids-septiembre-2014-1.jpg\" alt=\"Oui Oui en Malakids septiembre 2014-1\" width=\"427\" height=\"640\" \/><\/a><\/p>\n<p>Con <strong>conciertos, talleres, actividades<\/strong>&#8230;Y un Market muy chulo para ni\u00f1os en que estar\u00e1 <a href=\"http:\/\/www.oui-oui.es\/\" target=\"_blank\"><strong>Oui Oui<\/strong><\/a>, nos perdimos la primera edici\u00f3n de <strong><a href=\"http:\/\/www.kideoo.com\/plan\/malakids-festival-urbano-para-familias-malasana\/\" target=\"_blank\">Malakids<\/a><\/strong> pero en la segunda quer\u00edamos estar!, as\u00ed que all\u00ed nos vamos con todos nuestros <strong>productos para ni\u00f1os<\/strong>, estaremos el <strong>s\u00e1bado 27 y el domingo 28<\/strong> de septiembre en la sede del COAM (Hortaleza, 63 Madrid &#8211; Metro Alonso Martinez\/Tribunal), de 11 a 20h.<\/p>\n<p>Por su puesto tendremos nuestras <a href=\"http:\/\/www.oui-oui.es\/29-puertas-ratoncito-perez\" target=\"_blank\"><strong>puertas para el ratoncito P\u00e9rez<\/strong><\/a> (las aut\u00e9nticas), las <a href=\"http:\/\/www.oui-oui.es\/buscar?orderby=position&amp;orderway=desc&amp;search_query=l%C3%A1mpara+conejito&amp;submit_search.x=0&amp;submit_search.y=0\" target=\"_blank\"><strong>l\u00e1mparas conejito<\/strong><\/a>, la <a href=\"http:\/\/www.oui-oui.es\/detalles-ninos\/725-jirafa-sophie.html\" target=\"_blank\"><strong>jirafa Sophie<\/strong><\/a>, las <a href=\"http:\/\/www.oui-oui.es\/buscar?orderby=position&amp;orderway=desc&amp;search_query=cabeza+peluche&amp;submit_search.x=0&amp;submit_search.y=0\" target=\"_blank\"><strong>cabezas de peluche<\/strong><\/a> para la pared, el <a href=\"http:\/\/www.oui-oui.es\/detalles-ninos\/705-biberon-frapuccino.html\" target=\"_blank\"><strong>biber\u00f3n frapuccino<\/strong><\/a>, maletas&#8230;Y varias sorpresas m\u00e1s!<\/p>\n<p><a href=\"https:\/\/ouiouiblog.files.wordpress.com\/2014\/09\/oui-oui-4.jpg\"><img loading=\"lazy\" decoding=\"async\" class=\"alignnone size-full wp-image-1622\" src=\"http:\/\/ouiouiblog.files.wordpress.com\/2014\/09\/oui-oui-4.jpg\" alt=\"Puertas ratoncito Perez\" width=\"400\" height=\"400\" \/><\/a><\/p>\n<p><a href=\"https:\/\/ouiouiblog.files.wordpress.com\/2014\/09\/oui-oui-biberon-agua-starbucks-starbucks-sippy-cup-vaso-starbucks-bebe.jpg\"><img loading=\"lazy\" decoding=\"async\" class=\"alignnone size-full wp-image-1621\" src=\"http:\/\/ouiouiblog.files.wordpress.com\/2014\/09\/oui-oui-biberon-agua-starbucks-starbucks-sippy-cup-vaso-starbucks-bebe.jpg\" alt=\"Oui Oui-biberon agua starbucks-starbucks sippy cup-vaso starbucks bebe\" width=\"543\" height=\"543\" \/><\/a><\/p>\n<p>Estar\u00e9 todo el d\u00eda en el stand (os espero!!), excepto el domingo a medio d\u00eda que me escapar\u00e9 para ir al concierto de <a href=\"http:\/\/kideoo.com\/malakids\/programa\/weeride-presenta-a-petit-pop-en-concierto\/\" target=\"_blank\"><strong>Petit Pop<\/strong><\/a> con Mart\u00edn que me apetece un mont\u00f3n!, si te animas nos vemos all\u00ed tambi\u00e9n! <a href=\"http:\/\/www.kideoo.com\/blog\/el-escenario-kideoo-en-malakids\/\" target=\"_blank\">Aqu\u00ed puedes ver el programa de conciertos de Malakids 2014<\/a><\/p>\n<p><a href=\"https:\/\/ouiouiblog.files.wordpress.com\/2014\/09\/oui-oui-en-malakids-septiembre-2014-2.jpg\"><img loading=\"lazy\" decoding=\"async\" class=\"alignnone size-full wp-image-1620\" src=\"http:\/\/ouiouiblog.files.wordpress.com\/2014\/09\/oui-oui-en-malakids-septiembre-2014-2.jpg\" alt=\"Oui Oui en Malakids septiembre 2014-2\" width=\"355\" height=\"628\" \/><\/a><\/p>\n","protected":false},"excerpt":{"rendered":"<p>Cuando a\u00fan no nos hemos recueprado de este finde, vengo yo y os propongo un plan para el que viene&#8230;Pero quiero hacerlo con tiempo para que pod\u00e1is organizaros \ud83d\ude09 \u00bfDe qu\u00e9 se trata?, es un planazo de barrio para ni\u00f1os y mayores en Malasa\u00f1a,\u00a0 la 2\u00aa Edici\u00f3n de Malakids; el mayor Festival Urbano para familias [&hellip;]<\/p>\n","protected":false},"author":1,"featured_media":3194,"comment_status":"open","ping_status":"open","sticky":false,"template":"","format":"standard","meta":{"jetpack_post_was_ever_published":false,"_jetpack_newsletter_access":"","_jetpack_dont_email_post_to_subs":false,"_jetpack_newsletter_tier_id":0,"_jetpack_memberships_contains_paywalled_content":false,"_jetpack_memberships_contains_paid_content":false,"footnotes":"","jetpack_publicize_message":"","jetpack_publicize_feature_enabled":true,"jetpack_social_post_already_shared":false,"jetpack_social_options":{"image_generator_settings":{"template":"highway","default_image_id":0,"font":"","enabled":false},"version":2}},"categories":[174,13],"tags":[700,340],"class_list":["post-1617","post","type-post","status-publish","format-standard","has-post-thumbnail","hentry","category-ninos","category-oui-oui","tag-compras-bebe","tag-puertas-ratoncito-perez"],"aioseo_notices":[],"jetpack_publicize_connections":[],"jetpack_featured_media_url":"https:\/\/oui-oui.es\/blog\/wp-content\/uploads\/2014\/09\/oui-oui-biberon-agua-starbucks-starbucks-sippy-cup-vaso-starbucks-bebe.jpg","jetpack_sharing_enabled":true,"jetpack-related-posts":[{"id":2792,"url":"https:\/\/oui-oui.es\/blog\/polos-artesanos-en-madrid-lolo-polos\/","url_meta":{"origin":1617,"position":0},"title":"Polos artesanos en Madrid | Lolo Polos","author":"Mar\u00eda \u2665Oui Oui\u2665","date":"24 julio, 2015","format":false,"excerpt":"Las cosas bonitas son m\u00e1s apetecibles, eso es as\u00ed. Este verano ten\u00eda ganas de polos de fruta, naturales, artesanos...Me apetece hacerlos cuando me suba a la Sierra y me apetec\u00eda probar los de Lolo Polos desde que vi las preciosas fotos de su tienda y las apetecibles combinaciones de sabores\u2026","rel":"","context":"En \u00abESTILO DE VIDA\u00bb","block_context":{"text":"ESTILO DE VIDA","link":"https:\/\/oui-oui.es\/blog\/category\/lifestyle-2\/"},"img":{"alt_text":"","src":"https:\/\/i0.wp.com\/oui-oui.es\/blog\/wp-content\/uploads\/Oui-Oui-polos-malasa%C3%B1a-lolo-polos-e1438282279295.jpg?resize=350%2C200&ssl=1","width":350,"height":200,"srcset":"https:\/\/i0.wp.com\/oui-oui.es\/blog\/wp-content\/uploads\/Oui-Oui-polos-malasa%C3%B1a-lolo-polos-e1438282279295.jpg?resize=350%2C200&ssl=1 1x, https:\/\/i0.wp.com\/oui-oui.es\/blog\/wp-content\/uploads\/Oui-Oui-polos-malasa%C3%B1a-lolo-polos-e1438282279295.jpg?resize=525%2C300&ssl=1 1.5x, https:\/\/i0.wp.com\/oui-oui.es\/blog\/wp-content\/uploads\/Oui-Oui-polos-malasa%C3%B1a-lolo-polos-e1438282279295.jpg?resize=700%2C400&ssl=1 2x, https:\/\/i0.wp.com\/oui-oui.es\/blog\/wp-content\/uploads\/Oui-Oui-polos-malasa%C3%B1a-lolo-polos-e1438282279295.jpg?resize=1050%2C600&ssl=1 3x, https:\/\/i0.wp.com\/oui-oui.es\/blog\/wp-content\/uploads\/Oui-Oui-polos-malasa%C3%B1a-lolo-polos-e1438282279295.jpg?resize=1400%2C800&ssl=1 4x"},"classes":[]},{"id":4772,"url":"https:\/\/oui-oui.es\/blog\/un-fin-de-semana-en-los-enebrales\/","url_meta":{"origin":1617,"position":1},"title":"Un fin de semana en los Enebrales","author":"Mar\u00eda \u2665Oui Oui\u2665","date":"24 octubre, 2016","format":false,"excerpt":"Me gusta que me sorprendan y reconozco que no es f\u00e1cil, por un lado soy detallista y me gusta que lo sean conmigo, y, por otro, tengo tanto contacto con caterings, restaurantes, fot\u00f3grafos, organizadores de eventos, etc...Que , aunque a los que \"estamos metidos en \u00e9sto\" nos parezca lo normal,\u2026","rel":"","context":"En \u00abBautizos\u00bb","block_context":{"text":"Bautizos","link":"https:\/\/oui-oui.es\/blog\/category\/fiestas-celebraciones\/bautizos\/"},"img":{"alt_text":"","src":"https:\/\/i0.wp.com\/oui-oui.es\/blog\/wp-content\/uploads\/2016\/10\/Oui-Oui-finca-los-enebrales-talleres-ni%C3%B1os-campo-hotel-rural-ni%C3%B1os-cerca-madrid-NG-Estudio-2.jpg?resize=350%2C200&ssl=1","width":350,"height":200,"srcset":"https:\/\/i0.wp.com\/oui-oui.es\/blog\/wp-content\/uploads\/2016\/10\/Oui-Oui-finca-los-enebrales-talleres-ni%C3%B1os-campo-hotel-rural-ni%C3%B1os-cerca-madrid-NG-Estudio-2.jpg?resize=350%2C200&ssl=1 1x, https:\/\/i0.wp.com\/oui-oui.es\/blog\/wp-content\/uploads\/2016\/10\/Oui-Oui-finca-los-enebrales-talleres-ni%C3%B1os-campo-hotel-rural-ni%C3%B1os-cerca-madrid-NG-Estudio-2.jpg?resize=525%2C300&ssl=1 1.5x, https:\/\/i0.wp.com\/oui-oui.es\/blog\/wp-content\/uploads\/2016\/10\/Oui-Oui-finca-los-enebrales-talleres-ni%C3%B1os-campo-hotel-rural-ni%C3%B1os-cerca-madrid-NG-Estudio-2.jpg?resize=700%2C400&ssl=1 2x, https:\/\/i0.wp.com\/oui-oui.es\/blog\/wp-content\/uploads\/2016\/10\/Oui-Oui-finca-los-enebrales-talleres-ni%C3%B1os-campo-hotel-rural-ni%C3%B1os-cerca-madrid-NG-Estudio-2.jpg?resize=1050%2C600&ssl=1 3x"},"classes":[]},{"id":2544,"url":"https:\/\/oui-oui.es\/blog\/3-hoteles-con-encanto-para-ir-con-ninos-cerca-de-madrid\/","url_meta":{"origin":1617,"position":2},"title":"3 hoteles con encanto para ir con ni\u00f1os cerca de Madrid","author":"Mar\u00eda \u2665Oui Oui\u2665","date":"4 junio, 2015","format":false,"excerpt":"Parece que las palabras ni\u00f1os y \"con encanto\" son incompatibles, pero yo me niego a ello, as\u00ed que voy a intentar recopilar en el blog todas las direcciones \"con encanto\" (al final es el t\u00e9rmino de b\u00fasqueda, porque cuando pongo \"hoteles monos\" salen hoteles CON monos...jajaja) que vaya descubriendo, porque\u2026","rel":"","context":"En \u00abESTILO DE VIDA\u00bb","block_context":{"text":"ESTILO DE VIDA","link":"https:\/\/oui-oui.es\/blog\/category\/lifestyle-2\/"},"img":{"alt_text":"","src":"https:\/\/i0.wp.com\/oui-oui.es\/blog\/wp-content\/uploads\/2015\/06\/oui-oui-hoteles-con-encanto-con-nic3b1os-madrid-candeleda-la-casa-de-los-tomillares-4.jpg?resize=350%2C200&ssl=1","width":350,"height":200,"srcset":"https:\/\/i0.wp.com\/oui-oui.es\/blog\/wp-content\/uploads\/2015\/06\/oui-oui-hoteles-con-encanto-con-nic3b1os-madrid-candeleda-la-casa-de-los-tomillares-4.jpg?resize=350%2C200&ssl=1 1x, https:\/\/i0.wp.com\/oui-oui.es\/blog\/wp-content\/uploads\/2015\/06\/oui-oui-hoteles-con-encanto-con-nic3b1os-madrid-candeleda-la-casa-de-los-tomillares-4.jpg?resize=525%2C300&ssl=1 1.5x"},"classes":[]},{"id":3655,"url":"https:\/\/oui-oui.es\/blog\/familias-urbanas-el-carrito-con-patinete\/","url_meta":{"origin":1617,"position":3},"title":"Familias urbanas | el carrito con patinete","author":"Mar\u00eda \u2665Oui Oui\u2665","date":"30 octubre, 2015","format":false,"excerpt":"Parece que los monopatines han llegado para quedarse, mirad esta opci\u00f3n de longboard con carrito para que todos nos lo pasemos como ni\u00f1os... La marca Quinny, despu\u00e9s de dos a\u00f1os de desarrollo lanza el longboardstroller, un nuevo enfoque de la movilidad de padres e hijos, m\u00e1s divertido pero con todos\u2026","rel":"","context":"En \u00abA un hombre\/ novio\/ marido\/ padre\u00bb","block_context":{"text":"A un hombre\/ novio\/ marido\/ padre","link":"https:\/\/oui-oui.es\/blog\/category\/no-se-que-regalar\/a-un-hombrenoviomaridopadre\/"},"img":{"alt_text":"","src":"https:\/\/i0.wp.com\/oui-oui.es\/blog\/wp-content\/uploads\/2015\/10\/Oui-Oui-carrito-patinete-quinny-longboardstroller-patinete-con-silla-de-ni%C3%B1o-3.jpg?resize=350%2C200&ssl=1","width":350,"height":200,"srcset":"https:\/\/i0.wp.com\/oui-oui.es\/blog\/wp-content\/uploads\/2015\/10\/Oui-Oui-carrito-patinete-quinny-longboardstroller-patinete-con-silla-de-ni%C3%B1o-3.jpg?resize=350%2C200&ssl=1 1x, https:\/\/i0.wp.com\/oui-oui.es\/blog\/wp-content\/uploads\/2015\/10\/Oui-Oui-carrito-patinete-quinny-longboardstroller-patinete-con-silla-de-ni%C3%B1o-3.jpg?resize=525%2C300&ssl=1 1.5x, https:\/\/i0.wp.com\/oui-oui.es\/blog\/wp-content\/uploads\/2015\/10\/Oui-Oui-carrito-patinete-quinny-longboardstroller-patinete-con-silla-de-ni%C3%B1o-3.jpg?resize=700%2C400&ssl=1 2x"},"classes":[]},{"id":8769,"url":"https:\/\/oui-oui.es\/blog\/este-finde-kids-up-christmas-os-esperamos\/","url_meta":{"origin":1617,"position":4},"title":"Este finde \u00a1Kids UP Christmas! Os esperamos","author":"Mar\u00eda \u2665Oui Oui\u2665","date":"14 diciembre, 2017","format":false,"excerpt":"Queda poco m\u00e1s de una semana para Navidad y la mayor\u00eda de nosotros a\u00fan no tenemos ni la mitad de los regalos, queremos hacer algo especial pero nos falta tiempo...Pues te propongo un plan para este finde \u00a1vuelve nuestra pop up infantil! KIDS UP CHRISTMAS. Un espacio, 10 marcas y\u2026","rel":"","context":"En \u00abNI\u00d1OS Y NI\u00d1AS\u00bb","block_context":{"text":"NI\u00d1OS Y NI\u00d1AS","link":"https:\/\/oui-oui.es\/blog\/category\/ninos\/"},"img":{"alt_text":"","src":"https:\/\/i0.wp.com\/oui-oui.es\/blog\/wp-content\/uploads\/2017\/12\/Oui-Oui-puerta-ratoncito-navidad-puertas-ratoncito-perez-marta-machin.jpg?resize=350%2C200&ssl=1","width":350,"height":200,"srcset":"https:\/\/i0.wp.com\/oui-oui.es\/blog\/wp-content\/uploads\/2017\/12\/Oui-Oui-puerta-ratoncito-navidad-puertas-ratoncito-perez-marta-machin.jpg?resize=350%2C200&ssl=1 1x, https:\/\/i0.wp.com\/oui-oui.es\/blog\/wp-content\/uploads\/2017\/12\/Oui-Oui-puerta-ratoncito-navidad-puertas-ratoncito-perez-marta-machin.jpg?resize=525%2C300&ssl=1 1.5x, https:\/\/i0.wp.com\/oui-oui.es\/blog\/wp-content\/uploads\/2017\/12\/Oui-Oui-puerta-ratoncito-navidad-puertas-ratoncito-perez-marta-machin.jpg?resize=700%2C400&ssl=1 2x, https:\/\/i0.wp.com\/oui-oui.es\/blog\/wp-content\/uploads\/2017\/12\/Oui-Oui-puerta-ratoncito-navidad-puertas-ratoncito-perez-marta-machin.jpg?resize=1050%2C600&ssl=1 3x, https:\/\/i0.wp.com\/oui-oui.es\/blog\/wp-content\/uploads\/2017\/12\/Oui-Oui-puerta-ratoncito-navidad-puertas-ratoncito-perez-marta-machin.jpg?resize=1400%2C800&ssl=1 4x"},"classes":[]},{"id":8876,"url":"https:\/\/oui-oui.es\/blog\/iii-kids-up-edicion-primavera\/","url_meta":{"origin":1617,"position":5},"title":"III Kids UP! | Edici\u00f3n Primavera","author":"Mar\u00eda \u2665Oui Oui\u2665","date":"5 marzo, 2018","format":false,"excerpt":"Recuerdo cuando habl\u00e1bamos de organizar una venta especial de moda y productos infantiles porque no encontr\u00e1bamos nada que nos encajara...Y, de repente...Vamos a organizar la III Edici\u00f3n de Kids UP! Como ya os cont\u00e9 en la primera edici\u00f3n, se trata de juntar marcas del mundo infantil que me gustan, no\u2026","rel":"","context":"En \u00abNI\u00d1OS Y NI\u00d1AS\u00bb","block_context":{"text":"NI\u00d1OS Y NI\u00d1AS","link":"https:\/\/oui-oui.es\/blog\/category\/ninos\/"},"img":{"alt_text":"","src":"https:\/\/i0.wp.com\/oui-oui.es\/blog\/wp-content\/uploads\/2018\/03\/Flyer-Kids-UP-Primavera-2018-Cuadrada.jpg?resize=350%2C200&ssl=1","width":350,"height":200,"srcset":"https:\/\/i0.wp.com\/oui-oui.es\/blog\/wp-content\/uploads\/2018\/03\/Flyer-Kids-UP-Primavera-2018-Cuadrada.jpg?resize=350%2C200&ssl=1 1x, https:\/\/i0.wp.com\/oui-oui.es\/blog\/wp-content\/uploads\/2018\/03\/Flyer-Kids-UP-Primavera-2018-Cuadrada.jpg?resize=525%2C300&ssl=1 1.5x, https:\/\/i0.wp.com\/oui-oui.es\/blog\/wp-content\/uploads\/2018\/03\/Flyer-Kids-UP-Primavera-2018-Cuadrada.jpg?resize=700%2C400&ssl=1 2x, https:\/\/i0.wp.com\/oui-oui.es\/blog\/wp-content\/uploads\/2018\/03\/Flyer-Kids-UP-Primavera-2018-Cuadrada.jpg?resize=1050%2C600&ssl=1 3x, https:\/\/i0.wp.com\/oui-oui.es\/blog\/wp-content\/uploads\/2018\/03\/Flyer-Kids-UP-Primavera-2018-Cuadrada.jpg?resize=1400%2C800&ssl=1 4x"},"classes":[]}],"_links":{"self":[{"href":"https:\/\/oui-oui.es\/blog\/wp-json\/wp\/v2\/posts\/1617","targetHints":{"allow":["GET"]}}],"collection":[{"href":"https:\/\/oui-oui.es\/blog\/wp-json\/wp\/v2\/posts"}],"about":[{"href":"https:\/\/oui-oui.es\/blog\/wp-json\/wp\/v2\/types\/post"}],"author":[{"embeddable":true,"href":"https:\/\/oui-oui.es\/blog\/wp-json\/wp\/v2\/users\/1"}],"replies":[{"embeddable":true,"href":"https:\/\/oui-oui.es\/blog\/wp-json\/wp\/v2\/comments?post=1617"}],"version-history":[{"count":1,"href":"https:\/\/oui-oui.es\/blog\/wp-json\/wp\/v2\/posts\/1617\/revisions"}],"predecessor-version":[{"id":3195,"href":"https:\/\/oui-oui.es\/blog\/wp-json\/wp\/v2\/posts\/1617\/revisions\/3195"}],"wp:featuredmedia":[{"embeddable":true,"href":"https:\/\/oui-oui.es\/blog\/wp-json\/wp\/v2\/media\/3194"}],"wp:attachment":[{"href":"https:\/\/oui-oui.es\/blog\/wp-json\/wp\/v2\/media?parent=1617"}],"wp:term":[{"taxonomy":"category","embeddable":true,"href":"https:\/\/oui-oui.es\/blog\/wp-json\/wp\/v2\/categories?post=1617"},{"taxonomy":"post_tag","embeddable":true,"href":"https:\/\/oui-oui.es\/blog\/wp-json\/wp\/v2\/tags?post=1617"}],"curies":[{"name":"wp","href":"https:\/\/api.w.org\/{rel}","templated":true}]}}