{"id":1624,"date":"2014-09-30T23:49:58","date_gmt":"2014-09-30T21:49:58","guid":{"rendered":"http:\/\/ouiouiblog.wordpress.com\/?p=1624"},"modified":"2015-09-02T16:18:30","modified_gmt":"2015-09-02T14:18:30","slug":"el-primer-cumpleanos-de-martin","status":"publish","type":"post","link":"https:\/\/oui-oui.es\/blog\/el-primer-cumpleanos-de-martin\/","title":{"rendered":"El primer cumplea\u00f1os de Mart\u00edn"},"content":{"rendered":"<p><a href=\"https:\/\/ouiouiblog.files.wordpress.com\/2014\/09\/oui-oui-fiesta-cumplec3b1aos-naranja-y-mint-cumpleac3b1os-un-ac3b1o-vela-un-ac3b1o-grande.jpg\"><img loading=\"lazy\" decoding=\"async\" class=\"alignnone size-full wp-image-1634\" src=\"http:\/\/ouiouiblog.files.wordpress.com\/2014\/09\/oui-oui-fiesta-cumplec3b1aos-naranja-y-mint-cumpleac3b1os-un-ac3b1o-vela-un-ac3b1o-grande.jpg\" alt=\"Oui Oui-fiesta cumple\u00f1aos naranja y mint-cumplea\u00f1os un a\u00f1o-vela un a\u00f1o grande\" width=\"543\" height=\"543\" \/><\/a><\/p>\n<p>Seguro que os pasa que est\u00e1is meses pensando en organizar\u00a0 algo y al final se os echa el tiempo encima y no hac\u00e9is ni la mitad de lo que ten\u00edais pensado&#8230;Pues eso me pas\u00f3 un poco a m\u00ed, aunque lo de tener <a href=\"http:\/\/www.oui-oui.es\/\" target=\"_blank\"><strong><em>la tienda en casa<\/em><\/strong><\/a> ayuda y al final pude organizarlo m\u00e1s o menos c\u00f3mo lo ten\u00eda pensado (aunque me hubiera gustado incluir algunas cosas m\u00e1s, creo que s\u00f3lo las echo en falta yo \ud83d\ude09 ).<\/p>\n<p><a href=\"http:\/\/www.oui-oui.es\/31-fiestas-y-cumpleanos\"><img loading=\"lazy\" decoding=\"async\" class=\"alignnone wp-image-1628 size-full\" src=\"http:\/\/ouiouiblog.files.wordpress.com\/2014\/09\/oui-oui-fiesta-cumplec3b1aos-naranja-y-mint-cumpleac3b1os-un-ac3b1o.jpg\" alt=\"Oui Oui-fiesta cumple\u00f1aos naranja y mint-cumplea\u00f1os un a\u00f1o\" width=\"543\" height=\"543\" \/><\/a><\/p>\n<p>Suelo partir de una <strong>gama de colores<\/strong> y sobre ella pensar el resto de decoraci\u00f3n, esta vez me apetec\u00eda que tuviera <strong>naranja<\/strong>, porque las <a href=\"http:\/\/www.oui-oui.es\/fiesta\/531-bolas-nido-abeja-colorete.html\" target=\"_blank\"><strong>bolas de nido de abeja colorete<\/strong><\/a> me encantan y ten\u00eda ganas de usarlas. Por supuesto el <strong>mint<\/strong> no pod\u00eda faltar, el color me encanta (siempre pienso que acabar\u00e9 saturada, pero por el momento no sucede) y es muy <strong>babyoui<\/strong> (b\u00e1sicamante porque todo lo que veo de beb\u00e9 mint se lo compro&#8230;jajaja).As\u00ed que ya ten\u00eda <strong>el mint y el naranja como base<\/strong>, y pens\u00e9 <strong>incluir el dorado<\/strong> en algunos toques (quer\u00eda<a href=\"http:\/\/www.oui-oui.es\/decoracion-casa\/727-guirnalda-letras-diy-word-banner-negro.html\" target=\"_blank\"> la guirnalda de letras<\/a> en dorado pero a\u00fan no me ha llegado!), as\u00ed como el <strong>globo dorado del n\u00famero 1<\/strong> (que no sale en ninguna foto porque resulta que a Mart\u00edn le asust\u00f3 un mont\u00f3n y tuvimos que esconderlo) y los <a href=\"http:\/\/www.oui-oui.es\/buscar?orderby=position&amp;orderway=desc&amp;search_query=doradas&amp;submit_search.x=0&amp;submit_search.y=0\" target=\"_blank\"><strong>platos, vasos y servilletas con estrellitas dorados<\/strong><\/a>, as\u00ed que al final; narana, mint &amp; dorado&#8230;No todos los cumples de ni\u00f1os tienen que ser azules!!.<\/p>\n<p>Tambi\u00e9n ten\u00eda claro que quer\u00eda poner una <a href=\"http:\/\/www.oui-oui.es\/buscar?orderby=position&amp;orderway=desc&amp;search_query=guirnalda+de+borlas&amp;submit_search.x=0&amp;submit_search.y=0\" target=\"_blank\"><strong>guirnalda de borlas o tassel garland<\/strong><\/a>, lo que hice fu\u00e9 quitarle las borlas rosas a la <a href=\"http:\/\/www.oui-oui.es\/fiesta\/482-guirnalda-borlas-de-flecos-summer.html\" target=\"_blank\"><strong>guirnalda summer<\/strong><\/a> , y combinarla con <strong>honeycombs<\/strong> en tonos naranjas.<\/p>\n<p><a href=\"http:\/\/www.oui-oui.es\/decoracion-casa\/727-guirnalda-letras-diy-word-banner-negro.html\"><img loading=\"lazy\" decoding=\"async\" class=\"alignnone wp-image-1625 size-full\" src=\"http:\/\/ouiouiblog.files.wordpress.com\/2014\/09\/oui-oui-fiesta-cumplec3b1aos-naranja-y-mint-banderin-letras-diy-word-banner-negro-un-ac3b1o.jpg\" alt=\"Oui Oui-fiesta cumple\u00f1aos naranja y mint-banderin letras diy word banner negro-un a\u00f1o\" width=\"660\" height=\"381\" \/><\/a><\/p>\n<p>El resto fu\u00e9 surgiendo mientras dibujaba la mesa (siempre la dibujo mientras pienso que voy a preparar), prepar\u00e9 unas <a href=\"http:\/\/www.oui-oui.es\/fiesta\/235-botellita-cristal-leche.html\" target=\"_blank\"><strong>botellitas de cristal<\/strong><\/a> con <a href=\"http:\/\/www.oui-oui.es\/fiestas\/703-pajitas-rayas-naranja-fluor.html\" target=\"_blank\"><strong>pajitas de rayas naranjas<\/strong><\/a> para la limonada con el nombre de cada invitado escrito en tiza en una <a href=\"http:\/\/www.oui-oui.es\/buscar?orderby=position&amp;orderway=desc&amp;search_query=pegatinas+pizarra&amp;submit_search.x=0&amp;submit_search.y=0\" target=\"_blank\"><strong>pegatina de pizarra<\/strong><\/a>, luego se la llevaron de recuerdo encantados.<\/p>\n<p><a href=\"https:\/\/ouiouiblog.files.wordpress.com\/2014\/09\/oui-oui-fiesta-cumplec3b1aos-naranja-y-mint-cumpleac3b1os-un-ac3b1o-pajitas-naranja-fosforito-pegatinas-de-pizarra-botellitas-con-nombre-para-cumple.jpg\"><img loading=\"lazy\" decoding=\"async\" class=\"alignnone size-full wp-image-1631\" src=\"http:\/\/ouiouiblog.files.wordpress.com\/2014\/09\/oui-oui-fiesta-cumplec3b1aos-naranja-y-mint-cumpleac3b1os-un-ac3b1o-pajitas-naranja-fosforito-pegatinas-de-pizarra-botellitas-con-nombre-para-cumple.jpg\" alt=\"Oui Oui-fiesta cumple\u00f1aos naranja y mint-cumplea\u00f1os un a\u00f1o-pajitas naranja fosforito-pegatinas de pizarra-botellitas con nombre para cumple\" width=\"543\" height=\"543\" \/><\/a><\/p>\n<p><strong>Los bocadillitos los envolvimos con las <a href=\"http:\/\/www.oui-oui.es\/fiestas-y-cumpleanos\/377-bolsas-mesa-de-dulces-chevron-colores.html\" target=\"_blank\">bolsas de chuches de papel en chevron naranja y mint<\/a><\/strong> (abrimos la bolsa con una tijera de forma que de cada bolsa sal\u00edan dos tiras para envolver)<\/p>\n<p><a href=\"https:\/\/ouiouiblog.files.wordpress.com\/2014\/09\/oui-oui-fiesta-cumplec3b1aos-naranja-y-mint-papel-chevron-naranja-marca-sitios-kraft.jpg\"><img loading=\"lazy\" decoding=\"async\" class=\"alignnone size-full wp-image-1626\" src=\"http:\/\/ouiouiblog.files.wordpress.com\/2014\/09\/oui-oui-fiesta-cumplec3b1aos-naranja-y-mint-papel-chevron-naranja-marca-sitios-kraft.jpg\" alt=\"Oui Oui-fiesta cumple\u00f1aos naranja y mint-papel chevron naranja-marca sitios kraft\" width=\"543\" height=\"543\" \/><\/a><\/p>\n<p>Y preparamos unos <strong>tarritos con un mix muy sencillo en los mismos colores<\/strong>; salm\u00f3n, aguacate y tomate con una vinagreta.<\/p>\n<p><a href=\"https:\/\/ouiouiblog.files.wordpress.com\/2014\/09\/oui-oui-fiesta-cumplec3b1aos-naranja-y-mint-papel-envolver-comida-chevron-tarritos-aguacate.jpg\"><img loading=\"lazy\" decoding=\"async\" class=\"alignnone size-full wp-image-1627\" src=\"http:\/\/ouiouiblog.files.wordpress.com\/2014\/09\/oui-oui-fiesta-cumplec3b1aos-naranja-y-mint-papel-envolver-comida-chevron-tarritos-aguacate.jpg\" alt=\"Oui Oui-fiesta cumple\u00f1aos naranja y mint-papel envolver comida chevron-tarritos aguacate\" width=\"543\" height=\"543\" \/><\/a><\/p>\n<p>Es importante <strong>jugar con los vol\u00famenes al colocar la mesa<\/strong>, me gusta introducir alg\u00fan elemento en los mismo colores aunque no est\u00e9 directamente relacionado, pueden ser flores, pero las frutas y verduras son muy socorridas, en este caso coloqu\u00e9 una <a href=\"http:\/\/www.oui-oui.es\/decoracion-casa\/699-stand-con-campana-de-cristal.html\" target=\"_blank\"><strong>campana de cristal rellena de naranjas<\/strong><\/a>.<\/p>\n<p><a href=\"https:\/\/ouiouiblog.files.wordpress.com\/2014\/09\/oui-oui-fiesta-cumplec3b1aos-naranja-y-mint-cumpleac3b1os-un-ac3b1o-bodegon-mesa-ideas-primer-cumpleac3b1os-original.jpg\"><img loading=\"lazy\" decoding=\"async\" class=\"alignnone size-full wp-image-1632\" src=\"http:\/\/ouiouiblog.files.wordpress.com\/2014\/09\/oui-oui-fiesta-cumplec3b1aos-naranja-y-mint-cumpleac3b1os-un-ac3b1o-bodegon-mesa-ideas-primer-cumpleac3b1os-original.jpg\" alt=\"Oui Oui-fiesta cumple\u00f1aos naranja y mint-cumplea\u00f1os un a\u00f1o-bodegon mesa-ideas primer cumplea\u00f1os original\" width=\"543\" height=\"543\" \/><\/a><\/p>\n<p>Como postre sab\u00eda que quer\u00eda una<strong> <em>tarta desnuda<\/em> o <\/strong><em><strong>nude cake<\/strong> ,<\/em> iba a encargarla pero se me ech\u00f3 el tiempo encima y la hicimos nosotros; compr\u00e9 esos <strong>bizcochos que ya vienen cortados como en planchas<\/strong>, los <strong>emborrach\u00e9 un poco con Cacha\u00e7a<\/strong> (una vez no ten\u00edamos nada de licor en casa, s\u00f3lo cacha\u00e7a, la utilizamos para la t\u00edpica tarta de la abuela pero con chocolate blanco y qued\u00f3 tan rica que ahora lo usamos siempre) y <strong>rellen\u00e9 entre medias con nata montada<\/strong> (mi favorita es la de la <strong>pasteler\u00eda Am\u00e9rica en la calle Atocha<\/strong>), <strong>unos pisos con nata y otros con mermelada de frambuesa casera<\/strong>. Me qued\u00e9 corta en alguna capa y luego, viendo una foto que colg\u00f3 <strong>Cata<\/strong> de <a href=\"www.thegoodfoodcompany.es\" target=\"_blank\"><strong>The Good Food Company<\/strong><\/a>, pens\u00e9 en un buen truco&#8230;<strong>Usar manga pastelera para repartirla!<\/strong>, que yo lo hice con una lengua de gato y qued\u00f3 un poco peor&#8230;<\/p>\n<p><a href=\"https:\/\/ouiouiblog.files.wordpress.com\/2014\/09\/oui-oui-fiesta-cumplec3b1aos-naranja-y-mint-cumpleac3b1os-un-ac3b1o-nude-cake-velas-scrabble-miffy-one.jpg\"><img loading=\"lazy\" decoding=\"async\" class=\"alignnone size-full wp-image-1630\" src=\"http:\/\/ouiouiblog.files.wordpress.com\/2014\/09\/oui-oui-fiesta-cumplec3b1aos-naranja-y-mint-cumpleac3b1os-un-ac3b1o-nude-cake-velas-scrabble-miffy-one.jpg\" alt=\"Oui Oui-fiesta cumple\u00f1aos naranja y mint-cumplea\u00f1os un a\u00f1o-nude cake-velas scrabble-miffy one\" width=\"543\" height=\"543\" \/><\/a><\/p>\n<p>El caso es que no qued\u00f3 mal y estaba muy rica (si haces tu el bizcocho seguro que sale mejor, pero en ese caso no hab\u00eda tiempo&#8230;)<\/p>\n<p>Ten\u00eda pensado un <strong>topper para la tarta<\/strong> muy chulo, pero a mi padre no le di\u00f3 tiempo a hacerlo (y yo ten\u00eda agotado el <a href=\"http:\/\/www.oui-oui.es\/fiesta\/551-topper-cartelito-pizarra.html\" target=\"_blank\"><strong>topper de pizarra<\/strong><\/a>) as\u00ed que me sorprendi\u00f3 con <strong>un 1 de madera que utilizamos para decorar<\/strong> en lugar del globo, y en lugar de topper, coloqu\u00e9 <strong>una vela de un 1<\/strong> y una <strong>bengalita con la M<\/strong> para que Mart\u00edn intentara soplar.<\/p>\n<p><a href=\"https:\/\/ouiouiblog.files.wordpress.com\/2014\/09\/oui-oui-fiesta-cumplec3b1aos-naranja-y-mint-cumpleac3b1os-un-ac3b1o-tarta-nude-como-hacer-un-nude-cake.jpg\"><img loading=\"lazy\" decoding=\"async\" class=\"alignnone size-full wp-image-1633\" src=\"http:\/\/ouiouiblog.files.wordpress.com\/2014\/09\/oui-oui-fiesta-cumplec3b1aos-naranja-y-mint-cumpleac3b1os-un-ac3b1o-tarta-nude-como-hacer-un-nude-cake.jpg\" alt=\"Oui Oui-fiesta cumple\u00f1aos naranja y mint-cumplea\u00f1os un a\u00f1o-tarta nude-como hacer un nude cake\" width=\"407\" height=\"543\" \/><\/a><\/p>\n<p>Y, por \u00faltimo, aprovechando que era un cumplea\u00f1os peque\u00f1ito (dudamos si hacerlo con amigos y sus hijos, pero al final decidimos dejar esa celebraci\u00f3n para el siguiente cumple y esta vez hacerlo s\u00f3lo en familia), prepar\u00e9 <strong>un detallito para que se llevaran de recuerdo<\/strong>; como le hab\u00eda ido haciendo una foto a Mart\u00edn cada d\u00eda que cumpl\u00eda un mes m\u00e1s, las recopil\u00e9, y <strong>les regalamos doce fotos a cada uno<\/strong>. Hice unos packs con las <a href=\"http:\/\/www.oui-oui.es\/fiestas-y-cumpleanos\/689-bolsas-chuches-rombos-mint.html\" target=\"_blank\"><strong>bolsitas de rombos mint<\/strong><\/a> y unas etiquetas que pronto subir\u00e9 a la tienda \ud83d\ude09<\/p>\n<p><a href=\"https:\/\/ouiouiblog.files.wordpress.com\/2014\/09\/oui-oui-fiesta-cumplec3b1aos-naranja-y-mint-bolsitas-para-los-invitados-rombos-mint-mint-y-dorado-with-much-love.jpg\"><img loading=\"lazy\" decoding=\"async\" class=\"alignnone size-full wp-image-1629\" src=\"http:\/\/ouiouiblog.files.wordpress.com\/2014\/09\/oui-oui-fiesta-cumplec3b1aos-naranja-y-mint-bolsitas-para-los-invitados-rombos-mint-mint-y-dorado-with-much-love.jpg\" alt=\"Oui Oui-fiesta cumple\u00f1aos naranja y mint-bolsitas para los invitados-rombos mint-mint y dorado-with much love\" width=\"543\" height=\"543\" \/><\/a><\/p>\n<p>Lo pasamos muy bien, <strong>abriendo regalos, jugando con el papel, viendo una bengala por primera vez<\/strong> ..Sin duda, <strong>fu\u00e9 un cumple muy especial, el primero de muchos!<\/strong><\/p>\n<p><strong>\u00bfLa an\u00e9cdota?<\/strong> &#8211;&gt; El cumplea\u00f1os era por la tarde, pero para ir tranquilos, mont\u00e9 todo; la guirnalda, los honeycombs&#8230;Por la ma\u00f1ana, de repente empez\u00f3 a diluviar, tuvimos que desmontar todo a toda prisa, dejarlo secar en el garaje, y plantearnos si lo volv\u00edamos a montar o lo hac\u00edamos dentro&#8230;Al final pude volverlo a montar fuera! \ud83d\ude09<\/p>\n<p>Ah!, en los mese previos cre\u00e9 <a href=\"http:\/\/www.pinterest.com\/ouiouidetalles\/cumple-1-a%C3%B1o-mart%C3%ADn\/\" target=\"_blank\"><strong>esta carpeta en Pinterest<\/strong><\/a>, por si os sirve si est\u00e1is preparando un primer cumplea\u00f1os<\/p>\n<p>Espro que os guste \ud83d\ude09<\/p>\n","protected":false},"excerpt":{"rendered":"<p>Seguro que os pasa que est\u00e1is meses pensando en organizar\u00a0 algo y al final se os echa el tiempo encima y no hac\u00e9is ni la mitad de lo que ten\u00edais pensado&#8230;Pues eso me pas\u00f3 un poco a m\u00ed, aunque lo de tener la tienda en casa ayuda y al final pude organizarlo m\u00e1s o menos [&hellip;]<\/p>\n","protected":false},"author":1,"featured_media":3191,"comment_status":"open","ping_status":"open","sticky":false,"template":"","format":"standard","meta":{"jetpack_post_was_ever_published":false,"_jetpack_newsletter_access":"","_jetpack_dont_email_post_to_subs":false,"_jetpack_newsletter_tier_id":0,"_jetpack_memberships_contains_paywalled_content":false,"_jetpack_memberships_contains_paid_content":false,"footnotes":"","jetpack_publicize_message":"","jetpack_publicize_feature_enabled":true,"jetpack_social_post_already_shared":false,"jetpack_social_options":{"image_generator_settings":{"template":"highway","default_image_id":0,"font":"","enabled":false},"version":2}},"categories":[7],"tags":[],"class_list":["post-1624","post","type-post","status-publish","format-standard","has-post-thumbnail","hentry","category-fiestas-celebraciones"],"aioseo_notices":[],"jetpack_publicize_connections":[],"jetpack_featured_media_url":"https:\/\/oui-oui.es\/blog\/wp-content\/uploads\/2014\/09\/oui-oui-fiesta-cumplec3b1aos-naranja-y-mint-cumpleac3b1os-un-ac3b1o.jpg","jetpack_sharing_enabled":true,"jetpack-related-posts":[{"id":533,"url":"https:\/\/oui-oui.es\/blog\/pensando-en-san-valentin-un-diy-muy-sencillo\/","url_meta":{"origin":1624,"position":0},"title":"Pensando en San Valent\u00edn&#8230;Un DIY muy sencillo","author":"Mar\u00eda \u2665Oui Oui\u2665","date":"4 febrero, 2013","format":false,"excerpt":"Como me abruma pensar en recopilar lo mejor para San Valent\u00edn he pensado que lo mejor es ir publicando cada idea que tenga o encuentre, porque sino me veo que por escribir un post las diez mejores ideas al final no lo hago...As\u00ed que aqu\u00ed va la primera idea, muy\u2026","rel":"","context":"En \u00abPor el aniversario\u00bb","block_context":{"text":"Por el aniversario","link":"https:\/\/oui-oui.es\/blog\/category\/no-se-que-regalar\/por-el-aniversario\/"},"img":{"alt_text":"","src":"https:\/\/i0.wp.com\/oui-oui.es\/blog\/wp-content\/uploads\/oui-oui-blog-regalo-diy-san-valentin-corazon-clavos-hilo-rojo-2.jpg?resize=350%2C200&ssl=1","width":350,"height":200,"srcset":"https:\/\/i0.wp.com\/oui-oui.es\/blog\/wp-content\/uploads\/oui-oui-blog-regalo-diy-san-valentin-corazon-clavos-hilo-rojo-2.jpg?resize=350%2C200&ssl=1 1x, https:\/\/i0.wp.com\/oui-oui.es\/blog\/wp-content\/uploads\/oui-oui-blog-regalo-diy-san-valentin-corazon-clavos-hilo-rojo-2.jpg?resize=525%2C300&ssl=1 1.5x"},"classes":[]},{"id":387,"url":"https:\/\/oui-oui.es\/blog\/navidades-hasta-el-ano-que-viene\/","url_meta":{"origin":1624,"position":1},"title":"Navidades&#8230;hasta el a\u00f1o que viene!","author":"Mar\u00eda \u2665Oui Oui\u2665","date":"9 enero, 2013","format":false,"excerpt":"Se me ha echado el tiempo encima, entre montar la tienda online, el \u00e9xito de las puertas del Ratoncito P\u00e9rez\u00a0...No he dado abasto para poder escribir en el blog, pasan los d\u00edas y, aunque tengo el blog planner regalo de Superyuppies , que me est\u00e1 ayudando mucho, a\u00fan tengo que\u2026","rel":"","context":"En \u00abNavidad\u00bb","block_context":{"text":"Navidad","link":"https:\/\/oui-oui.es\/blog\/category\/fiestas-celebraciones\/navidad\/"},"img":{"alt_text":"","src":"https:\/\/i0.wp.com\/oui-oui.es\/blog\/wp-content\/uploads\/oui-oui-camion-pino-navidad-adios-navidad.jpg?resize=350%2C200&ssl=1","width":350,"height":200},"classes":[]},{"id":5176,"url":"https:\/\/oui-oui.es\/blog\/3-3-compras-absurdas-para-bebes\/","url_meta":{"origin":1624,"position":2},"title":"3 + 3 compras absurdas para beb\u00e9s","author":"Mar\u00eda \u2665Oui Oui\u2665","date":"8 marzo, 2017","format":false,"excerpt":"Cuando te quedas embarzada descubres un mundo infinito de gadgets para beb\u00e9s y ni\u00f1os...Unos muy \u00fatiles y otros una aut\u00e9ntica tonter\u00eda,a veces tambi\u00e9n pasa que a unas personas les sirven y a otras no (como el vaso antigoteo, a m\u00ed me encanta \u00e9ste pero tengo amigas que me cuentan que\u2026","rel":"","context":"En \u00abMATERNIDAD\u00bb","block_context":{"text":"MATERNIDAD","link":"https:\/\/oui-oui.es\/blog\/category\/maternidad\/"},"img":{"alt_text":"","src":"https:\/\/i0.wp.com\/oui-oui.es\/blog\/wp-content\/uploads\/2017\/03\/Oui-Oui-vaso-con-luz-antigoteo.jpg?resize=350%2C200&ssl=1","width":350,"height":200,"srcset":"https:\/\/i0.wp.com\/oui-oui.es\/blog\/wp-content\/uploads\/2017\/03\/Oui-Oui-vaso-con-luz-antigoteo.jpg?resize=350%2C200&ssl=1 1x, https:\/\/i0.wp.com\/oui-oui.es\/blog\/wp-content\/uploads\/2017\/03\/Oui-Oui-vaso-con-luz-antigoteo.jpg?resize=525%2C300&ssl=1 1.5x, https:\/\/i0.wp.com\/oui-oui.es\/blog\/wp-content\/uploads\/2017\/03\/Oui-Oui-vaso-con-luz-antigoteo.jpg?resize=700%2C400&ssl=1 2x"},"classes":[]},{"id":9704,"url":"https:\/\/oui-oui.es\/blog\/las-etapas-de-una-reforma\/","url_meta":{"origin":1624,"position":3},"title":"Las etapas de una reforma","author":"Mar\u00eda \u2665Oui Oui\u2665","date":"26 marzo, 2019","format":false,"excerpt":"Fotograf\u00eda de Elena Bau Llevo mucho tiempo sin escribir en el blog, lo cierto es que no me parec\u00eda tanto hasta que he entrado y he visto el \u00faltimo post, pero es lo que tiene estar de obra, vivir fuera de tu zona de comfort, tener tu propia empresa y,\u2026","rel":"","context":"En \u00abDECORACI\u00d3N\u00bb","block_context":{"text":"DECORACI\u00d3N","link":"https:\/\/oui-oui.es\/blog\/category\/decoracion-de-casa\/"},"img":{"alt_text":"","src":"https:\/\/i0.wp.com\/oui-oui.es\/blog\/wp-content\/uploads\/2019\/03\/Oui-Oui-reforma-oui-oui-mercedes-arsuaga-reformas-RUAN-Foto-Elena-Bau-46.jpg?resize=350%2C200&ssl=1","width":350,"height":200,"srcset":"https:\/\/i0.wp.com\/oui-oui.es\/blog\/wp-content\/uploads\/2019\/03\/Oui-Oui-reforma-oui-oui-mercedes-arsuaga-reformas-RUAN-Foto-Elena-Bau-46.jpg?resize=350%2C200&ssl=1 1x, https:\/\/i0.wp.com\/oui-oui.es\/blog\/wp-content\/uploads\/2019\/03\/Oui-Oui-reforma-oui-oui-mercedes-arsuaga-reformas-RUAN-Foto-Elena-Bau-46.jpg?resize=525%2C300&ssl=1 1.5x, https:\/\/i0.wp.com\/oui-oui.es\/blog\/wp-content\/uploads\/2019\/03\/Oui-Oui-reforma-oui-oui-mercedes-arsuaga-reformas-RUAN-Foto-Elena-Bau-46.jpg?resize=700%2C400&ssl=1 2x, https:\/\/i0.wp.com\/oui-oui.es\/blog\/wp-content\/uploads\/2019\/03\/Oui-Oui-reforma-oui-oui-mercedes-arsuaga-reformas-RUAN-Foto-Elena-Bau-46.jpg?resize=1050%2C600&ssl=1 3x, https:\/\/i0.wp.com\/oui-oui.es\/blog\/wp-content\/uploads\/2019\/03\/Oui-Oui-reforma-oui-oui-mercedes-arsuaga-reformas-RUAN-Foto-Elena-Bau-46.jpg?resize=1400%2C800&ssl=1 4x"},"classes":[]},{"id":5055,"url":"https:\/\/oui-oui.es\/blog\/la-wishlist-del-primer-cumpleanos-de-frida\/","url_meta":{"origin":1624,"position":4},"title":"La Wishlist del primer cumplea\u00f1os de Frida","author":"Mar\u00eda \u2665Oui Oui\u2665","date":"25 enero, 2017","format":false,"excerpt":"Quedan dos semanas para que Frida cumpla un a\u00f1o, es un t\u00f3pico pero ha pasado volando y aqu\u00ed estoy rompi\u00e9ndome la cabeza para ver qu\u00e9 le regalamos, porque quiero que tenga algo especial de recuerdo, y a la vez me parece que ya tiene de todo con los juguetes de\u2026","rel":"","context":"En \u00abFIESTAS y CELEBRACIONES\u00bb","block_context":{"text":"FIESTAS y CELEBRACIONES","link":"https:\/\/oui-oui.es\/blog\/category\/fiestas-celebraciones\/"},"img":{"alt_text":"","src":"https:\/\/i0.wp.com\/oui-oui.es\/blog\/wp-content\/uploads\/2017\/01\/Oui-Oui-wishlist-Frida-gorro-fiesta-crochet-la-f%C3%AAte-laf%C3%A8te-party-hat.jpg?resize=350%2C200&ssl=1","width":350,"height":200,"srcset":"https:\/\/i0.wp.com\/oui-oui.es\/blog\/wp-content\/uploads\/2017\/01\/Oui-Oui-wishlist-Frida-gorro-fiesta-crochet-la-f%C3%AAte-laf%C3%A8te-party-hat.jpg?resize=350%2C200&ssl=1 1x, https:\/\/i0.wp.com\/oui-oui.es\/blog\/wp-content\/uploads\/2017\/01\/Oui-Oui-wishlist-Frida-gorro-fiesta-crochet-la-f%C3%AAte-laf%C3%A8te-party-hat.jpg?resize=525%2C300&ssl=1 1.5x, https:\/\/i0.wp.com\/oui-oui.es\/blog\/wp-content\/uploads\/2017\/01\/Oui-Oui-wishlist-Frida-gorro-fiesta-crochet-la-f%C3%AAte-laf%C3%A8te-party-hat.jpg?resize=700%2C400&ssl=1 2x, https:\/\/i0.wp.com\/oui-oui.es\/blog\/wp-content\/uploads\/2017\/01\/Oui-Oui-wishlist-Frida-gorro-fiesta-crochet-la-f%C3%AAte-laf%C3%A8te-party-hat.jpg?resize=1050%2C600&ssl=1 3x"},"classes":[]},{"id":10901,"url":"https:\/\/oui-oui.es\/blog\/mi-compra-de-la-temporada\/","url_meta":{"origin":1624,"position":5},"title":"Mi compra de la temporada","author":"Mar\u00eda \u2665Oui Oui\u2665","date":"1 octubre, 2024","format":false,"excerpt":"La compra, la prenda y las zapatillas de la temporada!","rel":"","context":"En \u00abESTILO DE VIDA\u00bb","block_context":{"text":"ESTILO DE VIDA","link":"https:\/\/oui-oui.es\/blog\/category\/lifestyle-2\/"},"img":{"alt_text":"","src":"https:\/\/i0.wp.com\/oui-oui.es\/blog\/wp-content\/uploads\/2024\/10\/Oui-Oui-Zapatillas-Kelme-Lefties-scaled.jpg?resize=350%2C200&ssl=1","width":350,"height":200,"srcset":"https:\/\/i0.wp.com\/oui-oui.es\/blog\/wp-content\/uploads\/2024\/10\/Oui-Oui-Zapatillas-Kelme-Lefties-scaled.jpg?resize=350%2C200&ssl=1 1x, https:\/\/i0.wp.com\/oui-oui.es\/blog\/wp-content\/uploads\/2024\/10\/Oui-Oui-Zapatillas-Kelme-Lefties-scaled.jpg?resize=525%2C300&ssl=1 1.5x, https:\/\/i0.wp.com\/oui-oui.es\/blog\/wp-content\/uploads\/2024\/10\/Oui-Oui-Zapatillas-Kelme-Lefties-scaled.jpg?resize=700%2C400&ssl=1 2x, https:\/\/i0.wp.com\/oui-oui.es\/blog\/wp-content\/uploads\/2024\/10\/Oui-Oui-Zapatillas-Kelme-Lefties-scaled.jpg?resize=1050%2C600&ssl=1 3x, https:\/\/i0.wp.com\/oui-oui.es\/blog\/wp-content\/uploads\/2024\/10\/Oui-Oui-Zapatillas-Kelme-Lefties-scaled.jpg?resize=1400%2C800&ssl=1 4x"},"classes":[]}],"_links":{"self":[{"href":"https:\/\/oui-oui.es\/blog\/wp-json\/wp\/v2\/posts\/1624","targetHints":{"allow":["GET"]}}],"collection":[{"href":"https:\/\/oui-oui.es\/blog\/wp-json\/wp\/v2\/posts"}],"about":[{"href":"https:\/\/oui-oui.es\/blog\/wp-json\/wp\/v2\/types\/post"}],"author":[{"embeddable":true,"href":"https:\/\/oui-oui.es\/blog\/wp-json\/wp\/v2\/users\/1"}],"replies":[{"embeddable":true,"href":"https:\/\/oui-oui.es\/blog\/wp-json\/wp\/v2\/comments?post=1624"}],"version-history":[{"count":1,"href":"https:\/\/oui-oui.es\/blog\/wp-json\/wp\/v2\/posts\/1624\/revisions"}],"predecessor-version":[{"id":3193,"href":"https:\/\/oui-oui.es\/blog\/wp-json\/wp\/v2\/posts\/1624\/revisions\/3193"}],"wp:featuredmedia":[{"embeddable":true,"href":"https:\/\/oui-oui.es\/blog\/wp-json\/wp\/v2\/media\/3191"}],"wp:attachment":[{"href":"https:\/\/oui-oui.es\/blog\/wp-json\/wp\/v2\/media?parent=1624"}],"wp:term":[{"taxonomy":"category","embeddable":true,"href":"https:\/\/oui-oui.es\/blog\/wp-json\/wp\/v2\/categories?post=1624"},{"taxonomy":"post_tag","embeddable":true,"href":"https:\/\/oui-oui.es\/blog\/wp-json\/wp\/v2\/tags?post=1624"}],"curies":[{"name":"wp","href":"https:\/\/api.w.org\/{rel}","templated":true}]}}