{"id":1636,"date":"2014-10-01T23:47:51","date_gmt":"2014-10-01T21:47:51","guid":{"rendered":"http:\/\/ouiouiblog.wordpress.com\/?p=1636"},"modified":"2015-09-02T16:17:43","modified_gmt":"2015-09-02T14:17:43","slug":"ideas-para-decorar-una-mesa-en-otono","status":"publish","type":"post","link":"https:\/\/oui-oui.es\/blog\/ideas-para-decorar-una-mesa-en-otono\/","title":{"rendered":"Ideas para decorar una mesa en oto\u00f1o"},"content":{"rendered":"<p><a href=\"https:\/\/ouiouiblog.files.wordpress.com\/2014\/10\/oui-oui-ideas-para-decorar-una-mesa-de-otoc3b1o-14.jpg\"><img loading=\"lazy\" decoding=\"async\" class=\"alignnone size-full wp-image-1650\" src=\"http:\/\/ouiouiblog.files.wordpress.com\/2014\/10\/oui-oui-ideas-para-decorar-una-mesa-de-otoc3b1o-14.jpg\" alt=\"Oui Oui-ideas para decorar una mesa de oto\u00f1o (14)\" width=\"640\" height=\"960\" \/><\/a><\/p>\n<p>Mi abuela cumpli\u00f3 hace dos d\u00edas 88 a\u00f1os y el pr\u00f3ximo s\u00e1bado lo <strong>celebraremos<\/strong> con una comida en la Sierra toda la familia, el plato principal ser\u00e1 la<strong> fabada asturiana<\/strong> (tra\u00edda de all\u00ed, si pasas por Ribadesella no dejes de comprar un pack con todo en <a href=\"http:\/\/www.aramburu-asturias.es\/\" target=\"_blank\">Aramburu<\/a>).As\u00ed que me escribe mi madre para que la ayude con la <strong>decoraci\u00f3n de la mesa<\/strong>, as\u00ed que me he puesto a buscar ideas en <a href=\"http:\/\/www.pinterest.com\/ouiouidetalles\/\" target=\"_blank\">Pinterest <\/a>y aqu\u00ed os dejo una selecci\u00f3n de im\u00e1genes que espero os ayuden, la verdad es que <strong>en oto\u00f1o parece m\u00e1s f\u00e1cil decorar<\/strong>, s\u00f3lo con los elementos que nos brinda la naturaleza, y estando cerca del campo \u00e9sto es muy f\u00e1cil; <strong>hojas, pi\u00f1as, ramitas de plantas arom\u00e1ticas<\/strong>&#8230;Unas <strong>manzanas rojas<\/strong> y, quiz\u00e1s, alguna <strong>calabaza<\/strong> (aunque me gusta dejar \u00e9stas para m\u00e1s adelante) del supermercado y&#8230;Listo!<\/p>\n<p><a href=\"https:\/\/ouiouiblog.files.wordpress.com\/2014\/10\/oui-oui-ideas-para-decorar-una-mesa-de-otoc3b1o-9.jpg\"><img loading=\"lazy\" decoding=\"async\" class=\"alignnone size-full wp-image-1645\" src=\"http:\/\/ouiouiblog.files.wordpress.com\/2014\/10\/oui-oui-ideas-para-decorar-una-mesa-de-otoc3b1o-9.jpg\" alt=\"Oui Oui-ideas para decorar una mesa de oto\u00f1o (9)\" width=\"500\" height=\"750\" \/><\/a> <a href=\"https:\/\/ouiouiblog.files.wordpress.com\/2014\/10\/oui-oui-ideas-para-decorar-una-mesa-de-otoc3b1o-7.jpg\"><img loading=\"lazy\" decoding=\"async\" class=\"alignnone size-full wp-image-1643\" src=\"http:\/\/ouiouiblog.files.wordpress.com\/2014\/10\/oui-oui-ideas-para-decorar-una-mesa-de-otoc3b1o-7.jpg\" alt=\"Oui Oui-ideas para decorar una mesa de oto\u00f1o (7)\" width=\"512\" height=\"768\" \/><\/a> <a href=\"https:\/\/ouiouiblog.files.wordpress.com\/2014\/10\/oui-oui-ideas-para-decorar-una-mesa-de-otoc3b1o-6.jpg\"><img loading=\"lazy\" decoding=\"async\" class=\"alignnone size-full wp-image-1642\" src=\"http:\/\/ouiouiblog.files.wordpress.com\/2014\/10\/oui-oui-ideas-para-decorar-una-mesa-de-otoc3b1o-6.jpg\" alt=\"Oui Oui-ideas para decorar una mesa de oto\u00f1o (6)\" width=\"600\" height=\"956\" \/><\/a> <a href=\"https:\/\/ouiouiblog.files.wordpress.com\/2014\/10\/oui-oui-ideas-para-decorar-una-mesa-de-otoc3b1o-2.jpg\"><img loading=\"lazy\" decoding=\"async\" class=\"alignnone size-full wp-image-1638\" src=\"http:\/\/ouiouiblog.files.wordpress.com\/2014\/10\/oui-oui-ideas-para-decorar-una-mesa-de-otoc3b1o-2.jpg\" alt=\"Oui Oui-ideas para decorar una mesa de oto\u00f1o (2)\" width=\"427\" height=\"640\" \/><\/a><\/p>\n<p><a href=\"https:\/\/ouiouiblog.files.wordpress.com\/2014\/10\/oui-oui-ideas-para-decorar-una-mesa-de-otoc3b1o-13.jpg\"><img loading=\"lazy\" decoding=\"async\" class=\"alignnone size-full wp-image-1649\" src=\"http:\/\/ouiouiblog.files.wordpress.com\/2014\/10\/oui-oui-ideas-para-decorar-una-mesa-de-otoc3b1o-13.jpg\" alt=\"Oui Oui-ideas para decorar una mesa de oto\u00f1o (13)\" width=\"550\" height=\"987\" \/><\/a> <a href=\"https:\/\/ouiouiblog.files.wordpress.com\/2014\/10\/oui-oui-ideas-para-decorar-una-mesa-de-otoc3b1o-12.jpg\"><img loading=\"lazy\" decoding=\"async\" class=\"alignnone size-full wp-image-1648\" src=\"http:\/\/ouiouiblog.files.wordpress.com\/2014\/10\/oui-oui-ideas-para-decorar-una-mesa-de-otoc3b1o-12.jpg\" alt=\"Oui Oui-ideas para decorar una mesa de oto\u00f1o (12)\" width=\"426\" height=\"640\" \/><\/a> <a href=\"https:\/\/ouiouiblog.files.wordpress.com\/2014\/10\/oui-oui-ideas-para-decorar-una-mesa-de-otoc3b1o-11.jpg\"><img loading=\"lazy\" decoding=\"async\" class=\"alignnone size-full wp-image-1647\" src=\"http:\/\/ouiouiblog.files.wordpress.com\/2014\/10\/oui-oui-ideas-para-decorar-una-mesa-de-otoc3b1o-11.jpg\" alt=\"Oui Oui-ideas para decorar una mesa de oto\u00f1o (11)\" width=\"660\" height=\"990\" \/><\/a> <a href=\"https:\/\/ouiouiblog.files.wordpress.com\/2014\/10\/oui-oui-ideas-para-decorar-una-mesa-de-otoc3b1o-10.jpg\"><img loading=\"lazy\" decoding=\"async\" class=\"alignnone size-full wp-image-1646\" src=\"http:\/\/ouiouiblog.files.wordpress.com\/2014\/10\/oui-oui-ideas-para-decorar-una-mesa-de-otoc3b1o-10.jpg\" alt=\"Oui Oui-ideas para decorar una mesa de oto\u00f1o (10)\" width=\"427\" height=\"640\" \/><\/a> <a href=\"https:\/\/ouiouiblog.files.wordpress.com\/2014\/10\/oui-oui-ideas-para-decorar-una-mesa-de-otoc3b1o-8.jpg\"><img loading=\"lazy\" decoding=\"async\" class=\"alignnone size-full wp-image-1644\" src=\"http:\/\/ouiouiblog.files.wordpress.com\/2014\/10\/oui-oui-ideas-para-decorar-una-mesa-de-otoc3b1o-8.jpg\" alt=\"Oui Oui-ideas para decorar una mesa de oto\u00f1o (8)\" width=\"520\" height=\"780\" \/><\/a><\/p>\n<p>Aqu\u00ed pod\u00e9is encontrar m\u00e1s <strong><a href=\"http:\/\/www.pinterest.com\/ouiouidetalles\/oto%C3%B1o\/\" target=\"_blank\">ideas para decorar en oto\u00f1o<\/a><\/strong><\/p>\n<p><a href=\"https:\/\/ouiouiblog.files.wordpress.com\/2014\/10\/oui-oui-ideas-para-decorar-una-mesa-de-otoc3b1o-15.jpg\"><img loading=\"lazy\" decoding=\"async\" class=\"alignnone size-full wp-image-1651\" src=\"http:\/\/ouiouiblog.files.wordpress.com\/2014\/10\/oui-oui-ideas-para-decorar-una-mesa-de-otoc3b1o-15.jpg\" alt=\"Oui Oui-ideas para decorar una mesa de oto\u00f1o (15)\" width=\"600\" height=\"888\" \/><\/a> <a href=\"https:\/\/ouiouiblog.files.wordpress.com\/2014\/10\/oui-oui-ideas-para-decorar-una-mesa-de-otoc3b1o-5.jpg\"><img loading=\"lazy\" decoding=\"async\" class=\"alignnone size-full wp-image-1641\" src=\"http:\/\/ouiouiblog.files.wordpress.com\/2014\/10\/oui-oui-ideas-para-decorar-una-mesa-de-otoc3b1o-5.jpg\" alt=\"Oui Oui-ideas para decorar una mesa de oto\u00f1o (5)\" width=\"600\" height=\"899\" \/><\/a> <a href=\"https:\/\/ouiouiblog.files.wordpress.com\/2014\/10\/oui-oui-ideas-para-decorar-una-mesa-de-otoc3b1o-4.jpg\"><img loading=\"lazy\" decoding=\"async\" class=\"alignnone size-full wp-image-1640\" src=\"http:\/\/ouiouiblog.files.wordpress.com\/2014\/10\/oui-oui-ideas-para-decorar-una-mesa-de-otoc3b1o-4.jpg\" alt=\"Oui Oui-ideas para decorar una mesa de oto\u00f1o (4)\" width=\"450\" height=\"600\" \/><\/a> <a href=\"https:\/\/ouiouiblog.files.wordpress.com\/2014\/10\/oui-oui-ideas-para-decorar-una-mesa-de-otoc3b1o-3.jpg\"><img loading=\"lazy\" decoding=\"async\" class=\"alignnone size-full wp-image-1639\" src=\"http:\/\/ouiouiblog.files.wordpress.com\/2014\/10\/oui-oui-ideas-para-decorar-una-mesa-de-otoc3b1o-3.jpg\" alt=\"Oui Oui-ideas para decorar una mesa de oto\u00f1o (3)\" width=\"660\" height=\"962\" \/><\/a> <a href=\"https:\/\/ouiouiblog.files.wordpress.com\/2014\/10\/oui-oui-ideas-para-decorar-una-mesa-de-otoc3b1o-1.jpg\"><img loading=\"lazy\" decoding=\"async\" class=\"alignnone size-full wp-image-1637\" src=\"http:\/\/ouiouiblog.files.wordpress.com\/2014\/10\/oui-oui-ideas-para-decorar-una-mesa-de-otoc3b1o-1.jpg\" alt=\"Oui Oui-ideas para decorar una mesa de oto\u00f1o (1)\" width=\"660\" height=\"989\" \/><\/a><\/p>\n<p>Espero que os sirvan!, si tiene salguna idea m\u00e1s, comp\u00e1tela en comentarios!<\/p>\n<p>Todos los cr\u00e9ditos de las fotos pod\u00e9is encontrarlos en la carpeta de Pinterest (enlace un poco m\u00e1s arriba)<\/p>\n","protected":false},"excerpt":{"rendered":"<p>Mi abuela cumpli\u00f3 hace dos d\u00edas 88 a\u00f1os y el pr\u00f3ximo s\u00e1bado lo celebraremos con una comida en la Sierra toda la familia, el plato principal ser\u00e1 la fabada asturiana (tra\u00edda de all\u00ed, si pasas por Ribadesella no dejes de comprar un pack con todo en Aramburu).As\u00ed que me escribe mi madre para que la [&hellip;]<\/p>\n","protected":false},"author":1,"featured_media":3189,"comment_status":"open","ping_status":"open","sticky":false,"template":"","format":"standard","meta":{"jetpack_post_was_ever_published":false,"_jetpack_newsletter_access":"","_jetpack_dont_email_post_to_subs":false,"_jetpack_newsletter_tier_id":0,"_jetpack_memberships_contains_paywalled_content":false,"_jetpack_memberships_contains_paid_content":false,"footnotes":"","jetpack_publicize_message":"","jetpack_publicize_feature_enabled":true,"jetpack_social_post_already_shared":false,"jetpack_social_options":{"image_generator_settings":{"template":"highway","default_image_id":0,"font":"","enabled":false},"version":2}},"categories":[7],"tags":[53,68],"class_list":["post-1636","post","type-post","status-publish","format-standard","has-post-thumbnail","hentry","category-fiestas-celebraciones","tag-candy-bar","tag-decoracion-otonal"],"aioseo_notices":[],"jetpack_publicize_connections":[],"jetpack_featured_media_url":"https:\/\/oui-oui.es\/blog\/wp-content\/uploads\/2014\/10\/oui-oui-ideas-para-decorar-una-mesa-de-otoc3b1o-14.jpg","jetpack_sharing_enabled":true,"jetpack-related-posts":[{"id":906,"url":"https:\/\/oui-oui.es\/blog\/montando-el-stand-de-envolver\/","url_meta":{"origin":1636,"position":0},"title":"Montando el stand de envolver!","author":"Mar\u00eda \u2665Oui Oui\u2665","date":"10 julio, 2013","format":false,"excerpt":"Sigo sin tener tiempo para escribir todo lo que me gustar\u00eda, porque se han juntado muchas cosas, y una de ellas ten\u00eda muchas ganas de contarla...Ya tenemos oficina!!!, en realidad oficina & almac\u00e9n, todo juntito, que antes estaba separado, vamos que la oficina estaba en casa ;) Una de las\u2026","rel":"","context":"En \u00abESTILO DE VIDA\u00bb","block_context":{"text":"ESTILO DE VIDA","link":"https:\/\/oui-oui.es\/blog\/category\/lifestyle-2\/"},"img":{"alt_text":"","src":"https:\/\/i0.wp.com\/oui-oui.es\/blog\/wp-content\/uploads\/oui-oui-stand-crafty-decorar-mesa-de-envolver-regalos-rincon-craft-1.jpg?resize=350%2C200&ssl=1","width":350,"height":200,"srcset":"https:\/\/i0.wp.com\/oui-oui.es\/blog\/wp-content\/uploads\/oui-oui-stand-crafty-decorar-mesa-de-envolver-regalos-rincon-craft-1.jpg?resize=350%2C200&ssl=1 1x, https:\/\/i0.wp.com\/oui-oui.es\/blog\/wp-content\/uploads\/oui-oui-stand-crafty-decorar-mesa-de-envolver-regalos-rincon-craft-1.jpg?resize=525%2C300&ssl=1 1.5x, https:\/\/i0.wp.com\/oui-oui.es\/blog\/wp-content\/uploads\/oui-oui-stand-crafty-decorar-mesa-de-envolver-regalos-rincon-craft-1.jpg?resize=700%2C400&ssl=1 2x"},"classes":[]},{"id":2281,"url":"https:\/\/oui-oui.es\/blog\/pon-un-cactus-en-el-salon\/","url_meta":{"origin":1636,"position":1},"title":"Pon un cactus en el sal\u00f3n","author":"Mar\u00eda \u2665Oui Oui\u2665","date":"7 mayo, 2015","format":false,"excerpt":"Mi \u00faltima obsesi\u00f3n; los cactus, me traje de Singapur un bote de\u00a0l\u00e1pices con forma de cactus, en H&M me compr\u00e9 una vela y un platito cactus...(Bueno, y unas semanas despu\u00e9s, tambi\u00e9n unas alpargatas con cactus estampados) Entre medias, encontr\u00e9 un estuche cactus perfecto para llevar en el bolso. Y de\u2026","rel":"","context":"En \u00abDECORACI\u00d3N\u00bb","block_context":{"text":"DECORACI\u00d3N","link":"https:\/\/oui-oui.es\/blog\/category\/decoracion-de-casa\/"},"img":{"alt_text":"","src":"https:\/\/i0.wp.com\/oui-oui.es\/blog\/wp-content\/uploads\/2015\/05\/oui-oui-tendencia-cactus-vela-cactus-alpargatas-estampado-cactus-platito-cactus.jpg?resize=350%2C200&ssl=1","width":350,"height":200},"classes":[]},{"id":1103,"url":"https:\/\/oui-oui.es\/blog\/decorar-con-guirnaldas\/","url_meta":{"origin":1636,"position":2},"title":"Decorar con guirnaldas","author":"Mar\u00eda \u2665Oui Oui\u2665","date":"21 enero, 2014","format":false,"excerpt":"Las hab\u00eda echado el ojo hace tiempo y por fin est\u00e1n en Oui Oui, las guirnaldas de borlas, de tiras de papel o tassel garlands. Una alternativa a los banderines, me gustaban para decorar cualquier rinc\u00f3n de una fiesta; para la mesa de dulces, la zona de baile o una\u2026","rel":"","context":"En \u00abBoda\u00bb","block_context":{"text":"Boda","link":"https:\/\/oui-oui.es\/blog\/category\/fiestas-celebraciones\/boda\/"},"img":{"alt_text":"","src":"https:\/\/i0.wp.com\/oui-oui.es\/blog\/wp-content\/uploads\/2014\/01\/oui-oui-decorar-con-guirnaldas-guirnadas-de-flecos-guirnaldas-de-borlas-tassel-garlands-decoracion-original-boda-boda-rustic-chic-1.jpg?resize=350%2C200&ssl=1","width":350,"height":200,"srcset":"https:\/\/i0.wp.com\/oui-oui.es\/blog\/wp-content\/uploads\/2014\/01\/oui-oui-decorar-con-guirnaldas-guirnadas-de-flecos-guirnaldas-de-borlas-tassel-garlands-decoracion-original-boda-boda-rustic-chic-1.jpg?resize=350%2C200&ssl=1 1x, https:\/\/i0.wp.com\/oui-oui.es\/blog\/wp-content\/uploads\/2014\/01\/oui-oui-decorar-con-guirnaldas-guirnadas-de-flecos-guirnaldas-de-borlas-tassel-garlands-decoracion-original-boda-boda-rustic-chic-1.jpg?resize=525%2C300&ssl=1 1.5x"},"classes":[]},{"id":374,"url":"https:\/\/oui-oui.es\/blog\/el-arbol-diy-de-este-ano\/","url_meta":{"origin":1636,"position":3},"title":"El \u00e1rbol DIY de este a\u00f1o","author":"Mar\u00eda \u2665Oui Oui\u2665","date":"21 diciembre, 2012","format":false,"excerpt":"Hace una semana escrib\u00eda sobre formas diferentes de crear y decorar \u00e1rboles de navidad, m\u00e1s all\u00e1 del natural de toda la vida. La idea de este a\u00f1o era hacer un \u00e1rbol con troncos, pues estamos en la sierra y era lo m\u00e1s apropiado adem\u00e1s de f\u00e1cil de conseguir. Hoy lo\u2026","rel":"","context":"En \u00abNavidad\u00bb","block_context":{"text":"Navidad","link":"https:\/\/oui-oui.es\/blog\/category\/fiestas-celebraciones\/navidad\/"},"img":{"alt_text":"","src":"https:\/\/i0.wp.com\/oui-oui.es\/blog\/wp-content\/uploads\/oui-oui-arbol-navidad-ramas-troncos-diy-arbol-navidad-diferente-4.jpg?resize=350%2C200&ssl=1","width":350,"height":200,"srcset":"https:\/\/i0.wp.com\/oui-oui.es\/blog\/wp-content\/uploads\/oui-oui-arbol-navidad-ramas-troncos-diy-arbol-navidad-diferente-4.jpg?resize=350%2C200&ssl=1 1x, https:\/\/i0.wp.com\/oui-oui.es\/blog\/wp-content\/uploads\/oui-oui-arbol-navidad-ramas-troncos-diy-arbol-navidad-diferente-4.jpg?resize=525%2C300&ssl=1 1.5x, https:\/\/i0.wp.com\/oui-oui.es\/blog\/wp-content\/uploads\/oui-oui-arbol-navidad-ramas-troncos-diy-arbol-navidad-diferente-4.jpg?resize=700%2C400&ssl=1 2x, https:\/\/i0.wp.com\/oui-oui.es\/blog\/wp-content\/uploads\/oui-oui-arbol-navidad-ramas-troncos-diy-arbol-navidad-diferente-4.jpg?resize=1050%2C600&ssl=1 3x, https:\/\/i0.wp.com\/oui-oui.es\/blog\/wp-content\/uploads\/oui-oui-arbol-navidad-ramas-troncos-diy-arbol-navidad-diferente-4.jpg?resize=1400%2C800&ssl=1 4x"},"classes":[]},{"id":9415,"url":"https:\/\/oui-oui.es\/blog\/el-cumpleanos-espacial\/","url_meta":{"origin":1636,"position":4},"title":"El cumplea\u00f1os espacial","author":"Mar\u00eda \u2665Oui Oui\u2665","date":"5 noviembre, 2018","format":false,"excerpt":"Como cada a\u00f1o, para el cumple de M. pensamos una tem\u00e1tica, cuando cumpli\u00f3 tres fue la m\u00fasica porque era lo que m\u00e1s le llamaba la atenci\u00f3n por entonces, por los cuatros a\u00f1os hicimos el cumplea\u00f1os de los deportes y este a\u00f1o que cumpli\u00f3 cinco quer\u00eda un cumplea\u00f1os espacial, lo vieron\u2026","rel":"","context":"En \u00abFIESTAS y CELEBRACIONES\u00bb","block_context":{"text":"FIESTAS y CELEBRACIONES","link":"https:\/\/oui-oui.es\/blog\/category\/fiestas-celebraciones\/"},"img":{"alt_text":"","src":"https:\/\/i0.wp.com\/oui-oui.es\/blog\/wp-content\/uploads\/2018\/11\/Oui-Oui-cumplea%C3%B1os-espacial-fiesta-cumplea%C3%B1os-astronautas-festa-ni%C3%B1os-espacio-galletas-espacio-disfraces-astronautas-rollo-colorear-espacio-11.jpg?resize=350%2C200&ssl=1","width":350,"height":200,"srcset":"https:\/\/i0.wp.com\/oui-oui.es\/blog\/wp-content\/uploads\/2018\/11\/Oui-Oui-cumplea%C3%B1os-espacial-fiesta-cumplea%C3%B1os-astronautas-festa-ni%C3%B1os-espacio-galletas-espacio-disfraces-astronautas-rollo-colorear-espacio-11.jpg?resize=350%2C200&ssl=1 1x, https:\/\/i0.wp.com\/oui-oui.es\/blog\/wp-content\/uploads\/2018\/11\/Oui-Oui-cumplea%C3%B1os-espacial-fiesta-cumplea%C3%B1os-astronautas-festa-ni%C3%B1os-espacio-galletas-espacio-disfraces-astronautas-rollo-colorear-espacio-11.jpg?resize=525%2C300&ssl=1 1.5x, https:\/\/i0.wp.com\/oui-oui.es\/blog\/wp-content\/uploads\/2018\/11\/Oui-Oui-cumplea%C3%B1os-espacial-fiesta-cumplea%C3%B1os-astronautas-festa-ni%C3%B1os-espacio-galletas-espacio-disfraces-astronautas-rollo-colorear-espacio-11.jpg?resize=700%2C400&ssl=1 2x, https:\/\/i0.wp.com\/oui-oui.es\/blog\/wp-content\/uploads\/2018\/11\/Oui-Oui-cumplea%C3%B1os-espacial-fiesta-cumplea%C3%B1os-astronautas-festa-ni%C3%B1os-espacio-galletas-espacio-disfraces-astronautas-rollo-colorear-espacio-11.jpg?resize=1050%2C600&ssl=1 3x, https:\/\/i0.wp.com\/oui-oui.es\/blog\/wp-content\/uploads\/2018\/11\/Oui-Oui-cumplea%C3%B1os-espacial-fiesta-cumplea%C3%B1os-astronautas-festa-ni%C3%B1os-espacio-galletas-espacio-disfraces-astronautas-rollo-colorear-espacio-11.jpg?resize=1400%2C800&ssl=1 4x"},"classes":[]},{"id":3777,"url":"https:\/\/oui-oui.es\/blog\/empezamos-a-decorar-la-navidad\/","url_meta":{"origin":1636,"position":5},"title":"\u00bfEmpezamos a decorar la Navidad?","author":"Mar\u00eda \u2665Oui Oui\u2665","date":"19 noviembre, 2015","format":false,"excerpt":"Tradicionalmente he empezado a decorar la casa en el puente de diciembre (cuando no estaba esquiando los \u00faltimos a\u00f1os), pero ya me pas\u00f3 el a\u00f1o pasado que, como pasamos varios d\u00edas de Navidad fuera de Madrid, me aprece que \"no he vivido\" la Navidad en casa lo suficiente...As\u00ed que ayer\u2026","rel":"","context":"En \u00abNavidad\u00bb","block_context":{"text":"Navidad","link":"https:\/\/oui-oui.es\/blog\/category\/fiestas-celebraciones\/navidad\/"},"img":{"alt_text":"","src":"https:\/\/i0.wp.com\/oui-oui.es\/blog\/wp-content\/uploads\/2015\/11\/Oui-Oui-arbol-navidad-ramas-arbol-navidad-troncos-colgador-christmas.jpg?resize=350%2C200&ssl=1","width":350,"height":200,"srcset":"https:\/\/i0.wp.com\/oui-oui.es\/blog\/wp-content\/uploads\/2015\/11\/Oui-Oui-arbol-navidad-ramas-arbol-navidad-troncos-colgador-christmas.jpg?resize=350%2C200&ssl=1 1x, https:\/\/i0.wp.com\/oui-oui.es\/blog\/wp-content\/uploads\/2015\/11\/Oui-Oui-arbol-navidad-ramas-arbol-navidad-troncos-colgador-christmas.jpg?resize=525%2C300&ssl=1 1.5x"},"classes":[]}],"_links":{"self":[{"href":"https:\/\/oui-oui.es\/blog\/wp-json\/wp\/v2\/posts\/1636","targetHints":{"allow":["GET"]}}],"collection":[{"href":"https:\/\/oui-oui.es\/blog\/wp-json\/wp\/v2\/posts"}],"about":[{"href":"https:\/\/oui-oui.es\/blog\/wp-json\/wp\/v2\/types\/post"}],"author":[{"embeddable":true,"href":"https:\/\/oui-oui.es\/blog\/wp-json\/wp\/v2\/users\/1"}],"replies":[{"embeddable":true,"href":"https:\/\/oui-oui.es\/blog\/wp-json\/wp\/v2\/comments?post=1636"}],"version-history":[{"count":1,"href":"https:\/\/oui-oui.es\/blog\/wp-json\/wp\/v2\/posts\/1636\/revisions"}],"predecessor-version":[{"id":3190,"href":"https:\/\/oui-oui.es\/blog\/wp-json\/wp\/v2\/posts\/1636\/revisions\/3190"}],"wp:featuredmedia":[{"embeddable":true,"href":"https:\/\/oui-oui.es\/blog\/wp-json\/wp\/v2\/media\/3189"}],"wp:attachment":[{"href":"https:\/\/oui-oui.es\/blog\/wp-json\/wp\/v2\/media?parent=1636"}],"wp:term":[{"taxonomy":"category","embeddable":true,"href":"https:\/\/oui-oui.es\/blog\/wp-json\/wp\/v2\/categories?post=1636"},{"taxonomy":"post_tag","embeddable":true,"href":"https:\/\/oui-oui.es\/blog\/wp-json\/wp\/v2\/tags?post=1636"}],"curies":[{"name":"wp","href":"https:\/\/api.w.org\/{rel}","templated":true}]}}