{"id":1692,"date":"2014-11-12T12:01:57","date_gmt":"2014-11-12T11:01:57","guid":{"rendered":"http:\/\/ouiouiblog.wordpress.com\/?p=1692"},"modified":"2015-09-02T16:15:05","modified_gmt":"2015-09-02T14:15:05","slug":"mi-agenda-de-octubre","status":"publish","type":"post","link":"https:\/\/oui-oui.es\/blog\/mi-agenda-de-octubre\/","title":{"rendered":"Mi agenda de octubre"},"content":{"rendered":"<p>Outlook me va a dos por hora, as\u00ed que mientras sincroniza carpetas y actualiza correos he decidido escribir otro post (s\u00ed, o no escribo en un mes o escribo dos d\u00edas seguidos, a\u00fan no he conseguido ser constante con el blog, qu\u00e9 se le va a hacer!).<\/p>\n<p>Y como tengo tantas cosas acumuladas que <strong>quer\u00eda contar de octubre<\/strong>, qu\u00e9 mejor que hacer un peque\u00f1o resumen de mis cositas del mes pasado.<\/p>\n<p><a href=\"https:\/\/ouiouiblog.files.wordpress.com\/2014\/11\/oui-oui-las-autc3a9nticas-puertas-del-ratoncito-pc3a9rez-58.jpg\"><img loading=\"lazy\" decoding=\"async\" class=\"alignnone size-full wp-image-1702\" src=\"https:\/\/ouiouiblog.files.wordpress.com\/2014\/11\/oui-oui-las-autc3a9nticas-puertas-del-ratoncito-pc3a9rez-58.jpg\" alt=\"Oui Oui-las aut\u00e9nticas puertas del ratoncito P\u00e9rez (58)\" width=\"660\" height=\"989\" \/><\/a><\/p>\n<p>Hice una sesi\u00f3n de fotos de las <a href=\"http:\/\/www.oui-oui.es\/29-puertas-ratoncito-perez\" target=\"_blank\"><strong>puertas para el ratoncito P\u00e9rez<\/strong> <\/a>con la fot\u00f3grafa <a href=\"http:\/\/elenabau.es\/\" target=\"_blank\"><strong>Elena Bau<\/strong><\/a>, que conoc\u00ed a principios de este a\u00f1o y que ya se ha convertido en amiga, tengo un post pendiente sobre las fotos nuevas, pero no os perd\u00e1is sus <a href=\"http:\/\/elenabau.es\/portfolio\/bodas\/\" target=\"_blank\">fotograf\u00edas de boda<\/a>, tienen una luz y color muy especial.<\/p>\n<p><a href=\"https:\/\/ouiouiblog.files.wordpress.com\/2014\/11\/oui-oui-inauguracion-elena-bau-fotografic2a6c3bca-1.jpg\"><img loading=\"lazy\" decoding=\"async\" class=\"alignnone size-full wp-image-1697\" src=\"https:\/\/ouiouiblog.files.wordpress.com\/2014\/11\/oui-oui-inauguracion-elena-bau-fotografic2a6c3bca-1.jpg\" alt=\"Oui oui-inauguracion-Elena-Bau-Fotografi\u00a6\u00fca-1\" width=\"660\" height=\"440\" \/><\/a><\/p>\n<p>Fui a conocer la colecci\u00f3n de oto\u00f1o\/invierno de <a href=\"http:\/\/www.davidchristianmadrid.com\/ecommerce\/categories\/area.cfm\" target=\"_blank\"><strong>David Christian<\/strong><\/a> (y de paso su preciosa tienda), como sab\u00e9is fueron las que <a href=\"https:\/\/ouiouiblog.wordpress.com\/2012\/11\/20\/una-boda-sencilla-llena-de-detalles-y-con-un-estilo-muy-campestre\/\" target=\"_blank\"><strong>dise\u00f1aron mi vestido de novia<\/strong><\/a> y me encanta ver sus nuevas creaciones.<\/p>\n<p><a href=\"https:\/\/ouiouiblog.files.wordpress.com\/2014\/11\/oui-oui-vestidos-novia-david-christian-2015.jpg\"><img loading=\"lazy\" decoding=\"async\" class=\"alignnone size-full wp-image-1696\" src=\"https:\/\/ouiouiblog.files.wordpress.com\/2014\/11\/oui-oui-vestidos-novia-david-christian-2015.jpg\" alt=\"Oui oUi-vestidos novia david christian 2015\" width=\"620\" height=\"413\" \/><\/a><\/p>\n<p>Mis favoritos?; el <strong>estampado floral<\/strong> de la siguiente foto (que tienes en dos versiones de tejido) y un <a href=\"http:\/\/www.davidchristianmadrid.com\/monos\/product2172\" target=\"_blank\"><strong>mono que parece un pantal\u00f3n con una blusa<\/strong><\/a>, lo llevaba Paloma y le quedaba estupendamente.<\/p>\n<p>Y el estampado que est\u00e1 triunfando, en dos versiones, m\u00e1s r\u00edgida (si te lo puedes permitir, queda ideal, el de la foto del escaparate) o en seda, m\u00e1s vaporoso.<\/p>\n<p><a href=\"https:\/\/ouiouiblog.files.wordpress.com\/2014\/11\/oui-oui-coleccion-otoc3b1o-invierno-david-christian-14-15.jpg\"><img loading=\"lazy\" decoding=\"async\" class=\"alignnone size-full wp-image-1693\" src=\"https:\/\/ouiouiblog.files.wordpress.com\/2014\/11\/oui-oui-coleccion-otoc3b1o-invierno-david-christian-14-15.jpg\" alt=\"Oui Oui-coleccion oto\u00f1o invierno david christian 14-15\" width=\"413\" height=\"620\" \/><\/a><\/p>\n<p>Tambi\u00e9n disfrut\u00e9 de una original comida (con danza entre plato y plato) en la presentaci\u00f3n del <a href=\"http:\/\/joyeriasuarez.com\/imante\/\" target=\"_blank\"><strong>primer reloj de mujer de Su\u00e1rez; Imant\u00e9<\/strong><\/a>.<\/p>\n<p><a href=\"https:\/\/ouiouiblog.files.wordpress.com\/2014\/11\/oui-oui-presentacion-reloj-imante-suarez-danza.jpg\"><img loading=\"lazy\" decoding=\"async\" class=\"alignnone size-full wp-image-1701\" src=\"https:\/\/ouiouiblog.files.wordpress.com\/2014\/11\/oui-oui-presentacion-reloj-imante-suarez-danza.jpg\" alt=\"Oui Oui-presentacion reloj imante suarez-danza\" width=\"660\" height=\"439\" \/><\/a><\/p>\n<p>Han creado varios modelos, mi favorito es el de la <strong>correa de cocodrilo marr\u00f3n.<\/strong><\/p>\n<p><a href=\"https:\/\/ouiouiblog.files.wordpress.com\/2014\/11\/oui-oui-reloj-mujer-suarez-imante-primer-reloj-mujer-suarez-cocorilo-marron.jpg\"><img loading=\"lazy\" decoding=\"async\" class=\"alignnone size-full wp-image-1700\" src=\"https:\/\/ouiouiblog.files.wordpress.com\/2014\/11\/oui-oui-reloj-mujer-suarez-imante-primer-reloj-mujer-suarez-cocorilo-marron.jpg\" alt=\"Oui Oui-reloj mujer suarez-imante-primer reloj mujer suarez-cocorilo marron\" width=\"543\" height=\"543\" \/><\/a><\/p>\n<p>Al d\u00eda siguiente, nos reunimos muchos amigos y conocidos gracias a la convocatoria de la fot\u00f3grafa <a href=\"http:\/\/www.saralobla.com\/\" target=\"_blank\"><strong>Sara Lobla<\/strong><\/a>, con qui\u00e9n tenemos pendiente una sesi\u00f3n de fotos familiar que me muero de ganas de hacer!<\/p>\n<div id=\"attachment_1695\" style=\"width: 2034px\" class=\"wp-caption alignnone\"><img loading=\"lazy\" decoding=\"async\" aria-describedby=\"caption-attachment-1695\" class=\"wp-image-1695 size-full\" src=\"https:\/\/ouiouiblog.files.wordpress.com\/2014\/11\/oui-oui-sara-lobla-sesion-fotos-embarazo.jpg\" alt=\"Oui Oui-sara lobla-sesion fotos embarazo\" width=\"2024\" height=\"1518\" \/><p id=\"caption-attachment-1695\" class=\"wp-caption-text\">Sesi\u00f3n de fotos de Raquel de Dorothy\u00b4s Red Shoes<\/p><\/div>\n<p>Y terminamos el mes conociendo el incre\u00edble hotel <strong><a href=\"www.lacasadelostomillares.es\" target=\"_blank\">La Casa de los Tomillares<\/a><\/strong>, en Candeleda, un hotel boutique perfecto para una <strong>babymoon<\/strong>, para un <strong>fin de semana<\/strong> de <strong>relax gastron\u00f3mico<\/strong> (su cocina es incre\u00edble) o para <strong>celebrar una boda<\/strong>.<\/p>\n<p><a href=\"https:\/\/ouiouiblog.files.wordpress.com\/2014\/11\/oui-oui-la-casa-de-los-tomillares-bodas-babymoon-romantico.jpg\"><img loading=\"lazy\" decoding=\"async\" class=\"alignnone size-full wp-image-1698\" src=\"https:\/\/ouiouiblog.files.wordpress.com\/2014\/11\/oui-oui-la-casa-de-los-tomillares-bodas-babymoon-romantico.jpg\" alt=\"Oui Oui-la casa de los tomillares-bodas-babymoon-romantico\" width=\"660\" height=\"356\" \/><\/a> <a href=\"https:\/\/ouiouiblog.files.wordpress.com\/2014\/11\/oui-oui-la-casa-de-los-tomillares-bodas-babymoon-romantico-gourmet.jpg\"><img loading=\"lazy\" decoding=\"async\" class=\"alignnone size-full wp-image-1699\" src=\"https:\/\/ouiouiblog.files.wordpress.com\/2014\/11\/oui-oui-la-casa-de-los-tomillares-bodas-babymoon-romantico-gourmet.jpg\" alt=\"Oui Oui-la casa de los tomillares-bodas-babymoon-romantico-gourmet\" width=\"660\" height=\"356\" \/><\/a><\/p>\n<p>\u00a1Hasta el pr\u00f3ximo post!<\/p>\n<p>&nbsp;<\/p>\n","protected":false},"excerpt":{"rendered":"<p>Outlook me va a dos por hora, as\u00ed que mientras sincroniza carpetas y actualiza correos he decidido escribir otro post (s\u00ed, o no escribo en un mes o escribo dos d\u00edas seguidos, a\u00fan no he conseguido ser constante con el blog, qu\u00e9 se le va a hacer!). Y como tengo tantas cosas acumuladas que quer\u00eda [&hellip;]<\/p>\n","protected":false},"author":1,"featured_media":3183,"comment_status":"open","ping_status":"open","sticky":false,"template":"","format":"standard","meta":{"jetpack_post_was_ever_published":false,"_jetpack_newsletter_access":"","_jetpack_dont_email_post_to_subs":false,"_jetpack_newsletter_tier_id":0,"_jetpack_memberships_contains_paywalled_content":false,"_jetpack_memberships_contains_paid_content":false,"footnotes":"","jetpack_publicize_message":"","jetpack_publicize_feature_enabled":true,"jetpack_social_post_already_shared":false,"jetpack_social_options":{"image_generator_settings":{"template":"highway","default_image_id":0,"font":"","enabled":false},"version":2}},"categories":[177],"tags":[536,716,340],"class_list":["post-1692","post","type-post","status-publish","format-standard","has-post-thumbnail","hentry","category-lifestyle-2","tag-fotografia","tag-looks-boda","tag-puertas-ratoncito-perez"],"aioseo_notices":[],"jetpack_publicize_connections":[],"jetpack_featured_media_url":"https:\/\/oui-oui.es\/blog\/wp-content\/uploads\/2014\/11\/oui-oui-las-autc3a9nticas-puertas-del-ratoncito-pc3a9rez-58.jpg","jetpack_sharing_enabled":true,"jetpack-related-posts":[{"id":2716,"url":"https:\/\/oui-oui.es\/blog\/las-puertas-del-ratoncito-perez-de-junio\/","url_meta":{"origin":1692,"position":0},"title":"Las puertas del ratoncito P\u00e9rez de junio","author":"Mar\u00eda \u2665Oui Oui\u2665","date":"2 julio, 2015","format":false,"excerpt":"Como cada mes, me gusta mostraros las puertas para el ratoncito P\u00e9rez m\u00e1s caracter\u00edsticas, este mes de juno hemos hecho algunas muy especiales, pero lo que m\u00e1s me ha llamado la atenci\u00f3n han sido los destinos hacia donde iban. Hasta este paraje espectcular llegaron dos puertas para el ratoncito (Islas\u2026","rel":"","context":"En \u00abNI\u00d1OS Y NI\u00d1AS\u00bb","block_context":{"text":"NI\u00d1OS Y NI\u00d1AS","link":"https:\/\/oui-oui.es\/blog\/category\/ninos\/"},"img":{"alt_text":"","src":"https:\/\/i0.wp.com\/oui-oui.es\/blog\/wp-content\/uploads\/Oui-Oui-puerta-ratoncito-P%C3%A9rez-Orgullo-Gay.jpg?resize=350%2C200&ssl=1","width":350,"height":200,"srcset":"https:\/\/i0.wp.com\/oui-oui.es\/blog\/wp-content\/uploads\/Oui-Oui-puerta-ratoncito-P%C3%A9rez-Orgullo-Gay.jpg?resize=350%2C200&ssl=1 1x, https:\/\/i0.wp.com\/oui-oui.es\/blog\/wp-content\/uploads\/Oui-Oui-puerta-ratoncito-P%C3%A9rez-Orgullo-Gay.jpg?resize=525%2C300&ssl=1 1.5x"},"classes":[]},{"id":3643,"url":"https:\/\/oui-oui.es\/blog\/las-puertas-del-ratoncito-perez-de-octubre\/","url_meta":{"origin":1692,"position":1},"title":"Las puertas del ratoncito P\u00e9rez de octubre","author":"Mar\u00eda \u2665Oui Oui\u2665","date":"29 octubre, 2015","format":false,"excerpt":"No s\u00e9 que ha pasado en verano que se me hab\u00eda olvidado compartir por aqu\u00ed alguno de los modelos m\u00e1s originales o diferentes que hemos hecho de las puertas del ratoncito P\u00e9rez, as\u00ed que hoy vuelvo con m\u00e1s ganas que nunca con esta secci\u00f3n ;) Una de las m\u00e1s trabajosas\u2026","rel":"","context":"En \u00abPUERTAS RATONCITO P\u00c9REZ\u00bb","block_context":{"text":"PUERTAS RATONCITO P\u00c9REZ","link":"https:\/\/oui-oui.es\/blog\/category\/puertas-para-el-ratoncito-perez\/"},"img":{"alt_text":"","src":"https:\/\/i0.wp.com\/oui-oui.es\/blog\/wp-content\/uploads\/2015\/10\/Oui-Oui-puerta-ratoncito-perez-els-patufets.jpg?resize=350%2C200&ssl=1","width":350,"height":200,"srcset":"https:\/\/i0.wp.com\/oui-oui.es\/blog\/wp-content\/uploads\/2015\/10\/Oui-Oui-puerta-ratoncito-perez-els-patufets.jpg?resize=350%2C200&ssl=1 1x, https:\/\/i0.wp.com\/oui-oui.es\/blog\/wp-content\/uploads\/2015\/10\/Oui-Oui-puerta-ratoncito-perez-els-patufets.jpg?resize=525%2C300&ssl=1 1.5x, https:\/\/i0.wp.com\/oui-oui.es\/blog\/wp-content\/uploads\/2015\/10\/Oui-Oui-puerta-ratoncito-perez-els-patufets.jpg?resize=700%2C400&ssl=1 2x, https:\/\/i0.wp.com\/oui-oui.es\/blog\/wp-content\/uploads\/2015\/10\/Oui-Oui-puerta-ratoncito-perez-els-patufets.jpg?resize=1050%2C600&ssl=1 3x, https:\/\/i0.wp.com\/oui-oui.es\/blog\/wp-content\/uploads\/2015\/10\/Oui-Oui-puerta-ratoncito-perez-els-patufets.jpg?resize=1400%2C800&ssl=1 4x"},"classes":[]},{"id":4232,"url":"https:\/\/oui-oui.es\/blog\/las-puertas-del-ratoncito-de-este-ano\/","url_meta":{"origin":1692,"position":2},"title":"Las puertas del ratoncito de este a\u00f1o","author":"Mar\u00eda \u2665Oui Oui\u2665","date":"26 abril, 2016","format":false,"excerpt":"Mi intenci\u00f3n era ense\u00f1aros una selecci\u00f3n de las puertas para el ratoncito P\u00e9rez que hacemos cada mes, pero lo cierto es que vamos a mil con los pedidos y seg\u00fan las trae mi padre a la oficina salen corriendo hacia vuetsras casas y muchas veces no me da tiempo a\u2026","rel":"","context":"En \u00abNI\u00d1OS Y NI\u00d1AS\u00bb","block_context":{"text":"NI\u00d1OS Y NI\u00d1AS","link":"https:\/\/oui-oui.es\/blog\/category\/ninos\/"},"img":{"alt_text":"","src":"https:\/\/i0.wp.com\/oui-oui.es\/blog\/wp-content\/uploads\/2016\/04\/Oui-Oui-puerta-ratoncito-perez-puerta-raton-perez-dream-big.jpg?resize=350%2C200&ssl=1","width":350,"height":200,"srcset":"https:\/\/i0.wp.com\/oui-oui.es\/blog\/wp-content\/uploads\/2016\/04\/Oui-Oui-puerta-ratoncito-perez-puerta-raton-perez-dream-big.jpg?resize=350%2C200&ssl=1 1x, https:\/\/i0.wp.com\/oui-oui.es\/blog\/wp-content\/uploads\/2016\/04\/Oui-Oui-puerta-ratoncito-perez-puerta-raton-perez-dream-big.jpg?resize=525%2C300&ssl=1 1.5x, https:\/\/i0.wp.com\/oui-oui.es\/blog\/wp-content\/uploads\/2016\/04\/Oui-Oui-puerta-ratoncito-perez-puerta-raton-perez-dream-big.jpg?resize=700%2C400&ssl=1 2x, https:\/\/i0.wp.com\/oui-oui.es\/blog\/wp-content\/uploads\/2016\/04\/Oui-Oui-puerta-ratoncito-perez-puerta-raton-perez-dream-big.jpg?resize=1050%2C600&ssl=1 3x, https:\/\/i0.wp.com\/oui-oui.es\/blog\/wp-content\/uploads\/2016\/04\/Oui-Oui-puerta-ratoncito-perez-puerta-raton-perez-dream-big.jpg?resize=1400%2C800&ssl=1 4x"},"classes":[]},{"id":1971,"url":"https:\/\/oui-oui.es\/blog\/las-puertas-del-ratoncito-perez-en-febrero\/","url_meta":{"origin":1692,"position":3},"title":"Las puertas del ratoncito P\u00e9rez en febrero","author":"Mar\u00eda \u2665Oui Oui\u2665","date":"3 marzo, 2015","format":false,"excerpt":"Cada d\u00eda tenemos pedidos diferentes de las puertas del ratoncito P\u00e9rez y la verdad es que nos encantan aquellos especialmente diferentes, por el color que ped\u00eds, por la historia que hay detr\u00e1s o por la composici\u00f3n que hago para la foto. As\u00ed que me he propuesto compartir con vosotros aquellas\u2026","rel":"","context":"En \u00abPUERTAS RATONCITO P\u00c9REZ\u00bb","block_context":{"text":"PUERTAS RATONCITO P\u00c9REZ","link":"https:\/\/oui-oui.es\/blog\/category\/puertas-para-el-ratoncito-perez\/"},"img":{"alt_text":"","src":"https:\/\/i0.wp.com\/oui-oui.es\/blog\/wp-content\/uploads\/2015\/03\/oui-oui-puerta-ratoncito-perez-mint-nutella.jpg?resize=350%2C200&ssl=1","width":350,"height":200,"srcset":"https:\/\/i0.wp.com\/oui-oui.es\/blog\/wp-content\/uploads\/2015\/03\/oui-oui-puerta-ratoncito-perez-mint-nutella.jpg?resize=350%2C200&ssl=1 1x, https:\/\/i0.wp.com\/oui-oui.es\/blog\/wp-content\/uploads\/2015\/03\/oui-oui-puerta-ratoncito-perez-mint-nutella.jpg?resize=525%2C300&ssl=1 1.5x"},"classes":[]},{"id":10866,"url":"https:\/\/oui-oui.es\/blog\/algunas-puertas-del-ratoncito-perez-de-mayo\/","url_meta":{"origin":1692,"position":4},"title":"Algunas puertas del ratoncito P\u00e9rez de mayo","author":"Mar\u00eda \u2665Oui Oui\u2665","date":"21 mayo, 2024","format":false,"excerpt":"Algunas de las Puertas para el Ratoncito P\u00e9rez que hemos hecho en el \u00faltimo mes.","rel":"","context":"En \u00abPUERTAS RATONCITO P\u00c9REZ\u00bb","block_context":{"text":"PUERTAS RATONCITO P\u00c9REZ","link":"https:\/\/oui-oui.es\/blog\/category\/puertas-para-el-ratoncito-perez\/"},"img":{"alt_text":"","src":"https:\/\/i0.wp.com\/oui-oui.es\/blog\/wp-content\/uploads\/2024\/05\/Oui-Oui-Puerta-Ratoncito-Perez-Ratoncitos-Maileg-Autenticas-Puertas-Ratoncito-Perez-6-scaled.jpg?resize=350%2C200&ssl=1","width":350,"height":200,"srcset":"https:\/\/i0.wp.com\/oui-oui.es\/blog\/wp-content\/uploads\/2024\/05\/Oui-Oui-Puerta-Ratoncito-Perez-Ratoncitos-Maileg-Autenticas-Puertas-Ratoncito-Perez-6-scaled.jpg?resize=350%2C200&ssl=1 1x, https:\/\/i0.wp.com\/oui-oui.es\/blog\/wp-content\/uploads\/2024\/05\/Oui-Oui-Puerta-Ratoncito-Perez-Ratoncitos-Maileg-Autenticas-Puertas-Ratoncito-Perez-6-scaled.jpg?resize=525%2C300&ssl=1 1.5x, https:\/\/i0.wp.com\/oui-oui.es\/blog\/wp-content\/uploads\/2024\/05\/Oui-Oui-Puerta-Ratoncito-Perez-Ratoncitos-Maileg-Autenticas-Puertas-Ratoncito-Perez-6-scaled.jpg?resize=700%2C400&ssl=1 2x, https:\/\/i0.wp.com\/oui-oui.es\/blog\/wp-content\/uploads\/2024\/05\/Oui-Oui-Puerta-Ratoncito-Perez-Ratoncitos-Maileg-Autenticas-Puertas-Ratoncito-Perez-6-scaled.jpg?resize=1050%2C600&ssl=1 3x, https:\/\/i0.wp.com\/oui-oui.es\/blog\/wp-content\/uploads\/2024\/05\/Oui-Oui-Puerta-Ratoncito-Perez-Ratoncitos-Maileg-Autenticas-Puertas-Ratoncito-Perez-6-scaled.jpg?resize=1400%2C800&ssl=1 4x"},"classes":[]},{"id":4397,"url":"https:\/\/oui-oui.es\/blog\/las-puertas-del-ratoncito-perez-de-mayo-2\/","url_meta":{"origin":1692,"position":5},"title":"Las puertas del ratoncito P\u00e9rez de mayo","author":"Mar\u00eda \u2665Oui Oui\u2665","date":"3 junio, 2016","format":false,"excerpt":"Durante las \u00faltimas semanas hemos hecho algunas puertas para el ratoncito P\u00e9rez m\u00e1s especiales, llev\u00e1bamos un tiempo trabajando en una de las m\u00e1s personalizadas que hemos ehcho hasta el momento y por fin vio la luz...Se trata de la puerta del rat\u00f3n P\u00e9rez de la pasteler\u00eda Motteau en el Barrio\u2026","rel":"","context":"En \u00abNI\u00d1OS Y NI\u00d1AS\u00bb","block_context":{"text":"NI\u00d1OS Y NI\u00d1AS","link":"https:\/\/oui-oui.es\/blog\/category\/ninos\/"},"img":{"alt_text":"","src":"https:\/\/i0.wp.com\/oui-oui.es\/blog\/wp-content\/uploads\/2016\/06\/Oui-Oui-puerta-ratoncito-P%C3%A9rez-Motteau-bakery-madrid.jpg?resize=350%2C200&ssl=1","width":350,"height":200,"srcset":"https:\/\/i0.wp.com\/oui-oui.es\/blog\/wp-content\/uploads\/2016\/06\/Oui-Oui-puerta-ratoncito-P%C3%A9rez-Motteau-bakery-madrid.jpg?resize=350%2C200&ssl=1 1x, https:\/\/i0.wp.com\/oui-oui.es\/blog\/wp-content\/uploads\/2016\/06\/Oui-Oui-puerta-ratoncito-P%C3%A9rez-Motteau-bakery-madrid.jpg?resize=525%2C300&ssl=1 1.5x, https:\/\/i0.wp.com\/oui-oui.es\/blog\/wp-content\/uploads\/2016\/06\/Oui-Oui-puerta-ratoncito-P%C3%A9rez-Motteau-bakery-madrid.jpg?resize=700%2C400&ssl=1 2x, https:\/\/i0.wp.com\/oui-oui.es\/blog\/wp-content\/uploads\/2016\/06\/Oui-Oui-puerta-ratoncito-P%C3%A9rez-Motteau-bakery-madrid.jpg?resize=1050%2C600&ssl=1 3x, https:\/\/i0.wp.com\/oui-oui.es\/blog\/wp-content\/uploads\/2016\/06\/Oui-Oui-puerta-ratoncito-P%C3%A9rez-Motteau-bakery-madrid.jpg?resize=1400%2C800&ssl=1 4x"},"classes":[]}],"_links":{"self":[{"href":"https:\/\/oui-oui.es\/blog\/wp-json\/wp\/v2\/posts\/1692","targetHints":{"allow":["GET"]}}],"collection":[{"href":"https:\/\/oui-oui.es\/blog\/wp-json\/wp\/v2\/posts"}],"about":[{"href":"https:\/\/oui-oui.es\/blog\/wp-json\/wp\/v2\/types\/post"}],"author":[{"embeddable":true,"href":"https:\/\/oui-oui.es\/blog\/wp-json\/wp\/v2\/users\/1"}],"replies":[{"embeddable":true,"href":"https:\/\/oui-oui.es\/blog\/wp-json\/wp\/v2\/comments?post=1692"}],"version-history":[{"count":1,"href":"https:\/\/oui-oui.es\/blog\/wp-json\/wp\/v2\/posts\/1692\/revisions"}],"predecessor-version":[{"id":3184,"href":"https:\/\/oui-oui.es\/blog\/wp-json\/wp\/v2\/posts\/1692\/revisions\/3184"}],"wp:featuredmedia":[{"embeddable":true,"href":"https:\/\/oui-oui.es\/blog\/wp-json\/wp\/v2\/media\/3183"}],"wp:attachment":[{"href":"https:\/\/oui-oui.es\/blog\/wp-json\/wp\/v2\/media?parent=1692"}],"wp:term":[{"taxonomy":"category","embeddable":true,"href":"https:\/\/oui-oui.es\/blog\/wp-json\/wp\/v2\/categories?post=1692"},{"taxonomy":"post_tag","embeddable":true,"href":"https:\/\/oui-oui.es\/blog\/wp-json\/wp\/v2\/tags?post=1692"}],"curies":[{"name":"wp","href":"https:\/\/api.w.org\/{rel}","templated":true}]}}