{"id":1713,"date":"2014-11-20T19:01:07","date_gmt":"2014-11-20T19:01:07","guid":{"rendered":"http:\/\/ouiouiblog.wordpress.com\/?p=1713"},"modified":"2015-09-03T11:23:46","modified_gmt":"2015-09-03T09:23:46","slug":"ideas-de-christmas-con-bebes","status":"publish","type":"post","link":"https:\/\/oui-oui.es\/blog\/ideas-de-christmas-con-bebes\/","title":{"rendered":"Ideas de Christmas con beb\u00e9s"},"content":{"rendered":"<p><a href=\"https:\/\/ouiouiblog.files.wordpress.com\/2014\/11\/oui-oui-ideas-foto-navidad-bebe-nic3b1o-con-luces.jpg\"><img loading=\"lazy\" decoding=\"async\" class=\"alignnone size-full wp-image-1718\" src=\"https:\/\/ouiouiblog.files.wordpress.com\/2014\/11\/oui-oui-ideas-foto-navidad-bebe-nic3b1o-con-luces.jpg\" alt=\"Oui Oui-ideas foto navidad bebe-ni\u00f1o con luces\" width=\"500\" height=\"750\" \/><\/a><\/p>\n<p>El a\u00f1o pasado, nuestras primeras navidades con Mart\u00edn, enviamos un christma con un dibujo 8al m\u00e1s puro estilo de las tres mellizas) de los tres delante de una chimenea, est\u00e1 mal que yo lo diga pero qued\u00f3 mon\u00edsimo (y ahora que lo pienso creo que no nos quedamos con uno! \ud83d\ude41 )<\/p>\n<p>Este a\u00f1o quer\u00eda hacer algo distinto as\u00ed que, c\u00f3mo no, busqu\u00e9 inspiraci\u00f3n en <a href=\"http:\/\/www.pinterest.com\/ouiouidetalles\/\" target=\"_blank\">Pinterest<\/a>, me encontr\u00e9 con varias ideas muy chulas que ahora os cuento, pero tambi\u00e9n con <strong>ideas de fotos de beb\u00e9<\/strong> que ya no le pod\u00eda hacer a Mart\u00edn porque \u00abse hab\u00eda pasado el momento\u00bb, es decir, ten\u00edan unos seis-nueve meses y a nosotros esa \u00e9poca nos pill\u00f3 en primavera.<\/p>\n<p>As\u00ed que corr\u00ed a dec\u00edrselo a una amiga que tiene un beb\u00e9 de ese tiempo para que aprovechara y le hiciera unas fotos monas&#8230;Pues esas casualidades de la vida que justo despu\u00e9s veo que ya hab\u00edan pensado en eso!!<\/p>\n<p><a href=\"http:\/\/elenabau.es\/?portfolio=familia\" target=\"_blank\">Elena Bau<\/a> te ofrece una <strong>sesi\u00f3n de fotos navide\u00f1a con tu beb\u00e9<\/strong> que incluye <strong>10 christmas impresos \u00a1con sobre y sello!<\/strong>, Elena hace unas fotos mon\u00edsimas, pero adem\u00e1s es que el detalle de que te lo de todo tan hecho es genial, pues en estas fechas (o en todas las fechas), vamos tan pillados que cualquier ahorro de tiempo se agradece, y mucho.Pod\u00e9is contactarla <a href=\"http:\/\/elenabau.es\/?portfolio=familia\" target=\"_blank\">aqu\u00ed<\/a><\/p>\n<p><a href=\"https:\/\/ouiouiblog.files.wordpress.com\/2014\/11\/oui-oui-ideas-fotos-bebe-navidad-elena-bau.jpg\"><img loading=\"lazy\" decoding=\"async\" class=\"alignnone size-full wp-image-1714\" src=\"https:\/\/ouiouiblog.files.wordpress.com\/2014\/11\/oui-oui-ideas-fotos-bebe-navidad-elena-bau.jpg\" alt=\"Oui Oui-ideas fotos bebe navidad-elena bau\" width=\"660\" height=\"440\" \/><\/a><\/p>\n<p>No me dig\u00e1is que no quedar\u00edan monos con esa <strong>mantita roja tan gustosa&#8230;Si a\u00fan tiene un beb\u00e9 beb\u00e9, no desaproveches la ocasi\u00f3n!, <\/strong>\u00e9st\u00e1n teniendo mucho \u00e9xito as\u00ed que si te apetece corre par que las tengas listas para Navidad!<strong><br \/>\n<\/strong><\/p>\n<p><strong>Cristina D\u00edaz<\/strong> tambi\u00e9n lo pens\u00f3 y cerr\u00f3 un finde entero para ello, creo que ya est\u00e1 lleno, pero por si acaso hubiera un hueco, pod\u00e9is contactarla <a href=\"http:\/\/cristinadiazfotografia.com\/\" target=\"_blank\">aqu\u00ed<\/a><\/p>\n<p><a href=\"https:\/\/ouiouiblog.files.wordpress.com\/2014\/11\/oui-oui-sesiones-fotos-navidad-cristina-diaz.jpg\"><img loading=\"lazy\" decoding=\"async\" class=\"alignnone size-full wp-image-1722\" src=\"https:\/\/ouiouiblog.files.wordpress.com\/2014\/11\/oui-oui-sesiones-fotos-navidad-cristina-diaz.jpg\" alt=\"oUI oUI-SESIONES FOTOS NAVIDAD-CRISTINA DIAZ\" width=\"660\" height=\"439\" \/><\/a><\/p>\n<p>Otra idea DIY muy f\u00e1cil y divertida es hacer <strong>christmas con su huella del pie<\/strong><\/p>\n<p><a href=\"https:\/\/ouiouiblog.files.wordpress.com\/2014\/11\/oui-oui-ideas-felicitacion-navidad-bebes.jpg\"><img loading=\"lazy\" decoding=\"async\" class=\"size-full wp-image-1715 aligncenter\" src=\"https:\/\/ouiouiblog.files.wordpress.com\/2014\/11\/oui-oui-ideas-felicitacion-navidad-bebes.jpg\" alt=\"Oui Oui-ideas felicitacion navidad bebes\" width=\"236\" height=\"353\" \/><\/a><\/p>\n<p>Y \u00e9sta de <strong>papa N\u00f6el en la ba\u00f1era<\/strong> es genial&#8230;Pero un poco dif\u00edcil, no?<\/p>\n<p><a href=\"https:\/\/ouiouiblog.files.wordpress.com\/2014\/11\/oui-oui-ideas-foto-navidad-bebe-nic3b1o-papa-noel-en-el-bac3b1o.jpg\"><img loading=\"lazy\" decoding=\"async\" class=\"size-full wp-image-1720 aligncenter\" src=\"https:\/\/ouiouiblog.files.wordpress.com\/2014\/11\/oui-oui-ideas-foto-navidad-bebe-nic3b1o-papa-noel-en-el-bac3b1o.jpg\" alt=\"Oui Oui-ideas foto navidad bebe-ni\u00f1o-papa noel en el ba\u00f1o\" width=\"192\" height=\"288\" \/><\/a><\/p>\n<p>Yo estoy barajando hacerle una <strong>foto en la chimenea<\/strong> de casa de mis padres<\/p>\n<p><a href=\"https:\/\/ouiouiblog.files.wordpress.com\/2014\/11\/oui-oui-ideas-foto-navidad-bebe-nic3b1o-con-chimenea.jpg\"><img loading=\"lazy\" decoding=\"async\" class=\"size-full wp-image-1717 aligncenter\" src=\"https:\/\/ouiouiblog.files.wordpress.com\/2014\/11\/oui-oui-ideas-foto-navidad-bebe-nic3b1o-con-chimenea.jpg\" alt=\"Oui Oui-ideas foto navidad bebe-ni\u00f1o con chimenea\" width=\"303\" height=\"473\" \/><\/a><\/p>\n<p>O la que m\u00e1s me apetece, que es \u00e9sta&#8230;S\u00f3lo hay que comprar el <strong>coche rojo y amarillo de Little Tickets<\/strong>, que puedes comprarlo <a href=\"http:\/\/www.amazon.es\/Little-Tikes-Correpasillo-coche-612060E5\/dp\/B001NQHN7S\/ref=pd_sim_t_6?ie=UTF8&amp;refRID=026Q3Q3MKNRGXJ0V5MAK\" target=\"_blank\">aqu\u00ed<\/a><\/p>\n<p><a href=\"https:\/\/ouiouiblog.files.wordpress.com\/2014\/11\/oui-oui-ideas-foto-navidad-bebe-nic3b1o.jpg\"><img loading=\"lazy\" decoding=\"async\" class=\"alignnone size-full wp-image-1719\" src=\"https:\/\/ouiouiblog.files.wordpress.com\/2014\/11\/oui-oui-ideas-foto-navidad-bebe-nic3b1o.jpg\" alt=\"Oui Oui-ideas foto navidad bebe-ni\u00f1o\" width=\"649\" height=\"432\" \/><\/a><\/p>\n<p><a href=\"https:\/\/ouiouiblog.files.wordpress.com\/2014\/11\/oui-oui-nic3b1os-con-coche-rojo-y-amarillo-y-pino-encima-ideas-fotos-nic3b1os-navidad-little-tickets.jpg\"><img loading=\"lazy\" decoding=\"async\" class=\"size-full wp-image-1721 aligncenter\" src=\"https:\/\/ouiouiblog.files.wordpress.com\/2014\/11\/oui-oui-nic3b1os-con-coche-rojo-y-amarillo-y-pino-encima-ideas-fotos-nic3b1os-navidad-little-tickets.jpg\" alt=\"Oui Oui-ni\u00f1os con coche rojo y amarillo y pino encima-ideas fotos ni\u00f1os navidad-little tickets\" width=\"236\" height=\"354\" \/><\/a><\/p>\n<p>Cuando me decida os cuento!!<\/p>\n<p>Pod\u00e9is ver todas las fotos y m\u00e1s ideas navide\u00f1as en <strong><a href=\"http:\/\/www.pinterest.com\/ouiouidetalles\/navidad-christmas\/\" target=\"_blank\">mi carpeta Christmas de Pinterest<\/a><\/strong> \ud83d\ude09<\/p>\n","protected":false},"excerpt":{"rendered":"<p>El a\u00f1o pasado, nuestras primeras navidades con Mart\u00edn, enviamos un christma con un dibujo 8al m\u00e1s puro estilo de las tres mellizas) de los tres delante de una chimenea, est\u00e1 mal que yo lo diga pero qued\u00f3 mon\u00edsimo (y ahora que lo pienso creo que no nos quedamos con uno! \ud83d\ude41 ) Este a\u00f1o quer\u00eda [&hellip;]<\/p>\n","protected":false},"author":1,"featured_media":3267,"comment_status":"open","ping_status":"open","sticky":false,"template":"","format":"standard","meta":{"jetpack_post_was_ever_published":false,"_jetpack_newsletter_access":"","_jetpack_dont_email_post_to_subs":false,"_jetpack_newsletter_tier_id":0,"_jetpack_memberships_contains_paywalled_content":false,"_jetpack_memberships_contains_paid_content":false,"footnotes":"","jetpack_publicize_message":"","jetpack_publicize_feature_enabled":true,"jetpack_social_post_already_shared":false,"jetpack_social_options":{"image_generator_settings":{"template":"highway","default_image_id":0,"font":"","enabled":false},"version":2}},"categories":[535,174],"tags":[536,584],"class_list":["post-1713","post","type-post","status-publish","format-standard","has-post-thumbnail","hentry","category-maternidad","category-ninos","tag-fotografia","tag-navidad-2"],"aioseo_notices":[],"jetpack_publicize_connections":[],"jetpack_featured_media_url":"https:\/\/oui-oui.es\/blog\/wp-content\/uploads\/2014\/11\/oui-oui-ideas-fotos-bebe-navidad-elena-bau.jpg","jetpack_sharing_enabled":true,"jetpack-related-posts":[{"id":4664,"url":"https:\/\/oui-oui.es\/blog\/10-actividades-para-hacer-con-un-nino-de-3-anos-en-verano\/","url_meta":{"origin":1713,"position":0},"title":"10 actividades para hacer con un ni\u00f1o de 3 a\u00f1os en verano","author":"Mar\u00eda \u2665Oui Oui\u2665","date":"15 julio, 2016","format":false,"excerpt":"El verano pasado busqu\u00e9 cinco actividades que hacer con Mart\u00edn para nuestra semana en la sierra y llam\u00e9 al post \"5 actividades que hacer con un beb\u00e9 de 2 a\u00f1os en verano\", este a\u00f1o he estado tentada de poner la palabra beb\u00e9 de nuevo, pero creo que el tiempo vuela\u2026","rel":"","context":"En \u00abNI\u00d1OS Y NI\u00d1AS\u00bb","block_context":{"text":"NI\u00d1OS Y NI\u00d1AS","link":"https:\/\/oui-oui.es\/blog\/category\/ninos\/"},"img":{"alt_text":"","src":"https:\/\/i0.wp.com\/oui-oui.es\/blog\/wp-content\/uploads\/2016\/07\/Oui-Oui-martin-cocinando-mini-thermomix.jpg?resize=350%2C200&ssl=1","width":350,"height":200,"srcset":"https:\/\/i0.wp.com\/oui-oui.es\/blog\/wp-content\/uploads\/2016\/07\/Oui-Oui-martin-cocinando-mini-thermomix.jpg?resize=350%2C200&ssl=1 1x, https:\/\/i0.wp.com\/oui-oui.es\/blog\/wp-content\/uploads\/2016\/07\/Oui-Oui-martin-cocinando-mini-thermomix.jpg?resize=525%2C300&ssl=1 1.5x, https:\/\/i0.wp.com\/oui-oui.es\/blog\/wp-content\/uploads\/2016\/07\/Oui-Oui-martin-cocinando-mini-thermomix.jpg?resize=700%2C400&ssl=1 2x, https:\/\/i0.wp.com\/oui-oui.es\/blog\/wp-content\/uploads\/2016\/07\/Oui-Oui-martin-cocinando-mini-thermomix.jpg?resize=1050%2C600&ssl=1 3x, https:\/\/i0.wp.com\/oui-oui.es\/blog\/wp-content\/uploads\/2016\/07\/Oui-Oui-martin-cocinando-mini-thermomix.jpg?resize=1400%2C800&ssl=1 4x"},"classes":[]},{"id":5237,"url":"https:\/\/oui-oui.es\/blog\/oui-oui-cumple-4-anos-con-regalo\/","url_meta":{"origin":1713,"position":1},"title":"\u00a1Oui Oui cumple 4 a\u00f1os! (con regalo)","author":"Mar\u00eda \u2665Oui Oui\u2665","date":"22 marzo, 2017","format":false,"excerpt":"El 19 de marzo cumplimos \u00a14 a\u00f1os!, cuatro a\u00f1os que a veces parece que han pasado volando y otras que fue hace mil a\u00f1os...Cuatro a\u00f1os en los que han pasado muchas cosas, recuerdo el primer d\u00eda que \"abrimos\" la tienda, los nervios de los primeros pedidos, los primeros amigos que\u2026","rel":"","context":"En \u00abOUI OUI\u00bb","block_context":{"text":"OUI OUI","link":"https:\/\/oui-oui.es\/blog\/category\/oui-oui\/"},"img":{"alt_text":"","src":"https:\/\/i0.wp.com\/oui-oui.es\/blog\/wp-content\/uploads\/2017\/03\/Oui-Oui-bolsos-zubi-coleccion-panamerican-yolanda-andres-do-design-14.jpg?resize=350%2C200&ssl=1","width":350,"height":200,"srcset":"https:\/\/i0.wp.com\/oui-oui.es\/blog\/wp-content\/uploads\/2017\/03\/Oui-Oui-bolsos-zubi-coleccion-panamerican-yolanda-andres-do-design-14.jpg?resize=350%2C200&ssl=1 1x, https:\/\/i0.wp.com\/oui-oui.es\/blog\/wp-content\/uploads\/2017\/03\/Oui-Oui-bolsos-zubi-coleccion-panamerican-yolanda-andres-do-design-14.jpg?resize=525%2C300&ssl=1 1.5x, https:\/\/i0.wp.com\/oui-oui.es\/blog\/wp-content\/uploads\/2017\/03\/Oui-Oui-bolsos-zubi-coleccion-panamerican-yolanda-andres-do-design-14.jpg?resize=700%2C400&ssl=1 2x, https:\/\/i0.wp.com\/oui-oui.es\/blog\/wp-content\/uploads\/2017\/03\/Oui-Oui-bolsos-zubi-coleccion-panamerican-yolanda-andres-do-design-14.jpg?resize=1050%2C600&ssl=1 3x, https:\/\/i0.wp.com\/oui-oui.es\/blog\/wp-content\/uploads\/2017\/03\/Oui-Oui-bolsos-zubi-coleccion-panamerican-yolanda-andres-do-design-14.jpg?resize=1400%2C800&ssl=1 4x"},"classes":[]},{"id":4795,"url":"https:\/\/oui-oui.es\/blog\/12-ideas-para-la-merienda-de-halloween\/","url_meta":{"origin":1713,"position":2},"title":"12 ideas para la merienda de Halloween","author":"Mar\u00eda \u2665Oui Oui\u2665","date":"26 octubre, 2016","format":false,"excerpt":"Este a\u00f1o ten\u00eda previsto hacer una merienda de halloween, pero al ser medio puente y quedarnos en Madrid, de repente se nos ha llenado de planes el finde y creo que al final no la haremos...As\u00ed que os dejo aqu\u00ed con algunas ideas que ten\u00eda en mente para la merienda\u2026","rel":"","context":"En \u00abFIESTAS y CELEBRACIONES\u00bb","block_context":{"text":"FIESTAS y CELEBRACIONES","link":"https:\/\/oui-oui.es\/blog\/category\/fiestas-celebraciones\/"},"img":{"alt_text":"","src":"https:\/\/i0.wp.com\/oui-oui.es\/blog\/wp-content\/uploads\/2016\/10\/Oui-Oui-ideas-caseras-fiesta-halloween-ideas-merienda-facil-halloween-10.jpg?resize=350%2C200&ssl=1","width":350,"height":200,"srcset":"https:\/\/i0.wp.com\/oui-oui.es\/blog\/wp-content\/uploads\/2016\/10\/Oui-Oui-ideas-caseras-fiesta-halloween-ideas-merienda-facil-halloween-10.jpg?resize=350%2C200&ssl=1 1x, https:\/\/i0.wp.com\/oui-oui.es\/blog\/wp-content\/uploads\/2016\/10\/Oui-Oui-ideas-caseras-fiesta-halloween-ideas-merienda-facil-halloween-10.jpg?resize=525%2C300&ssl=1 1.5x"},"classes":[]},{"id":2005,"url":"https:\/\/oui-oui.es\/blog\/5-regalos-diferentes-para-el-dia-del-padre\/","url_meta":{"origin":1713,"position":3},"title":"5 regalos diferentes para el d\u00eda del Padre","author":"Mar\u00eda \u2665Oui Oui\u2665","date":"16 marzo, 2015","format":false,"excerpt":"\u00a0 Ahora que me toca hacer dos regalos del d\u00eda del padre (uno al m\u00edo y otra al de Mart\u00edn), me doy cuenta de la diferencia de enfoque a la hora de regalar como hija o como madre, as\u00ed, para regalar a mi padre hay que devanarse los sesos porque\u2026","rel":"","context":"En \u00abD\u00eda del Padre\u00bb","block_context":{"text":"D\u00eda del Padre","link":"https:\/\/oui-oui.es\/blog\/category\/no-se-que-regalar\/dia-del-padre\/"},"img":{"alt_text":"","src":"https:\/\/i0.wp.com\/oui-oui.es\/blog\/wp-content\/uploads\/2015\/03\/oui-oui-cojc3adn-reservado-para-papc3a1-reserved-for-dad.jpg?resize=350%2C200&ssl=1","width":350,"height":200,"srcset":"https:\/\/i0.wp.com\/oui-oui.es\/blog\/wp-content\/uploads\/2015\/03\/oui-oui-cojc3adn-reservado-para-papc3a1-reserved-for-dad.jpg?resize=350%2C200&ssl=1 1x, https:\/\/i0.wp.com\/oui-oui.es\/blog\/wp-content\/uploads\/2015\/03\/oui-oui-cojc3adn-reservado-para-papc3a1-reserved-for-dad.jpg?resize=525%2C300&ssl=1 1.5x"},"classes":[]},{"id":1589,"url":"https:\/\/oui-oui.es\/blog\/querido-martin\/","url_meta":{"origin":1713,"position":4},"title":"Querido Mart\u00edn","author":"Mar\u00eda \u2665Oui Oui\u2665","date":"12 septiembre, 2014","format":false,"excerpt":"Hace un a\u00f1o vivimos la experiencia m\u00e1s incre\u00edble de nuestras vidas, despu\u00e9s de dos d\u00edas duros intentando que salieras, viniste al mundo de madrugada. Nada m\u00e1s salir te acercaron a mi, y recuerdo los mil besos que te di antes de que te llevaran con pap\u00e1 para que te diera\u2026","rel":"","context":"En \u00abNI\u00d1OS Y NI\u00d1AS\u00bb","block_context":{"text":"NI\u00d1OS Y NI\u00d1AS","link":"https:\/\/oui-oui.es\/blog\/category\/ninos\/"},"img":{"alt_text":"","src":"https:\/\/i0.wp.com\/oui-oui.es\/blog\/wp-content\/uploads\/2014\/09\/primera-foto-de-martc3adn1.jpg?resize=350%2C200&ssl=1","width":350,"height":200},"classes":[]},{"id":3325,"url":"https:\/\/oui-oui.es\/blog\/ideas-para-anunciar-el-segundo-embarazo-una-gran-noticia\/","url_meta":{"origin":1713,"position":5},"title":"Ideas para anunciar el segundo embarazo + una gran noticia!","author":"Mar\u00eda \u2665Oui Oui\u2665","date":"16 septiembre, 2015","format":false,"excerpt":"He empezado la vuelta al curso con muchas ganas, de darlo todo en este \u00faltimo trimestre (o primero, seg\u00fan se mire), espero poder compartir con vosotros pronto varias novedades en Oui Oui, pero antes, una noticia personal que me apetec\u00eda mucho compartir!...En 2016 seremos padres de nuevo!!!, el embarazo va\u2026","rel":"","context":"En \u00abMATERNIDAD\u00bb","block_context":{"text":"MATERNIDAD","link":"https:\/\/oui-oui.es\/blog\/category\/maternidad\/"},"img":{"alt_text":"","src":"https:\/\/i0.wp.com\/oui-oui.es\/blog\/wp-content\/uploads\/2015\/09\/Oui-Oui-anuncio-segundo-embarazo-babyoui-martin-pizarra-con-cosas-que-hacer-5.jpg?resize=350%2C200&ssl=1","width":350,"height":200,"srcset":"https:\/\/i0.wp.com\/oui-oui.es\/blog\/wp-content\/uploads\/2015\/09\/Oui-Oui-anuncio-segundo-embarazo-babyoui-martin-pizarra-con-cosas-que-hacer-5.jpg?resize=350%2C200&ssl=1 1x, https:\/\/i0.wp.com\/oui-oui.es\/blog\/wp-content\/uploads\/2015\/09\/Oui-Oui-anuncio-segundo-embarazo-babyoui-martin-pizarra-con-cosas-que-hacer-5.jpg?resize=525%2C300&ssl=1 1.5x, https:\/\/i0.wp.com\/oui-oui.es\/blog\/wp-content\/uploads\/2015\/09\/Oui-Oui-anuncio-segundo-embarazo-babyoui-martin-pizarra-con-cosas-que-hacer-5.jpg?resize=700%2C400&ssl=1 2x, https:\/\/i0.wp.com\/oui-oui.es\/blog\/wp-content\/uploads\/2015\/09\/Oui-Oui-anuncio-segundo-embarazo-babyoui-martin-pizarra-con-cosas-que-hacer-5.jpg?resize=1050%2C600&ssl=1 3x, https:\/\/i0.wp.com\/oui-oui.es\/blog\/wp-content\/uploads\/2015\/09\/Oui-Oui-anuncio-segundo-embarazo-babyoui-martin-pizarra-con-cosas-que-hacer-5.jpg?resize=1400%2C800&ssl=1 4x"},"classes":[]}],"_links":{"self":[{"href":"https:\/\/oui-oui.es\/blog\/wp-json\/wp\/v2\/posts\/1713","targetHints":{"allow":["GET"]}}],"collection":[{"href":"https:\/\/oui-oui.es\/blog\/wp-json\/wp\/v2\/posts"}],"about":[{"href":"https:\/\/oui-oui.es\/blog\/wp-json\/wp\/v2\/types\/post"}],"author":[{"embeddable":true,"href":"https:\/\/oui-oui.es\/blog\/wp-json\/wp\/v2\/users\/1"}],"replies":[{"embeddable":true,"href":"https:\/\/oui-oui.es\/blog\/wp-json\/wp\/v2\/comments?post=1713"}],"version-history":[{"count":1,"href":"https:\/\/oui-oui.es\/blog\/wp-json\/wp\/v2\/posts\/1713\/revisions"}],"predecessor-version":[{"id":3010,"href":"https:\/\/oui-oui.es\/blog\/wp-json\/wp\/v2\/posts\/1713\/revisions\/3010"}],"wp:featuredmedia":[{"embeddable":true,"href":"https:\/\/oui-oui.es\/blog\/wp-json\/wp\/v2\/media\/3267"}],"wp:attachment":[{"href":"https:\/\/oui-oui.es\/blog\/wp-json\/wp\/v2\/media?parent=1713"}],"wp:term":[{"taxonomy":"category","embeddable":true,"href":"https:\/\/oui-oui.es\/blog\/wp-json\/wp\/v2\/categories?post=1713"},{"taxonomy":"post_tag","embeddable":true,"href":"https:\/\/oui-oui.es\/blog\/wp-json\/wp\/v2\/tags?post=1713"}],"curies":[{"name":"wp","href":"https:\/\/api.w.org\/{rel}","templated":true}]}}