{"id":1726,"date":"2015-01-22T00:01:02","date_gmt":"2015-01-21T23:01:02","guid":{"rendered":"https:\/\/ouiouiblog.wordpress.com\/?p=1726"},"modified":"2015-09-02T13:28:54","modified_gmt":"2015-09-02T11:28:54","slug":"donde-alojarte-y-cenar-en-el-valle-de-aran","status":"publish","type":"post","link":"https:\/\/oui-oui.es\/blog\/donde-alojarte-y-cenar-en-el-valle-de-aran\/","title":{"rendered":"D\u00f3nde alojarte y cenar en el Valle de Ar\u00e1n"},"content":{"rendered":"<p><a href=\"https:\/\/ouiouiblog.files.wordpress.com\/2015\/01\/oui-oui-restaurantes-favoritos-valle-de-aran-alojamientos-chulos-valle-de-aran-baqueira-beret-bonaigua1.jpg\"><img loading=\"lazy\" decoding=\"async\" class=\"aligncenter size-full wp-image-1736\" src=\"https:\/\/ouiouiblog.files.wordpress.com\/2015\/01\/oui-oui-restaurantes-favoritos-valle-de-aran-alojamientos-chulos-valle-de-aran-baqueira-beret-bonaigua1.jpg\" alt=\"Oui Oui-restaurantes favoritos valle de aran-alojamientos chulos valle de aran-baqueira beret-bonaigua\" width=\"360\" height=\"480\" \/><\/a><\/p>\n<p>He vuelto con las pilas cargadas despu\u00e9s de <strong>mi primer finde de esqu\u00ed en tres temporadas<\/strong>, entre el embarazo y la lactancia no hab\u00eda vuelto a esquiar y ten\u00eda muchas ganas, parece que hasta m\u00e1s de las que yo cre\u00eda, pues los tres d\u00edas me han sabido como si fueran una semana!.<\/p>\n<p><a href=\"http:\/\/www.oui-oui.es\/decoracion-casa\/563-le-sac-en-papier-the-paper-bag.html\"><img loading=\"lazy\" decoding=\"async\" class=\"aligncenter wp-image-1737 size-full\" src=\"https:\/\/ouiouiblog.files.wordpress.com\/2015\/01\/oui-oui-restaurantes-favoritos-valle-de-aran-alojamientos-chulos-valle-de-aran-hotel-himalaya-le-sac-en-papier.jpg\" alt=\"Oui Oui-restaurantes favoritos valle de aran-alojamientos chulos valle de aran-hotel himalaya-le sac en papier\" width=\"523\" height=\"523\" \/><\/a><\/p>\n<p>As\u00ed que lo primero que he hecho al volver ha sido actualizar mi <a href=\"https:\/\/11870.com\/marie212?p=7&amp;t=val%2Bd%25C2%25B4aran&amp;o=date&amp;v=list\" target=\"_blank\"><strong>Gu\u00eda de Mar\u00eda<\/strong><\/a> con los <strong>nuevos restaurantes<\/strong> que hemos probado en el <strong>Valle de Ar\u00e1n<\/strong> y despu\u00e9s venirme al blog para escribir un post sobre <strong>direcciones chulas, restaurantes y planes en Baqueira<\/strong>&#8230;El \u00faltimo post que escrib\u00ed era de 2012!! as\u00ed que ya hac\u00eda falta una actualizaci\u00f3n&#8230;<\/p>\n<p><a href=\"http:\/\/www.oui-oui.es\/29-puertas-ratoncito-perez\"><img loading=\"lazy\" decoding=\"async\" class=\"aligncenter wp-image-1738 size-full\" src=\"https:\/\/ouiouiblog.files.wordpress.com\/2015\/01\/oui-oui-restaurantes-favoritos-valle-de-aran-alojamientos-chulos-valle-de-aran-puerta-ratoncito-perez-nieve.jpg\" alt=\"Oui Oui-restaurantes favoritos valle de aran-alojamientos chulos valle de aran-puerta ratoncito perez nieve\" width=\"523\" height=\"523\" \/><\/a><\/p>\n<p>En cuanto a <strong>alojamiento<\/strong>, en el Valle tienes muchas opciones,<strong> desde Vielha hasta pie de pista<\/strong>, depende del presupuesto pero tambi\u00e9n de los planes que vayas a hacer de apr\u00e8 ski, yo he probado todas las opciones y en estos momentos me quedo con el pie de pista, prefiero tener que coger el coche por la tarde noche para ir a ver tiendas o cenar pero por la ma\u00f1ana estar al lado y as\u00ed poder dormir un poquito m\u00e1s \ud83d\ude09<\/p>\n<p><a href=\"https:\/\/ouiouiblog.files.wordpress.com\/2015\/01\/oui-oui-restaurantes-favoritos-valle-de-aran-alojamientos-chulos-valle-de-aran-baqueira-beret.jpg\"><img loading=\"lazy\" decoding=\"async\" class=\"aligncenter size-full wp-image-1735\" src=\"https:\/\/ouiouiblog.files.wordpress.com\/2015\/01\/oui-oui-restaurantes-favoritos-valle-de-aran-alojamientos-chulos-valle-de-aran-baqueira-beret.jpg\" alt=\"Oui Oui-restaurantes favoritos valle de aran-alojamientos chulos valle de aran-baqueira beret-\" width=\"529\" height=\"397\" \/><\/a><\/p>\n<p>En <a href=\"http:\/\/superfluo-imprescindible.blogspot.com.es\/2012\/01\/alojarte-en-el-valle-de-aran.html\">este post os recomendaba alojamientos<\/a> pero nuestro descubrimiento de este a\u00f1o ha sido el <a href=\"www.himalaiabaqueira.com\" target=\"_blank\"><strong>Hotel Himalaya<\/strong><\/a>,situado en la zona de Ruda (pie de pista donde <em>el huevo<\/em>), con guarda esqu\u00eds tambi\u00e9n al lado del telecabina\u00a0y&#8230; \u00a1Lo mejor!; que incluyen actividades gratuitas como un gu\u00eda de esqu\u00ed en pistas o una excursi\u00f3n en raquetas bajo las estrellas. De\u00a0vez en cuando tiene ofertas muy atractivas&#8230;Y su desayuno es incre\u00edble!<\/p>\n<p><a href=\"http:\/\/www.oui-oui.es\/novios-bodas\/59-letras-madera-mr-mrs.html\"><img loading=\"lazy\" decoding=\"async\" class=\"aligncenter wp-image-1731 size-full\" src=\"https:\/\/ouiouiblog.files.wordpress.com\/2015\/01\/oui-oui-restaurantes-favoritos-valle-de-aran-alojamientos-chulos-valle-de-aran-hotel-himalaya-letras-mr-and-mrs.jpg\" alt=\"Oui Oui-restaurantes favoritos valle de aran-alojamientos chulos valle de aran-hotel himalaya-letras mr and mrs\" width=\"480\" height=\"480\" \/><\/a><\/p>\n<p><a href=\"http:\/\/www.oui-oui.es\/decoracion-casa\/497-taza-enjoy-the-little-things.html\"><img loading=\"lazy\" decoding=\"async\" class=\"aligncenter wp-image-1732 size-full\" src=\"https:\/\/ouiouiblog.files.wordpress.com\/2015\/01\/oui-oui-restaurantes-favoritos-valle-de-aran-alojamientos-chulos-valle-de-aran-hotel-himalaya-taza-enjoy-the-little-things.jpg\" alt=\"Oui Oui-restaurantes favoritos valle de aran-alojamientos chulos valle de aran-hotel himalaya-taza enjoy the little things\" width=\"480\" height=\"480\" \/><\/a><\/p>\n<p>Otra opci\u00f3n a pie de pista son los <strong>apartamentos<\/strong> (a partir de 4 pax) de <strong>Ruda<\/strong>,un opci\u00f3n m\u00e1s nueva (y m\u00e1s\u00a0cerca de pistas) que los\u00a0apartamentos de toda la vida en 1500.<\/p>\n<p><a href=\"https:\/\/ouiouiblog.files.wordpress.com\/2015\/01\/oui-oui-restaurantes-favoritos-valle-de-aran-alojamientos-chulos-valle-de-aran-apartamentos-ruda.jpg\"><img loading=\"lazy\" decoding=\"async\" class=\"aligncenter size-full wp-image-1729\" src=\"https:\/\/ouiouiblog.files.wordpress.com\/2015\/01\/oui-oui-restaurantes-favoritos-valle-de-aran-alojamientos-chulos-valle-de-aran-apartamentos-ruda.jpg\" alt=\"Oui Oui-restaurantes favoritos valle de aran-alojamientos chulos valle de aran-apartamentos ruda\" width=\"360\" height=\"480\" \/><\/a><\/p>\n<p>Para cenar, mi recomendaci\u00f3n siempre es ir a restaurantes de cocina casera aranesa, tienen muy buenas carnes, guisos, pat\u00e9s y embutidos, por lo que merece la pena aprovechar los d\u00edas que est\u00e9s all\u00ed, en <a href=\"http:\/\/superfluo-imprescindible.blogspot.com.es\/2012\/01\/mis-restaurantes-favoritos-en-el-valle.html\" target=\"_blank\"><strong>este post puedes encontrar mis favoritos<\/strong><\/a> de hace unos a\u00f1os (aunque tengo que quitar Ali Oli) pero ahora <strong>mi Top 5 de restaurantes en el Valle de Ar\u00e1n quedar\u00eda as\u00ed:<\/strong><\/p>\n<p><a href=\"https:\/\/11870.com\/pro\/eth-bot\" target=\"_blank\"><strong>Eth Both:<\/strong> <\/a>un establo convertido en taverna aranesa, tienen un men\u00fa muy amplio por 30\u20ac, todo est\u00e1 buen\u00edsimo, en especial las carnes a la brasa y los postres (el hojaldre es un must).Est\u00e1 en <strong>Salard\u00fa<\/strong>.<\/p>\n<p><strong><a href=\"www.mesonbenito.com\" target=\"_blank\">Casa Benito:<\/a><\/strong>\u00a0Un\u00a0mes\u00f3n que es m\u00e1s que eso; no puedes perderte el conejo al ajillo, el solomillo o la caza en temporada&#8230;Y su crema catalana. Precio medio 30\u20ac.Est\u00e1 en Casarilh.<\/p>\n<p><a href=\"https:\/\/11870.com\/pro\/casa-rufus\" target=\"_blank\"><strong>Casa Rufus:<\/strong><\/a> otro imprescindible en el Valle, sobretodo para probar la olla aranesa y las carnes a la brasa o el ciervo.Precio medio 30\u20ac.Est\u00e1 en <strong>Gessa<\/strong>.<\/p>\n<p><a href=\"https:\/\/11870.com\/pro\/eth-basteret\" target=\"_blank\"><strong>Basteret:<\/strong><\/a> hab\u00eda estado de pinchos pero esta vez probamos su restaurante llamados por el olor a brasa desde la calle&#8230;Y cuando vimos las piezas de carne decidimos probar!, sin duda el mejor entrecot que he probado nunca, el solomillo tambi\u00e9n buen\u00edsimo, quiz\u00e1s un poco m\u00e1s caro que los dem\u00e1s.Precio medio 40\u20ac.Est\u00e1 en <strong>Vielha<\/strong>.<\/p>\n<p><strong><a href=\"www.montgarri.com\" target=\"_blank\">Refugio de Montgarri<\/a>:<\/strong> aunque la cena sale un pel\u00edn cara para lo que es (45\u20ac\/persona), merece la pena ir al menos una vez, se trata de un refugio al que s\u00f3lo se puede acceder con motos de nieve o andando (con raquetas si hay nieve), <strong>el plan perfecto es ir una noche de luna llena&#8230;<\/strong><\/p>\n<p>Para la siguiente me quedo con ganas de probar los <a href=\"www.banhsdetredos.com\" target=\"_blank\"><strong>Ba\u00f1os de Tred\u00f3s<\/strong><\/a> (plan similar al del Refugio de Montgarri pero adem\u00e1s con <strong>balneario<\/strong>) y <strong><a href=\"https:\/\/11870.com\/pro\/eth-restilhe\" target=\"_blank\">Eth Restilh\u00e9\u00a0<\/a><\/strong>(dicen que es casi un secreto).<\/p>\n<p><a href=\"https:\/\/ouiouiblog.files.wordpress.com\/2015\/01\/oui-oui-restaurantes-favoritos-valle-de-aran-alojamientos-chulos-valle-de-aran-balneario-tredos.jpg\"><img loading=\"lazy\" decoding=\"async\" class=\"aligncenter size-full wp-image-1733\" src=\"https:\/\/ouiouiblog.files.wordpress.com\/2015\/01\/oui-oui-restaurantes-favoritos-valle-de-aran-alojamientos-chulos-valle-de-aran-balneario-tredos.jpg\" alt=\"Oui Oui-restaurantes favoritos valle de aran-alojamientos chulos valle de aran-balneario tredos\" width=\"529\" height=\"397\" \/><\/a><\/p>\n<p>Me chivan tambi\u00e9n que hay un restaurante de cocina creativa que hay que probar&#8230;Es <strong><a href=\"www.eroccitan.com\" target=\"_blank\">Eth Occitane<\/a><\/strong>, en <strong>Bossot<\/strong>,\u00a0me apetece probarlo, pero como dec\u00eda antes, cuando voy pocos d\u00edas prefiero ir a lo tradicional, que en Madrid ya tenemos muchos creativos, pero si al final voy&#8230;Os contar\u00e9!<\/p>\n<p>Si busc\u00e1is alquiler de esqu\u00eds o clases con monitores, os recomiendo <a href=\"www.skiclass.net\" target=\"_blank\"><strong>Skiclass<\/strong><\/a>, preguntad por Jes\u00fas (de parte de Mar\u00eda Oui Oui), seguro que os tratan fenomenal! Y por si os interesa&#8230;Ahora est\u00e1n sorteando unos esqu\u00eds en su <a href=\"https:\/\/www.facebook.com\/skiclass?fref=ts\" target=\"_blank\">Facebook<\/a>\u00a0\ud83d\ude42<\/p>\n<p><a href=\"https:\/\/ouiouiblog.files.wordpress.com\/2015\/01\/oui-oui-restaurantes-recomendados-baqueira-valle-de-aran-skiclass-monitores-y-alquiler.jpg\"><img loading=\"lazy\" decoding=\"async\" class=\"aligncenter size-full wp-image-1728\" src=\"https:\/\/ouiouiblog.files.wordpress.com\/2015\/01\/oui-oui-restaurantes-recomendados-baqueira-valle-de-aran-skiclass-monitores-y-alquiler.jpg\" alt=\"Oui Oui-restaurantes recomendados baqueira-valle de aran-skiclass monitores y alquiler\" width=\"529\" height=\"386\" \/><\/a><\/p>\n","protected":false},"excerpt":{"rendered":"<p>He vuelto con las pilas cargadas despu\u00e9s de mi primer finde de esqu\u00ed en tres temporadas, entre el embarazo y la lactancia no hab\u00eda vuelto a esquiar y ten\u00eda muchas ganas, parece que hasta m\u00e1s de las que yo cre\u00eda, pues los tres d\u00edas me han sabido como si fueran una semana!. As\u00ed que lo [&hellip;]<\/p>\n","protected":false},"author":1,"featured_media":3173,"comment_status":"open","ping_status":"open","sticky":false,"template":"","format":"standard","meta":{"jetpack_post_was_ever_published":false,"_jetpack_newsletter_access":"","_jetpack_dont_email_post_to_subs":false,"_jetpack_newsletter_tier_id":0,"_jetpack_memberships_contains_paywalled_content":false,"_jetpack_memberships_contains_paid_content":false,"footnotes":"","jetpack_publicize_message":"","jetpack_publicize_feature_enabled":true,"jetpack_social_post_already_shared":false,"jetpack_social_options":{"image_generator_settings":{"template":"highway","default_image_id":0,"font":"","enabled":false},"version":2}},"categories":[177],"tags":[695],"class_list":["post-1726","post","type-post","status-publish","format-standard","has-post-thumbnail","hentry","category-lifestyle-2","tag-gastro"],"aioseo_notices":[],"jetpack_publicize_connections":[],"jetpack_featured_media_url":"https:\/\/oui-oui.es\/blog\/wp-content\/uploads\/2015\/01\/oui-oui-restaurantes-favoritos-valle-de-aran-alojamientos-chulos-valle-de-aran-hotel-himalaya-le-sac-en-papier.jpg","jetpack_sharing_enabled":true,"jetpack-related-posts":[{"id":10535,"url":"https:\/\/oui-oui.es\/blog\/novedades-en-la-tienda-de-oui-oui\/","url_meta":{"origin":1726,"position":0},"title":"Novedades en la tienda de Oui Oui","author":"Mar\u00eda \u2665Oui Oui\u2665","date":"23 junio, 2020","format":false,"excerpt":"El otro d\u00eda me dec\u00eda mi t\u00eda que por qu\u00e9 ya no sub\u00eda las novedades de la tienda al Blog, que ella no tiene Instagram y le gustaba cuando le llegaban las novedades al mail...Pues dicho y hecho! aunque lo perfecto ser\u00eda volver a enviar una Newsletter, lo cierto es\u2026","rel":"","context":"En \u00abCASA\u00bb","block_context":{"text":"CASA","link":"https:\/\/oui-oui.es\/blog\/category\/hogar-dulce-hogar\/"},"img":{"alt_text":"","src":"https:\/\/i0.wp.com\/oui-oui.es\/blog\/wp-content\/uploads\/2020\/06\/oui-oui-cesta-mosey-olli-ella-cesta-para-recoger-flores-huevos-cesta-regalo-5.jpg?resize=350%2C200&ssl=1","width":350,"height":200,"srcset":"https:\/\/i0.wp.com\/oui-oui.es\/blog\/wp-content\/uploads\/2020\/06\/oui-oui-cesta-mosey-olli-ella-cesta-para-recoger-flores-huevos-cesta-regalo-5.jpg?resize=350%2C200&ssl=1 1x, https:\/\/i0.wp.com\/oui-oui.es\/blog\/wp-content\/uploads\/2020\/06\/oui-oui-cesta-mosey-olli-ella-cesta-para-recoger-flores-huevos-cesta-regalo-5.jpg?resize=525%2C300&ssl=1 1.5x, https:\/\/i0.wp.com\/oui-oui.es\/blog\/wp-content\/uploads\/2020\/06\/oui-oui-cesta-mosey-olli-ella-cesta-para-recoger-flores-huevos-cesta-regalo-5.jpg?resize=700%2C400&ssl=1 2x, https:\/\/i0.wp.com\/oui-oui.es\/blog\/wp-content\/uploads\/2020\/06\/oui-oui-cesta-mosey-olli-ella-cesta-para-recoger-flores-huevos-cesta-regalo-5.jpg?resize=1050%2C600&ssl=1 3x, https:\/\/i0.wp.com\/oui-oui.es\/blog\/wp-content\/uploads\/2020\/06\/oui-oui-cesta-mosey-olli-ella-cesta-para-recoger-flores-huevos-cesta-regalo-5.jpg?resize=1400%2C800&ssl=1 4x"},"classes":[]},{"id":1158,"url":"https:\/\/oui-oui.es\/blog\/las-novedades-de-enero\/","url_meta":{"origin":1726,"position":1},"title":"Las Novedades de enero!","author":"Mar\u00eda \u2665Oui Oui\u2665","date":"29 enero, 2014","format":false,"excerpt":"As\u00ed vamos, que os cuento las novedades a finales de mes!!, pero he tra\u00eddo tantas cosas nuevas que no pod\u00eda dejarlas en el tintero sin que los que no est\u00e1is en redes sociales las vierais! \u00bfPor d\u00f3nde empezamos? Tengo especial predilecci\u00f3n por todo lo mexicano, y en el mundo bodas\u2026","rel":"","context":"En \u00abFIESTAS y CELEBRACIONES\u00bb","block_context":{"text":"FIESTAS y CELEBRACIONES","link":"https:\/\/oui-oui.es\/blog\/category\/fiestas-celebraciones\/"},"img":{"alt_text":"","src":"https:\/\/i0.wp.com\/oui-oui.es\/blog\/wp-content\/uploads\/2014\/01\/oui-oui-novedades-enero-cubos-palabra-love.jpg?resize=350%2C200&ssl=1","width":350,"height":200,"srcset":"https:\/\/i0.wp.com\/oui-oui.es\/blog\/wp-content\/uploads\/2014\/01\/oui-oui-novedades-enero-cubos-palabra-love.jpg?resize=350%2C200&ssl=1 1x, https:\/\/i0.wp.com\/oui-oui.es\/blog\/wp-content\/uploads\/2014\/01\/oui-oui-novedades-enero-cubos-palabra-love.jpg?resize=525%2C300&ssl=1 1.5x"},"classes":[]},{"id":3663,"url":"https:\/\/oui-oui.es\/blog\/la-wishlist-para-frida\/","url_meta":{"origin":1726,"position":2},"title":"La wishlist para Frida","author":"Mar\u00eda \u2665Oui Oui\u2665","date":"4 noviembre, 2015","format":false,"excerpt":"A\u00fan quedan un poco m\u00e1s de tres meses pero es ahora cuando empiezo a tener las ganas de ver y buscar cosas para Frida (as\u00ed se llamar\u00e1 la ni\u00f1a que esperamos para febrero!) as\u00ed que voy a ir recopil\u00e1ndolas en mis wishlist para que no se me olviden. Hay dos\u2026","rel":"","context":"En \u00abMATERNIDAD\u00bb","block_context":{"text":"MATERNIDAD","link":"https:\/\/oui-oui.es\/blog\/category\/maternidad\/"},"img":{"alt_text":"","src":"https:\/\/i0.wp.com\/oui-oui.es\/blog\/wp-content\/uploads\/2015\/11\/Oui-Oui-libro-frida-kahlo-ni%C3%B1os-coleccion-mujeres-cuentos-ni%C3%B1os-cuento-frida-ed-alba.jpg?resize=350%2C200&ssl=1","width":350,"height":200},"classes":[]},{"id":640,"url":"https:\/\/oui-oui.es\/blog\/suelta-tension-antes-de-la-boda-con-un-par-de-videos\/","url_meta":{"origin":1726,"position":3},"title":"Suelta tensi\u00f3n antes de la boda&#8230;Con un par de v\u00eddeos!","author":"Mar\u00eda \u2665Oui Oui\u2665","date":"18 abril, 2013","format":false,"excerpt":"Hoy me acordaba de los v\u00eddeos de bodas, pedidas, etc...Que vi durante el periodo de preparaci\u00f3n de la boda, y c\u00f3mo, no s\u00e9 si debido a los nervios, a la acumulaci\u00f3n de trabajo o a la emoci\u00f3n imaginando el d\u00eda B, acababa soltando m\u00e1s de una lagrimita en cada uno\u2026","rel":"","context":"En \u00abBoda\u00bb","block_context":{"text":"Boda","link":"https:\/\/oui-oui.es\/blog\/category\/fiestas-celebraciones\/boda\/"},"img":{"alt_text":"","src":"https:\/\/i0.wp.com\/oui-oui.es\/blog\/wp-content\/uploads\/2013\/04\/oui-oui-videos-ver-antes-boda-pedida-amor.jpg?resize=350%2C200&ssl=1","width":350,"height":200,"srcset":"https:\/\/i0.wp.com\/oui-oui.es\/blog\/wp-content\/uploads\/2013\/04\/oui-oui-videos-ver-antes-boda-pedida-amor.jpg?resize=350%2C200&ssl=1 1x, https:\/\/i0.wp.com\/oui-oui.es\/blog\/wp-content\/uploads\/2013\/04\/oui-oui-videos-ver-antes-boda-pedida-amor.jpg?resize=525%2C300&ssl=1 1.5x"},"classes":[]},{"id":5476,"url":"https:\/\/oui-oui.es\/blog\/11-cuentos-de-igualdad-y-feminismo-para-ninos\/","url_meta":{"origin":1726,"position":4},"title":"11 cuentos de igualdad y feminismo para ni\u00f1os","author":"Mar\u00eda \u2665Oui Oui\u2665","date":"2 junio, 2017","format":false,"excerpt":"Cuando naci\u00f3 Mart\u00edn recuper\u00e9 de casa de mis padres algunos de mis cuentos favoritos de cuando era peque\u00f1a, estaba claro no iba a le\u00e9rselos de inmediato, pero ah\u00ed estaban en su habitaci\u00f3n, en lo alto de un estante para que no los cogiera y se rompieran. Sin embargo el otro\u2026","rel":"","context":"En \u00abNI\u00d1OS Y NI\u00d1AS\u00bb","block_context":{"text":"NI\u00d1OS Y NI\u00d1AS","link":"https:\/\/oui-oui.es\/blog\/category\/ninos\/"},"img":{"alt_text":"","src":"https:\/\/i0.wp.com\/oui-oui.es\/blog\/wp-content\/uploads\/2017\/06\/Oui-Oui-libros-igualdad-cuentos-igualdad-coleccion-peque%C3%B1a-y-grande-rosa-caramelo-historia-de-unos-bocadillos-1.jpg?resize=350%2C200&ssl=1","width":350,"height":200,"srcset":"https:\/\/i0.wp.com\/oui-oui.es\/blog\/wp-content\/uploads\/2017\/06\/Oui-Oui-libros-igualdad-cuentos-igualdad-coleccion-peque%C3%B1a-y-grande-rosa-caramelo-historia-de-unos-bocadillos-1.jpg?resize=350%2C200&ssl=1 1x, https:\/\/i0.wp.com\/oui-oui.es\/blog\/wp-content\/uploads\/2017\/06\/Oui-Oui-libros-igualdad-cuentos-igualdad-coleccion-peque%C3%B1a-y-grande-rosa-caramelo-historia-de-unos-bocadillos-1.jpg?resize=525%2C300&ssl=1 1.5x, https:\/\/i0.wp.com\/oui-oui.es\/blog\/wp-content\/uploads\/2017\/06\/Oui-Oui-libros-igualdad-cuentos-igualdad-coleccion-peque%C3%B1a-y-grande-rosa-caramelo-historia-de-unos-bocadillos-1.jpg?resize=700%2C400&ssl=1 2x, https:\/\/i0.wp.com\/oui-oui.es\/blog\/wp-content\/uploads\/2017\/06\/Oui-Oui-libros-igualdad-cuentos-igualdad-coleccion-peque%C3%B1a-y-grande-rosa-caramelo-historia-de-unos-bocadillos-1.jpg?resize=1050%2C600&ssl=1 3x, https:\/\/i0.wp.com\/oui-oui.es\/blog\/wp-content\/uploads\/2017\/06\/Oui-Oui-libros-igualdad-cuentos-igualdad-coleccion-peque%C3%B1a-y-grande-rosa-caramelo-historia-de-unos-bocadillos-1.jpg?resize=1400%2C800&ssl=1 4x"},"classes":[]},{"id":2113,"url":"https:\/\/oui-oui.es\/blog\/el-cesto-cuna-que-es-cuna-portatil\/","url_meta":{"origin":1726,"position":5},"title":"El cesto-cuna que es cuna port\u00e1til","author":"Mar\u00eda \u2665Oui Oui\u2665","date":"11 mayo, 2015","format":false,"excerpt":"Nunca me han gustado mucho las cunas de viaje, me parece que ocupan much\u00edsimo en el coche, son un rollo de montar (es verdad que cuando le coges el truquillo son dos pasos, pero a\u00fan as\u00ed, no me gustan, llamadme rara), pero son \u00fatiles, sobretodo cuando tu beb\u00e9 va creciendo\u2026","rel":"","context":"En \u00abMATERNIDAD\u00bb","block_context":{"text":"MATERNIDAD","link":"https:\/\/oui-oui.es\/blog\/category\/maternidad\/"},"img":{"alt_text":"","src":"https:\/\/i0.wp.com\/oui-oui.es\/blog\/wp-content\/uploads\/2015\/05\/oui-oui-cuna-portatil-bebe-cuna-meter-dentro-de-la-cama-cuna-viaje-bebe-nestas-nest-3.jpg?resize=350%2C200&ssl=1","width":350,"height":200,"srcset":"https:\/\/i0.wp.com\/oui-oui.es\/blog\/wp-content\/uploads\/2015\/05\/oui-oui-cuna-portatil-bebe-cuna-meter-dentro-de-la-cama-cuna-viaje-bebe-nestas-nest-3.jpg?resize=350%2C200&ssl=1 1x, https:\/\/i0.wp.com\/oui-oui.es\/blog\/wp-content\/uploads\/2015\/05\/oui-oui-cuna-portatil-bebe-cuna-meter-dentro-de-la-cama-cuna-viaje-bebe-nestas-nest-3.jpg?resize=525%2C300&ssl=1 1.5x"},"classes":[]}],"_links":{"self":[{"href":"https:\/\/oui-oui.es\/blog\/wp-json\/wp\/v2\/posts\/1726","targetHints":{"allow":["GET"]}}],"collection":[{"href":"https:\/\/oui-oui.es\/blog\/wp-json\/wp\/v2\/posts"}],"about":[{"href":"https:\/\/oui-oui.es\/blog\/wp-json\/wp\/v2\/types\/post"}],"author":[{"embeddable":true,"href":"https:\/\/oui-oui.es\/blog\/wp-json\/wp\/v2\/users\/1"}],"replies":[{"embeddable":true,"href":"https:\/\/oui-oui.es\/blog\/wp-json\/wp\/v2\/comments?post=1726"}],"version-history":[{"count":1,"href":"https:\/\/oui-oui.es\/blog\/wp-json\/wp\/v2\/posts\/1726\/revisions"}],"predecessor-version":[{"id":3174,"href":"https:\/\/oui-oui.es\/blog\/wp-json\/wp\/v2\/posts\/1726\/revisions\/3174"}],"wp:featuredmedia":[{"embeddable":true,"href":"https:\/\/oui-oui.es\/blog\/wp-json\/wp\/v2\/media\/3173"}],"wp:attachment":[{"href":"https:\/\/oui-oui.es\/blog\/wp-json\/wp\/v2\/media?parent=1726"}],"wp:term":[{"taxonomy":"category","embeddable":true,"href":"https:\/\/oui-oui.es\/blog\/wp-json\/wp\/v2\/categories?post=1726"},{"taxonomy":"post_tag","embeddable":true,"href":"https:\/\/oui-oui.es\/blog\/wp-json\/wp\/v2\/tags?post=1726"}],"curies":[{"name":"wp","href":"https:\/\/api.w.org\/{rel}","templated":true}]}}