{"id":1927,"date":"2015-02-18T00:01:00","date_gmt":"2015-02-17T23:01:00","guid":{"rendered":"https:\/\/ouiouiblog.wordpress.com\/?p=1927"},"modified":"2015-09-02T13:09:39","modified_gmt":"2015-09-02T11:09:39","slug":"te-casas-este-ano-te-esperamos-este-finde","status":"publish","type":"post","link":"https:\/\/oui-oui.es\/blog\/te-casas-este-ano-te-esperamos-este-finde\/","title":{"rendered":"\u00bfTe casas este a\u00f1o? &#8230;Te esperamos este finde"},"content":{"rendered":"<p><a href=\"http:\/\/www.oui-oui.es\/ambiente-boda\/259-banderin-arpillera-just-married.html\"><img loading=\"lazy\" decoding=\"async\" class=\" size-large wp-image-1928 aligncenter\" src=\"https:\/\/ouiouiblog.files.wordpress.com\/2015\/02\/oui-oui-banderc3adn-arpillera-just-married.jpg?w=660\" alt=\"Oui Oui -Bander\u00edn arpillera Just Married\" width=\"660\" height=\"660\" \/><\/a><\/p>\n<p>Cuando est\u00e1s organizando tu boda una de las cosas m\u00e1s rollo es tener que quedar con tropecientos proveedores por separado, as\u00ed que, para hac\u00e9rtelo m\u00e1s f\u00e1cil, <strong>nos hemos reunido<\/strong> en un espacio (<strong>Maqu\u00eds &amp; Co en la calle Maldonado, 37 -Madrid<\/strong>) varias <strong>emprendedoras<\/strong> del <em><strong>sector bodas<\/strong> <\/em>para que pod\u00e1is venir a vernos, a comprar sin gastos de env\u00edo las cositas de <a href=\"http:\/\/www.oui-oui.es\/\" target=\"_blank\"><strong>Oui Oui<\/strong> <\/a>o la nueva <strong>revista<\/strong>\u00a0en papel de <a href=\"www.tendenciasdebodas.com\" target=\"_blank\"><strong>Tendencias de Boda<\/strong><\/a>, a probaros los <strong>tocados<\/strong> de <a href=\"tocadosletouquet.blogspot.com\" target=\"_blank\"><strong>Le Touquet<\/strong><\/a>, a conocer en persona a Eva de <a href=\"www.bodascolorin.com\" target=\"_blank\"><strong>Bodas<\/strong>\u00a0<strong>Color\u00edn Colorado <\/strong><\/a>para que te ayude a organizar la boda que de verdad quieres, a preguntar sin compromiso c\u00f3mo trabaja <a href=\"elenabau.es\" target=\"_blank\"><strong>Elena Bau<\/strong><\/a> , o a ver c\u00f3mo te quedan los <strong>pendientes<\/strong> de <a href=\"www.mycollect.es\" target=\"_blank\"><strong>My Collect<\/strong><\/a> (yo voy a salir con unos fijo!).<\/p>\n<p>Al ser una <strong>pop up especial de BODA<\/strong>, s\u00f3lo llevaremos el producto de esta secci\u00f3n, pero si te vas a pasar y quieres que te llevemos algo en concreto, escr\u00edbenos a ouidigame @oui-oui.es<\/p>\n<p>Os espero desde ma\u00f1ana jueves hasta el domingo en el siguiente horario:<\/p>\n<p>Jueves de 17 a 20.30h<\/p>\n<p>Viernes y S\u00e1bado de 11.30 a 20.30 ininterrumpidamente<\/p>\n<p>Domingo de 11.30 a 14.30<\/p>\n<p>En la calle Maldonado, 37 (Maqu\u00eds &amp; Co)<\/p>\n","protected":false},"excerpt":{"rendered":"<p>Cuando est\u00e1s organizando tu boda una de las cosas m\u00e1s rollo es tener que quedar con tropecientos proveedores por separado, as\u00ed que, para hac\u00e9rtelo m\u00e1s f\u00e1cil, nos hemos reunido en un espacio (Maqu\u00eds &amp; Co en la calle Maldonado, 37 -Madrid) varias emprendedoras del sector bodas para que pod\u00e1is venir a vernos, a comprar sin [&hellip;]<\/p>\n","protected":false},"author":1,"featured_media":3154,"comment_status":"open","ping_status":"open","sticky":false,"template":"","format":"standard","meta":{"jetpack_post_was_ever_published":false,"_jetpack_newsletter_access":"","_jetpack_dont_email_post_to_subs":false,"_jetpack_newsletter_tier_id":0,"_jetpack_memberships_contains_paywalled_content":false,"_jetpack_memberships_contains_paid_content":false,"footnotes":"","jetpack_publicize_message":"","jetpack_publicize_feature_enabled":true,"jetpack_social_post_already_shared":false,"jetpack_social_options":{"image_generator_settings":{"template":"highway","default_image_id":0,"font":"","enabled":false},"version":2}},"categories":[704,13],"tags":[],"class_list":["post-1927","post","type-post","status-publish","format-standard","has-post-thumbnail","hentry","category-boda","category-oui-oui"],"aioseo_notices":[],"jetpack_publicize_connections":[],"jetpack_featured_media_url":"https:\/\/oui-oui.es\/blog\/wp-content\/uploads\/2015\/02\/oui-oui-banderc3adn-arpillera-just-married.jpg","jetpack_sharing_enabled":true,"jetpack-related-posts":[{"id":1037,"url":"https:\/\/oui-oui.es\/blog\/vestidos-de-invierno\/","url_meta":{"origin":1927,"position":0},"title":"Vestidos de Invierno","author":"Mar\u00eda \u2665Oui Oui\u2665","date":"22 noviembre, 2013","format":false,"excerpt":"Cada vez me gustan m\u00e1s las bodas de oto\u00f1o e invierno, tanto como invitada como de novia (si me volviera a casar varias veces, que para la primera reboda ya tenemos el sitio y es mejor en verano ;) ). Este a\u00f1o, cuando parec\u00eda que ya no habr\u00eda casi bodas\u2026","rel":"","context":"En \u00abBoda\u00bb","block_context":{"text":"Boda","link":"https:\/\/oui-oui.es\/blog\/category\/fiestas-celebraciones\/boda\/"},"img":{"alt_text":"","src":"https:\/\/i0.wp.com\/oui-oui.es\/blog\/wp-content\/uploads\/oui-oui-invitadas-de-invierno-vestidos-boda-invierno-kolonaki-vestido-largo-rosa.jpg?resize=350%2C200&ssl=1","width":350,"height":200,"srcset":"https:\/\/i0.wp.com\/oui-oui.es\/blog\/wp-content\/uploads\/oui-oui-invitadas-de-invierno-vestidos-boda-invierno-kolonaki-vestido-largo-rosa.jpg?resize=350%2C200&ssl=1 1x, https:\/\/i0.wp.com\/oui-oui.es\/blog\/wp-content\/uploads\/oui-oui-invitadas-de-invierno-vestidos-boda-invierno-kolonaki-vestido-largo-rosa.jpg?resize=525%2C300&ssl=1 1.5x, https:\/\/i0.wp.com\/oui-oui.es\/blog\/wp-content\/uploads\/oui-oui-invitadas-de-invierno-vestidos-boda-invierno-kolonaki-vestido-largo-rosa.jpg?resize=700%2C400&ssl=1 2x"},"classes":[]},{"id":241,"url":"https:\/\/oui-oui.es\/blog\/tocados-de-invierno\/","url_meta":{"origin":1927,"position":1},"title":"Tocados de Invierno","author":"Mar\u00eda \u2665Oui Oui\u2665","date":"4 diciembre, 2012","format":false,"excerpt":"No creo que haya vestidos a los que \"no les vaya\" un tocado, sino que hay un tocado para cada vestido y ocasi\u00f3n, saber acertar con la combinaci\u00f3n correcta es el reto y no s\u00f3lo influye que la celebraci\u00f3n sea de ma\u00f1ana o de tarde\/noche (que tambi\u00e9n), sino la \u00e9poca\u2026","rel":"","context":"En \u00abBoda\u00bb","block_context":{"text":"Boda","link":"https:\/\/oui-oui.es\/blog\/category\/fiestas-celebraciones\/boda\/"},"img":{"alt_text":"","src":"https:\/\/i0.wp.com\/oui-oui.es\/blog\/wp-content\/uploads\/oui-oui-tocados-boda-invierno-chistera-fieltro-azul-pompon-plumas-mimoki.jpg?resize=350%2C200&ssl=1","width":350,"height":200,"srcset":"https:\/\/i0.wp.com\/oui-oui.es\/blog\/wp-content\/uploads\/oui-oui-tocados-boda-invierno-chistera-fieltro-azul-pompon-plumas-mimoki.jpg?resize=350%2C200&ssl=1 1x, https:\/\/i0.wp.com\/oui-oui.es\/blog\/wp-content\/uploads\/oui-oui-tocados-boda-invierno-chistera-fieltro-azul-pompon-plumas-mimoki.jpg?resize=525%2C300&ssl=1 1.5x"},"classes":[]},{"id":1103,"url":"https:\/\/oui-oui.es\/blog\/decorar-con-guirnaldas\/","url_meta":{"origin":1927,"position":2},"title":"Decorar con guirnaldas","author":"Mar\u00eda \u2665Oui Oui\u2665","date":"21 enero, 2014","format":false,"excerpt":"Las hab\u00eda echado el ojo hace tiempo y por fin est\u00e1n en Oui Oui, las guirnaldas de borlas, de tiras de papel o tassel garlands. Una alternativa a los banderines, me gustaban para decorar cualquier rinc\u00f3n de una fiesta; para la mesa de dulces, la zona de baile o una\u2026","rel":"","context":"En \u00abBoda\u00bb","block_context":{"text":"Boda","link":"https:\/\/oui-oui.es\/blog\/category\/fiestas-celebraciones\/boda\/"},"img":{"alt_text":"","src":"https:\/\/i0.wp.com\/oui-oui.es\/blog\/wp-content\/uploads\/2014\/01\/oui-oui-decorar-con-guirnaldas-guirnadas-de-flecos-guirnaldas-de-borlas-tassel-garlands-decoracion-original-boda-boda-rustic-chic-1.jpg?resize=350%2C200&ssl=1","width":350,"height":200,"srcset":"https:\/\/i0.wp.com\/oui-oui.es\/blog\/wp-content\/uploads\/2014\/01\/oui-oui-decorar-con-guirnaldas-guirnadas-de-flecos-guirnaldas-de-borlas-tassel-garlands-decoracion-original-boda-boda-rustic-chic-1.jpg?resize=350%2C200&ssl=1 1x, https:\/\/i0.wp.com\/oui-oui.es\/blog\/wp-content\/uploads\/2014\/01\/oui-oui-decorar-con-guirnaldas-guirnadas-de-flecos-guirnaldas-de-borlas-tassel-garlands-decoracion-original-boda-boda-rustic-chic-1.jpg?resize=525%2C300&ssl=1 1.5x"},"classes":[]},{"id":690,"url":"https:\/\/oui-oui.es\/blog\/que-lenceria-escoger-para-el-dia-b\/","url_meta":{"origin":1927,"position":3},"title":"Qu\u00e9 lencer\u00eda escoger para el d\u00eda B","author":"Mar\u00eda \u2665Oui Oui\u2665","date":"7 mayo, 2013","format":false,"excerpt":"Cuando est\u00e1s organizando la boda, parece que todo tiene que ser diferente, especial y muchas veces; caro. Un gran ejemplo es la ropa interior, ante sde casarte piensas que comprar\u00e1s un conjunto mon\u00edsimo en La Perla, pero en cuanto hablas con la modista o dise\u00f1ador que te est\u00e1 haciendo el\u2026","rel":"","context":"En \u00abBoda\u00bb","block_context":{"text":"Boda","link":"https:\/\/oui-oui.es\/blog\/category\/fiestas-celebraciones\/boda\/"},"img":{"alt_text":"","src":"https:\/\/i0.wp.com\/oui-oui.es\/blog\/wp-content\/uploads\/oui-oui-lenceria-boda-ropa-interior-novia-barata.jpg?resize=350%2C200&ssl=1","width":350,"height":200},"classes":[]},{"id":967,"url":"https:\/\/oui-oui.es\/blog\/oui-oui-en-mi-boda-rocks-experience\/","url_meta":{"origin":1927,"position":4},"title":"Oui Oui en Mi Boda Rocks Experience","author":"Mar\u00eda \u2665Oui Oui\u2665","date":"8 octubre, 2013","format":false,"excerpt":"Poco a poco voy volviendo a la rutina (a\u00fan no he conseguido volver a escribir en el blog tanto como antes, pero al menos hay nuevo post en menos de una semana!) y una de las cosas que m\u00e1s me apetece es participar en pop up\u00b4s, reuniones para novi@s, etc...As\u00ed\u2026","rel":"","context":"En \u00abBoda\u00bb","block_context":{"text":"Boda","link":"https:\/\/oui-oui.es\/blog\/category\/fiestas-celebraciones\/boda\/"},"img":{"alt_text":"","src":"https:\/\/i0.wp.com\/oui-oui.es\/blog\/wp-content\/uploads\/oui-oui-detalles-decoracic3b3n-puertas-ratoncito-pc3a9rez-marc3ada-gijc3b3n-36.jpg?resize=350%2C200&ssl=1","width":350,"height":200,"srcset":"https:\/\/i0.wp.com\/oui-oui.es\/blog\/wp-content\/uploads\/oui-oui-detalles-decoracic3b3n-puertas-ratoncito-pc3a9rez-marc3ada-gijc3b3n-36.jpg?resize=350%2C200&ssl=1 1x, https:\/\/i0.wp.com\/oui-oui.es\/blog\/wp-content\/uploads\/oui-oui-detalles-decoracic3b3n-puertas-ratoncito-pc3a9rez-marc3ada-gijc3b3n-36.jpg?resize=525%2C300&ssl=1 1.5x, https:\/\/i0.wp.com\/oui-oui.es\/blog\/wp-content\/uploads\/oui-oui-detalles-decoracic3b3n-puertas-ratoncito-pc3a9rez-marc3ada-gijc3b3n-36.jpg?resize=700%2C400&ssl=1 2x, https:\/\/i0.wp.com\/oui-oui.es\/blog\/wp-content\/uploads\/oui-oui-detalles-decoracic3b3n-puertas-ratoncito-pc3a9rez-marc3ada-gijc3b3n-36.jpg?resize=1050%2C600&ssl=1 3x, https:\/\/i0.wp.com\/oui-oui.es\/blog\/wp-content\/uploads\/oui-oui-detalles-decoracic3b3n-puertas-ratoncito-pc3a9rez-marc3ada-gijc3b3n-36.jpg?resize=1400%2C800&ssl=1 4x"},"classes":[]},{"id":1206,"url":"https:\/\/oui-oui.es\/blog\/its-gstaad-baby\/","url_meta":{"origin":1927,"position":5},"title":"It\u00b4s Gstaad Baby!","author":"Mar\u00eda \u2665Oui Oui\u2665","date":"3 febrero, 2014","format":false,"excerpt":"A la espera de ver \u00a1pronto, por favor! las fotos y reportaje oficial (si es que lo vemos, que espero que s\u00ed) del bod\u00f3n invernal de Tatiana Santodomingo y Andrea Casiraghi aqu\u00ed os dejo con lo que se ha filtrado hasta el momento (todas las fotos son tomadas de Instagram\u2026","rel":"","context":"En \u00abBoda\u00bb","block_context":{"text":"Boda","link":"https:\/\/oui-oui.es\/blog\/category\/fiestas-celebraciones\/boda\/"},"img":{"alt_text":"","src":"https:\/\/i0.wp.com\/oui-oui.es\/blog\/wp-content\/uploads\/2014\/02\/oui-oui-boda-tatiana-santodomingo-andrea-casiraghi-gstaad-boda-invernal-boda-invierno-9.jpg?resize=350%2C200&ssl=1","width":350,"height":200,"srcset":"https:\/\/i0.wp.com\/oui-oui.es\/blog\/wp-content\/uploads\/2014\/02\/oui-oui-boda-tatiana-santodomingo-andrea-casiraghi-gstaad-boda-invernal-boda-invierno-9.jpg?resize=350%2C200&ssl=1 1x, https:\/\/i0.wp.com\/oui-oui.es\/blog\/wp-content\/uploads\/2014\/02\/oui-oui-boda-tatiana-santodomingo-andrea-casiraghi-gstaad-boda-invernal-boda-invierno-9.jpg?resize=525%2C300&ssl=1 1.5x"},"classes":[]}],"_links":{"self":[{"href":"https:\/\/oui-oui.es\/blog\/wp-json\/wp\/v2\/posts\/1927","targetHints":{"allow":["GET"]}}],"collection":[{"href":"https:\/\/oui-oui.es\/blog\/wp-json\/wp\/v2\/posts"}],"about":[{"href":"https:\/\/oui-oui.es\/blog\/wp-json\/wp\/v2\/types\/post"}],"author":[{"embeddable":true,"href":"https:\/\/oui-oui.es\/blog\/wp-json\/wp\/v2\/users\/1"}],"replies":[{"embeddable":true,"href":"https:\/\/oui-oui.es\/blog\/wp-json\/wp\/v2\/comments?post=1927"}],"version-history":[{"count":1,"href":"https:\/\/oui-oui.es\/blog\/wp-json\/wp\/v2\/posts\/1927\/revisions"}],"predecessor-version":[{"id":3155,"href":"https:\/\/oui-oui.es\/blog\/wp-json\/wp\/v2\/posts\/1927\/revisions\/3155"}],"wp:featuredmedia":[{"embeddable":true,"href":"https:\/\/oui-oui.es\/blog\/wp-json\/wp\/v2\/media\/3154"}],"wp:attachment":[{"href":"https:\/\/oui-oui.es\/blog\/wp-json\/wp\/v2\/media?parent=1927"}],"wp:term":[{"taxonomy":"category","embeddable":true,"href":"https:\/\/oui-oui.es\/blog\/wp-json\/wp\/v2\/categories?post=1927"},{"taxonomy":"post_tag","embeddable":true,"href":"https:\/\/oui-oui.es\/blog\/wp-json\/wp\/v2\/tags?post=1927"}],"curies":[{"name":"wp","href":"https:\/\/api.w.org\/{rel}","templated":true}]}}