{"id":1944,"date":"2015-02-24T18:11:23","date_gmt":"2015-02-24T17:11:23","guid":{"rendered":"https:\/\/ouiouiblog.wordpress.com\/?p=1944"},"modified":"2015-09-02T13:07:49","modified_gmt":"2015-09-02T11:07:49","slug":"invitadas-de-invierno-by-mimoki","status":"publish","type":"post","link":"https:\/\/oui-oui.es\/blog\/invitadas-de-invierno-by-mimoki\/","title":{"rendered":"Invitadas de invierno by Mimoki"},"content":{"rendered":"<p><a href=\"https:\/\/ouiouiblog.files.wordpress.com\/2015\/02\/oui-oui-vestidos-invitada-invierno-con-estilo.jpg\"><img loading=\"lazy\" decoding=\"async\" class=\"aligncenter size-full wp-image-1943\" src=\"https:\/\/ouiouiblog.files.wordpress.com\/2015\/02\/oui-oui-vestidos-invitada-invierno-con-estilo.jpg\" alt=\"Oui Oui-vestidos invitada invierno con estilo\" width=\"636\" height=\"636\" \/><\/a><\/p>\n<p>Los<strong> look de invitada de invierno<\/strong> son <em>\u00abm\u00e1s costosos\u00bb<\/em> de crear, pues requieren de m\u00e1s complementos, de abrigo, etc&#8230;Pero tambi\u00e9n por eso resultan <strong>m\u00e1s estilosos y completos<\/strong>.<\/p>\n<p><a href=\"https:\/\/ouiouiblog.files.wordpress.com\/2015\/02\/oui-oui-look-invitada-de-invierno-con-estilo-mimoki-weddcam-60.jpg\"><img loading=\"lazy\" decoding=\"async\" class=\"aligncenter size-full wp-image-1941\" src=\"https:\/\/ouiouiblog.files.wordpress.com\/2015\/02\/oui-oui-look-invitada-de-invierno-con-estilo-mimoki-weddcam-60.jpg\" alt=\"Oui Oui-look invitada de invierno con estilo-mimoki-weddcam (60)\" width=\"636\" height=\"953\" \/><\/a><\/p>\n<p>La semana pasada ten\u00eda una boda, una <strong>boda de invierno de ma\u00f1ana<\/strong>,a la que no pude ir por coincidir con la pop up que ten\u00edamos prevista desde hace tiempo, pero si hubiera ido hubiera elegido alguno de los <strong>looks<\/strong> que propone <a href=\"www.weddcam.es\" target=\"_blank\"><strong>Weddcam<\/strong><\/a> con prendas de <a href=\"www.mimoki.es\" target=\"_blank\"><strong>Mimoki<\/strong><\/a>, \u00bfCu\u00e1l es vuestro favorito?<\/p>\n<p><a href=\"https:\/\/ouiouiblog.files.wordpress.com\/2015\/02\/oui-oui-look-invitada-de-invierno-con-estilo-mimoki-weddcam-66.jpg\"><img loading=\"lazy\" decoding=\"async\" class=\"aligncenter size-full wp-image-1942\" src=\"https:\/\/ouiouiblog.files.wordpress.com\/2015\/02\/oui-oui-look-invitada-de-invierno-con-estilo-mimoki-weddcam-66.jpg\" alt=\"Oui Oui-look invitada de invierno con estilo-mimoki-weddcam (66)\" width=\"636\" height=\"953\" \/><\/a><\/p>\n<p>Para m\u00ed cada uno de ellos tiene un elemento que me chifla!<\/p>\n<p>Como el <strong>abrigo con cuello<\/strong><\/p>\n<p><a href=\"https:\/\/ouiouiblog.files.wordpress.com\/2015\/02\/oui-oui-look-invitada-de-invierno-con-estilo-mimoki-weddcam-55.jpg\"><img loading=\"lazy\" decoding=\"async\" class=\"aligncenter size-full wp-image-1940\" src=\"https:\/\/ouiouiblog.files.wordpress.com\/2015\/02\/oui-oui-look-invitada-de-invierno-con-estilo-mimoki-weddcam-55.jpg\" alt=\"Oui Oui-look invitada de invierno con estilo-mimoki-weddcam (55)\" width=\"636\" height=\"953\" \/><\/a><\/p>\n<p><a href=\"https:\/\/ouiouiblog.files.wordpress.com\/2015\/02\/oui-oui-look-invitada-de-invierno-con-estilo-mimoki-weddcam-51.jpg\"><img loading=\"lazy\" decoding=\"async\" class=\"aligncenter size-full wp-image-1939\" src=\"https:\/\/ouiouiblog.files.wordpress.com\/2015\/02\/oui-oui-look-invitada-de-invierno-con-estilo-mimoki-weddcam-51.jpg\" alt=\"Oui Oui-look invitada de invierno con estilo-mimoki-weddcam (51)\" width=\"636\" height=\"425\" \/><\/a><\/p>\n<p>&nbsp;<\/p>\n<p>El eclecticismo zarista del conjunto con pantal\u00f3n y zapatos dorados<\/p>\n<p>&nbsp;<\/p>\n<p>&nbsp;<\/p>\n<p>&nbsp;<\/p>\n<p>&nbsp;<\/p>\n<p>&nbsp;<\/p>\n<p>&nbsp;<\/p>\n<p>&nbsp;<\/p>\n<p>&nbsp;<\/p>\n<p><a href=\"https:\/\/ouiouiblog.files.wordpress.com\/2015\/02\/oui-oui-look-invitada-de-invierno-con-estilo-mimoki-weddcam-46.jpg\"><img loading=\"lazy\" decoding=\"async\" class=\"aligncenter size-full wp-image-1938\" src=\"https:\/\/ouiouiblog.files.wordpress.com\/2015\/02\/oui-oui-look-invitada-de-invierno-con-estilo-mimoki-weddcam-46.jpg\" alt=\"Oui Oui-look invitada de invierno con estilo-mimoki-weddcam (46)\" width=\"636\" height=\"953\" \/><\/a><\/p>\n<p>&nbsp;<\/p>\n<p><a href=\"https:\/\/ouiouiblog.files.wordpress.com\/2015\/02\/oui-oui-look-invitada-de-invierno-con-estilo-mimoki-weddcam-42.jpg\"><img loading=\"lazy\" decoding=\"async\" class=\"aligncenter size-full wp-image-1937\" src=\"https:\/\/ouiouiblog.files.wordpress.com\/2015\/02\/oui-oui-look-invitada-de-invierno-con-estilo-mimoki-weddcam-42.jpg\" alt=\"Oui Oui-look invitada de invierno con estilo-mimoki-weddcam (42)\" width=\"636\" height=\"953\" \/><\/a><\/p>\n<p>Debajo del abrigo se esconde un <strong>look rom\u00e1ntico para cl\u00e1sicas arriesgadas<\/strong><\/p>\n<p><a href=\"https:\/\/ouiouiblog.files.wordpress.com\/2015\/02\/oui-oui-look-invitada-de-invierno-con-estilo-mimoki-weddcam-1.jpg\"><img loading=\"lazy\" decoding=\"async\" class=\"aligncenter size-full wp-image-1933\" src=\"https:\/\/ouiouiblog.files.wordpress.com\/2015\/02\/oui-oui-look-invitada-de-invierno-con-estilo-mimoki-weddcam-1.jpg\" alt=\"Oui Oui-look invitada de invierno con estilo-mimoki-weddcam (1)\" width=\"567\" height=\"850\" \/><\/a><\/p>\n<p>&nbsp;<\/p>\n<p><a href=\"https:\/\/ouiouiblog.files.wordpress.com\/2015\/02\/oui-oui-look-invitada-de-invierno-con-estilo-mimoki-weddcam-10.jpg\"><img loading=\"lazy\" decoding=\"async\" class=\"aligncenter size-full wp-image-1934\" src=\"https:\/\/ouiouiblog.files.wordpress.com\/2015\/02\/oui-oui-look-invitada-de-invierno-con-estilo-mimoki-weddcam-10.jpg\" alt=\"Oui Oui-look invitada de invierno con estilo-mimoki-weddcam (10)\" width=\"567\" height=\"850\" \/><\/a><\/p>\n<p>&nbsp;<\/p>\n<p><a href=\"https:\/\/ouiouiblog.files.wordpress.com\/2015\/02\/oui-oui-look-invitada-de-invierno-con-estilo-mimoki-weddcam-30.jpg\"><img loading=\"lazy\" decoding=\"async\" class=\"aligncenter size-full wp-image-1936\" src=\"https:\/\/ouiouiblog.files.wordpress.com\/2015\/02\/oui-oui-look-invitada-de-invierno-con-estilo-mimoki-weddcam-30.jpg\" alt=\"Oui Oui-look invitada de invierno con estilo-mimoki-weddcam (30)\" width=\"567\" height=\"850\" \/><\/a><\/p>\n<p>&nbsp;<\/p>\n<p>Este <strong>tocado<\/strong> tan <strong>arquitect\u00f3nico<\/strong> me encanta<\/p>\n<p><a href=\"https:\/\/ouiouiblog.files.wordpress.com\/2015\/02\/mimoki-weddcam-1.jpg\"><img loading=\"lazy\" decoding=\"async\" class=\"aligncenter size-full wp-image-1931\" src=\"https:\/\/ouiouiblog.files.wordpress.com\/2015\/02\/mimoki-weddcam-1.jpg\" alt=\"mimoki - weddcam (1)\" width=\"567\" height=\"850\" \/><\/a><\/p>\n<p>&nbsp;<\/p>\n<p>Y cierro con mi favorito junto al primero,\u00a0el <strong>jersey<\/strong> ya est\u00e1 en mi wishlist!<\/p>\n<p><a href=\"https:\/\/ouiouiblog.files.wordpress.com\/2015\/02\/mimoki-weddcam-4.jpg\"><img loading=\"lazy\" decoding=\"async\" class=\"aligncenter size-full wp-image-1932\" src=\"https:\/\/ouiouiblog.files.wordpress.com\/2015\/02\/mimoki-weddcam-4.jpg\" alt=\"mimoki - weddcam (4)\" width=\"567\" height=\"850\" \/><\/a><\/p>\n<p>&nbsp;<\/p>\n<p><a href=\"https:\/\/ouiouiblog.files.wordpress.com\/2015\/02\/oui-oui-look-invitada-de-invierno-con-estilo-mimoki-weddcam-20.jpg\"><img loading=\"lazy\" decoding=\"async\" class=\"aligncenter size-full wp-image-1935\" src=\"https:\/\/ouiouiblog.files.wordpress.com\/2015\/02\/oui-oui-look-invitada-de-invierno-con-estilo-mimoki-weddcam-20.jpg\" alt=\"Oui Oui-look invitada de invierno con estilo-mimoki-weddcam (20)\" width=\"567\" height=\"850\" \/><\/a><\/p>\n<p>&nbsp;<\/p>\n<p>&nbsp;<\/p>\n<p>&nbsp;<\/p>\n<p>&nbsp;<\/p>\n<p>&nbsp;<\/p>\n<p>&nbsp;<\/p>\n<p>&nbsp;<\/p>\n<p>&nbsp;<\/p>\n<p>&nbsp;<\/p>\n<p>&nbsp;<\/p>\n","protected":false},"excerpt":{"rendered":"<p>Los look de invitada de invierno son \u00abm\u00e1s costosos\u00bb de crear, pues requieren de m\u00e1s complementos, de abrigo, etc&#8230;Pero tambi\u00e9n por eso resultan m\u00e1s estilosos y completos. La semana pasada ten\u00eda una boda, una boda de invierno de ma\u00f1ana,a la que no pude ir por coincidir con la pop up que ten\u00edamos prevista desde hace [&hellip;]<\/p>\n","protected":false},"author":1,"featured_media":3152,"comment_status":"open","ping_status":"open","sticky":false,"template":"","format":"standard","meta":{"jetpack_post_was_ever_published":false,"_jetpack_newsletter_access":"","_jetpack_dont_email_post_to_subs":false,"_jetpack_newsletter_tier_id":0,"_jetpack_memberships_contains_paywalled_content":false,"_jetpack_memberships_contains_paid_content":false,"footnotes":"","jetpack_publicize_message":"","jetpack_publicize_feature_enabled":true,"jetpack_social_post_already_shared":false,"jetpack_social_options":{"image_generator_settings":{"template":"highway","default_image_id":0,"font":"","enabled":false},"version":2}},"categories":[704],"tags":[716],"class_list":["post-1944","post","type-post","status-publish","format-standard","has-post-thumbnail","hentry","category-boda","tag-looks-boda"],"aioseo_notices":[],"jetpack_publicize_connections":[],"jetpack_featured_media_url":"https:\/\/oui-oui.es\/blog\/wp-content\/uploads\/2015\/02\/oui-oui-vestidos-invitada-invierno-con-estilo.jpg","jetpack_sharing_enabled":true,"jetpack-related-posts":[{"id":1206,"url":"https:\/\/oui-oui.es\/blog\/its-gstaad-baby\/","url_meta":{"origin":1944,"position":0},"title":"It\u00b4s Gstaad Baby!","author":"Mar\u00eda \u2665Oui Oui\u2665","date":"3 febrero, 2014","format":false,"excerpt":"A la espera de ver \u00a1pronto, por favor! las fotos y reportaje oficial (si es que lo vemos, que espero que s\u00ed) del bod\u00f3n invernal de Tatiana Santodomingo y Andrea Casiraghi aqu\u00ed os dejo con lo que se ha filtrado hasta el momento (todas las fotos son tomadas de Instagram\u2026","rel":"","context":"En \u00abBoda\u00bb","block_context":{"text":"Boda","link":"https:\/\/oui-oui.es\/blog\/category\/fiestas-celebraciones\/boda\/"},"img":{"alt_text":"","src":"https:\/\/i0.wp.com\/oui-oui.es\/blog\/wp-content\/uploads\/2014\/02\/oui-oui-boda-tatiana-santodomingo-andrea-casiraghi-gstaad-boda-invernal-boda-invierno-9.jpg?resize=350%2C200&ssl=1","width":350,"height":200,"srcset":"https:\/\/i0.wp.com\/oui-oui.es\/blog\/wp-content\/uploads\/2014\/02\/oui-oui-boda-tatiana-santodomingo-andrea-casiraghi-gstaad-boda-invernal-boda-invierno-9.jpg?resize=350%2C200&ssl=1 1x, https:\/\/i0.wp.com\/oui-oui.es\/blog\/wp-content\/uploads\/2014\/02\/oui-oui-boda-tatiana-santodomingo-andrea-casiraghi-gstaad-boda-invernal-boda-invierno-9.jpg?resize=525%2C300&ssl=1 1.5x"},"classes":[]},{"id":272,"url":"https:\/\/oui-oui.es\/blog\/el-ramo-de-una-boda-de-invierno\/","url_meta":{"origin":1944,"position":1},"title":"El ramo de una boda de invierno","author":"Mar\u00eda \u2665Oui Oui\u2665","date":"12 diciembre, 2012","format":false,"excerpt":"Uno de los detalles que m\u00e1s me gust\u00f3 de la boda de invierno en la que estuvimos hace dos semanas fu\u00e9 el ramo de la novia; nos sorprendi\u00f3 a todos con un ramo de barillas de algod\u00f3n; un ramo sencillo, pero muy c\u00e1lido, r\u00fastico pero que complementaba a la perfecci\u00f3n\u2026","rel":"","context":"En \u00abBoda\u00bb","block_context":{"text":"Boda","link":"https:\/\/oui-oui.es\/blog\/category\/fiestas-celebraciones\/boda\/"},"img":{"alt_text":"","src":"https:\/\/i0.wp.com\/oui-oui.es\/blog\/wp-content\/uploads\/boda-invierno-ramo-algodon-pedraza-vestido-novia-tul-chaqueta-militar-2.jpg?resize=350%2C200&ssl=1","width":350,"height":200,"srcset":"https:\/\/i0.wp.com\/oui-oui.es\/blog\/wp-content\/uploads\/boda-invierno-ramo-algodon-pedraza-vestido-novia-tul-chaqueta-militar-2.jpg?resize=350%2C200&ssl=1 1x, https:\/\/i0.wp.com\/oui-oui.es\/blog\/wp-content\/uploads\/boda-invierno-ramo-algodon-pedraza-vestido-novia-tul-chaqueta-militar-2.jpg?resize=525%2C300&ssl=1 1.5x, https:\/\/i0.wp.com\/oui-oui.es\/blog\/wp-content\/uploads\/boda-invierno-ramo-algodon-pedraza-vestido-novia-tul-chaqueta-militar-2.jpg?resize=700%2C400&ssl=1 2x, https:\/\/i0.wp.com\/oui-oui.es\/blog\/wp-content\/uploads\/boda-invierno-ramo-algodon-pedraza-vestido-novia-tul-chaqueta-militar-2.jpg?resize=1050%2C600&ssl=1 3x, https:\/\/i0.wp.com\/oui-oui.es\/blog\/wp-content\/uploads\/boda-invierno-ramo-algodon-pedraza-vestido-novia-tul-chaqueta-militar-2.jpg?resize=1400%2C800&ssl=1 4x"},"classes":[]},{"id":1037,"url":"https:\/\/oui-oui.es\/blog\/vestidos-de-invierno\/","url_meta":{"origin":1944,"position":2},"title":"Vestidos de Invierno","author":"Mar\u00eda \u2665Oui Oui\u2665","date":"22 noviembre, 2013","format":false,"excerpt":"Cada vez me gustan m\u00e1s las bodas de oto\u00f1o e invierno, tanto como invitada como de novia (si me volviera a casar varias veces, que para la primera reboda ya tenemos el sitio y es mejor en verano ;) ). Este a\u00f1o, cuando parec\u00eda que ya no habr\u00eda casi bodas\u2026","rel":"","context":"En \u00abBoda\u00bb","block_context":{"text":"Boda","link":"https:\/\/oui-oui.es\/blog\/category\/fiestas-celebraciones\/boda\/"},"img":{"alt_text":"","src":"https:\/\/i0.wp.com\/oui-oui.es\/blog\/wp-content\/uploads\/oui-oui-invitadas-de-invierno-vestidos-boda-invierno-kolonaki-vestido-largo-rosa.jpg?resize=350%2C200&ssl=1","width":350,"height":200,"srcset":"https:\/\/i0.wp.com\/oui-oui.es\/blog\/wp-content\/uploads\/oui-oui-invitadas-de-invierno-vestidos-boda-invierno-kolonaki-vestido-largo-rosa.jpg?resize=350%2C200&ssl=1 1x, https:\/\/i0.wp.com\/oui-oui.es\/blog\/wp-content\/uploads\/oui-oui-invitadas-de-invierno-vestidos-boda-invierno-kolonaki-vestido-largo-rosa.jpg?resize=525%2C300&ssl=1 1.5x, https:\/\/i0.wp.com\/oui-oui.es\/blog\/wp-content\/uploads\/oui-oui-invitadas-de-invierno-vestidos-boda-invierno-kolonaki-vestido-largo-rosa.jpg?resize=700%2C400&ssl=1 2x"},"classes":[]},{"id":241,"url":"https:\/\/oui-oui.es\/blog\/tocados-de-invierno\/","url_meta":{"origin":1944,"position":3},"title":"Tocados de Invierno","author":"Mar\u00eda \u2665Oui Oui\u2665","date":"4 diciembre, 2012","format":false,"excerpt":"No creo que haya vestidos a los que \"no les vaya\" un tocado, sino que hay un tocado para cada vestido y ocasi\u00f3n, saber acertar con la combinaci\u00f3n correcta es el reto y no s\u00f3lo influye que la celebraci\u00f3n sea de ma\u00f1ana o de tarde\/noche (que tambi\u00e9n), sino la \u00e9poca\u2026","rel":"","context":"En \u00abBoda\u00bb","block_context":{"text":"Boda","link":"https:\/\/oui-oui.es\/blog\/category\/fiestas-celebraciones\/boda\/"},"img":{"alt_text":"","src":"https:\/\/i0.wp.com\/oui-oui.es\/blog\/wp-content\/uploads\/oui-oui-tocados-boda-invierno-chistera-fieltro-azul-pompon-plumas-mimoki.jpg?resize=350%2C200&ssl=1","width":350,"height":200,"srcset":"https:\/\/i0.wp.com\/oui-oui.es\/blog\/wp-content\/uploads\/oui-oui-tocados-boda-invierno-chistera-fieltro-azul-pompon-plumas-mimoki.jpg?resize=350%2C200&ssl=1 1x, https:\/\/i0.wp.com\/oui-oui.es\/blog\/wp-content\/uploads\/oui-oui-tocados-boda-invierno-chistera-fieltro-azul-pompon-plumas-mimoki.jpg?resize=525%2C300&ssl=1 1.5x"},"classes":[]},{"id":200,"url":"https:\/\/oui-oui.es\/blog\/invitadas-de-invierno-en-busca-del-abrigo\/","url_meta":{"origin":1944,"position":4},"title":"Invitadas de Invierno, en busca del abrigo","author":"Mar\u00eda \u2665Oui Oui\u2665","date":"27 noviembre, 2012","format":false,"excerpt":"Nos vamos de boda, a Pedraza con una previsi\u00f3n de unos -5 grados de sensaci\u00f3n t\u00e9rmica.Viendo la que est\u00e1 cayendo en el Pirineo y hasta en La Pinilla es m\u00e1s que probable que nieve...\u00bfPuede haber algo m\u00e1s bonito en una boda?, yo lo estoy deseando. Eso s\u00ed, es necesario ir\u2026","rel":"","context":"En \u00abBoda\u00bb","block_context":{"text":"Boda","link":"https:\/\/oui-oui.es\/blog\/category\/fiestas-celebraciones\/boda\/"},"img":{"alt_text":"","src":"https:\/\/i0.wp.com\/oui-oui.es\/blog\/wp-content\/uploads\/oui-oui-boda-invierno-pedraza-nevada.jpg?resize=350%2C200&ssl=1","width":350,"height":200},"classes":[]},{"id":3760,"url":"https:\/\/oui-oui.es\/blog\/una-novia-con-jersey-danae-tobajas\/","url_meta":{"origin":1944,"position":5},"title":"Una novia con jersey | Danae Tobajas","author":"Mar\u00eda \u2665Oui Oui\u2665","date":"24 noviembre, 2015","format":false,"excerpt":"Un look diferente, sencillo e ideal para una novia de invierno (el invierno is the new black), con falda de tul y jersey con aplicaciones, de la mano de la joven promesa nupcial D\u00e1nae Tobajas. \u00bfQu\u00e9 os parece? Pode\u00eds encontrar m\u00e1s info sobre esta joven creadora aqu\u00ed","rel":"","context":"En \u00abBoda\u00bb","block_context":{"text":"Boda","link":"https:\/\/oui-oui.es\/blog\/category\/fiestas-celebraciones\/boda\/"},"img":{"alt_text":"","src":"https:\/\/i0.wp.com\/oui-oui.es\/blog\/wp-content\/uploads\/2015\/11\/Oui-Oui-vestido-novia-invierno-D%C3%A1nae-Tobajas-foto_Lina-Ardila-make-up_-Regina-Capdevila-flores_-Savia-Bruta-4-1.jpg?resize=350%2C200&ssl=1","width":350,"height":200,"srcset":"https:\/\/i0.wp.com\/oui-oui.es\/blog\/wp-content\/uploads\/2015\/11\/Oui-Oui-vestido-novia-invierno-D%C3%A1nae-Tobajas-foto_Lina-Ardila-make-up_-Regina-Capdevila-flores_-Savia-Bruta-4-1.jpg?resize=350%2C200&ssl=1 1x, https:\/\/i0.wp.com\/oui-oui.es\/blog\/wp-content\/uploads\/2015\/11\/Oui-Oui-vestido-novia-invierno-D%C3%A1nae-Tobajas-foto_Lina-Ardila-make-up_-Regina-Capdevila-flores_-Savia-Bruta-4-1.jpg?resize=525%2C300&ssl=1 1.5x, https:\/\/i0.wp.com\/oui-oui.es\/blog\/wp-content\/uploads\/2015\/11\/Oui-Oui-vestido-novia-invierno-D%C3%A1nae-Tobajas-foto_Lina-Ardila-make-up_-Regina-Capdevila-flores_-Savia-Bruta-4-1.jpg?resize=700%2C400&ssl=1 2x, https:\/\/i0.wp.com\/oui-oui.es\/blog\/wp-content\/uploads\/2015\/11\/Oui-Oui-vestido-novia-invierno-D%C3%A1nae-Tobajas-foto_Lina-Ardila-make-up_-Regina-Capdevila-flores_-Savia-Bruta-4-1.jpg?resize=1050%2C600&ssl=1 3x, https:\/\/i0.wp.com\/oui-oui.es\/blog\/wp-content\/uploads\/2015\/11\/Oui-Oui-vestido-novia-invierno-D%C3%A1nae-Tobajas-foto_Lina-Ardila-make-up_-Regina-Capdevila-flores_-Savia-Bruta-4-1.jpg?resize=1400%2C800&ssl=1 4x"},"classes":[]}],"_links":{"self":[{"href":"https:\/\/oui-oui.es\/blog\/wp-json\/wp\/v2\/posts\/1944","targetHints":{"allow":["GET"]}}],"collection":[{"href":"https:\/\/oui-oui.es\/blog\/wp-json\/wp\/v2\/posts"}],"about":[{"href":"https:\/\/oui-oui.es\/blog\/wp-json\/wp\/v2\/types\/post"}],"author":[{"embeddable":true,"href":"https:\/\/oui-oui.es\/blog\/wp-json\/wp\/v2\/users\/1"}],"replies":[{"embeddable":true,"href":"https:\/\/oui-oui.es\/blog\/wp-json\/wp\/v2\/comments?post=1944"}],"version-history":[{"count":1,"href":"https:\/\/oui-oui.es\/blog\/wp-json\/wp\/v2\/posts\/1944\/revisions"}],"predecessor-version":[{"id":3153,"href":"https:\/\/oui-oui.es\/blog\/wp-json\/wp\/v2\/posts\/1944\/revisions\/3153"}],"wp:featuredmedia":[{"embeddable":true,"href":"https:\/\/oui-oui.es\/blog\/wp-json\/wp\/v2\/media\/3152"}],"wp:attachment":[{"href":"https:\/\/oui-oui.es\/blog\/wp-json\/wp\/v2\/media?parent=1944"}],"wp:term":[{"taxonomy":"category","embeddable":true,"href":"https:\/\/oui-oui.es\/blog\/wp-json\/wp\/v2\/categories?post=1944"},{"taxonomy":"post_tag","embeddable":true,"href":"https:\/\/oui-oui.es\/blog\/wp-json\/wp\/v2\/tags?post=1944"}],"curies":[{"name":"wp","href":"https:\/\/api.w.org\/{rel}","templated":true}]}}