{"id":1968,"date":"2015-02-25T11:11:56","date_gmt":"2015-02-25T10:11:56","guid":{"rendered":"https:\/\/ouiouiblog.wordpress.com\/?p=1968"},"modified":"2015-09-02T13:05:57","modified_gmt":"2015-09-02T11:05:57","slug":"pop-up-deco-te-esperamos","status":"publish","type":"post","link":"https:\/\/oui-oui.es\/blog\/pop-up-deco-te-esperamos\/","title":{"rendered":"Pop up Deco&#8230;te esperamos"},"content":{"rendered":"<p><a href=\"https:\/\/ouiouiblog.files.wordpress.com\/2015\/02\/oui-oui-pop-up-atmosphera.jpg\"><img loading=\"lazy\" decoding=\"async\" class=\" size-full wp-image-1969 aligncenter\" src=\"https:\/\/ouiouiblog.files.wordpress.com\/2015\/02\/oui-oui-pop-up-atmosphera.jpg\" alt=\"Oui Oui-pop up atmosphera\" width=\"480\" height=\"480\" \/><\/a><\/p>\n<p>Recuperadas ya de la pop up de la semana pasada nos embarcamos en la siguiente si cabe con m\u00e1s ganas&#8230;Una especial decoraci\u00f3n, donde no faltar\u00e1n la ic\u00f3nica <strong><a href=\"http:\/\/www.oui-oui.es\/decoracion-casa\/563-le-sac-en-papier-the-paper-bag.html\" target=\"_blank\">the paper bag<\/a><\/strong> , la <a href=\"http:\/\/www.oui-oui.es\/buscar?orderby=position&amp;orderway=desc&amp;search_query=lampara+pi%C3%B1a&amp;submit_search.x=0&amp;submit_search.y=0\" target=\"_blank\"><strong>l\u00e1mpara pi\u00f1a<\/strong><\/a> , <a href=\"http:\/\/www.oui-oui.es\/buscar?orderby=position&amp;orderway=desc&amp;search_query=taza&amp;submit_search.x=0&amp;submit_search.y=0\" target=\"_blank\"><strong>tazas chul\u00edsimas<\/strong><\/a>, <a href=\"http:\/\/www.oui-oui.es\/buscar?orderby=position&amp;orderway=desc&amp;search_query=cojin&amp;submit_search.x=0&amp;submit_search.y=0\" target=\"_blank\">originales cojines<\/a>&#8230;Todas nuestras <strong><a href=\"http:\/\/www.oui-oui.es\/39-decoracion-casa\" target=\"_blank\">cositas para la casa<\/a><\/strong> y la deco de la <strong><a href=\"http:\/\/www.oui-oui.es\/2-detalles-ninos\" target=\"_blank\">habitaci\u00f3n de los ni\u00f1os<\/a><\/strong>.<\/p>\n<p>Os esperamos <strong>a partir de ma\u00f1ana jueves, hasta el domingo 1 de marzo<\/strong> en <strong>1001 Atmosphera<\/strong> <strong>(C\/General Pardi\u00f1as, 50)<\/strong> en el siguiente horario:<\/p>\n<p><strong>Jueves 17 a 21h<\/strong><\/p>\n<p><strong>Viernes y S\u00e1bado 11 a 21h<\/strong><\/p>\n<p><strong>Domingo 11 a 15h<\/strong><\/p>\n<p>Si quer\u00e9is comprar sin gastos de env\u00edo o ver y tocar un mont\u00f3n de cositas bonitas&#8230;Ten\u00e9is que pasaros! (y si quer\u00e9is aseguraros de que llevamos algo en concreto, escribidnos y lo llevamos!)<\/p>\n<p>Os esperamos.<\/p>\n","protected":false},"excerpt":{"rendered":"<p>Recuperadas ya de la pop up de la semana pasada nos embarcamos en la siguiente si cabe con m\u00e1s ganas&#8230;Una especial decoraci\u00f3n, donde no faltar\u00e1n la ic\u00f3nica the paper bag , la l\u00e1mpara pi\u00f1a , tazas chul\u00edsimas, originales cojines&#8230;Todas nuestras cositas para la casa y la deco de la habitaci\u00f3n de los ni\u00f1os. Os esperamos [&hellip;]<\/p>\n","protected":false},"author":1,"featured_media":3150,"comment_status":"open","ping_status":"open","sticky":false,"template":"","format":"standard","meta":{"jetpack_post_was_ever_published":false,"_jetpack_newsletter_access":"","_jetpack_dont_email_post_to_subs":false,"_jetpack_newsletter_tier_id":0,"_jetpack_memberships_contains_paywalled_content":false,"_jetpack_memberships_contains_paid_content":false,"footnotes":"","jetpack_publicize_message":"","jetpack_publicize_feature_enabled":true,"jetpack_social_post_already_shared":false,"jetpack_social_options":{"image_generator_settings":{"template":"highway","default_image_id":0,"font":"","enabled":false},"version":2}},"categories":[13],"tags":[],"class_list":["post-1968","post","type-post","status-publish","format-standard","has-post-thumbnail","hentry","category-oui-oui"],"aioseo_notices":[],"jetpack_publicize_connections":[],"jetpack_featured_media_url":"https:\/\/oui-oui.es\/blog\/wp-content\/uploads\/2015\/02\/oui-oui-pop-up-atmosphera.jpg","jetpack_sharing_enabled":true,"jetpack-related-posts":[{"id":2682,"url":"https:\/\/oui-oui.es\/blog\/love-pop-polos-de-fruta-natural\/","url_meta":{"origin":1968,"position":0},"title":"Love Pop | Polos de fruta natural","author":"Mar\u00eda \u2665Oui Oui\u2665","date":"26 junio, 2015","format":false,"excerpt":"Este verano me he propuesto hacer m\u00e1s zumos, batidos y helados naturales, pero mientras me hago con unas cuantas recetas, tengo ganas de probar los polos de Love Pop, de sabores naturales, elaborados artesanalmente para garantizar que conservan el sabor de su fruta original...Sand\u00eda, lim\u00f3n, kiwi, fresa...Todos tienen buen\u00edsima pinta!\u2026","rel":"","context":"En \u00abESTILO DE VIDA\u00bb","block_context":{"text":"ESTILO DE VIDA","link":"https:\/\/oui-oui.es\/blog\/category\/lifestyle-2\/"},"img":{"alt_text":"","src":"https:\/\/i0.wp.com\/oui-oui.es\/blog\/wp-content\/uploads\/Oui-Oui-polos-frutas-naturales-helados-love-pop-polos-3.jpg?resize=350%2C200&ssl=1","width":350,"height":200},"classes":[]},{"id":2406,"url":"https:\/\/oui-oui.es\/blog\/la-maison-des-carres-de-hermes\/","url_meta":{"origin":1968,"position":1},"title":"La maison des Carr\u00e9s de Herm\u00e8s","author":"Mar\u00eda \u2665Oui Oui\u2665","date":"22 mayo, 2015","format":false,"excerpt":"Si pasas, vives o estar\u00e1s en Barcelona los pr\u00f3ximos d\u00edas (hasta el 30 de mayo), no puedes dejar pasar la ocasi\u00f3n de disfrutar la experiencia Herm\u00e9s a trav\u00e9s de sus carr\u00e9s. Con una puesta en escena \u00fanica e incre\u00edble, con el color de los pa\u00f1uelos como protagonista y el dise\u00f1o\u2026","rel":"","context":"En \u00abESTILO DE VIDA\u00bb","block_context":{"text":"ESTILO DE VIDA","link":"https:\/\/oui-oui.es\/blog\/category\/lifestyle-2\/"},"img":{"alt_text":"","src":"https:\/\/i0.wp.com\/oui-oui.es\/blog\/wp-content\/uploads\/2015\/05\/oui-oui-pop-up-hermes-barcelona-maison-carres-13.jpg?resize=350%2C200&ssl=1","width":350,"height":200,"srcset":"https:\/\/i0.wp.com\/oui-oui.es\/blog\/wp-content\/uploads\/2015\/05\/oui-oui-pop-up-hermes-barcelona-maison-carres-13.jpg?resize=350%2C200&ssl=1 1x, https:\/\/i0.wp.com\/oui-oui.es\/blog\/wp-content\/uploads\/2015\/05\/oui-oui-pop-up-hermes-barcelona-maison-carres-13.jpg?resize=525%2C300&ssl=1 1.5x"},"classes":[]},{"id":783,"url":"https:\/\/oui-oui.es\/blog\/la-resaca-de-say-i-do\/","url_meta":{"origin":1968,"position":2},"title":"La resaca de Say I Do!","author":"Mar\u00eda \u2665Oui Oui\u2665","date":"6 junio, 2013","format":false,"excerpt":"He tardado unos d\u00edas en recuperarme pero aqu\u00ed estoy de vuelta!, despu\u00e9s de cuatro d\u00edas intens\u00edsimos (m\u00e1s dos de preparaci\u00f3n) en Say I Do! en el espacio 1001 Atmosphera no puedo estar m\u00e1s contenta con la experiencia :) Por el fant\u00e1stico espacio con el que contamos, porque el stand gust\u00f3\u2026","rel":"","context":"En \u00abBoda\u00bb","block_context":{"text":"Boda","link":"https:\/\/oui-oui.es\/blog\/category\/fiestas-celebraciones\/boda\/"},"img":{"alt_text":"","src":"https:\/\/i0.wp.com\/oui-oui.es\/blog\/wp-content\/uploads\/oui-oui-pop-up-say-i-do-1001-atmosphera-stand-oui-oui-completo.jpg?resize=350%2C200&ssl=1","width":350,"height":200,"srcset":"https:\/\/i0.wp.com\/oui-oui.es\/blog\/wp-content\/uploads\/oui-oui-pop-up-say-i-do-1001-atmosphera-stand-oui-oui-completo.jpg?resize=350%2C200&ssl=1 1x, https:\/\/i0.wp.com\/oui-oui.es\/blog\/wp-content\/uploads\/oui-oui-pop-up-say-i-do-1001-atmosphera-stand-oui-oui-completo.jpg?resize=525%2C300&ssl=1 1.5x, https:\/\/i0.wp.com\/oui-oui.es\/blog\/wp-content\/uploads\/oui-oui-pop-up-say-i-do-1001-atmosphera-stand-oui-oui-completo.jpg?resize=700%2C400&ssl=1 2x, https:\/\/i0.wp.com\/oui-oui.es\/blog\/wp-content\/uploads\/oui-oui-pop-up-say-i-do-1001-atmosphera-stand-oui-oui-completo.jpg?resize=1050%2C600&ssl=1 3x, https:\/\/i0.wp.com\/oui-oui.es\/blog\/wp-content\/uploads\/oui-oui-pop-up-say-i-do-1001-atmosphera-stand-oui-oui-completo.jpg?resize=1400%2C800&ssl=1 4x"},"classes":[]},{"id":1436,"url":"https:\/\/oui-oui.es\/blog\/nos-vemos-este-jueves\/","url_meta":{"origin":1968,"position":3},"title":"Nos vemos este jueves!","author":"Mar\u00eda \u2665Oui Oui\u2665","date":"11 marzo, 2014","format":false,"excerpt":"Vuelvo a la carga con las pop up, con las que tengo un amor-odio...Me apunto a todas, me lo paso genial, aprovecho para conoceros...Pero son una paliza, sobretodo de l\u00edo con el almac\u00e9n! As\u00ed que para inaugurar la temporada os espero este JUEVES 13, VIERNES 14 y S\u00c1BADO 15 en\u2026","rel":"","context":"En \u00abBoda\u00bb","block_context":{"text":"Boda","link":"https:\/\/oui-oui.es\/blog\/category\/fiestas-celebraciones\/boda\/"},"img":{"alt_text":"","src":"https:\/\/i0.wp.com\/oui-oui.es\/blog\/wp-content\/uploads\/2014\/03\/oui-oui-pop-up-bodas-maquis-co-2.jpg?resize=350%2C200&ssl=1","width":350,"height":200,"srcset":"https:\/\/i0.wp.com\/oui-oui.es\/blog\/wp-content\/uploads\/2014\/03\/oui-oui-pop-up-bodas-maquis-co-2.jpg?resize=350%2C200&ssl=1 1x, https:\/\/i0.wp.com\/oui-oui.es\/blog\/wp-content\/uploads\/2014\/03\/oui-oui-pop-up-bodas-maquis-co-2.jpg?resize=525%2C300&ssl=1 1.5x, https:\/\/i0.wp.com\/oui-oui.es\/blog\/wp-content\/uploads\/2014\/03\/oui-oui-pop-up-bodas-maquis-co-2.jpg?resize=700%2C400&ssl=1 2x"},"classes":[]},{"id":2084,"url":"https:\/\/oui-oui.es\/blog\/en-abril-pop-ups-mil\/","url_meta":{"origin":1968,"position":4},"title":"En abril&#8230;Pop Ups Mil!","author":"Mar\u00eda \u2665Oui Oui\u2665","date":"15 abril, 2015","format":false,"excerpt":"Casualidades de la vida, se nos han juntado este mes un mont\u00f3n de propuestas interesantes y no hemos podido decir que no! As\u00ed que os esperamos en todas! (o al menos en alguna...je,je) THE GOOD MARKET Este fin de semana; s\u00e1bado 18 y domingo 19 estaremos en \"The Good Market\"\u2026","rel":"","context":"En \u00abOUI OUI\u00bb","block_context":{"text":"OUI OUI","link":"https:\/\/oui-oui.es\/blog\/category\/oui-oui\/"},"img":{"alt_text":"","src":"https:\/\/i0.wp.com\/oui-oui.es\/blog\/wp-content\/uploads\/2015\/04\/oui-oui-detalles-decoracic3b3n-puertas-ratoncito-pc3a9rez-marc3ada-gijc3b3n-32.jpg?resize=350%2C200&ssl=1","width":350,"height":200,"srcset":"https:\/\/i0.wp.com\/oui-oui.es\/blog\/wp-content\/uploads\/2015\/04\/oui-oui-detalles-decoracic3b3n-puertas-ratoncito-pc3a9rez-marc3ada-gijc3b3n-32.jpg?resize=350%2C200&ssl=1 1x, https:\/\/i0.wp.com\/oui-oui.es\/blog\/wp-content\/uploads\/2015\/04\/oui-oui-detalles-decoracic3b3n-puertas-ratoncito-pc3a9rez-marc3ada-gijc3b3n-32.jpg?resize=525%2C300&ssl=1 1.5x"},"classes":[]},{"id":1081,"url":"https:\/\/oui-oui.es\/blog\/aun-no-te-has-enterado\/","url_meta":{"origin":1968,"position":5},"title":"\u00bfA\u00fan no te has enterado?","author":"Mar\u00eda \u2665Oui Oui\u2665","date":"10 diciembre, 2013","format":false,"excerpt":"Esta semana estamos de pop up navide\u00f1a! \u00bfD\u00f3nde? En el Christmas Market de 1001 Atm\u00f3sfera (C\/General Pardi\u00f1as, 50 Madrid) \u00bfCu\u00e1ndo? Desde el jueves 12 hasta el domingo 15 Jueves, Viernes y S\u00e1bado de 11 a 21h y Domingo de 11 a 15h. A mi me va a dar algo porque\u2026","rel":"","context":"En \u00abOUI OUI\u00bb","block_context":{"text":"OUI OUI","link":"https:\/\/oui-oui.es\/blog\/category\/oui-oui\/"},"img":{"alt_text":"","src":"https:\/\/i0.wp.com\/oui-oui.es\/blog\/wp-content\/uploads\/2013\/12\/oui-oui-pop-up-navidad-1001-atmosfera-christmas-market.jpg?resize=350%2C200&ssl=1","width":350,"height":200,"srcset":"https:\/\/i0.wp.com\/oui-oui.es\/blog\/wp-content\/uploads\/2013\/12\/oui-oui-pop-up-navidad-1001-atmosfera-christmas-market.jpg?resize=350%2C200&ssl=1 1x, https:\/\/i0.wp.com\/oui-oui.es\/blog\/wp-content\/uploads\/2013\/12\/oui-oui-pop-up-navidad-1001-atmosfera-christmas-market.jpg?resize=525%2C300&ssl=1 1.5x, https:\/\/i0.wp.com\/oui-oui.es\/blog\/wp-content\/uploads\/2013\/12\/oui-oui-pop-up-navidad-1001-atmosfera-christmas-market.jpg?resize=700%2C400&ssl=1 2x"},"classes":[]}],"_links":{"self":[{"href":"https:\/\/oui-oui.es\/blog\/wp-json\/wp\/v2\/posts\/1968","targetHints":{"allow":["GET"]}}],"collection":[{"href":"https:\/\/oui-oui.es\/blog\/wp-json\/wp\/v2\/posts"}],"about":[{"href":"https:\/\/oui-oui.es\/blog\/wp-json\/wp\/v2\/types\/post"}],"author":[{"embeddable":true,"href":"https:\/\/oui-oui.es\/blog\/wp-json\/wp\/v2\/users\/1"}],"replies":[{"embeddable":true,"href":"https:\/\/oui-oui.es\/blog\/wp-json\/wp\/v2\/comments?post=1968"}],"version-history":[{"count":1,"href":"https:\/\/oui-oui.es\/blog\/wp-json\/wp\/v2\/posts\/1968\/revisions"}],"predecessor-version":[{"id":3151,"href":"https:\/\/oui-oui.es\/blog\/wp-json\/wp\/v2\/posts\/1968\/revisions\/3151"}],"wp:featuredmedia":[{"embeddable":true,"href":"https:\/\/oui-oui.es\/blog\/wp-json\/wp\/v2\/media\/3150"}],"wp:attachment":[{"href":"https:\/\/oui-oui.es\/blog\/wp-json\/wp\/v2\/media?parent=1968"}],"wp:term":[{"taxonomy":"category","embeddable":true,"href":"https:\/\/oui-oui.es\/blog\/wp-json\/wp\/v2\/categories?post=1968"},{"taxonomy":"post_tag","embeddable":true,"href":"https:\/\/oui-oui.es\/blog\/wp-json\/wp\/v2\/tags?post=1968"}],"curies":[{"name":"wp","href":"https:\/\/api.w.org\/{rel}","templated":true}]}}