{"id":1971,"date":"2015-03-03T22:43:14","date_gmt":"2015-03-03T21:43:14","guid":{"rendered":"https:\/\/ouiouiblog.wordpress.com\/?p=1971"},"modified":"2015-09-02T13:03:15","modified_gmt":"2015-09-02T11:03:15","slug":"las-puertas-del-ratoncito-perez-en-febrero","status":"publish","type":"post","link":"https:\/\/oui-oui.es\/blog\/las-puertas-del-ratoncito-perez-en-febrero\/","title":{"rendered":"Las puertas del ratoncito P\u00e9rez en febrero"},"content":{"rendered":"<p><a href=\"http:\/\/www.oui-oui.es\/29-puertas-ratoncito-perez\"><img loading=\"lazy\" decoding=\"async\" class=\"alignnone size-large wp-image-1978\" src=\"https:\/\/ouiouiblog.files.wordpress.com\/2015\/03\/oui-oui-puerta-ratoncito-perez-mint-nutella.jpg?w=660\" alt=\"Oui Oui-puerta ratoncito perez-mint-nutella\" width=\"660\" height=\"660\" \/><\/a><\/p>\n<p>Cada d\u00eda tenemos pedidos diferentes de las<a href=\"http:\/\/www.oui-oui.es\/29-puertas-ratoncito-perez\" target=\"_blank\"> <strong>puertas del ratoncito P\u00e9rez<\/strong><\/a> y la verdad es que nos encantan aquellos especialmente diferentes, <strong>por el color que ped\u00eds, por la historia que hay detr\u00e1s o por la composici\u00f3n que hago para la foto.<\/strong><\/p>\n<p>As\u00ed que me he propuesto compartir con vosotros aquellas <a href=\"http:\/\/www.oui-oui.es\/29-puertas-ratoncito-perez\" target=\"_blank\"><strong>puertas para el ratoncito P\u00e9rez<\/strong><\/a> que sean m\u00e1s especiales o diferentes cada mes, como este <strong>color berenjena<\/strong><\/p>\n<p><a href=\"http:\/\/www.oui-oui.es\/29-puertas-ratoncito-perez\"><img loading=\"lazy\" decoding=\"async\" class=\"alignnone wp-image-1974 size-large\" src=\"https:\/\/ouiouiblog.files.wordpress.com\/2015\/03\/oui-oui-puerta-ratoncito-perez-berenjena-y-blanca.jpg?w=660\" alt=\"Oui Oui-puerta ratoncito Perez berenjena y blanca\" width=\"660\" height=\"660\" \/><\/a><\/p>\n<p>Hoy os presento las de febrero, que, por supuesto, ten\u00eda que tener su <strong>homenaje a San Valent\u00edn<\/strong><\/p>\n<p><a href=\"http:\/\/www.oui-oui.es\/29-puertas-ratoncito-perez\"><img loading=\"lazy\" decoding=\"async\" class=\"alignnone size-large wp-image-1980\" src=\"https:\/\/ouiouiblog.files.wordpress.com\/2015\/03\/puerta-ratoncito-perez-blanca-san-valentin.jpg?w=660\" alt=\"Puerta ratoncito perez blanca-san valentin\" width=\"660\" height=\"660\" \/><\/a><\/p>\n<p>Tambi\u00e9n en rojo,\u00a0no s\u00e9 porqu\u00e9 pero el futuro ratoncito due\u00f1o de la puerta ten\u00eda pinta de que le gustase el jamoncito y unas rumbas \ud83d\ude09<\/p>\n<p><a href=\"http:\/\/www.oui-oui.es\/29-puertas-ratoncito-perez\"><img loading=\"lazy\" decoding=\"async\" class=\"alignnone wp-image-1972 size-large\" src=\"https:\/\/ouiouiblog.files.wordpress.com\/2015\/03\/oui-oui-ouerta-ratoncito-perez-lolailo-jamon-y-guitarra.jpg?w=660\" alt=\"Oui Oui-ouerta ratoncito Perez lolailo-jamon y guitarra\" width=\"660\" height=\"660\" \/><\/a><\/p>\n<p>Una petici\u00f3n especial fue la puerta para el ratoncito cl\u00e1sica en dos colores; rojo y blanco, que junto con una caja de Coca-Cola qued\u00f3 genial<\/p>\n<p><a href=\"http:\/\/www.oui-oui.es\/29-puertas-ratoncito-perez\"><img loading=\"lazy\" decoding=\"async\" class=\"alignnone size-large wp-image-1976\" src=\"https:\/\/ouiouiblog.files.wordpress.com\/2015\/03\/oui-oui-puerta-ratoncito-pc3a9rez-coca-cola.jpg?w=660\" alt=\"Oui Oui-puerta ratoncito P\u00e9rez-Coca-Cola\" width=\"660\" height=\"660\" \/><\/a><\/p>\n<p>Aunque llevamos haci\u00e9ndolo unos meses no lo he anunciado hasta hace poco y est\u00e1n teniendo mucho \u00e9xito&#8230;<strong>Ya pod\u00e9is poner el nombre que quer\u00e1is en la puerta<\/strong>, en letras doradas a juego con el buz\u00f3n y la aldaba, las\u00a0puerta para los ratoncitos de Biel y Carla quedaron ideales.<\/p>\n<p><a href=\"https:\/\/ouiouiblog.files.wordpress.com\/2015\/03\/oui-oui-puerta-ratoncito-pc3a9rez-con-nombres.jpg\"><img loading=\"lazy\" decoding=\"async\" class=\"alignnone size-large wp-image-1975\" src=\"https:\/\/ouiouiblog.files.wordpress.com\/2015\/03\/oui-oui-puerta-ratoncito-pc3a9rez-con-nombres.jpg?w=660\" alt=\"Oui Oui-puerta ratoncito P\u00e9rez con nombres\" width=\"660\" height=\"660\" \/><\/a><\/p>\n<p>Algo que <strong>me encanta<\/strong> de <strong>ver las puertas para el ratoncito<\/strong> en vuestras casas es <strong>c\u00f3mo las hac\u00e9is vuestras<\/strong>, con notitas de los peques o con complementos que ten\u00e9is por casa, como el patio de vecinos tan divertido que le montaron a este ratoncito&#8230;<\/p>\n<p><a href=\"http:\/\/www.oui-oui.es\/29-puertas-ratoncito-perez\"><img loading=\"lazy\" decoding=\"async\" class=\"alignnone size-large wp-image-1979\" src=\"https:\/\/ouiouiblog.files.wordpress.com\/2015\/03\/oui-oui-puertas-ratoncito-perez-patio-de-vecinos.jpg?w=660\" alt=\"Oui Oui-puertas ratoncito Perez-patio de vecinos\" width=\"660\" height=\"660\" \/><\/a><\/p>\n<p>Aqu\u00ed ten\u00e9is un ejemplo\u00a0del color fucsia, y eso que por la luz sale un poquito m\u00e1s claro, a la <a href=\"http:\/\/www.oui-oui.es\/puertas-ratoncito-perez\/586-ratoncita-hermana-mayor.html\" target=\"_blank\">ratoncita de trapo<\/a> le encant\u00f3, combina fenomenal con su juego de cama \ud83d\ude09<\/p>\n<p><a href=\"http:\/\/www.oui-oui.es\/29-puertas-ratoncito-perez\"><img loading=\"lazy\" decoding=\"async\" class=\"alignnone wp-image-1973 size-large\" src=\"https:\/\/ouiouiblog.files.wordpress.com\/2015\/03\/oui-oui-puerta-ratocito-pc3a9rez-fucsia-ratoncita-maileg.jpg?w=660\" alt=\"Oui Oui-puerta ratocito P\u00e9rez fucsia-ratoncita maileg\" width=\"660\" height=\"660\" \/><\/a><\/p>\n<p>Y hasta aqu\u00ed alguna de las <strong><a href=\"http:\/\/www.oui-oui.es\/29-puertas-ratoncito-perez\" target=\"_blank\">puertas del ratoncito P\u00e9rez<\/a> <\/strong>del mes de febrero&#8230;El mes que viene m\u00e1s!, \u00bfOs han gustado?<\/p>\n<p><a href=\"http:\/\/www.oui-oui.es\/29-puertas-ratoncito-perez\"><img loading=\"lazy\" decoding=\"async\" class=\"alignnone wp-image-1977 size-large\" src=\"https:\/\/ouiouiblog.files.wordpress.com\/2015\/03\/oui-oui-puerta-ratoncito-perez-mint.jpg?w=660\" alt=\"Oui Oui-puerta ratoncito perez-mint\" width=\"660\" height=\"660\" \/><\/a><\/p>\n","protected":false},"excerpt":{"rendered":"<p>Cada d\u00eda tenemos pedidos diferentes de las puertas del ratoncito P\u00e9rez y la verdad es que nos encantan aquellos especialmente diferentes, por el color que ped\u00eds, por la historia que hay detr\u00e1s o por la composici\u00f3n que hago para la foto. As\u00ed que me he propuesto compartir con vosotros aquellas puertas para el ratoncito P\u00e9rez [&hellip;]<\/p>\n","protected":false},"author":1,"featured_media":3147,"comment_status":"open","ping_status":"open","sticky":false,"template":"","format":"standard","meta":{"jetpack_post_was_ever_published":false,"_jetpack_newsletter_access":"","_jetpack_dont_email_post_to_subs":false,"_jetpack_newsletter_tier_id":0,"_jetpack_memberships_contains_paywalled_content":false,"_jetpack_memberships_contains_paid_content":false,"footnotes":"","jetpack_publicize_message":"","jetpack_publicize_feature_enabled":true,"jetpack_social_post_already_shared":false,"jetpack_social_options":{"image_generator_settings":{"template":"highway","default_image_id":0,"font":"","enabled":false},"version":2}},"categories":[175],"tags":[340],"class_list":["post-1971","post","type-post","status-publish","format-standard","has-post-thumbnail","hentry","category-puertas-para-el-ratoncito-perez","tag-puertas-ratoncito-perez"],"aioseo_notices":[],"jetpack_publicize_connections":[],"jetpack_featured_media_url":"https:\/\/oui-oui.es\/blog\/wp-content\/uploads\/2015\/03\/oui-oui-puerta-ratoncito-perez-mint-nutella.jpg","jetpack_sharing_enabled":true,"jetpack-related-posts":[{"id":2495,"url":"https:\/\/oui-oui.es\/blog\/las-puertas-del-ratoncito-perez-de-mayo\/","url_meta":{"origin":1971,"position":0},"title":"Las puertas del ratoncito P\u00e9rez de mayo","author":"Mar\u00eda \u2665Oui Oui\u2665","date":"1 junio, 2015","format":false,"excerpt":"\u00a0 Creo que me he saltado un par de meses porque hemos tenido mucho l\u00edo, pero no quer\u00eda dejar de ense\u00f1aros por aqu\u00ed alguna de las puertas para el ratoncito P\u00e9rez que hemos hecho este mes, como sab\u00e9is, las hacemos personalizadas\u00a0con el n\u00famero o nombre que quer\u00e1is, as\u00ed como con\u2026","rel":"","context":"En \u00abNI\u00d1OS Y NI\u00d1AS\u00bb","block_context":{"text":"NI\u00d1OS Y NI\u00d1AS","link":"https:\/\/oui-oui.es\/blog\/category\/ninos\/"},"img":{"alt_text":"","src":"https:\/\/i0.wp.com\/oui-oui.es\/blog\/wp-content\/uploads\/2015\/06\/oui-oui-edicion-especial-puerta-ratocnito-pc3a9rez-san-isidro-puerta-chulapa.jpg?resize=350%2C200&ssl=1","width":350,"height":200},"classes":[]},{"id":973,"url":"https:\/\/oui-oui.es\/blog\/una-historia-detras-de-cada-puerta-para-el-ratoncito-perez\/","url_meta":{"origin":1971,"position":1},"title":"Una historia detr\u00e1s de cada Puerta para el ratoncito P\u00e9rez","author":"Mar\u00eda \u2665Oui Oui\u2665","date":"25 octubre, 2013","format":false,"excerpt":"Me encanta imaginar la habitaci\u00f3n de cada ni\u00f1o o ni\u00f1a que ya tiene su puerta del ratoncito P\u00e9rez, d\u00f3nde la habr\u00e1 colocado, si la mirar\u00e1n con asombro o si inventan historias sobre el ratoncito mientras no hay diente en vilo, o, mejor a\u00fan, la noche de la espera, y cuando\u2026","rel":"","context":"En \u00abPUERTAS RATONCITO P\u00c9REZ\u00bb","block_context":{"text":"PUERTAS RATONCITO P\u00c9REZ","link":"https:\/\/oui-oui.es\/blog\/category\/puertas-para-el-ratoncito-perez\/"},"img":{"alt_text":"","src":"https:\/\/i0.wp.com\/oui-oui.es\/blog\/wp-content\/uploads\/oui-oui-puerta-inglesa-mint-martc3adn.jpg?resize=350%2C200&ssl=1","width":350,"height":200,"srcset":"https:\/\/i0.wp.com\/oui-oui.es\/blog\/wp-content\/uploads\/oui-oui-puerta-inglesa-mint-martc3adn.jpg?resize=350%2C200&ssl=1 1x, https:\/\/i0.wp.com\/oui-oui.es\/blog\/wp-content\/uploads\/oui-oui-puerta-inglesa-mint-martc3adn.jpg?resize=525%2C300&ssl=1 1.5x"},"classes":[]},{"id":3643,"url":"https:\/\/oui-oui.es\/blog\/las-puertas-del-ratoncito-perez-de-octubre\/","url_meta":{"origin":1971,"position":2},"title":"Las puertas del ratoncito P\u00e9rez de octubre","author":"Mar\u00eda \u2665Oui Oui\u2665","date":"29 octubre, 2015","format":false,"excerpt":"No s\u00e9 que ha pasado en verano que se me hab\u00eda olvidado compartir por aqu\u00ed alguno de los modelos m\u00e1s originales o diferentes que hemos hecho de las puertas del ratoncito P\u00e9rez, as\u00ed que hoy vuelvo con m\u00e1s ganas que nunca con esta secci\u00f3n ;) Una de las m\u00e1s trabajosas\u2026","rel":"","context":"En \u00abPUERTAS RATONCITO P\u00c9REZ\u00bb","block_context":{"text":"PUERTAS RATONCITO P\u00c9REZ","link":"https:\/\/oui-oui.es\/blog\/category\/puertas-para-el-ratoncito-perez\/"},"img":{"alt_text":"","src":"https:\/\/i0.wp.com\/oui-oui.es\/blog\/wp-content\/uploads\/2015\/10\/Oui-Oui-puerta-ratoncito-perez-els-patufets.jpg?resize=350%2C200&ssl=1","width":350,"height":200,"srcset":"https:\/\/i0.wp.com\/oui-oui.es\/blog\/wp-content\/uploads\/2015\/10\/Oui-Oui-puerta-ratoncito-perez-els-patufets.jpg?resize=350%2C200&ssl=1 1x, https:\/\/i0.wp.com\/oui-oui.es\/blog\/wp-content\/uploads\/2015\/10\/Oui-Oui-puerta-ratoncito-perez-els-patufets.jpg?resize=525%2C300&ssl=1 1.5x, https:\/\/i0.wp.com\/oui-oui.es\/blog\/wp-content\/uploads\/2015\/10\/Oui-Oui-puerta-ratoncito-perez-els-patufets.jpg?resize=700%2C400&ssl=1 2x, https:\/\/i0.wp.com\/oui-oui.es\/blog\/wp-content\/uploads\/2015\/10\/Oui-Oui-puerta-ratoncito-perez-els-patufets.jpg?resize=1050%2C600&ssl=1 3x, https:\/\/i0.wp.com\/oui-oui.es\/blog\/wp-content\/uploads\/2015\/10\/Oui-Oui-puerta-ratoncito-perez-els-patufets.jpg?resize=1400%2C800&ssl=1 4x"},"classes":[]},{"id":4232,"url":"https:\/\/oui-oui.es\/blog\/las-puertas-del-ratoncito-de-este-ano\/","url_meta":{"origin":1971,"position":3},"title":"Las puertas del ratoncito de este a\u00f1o","author":"Mar\u00eda \u2665Oui Oui\u2665","date":"26 abril, 2016","format":false,"excerpt":"Mi intenci\u00f3n era ense\u00f1aros una selecci\u00f3n de las puertas para el ratoncito P\u00e9rez que hacemos cada mes, pero lo cierto es que vamos a mil con los pedidos y seg\u00fan las trae mi padre a la oficina salen corriendo hacia vuetsras casas y muchas veces no me da tiempo a\u2026","rel":"","context":"En \u00abNI\u00d1OS Y NI\u00d1AS\u00bb","block_context":{"text":"NI\u00d1OS Y NI\u00d1AS","link":"https:\/\/oui-oui.es\/blog\/category\/ninos\/"},"img":{"alt_text":"","src":"https:\/\/i0.wp.com\/oui-oui.es\/blog\/wp-content\/uploads\/2016\/04\/Oui-Oui-puerta-ratoncito-perez-puerta-raton-perez-dream-big.jpg?resize=350%2C200&ssl=1","width":350,"height":200,"srcset":"https:\/\/i0.wp.com\/oui-oui.es\/blog\/wp-content\/uploads\/2016\/04\/Oui-Oui-puerta-ratoncito-perez-puerta-raton-perez-dream-big.jpg?resize=350%2C200&ssl=1 1x, https:\/\/i0.wp.com\/oui-oui.es\/blog\/wp-content\/uploads\/2016\/04\/Oui-Oui-puerta-ratoncito-perez-puerta-raton-perez-dream-big.jpg?resize=525%2C300&ssl=1 1.5x, https:\/\/i0.wp.com\/oui-oui.es\/blog\/wp-content\/uploads\/2016\/04\/Oui-Oui-puerta-ratoncito-perez-puerta-raton-perez-dream-big.jpg?resize=700%2C400&ssl=1 2x, https:\/\/i0.wp.com\/oui-oui.es\/blog\/wp-content\/uploads\/2016\/04\/Oui-Oui-puerta-ratoncito-perez-puerta-raton-perez-dream-big.jpg?resize=1050%2C600&ssl=1 3x, https:\/\/i0.wp.com\/oui-oui.es\/blog\/wp-content\/uploads\/2016\/04\/Oui-Oui-puerta-ratoncito-perez-puerta-raton-perez-dream-big.jpg?resize=1400%2C800&ssl=1 4x"},"classes":[]},{"id":4546,"url":"https:\/\/oui-oui.es\/blog\/las-puertas-del-ratoncito-de-junio\/","url_meta":{"origin":1971,"position":4},"title":"Las puertas del ratoncito de junio","author":"Mar\u00eda \u2665Oui Oui\u2665","date":"28 junio, 2016","format":false,"excerpt":"\u00a0 Con junio lleg\u00f3 el calor, las terracitas y la vida al aire libre, el ratoncito P\u00e9rez no pod\u00eda ser menos y hemos tra\u00eddo un mont\u00f3n de complementos nuevos para hacerle m\u00e1s fresca y alegre la visita a casa; una planta, una bici (por si quiere moverse en ella entre\u2026","rel":"","context":"En \u00abPUERTAS RATONCITO P\u00c9REZ\u00bb","block_context":{"text":"PUERTAS RATONCITO P\u00c9REZ","link":"https:\/\/oui-oui.es\/blog\/category\/puertas-para-el-ratoncito-perez\/"},"img":{"alt_text":"","src":"https:\/\/i0.wp.com\/oui-oui.es\/blog\/wp-content\/uploads\/2016\/06\/Oui-Oui-puertas-ratoncito-p%C3%A9rez-ratoncitos-maileg-mint.jpg?resize=350%2C200&ssl=1","width":350,"height":200,"srcset":"https:\/\/i0.wp.com\/oui-oui.es\/blog\/wp-content\/uploads\/2016\/06\/Oui-Oui-puertas-ratoncito-p%C3%A9rez-ratoncitos-maileg-mint.jpg?resize=350%2C200&ssl=1 1x, https:\/\/i0.wp.com\/oui-oui.es\/blog\/wp-content\/uploads\/2016\/06\/Oui-Oui-puertas-ratoncito-p%C3%A9rez-ratoncitos-maileg-mint.jpg?resize=525%2C300&ssl=1 1.5x, https:\/\/i0.wp.com\/oui-oui.es\/blog\/wp-content\/uploads\/2016\/06\/Oui-Oui-puertas-ratoncito-p%C3%A9rez-ratoncitos-maileg-mint.jpg?resize=700%2C400&ssl=1 2x, https:\/\/i0.wp.com\/oui-oui.es\/blog\/wp-content\/uploads\/2016\/06\/Oui-Oui-puertas-ratoncito-p%C3%A9rez-ratoncitos-maileg-mint.jpg?resize=1050%2C600&ssl=1 3x, https:\/\/i0.wp.com\/oui-oui.es\/blog\/wp-content\/uploads\/2016\/06\/Oui-Oui-puertas-ratoncito-p%C3%A9rez-ratoncitos-maileg-mint.jpg?resize=1400%2C800&ssl=1 4x"},"classes":[]},{"id":10866,"url":"https:\/\/oui-oui.es\/blog\/algunas-puertas-del-ratoncito-perez-de-mayo\/","url_meta":{"origin":1971,"position":5},"title":"Algunas puertas del ratoncito P\u00e9rez de mayo","author":"Mar\u00eda \u2665Oui Oui\u2665","date":"21 mayo, 2024","format":false,"excerpt":"Algunas de las Puertas para el Ratoncito P\u00e9rez que hemos hecho en el \u00faltimo mes.","rel":"","context":"En \u00abPUERTAS RATONCITO P\u00c9REZ\u00bb","block_context":{"text":"PUERTAS RATONCITO P\u00c9REZ","link":"https:\/\/oui-oui.es\/blog\/category\/puertas-para-el-ratoncito-perez\/"},"img":{"alt_text":"","src":"https:\/\/i0.wp.com\/oui-oui.es\/blog\/wp-content\/uploads\/2024\/05\/Oui-Oui-Puerta-Ratoncito-Perez-Ratoncitos-Maileg-Autenticas-Puertas-Ratoncito-Perez-6-scaled.jpg?resize=350%2C200&ssl=1","width":350,"height":200,"srcset":"https:\/\/i0.wp.com\/oui-oui.es\/blog\/wp-content\/uploads\/2024\/05\/Oui-Oui-Puerta-Ratoncito-Perez-Ratoncitos-Maileg-Autenticas-Puertas-Ratoncito-Perez-6-scaled.jpg?resize=350%2C200&ssl=1 1x, https:\/\/i0.wp.com\/oui-oui.es\/blog\/wp-content\/uploads\/2024\/05\/Oui-Oui-Puerta-Ratoncito-Perez-Ratoncitos-Maileg-Autenticas-Puertas-Ratoncito-Perez-6-scaled.jpg?resize=525%2C300&ssl=1 1.5x, https:\/\/i0.wp.com\/oui-oui.es\/blog\/wp-content\/uploads\/2024\/05\/Oui-Oui-Puerta-Ratoncito-Perez-Ratoncitos-Maileg-Autenticas-Puertas-Ratoncito-Perez-6-scaled.jpg?resize=700%2C400&ssl=1 2x, https:\/\/i0.wp.com\/oui-oui.es\/blog\/wp-content\/uploads\/2024\/05\/Oui-Oui-Puerta-Ratoncito-Perez-Ratoncitos-Maileg-Autenticas-Puertas-Ratoncito-Perez-6-scaled.jpg?resize=1050%2C600&ssl=1 3x, https:\/\/i0.wp.com\/oui-oui.es\/blog\/wp-content\/uploads\/2024\/05\/Oui-Oui-Puerta-Ratoncito-Perez-Ratoncitos-Maileg-Autenticas-Puertas-Ratoncito-Perez-6-scaled.jpg?resize=1400%2C800&ssl=1 4x"},"classes":[]}],"_links":{"self":[{"href":"https:\/\/oui-oui.es\/blog\/wp-json\/wp\/v2\/posts\/1971","targetHints":{"allow":["GET"]}}],"collection":[{"href":"https:\/\/oui-oui.es\/blog\/wp-json\/wp\/v2\/posts"}],"about":[{"href":"https:\/\/oui-oui.es\/blog\/wp-json\/wp\/v2\/types\/post"}],"author":[{"embeddable":true,"href":"https:\/\/oui-oui.es\/blog\/wp-json\/wp\/v2\/users\/1"}],"replies":[{"embeddable":true,"href":"https:\/\/oui-oui.es\/blog\/wp-json\/wp\/v2\/comments?post=1971"}],"version-history":[{"count":1,"href":"https:\/\/oui-oui.es\/blog\/wp-json\/wp\/v2\/posts\/1971\/revisions"}],"predecessor-version":[{"id":3148,"href":"https:\/\/oui-oui.es\/blog\/wp-json\/wp\/v2\/posts\/1971\/revisions\/3148"}],"wp:featuredmedia":[{"embeddable":true,"href":"https:\/\/oui-oui.es\/blog\/wp-json\/wp\/v2\/media\/3147"}],"wp:attachment":[{"href":"https:\/\/oui-oui.es\/blog\/wp-json\/wp\/v2\/media?parent=1971"}],"wp:term":[{"taxonomy":"category","embeddable":true,"href":"https:\/\/oui-oui.es\/blog\/wp-json\/wp\/v2\/categories?post=1971"},{"taxonomy":"post_tag","embeddable":true,"href":"https:\/\/oui-oui.es\/blog\/wp-json\/wp\/v2\/tags?post=1971"}],"curies":[{"name":"wp","href":"https:\/\/api.w.org\/{rel}","templated":true}]}}