{"id":2045,"date":"2015-04-13T00:01:00","date_gmt":"2015-04-12T22:01:00","guid":{"rendered":"https:\/\/ouiouiblog.wordpress.com\/?p=2045"},"modified":"2015-09-02T12:41:39","modified_gmt":"2015-09-02T10:41:39","slug":"los-divertidos-zapatos-de-calita-shoes","status":"publish","type":"post","link":"https:\/\/oui-oui.es\/blog\/los-divertidos-zapatos-de-calita-shoes\/","title":{"rendered":"Los divertidos zapatos de Calita Shoes"},"content":{"rendered":"<p><a href=\"https:\/\/ouiouiblog.files.wordpress.com\/2015\/04\/oui-oui-calita-shoes-oops.jpg\"><img loading=\"lazy\" decoding=\"async\" class=\" size-full wp-image-2051 aligncenter\" src=\"https:\/\/ouiouiblog.files.wordpress.com\/2015\/04\/oui-oui-calita-shoes-oops.jpg\" alt=\"Oui Oui-calita shoes-oops\" width=\"612\" height=\"575\" \/><\/a><\/p>\n<p>La semana pasada descubr\u00ed <a href=\"http:\/\/calitashoes.com\/\" target=\"_blank\"><strong>Calita Shoes<\/strong><\/a>, una\u00a0<strong>divertida marca de zapatos<\/strong>, con versi\u00f3n sleeper y alpargata, que me sorprendi\u00f3, su frescura y su originalidad<\/p>\n<p><a href=\"https:\/\/ouiouiblog.files.wordpress.com\/2015\/04\/oui-oui-calita-shoes-labios.jpg\"><img loading=\"lazy\" decoding=\"async\" class=\" size-large wp-image-2050 aligncenter\" src=\"https:\/\/ouiouiblog.files.wordpress.com\/2015\/04\/oui-oui-calita-shoes-labios.jpg?w=660\" alt=\"Oui Oui-calita shoes-labios\" width=\"660\" height=\"476\" \/><\/a><\/p>\n<p>La versi\u00f3n en <strong>alpargata<\/strong> dise\u00f1ada por <strong>Blanca Mir\u00f3<\/strong> es\u00a0perfecta para primavera verano, con un toque pop parece que alegran el look s\u00f3lo con sus iconos, la de la <strong>salsa picante<\/strong> que recuerda a <strong><em>Heinz<\/em><\/strong>, me encanta.<\/p>\n<p><a href=\"https:\/\/ouiouiblog.files.wordpress.com\/2015\/04\/oui-oui-alpargatas-hot-sauce-blanca-miro-calita-shoes.jpg\"><img loading=\"lazy\" decoding=\"async\" class=\" size-full wp-image-2046 aligncenter\" src=\"https:\/\/ouiouiblog.files.wordpress.com\/2015\/04\/oui-oui-alpargatas-hot-sauce-blanca-miro-calita-shoes.jpg\" alt=\"Oui Oui-alpargatas hot sauce-blanca miro-calita shoes\" width=\"480\" height=\"640\" \/><\/a><\/p>\n<p><a href=\"https:\/\/ouiouiblog.files.wordpress.com\/2015\/04\/oui-oui-alpargatas-palomitas-coca-cola-blanca-miro-calita-shoes.jpg\"><img loading=\"lazy\" decoding=\"async\" class=\" size-full wp-image-2047 aligncenter\" src=\"https:\/\/ouiouiblog.files.wordpress.com\/2015\/04\/oui-oui-alpargatas-palomitas-coca-cola-blanca-miro-calita-shoes.jpg\" alt=\"Oui Oui-alpargatas palomitas coca cola-blanca miro-calita shoes\" width=\"480\" height=\"640\" \/><\/a><\/p>\n<p>Tienen sleepers en terciopelo pero tambi\u00e9n en un <strong>tejido m\u00e1s fresquito<\/strong> para verano, como en este modelo.<\/p>\n<p><a href=\"https:\/\/ouiouiblog.files.wordpress.com\/2015\/04\/oui-oui-calita-shoes-salsa-picante-heinz-blanca-miro-verano.jpg\"><img loading=\"lazy\" decoding=\"async\" class=\" size-full wp-image-2052 aligncenter\" src=\"https:\/\/ouiouiblog.files.wordpress.com\/2015\/04\/oui-oui-calita-shoes-salsa-picante-heinz-blanca-miro-verano.jpg\" alt=\"Oui Oui-calita shoes-salsa picante heinz-blanca miro-verano\" width=\"609\" height=\"575\" \/><\/a><\/p>\n<p>Uno de mis favoritos es el del <strong>frapuccino y el donut<\/strong>, si hicieran una versi\u00f3n veraniega con un donut rosa, ser\u00eda genial!<\/p>\n<p><a href=\"https:\/\/ouiouiblog.files.wordpress.com\/2015\/04\/oui-oui-calita-shoes-frapuccino-starbucks-donut.jpg\"><img loading=\"lazy\" decoding=\"async\" class=\" size-large wp-image-2048 aligncenter\" src=\"https:\/\/ouiouiblog.files.wordpress.com\/2015\/04\/oui-oui-calita-shoes-frapuccino-starbucks-donut.jpg?w=660\" alt=\"Oui Oui-calita shoes-frapuccino-starbucks-donut\" width=\"660\" height=\"433\" \/><\/a><\/p>\n<p>Las versiones de los <strong>iconos de whatsapp<\/strong> tambi\u00e9n son geniales<\/p>\n<p><a href=\"https:\/\/ouiouiblog.files.wordpress.com\/2015\/04\/oui-oui-calita-shoes-iconos-whatsapp.jpg\"><img loading=\"lazy\" decoding=\"async\" class=\" size-full wp-image-2049 aligncenter\" src=\"https:\/\/ouiouiblog.files.wordpress.com\/2015\/04\/oui-oui-calita-shoes-iconos-whatsapp.jpg\" alt=\"Oui Oui-calita shoes-iconos whatsapp\" width=\"306\" height=\"306\" \/><\/a><\/p>\n<p>Para las\u00a0m\u00e1s atrevidas el <strong>modelo con la <em>\u00abcaca\u00bb<\/em> es la pera!<\/strong><\/p>\n<p><a href=\"https:\/\/ouiouiblog.files.wordpress.com\/2015\/04\/oui-oui-zapatos-sleepers-calita-shoes-caca-whatsapp.png\"><img loading=\"lazy\" decoding=\"async\" class=\" size-large wp-image-2055 aligncenter\" src=\"https:\/\/ouiouiblog.files.wordpress.com\/2015\/04\/oui-oui-zapatos-sleepers-calita-shoes-caca-whatsapp.png?w=660\" alt=\"Oui Oui-zapatos-sleepers calita shoes-caca whatsapp\" width=\"660\" height=\"880\" \/><\/a><\/p>\n","protected":false},"excerpt":{"rendered":"<p>La semana pasada descubr\u00ed Calita Shoes, una\u00a0divertida marca de zapatos, con versi\u00f3n sleeper y alpargata, que me sorprendi\u00f3, su frescura y su originalidad La versi\u00f3n en alpargata dise\u00f1ada por Blanca Mir\u00f3 es\u00a0perfecta para primavera verano, con un toque pop parece que alegran el look s\u00f3lo con sus iconos, la de la salsa picante que recuerda [&hellip;]<\/p>\n","protected":false},"author":1,"featured_media":3131,"comment_status":"open","ping_status":"open","sticky":false,"template":"","format":"standard","meta":{"jetpack_post_was_ever_published":false,"_jetpack_newsletter_access":"","_jetpack_dont_email_post_to_subs":false,"_jetpack_newsletter_tier_id":0,"_jetpack_memberships_contains_paywalled_content":false,"_jetpack_memberships_contains_paid_content":false,"footnotes":"","jetpack_publicize_message":"","jetpack_publicize_feature_enabled":true,"jetpack_social_post_already_shared":false,"jetpack_social_options":{"image_generator_settings":{"template":"highway","default_image_id":0,"font":"","enabled":false},"version":2}},"categories":[177],"tags":[],"class_list":["post-2045","post","type-post","status-publish","format-standard","has-post-thumbnail","hentry","category-lifestyle-2"],"aioseo_notices":[],"jetpack_publicize_connections":[],"jetpack_featured_media_url":"https:\/\/oui-oui.es\/blog\/wp-content\/uploads\/2015\/04\/oui-oui-zapatos-sleepers-calita-shoes-caca-whatsapp.png","jetpack_sharing_enabled":true,"jetpack-related-posts":[{"id":4009,"url":"https:\/\/oui-oui.es\/blog\/mi-wishlist-de-cumpleanos\/","url_meta":{"origin":2045,"position":0},"title":"Lo que me gusta una wishlist, aqu\u00ed la de mi cumple!","author":"Mar\u00eda \u2665Oui Oui\u2665","date":"5 febrero, 2016","format":false,"excerpt":"Esta semana los post van de regalos, se nota que estamos en meses de muchas celebraciones, \u00bfverdad?. Hoy empieza la cuenta atr\u00e1s para mi 34 cumplea\u00f1os, as\u00ed que, previsora una, dejo aqu\u00ed mi peque\u00f1a wishlist para que luego algunos no me digan que no les ha dado tiempo o que\u2026","rel":"","context":"En \u00abESTILO DE VIDA\u00bb","block_context":{"text":"ESTILO DE VIDA","link":"https:\/\/oui-oui.es\/blog\/category\/lifestyle-2\/"},"img":{"alt_text":"","src":"https:\/\/i0.wp.com\/oui-oui.es\/blog\/wp-content\/uploads\/2016\/01\/Oui-Oui-tarta-hersheys-sugar-factory-madrid.jpg?resize=350%2C200&ssl=1","width":350,"height":200,"srcset":"https:\/\/i0.wp.com\/oui-oui.es\/blog\/wp-content\/uploads\/2016\/01\/Oui-Oui-tarta-hersheys-sugar-factory-madrid.jpg?resize=350%2C200&ssl=1 1x, https:\/\/i0.wp.com\/oui-oui.es\/blog\/wp-content\/uploads\/2016\/01\/Oui-Oui-tarta-hersheys-sugar-factory-madrid.jpg?resize=525%2C300&ssl=1 1.5x, https:\/\/i0.wp.com\/oui-oui.es\/blog\/wp-content\/uploads\/2016\/01\/Oui-Oui-tarta-hersheys-sugar-factory-madrid.jpg?resize=700%2C400&ssl=1 2x, https:\/\/i0.wp.com\/oui-oui.es\/blog\/wp-content\/uploads\/2016\/01\/Oui-Oui-tarta-hersheys-sugar-factory-madrid.jpg?resize=1050%2C600&ssl=1 3x"},"classes":[]},{"id":3027,"url":"https:\/\/oui-oui.es\/blog\/wishlist-de-septiembre\/","url_meta":{"origin":2045,"position":1},"title":"Wishlist de septiembre","author":"Mar\u00eda \u2665Oui Oui\u2665","date":"1 septiembre, 2015","format":false,"excerpt":"Ya de vuelta al blog aprovecho que septiembre es un mes lleno de celebraciones para empezar de nuevo con las listas de deseos que tanto me gustan; celebramos cuatro a\u00f1os de casados y a los dos d\u00edas es mi Santo (un tanto olvidado desde hace dos a\u00f1os porque coincide con\u2026","rel":"","context":"En \u00abESTILO DE VIDA\u00bb","block_context":{"text":"ESTILO DE VIDA","link":"https:\/\/oui-oui.es\/blog\/category\/lifestyle-2\/"},"img":{"alt_text":"","src":"https:\/\/i0.wp.com\/oui-oui.es\/blog\/wp-content\/uploads\/2015\/09\/Oui-Oui-algo-sucede-ultimo-disco-2015-julieta-venegas.jpg?resize=350%2C200&ssl=1","width":350,"height":200,"srcset":"https:\/\/i0.wp.com\/oui-oui.es\/blog\/wp-content\/uploads\/2015\/09\/Oui-Oui-algo-sucede-ultimo-disco-2015-julieta-venegas.jpg?resize=350%2C200&ssl=1 1x, https:\/\/i0.wp.com\/oui-oui.es\/blog\/wp-content\/uploads\/2015\/09\/Oui-Oui-algo-sucede-ultimo-disco-2015-julieta-venegas.jpg?resize=525%2C300&ssl=1 1.5x"},"classes":[]},{"id":5032,"url":"https:\/\/oui-oui.es\/blog\/flechazo-el-calzado-de-anniel\/","url_meta":{"origin":2045,"position":2},"title":"Flechazo: el calzado de Anniel","author":"Mar\u00eda \u2665Oui Oui\u2665","date":"20 enero, 2017","format":false,"excerpt":"Muchas veces las cosas surgen en cadena; vi unas botas de ni\u00f1a que me chiflaron y d\u00ed por hecho que habr\u00eda talla para Frida, total que iba a preparar un post de wishlist para su cumplea\u00f1os \u00a1cumple ya un a\u00f1o y, s\u00ed, se me ha pasado volando! y cuando voy\u2026","rel":"","context":"En \u00abESTILO DE VIDA\u00bb","block_context":{"text":"ESTILO DE VIDA","link":"https:\/\/oui-oui.es\/blog\/category\/lifestyle-2\/"},"img":{"alt_text":"","src":"https:\/\/i0.wp.com\/oui-oui.es\/blog\/wp-content\/uploads\/2017\/01\/Oui-Oui-botas-nieve-para-ni%C3%B1a-botas-forrados-bambi-anouk.jpg?resize=350%2C200&ssl=1","width":350,"height":200,"srcset":"https:\/\/i0.wp.com\/oui-oui.es\/blog\/wp-content\/uploads\/2017\/01\/Oui-Oui-botas-nieve-para-ni%C3%B1a-botas-forrados-bambi-anouk.jpg?resize=350%2C200&ssl=1 1x, https:\/\/i0.wp.com\/oui-oui.es\/blog\/wp-content\/uploads\/2017\/01\/Oui-Oui-botas-nieve-para-ni%C3%B1a-botas-forrados-bambi-anouk.jpg?resize=525%2C300&ssl=1 1.5x, https:\/\/i0.wp.com\/oui-oui.es\/blog\/wp-content\/uploads\/2017\/01\/Oui-Oui-botas-nieve-para-ni%C3%B1a-botas-forrados-bambi-anouk.jpg?resize=700%2C400&ssl=1 2x"},"classes":[]},{"id":9065,"url":"https:\/\/oui-oui.es\/blog\/caprichos-de-verano\/","url_meta":{"origin":2045,"position":3},"title":"Caprichos de verano","author":"Mar\u00eda \u2665Oui Oui\u2665","date":"16 mayo, 2018","format":false,"excerpt":"Ahora si que s\u00ed, con el cambio de ropa terminado (aunque no ordenado del todo, he de reconocer), el sol, las terracitas...Apetece pensar en complementos de verano y, como de casualidad, en los \u00faltimos d\u00edas me he topado con varios accesorios y marcas que me han chiflado; zapatos, sombreros, un\u2026","rel":"","context":"En \u00abD\u00eda de la Madre\u00bb","block_context":{"text":"D\u00eda de la Madre","link":"https:\/\/oui-oui.es\/blog\/category\/no-se-que-regalar\/dia-de-la-madre\/"},"img":{"alt_text":"","src":"https:\/\/i0.wp.com\/oui-oui.es\/blog\/wp-content\/uploads\/2018\/05\/Oui-Oui-kaftan-sombrero-bolso-mexicano-mau-loa-shop.jpg?resize=350%2C200&ssl=1","width":350,"height":200},"classes":[]},{"id":200,"url":"https:\/\/oui-oui.es\/blog\/invitadas-de-invierno-en-busca-del-abrigo\/","url_meta":{"origin":2045,"position":4},"title":"Invitadas de Invierno, en busca del abrigo","author":"Mar\u00eda \u2665Oui Oui\u2665","date":"27 noviembre, 2012","format":false,"excerpt":"Nos vamos de boda, a Pedraza con una previsi\u00f3n de unos -5 grados de sensaci\u00f3n t\u00e9rmica.Viendo la que est\u00e1 cayendo en el Pirineo y hasta en La Pinilla es m\u00e1s que probable que nieve...\u00bfPuede haber algo m\u00e1s bonito en una boda?, yo lo estoy deseando. Eso s\u00ed, es necesario ir\u2026","rel":"","context":"En \u00abBoda\u00bb","block_context":{"text":"Boda","link":"https:\/\/oui-oui.es\/blog\/category\/fiestas-celebraciones\/boda\/"},"img":{"alt_text":"","src":"https:\/\/i0.wp.com\/oui-oui.es\/blog\/wp-content\/uploads\/oui-oui-boda-invierno-pedraza-nevada.jpg?resize=350%2C200&ssl=1","width":350,"height":200},"classes":[]},{"id":2325,"url":"https:\/\/oui-oui.es\/blog\/divirtiendonos-con-los-emoticonos\/","url_meta":{"origin":2045,"position":5},"title":"Divirti\u00e9ndonos con los emoticonos","author":"Mar\u00eda \u2665Oui Oui\u2665","date":"14 mayo, 2015","format":false,"excerpt":"De esas veces que en un breve espacio de tiempo\u00a0te encuentras con cosas relacionadas pero que no tienen nada que ver...Pues eso me pas\u00f3 hace unas semanas, primero descubr\u00ed los zapatos con emoticonos \u00a0y a los pocos d\u00edas los macarons emoticono... Ambas im\u00e1genes llamaron bastante mi atenci\u00f3n y, teniendo en\u2026","rel":"","context":"En \u00abFIESTAS y CELEBRACIONES\u00bb","block_context":{"text":"FIESTAS y CELEBRACIONES","link":"https:\/\/oui-oui.es\/blog\/category\/fiestas-celebraciones\/"},"img":{"alt_text":"","src":"https:\/\/i0.wp.com\/oui-oui.es\/blog\/wp-content\/uploads\/2015\/05\/oui-oui-ideas-para-hacer-con-emoticonos-globos-emoticonos-tarta-emoticono-ideas-emoji-photobooth-emoji-emoji-macarons.jpg?resize=350%2C200&ssl=1","width":350,"height":200,"srcset":"https:\/\/i0.wp.com\/oui-oui.es\/blog\/wp-content\/uploads\/2015\/05\/oui-oui-ideas-para-hacer-con-emoticonos-globos-emoticonos-tarta-emoticono-ideas-emoji-photobooth-emoji-emoji-macarons.jpg?resize=350%2C200&ssl=1 1x, https:\/\/i0.wp.com\/oui-oui.es\/blog\/wp-content\/uploads\/2015\/05\/oui-oui-ideas-para-hacer-con-emoticonos-globos-emoticonos-tarta-emoticono-ideas-emoji-photobooth-emoji-emoji-macarons.jpg?resize=525%2C300&ssl=1 1.5x, https:\/\/i0.wp.com\/oui-oui.es\/blog\/wp-content\/uploads\/2015\/05\/oui-oui-ideas-para-hacer-con-emoticonos-globos-emoticonos-tarta-emoticono-ideas-emoji-photobooth-emoji-emoji-macarons.jpg?resize=700%2C400&ssl=1 2x"},"classes":[]}],"_links":{"self":[{"href":"https:\/\/oui-oui.es\/blog\/wp-json\/wp\/v2\/posts\/2045","targetHints":{"allow":["GET"]}}],"collection":[{"href":"https:\/\/oui-oui.es\/blog\/wp-json\/wp\/v2\/posts"}],"about":[{"href":"https:\/\/oui-oui.es\/blog\/wp-json\/wp\/v2\/types\/post"}],"author":[{"embeddable":true,"href":"https:\/\/oui-oui.es\/blog\/wp-json\/wp\/v2\/users\/1"}],"replies":[{"embeddable":true,"href":"https:\/\/oui-oui.es\/blog\/wp-json\/wp\/v2\/comments?post=2045"}],"version-history":[{"count":1,"href":"https:\/\/oui-oui.es\/blog\/wp-json\/wp\/v2\/posts\/2045\/revisions"}],"predecessor-version":[{"id":3132,"href":"https:\/\/oui-oui.es\/blog\/wp-json\/wp\/v2\/posts\/2045\/revisions\/3132"}],"wp:featuredmedia":[{"embeddable":true,"href":"https:\/\/oui-oui.es\/blog\/wp-json\/wp\/v2\/media\/3131"}],"wp:attachment":[{"href":"https:\/\/oui-oui.es\/blog\/wp-json\/wp\/v2\/media?parent=2045"}],"wp:term":[{"taxonomy":"category","embeddable":true,"href":"https:\/\/oui-oui.es\/blog\/wp-json\/wp\/v2\/categories?post=2045"},{"taxonomy":"post_tag","embeddable":true,"href":"https:\/\/oui-oui.es\/blog\/wp-json\/wp\/v2\/tags?post=2045"}],"curies":[{"name":"wp","href":"https:\/\/api.w.org\/{rel}","templated":true}]}}