{"id":2057,"date":"2015-04-17T00:01:00","date_gmt":"2015-04-16T22:01:00","guid":{"rendered":"https:\/\/ouiouiblog.wordpress.com\/?p=2057"},"modified":"2015-09-02T12:39:06","modified_gmt":"2015-09-02T10:39:06","slug":"pon-una-pina-en-tu-vida-2","status":"publish","type":"post","link":"https:\/\/oui-oui.es\/blog\/pon-una-pina-en-tu-vida-2\/","title":{"rendered":"Pon una pi\u00f1a en tu vida"},"content":{"rendered":"<p><a href=\"https:\/\/ouiouiblog.files.wordpress.com\/2015\/04\/oui-oui-la-fiebre-de-las-pic3b1as-pic3b1a-en-la-piscina.jpg\"><img loading=\"lazy\" decoding=\"async\" class=\" size-full wp-image-2064 aligncenter\" src=\"https:\/\/ouiouiblog.files.wordpress.com\/2015\/04\/oui-oui-la-fiebre-de-las-pic3b1as-pic3b1a-en-la-piscina.jpg\" alt=\"Oui Oui-la fiebre de las pi\u00f1as-pi\u00f1a en la piscina\" width=\"534\" height=\"800\" \/><\/a><\/p>\n<p>Reconozco que cuando me da por algo me da fuerte y me compro todo lo que puedo de ese estilo&#8230;El a\u00f1o pasado me pas\u00f3 con las <strong>pi\u00f1as<\/strong>, fue poco a poco, primero vi en Zara Home este <strong>cesto pi\u00f1a<\/strong> y pens\u00e9; no s\u00e9 para qu\u00e9 pero deber\u00eda compr\u00e1rmelo&#8230;No lo hice y a\u00fan me arrepiento.<\/p>\n<p><a href=\"https:\/\/ouiouiblog.files.wordpress.com\/2015\/04\/oui-oui-cesto-pic3b1a-zara-home-la-fiebre-de-las-pic3b1as.jpg\"><img loading=\"lazy\" decoding=\"async\" class=\" size-large wp-image-2058 aligncenter\" src=\"https:\/\/ouiouiblog.files.wordpress.com\/2015\/04\/oui-oui-cesto-pic3b1a-zara-home-la-fiebre-de-las-pic3b1as.jpg?w=660\" alt=\"Oui Oui-cesto pi\u00f1a-zara home-la fiebre de las pi\u00f1as\" width=\"660\" height=\"899\" \/><\/a><\/p>\n<p>Unos d\u00edas despu\u00e9s vi ropa para Mart\u00edn, un bote de cristal&#8230;<\/p>\n<p><a href=\"https:\/\/ouiouiblog.files.wordpress.com\/2015\/04\/oui-oui-la-fiebre-de-las-pic3b1as-camiseta-bebe-pic3b1as-zara-baby.jpg\"><img loading=\"lazy\" decoding=\"async\" class=\" size-full wp-image-2078 aligncenter\" src=\"https:\/\/ouiouiblog.files.wordpress.com\/2015\/04\/oui-oui-la-fiebre-de-las-pic3b1as-camiseta-bebe-pic3b1as-zara-baby.jpg\" alt=\"Oui Oui-la fiebre de las pi\u00f1as-camiseta bebe pi\u00f1as-zara baby\" width=\"480\" height=\"479\" \/><\/a><\/p>\n<p>En <a href=\"https:\/\/ouiouiblog.wordpress.com\/2014\/06\/04\/destino-gang-the-wool\/\" target=\"_blank\">nuestra visita a <strong>Gang &amp; the Wool<\/strong><\/a> nos recibieron con unos <strong>centros de pi\u00f1as\u00a0pintadas<\/strong> chul\u00edsimos.<\/p>\n<p><a href=\"https:\/\/ouiouiblog.files.wordpress.com\/2015\/04\/oui-oui-gang-and-the-wool-centros-de-mesa-pic3b1a.jpg\"><img loading=\"lazy\" decoding=\"async\" class=\"alignnone size-full wp-image-2077\" src=\"https:\/\/ouiouiblog.files.wordpress.com\/2015\/04\/oui-oui-gang-and-the-wool-centros-de-mesa-pic3b1a.jpg\" alt=\"oui-oui-gang-and-the-wool-centros de mesa pi\u00f1a\" width=\"636\" height=\"954\" \/><\/a><\/p>\n<p>Las <strong>pi\u00f1as<\/strong> tambi\u00e9n quedan ideales como <strong>centros de flores<\/strong><\/p>\n<p><a href=\"https:\/\/ouiouiblog.files.wordpress.com\/2015\/04\/oui-oui-la-fiebre-de-las-pic3b1as-centros-de-flores-pic3b1as.jpg\"><img loading=\"lazy\" decoding=\"async\" class=\" size-full wp-image-2076 aligncenter\" src=\"https:\/\/ouiouiblog.files.wordpress.com\/2015\/04\/oui-oui-la-fiebre-de-las-pic3b1as-centros-de-flores-pic3b1as.jpg\" alt=\"Oui Oui-la fiebre de las pi\u00f1as-centros de flores pi\u00f1as\" width=\"236\" height=\"354\" \/><\/a><\/p>\n<p>O si quieres algo m\u00e1s sencillo, <strong>s\u00f3lo pi\u00f1as<\/strong><\/p>\n<p><a href=\"https:\/\/ouiouiblog.files.wordpress.com\/2015\/04\/oui-oui-la-fiebre-de-las-pic3b1as-pic3b1as-centros-de-mesa.jpg\"><img loading=\"lazy\" decoding=\"async\" class=\"alignnone size-full wp-image-2071\" src=\"https:\/\/ouiouiblog.files.wordpress.com\/2015\/04\/oui-oui-la-fiebre-de-las-pic3b1as-pic3b1as-centros-de-mesa.jpg\" alt=\"Oui Oui-la fiebre de las pi\u00f1as-pi\u00f1as centros de mesa\" width=\"612\" height=\"812\" \/><\/a><\/p>\n<p><a href=\"https:\/\/ouiouiblog.files.wordpress.com\/2015\/04\/oui-oui-la-fiebre-de-las-pic3b1as-pic3b1as-con-gafas-de-sol.jpg\"><img loading=\"lazy\" decoding=\"async\" class=\"alignnone size-full wp-image-2073\" src=\"https:\/\/ouiouiblog.files.wordpress.com\/2015\/04\/oui-oui-la-fiebre-de-las-pic3b1as-pic3b1as-con-gafas-de-sol.jpg\" alt=\"Oui Oui-la fiebre de las pi\u00f1as-pi\u00f1as con gafas de sol\" width=\"617\" height=\"612\" \/><\/a><\/p>\n<p>Y de repente encontr\u00e9 unas <strong><a href=\"http:\/\/www.oui-oui.es\/buscar?orderby=position&amp;orderway=desc&amp;search_query=lampara+pi%C3%B1a&amp;submit_search.x=0&amp;submit_search.y=0\" target=\"_blank\">l\u00e1mparas pi\u00f1as<\/a><\/strong> para traer a <strong>Oui Oui<\/strong> que eran la bomba, hab\u00edan pasado meses desde <em>\u00abmi primer encuentro con una pi\u00f1a\u00bb<\/em> pero segu\u00edan <strong>mol\u00e1ndome un mont\u00f3n.<\/strong><\/p>\n<p><a href=\"http:\/\/www.oui-oui.es\/buscar?orderby=position&amp;orderway=desc&amp;search_query=lampara+pi%C3%B1a&amp;submit_search.x=0&amp;submit_search.y=0\"><img loading=\"lazy\" decoding=\"async\" class=\"aligncenter wp-image-2067 size-large\" src=\"https:\/\/ouiouiblog.files.wordpress.com\/2015\/04\/oui-oui-la-fiebre-de-las-pic3b1as-pic3b1a-lampara-lamparas-pic3b1a-pic3b1acolada-lamp.jpg?w=660\" alt=\"Oui Oui-la fiebre de las pi\u00f1as-pi\u00f1a lampara-lamparas pi\u00f1a-pi\u00f1acolada lamp\" width=\"660\" height=\"880\" \/><\/a><\/p>\n<p>Sin duda <strong>la pi\u00f1a es el nuevo moustache<\/strong>, tambi\u00e9n creo que <strong>el cactus es la nueva pi\u00f1a<\/strong>, pero sin embargo la pi\u00f1a sigue manteni\u00e9ndose apetecible, en sus m\u00faltiples formatos (el <strong>ventilador pi\u00f1a<\/strong> es para morirse!).<\/p>\n<p><a href=\"https:\/\/ouiouiblog.files.wordpress.com\/2015\/04\/oui-oui-la-fiebre-de-las-pic3b1as-ventilador-pic3b1a.jpg\"><img loading=\"lazy\" decoding=\"async\" class=\" size-full wp-image-2074 aligncenter\" src=\"https:\/\/ouiouiblog.files.wordpress.com\/2015\/04\/oui-oui-la-fiebre-de-las-pic3b1as-ventilador-pic3b1a.jpg\" alt=\"Oui Oui-la fiebre de las pi\u00f1as-ventilador pi\u00f1a\" width=\"380\" height=\"583\" \/><\/a><\/p>\n<p>Me encanta\u00a0la <strong>hielera pi\u00f1a<\/strong>, el <strong>estampado pi\u00f1a, el papel de pared pi\u00f1a&#8230;<\/strong><\/p>\n<p><a href=\"https:\/\/ouiouiblog.files.wordpress.com\/2015\/04\/oui-oui-la-fiebre-de-las-pic3b1as-pic3b1a-hielera.jpg\"><img loading=\"lazy\" decoding=\"async\" class=\" size-full wp-image-2066 aligncenter\" src=\"https:\/\/ouiouiblog.files.wordpress.com\/2015\/04\/oui-oui-la-fiebre-de-las-pic3b1as-pic3b1a-hielera.jpg\" alt=\"Oui Oui-la fiebre de las pi\u00f1as-pi\u00f1a hielera\" width=\"410\" height=\"615\" \/><\/a><\/p>\n<p><a href=\"https:\/\/ouiouiblog.files.wordpress.com\/2015\/04\/oui-oui-la-fiebre-de-las-pic3b1as-pic3b1a-estampado.jpg\"><img loading=\"lazy\" decoding=\"async\" class=\" size-full wp-image-2065 aligncenter\" src=\"https:\/\/ouiouiblog.files.wordpress.com\/2015\/04\/oui-oui-la-fiebre-de-las-pic3b1as-pic3b1a-estampado.jpg\" alt=\"Oui Oui-la fiebre de las pi\u00f1as-pi\u00f1a estampado\" width=\"598\" height=\"585\" \/><\/a><\/p>\n<p><a href=\"https:\/\/ouiouiblog.files.wordpress.com\/2015\/04\/oui-oui-monopatin-pic3b1as.jpg\"><img loading=\"lazy\" decoding=\"async\" class=\" size-full wp-image-2075 aligncenter\" src=\"https:\/\/ouiouiblog.files.wordpress.com\/2015\/04\/oui-oui-monopatin-pic3b1as.jpg\" alt=\"Oui Oui-monopatin pi\u00f1as\" width=\"580\" height=\"949\" \/><\/a><\/p>\n<p><a href=\"https:\/\/ouiouiblog.files.wordpress.com\/2015\/04\/oui-oui-la-fiebre-de-las-pic3b1as-pic3b1as-colores-pastel.jpg\"><img loading=\"lazy\" decoding=\"async\" class=\" size-large wp-image-2072 aligncenter\" src=\"https:\/\/ouiouiblog.files.wordpress.com\/2015\/04\/oui-oui-la-fiebre-de-las-pic3b1as-pic3b1as-colores-pastel.jpg?w=660\" alt=\"Oui Oui-la fiebre de las pi\u00f1as-pi\u00f1as colores pastel\" width=\"660\" height=\"820\" \/><\/a><\/p>\n<p><a href=\"https:\/\/ouiouiblog.files.wordpress.com\/2015\/04\/oui-oui-la-fiebre-de-las-pic3b1as-pic3b1a-pendientes.jpg\"><img loading=\"lazy\" decoding=\"async\" class=\" size-full wp-image-2070 aligncenter\" src=\"https:\/\/ouiouiblog.files.wordpress.com\/2015\/04\/oui-oui-la-fiebre-de-las-pic3b1as-pic3b1a-pendientes.jpg\" alt=\"Oui Oui-la fiebre de las pi\u00f1as-pi\u00f1a pendientes\" width=\"350\" height=\"537\" \/><\/a><\/p>\n<p><a href=\"https:\/\/ouiouiblog.files.wordpress.com\/2015\/04\/oui-oui-la-fiebre-de-las-pic3b1as-pic3b1a-papiroflexia.jpg\"><img loading=\"lazy\" decoding=\"async\" class=\" size-full wp-image-2069 aligncenter\" src=\"https:\/\/ouiouiblog.files.wordpress.com\/2015\/04\/oui-oui-la-fiebre-de-las-pic3b1as-pic3b1a-papiroflexia.jpg\" alt=\"Oui Oui-la fiebre de las pi\u00f1as-pi\u00f1a papiroflexia\" width=\"300\" height=\"450\" \/><\/a><\/p>\n<p><a href=\"https:\/\/ouiouiblog.files.wordpress.com\/2015\/04\/oui-oui-la-fiebre-de-las-pic3b1as-pic3b1a-macetero.jpg\"><img loading=\"lazy\" decoding=\"async\" class=\" size-full wp-image-2068 aligncenter\" src=\"https:\/\/ouiouiblog.files.wordpress.com\/2015\/04\/oui-oui-la-fiebre-de-las-pic3b1as-pic3b1a-macetero.jpg\" alt=\"Oui Oui-la fiebre de las pi\u00f1as-pi\u00f1a macetero\" width=\"612\" height=\"800\" \/><\/a><\/p>\n<p><a href=\"https:\/\/ouiouiblog.files.wordpress.com\/2015\/04\/oui-oui-la-fiebre-de-las-pic3b1as-pic3b1a-decoracion.jpg\"><img loading=\"lazy\" decoding=\"async\" class=\" size-full wp-image-2063 aligncenter\" src=\"https:\/\/ouiouiblog.files.wordpress.com\/2015\/04\/oui-oui-la-fiebre-de-las-pic3b1as-pic3b1a-decoracion.jpg\" alt=\"Oui Oui-la fiebre de las pi\u00f1as-pi\u00f1a decoracion\" width=\"500\" height=\"905\" \/><\/a><\/p>\n<p><a href=\"https:\/\/ouiouiblog.files.wordpress.com\/2015\/04\/oui-oui-la-fiebre-de-las-pic3b1as-pic3b1a-bola-de-discoteca.jpg\"><img loading=\"lazy\" decoding=\"async\" class=\" size-full wp-image-2061 aligncenter\" src=\"https:\/\/ouiouiblog.files.wordpress.com\/2015\/04\/oui-oui-la-fiebre-de-las-pic3b1as-pic3b1a-bola-de-discoteca.jpg\" alt=\"Oui Oui-la fiebre de las pi\u00f1as-pi\u00f1a bola de discoteca\" width=\"500\" height=\"763\" \/><\/a><\/p>\n<p><a href=\"https:\/\/ouiouiblog.files.wordpress.com\/2015\/04\/oui-oui-la-fiebre-de-las-pic3b1as-papel-de-pared-pic3b1a.jpg\"><img loading=\"lazy\" decoding=\"async\" class=\" size-full wp-image-2060 aligncenter\" src=\"https:\/\/ouiouiblog.files.wordpress.com\/2015\/04\/oui-oui-la-fiebre-de-las-pic3b1as-papel-de-pared-pic3b1a.jpg\" alt=\"Oui Oui-la fiebre de las pi\u00f1as-papel de pared pi\u00f1a\" width=\"648\" height=\"856\" \/><\/a><\/p>\n<p>Y la <strong>aldaba pi\u00f1a<\/strong> ya es lo m\u00e1s de lo m\u00e1s!<\/p>\n<p><a href=\"https:\/\/ouiouiblog.files.wordpress.com\/2015\/04\/oui-oui-la-fiebre-de-las-pic3b1as-aldaba-pic3b1a.jpg\"><img loading=\"lazy\" decoding=\"async\" class=\" size-large wp-image-2059 aligncenter\" src=\"https:\/\/ouiouiblog.files.wordpress.com\/2015\/04\/oui-oui-la-fiebre-de-las-pic3b1as-aldaba-pic3b1a.jpg?w=660\" alt=\"Oui Oui-la fiebre de las pi\u00f1as-aldaba pi\u00f1a\" width=\"660\" height=\"660\" \/><\/a><\/p>\n<p>En una fiesta veraniega que se precie no pueden faltar unas pi\u00f1as!, hemos tra\u00eddo varias a <a href=\"http:\/\/www.oui-oui.es\/33-novedades\" target=\"_blank\"><strong>Oui Oui<\/strong><\/a> ; en modo <a href=\"http:\/\/www.oui-oui.es\/fiestas\/889-pinas-nido-de-abeja.html\" target=\"_blank\"><strong>pi\u00f1a nido de abeja<\/strong><\/a>, una<a href=\"http:\/\/www.oui-oui.es\/fiestas\/890-guirnalda-de-pinas.html\" target=\"_blank\"><strong> guirnalda de pi\u00f1as<\/strong><\/a>&#8230;\u00a1No te las\u00a0pierdas!<\/p>\n<p><a href=\"http:\/\/www.oui-oui.es\/fiestas\/890-guirnalda-de-pinas.html\"><img loading=\"lazy\" decoding=\"async\" class=\"alignnone size-large wp-image-2079\" src=\"https:\/\/ouiouiblog.files.wordpress.com\/2015\/04\/oui-oui-la-fiebre-de-las-pic3b1as-guirnalda-pic3b1as-banderin-pic3b1as-pic3b1a-honeycomb.jpg?w=660\" alt=\"Oui Oui-la fiebre de las pi\u00f1as-guirnalda pi\u00f1as-banderin pi\u00f1as-pi\u00f1a honeycomb\" width=\"660\" height=\"660\" \/><\/a><\/p>\n<p><a href=\"http:\/\/www.oui-oui.es\/fiestas\/890-guirnalda-de-pinas.html\"><img loading=\"lazy\" decoding=\"async\" class=\" size-full wp-image-2080 aligncenter\" src=\"https:\/\/ouiouiblog.files.wordpress.com\/2015\/04\/oui-oui-guirnalda-pic3b1as-banderin-pic3b1as-fiesta-verano-pic3b1as.jpg\" alt=\"Oui Oui-guirnalda pi\u00f1as-banderin pi\u00f1as-fiesta verano pi\u00f1as\" width=\"420\" height=\"479\" \/><\/a><\/p>\n<p><a href=\"http:\/\/www.oui-oui.es\/fiestas\/889-pinas-nido-de-abeja.html\"><img loading=\"lazy\" decoding=\"async\" class=\"aligncenter wp-image-2081 size-full\" src=\"https:\/\/ouiouiblog.files.wordpress.com\/2015\/04\/oui-oui-honeycmb-pic3b1a-pic3b1a-nido-de-abeja.jpg\" alt=\"Oui Oui-honeycmb pi\u00f1a-pi\u00f1a nido de abeja\" width=\"479\" height=\"479\" \/><\/a><\/p>\n<p>Bueno, y <strong>despu\u00e9s del cactus&#8230;Ojo a la sand\u00eda!<\/strong> \ud83d\ude09<\/p>\n<p>Todas las im\u00e1genes (y m\u00e1s) puedes encontrarlas en <a href=\"https:\/\/es.pinterest.com\/ouiouidetalles\/pi%C3%B1as-en-la-cabeza\/\" target=\"_blank\"><strong>esta carpeta de Pinterest<\/strong><\/a><\/p>\n","protected":false},"excerpt":{"rendered":"<p>Reconozco que cuando me da por algo me da fuerte y me compro todo lo que puedo de ese estilo&#8230;El a\u00f1o pasado me pas\u00f3 con las pi\u00f1as, fue poco a poco, primero vi en Zara Home este cesto pi\u00f1a y pens\u00e9; no s\u00e9 para qu\u00e9 pero deber\u00eda compr\u00e1rmelo&#8230;No lo hice y a\u00fan me arrepiento. Unos [&hellip;]<\/p>\n","protected":false},"author":1,"featured_media":3123,"comment_status":"open","ping_status":"open","sticky":false,"template":"","format":"standard","meta":{"jetpack_post_was_ever_published":false,"_jetpack_newsletter_access":"","_jetpack_dont_email_post_to_subs":false,"_jetpack_newsletter_tier_id":0,"_jetpack_memberships_contains_paywalled_content":false,"_jetpack_memberships_contains_paid_content":false,"footnotes":"","jetpack_publicize_message":"","jetpack_publicize_feature_enabled":true,"jetpack_social_post_already_shared":false,"jetpack_social_options":{"image_generator_settings":{"template":"highway","default_image_id":0,"font":"","enabled":false},"version":2}},"categories":[173],"tags":[],"class_list":["post-2057","post","type-post","status-publish","format-standard","has-post-thumbnail","hentry","category-decoracion-de-casa"],"aioseo_notices":[],"jetpack_publicize_connections":[],"jetpack_featured_media_url":"https:\/\/oui-oui.es\/blog\/wp-content\/uploads\/2015\/04\/oui-oui-la-fiebre-de-las-pic3b1as-pic3b1a-lampara-lamparas-pic3b1a-pic3b1acolada-lamp.jpg","jetpack_sharing_enabled":true,"jetpack-related-posts":[{"id":1758,"url":"https:\/\/oui-oui.es\/blog\/pon-una-pina-en-tu-vida\/","url_meta":{"origin":2057,"position":0},"title":"Pon una pi\u00f1a en tu vida","author":"Mar\u00eda \u2665Oui Oui\u2665","date":"29 enero, 2015","format":false,"excerpt":"Que las pi\u00f1as est\u00e1n de moda no es noticia, a pesar de que parecen un elemento veraniego, desde el principio del curso nos siguen gustando, sobretodo en decoraci\u00f3n. Y eso es lo que me pas\u00f3 al ver a l\u00e1mpara pi\u00f1a mint en una puesta en escena de interiorismo...Fue un flechazo\u2026","rel":"","context":"En \u00abDECORACI\u00d3N\u00bb","block_context":{"text":"DECORACI\u00d3N","link":"https:\/\/oui-oui.es\/blog\/category\/decoracion-de-casa\/"},"img":{"alt_text":"","src":"https:\/\/i0.wp.com\/oui-oui.es\/blog\/wp-content\/uploads\/2015\/01\/oui-oui-lampara-pic3b1a-pic3b1a-colada-lamp-mint-rosa-amarillo-suelo.jpg?resize=350%2C200&ssl=1","width":350,"height":200,"srcset":"https:\/\/i0.wp.com\/oui-oui.es\/blog\/wp-content\/uploads\/2015\/01\/oui-oui-lampara-pic3b1a-pic3b1a-colada-lamp-mint-rosa-amarillo-suelo.jpg?resize=350%2C200&ssl=1 1x, https:\/\/i0.wp.com\/oui-oui.es\/blog\/wp-content\/uploads\/2015\/01\/oui-oui-lampara-pic3b1a-pic3b1a-colada-lamp-mint-rosa-amarillo-suelo.jpg?resize=525%2C300&ssl=1 1.5x"},"classes":[]},{"id":4174,"url":"https:\/\/oui-oui.es\/blog\/flamingo-fever\/","url_meta":{"origin":2057,"position":1},"title":"Flamingo Fever","author":"Mar\u00eda \u2665Oui Oui\u2665","date":"13 abril, 2016","format":false,"excerpt":"Lo reconozco, cuando me da por algo soy intensa, como escrib\u00eda el otro d\u00eda en Ello ; La pi\u00f1a fue el nuevo moustache El unicornio fue la nueva pi\u00f1a El cactus el nuevo unicornio El flamenco el nuevo cactus Y el cisne el nuevo flamenco... No todos relevan completamente al\u2026","rel":"","context":"En \u00abESTILO DE VIDA\u00bb","block_context":{"text":"ESTILO DE VIDA","link":"https:\/\/oui-oui.es\/blog\/category\/lifestyle-2\/"},"img":{"alt_text":"","src":"https:\/\/i0.wp.com\/oui-oui.es\/blog\/wp-content\/uploads\/2016\/04\/Oui-Oui-luminoso-flamenco-flamenco-con-bombillas-flamenco-luminoso.jpg?resize=350%2C200&ssl=1","width":350,"height":200,"srcset":"https:\/\/i0.wp.com\/oui-oui.es\/blog\/wp-content\/uploads\/2016\/04\/Oui-Oui-luminoso-flamenco-flamenco-con-bombillas-flamenco-luminoso.jpg?resize=350%2C200&ssl=1 1x, https:\/\/i0.wp.com\/oui-oui.es\/blog\/wp-content\/uploads\/2016\/04\/Oui-Oui-luminoso-flamenco-flamenco-con-bombillas-flamenco-luminoso.jpg?resize=525%2C300&ssl=1 1.5x, https:\/\/i0.wp.com\/oui-oui.es\/blog\/wp-content\/uploads\/2016\/04\/Oui-Oui-luminoso-flamenco-flamenco-con-bombillas-flamenco-luminoso.jpg?resize=700%2C400&ssl=1 2x"},"classes":[]},{"id":3368,"url":"https:\/\/oui-oui.es\/blog\/novedades-deco-nos-vemos-en-1001-atmosphera\/","url_meta":{"origin":2057,"position":2},"title":"Novedades deco&#8230;Nos vemos en 1001 Atmosphera!","author":"Mar\u00eda \u2665Oui Oui\u2665","date":"21 septiembre, 2015","format":false,"excerpt":"Nada me gusta m\u00e1s cuando se acerca el oto\u00f1o que redecorar algunos rincones de casa, pensando en esos momentos de sof\u00e1, mantita y peli (que cada vez cuesta m\u00e1s encontrar un momento para ellos, pero que cuando lo tenemos disfrutamos el doble) y aprovechando que estaremos un poquito m\u00e1s en\u2026","rel":"","context":"En \u00abDECORACI\u00d3N\u00bb","block_context":{"text":"DECORACI\u00d3N","link":"https:\/\/oui-oui.es\/blog\/category\/decoracion-de-casa\/"},"img":{"alt_text":"","src":"https:\/\/i0.wp.com\/oui-oui.es\/blog\/wp-content\/uploads\/2015\/09\/Oui-Oui-Se%C3%B1ales-Luminosas.jpg?resize=350%2C200&ssl=1","width":350,"height":200,"srcset":"https:\/\/i0.wp.com\/oui-oui.es\/blog\/wp-content\/uploads\/2015\/09\/Oui-Oui-Se%C3%B1ales-Luminosas.jpg?resize=350%2C200&ssl=1 1x, https:\/\/i0.wp.com\/oui-oui.es\/blog\/wp-content\/uploads\/2015\/09\/Oui-Oui-Se%C3%B1ales-Luminosas.jpg?resize=525%2C300&ssl=1 1.5x"},"classes":[]},{"id":2382,"url":"https:\/\/oui-oui.es\/blog\/follow-gray-malin\/","url_meta":{"origin":2057,"position":3},"title":"Follow Gray Malin","author":"Mar\u00eda \u2665Oui Oui\u2665","date":"19 mayo, 2015","format":false,"excerpt":"Puede que no conozcas su nombre, pero en cuanto veas la siguiente fotograf\u00eda seguro que algo recuerdas... Pues bien, el autor de la m\u00edtica fotograf\u00eda cenital de la playa es Gray Malin, a qui\u00e9n he redescubierto gracias a su proyecto Follow me, una serie de fotograf\u00edas tomadas en 24h de\u2026","rel":"","context":"En \u00abESTILO DE VIDA\u00bb","block_context":{"text":"ESTILO DE VIDA","link":"https:\/\/oui-oui.es\/blog\/category\/lifestyle-2\/"},"img":{"alt_text":"","src":"https:\/\/i0.wp.com\/oui-oui.es\/blog\/wp-content\/uploads\/2015\/05\/oui-oui-lamparas-pic3b1a-gray-malin.jpg?resize=350%2C200&ssl=1","width":350,"height":200,"srcset":"https:\/\/i0.wp.com\/oui-oui.es\/blog\/wp-content\/uploads\/2015\/05\/oui-oui-lamparas-pic3b1a-gray-malin.jpg?resize=350%2C200&ssl=1 1x, https:\/\/i0.wp.com\/oui-oui.es\/blog\/wp-content\/uploads\/2015\/05\/oui-oui-lamparas-pic3b1a-gray-malin.jpg?resize=525%2C300&ssl=1 1.5x"},"classes":[]},{"id":1968,"url":"https:\/\/oui-oui.es\/blog\/pop-up-deco-te-esperamos\/","url_meta":{"origin":2057,"position":4},"title":"Pop up Deco&#8230;te esperamos","author":"Mar\u00eda \u2665Oui Oui\u2665","date":"25 febrero, 2015","format":false,"excerpt":"Recuperadas ya de la pop up de la semana pasada nos embarcamos en la siguiente si cabe con m\u00e1s ganas...Una especial decoraci\u00f3n, donde no faltar\u00e1n la ic\u00f3nica the paper bag , la l\u00e1mpara pi\u00f1a , tazas chul\u00edsimas, originales cojines...Todas nuestras cositas para la casa y la deco de la habitaci\u00f3n\u2026","rel":"","context":"En \u00abOUI OUI\u00bb","block_context":{"text":"OUI OUI","link":"https:\/\/oui-oui.es\/blog\/category\/oui-oui\/"},"img":{"alt_text":"","src":"https:\/\/i0.wp.com\/oui-oui.es\/blog\/wp-content\/uploads\/2015\/02\/oui-oui-pop-up-atmosphera.jpg?resize=350%2C200&ssl=1","width":350,"height":200},"classes":[]},{"id":5153,"url":"https:\/\/oui-oui.es\/blog\/inspiracion-carmen-miranda-pinas-y-sandias\/","url_meta":{"origin":2057,"position":5},"title":"Inspiraci\u00f3n Carmen Miranda | Pi\u00f1as y Sand\u00edas","author":"Mar\u00eda \u2665Oui Oui\u2665","date":"3 marzo, 2017","format":false,"excerpt":"Esta primavera nos inspirar\u00e1 Carmen Miranda...Su fuerza, alegr\u00eda, color, las frutas, el baile... Un disfraz de Carmen Miranda ser\u00eda genial para una fiesta de disfraces veraniega! Este tocado me chifla! O una Carmen Miranda con guitarra Que puedes acompa\u00f1ar con la funda de gafas de sand\u00eda ;) o hacerte un\u2026","rel":"","context":"En \u00abFIESTAS y CELEBRACIONES\u00bb","block_context":{"text":"FIESTAS y CELEBRACIONES","link":"https:\/\/oui-oui.es\/blog\/category\/fiestas-celebraciones\/"},"img":{"alt_text":"","src":"https:\/\/i0.wp.com\/oui-oui.es\/blog\/wp-content\/uploads\/2017\/03\/Oui-Oui-guirnalda-sand%C3%ADas-con-luz-16%E2%82%AC.jpg?resize=350%2C200&ssl=1","width":350,"height":200,"srcset":"https:\/\/i0.wp.com\/oui-oui.es\/blog\/wp-content\/uploads\/2017\/03\/Oui-Oui-guirnalda-sand%C3%ADas-con-luz-16%E2%82%AC.jpg?resize=350%2C200&ssl=1 1x, https:\/\/i0.wp.com\/oui-oui.es\/blog\/wp-content\/uploads\/2017\/03\/Oui-Oui-guirnalda-sand%C3%ADas-con-luz-16%E2%82%AC.jpg?resize=525%2C300&ssl=1 1.5x, https:\/\/i0.wp.com\/oui-oui.es\/blog\/wp-content\/uploads\/2017\/03\/Oui-Oui-guirnalda-sand%C3%ADas-con-luz-16%E2%82%AC.jpg?resize=700%2C400&ssl=1 2x"},"classes":[]}],"_links":{"self":[{"href":"https:\/\/oui-oui.es\/blog\/wp-json\/wp\/v2\/posts\/2057","targetHints":{"allow":["GET"]}}],"collection":[{"href":"https:\/\/oui-oui.es\/blog\/wp-json\/wp\/v2\/posts"}],"about":[{"href":"https:\/\/oui-oui.es\/blog\/wp-json\/wp\/v2\/types\/post"}],"author":[{"embeddable":true,"href":"https:\/\/oui-oui.es\/blog\/wp-json\/wp\/v2\/users\/1"}],"replies":[{"embeddable":true,"href":"https:\/\/oui-oui.es\/blog\/wp-json\/wp\/v2\/comments?post=2057"}],"version-history":[{"count":1,"href":"https:\/\/oui-oui.es\/blog\/wp-json\/wp\/v2\/posts\/2057\/revisions"}],"predecessor-version":[{"id":3128,"href":"https:\/\/oui-oui.es\/blog\/wp-json\/wp\/v2\/posts\/2057\/revisions\/3128"}],"wp:featuredmedia":[{"embeddable":true,"href":"https:\/\/oui-oui.es\/blog\/wp-json\/wp\/v2\/media\/3123"}],"wp:attachment":[{"href":"https:\/\/oui-oui.es\/blog\/wp-json\/wp\/v2\/media?parent=2057"}],"wp:term":[{"taxonomy":"category","embeddable":true,"href":"https:\/\/oui-oui.es\/blog\/wp-json\/wp\/v2\/categories?post=2057"},{"taxonomy":"post_tag","embeddable":true,"href":"https:\/\/oui-oui.es\/blog\/wp-json\/wp\/v2\/tags?post=2057"}],"curies":[{"name":"wp","href":"https:\/\/api.w.org\/{rel}","templated":true}]}}