{"id":2084,"date":"2015-04-15T00:01:00","date_gmt":"2015-04-14T22:01:00","guid":{"rendered":"https:\/\/ouiouiblog.wordpress.com\/?p=2084"},"modified":"2015-09-02T12:40:15","modified_gmt":"2015-09-02T10:40:15","slug":"en-abril-pop-ups-mil","status":"publish","type":"post","link":"https:\/\/oui-oui.es\/blog\/en-abril-pop-ups-mil\/","title":{"rendered":"En abril&#8230;Pop Ups Mil!"},"content":{"rendered":"<p><a href=\"http:\/\/www.oui-oui.es\/\"><img loading=\"lazy\" decoding=\"async\" class=\"aligncenter size-large wp-image-2089\" src=\"https:\/\/ouiouiblog.files.wordpress.com\/2015\/04\/oui-oui-detalles-decoracic3b3n-puertas-ratoncito-pc3a9rez-marc3ada-gijc3b3n-32.jpg?w=660\" alt=\"Oui Oui-detalles decoraci\u00f3n-puertas ratoncito P\u00e9rez-Mar\u00eda Gij\u00f3n (32)\" width=\"660\" height=\"439\" \/><\/a><\/p>\n<p>Casualidades de la vida, <strong>se nos han juntado este mes un mont\u00f3n de propuestas interesantes y no hemos podido decir que no!<\/strong><\/p>\n<p>As\u00ed que os esperamos en todas! (o al menos en alguna&#8230;je,je)<\/p>\n<p><strong>THE GOOD MARKET<\/strong><\/p>\n<p><a href=\"https:\/\/ouiouiblog.files.wordpress.com\/2015\/04\/oui-oui-pop-up-the-good-market-the-good-food-company1.jpg\"><img loading=\"lazy\" decoding=\"async\" class=\"aligncenter size-large wp-image-2088\" src=\"https:\/\/ouiouiblog.files.wordpress.com\/2015\/04\/oui-oui-pop-up-the-good-market-the-good-food-company1.jpg?w=660\" alt=\"Oui Oui-pop up-the good market-the good food company\" width=\"660\" height=\"769\" \/><\/a><\/p>\n<p>Este fin de semana; <strong>s\u00e1bado 18 y domingo 19<\/strong> estaremos en <strong>\u00abThe Good Market\u00bb<\/strong> en su segunda edici\u00f3n (ya participamos en la primera la navidad pasada), un mercado que organizan las chicas de <strong>Atelier Moss<\/strong> y <strong>The Good Food Company<\/strong> \u00a0en el taller de estas \u00faltimas y en el que nos juntamos un mont\u00f3n de marcas chulas (<strong>Jaimolas, Rita Bon, Luc\u00eda Be, Olivia Jabones de Cuidado, Mi cesta de mimbre, etc&#8230;<\/strong>), pod\u00e9is acercaros a comprar sin gastos de env\u00edo o simplemente a ver nuestros productos en directo&#8230;Para esta ocasi\u00f3n llevaremos sobretodo los productos para decorar fiestas, pero si quer\u00e9is que llevemos algo en concreto no ten\u00e9is m\u00e1s que ped\u00edrnoslo por mail \ud83d\ude09<\/p>\n<p><strong>+ datos:\u00a0 \u00a0<\/strong> \u00a0 \u00a0 \u00a0 \u00a0 \u00a0 \u00a0 \u00a0 \u00a0 \u00a0 \u00a0 \u00a0 \u00a0 \u00a0 \u00a0 \u00a0 \u00a0 \u00a0 \u00a0 \u00a0 \u00a0 \u00a0 \u00a0 \u00a0 \u00a0 \u00a0 \u00a0 \u00a0 \u00a0 \u00a0 \u00a0 \u00a0 \u00a0 \u00a0 \u00a0 \u00a0 \u00a0 \u00a0 \u00a0 \u00a0 \u00a0 \u00a0 \u00a0 \u00a0 \u00a0 \u00a0 \u00a0 \u00a0 \u00a0 \u00a0 \u00a0 \u00a0 \u00a0 \u00a0 \u00a0 \u00a0 \u00a0 \u00a0 \u00a0 \u00a0 \u00a0 \u00a0 \u00a0 \u00a0 \u00a0 \u00a0 \u00a0 \u00a0 \u00a0 \u00a0The Good Food Company<\/p>\n<p>C\/Cinca,\u00a0 32 \u00a0Madrid<\/p>\n<p>S\u00e1bado 18 de abril de 11 a 20h ,Domingo 19 de abril de 11 a 19h.<\/p>\n<p><strong>MALAKIDS 2015<\/strong><\/p>\n<p><a href=\"https:\/\/ouiouiblog.files.wordpress.com\/2015\/04\/oui-oui-pop-up-malakids-2015.png\"><img loading=\"lazy\" decoding=\"async\" class=\" size-full wp-image-2085 aligncenter\" src=\"https:\/\/ouiouiblog.files.wordpress.com\/2015\/04\/oui-oui-pop-up-malakids-2015.png\" alt=\"Oui OUi-pop up-malakids 2015\" width=\"620\" height=\"232\" \/><\/a><\/p>\n<p>El festival infantil por excelencia repite edici\u00f3n primaveral y, con lo que nos gusta, no pod\u00edamos perd\u00e9rnoslo, tendremos un stand con todos nuestros <strong>productos para ni\u00f1os<\/strong> (y, por supuesto, las <strong>puertas para el ratoncito P\u00e9rez<\/strong>) en la zona de pop up (en el COAM) tanto el s\u00e1bado 25 como el domingo 26, adem\u00e1s habr\u00e1 mil planes para ni\u00f1os, pod\u00e9is ver el <strong>programa de Malakids aqu\u00ed<\/strong> , yo no me pierdo el concierto de <strong>Petit Pop<\/strong>!<\/p>\n<p><strong>+ datos:<\/strong><\/p>\n<p><strong>COAM (Colegio Arquitectos de Madrid)<\/strong><\/p>\n<p><strong>C\/Hortaleza, 63. \u00a0Madrid<\/strong><\/p>\n<p><strong>S\u00e1bado 25 de abril de 11 a 21h .Domingo 26 de abril de 11 a 20h.<\/strong><\/p>\n<p><strong>FINCA EL CAMPILLO<\/strong><\/p>\n<p><a href=\"https:\/\/ouiouiblog.files.wordpress.com\/2015\/04\/oui-oui-pop-up-mercadillo-solidario-dundacion-aladina-finca-el-campillo.jpg\"><img loading=\"lazy\" decoding=\"async\" class=\" size-full wp-image-2086 aligncenter\" src=\"https:\/\/ouiouiblog.files.wordpress.com\/2015\/04\/oui-oui-pop-up-mercadillo-solidario-dundacion-aladina-finca-el-campillo.jpg\" alt=\"Oui Oui-pop up-mercadillo solidario-dundacion aladina-finca el campillo\" width=\"640\" height=\"640\" \/><\/a><\/p>\n<p>Y el s\u00e1bado\u00a025 hacemos doblete!, nos subimos \u00a0a la fant\u00e1stica <strong>Finca El Campillo<\/strong>, en San Lorenzo de El Escorial para participar en el <strong>II Mercadillo Solidario<\/strong> a favor de la <strong>Fundaci\u00f3n Aladina.<\/strong>Nos subiremos una gran selecci\u00f3n de <strong>productos de decoraci\u00f3n, bodas y fiestas!<\/strong><\/p>\n<p><strong>+ datos: \u00a0 \u00a0<\/strong><\/p>\n<p>Finca el Campillo<\/p>\n<p>Carretera M-600 km. 1,8\u00a0 (subiendo por la A6)<\/p>\n<p>San Lorenzo de El Escorial, Madrid<\/p>\n<p>S\u00e1bado 25 de abril de 11 a 20h.<\/p>\n<p style=\"text-align: center;\"><strong>Os esperamos, no nos fall\u00e9is!<\/strong><\/p>\n","protected":false},"excerpt":{"rendered":"<p>Casualidades de la vida, se nos han juntado este mes un mont\u00f3n de propuestas interesantes y no hemos podido decir que no! As\u00ed que os esperamos en todas! (o al menos en alguna&#8230;je,je) THE GOOD MARKET Este fin de semana; s\u00e1bado 18 y domingo 19 estaremos en \u00abThe Good Market\u00bb en su segunda edici\u00f3n (ya [&hellip;]<\/p>\n","protected":false},"author":1,"featured_media":3129,"comment_status":"open","ping_status":"open","sticky":false,"template":"","format":"standard","meta":{"jetpack_post_was_ever_published":false,"_jetpack_newsletter_access":"","_jetpack_dont_email_post_to_subs":false,"_jetpack_newsletter_tier_id":0,"_jetpack_memberships_contains_paywalled_content":false,"_jetpack_memberships_contains_paid_content":false,"footnotes":"","jetpack_publicize_message":"","jetpack_publicize_feature_enabled":true,"jetpack_social_post_already_shared":false,"jetpack_social_options":{"image_generator_settings":{"template":"highway","default_image_id":0,"font":"","enabled":false},"version":2}},"categories":[13],"tags":[],"class_list":["post-2084","post","type-post","status-publish","format-standard","has-post-thumbnail","hentry","category-oui-oui"],"aioseo_notices":[],"jetpack_publicize_connections":[],"jetpack_featured_media_url":"https:\/\/oui-oui.es\/blog\/wp-content\/uploads\/2015\/04\/oui-oui-detalles-decoracic3b3n-puertas-ratoncito-pc3a9rez-marc3ada-gijc3b3n-32.jpg","jetpack_sharing_enabled":true,"jetpack-related-posts":[{"id":4635,"url":"https:\/\/oui-oui.es\/blog\/3-cosas-para-las-que-sirve-un-sacude-alfombras\/","url_meta":{"origin":2084,"position":0},"title":"3 cosas para las que sirve un sacude alfombras","author":"Mar\u00eda \u2665Oui Oui\u2665","date":"12 julio, 2016","format":false,"excerpt":"Uno de los recuerdos que tengo de peque\u00f1a es cuando \"recog\u00edamos y limpi\u00e1bamos\" la casa con mi madre, muy Montessori, cada uno eleg\u00eda la tarea que m\u00e1s le gustase y yo siempre me ped\u00eda pasar el plumero y sacudir los cojines de los sof\u00e1s (por otro lado, dos tareas bastante\u2026","rel":"","context":"En \u00abDECORACI\u00d3N\u00bb","block_context":{"text":"DECORACI\u00d3N","link":"https:\/\/oui-oui.es\/blog\/category\/decoracion-de-casa\/"},"img":{"alt_text":"","src":"https:\/\/i0.wp.com\/oui-oui.es\/blog\/wp-content\/uploads\/2016\/07\/Oui-Oui-sacude-alfombras-vintage.jpg?resize=350%2C200&ssl=1","width":350,"height":200},"classes":[]},{"id":3835,"url":"https:\/\/oui-oui.es\/blog\/bizcochos-diferentes-un-bizcocho-para-teo\/","url_meta":{"origin":2084,"position":1},"title":"Bizcochos diferentes | Un bizcocho para Teo","author":"Mar\u00eda \u2665Oui Oui\u2665","date":"27 noviembre, 2015","format":false,"excerpt":"Hab\u00eda o\u00eddo hablar de ellos pero no fue hasta la semana pasada que los vi en directo y me conquistaron...Porque est\u00e1n buen\u00edsimos, pero sobretodo, por su original, a la vez que sencilla, puesta en escena y presentaci\u00f3n. Detr\u00e1s de Un bizcocho para Teo est\u00e1n Blanca, su marido y, por supuesto;\u2026","rel":"","context":"En \u00abA una futura o reciente mam\u00e1\u00bb","block_context":{"text":"A una futura o reciente mam\u00e1","link":"https:\/\/oui-oui.es\/blog\/category\/no-se-que-regalar\/a-una-futura-o-reciente-mama\/"},"img":{"alt_text":"","src":"https:\/\/i0.wp.com\/oui-oui.es\/blog\/wp-content\/uploads\/2015\/11\/Oui-Oui-sandwich-red-velvet-un-bizcocho-para-teo.jpg?resize=350%2C200&ssl=1","width":350,"height":200,"srcset":"https:\/\/i0.wp.com\/oui-oui.es\/blog\/wp-content\/uploads\/2015\/11\/Oui-Oui-sandwich-red-velvet-un-bizcocho-para-teo.jpg?resize=350%2C200&ssl=1 1x, https:\/\/i0.wp.com\/oui-oui.es\/blog\/wp-content\/uploads\/2015\/11\/Oui-Oui-sandwich-red-velvet-un-bizcocho-para-teo.jpg?resize=525%2C300&ssl=1 1.5x"},"classes":[]},{"id":5389,"url":"https:\/\/oui-oui.es\/blog\/organic-market-food-el-ultimo-place-to-be\/","url_meta":{"origin":2084,"position":2},"title":"Organic Market &#038; Food el \u00faltimo place to be","author":"Mar\u00eda \u2665Oui Oui\u2665","date":"12 mayo, 2017","format":false,"excerpt":"Hoy os traigo al blog un espacio que tiene a todo el barrio revolucionado, se trata de ORGANIC MARKET & FOOD. Un multiespacio que es cafeter\u00eda-restaurante-tienda-mercado y, adem\u00e1s, \u00a1tiene espacio para ni\u00f1os y una preciosa terraza! Yo estuve desayunando el otro d\u00eda (buen\u00edsima la limonada de lima y hierbabuena y\u2026","rel":"","context":"En \u00abLA GU\u00cdA DE MAR\u00cdA\u00bb","block_context":{"text":"LA GU\u00cdA DE MAR\u00cdA","link":"https:\/\/oui-oui.es\/blog\/category\/la-guia-de-maria\/"},"img":{"alt_text":"","src":"https:\/\/i0.wp.com\/oui-oui.es\/blog\/wp-content\/uploads\/2017\/05\/Oui-Oui-organic-market-restaurante-organico-serrano-restaurante-organico-chamartin-restaurante-ni%C3%B1os-chamartin-5.jpg?resize=350%2C200&ssl=1","width":350,"height":200,"srcset":"https:\/\/i0.wp.com\/oui-oui.es\/blog\/wp-content\/uploads\/2017\/05\/Oui-Oui-organic-market-restaurante-organico-serrano-restaurante-organico-chamartin-restaurante-ni%C3%B1os-chamartin-5.jpg?resize=350%2C200&ssl=1 1x, https:\/\/i0.wp.com\/oui-oui.es\/blog\/wp-content\/uploads\/2017\/05\/Oui-Oui-organic-market-restaurante-organico-serrano-restaurante-organico-chamartin-restaurante-ni%C3%B1os-chamartin-5.jpg?resize=525%2C300&ssl=1 1.5x, https:\/\/i0.wp.com\/oui-oui.es\/blog\/wp-content\/uploads\/2017\/05\/Oui-Oui-organic-market-restaurante-organico-serrano-restaurante-organico-chamartin-restaurante-ni%C3%B1os-chamartin-5.jpg?resize=700%2C400&ssl=1 2x, https:\/\/i0.wp.com\/oui-oui.es\/blog\/wp-content\/uploads\/2017\/05\/Oui-Oui-organic-market-restaurante-organico-serrano-restaurante-organico-chamartin-restaurante-ni%C3%B1os-chamartin-5.jpg?resize=1050%2C600&ssl=1 3x, https:\/\/i0.wp.com\/oui-oui.es\/blog\/wp-content\/uploads\/2017\/05\/Oui-Oui-organic-market-restaurante-organico-serrano-restaurante-organico-chamartin-restaurante-ni%C3%B1os-chamartin-5.jpg?resize=1400%2C800&ssl=1 4x"},"classes":[]},{"id":731,"url":"https:\/\/oui-oui.es\/blog\/diamantes-flores\/","url_meta":{"origin":2084,"position":3},"title":"Diamantes &#038; Flores","author":"Mar\u00eda \u2665Oui Oui\u2665","date":"24 mayo, 2013","format":false,"excerpt":"Hace justo una semana tuve la suerte de acudir a la presentaci\u00f3n de la Colecci\u00f3n Grace de Su\u00e1rez. El plan no pod\u00eda ser m\u00e1s apetecible...Nos convocaron con un Save the Date secreto en el que lo \u00fanico que sab\u00edamos era que pasar\u00edamos el d\u00eda entero por ah\u00ed y que el\u2026","rel":"","context":"En \u00abBoda\u00bb","block_context":{"text":"Boda","link":"https:\/\/oui-oui.es\/blog\/category\/fiestas-celebraciones\/boda\/"},"img":{"alt_text":"","src":"https:\/\/i0.wp.com\/oui-oui.es\/blog\/wp-content\/uploads\/oui-oui-coleccion-grace-joyeria-suc3a1rez-corona-perlas-diamantes-espigas.jpg?resize=350%2C200&ssl=1","width":350,"height":200,"srcset":"https:\/\/i0.wp.com\/oui-oui.es\/blog\/wp-content\/uploads\/oui-oui-coleccion-grace-joyeria-suc3a1rez-corona-perlas-diamantes-espigas.jpg?resize=350%2C200&ssl=1 1x, https:\/\/i0.wp.com\/oui-oui.es\/blog\/wp-content\/uploads\/oui-oui-coleccion-grace-joyeria-suc3a1rez-corona-perlas-diamantes-espigas.jpg?resize=525%2C300&ssl=1 1.5x, https:\/\/i0.wp.com\/oui-oui.es\/blog\/wp-content\/uploads\/oui-oui-coleccion-grace-joyeria-suc3a1rez-corona-perlas-diamantes-espigas.jpg?resize=700%2C400&ssl=1 2x, https:\/\/i0.wp.com\/oui-oui.es\/blog\/wp-content\/uploads\/oui-oui-coleccion-grace-joyeria-suc3a1rez-corona-perlas-diamantes-espigas.jpg?resize=1050%2C600&ssl=1 3x, https:\/\/i0.wp.com\/oui-oui.es\/blog\/wp-content\/uploads\/oui-oui-coleccion-grace-joyeria-suc3a1rez-corona-perlas-diamantes-espigas.jpg?resize=1400%2C800&ssl=1 4x"},"classes":[]},{"id":2495,"url":"https:\/\/oui-oui.es\/blog\/las-puertas-del-ratoncito-perez-de-mayo\/","url_meta":{"origin":2084,"position":4},"title":"Las puertas del ratoncito P\u00e9rez de mayo","author":"Mar\u00eda \u2665Oui Oui\u2665","date":"1 junio, 2015","format":false,"excerpt":"\u00a0 Creo que me he saltado un par de meses porque hemos tenido mucho l\u00edo, pero no quer\u00eda dejar de ense\u00f1aros por aqu\u00ed alguna de las puertas para el ratoncito P\u00e9rez que hemos hecho este mes, como sab\u00e9is, las hacemos personalizadas\u00a0con el n\u00famero o nombre que quer\u00e1is, as\u00ed como con\u2026","rel":"","context":"En \u00abNI\u00d1OS Y NI\u00d1AS\u00bb","block_context":{"text":"NI\u00d1OS Y NI\u00d1AS","link":"https:\/\/oui-oui.es\/blog\/category\/ninos\/"},"img":{"alt_text":"","src":"https:\/\/i0.wp.com\/oui-oui.es\/blog\/wp-content\/uploads\/2015\/06\/oui-oui-edicion-especial-puerta-ratocnito-pc3a9rez-san-isidro-puerta-chulapa.jpg?resize=350%2C200&ssl=1","width":350,"height":200},"classes":[]},{"id":4885,"url":"https:\/\/oui-oui.es\/blog\/como-loca-con-el-dash-button\/","url_meta":{"origin":2084,"position":5},"title":"Como loca con el Dash Button","author":"Mar\u00eda \u2665Oui Oui\u2665","date":"14 noviembre, 2016","format":false,"excerpt":"\u00bfNo sabes lo que es el Dash Button de Amazon? \u00a1pues te lo cuento! se trata de un pr\u00e1ctico dispositivo wifi que permite realizar pedidos de sus productos preferidos solamente pulsando un bot\u00f3n, el primer paso de la compra inteligente. Es decir, pegas el bot\u00f3n cerca de la despensa, lavadora\u2026","rel":"","context":"En \u00abESTILO DE VIDA\u00bb","block_context":{"text":"ESTILO DE VIDA","link":"https:\/\/oui-oui.es\/blog\/category\/lifestyle-2\/"},"img":{"alt_text":"","src":"https:\/\/i0.wp.com\/oui-oui.es\/blog\/wp-content\/uploads\/2016\/11\/Oui-Oui-dash-button-espa%C3%B1a-dash-button-fairy.jpg?resize=350%2C200&ssl=1","width":350,"height":200,"srcset":"https:\/\/i0.wp.com\/oui-oui.es\/blog\/wp-content\/uploads\/2016\/11\/Oui-Oui-dash-button-espa%C3%B1a-dash-button-fairy.jpg?resize=350%2C200&ssl=1 1x, https:\/\/i0.wp.com\/oui-oui.es\/blog\/wp-content\/uploads\/2016\/11\/Oui-Oui-dash-button-espa%C3%B1a-dash-button-fairy.jpg?resize=525%2C300&ssl=1 1.5x, https:\/\/i0.wp.com\/oui-oui.es\/blog\/wp-content\/uploads\/2016\/11\/Oui-Oui-dash-button-espa%C3%B1a-dash-button-fairy.jpg?resize=700%2C400&ssl=1 2x, https:\/\/i0.wp.com\/oui-oui.es\/blog\/wp-content\/uploads\/2016\/11\/Oui-Oui-dash-button-espa%C3%B1a-dash-button-fairy.jpg?resize=1050%2C600&ssl=1 3x, https:\/\/i0.wp.com\/oui-oui.es\/blog\/wp-content\/uploads\/2016\/11\/Oui-Oui-dash-button-espa%C3%B1a-dash-button-fairy.jpg?resize=1400%2C800&ssl=1 4x"},"classes":[]}],"_links":{"self":[{"href":"https:\/\/oui-oui.es\/blog\/wp-json\/wp\/v2\/posts\/2084","targetHints":{"allow":["GET"]}}],"collection":[{"href":"https:\/\/oui-oui.es\/blog\/wp-json\/wp\/v2\/posts"}],"about":[{"href":"https:\/\/oui-oui.es\/blog\/wp-json\/wp\/v2\/types\/post"}],"author":[{"embeddable":true,"href":"https:\/\/oui-oui.es\/blog\/wp-json\/wp\/v2\/users\/1"}],"replies":[{"embeddable":true,"href":"https:\/\/oui-oui.es\/blog\/wp-json\/wp\/v2\/comments?post=2084"}],"version-history":[{"count":1,"href":"https:\/\/oui-oui.es\/blog\/wp-json\/wp\/v2\/posts\/2084\/revisions"}],"predecessor-version":[{"id":3130,"href":"https:\/\/oui-oui.es\/blog\/wp-json\/wp\/v2\/posts\/2084\/revisions\/3130"}],"wp:featuredmedia":[{"embeddable":true,"href":"https:\/\/oui-oui.es\/blog\/wp-json\/wp\/v2\/media\/3129"}],"wp:attachment":[{"href":"https:\/\/oui-oui.es\/blog\/wp-json\/wp\/v2\/media?parent=2084"}],"wp:term":[{"taxonomy":"category","embeddable":true,"href":"https:\/\/oui-oui.es\/blog\/wp-json\/wp\/v2\/categories?post=2084"},{"taxonomy":"post_tag","embeddable":true,"href":"https:\/\/oui-oui.es\/blog\/wp-json\/wp\/v2\/tags?post=2084"}],"curies":[{"name":"wp","href":"https:\/\/api.w.org\/{rel}","templated":true}]}}