{"id":2092,"date":"2015-04-22T00:01:58","date_gmt":"2015-04-21T22:01:58","guid":{"rendered":"https:\/\/ouiouiblog.wordpress.com\/?p=2092"},"modified":"2015-09-02T12:35:26","modified_gmt":"2015-09-02T10:35:26","slug":"nueva-fijacion-el-marmol-blanco","status":"publish","type":"post","link":"https:\/\/oui-oui.es\/blog\/nueva-fijacion-el-marmol-blanco\/","title":{"rendered":"Nueva fijaci\u00f3n: el m\u00e1rmol blanco"},"content":{"rendered":"<p><a href=\"https:\/\/es.pinterest.com\/ouiouidetalles\/m%C3%A1rmol-que-te-quiero-m%C3%A1rmol\/\"><img loading=\"lazy\" decoding=\"async\" class=\" size-full wp-image-2099 alignnone\" src=\"https:\/\/ouiouiblog.files.wordpress.com\/2015\/04\/oui-oui-tendencia-marmol-blanco-decoracion-marmol-blanco-7.jpg\" alt=\"OUI OUI-tendencia marmol blanco-decoracion marmol blanco (7)\" width=\"636\" height=\"897\" \/><\/a><\/p>\n<p>El <strong>m\u00e1rmol blanco, clarito, con poca veta<\/strong>, llevo meses con \u00e9l en la cabeza&#8230;me har\u00eda una <strong>mesa baja para el sal\u00f3n<\/strong>, pero por el peligro de que Mart\u00edn se abra la cabeza de momento me dejo tentar por peque\u00f1os objetos; una <strong>tabla de cortar<\/strong> (que Mart\u00edn tir\u00f3 al suelo y se parti\u00f3, as\u00ed que tendr\u00e9 que volver a compr\u00e1rmela), <strong>una bandeja, un vaso&#8230;<\/strong><\/p>\n<p><a href=\"https:\/\/ouiouiblog.files.wordpress.com\/2015\/04\/oui-oui-tendencia-marmol-blanco-decoracion-marmol-blanco-16.jpg\"><img loading=\"lazy\" decoding=\"async\" class=\"aligncenter size-full wp-image-2108\" src=\"https:\/\/ouiouiblog.files.wordpress.com\/2015\/04\/oui-oui-tendencia-marmol-blanco-decoracion-marmol-blanco-16.jpg\" alt=\"OUI OUI-tendencia marmol blanco-decoracion marmol blanco (16)\" width=\"636\" height=\"954\" \/><\/a><\/p>\n<p><a href=\"https:\/\/ouiouiblog.files.wordpress.com\/2015\/04\/oui-oui-tendencia-marmol-blanco-decoracion-marmol-blanco-14.jpg\"><img loading=\"lazy\" decoding=\"async\" class=\"aligncenter size-full wp-image-2106\" src=\"https:\/\/ouiouiblog.files.wordpress.com\/2015\/04\/oui-oui-tendencia-marmol-blanco-decoracion-marmol-blanco-14.jpg\" alt=\"OUI OUI-tendencia marmol blanco-decoracion marmol blanco (14)\" width=\"612\" height=\"800\" \/><\/a><\/p>\n<p><a href=\"https:\/\/ouiouiblog.files.wordpress.com\/2015\/04\/oui-oui-tendencia-marmol-blanco-decoracion-marmol-blanco-8.jpg\"><img loading=\"lazy\" decoding=\"async\" class=\"aligncenter size-full wp-image-2100\" src=\"https:\/\/ouiouiblog.files.wordpress.com\/2015\/04\/oui-oui-tendencia-marmol-blanco-decoracion-marmol-blanco-8.jpg\" alt=\"OUI OUI-tendencia marmol blanco-decoracion marmol blanco (8)\" width=\"426\" height=\"640\" \/><\/a><\/p>\n<p><a href=\"https:\/\/ouiouiblog.files.wordpress.com\/2015\/04\/oui-oui-tendencia-marmol-blanco-decoracion-marmol-blanco-6.jpg\"><img loading=\"lazy\" decoding=\"async\" class=\"aligncenter size-full wp-image-2098\" src=\"https:\/\/ouiouiblog.files.wordpress.com\/2015\/04\/oui-oui-tendencia-marmol-blanco-decoracion-marmol-blanco-6.jpg\" alt=\"OUI OUI-tendencia marmol blanco-decoracion marmol blanco (6)\" width=\"600\" height=\"900\" \/><\/a><\/p>\n<p>De momento me recreo con esta selecci\u00f3n que he hecho en <em><a href=\"https:\/\/es.pinterest.com\/ouiouidetalles\/m%C3%A1rmol-que-te-quiero-m%C3%A1rmol\/\" target=\"_blank\">Pinterest <\/a><\/em>por si en un \u00a0futuro puedo cambiar<strong> la cocina<\/strong>.<\/p>\n<p><a href=\"https:\/\/ouiouiblog.files.wordpress.com\/2015\/04\/oui-oui-tendencia-marmol-blanco-decoracion-marmol-blanco-15.jpg\"><img loading=\"lazy\" decoding=\"async\" class=\"aligncenter size-full wp-image-2107\" src=\"https:\/\/ouiouiblog.files.wordpress.com\/2015\/04\/oui-oui-tendencia-marmol-blanco-decoracion-marmol-blanco-15.jpg\" alt=\"OUI OUI-tendencia marmol blanco-decoracion marmol blanco (15)\" width=\"600\" height=\"900\" \/><\/a><\/p>\n<p><a href=\"https:\/\/ouiouiblog.files.wordpress.com\/2015\/04\/oui-oui-tendencia-marmol-blanco-decoracion-marmol-blanco-12.jpg\"><img loading=\"lazy\" decoding=\"async\" class=\"aligncenter size-full wp-image-2104\" src=\"https:\/\/ouiouiblog.files.wordpress.com\/2015\/04\/oui-oui-tendencia-marmol-blanco-decoracion-marmol-blanco-12.jpg\" alt=\"OUI OUI-tendencia marmol blanco-decoracion marmol blanco (12)\" width=\"636\" height=\"955\" \/><\/a><\/p>\n<p><a href=\"https:\/\/ouiouiblog.files.wordpress.com\/2015\/04\/oui-oui-tendencia-marmol-blanco-decoracion-marmol-blanco-9.jpg\"><img loading=\"lazy\" decoding=\"async\" class=\"aligncenter size-full wp-image-2101\" src=\"https:\/\/ouiouiblog.files.wordpress.com\/2015\/04\/oui-oui-tendencia-marmol-blanco-decoracion-marmol-blanco-9.jpg\" alt=\"OUI OUI-tendencia marmol blanco-decoracion marmol blanco (9)\" width=\"540\" height=\"804\" \/><\/a><\/p>\n<p><a href=\"https:\/\/ouiouiblog.files.wordpress.com\/2015\/04\/oui-oui-tendencia-marmol-blanco-decoracion-marmol-blanco-4.jpg\"><img loading=\"lazy\" decoding=\"async\" class=\"aligncenter size-full wp-image-2096\" src=\"https:\/\/ouiouiblog.files.wordpress.com\/2015\/04\/oui-oui-tendencia-marmol-blanco-decoracion-marmol-blanco-4.jpg\" alt=\"OUI OUI-tendencia marmol blanco-decoracion marmol blanco (4)\" width=\"360\" height=\"450\" \/><\/a><\/p>\n<p><a href=\"https:\/\/ouiouiblog.files.wordpress.com\/2015\/04\/oui-oui-tendencia-marmol-blanco-decoracion-marmol-blanco-3.jpg\"><img loading=\"lazy\" decoding=\"async\" class=\"aligncenter size-full wp-image-2095\" src=\"https:\/\/ouiouiblog.files.wordpress.com\/2015\/04\/oui-oui-tendencia-marmol-blanco-decoracion-marmol-blanco-3.jpg\" alt=\"OUI OUI-tendencia marmol blanco-decoracion marmol blanco (3)\" width=\"600\" height=\"900\" \/><\/a><\/p>\n<p><a href=\"https:\/\/ouiouiblog.files.wordpress.com\/2015\/04\/oui-oui-tendencia-marmol-blanco-decoracion-marmol-blanco-2.jpg\"><img loading=\"lazy\" decoding=\"async\" class=\"aligncenter size-full wp-image-2094\" src=\"https:\/\/ouiouiblog.files.wordpress.com\/2015\/04\/oui-oui-tendencia-marmol-blanco-decoracion-marmol-blanco-2.jpg\" alt=\"OUI OUI-tendencia marmol blanco-decoracion marmol blanco (2)\" width=\"636\" height=\"852\" \/><\/a><\/p>\n<p><a href=\"https:\/\/ouiouiblog.files.wordpress.com\/2015\/04\/oui-oui-tendencia-marmol-blanco-decoracion-marmol-blanco-1.jpg\"><img loading=\"lazy\" decoding=\"async\" class=\"aligncenter size-full wp-image-2093\" src=\"https:\/\/ouiouiblog.files.wordpress.com\/2015\/04\/oui-oui-tendencia-marmol-blanco-decoracion-marmol-blanco-1.jpg\" alt=\"OUI OUI-tendencia marmol blanco-decoracion marmol blanco (1)\" width=\"585\" height=\"879\" \/><\/a><\/p>\n<p><strong>La mezcla con cobre es la bomba<\/strong><\/p>\n<p><a href=\"https:\/\/ouiouiblog.files.wordpress.com\/2015\/04\/oui-oui-tendencia-marmol-blanco-decoracion-marmol-blanco-10.jpg\"><img loading=\"lazy\" decoding=\"async\" class=\"aligncenter size-full wp-image-2102\" src=\"https:\/\/ouiouiblog.files.wordpress.com\/2015\/04\/oui-oui-tendencia-marmol-blanco-decoracion-marmol-blanco-10.jpg\" alt=\"OUI OUI-tendencia marmol blanco-decoracion marmol blanco (10)\" width=\"636\" height=\"944\" \/><\/a><\/p>\n<p><a href=\"https:\/\/ouiouiblog.files.wordpress.com\/2015\/04\/oui-oui-tendencia-marmol-blanco-decoracion-marmol-blanco-5.jpg\"><img loading=\"lazy\" decoding=\"async\" class=\"aligncenter size-full wp-image-2097\" src=\"https:\/\/ouiouiblog.files.wordpress.com\/2015\/04\/oui-oui-tendencia-marmol-blanco-decoracion-marmol-blanco-5.jpg\" alt=\"OUI OUI-tendencia marmol blanco-decoracion marmol blanco (5)\" width=\"636\" height=\"667\" \/><\/a><\/p>\n<p>Aqu\u00ed te muestran un <em>DIY<\/em> que en la foto tiene buena pinta, pero que <strong>olvida uno de los mejores aspectos del m\u00e1rmol&#8230;Su fresca textura.<\/strong><\/p>\n<p><a href=\"https:\/\/es.pinterest.com\/ouiouidetalles\/m%C3%A1rmol-que-te-quiero-m%C3%A1rmol\/\"><img loading=\"lazy\" decoding=\"async\" class=\"aligncenter size-full wp-image-2103\" src=\"https:\/\/ouiouiblog.files.wordpress.com\/2015\/04\/oui-oui-tendencia-marmol-blanco-decoracion-marmol-blanco-11.jpg\" alt=\"OUI OUI-tendencia marmol blanco-decoracion marmol blanco (11)\" width=\"625\" height=\"1913\" \/><\/a><\/p>\n<p>La semana pasada estuve en la <strong><em>Contemporary Shop<\/em><\/strong> de <strong>Madrid in Love<\/strong>; <strong>Mestizo<\/strong> y me qued\u00e9 enamorada de su mostrador de m\u00e1rmol blanco&#8230;Ay si tuviera una tienda f\u00edsica!<\/p>\n<p><a href=\"https:\/\/ouiouiblog.files.wordpress.com\/2015\/04\/oui-oui-mestizo-madrid-in-love-mostrador-marmol-marmol-blanco.jpg\"><img loading=\"lazy\" decoding=\"async\" class=\"aligncenter wp-image-2109 size-full\" src=\"https:\/\/ouiouiblog.files.wordpress.com\/2015\/04\/oui-oui-mestizo-madrid-in-love-mostrador-marmol-marmol-blanco.jpg\" alt=\"Oui Oui-mestizo madrid in love-mostrador marmol-marmol blanco\" width=\"479\" height=\"479\" \/><\/a><\/p>\n<p>\u00bfNo os parece ideal?<\/p>\n<p>&nbsp;<\/p>\n<p>&nbsp;<\/p>\n","protected":false},"excerpt":{"rendered":"<p>El m\u00e1rmol blanco, clarito, con poca veta, llevo meses con \u00e9l en la cabeza&#8230;me har\u00eda una mesa baja para el sal\u00f3n, pero por el peligro de que Mart\u00edn se abra la cabeza de momento me dejo tentar por peque\u00f1os objetos; una tabla de cortar (que Mart\u00edn tir\u00f3 al suelo y se parti\u00f3, as\u00ed que tendr\u00e9 [&hellip;]<\/p>\n","protected":false},"author":1,"featured_media":3121,"comment_status":"open","ping_status":"open","sticky":false,"template":"","format":"standard","meta":{"jetpack_post_was_ever_published":false,"_jetpack_newsletter_access":"","_jetpack_dont_email_post_to_subs":false,"_jetpack_newsletter_tier_id":0,"_jetpack_memberships_contains_paywalled_content":false,"_jetpack_memberships_contains_paid_content":false,"footnotes":"","jetpack_publicize_message":"","jetpack_publicize_feature_enabled":true,"jetpack_social_post_already_shared":false,"jetpack_social_options":{"image_generator_settings":{"template":"highway","default_image_id":0,"font":"","enabled":false},"version":2}},"categories":[177],"tags":[],"class_list":["post-2092","post","type-post","status-publish","format-standard","has-post-thumbnail","hentry","category-lifestyle-2"],"aioseo_notices":[],"jetpack_publicize_connections":[],"jetpack_featured_media_url":"https:\/\/oui-oui.es\/blog\/wp-content\/uploads\/2015\/04\/oui-oui-tendencia-marmol-blanco-decoracion-marmol-blanco-14.jpg","jetpack_sharing_enabled":true,"jetpack-related-posts":[{"id":10136,"url":"https:\/\/oui-oui.es\/blog\/decorar-la-cocina-en-negro\/","url_meta":{"origin":2092,"position":0},"title":"Decorar la cocina en negro","author":"Mar\u00eda \u2665Oui Oui\u2665","date":"20 septiembre, 2019","format":false,"excerpt":"Esta cocina sirvi\u00f3 de inspiraci\u00f3n para la m\u00eda Tengo pendiente compartir c\u00f3mo qued\u00f3 nuestra cocina tras la obra, pero, como a\u00fan faltan las l\u00e1mparas, prefiero que est\u00e9 todo para contarlo bien. Mientras, me apetec\u00eda hablaros de las cocinas en negro, aunque nosotros optamos por un azul oscuro, el negro fue\u2026","rel":"","context":"En \u00abDECORACI\u00d3N\u00bb","block_context":{"text":"DECORACI\u00d3N","link":"https:\/\/oui-oui.es\/blog\/category\/decoracion-de-casa\/"},"img":{"alt_text":"","src":"https:\/\/i0.wp.com\/oui-oui.es\/blog\/wp-content\/uploads\/2019\/09\/Oui-Oui-electrodomesticos-negro-mate-electrolux-horno-negro-mate-campana-negro-mate-3.jpg?resize=350%2C200&ssl=1","width":350,"height":200,"srcset":"https:\/\/i0.wp.com\/oui-oui.es\/blog\/wp-content\/uploads\/2019\/09\/Oui-Oui-electrodomesticos-negro-mate-electrolux-horno-negro-mate-campana-negro-mate-3.jpg?resize=350%2C200&ssl=1 1x, https:\/\/i0.wp.com\/oui-oui.es\/blog\/wp-content\/uploads\/2019\/09\/Oui-Oui-electrodomesticos-negro-mate-electrolux-horno-negro-mate-campana-negro-mate-3.jpg?resize=525%2C300&ssl=1 1.5x, https:\/\/i0.wp.com\/oui-oui.es\/blog\/wp-content\/uploads\/2019\/09\/Oui-Oui-electrodomesticos-negro-mate-electrolux-horno-negro-mate-campana-negro-mate-3.jpg?resize=700%2C400&ssl=1 2x, https:\/\/i0.wp.com\/oui-oui.es\/blog\/wp-content\/uploads\/2019\/09\/Oui-Oui-electrodomesticos-negro-mate-electrolux-horno-negro-mate-campana-negro-mate-3.jpg?resize=1050%2C600&ssl=1 3x, https:\/\/i0.wp.com\/oui-oui.es\/blog\/wp-content\/uploads\/2019\/09\/Oui-Oui-electrodomesticos-negro-mate-electrolux-horno-negro-mate-campana-negro-mate-3.jpg?resize=1400%2C800&ssl=1 4x"},"classes":[]},{"id":4058,"url":"https:\/\/oui-oui.es\/blog\/el-blanco-es-el-nuevo-negro\/","url_meta":{"origin":2092,"position":1},"title":"El blanco es el nuevo negro?","author":"Mar\u00eda \u2665Oui Oui\u2665","date":"11 febrero, 2016","format":false,"excerpt":"Si ten\u00edas ganas de vestirte de blanco pero no te vas a casar, este es tu a\u00f1o, el vestido blanco, inmaculado, vuelve como traje de noche, eso, s\u00ed, ligero, con una buena ca\u00edda y pocos a\u00f1adidos. Tres ejemplos; Marta Ortega y Vicky Mart\u00edn Berrocal coincidieron en estilo y color en\u2026","rel":"","context":"En \u00abESTILO DE VIDA\u00bb","block_context":{"text":"ESTILO DE VIDA","link":"https:\/\/oui-oui.es\/blog\/category\/lifestyle-2\/"},"img":{"alt_text":"","src":"https:\/\/i0.wp.com\/oui-oui.es\/blog\/wp-content\/uploads\/2016\/02\/OUi-Oui-tendencia-vestidos-blancos-vicky-martin-berrocal-y-marta-ortega_cumplea%C3%B1os-eugenia.jpg?resize=350%2C200&ssl=1","width":350,"height":200,"srcset":"https:\/\/i0.wp.com\/oui-oui.es\/blog\/wp-content\/uploads\/2016\/02\/OUi-Oui-tendencia-vestidos-blancos-vicky-martin-berrocal-y-marta-ortega_cumplea%C3%B1os-eugenia.jpg?resize=350%2C200&ssl=1 1x, https:\/\/i0.wp.com\/oui-oui.es\/blog\/wp-content\/uploads\/2016\/02\/OUi-Oui-tendencia-vestidos-blancos-vicky-martin-berrocal-y-marta-ortega_cumplea%C3%B1os-eugenia.jpg?resize=525%2C300&ssl=1 1.5x"},"classes":[]},{"id":4286,"url":"https:\/\/oui-oui.es\/blog\/un-cisne-en-la-habitacion\/","url_meta":{"origin":2092,"position":2},"title":"Un cisne en la habitaci\u00f3n","author":"Mar\u00eda \u2665Oui Oui\u2665","date":"11 mayo, 2016","format":false,"excerpt":"Hay veces que veo un producto en una feria por el mundo y, aunque tengo claro que lo quiero para Oui Oui, por h o por b se retrasa...Eso pas\u00f3 con la cabeza de cisne de fieltro, desde hace m\u00e1s de un a\u00f1o rondaba en mi cabeza y, cosas el\u2026","rel":"","context":"En \u00abNI\u00d1OS Y NI\u00d1AS\u00bb","block_context":{"text":"NI\u00d1OS Y NI\u00d1AS","link":"https:\/\/oui-oui.es\/blog\/category\/ninos\/"},"img":{"alt_text":"","src":"https:\/\/i0.wp.com\/oui-oui.es\/blog\/wp-content\/uploads\/2016\/05\/Oui-Oui-cabeza-cisne-fieltro-habitaci%C3%B3n-beb%C3%A9-pinterest-cuna-alta.jpg?resize=350%2C200&ssl=1","width":350,"height":200,"srcset":"https:\/\/i0.wp.com\/oui-oui.es\/blog\/wp-content\/uploads\/2016\/05\/Oui-Oui-cabeza-cisne-fieltro-habitaci%C3%B3n-beb%C3%A9-pinterest-cuna-alta.jpg?resize=350%2C200&ssl=1 1x, https:\/\/i0.wp.com\/oui-oui.es\/blog\/wp-content\/uploads\/2016\/05\/Oui-Oui-cabeza-cisne-fieltro-habitaci%C3%B3n-beb%C3%A9-pinterest-cuna-alta.jpg?resize=525%2C300&ssl=1 1.5x"},"classes":[]},{"id":3988,"url":"https:\/\/oui-oui.es\/blog\/todo-es-mejor-con-un-unicornio\/","url_meta":{"origin":2092,"position":3},"title":"Todo es mejor con un unicornio","author":"Mar\u00eda \u2665Oui Oui\u2665","date":"29 enero, 2016","format":false,"excerpt":"Recuerdo cuando el a\u00f1o pasado me fui a Singapur y le dije a mi amiga Ester \"tenemos que encontrar cosas de unicornios, son mi nueva obsesi\u00f3n\", en esos momentos en Oui Oui ya ten\u00edamos el platito unicornio y una cabeza de unicornio de cart\u00f3n, pero yo quer\u00eda m\u00e1s! Poco a\u2026","rel":"","context":"En \u00abFIESTAS y CELEBRACIONES\u00bb","block_context":{"text":"FIESTAS y CELEBRACIONES","link":"https:\/\/oui-oui.es\/blog\/category\/fiestas-celebraciones\/"},"img":{"alt_text":"","src":"https:\/\/i0.wp.com\/oui-oui.es\/blog\/wp-content\/uploads\/2016\/01\/Oui-Oui-filetes-de-unicornio-unicorn-filets-tendencia-unicornios-logo.jpg?resize=350%2C200&ssl=1","width":350,"height":200,"srcset":"https:\/\/i0.wp.com\/oui-oui.es\/blog\/wp-content\/uploads\/2016\/01\/Oui-Oui-filetes-de-unicornio-unicorn-filets-tendencia-unicornios-logo.jpg?resize=350%2C200&ssl=1 1x, https:\/\/i0.wp.com\/oui-oui.es\/blog\/wp-content\/uploads\/2016\/01\/Oui-Oui-filetes-de-unicornio-unicorn-filets-tendencia-unicornios-logo.jpg?resize=525%2C300&ssl=1 1.5x, https:\/\/i0.wp.com\/oui-oui.es\/blog\/wp-content\/uploads\/2016\/01\/Oui-Oui-filetes-de-unicornio-unicorn-filets-tendencia-unicornios-logo.jpg?resize=700%2C400&ssl=1 2x, https:\/\/i0.wp.com\/oui-oui.es\/blog\/wp-content\/uploads\/2016\/01\/Oui-Oui-filetes-de-unicornio-unicorn-filets-tendencia-unicornios-logo.jpg?resize=1050%2C600&ssl=1 3x, https:\/\/i0.wp.com\/oui-oui.es\/blog\/wp-content\/uploads\/2016\/01\/Oui-Oui-filetes-de-unicornio-unicorn-filets-tendencia-unicornios-logo.jpg?resize=1400%2C800&ssl=1 4x"},"classes":[]},{"id":9101,"url":"https:\/\/oui-oui.es\/blog\/decorar-con-cabezas-de-animales-de-peluche-con-cual-te-quedas\/","url_meta":{"origin":2092,"position":4},"title":"Decorar con cabezas de animales de peluche \u00bfCon cu\u00e1l te quedas?","author":"Mar\u00eda \u2665Oui Oui\u2665","date":"28 mayo, 2018","format":false,"excerpt":"Desde que empezamos a decorar la habitaci\u00f3n de Mart\u00edn ten\u00eda claro que quer\u00f1ia poner una cabeza de animal de peluche, me decant\u00e9 por la cabeza de peluche de elefante (de hecho, en una maqueta-mini mundo que le encargu\u00e9 a Rebeca de Terr\u00f3n de Az\u00facar y que result\u00f3 ser s\u00faper sorpresa,\u2026","rel":"","context":"En \u00abNI\u00d1OS Y NI\u00d1AS\u00bb","block_context":{"text":"NI\u00d1OS Y NI\u00d1AS","link":"https:\/\/oui-oui.es\/blog\/category\/ninos\/"},"img":{"alt_text":"","src":"https:\/\/i0.wp.com\/oui-oui.es\/blog\/wp-content\/uploads\/2018\/05\/Oui-Oui-cabezas-de-peluche-con-tocados-Rita-Von-Foto-Elena-Bau-3.jpg?resize=350%2C200&ssl=1","width":350,"height":200,"srcset":"https:\/\/i0.wp.com\/oui-oui.es\/blog\/wp-content\/uploads\/2018\/05\/Oui-Oui-cabezas-de-peluche-con-tocados-Rita-Von-Foto-Elena-Bau-3.jpg?resize=350%2C200&ssl=1 1x, https:\/\/i0.wp.com\/oui-oui.es\/blog\/wp-content\/uploads\/2018\/05\/Oui-Oui-cabezas-de-peluche-con-tocados-Rita-Von-Foto-Elena-Bau-3.jpg?resize=525%2C300&ssl=1 1.5x, https:\/\/i0.wp.com\/oui-oui.es\/blog\/wp-content\/uploads\/2018\/05\/Oui-Oui-cabezas-de-peluche-con-tocados-Rita-Von-Foto-Elena-Bau-3.jpg?resize=700%2C400&ssl=1 2x, https:\/\/i0.wp.com\/oui-oui.es\/blog\/wp-content\/uploads\/2018\/05\/Oui-Oui-cabezas-de-peluche-con-tocados-Rita-Von-Foto-Elena-Bau-3.jpg?resize=1050%2C600&ssl=1 3x, https:\/\/i0.wp.com\/oui-oui.es\/blog\/wp-content\/uploads\/2018\/05\/Oui-Oui-cabezas-de-peluche-con-tocados-Rita-Von-Foto-Elena-Bau-3.jpg?resize=1400%2C800&ssl=1 4x"},"classes":[]},{"id":973,"url":"https:\/\/oui-oui.es\/blog\/una-historia-detras-de-cada-puerta-para-el-ratoncito-perez\/","url_meta":{"origin":2092,"position":5},"title":"Una historia detr\u00e1s de cada Puerta para el ratoncito P\u00e9rez","author":"Mar\u00eda \u2665Oui Oui\u2665","date":"25 octubre, 2013","format":false,"excerpt":"Me encanta imaginar la habitaci\u00f3n de cada ni\u00f1o o ni\u00f1a que ya tiene su puerta del ratoncito P\u00e9rez, d\u00f3nde la habr\u00e1 colocado, si la mirar\u00e1n con asombro o si inventan historias sobre el ratoncito mientras no hay diente en vilo, o, mejor a\u00fan, la noche de la espera, y cuando\u2026","rel":"","context":"En \u00abPUERTAS RATONCITO P\u00c9REZ\u00bb","block_context":{"text":"PUERTAS RATONCITO P\u00c9REZ","link":"https:\/\/oui-oui.es\/blog\/category\/puertas-para-el-ratoncito-perez\/"},"img":{"alt_text":"","src":"https:\/\/i0.wp.com\/oui-oui.es\/blog\/wp-content\/uploads\/oui-oui-puerta-inglesa-mint-martc3adn.jpg?resize=350%2C200&ssl=1","width":350,"height":200,"srcset":"https:\/\/i0.wp.com\/oui-oui.es\/blog\/wp-content\/uploads\/oui-oui-puerta-inglesa-mint-martc3adn.jpg?resize=350%2C200&ssl=1 1x, https:\/\/i0.wp.com\/oui-oui.es\/blog\/wp-content\/uploads\/oui-oui-puerta-inglesa-mint-martc3adn.jpg?resize=525%2C300&ssl=1 1.5x"},"classes":[]}],"_links":{"self":[{"href":"https:\/\/oui-oui.es\/blog\/wp-json\/wp\/v2\/posts\/2092","targetHints":{"allow":["GET"]}}],"collection":[{"href":"https:\/\/oui-oui.es\/blog\/wp-json\/wp\/v2\/posts"}],"about":[{"href":"https:\/\/oui-oui.es\/blog\/wp-json\/wp\/v2\/types\/post"}],"author":[{"embeddable":true,"href":"https:\/\/oui-oui.es\/blog\/wp-json\/wp\/v2\/users\/1"}],"replies":[{"embeddable":true,"href":"https:\/\/oui-oui.es\/blog\/wp-json\/wp\/v2\/comments?post=2092"}],"version-history":[{"count":1,"href":"https:\/\/oui-oui.es\/blog\/wp-json\/wp\/v2\/posts\/2092\/revisions"}],"predecessor-version":[{"id":3122,"href":"https:\/\/oui-oui.es\/blog\/wp-json\/wp\/v2\/posts\/2092\/revisions\/3122"}],"wp:featuredmedia":[{"embeddable":true,"href":"https:\/\/oui-oui.es\/blog\/wp-json\/wp\/v2\/media\/3121"}],"wp:attachment":[{"href":"https:\/\/oui-oui.es\/blog\/wp-json\/wp\/v2\/media?parent=2092"}],"wp:term":[{"taxonomy":"category","embeddable":true,"href":"https:\/\/oui-oui.es\/blog\/wp-json\/wp\/v2\/categories?post=2092"},{"taxonomy":"post_tag","embeddable":true,"href":"https:\/\/oui-oui.es\/blog\/wp-json\/wp\/v2\/tags?post=2092"}],"curies":[{"name":"wp","href":"https:\/\/api.w.org\/{rel}","templated":true}]}}